{"id":37059,"date":"2021-01-19T14:26:04","date_gmt":"2021-01-19T13:26:04","guid":{"rendered":"https:\/\/www.szenik.eu\/?p=37059\/"},"modified":"2021-05-10T09:46:23","modified_gmt":"2021-05-10T07:46:23","slug":"schauspiel-stuttgart-das-lyriktelefon-geht-am-21-januar-wieder-auf-sendung","status":"publish","type":"post","link":"https:\/\/www.szenik.eu\/de\/schauspiel-stuttgart-das-lyriktelefon-geht-am-21-januar-wieder-auf-sendung-37059","title":{"rendered":"Schauspiel Stuttgart: Das Lyriktelefon geht in die letzte Runde"},"content":{"rendered":"\n<h2>Bevor das Ensemble des Schauspiels Stuttgart mit den Proben f\u00fcr die kommende Spielzeit beginnt, gibt es vom 10. bis 14. Mai die (vorerst) letzte M\u00f6glichkeit, sich live am Telefon Gedichte vortragen zu lassen.<\/h2>\n\n\n\n<div style=\"height:100px\" aria-hidden=\"true\" class=\"wp-block-spacer\"><\/div>\n\n\n\n<p><em>Pressemitteilung<\/em><\/p>\n\n\n\n<div style=\"height:100px\" aria-hidden=\"true\" class=\"wp-block-spacer\"><\/div>\n\n\n\n<p>Zum Abschluss erwartet die Zuh\u00f6rer*innen ein\u00a0\u201eBest of\u201c mit den Lieblingsgedichten der Schauspieler*innen\u00a0aus allen bisherigen Folgen.<\/p>\n\n\n\n<p>Freie Termine k\u00f6nnen wie immer \u00fcber die Website\u00a0www.schauspiel-stuttgart.de\/spielplan\u00a0gebucht werden. \u00dcber eine Spende freut sich nach wie vor die K\u00fcnstler*innen Soforthilfe Stuttgart.<\/p>\n\n\n\n<p>Das Lyriktelefon war am 25. Mai 2020 w\u00e4hrend der ersten Theaterschlie\u00dfung ins Leben gerufen worden, um Menschen im Lockdown eine Freude zu bereiten, \u00fcber fehlende Theaterbesuche hinwegzuhelfen und den Kontakt zum Publikum zu halten. Die erste Runde lief zun\u00e4chst bis zur Sommerpause am 24. Juli 2020. Anl\u00e4sslich des zweiten Lockdowns wurde die Aktion am 21. Januar 2021 wieder aufgenommen und ab dem 10. M\u00e4rz zus\u00e4tzlich durch das Lyriktelefon f\u00fcr Kinder erg\u00e4nzt.<\/p>\n\n\n\n<p>Insgesamt f\u00fchrten die Ensemblemitglieder rund 1.300 Telefonate mit Einzelpersonen jeglichen Alters, mit Paaren, Geburtstagsrunden, WGs und privaten Literaturkreisen. \u00dcberraschenderweise kamen die Zuh\u00f6rer*innen nicht nur aus Stuttgart oder der Region, sondern aus ganz Deutschland bzw. der ganzen Welt. So erfreute die Aktion selbst Lyrikbegeisterte in Schweden, Frankreich, S\u00fcdafrika, Gro\u00dfbritannien, Indien, Australien, Vietnam und den USA.<\/p>\n\n\n\n<p>In der Spielzeit 2020\/2021 war die kostenlose Terminbuchung verbunden mit dem Aufruf und der Bitte, an die K\u00fcnstler*innen Soforthilfe Stuttgart zu spenden. Dabei kamen ca. 5.000 Euro zur Unterst\u00fctzung freischaffender K\u00fcnstler*innen im Raum Stuttgart zusammen.<\/p>\n\n\n\n<p>Gelesen wurden Gedichte von <strong>Nelly Sachs<\/strong> und <strong>Friedrich H\u00f6lderlin, Gertrud Kolmar <\/strong>und <strong>Paul Celan, Inger Christensen, Rainer Maria Rilke<\/strong> und <strong>Hilde Domin, Erich K\u00e4stner<\/strong> und <strong>Mascha Kal\u00e9ko, Else Lasker-Sch\u00fcler <\/strong>und <strong>J\u00f6rg Fauser, Ingeborg Bachmann, Bertolt Brecht, Hans Magnus Enzensberger, Johann Wolfgang Goethe<\/strong> und <strong>Joseph von Eichendorff <\/strong>(Naturlyrik 1), <strong>Peter Huchel, Sarah Kirsch, Johannes Bobrowski<\/strong> und <strong>Richard Leising<\/strong> (Naturlyrik 2), <strong>Paul Maar, James Kr\u00fcss, Christian Morgenstern<\/strong> und anderen (Kinderlyrik).<\/p>\n\n\n\n<div style=\"height:47px\" aria-hidden=\"true\" class=\"wp-block-spacer\"><\/div>\n\n\n\n<blockquote class=\"wp-block-quote\"><p>\u201eDas Lyriktelefon war eine geniale Idee und die aseptischste Kontaktform mit dem Publikum. So nah und intim waren sich Spielende und Rezipienten noch nie. Was f\u00fcr ein Gl\u00fcck in dieser oft tristen Zeit. Ich erinnere mich noch, wie ich nach meiner `Premiere \u0301 beim Lyriktelefon an die Organisator*innen schrieb: `Gerade hatte ich meine ersten drei Anrufe beim Lyriktelefon und ich bin absolut begeistert. Ich war schon sehr lange nicht mehr aufgeregt vor einer `Premiere \u0301 und nun, da es vorbei ist, bin ich ganz befl\u00fcgelt und gl\u00fccklich. Es hat wahnsinnig Spa\u00df gemacht und dieser unglaublich nahe Kontakt (obwohl man sich doch so fern ist) war beeindruckend. Ich hatte sogar einen Hobby-Lepidopterologen am Telefon und eine Christensen-Expertin. Ich h\u00e4tte wirklich nicht gedacht, dass das mir so eine Freude bereitet und mich meinem Beruf wieder so nahebringt. Nach dem Parcours nun die n\u00e4chste spannende Erfahrung in einem anderen Umgang mit unserem so vermissten Publikum.\u201c<\/p><cite>Ensemblemitglied Valentin Richter<\/cite><\/blockquote>\n\n\n\n<div style=\"height:73px\" aria-hidden=\"true\" class=\"wp-block-spacer\"><\/div>\n\n\n\n<p class=\"has-text-align-center has-medium-font-size\"><strong>\u00dcber Spenden freut sich die\u00a0K\u00fcnstler*innen Soforthilfe Stuttgart: Empf\u00e4nger: Kultig e. V.<br>GLS Bank<\/strong><br><strong>IBAN: DE21 4306 0967 7005 4549 00<\/strong><br><strong>Betreff: \u201eK\u00fcnstlersoforthilfe\u201c<\/strong><\/p>\n\n\n\n<div style=\"height:100px\" aria-hidden=\"true\" class=\"wp-block-spacer\"><\/div>\n\n\n\n<div class=\"wp-block-button aligncenter\"><a class=\"wp-block-button__link has-text-color has-very-dark-gray-color has-background has-luminous-vivid-amber-background-color\" href=\"https:\/\/www.schauspiel-stuttgart.de\" target=\"_blank\" rel=\"noreferrer noopener\">Zur Website des Schauspiel Stuttgart<\/a><\/div>\n\n\n\n<div style=\"height:100px\" aria-hidden=\"true\" class=\"wp-block-spacer\"><\/div>\n\n\n\n<p class=\"has-small-font-size\">Foto: Bj\u00f6rn Klein<\/p>\n\n\n\n<div style=\"height:100px\" aria-hidden=\"true\" class=\"wp-block-spacer\"><\/div>\n","protected":false},"excerpt":{"rendered":"<p>Bevor das Ensemble des Schauspiels Stuttgart mit den Proben f\u00fcr die kommende Spielzeit beginnt, gibt es vom 10. bis 14. Mai die (vorerst) letzte M\u00f6glichkeit, sich live am Telefon Gedichte vortragen zu lassen. Pressemitteilung Zum Abschluss erwartet die Zuh\u00f6rer*innen ein\u00a0\u201eBest of\u201c mit den Lieblingsgedichten der Schauspieler*innen\u00a0aus allen bisherigen Folgen. Freie Termine k\u00f6nnen wie immer \u00fcber [&hellip;]<\/p>\n","protected":false},"author":1,"featured_media":37070,"comment_status":"open","ping_status":"open","sticky":false,"template":"","format":"standard","meta":{"_monsterinsights_skip_tracking":false,"_monsterinsights_sitenote_active":false,"_monsterinsights_sitenote_note":"","_monsterinsights_sitenote_category":0},"categories":[2815],"tags":[10341,10340,10344,10345,10343,2284,2770],"yoast_head":"<!-- This site is optimized with the Yoast SEO plugin v20.5 - https:\/\/yoast.com\/wordpress\/plugins\/seo\/ -->\n<title>Schauspiel Stuttgart: Das Lyriktelefon geht in die letzte Runde I szenik<\/title>\n<meta name=\"description\" content=\"Das Schauspiel Stuttgart pr\u00e4sentiert ein \u201eBest of\u201c mit den Lieblingsgedichten der Schauspieler*innen aus allen bisherigen Folgen. Vom 10. bis 14. Mai.\" \/>\n<meta name=\"robots\" content=\"index, follow, max-snippet:-1, max-image-preview:large, max-video-preview:-1\" \/>\n<link rel=\"canonical\" href=\"https:\/\/www.szenik.eu\/de\/schauspiel-stuttgart-das-lyriktelefon-geht-am-21-januar-wieder-auf-sendung-37059\" \/>\n<meta property=\"og:locale\" content=\"de_DE\" \/>\n<meta property=\"og:type\" content=\"article\" \/>\n<meta property=\"og:title\" content=\"Schauspiel Stuttgart: Das Lyriktelefon geht in die letzte Runde I szenik\" \/>\n<meta property=\"og:description\" content=\"Das Schauspiel Stuttgart pr\u00e4sentiert ein \u201eBest of\u201c mit den Lieblingsgedichten der Schauspieler*innen aus allen bisherigen Folgen. Vom 10. bis 14. Mai.\" \/>\n<meta property=\"og:url\" content=\"https:\/\/www.szenik.eu\/de\/schauspiel-stuttgart-das-lyriktelefon-geht-am-21-januar-wieder-auf-sendung-37059\" \/>\n<meta property=\"og:site_name\" content=\"szenik\" \/>\n<meta property=\"article:publisher\" content=\"https:\/\/www.facebook.com\/szenik.eu\/\" \/>\n<meta property=\"article:published_time\" content=\"2021-01-19T13:26:04+00:00\" \/>\n<meta property=\"article:modified_time\" content=\"2021-05-10T07:46:23+00:00\" \/>\n<meta property=\"og:image\" content=\"https:\/\/www.szenik.eu\/wp-content\/uploads\/2021\/01\/Capture-d\u2019\u00e9cran-2021-01-19-\u00e0-14.17.39.png\" \/>\n\t<meta property=\"og:image:width\" content=\"1091\" \/>\n\t<meta property=\"og:image:height\" content=\"704\" \/>\n\t<meta property=\"og:image:type\" content=\"image\/png\" \/>\n<meta name=\"author\" content=\"szenik\" \/>\n<meta name=\"twitter:card\" content=\"summary_large_image\" \/>\n<meta name=\"twitter:creator\" content=\"@Szenik\" \/>\n<meta name=\"twitter:site\" content=\"@Szenik\" \/>\n<meta name=\"twitter:label1\" content=\"Verfasst von\" \/>\n\t<meta name=\"twitter:data1\" content=\"szenik\" \/>\n\t<meta name=\"twitter:label2\" content=\"Gesch\u00e4tzte Lesezeit\" \/>\n\t<meta name=\"twitter:data2\" content=\"3\u00a0Minuten\" \/>\n<script type=\"application\/ld+json\" class=\"yoast-schema-graph\">{\"@context\":\"https:\/\/schema.org\",\"@graph\":[{\"@type\":\"Article\",\"@id\":\"https:\/\/www.szenik.eu\/de\/schauspiel-stuttgart-das-lyriktelefon-geht-am-21-januar-wieder-auf-sendung-37059#article\",\"isPartOf\":{\"@id\":\"https:\/\/www.szenik.eu\/de\/schauspiel-stuttgart-das-lyriktelefon-geht-am-21-januar-wieder-auf-sendung-37059\"},\"author\":{\"name\":\"szenik\",\"@id\":\"https:\/\/www.szenik.eu\/de\/#\/schema\/person\/15f73f175b41bad194837490339d48fb\"},\"headline\":\"Schauspiel Stuttgart: Das Lyriktelefon geht in die letzte Runde\",\"datePublished\":\"2021-01-19T13:26:04+00:00\",\"dateModified\":\"2021-05-10T07:46:23+00:00\",\"mainEntityOfPage\":{\"@id\":\"https:\/\/www.szenik.eu\/de\/schauspiel-stuttgart-das-lyriktelefon-geht-am-21-januar-wieder-auf-sendung-37059\"},\"wordCount\":523,\"commentCount\":0,\"publisher\":{\"@id\":\"https:\/\/www.szenik.eu\/de\/#organization\"},\"keywords\":[\"Anke Schubert\",\"Katharina Hauter\",\"Klaus Rodewald\",\"Michael Stiller\",\"Reinhard Mahlberg\",\"Schauspiel Stuttgart\",\"Stuttgart\"],\"articleSection\":[\"Kurz &amp; knackig\"],\"inLanguage\":\"de\",\"potentialAction\":[{\"@type\":\"CommentAction\",\"name\":\"Comment\",\"target\":[\"https:\/\/www.szenik.eu\/de\/schauspiel-stuttgart-das-lyriktelefon-geht-am-21-januar-wieder-auf-sendung-37059#respond\"]}]},{\"@type\":\"WebPage\",\"@id\":\"https:\/\/www.szenik.eu\/de\/schauspiel-stuttgart-das-lyriktelefon-geht-am-21-januar-wieder-auf-sendung-37059\",\"url\":\"https:\/\/www.szenik.eu\/de\/schauspiel-stuttgart-das-lyriktelefon-geht-am-21-januar-wieder-auf-sendung-37059\",\"name\":\"Schauspiel Stuttgart: Das Lyriktelefon geht in die letzte Runde I szenik\",\"isPartOf\":{\"@id\":\"https:\/\/www.szenik.eu\/de\/#website\"},\"datePublished\":\"2021-01-19T13:26:04+00:00\",\"dateModified\":\"2021-05-10T07:46:23+00:00\",\"description\":\"Das Schauspiel Stuttgart pr\u00e4sentiert ein \u201eBest of\u201c mit den Lieblingsgedichten der Schauspieler*innen aus allen bisherigen Folgen. Vom 10. bis 14. Mai.\",\"breadcrumb\":{\"@id\":\"https:\/\/www.szenik.eu\/de\/schauspiel-stuttgart-das-lyriktelefon-geht-am-21-januar-wieder-auf-sendung-37059#breadcrumb\"},\"inLanguage\":\"de\",\"potentialAction\":[{\"@type\":\"ReadAction\",\"target\":[\"https:\/\/www.szenik.eu\/de\/schauspiel-stuttgart-das-lyriktelefon-geht-am-21-januar-wieder-auf-sendung-37059\"]}]},{\"@type\":\"BreadcrumbList\",\"@id\":\"https:\/\/www.szenik.eu\/de\/schauspiel-stuttgart-das-lyriktelefon-geht-am-21-januar-wieder-auf-sendung-37059#breadcrumb\",\"itemListElement\":[{\"@type\":\"ListItem\",\"position\":1,\"name\":\"Home\",\"item\":\"https:\/\/www.szenik.eu\/de\"},{\"@type\":\"ListItem\",\"position\":2,\"name\":\"Schauspiel Stuttgart: Das Lyriktelefon geht in die letzte Runde\"}]},{\"@type\":\"WebSite\",\"@id\":\"https:\/\/www.szenik.eu\/de\/#website\",\"url\":\"https:\/\/www.szenik.eu\/de\/\",\"name\":\"szenik\",\"description\":\"Le Meilleur des sc\u00e8nes au coeur de l&#039;Europe\",\"publisher\":{\"@id\":\"https:\/\/www.szenik.eu\/de\/#organization\"},\"potentialAction\":[{\"@type\":\"SearchAction\",\"target\":{\"@type\":\"EntryPoint\",\"urlTemplate\":\"https:\/\/www.szenik.eu\/de\/?s={search_term_string}\"},\"query-input\":\"required name=search_term_string\"}],\"inLanguage\":\"de\"},{\"@type\":\"Organization\",\"@id\":\"https:\/\/www.szenik.eu\/de\/#organization\",\"name\":\"Szenik\",\"url\":\"https:\/\/www.szenik.eu\/de\/\",\"logo\":{\"@type\":\"ImageObject\",\"inLanguage\":\"de\",\"@id\":\"https:\/\/www.szenik.eu\/de\/#\/schema\/logo\/image\/\",\"url\":\"https:\/\/www.szenik.eu\/wp-content\/uploads\/2019\/07\/logo-square.png\",\"contentUrl\":\"https:\/\/www.szenik.eu\/wp-content\/uploads\/2019\/07\/logo-square.png\",\"width\":512,\"height\":512,\"caption\":\"Szenik\"},\"image\":{\"@id\":\"https:\/\/www.szenik.eu\/de\/#\/schema\/logo\/image\/\"},\"sameAs\":[\"https:\/\/www.facebook.com\/szenik.eu\/\",\"https:\/\/twitter.com\/Szenik\",\"https:\/\/www.instagram.com\/szenik_magazine\/\",\"https:\/\/www.youtube.com\/user\/SzenikEU\/\"]},{\"@type\":\"Person\",\"@id\":\"https:\/\/www.szenik.eu\/de\/#\/schema\/person\/15f73f175b41bad194837490339d48fb\",\"name\":\"szenik\",\"image\":{\"@type\":\"ImageObject\",\"inLanguage\":\"de\",\"@id\":\"https:\/\/www.szenik.eu\/de\/#\/schema\/person\/image\/\",\"url\":\"https:\/\/secure.gravatar.com\/avatar\/d1c4f19522a624a4eaa5e6c03e22370b?s=96&d=mm&r=g\",\"contentUrl\":\"https:\/\/secure.gravatar.com\/avatar\/d1c4f19522a624a4eaa5e6c03e22370b?s=96&d=mm&r=g\",\"caption\":\"szenik\"}}]}<\/script>\n<!-- \/ Yoast SEO plugin. -->","yoast_head_json":{"title":"Schauspiel Stuttgart: Das Lyriktelefon geht in die letzte Runde I szenik","description":"Das Schauspiel Stuttgart pr\u00e4sentiert ein \u201eBest of\u201c mit den Lieblingsgedichten der Schauspieler*innen aus allen bisherigen Folgen. Vom 10. bis 14. Mai.","robots":{"index":"index","follow":"follow","max-snippet":"max-snippet:-1","max-image-preview":"max-image-preview:large","max-video-preview":"max-video-preview:-1"},"canonical":"https:\/\/www.szenik.eu\/de\/schauspiel-stuttgart-das-lyriktelefon-geht-am-21-januar-wieder-auf-sendung-37059","og_locale":"de_DE","og_type":"article","og_title":"Schauspiel Stuttgart: Das Lyriktelefon geht in die letzte Runde I szenik","og_description":"Das Schauspiel Stuttgart pr\u00e4sentiert ein \u201eBest of\u201c mit den Lieblingsgedichten der Schauspieler*innen aus allen bisherigen Folgen. Vom 10. bis 14. Mai.","og_url":"https:\/\/www.szenik.eu\/de\/schauspiel-stuttgart-das-lyriktelefon-geht-am-21-januar-wieder-auf-sendung-37059","og_site_name":"szenik","article_publisher":"https:\/\/www.facebook.com\/szenik.eu\/","article_published_time":"2021-01-19T13:26:04+00:00","article_modified_time":"2021-05-10T07:46:23+00:00","og_image":[{"width":1091,"height":704,"url":"https:\/\/www.szenik.eu\/wp-content\/uploads\/2021\/01\/Capture-d\u2019\u00e9cran-2021-01-19-\u00e0-14.17.39.png","type":"image\/png"}],"author":"szenik","twitter_card":"summary_large_image","twitter_creator":"@Szenik","twitter_site":"@Szenik","twitter_misc":{"Verfasst von":"szenik","Gesch\u00e4tzte Lesezeit":"3\u00a0Minuten"},"schema":{"@context":"https:\/\/schema.org","@graph":[{"@type":"Article","@id":"https:\/\/www.szenik.eu\/de\/schauspiel-stuttgart-das-lyriktelefon-geht-am-21-januar-wieder-auf-sendung-37059#article","isPartOf":{"@id":"https:\/\/www.szenik.eu\/de\/schauspiel-stuttgart-das-lyriktelefon-geht-am-21-januar-wieder-auf-sendung-37059"},"author":{"name":"szenik","@id":"https:\/\/www.szenik.eu\/de\/#\/schema\/person\/15f73f175b41bad194837490339d48fb"},"headline":"Schauspiel Stuttgart: Das Lyriktelefon geht in die letzte Runde","datePublished":"2021-01-19T13:26:04+00:00","dateModified":"2021-05-10T07:46:23+00:00","mainEntityOfPage":{"@id":"https:\/\/www.szenik.eu\/de\/schauspiel-stuttgart-das-lyriktelefon-geht-am-21-januar-wieder-auf-sendung-37059"},"wordCount":523,"commentCount":0,"publisher":{"@id":"https:\/\/www.szenik.eu\/de\/#organization"},"keywords":["Anke Schubert","Katharina Hauter","Klaus Rodewald","Michael Stiller","Reinhard Mahlberg","Schauspiel Stuttgart","Stuttgart"],"articleSection":["Kurz &amp; knackig"],"inLanguage":"de","potentialAction":[{"@type":"CommentAction","name":"Comment","target":["https:\/\/www.szenik.eu\/de\/schauspiel-stuttgart-das-lyriktelefon-geht-am-21-januar-wieder-auf-sendung-37059#respond"]}]},{"@type":"WebPage","@id":"https:\/\/www.szenik.eu\/de\/schauspiel-stuttgart-das-lyriktelefon-geht-am-21-januar-wieder-auf-sendung-37059","url":"https:\/\/www.szenik.eu\/de\/schauspiel-stuttgart-das-lyriktelefon-geht-am-21-januar-wieder-auf-sendung-37059","name":"Schauspiel Stuttgart: Das Lyriktelefon geht in die letzte Runde I szenik","isPartOf":{"@id":"https:\/\/www.szenik.eu\/de\/#website"},"datePublished":"2021-01-19T13:26:04+00:00","dateModified":"2021-05-10T07:46:23+00:00","description":"Das Schauspiel Stuttgart pr\u00e4sentiert ein \u201eBest of\u201c mit den Lieblingsgedichten der Schauspieler*innen aus allen bisherigen Folgen. Vom 10. bis 14. Mai.","breadcrumb":{"@id":"https:\/\/www.szenik.eu\/de\/schauspiel-stuttgart-das-lyriktelefon-geht-am-21-januar-wieder-auf-sendung-37059#breadcrumb"},"inLanguage":"de","potentialAction":[{"@type":"ReadAction","target":["https:\/\/www.szenik.eu\/de\/schauspiel-stuttgart-das-lyriktelefon-geht-am-21-januar-wieder-auf-sendung-37059"]}]},{"@type":"BreadcrumbList","@id":"https:\/\/www.szenik.eu\/de\/schauspiel-stuttgart-das-lyriktelefon-geht-am-21-januar-wieder-auf-sendung-37059#breadcrumb","itemListElement":[{"@type":"ListItem","position":1,"name":"Home","item":"https:\/\/www.szenik.eu\/de"},{"@type":"ListItem","position":2,"name":"Schauspiel Stuttgart: Das Lyriktelefon geht in die letzte Runde"}]},{"@type":"WebSite","@id":"https:\/\/www.szenik.eu\/de\/#website","url":"https:\/\/www.szenik.eu\/de\/","name":"szenik","description":"Le Meilleur des sc\u00e8nes au coeur de l&#039;Europe","publisher":{"@id":"https:\/\/www.szenik.eu\/de\/#organization"},"potentialAction":[{"@type":"SearchAction","target":{"@type":"EntryPoint","urlTemplate":"https:\/\/www.szenik.eu\/de\/?s={search_term_string}"},"query-input":"required name=search_term_string"}],"inLanguage":"de"},{"@type":"Organization","@id":"https:\/\/www.szenik.eu\/de\/#organization","name":"Szenik","url":"https:\/\/www.szenik.eu\/de\/","logo":{"@type":"ImageObject","inLanguage":"de","@id":"https:\/\/www.szenik.eu\/de\/#\/schema\/logo\/image\/","url":"https:\/\/www.szenik.eu\/wp-content\/uploads\/2019\/07\/logo-square.png","contentUrl":"https:\/\/www.szenik.eu\/wp-content\/uploads\/2019\/07\/logo-square.png","width":512,"height":512,"caption":"Szenik"},"image":{"@id":"https:\/\/www.szenik.eu\/de\/#\/schema\/logo\/image\/"},"sameAs":["https:\/\/www.facebook.com\/szenik.eu\/","https:\/\/twitter.com\/Szenik","https:\/\/www.instagram.com\/szenik_magazine\/","https:\/\/www.youtube.com\/user\/SzenikEU\/"]},{"@type":"Person","@id":"https:\/\/www.szenik.eu\/de\/#\/schema\/person\/15f73f175b41bad194837490339d48fb","name":"szenik","image":{"@type":"ImageObject","inLanguage":"de","@id":"https:\/\/www.szenik.eu\/de\/#\/schema\/person\/image\/","url":"https:\/\/secure.gravatar.com\/avatar\/d1c4f19522a624a4eaa5e6c03e22370b?s=96&d=mm&r=g","contentUrl":"https:\/\/secure.gravatar.com\/avatar\/d1c4f19522a624a4eaa5e6c03e22370b?s=96&d=mm&r=g","caption":"szenik"}}]}},"jetpack_featured_media_url":"https:\/\/www.szenik.eu\/wp-content\/uploads\/2021\/01\/Capture-d\u2019\u00e9cran-2021-01-19-\u00e0-14.17.39.png","amp_enabled":true,"_links":{"self":[{"href":"https:\/\/www.szenik.eu\/de\/wp-json\/\/wp\/v2\/posts\/37059"}],"collection":[{"href":"https:\/\/www.szenik.eu\/de\/wp-json\/\/wp\/v2\/posts"}],"about":[{"href":"https:\/\/www.szenik.eu\/de\/wp-json\/\/wp\/v2\/types\/post"}],"author":[{"embeddable":true,"href":"https:\/\/www.szenik.eu\/de\/wp-json\/\/wp\/v2\/users\/1"}],"replies":[{"embeddable":true,"href":"https:\/\/www.szenik.eu\/de\/wp-json\/\/wp\/v2\/comments?post=37059"}],"version-history":[{"count":5,"href":"https:\/\/www.szenik.eu\/de\/wp-json\/\/wp\/v2\/posts\/37059\/revisions"}],"predecessor-version":[{"id":39356,"href":"https:\/\/www.szenik.eu\/de\/wp-json\/\/wp\/v2\/posts\/37059\/revisions\/39356"}],"wp:featuredmedia":[{"embeddable":true,"href":"https:\/\/www.szenik.eu\/de\/wp-json\/\/wp\/v2\/media\/37070"}],"wp:attachment":[{"href":"https:\/\/www.szenik.eu\/de\/wp-json\/\/wp\/v2\/media?parent=37059"}],"wp:term":[{"taxonomy":"category","embeddable":true,"href":"https:\/\/www.szenik.eu\/de\/wp-json\/\/wp\/v2\/categories?post=37059"},{"taxonomy":"post_tag","embeddable":true,"href":"https:\/\/www.szenik.eu\/de\/wp-json\/\/wp\/v2\/tags?post=37059"}],"curies":[{"name":"wp","href":"https:\/\/api.w.org\/{rel}","templated":true}]}}