{"id":37029,"date":"2021-01-18T15:08:04","date_gmt":"2021-01-18T14:08:04","guid":{"rendered":"https:\/\/www.szenik.eu\/la-kulturfabrik-esch-sur-alzette-accueille-le-collectif-cooperationsart-37029"},"modified":"2021-01-25T18:18:09","modified_gmt":"2021-01-25T17:18:09","slug":"la-kulturfabrik-esch-sur-alzette-accueille-le-collectif-cooperationsart","status":"publish","type":"post","link":"https:\/\/www.szenik.eu\/de\/la-kulturfabrik-esch-sur-alzette-accueille-le-collectif-cooperationsart-37029","title":{"rendered":"Die Kulturfabrik Esch-sur-Alzette \u00f6ffnet ihre Tore f\u00fcr das Kollektiv cooperationsART."},"content":{"rendered":"\n<h2>Die K\u00fcnstler des Kollektivs cooperationsART sind zur\u00fcck in der Kulturfabrik um ihre im August 2020 in der Squatfabrik begonnene k\u00fcnstlerische Hinterfragung zu vertiefen.&nbsp;<\/h2>\n\n\n\n<div style=\"height:100px\" aria-hidden=\"true\" class=\"wp-block-spacer\"><\/div>\n\n\n\n<p><em>Pressemitteilung<\/em><\/p>\n\n\n\n<div style=\"height:100px\" aria-hidden=\"true\" class=\"wp-block-spacer\"><\/div>\n\n\n\n<p>Der Raum dieser k\u00fcnstlerischen Residenz wurde auf den der Galerie Terres Rouges erweitert und die Dauer auf einen Monat verl\u00e4ngert. W\u00e4hrend dieses Monats d\u00fcrfen Besucher den Schaffensprozess miterleben sowie die bereits fertiggestellten Werke begutachten.<\/p>\n\n\n\n<p><strong><em>&#8222;What made you look for a safe space?&#8220;<\/em><\/strong> &#8211; Morgens ankommen, sein Arbeitsmaterial vorbereiten, k\u00fcnstlerisches Arbeiten, Pause, k\u00fcnstlerisches Arbeiten, Pause, k\u00fcnstlerische Pause, Arbeiten, nach Hause fahren, Pause, Schlafen, Aufstehen, Morgens ankommen&#8230; Routinen sind nat\u00fcrlich gut, Handgriffe zu verinnerlichen, die eigene T\u00e4tigkeit besser zu erledigen, doch wenn es gar keine Abwechslung mehr gibt, sind die Effekte fast ausschlie\u00dflich negativ. Einmal im Stadium der Monotonie und Langeweile angekommen, gibt es kaum noch einen Weg heraus. Dieser Zustand erinnert an Charly Chaplin\u2019s Modern Times und deren automatisierten Abhandlungen in der \u201cElectro Steel Corporation\u201d. Es gilt die Gewohnheiten zu brechen, Dinge neu zu \u00fcberdenken und neue Herangehensweisen zu erforschen.<\/p>\n\n\n\n<div style=\"height:47px\" aria-hidden=\"true\" class=\"wp-block-spacer\"><\/div>\n\n\n\n<p class=\"has-background has-text-align-center has-medium-font-size has-pale-cyan-blue-background-color\">K\u00fcnstlerische Residenz und Ausstellung<\/p>\n\n\n\n<div style=\"height:20px\" aria-hidden=\"true\" class=\"wp-block-spacer\"><\/div>\n\n\n\n<p>Die aktuellen Gegebenheiten verst\u00e4rken dieses Moment und fordern einen Schutzraum ein. Ein diffusionsoffener k\u00fcnstlerischer Schutzraum wird genau diesem Anspruch in r\u00e4umlicher wie auch zeitlicher Hinsicht gerecht. Die l\u00e4ngeren Anfahrtszeiten best\u00e4rken das Gef\u00fchl des \u201cEs-passiert-etwas\u201d und lassen somit neue Dynamiken heraus klingen. Die nicht beheizte Galerie transformiert sich in einen Werkraum f\u00fcr Skulpturen und raum\u00fcbergreifende Installationen. Der vordere wohl temperierte Bereich hingegen dient als Zentrale f\u00fcr filigrane Arbeiten. Durch diese r\u00e4umliche Anordnung entsteht eine Symbiose zwischen hart und weich, warm und kalt, Kunst und Kunst. Das prozessuale Geschehen wird dokumentier, darf w\u00e4hrend den \u00d6ffnungszeiten gelebt werden und endet in einem offenen Werk denn wie sagte Erich Franz \u201cEs gen\u00fcgt zu sehen, was sichtbar ist\u201d.<\/p>\n\n\n\n<div style=\"height:47px\" aria-hidden=\"true\" class=\"wp-block-spacer\"><\/div>\n\n\n\n<figure class=\"wp-block-image size-large\"><img decoding=\"async\" loading=\"lazy\" width=\"1024\" height=\"570\" src=\"https:\/\/www.szenik.eu\/wp-content\/uploads\/2021\/01\/21_01_25_squatfabrik_cooperation_3\u00a9Shariel-Baptista-1024x570.jpg\" alt=\"\" class=\"wp-image-37024\" srcset=\"https:\/\/www.szenik.eu\/wp-content\/uploads\/2021\/01\/21_01_25_squatfabrik_cooperation_3\u00a9Shariel-Baptista-1024x570.jpg 1024w, https:\/\/www.szenik.eu\/wp-content\/uploads\/2021\/01\/21_01_25_squatfabrik_cooperation_3\u00a9Shariel-Baptista-300x167.jpg 300w, https:\/\/www.szenik.eu\/wp-content\/uploads\/2021\/01\/21_01_25_squatfabrik_cooperation_3\u00a9Shariel-Baptista-768x428.jpg 768w, https:\/\/www.szenik.eu\/wp-content\/uploads\/2021\/01\/21_01_25_squatfabrik_cooperation_3\u00a9Shariel-Baptista-750x418.jpg 750w, https:\/\/www.szenik.eu\/wp-content\/uploads\/2021\/01\/21_01_25_squatfabrik_cooperation_3\u00a9Shariel-Baptista-1140x635.jpg 1140w, https:\/\/www.szenik.eu\/wp-content\/uploads\/2021\/01\/21_01_25_squatfabrik_cooperation_3\u00a9Shariel-Baptista.jpg 1200w\" sizes=\"(max-width: 1024px) 100vw, 1024px\" \/><figcaption>Shariel Baptista<\/figcaption><\/figure>\n\n\n\n<div style=\"height:45px\" aria-hidden=\"true\" class=\"wp-block-spacer\"><\/div>\n\n\n\n<p class=\"has-background has-text-align-center has-medium-font-size has-pale-cyan-blue-background-color\">CooperationsART<\/p>\n\n\n\n<div style=\"height:20px\" aria-hidden=\"true\" class=\"wp-block-spacer\"><\/div>\n\n\n\n<p>Das K\u00fcnstlerkollektiv &#8222;<strong><em>cooperationsART<\/em><\/strong>&#8220; ist ein in Luxemburg gegr\u00fcndetes, interdisziplin\u00e4res und inklusives K\u00fcnstlernetzwerk, das K\u00fcnstlern kreative Freir\u00e4ume und Plattformen zum Lehren, Lernen, Produzieren und Pr\u00e4sentieren interdisziplin\u00e4rer Kunst und Kunstwerke bietet.<br>Weitere Informationen: <strong><em><a rel=\"noreferrer noopener\" aria-label=\"www.cooperationsart.org (opens in a new tab)\" href=\"http:\/\/www.cooperationsart.org\" target=\"_blank\">www.cooperationsart.org<\/a><\/em><\/strong><\/p>\n\n\n\n<div style=\"height:49px\" aria-hidden=\"true\" class=\"wp-block-spacer\"><\/div>\n\n\n\n<p class=\"has-background has-text-align-center has-medium-font-size has-pale-cyan-blue-background-color\">Squatfabrik<\/p>\n\n\n\n<div style=\"height:20px\" aria-hidden=\"true\" class=\"wp-block-spacer\"><\/div>\n\n\n\n<p>Angesichts der aktuellen Pandemie, die die Kulturfabrik zu einer v\u00f6lligen \u00dcberarbeitung ihres Programms zwang, machte sich das Team des Kulturzentrums an die Arbeit f\u00fcr ein neues k\u00fcnstlerisches Residenzprojekt, das innerhalb weniger Wochen auf die Beine gestellt wurde. Das \u00fcbergeordnete Ziel war es, seine Unterst\u00fctzung zu zeigen und der lokalen Szene zus\u00e4tzliche Sichtbarkeit zu bieten. Alle zwei bis drei Wochen \u00fcbernahm ein neues K\u00fcnstlerduo oder -trio die ehemaligen R\u00e4umlichkeiten der Keramikfabrik am Eingang der Kulturfabrik. Die \u00d6ffentlichkeit war eingeladen, durch die T\u00fcr dieser ephemeren Werkst\u00e4tten zu gehen und dem &#8222;Get-Out&#8220; beizuwohnen, das am Ende jeder Residenz erklang. Insgesamt kamen zwischen Mitte Juni und Ende September nicht weniger als 25 K\u00fcnstler in die &#8222;Squatfabrik&#8220;. Angesichts des Erfolges der Squatfabrik werden auch dieses Jahr wieder die regelm\u00e4\u00dfig die T\u00fcren ge\u00f6ffnet.<\/p>\n\n\n\n<div style=\"height:49px\" aria-hidden=\"true\" class=\"wp-block-spacer\"><\/div>\n\n\n\n<figure class=\"wp-block-image size-large\"><img decoding=\"async\" loading=\"lazy\" width=\"1024\" height=\"683\" src=\"https:\/\/www.szenik.eu\/wp-content\/uploads\/2021\/01\/21_01_25_squatfabrik_cooperation_1-\u00a9Shariel-Baptista-1024x683.jpg\" alt=\"\" class=\"wp-image-37026\" srcset=\"https:\/\/www.szenik.eu\/wp-content\/uploads\/2021\/01\/21_01_25_squatfabrik_cooperation_1-\u00a9Shariel-Baptista-1024x683.jpg 1024w, https:\/\/www.szenik.eu\/wp-content\/uploads\/2021\/01\/21_01_25_squatfabrik_cooperation_1-\u00a9Shariel-Baptista-300x200.jpg 300w, https:\/\/www.szenik.eu\/wp-content\/uploads\/2021\/01\/21_01_25_squatfabrik_cooperation_1-\u00a9Shariel-Baptista-768x512.jpg 768w, https:\/\/www.szenik.eu\/wp-content\/uploads\/2021\/01\/21_01_25_squatfabrik_cooperation_1-\u00a9Shariel-Baptista-750x500.jpg 750w, https:\/\/www.szenik.eu\/wp-content\/uploads\/2021\/01\/21_01_25_squatfabrik_cooperation_1-\u00a9Shariel-Baptista-1140x760.jpg 1140w, https:\/\/www.szenik.eu\/wp-content\/uploads\/2021\/01\/21_01_25_squatfabrik_cooperation_1-\u00a9Shariel-Baptista.jpg 1200w\" sizes=\"(max-width: 1024px) 100vw, 1024px\" \/><figcaption>Shariel Baptista<\/figcaption><\/figure>\n\n\n\n<div style=\"height:47px\" aria-hidden=\"true\" class=\"wp-block-spacer\"><\/div>\n\n\n\n<p class=\"has-background has-text-align-center has-medium-font-size has-pale-cyan-blue-background-color\">PRAKTISCHE INFORMATIONEN<\/p>\n\n\n\n<div style=\"height:20px\" aria-hidden=\"true\" class=\"wp-block-spacer\"><\/div>\n\n\n\n<p class=\"has-text-align-center\">Galerie Terres Rouges &amp; Squatfabrik (Kulturfabrik)  <br><em>K\u00fcnstlerische Residenz vom 25. Januar bis 26. Februar<\/em><\/p>\n\n\n\n<div style=\"height:20px\" aria-hidden=\"true\" class=\"wp-block-spacer\"><\/div>\n\n\n\n<p class=\"has-text-align-center\">Ausstellung ge\u00f6ffnet vom 1. bis 26. Februar 2021<br> &#8211;<em> Montag bis Freitag, 10 Uhr bis 21 Uhr<\/em><br>&#8211; <em>Freier Eintritt (Maske muss getragen werden)<\/em><\/p>\n\n\n\n<div style=\"height:100px\" aria-hidden=\"true\" class=\"wp-block-spacer\"><\/div>\n\n\n\n<div class=\"wp-block-button aligncenter\"><a class=\"wp-block-button__link has-text-color has-very-dark-gray-color has-background has-luminous-vivid-amber-background-color\" href=\"https:\/\/kulturfabrik.lu\/fr\/kulturfabrik-centre-culturel-a-esch-sur-alzette\/\" target=\"_blank\" rel=\"noreferrer noopener\">Die Website der Kulturfabrik<\/a><\/div>\n\n\n\n<div style=\"height:100px\" aria-hidden=\"true\" class=\"wp-block-spacer\"><\/div>\n\n\n\n<p class=\"has-small-font-size\">Foto: Shariel Baptista<\/p>\n\n\n\n<div style=\"height:100px\" aria-hidden=\"true\" class=\"wp-block-spacer\"><\/div>\n","protected":false},"excerpt":{"rendered":"<p>Die K\u00fcnstler des Kollektivs cooperationsART sind zur\u00fcck in der Kulturfabrik um ihre im August 2020 in der Squatfabrik begonnene k\u00fcnstlerische Hinterfragung zu vertiefen.&nbsp; Pressemitteilung Der Raum dieser k\u00fcnstlerischen Residenz wurde auf den der Galerie Terres Rouges erweitert und die Dauer auf einen Monat verl\u00e4ngert. W\u00e4hrend dieses Monats d\u00fcrfen Besucher den Schaffensprozess miterleben sowie die bereits [&hellip;]<\/p>\n","protected":false},"author":1,"featured_media":37023,"comment_status":"open","ping_status":"open","sticky":false,"template":"","format":"standard","meta":{"_monsterinsights_skip_tracking":false,"_monsterinsights_sitenote_active":false,"_monsterinsights_sitenote_note":"","_monsterinsights_sitenote_category":0},"categories":[2815],"tags":[10332,10333,10334],"yoast_head":"<!-- This site is optimized with the Yoast SEO plugin v20.5 - https:\/\/yoast.com\/wordpress\/plugins\/seo\/ -->\n<title>Die Kulturfabrik empf\u00e4ngt das Kollektiv cooperationsART I szenik<\/title>\n<meta name=\"description\" content=\"Die K\u00fcnstler des Kollektivs cooperationsART sind zur\u00fcck in der Kulturfabrik und laden im Februar zur Ausstellung &quot;What made you look for a safe space?&quot; ein.\" \/>\n<meta name=\"robots\" content=\"index, follow, max-snippet:-1, max-image-preview:large, max-video-preview:-1\" \/>\n<link rel=\"canonical\" href=\"https:\/\/www.szenik.eu\/de\/la-kulturfabrik-esch-sur-alzette-accueille-le-collectif-cooperationsart-37029\" \/>\n<meta property=\"og:locale\" content=\"de_DE\" \/>\n<meta property=\"og:type\" content=\"article\" \/>\n<meta property=\"og:title\" content=\"Die Kulturfabrik empf\u00e4ngt das Kollektiv cooperationsART I szenik\" \/>\n<meta property=\"og:description\" content=\"Die K\u00fcnstler des Kollektivs cooperationsART sind zur\u00fcck in der Kulturfabrik und laden im Februar zur Ausstellung &quot;What made you look for a safe space?&quot; ein.\" \/>\n<meta property=\"og:url\" content=\"https:\/\/www.szenik.eu\/de\/la-kulturfabrik-esch-sur-alzette-accueille-le-collectif-cooperationsart-37029\" \/>\n<meta property=\"og:site_name\" content=\"szenik\" \/>\n<meta property=\"article:publisher\" content=\"https:\/\/www.facebook.com\/szenik.eu\/\" \/>\n<meta property=\"article:published_time\" content=\"2021-01-18T14:08:04+00:00\" \/>\n<meta property=\"article:modified_time\" content=\"2021-01-25T17:18:09+00:00\" \/>\n<meta property=\"og:image\" content=\"https:\/\/www.szenik.eu\/wp-content\/uploads\/2021\/01\/21_01_25_squatfabrik_cooperation_2\u00a9Shariel-Baptista.jpg\" \/>\n\t<meta property=\"og:image:width\" content=\"1200\" \/>\n\t<meta property=\"og:image:height\" content=\"800\" \/>\n\t<meta property=\"og:image:type\" content=\"image\/jpeg\" \/>\n<meta name=\"author\" content=\"szenik\" \/>\n<meta name=\"twitter:card\" content=\"summary_large_image\" \/>\n<meta name=\"twitter:creator\" content=\"@Szenik\" \/>\n<meta name=\"twitter:site\" content=\"@Szenik\" \/>\n<meta name=\"twitter:label1\" content=\"Verfasst von\" \/>\n\t<meta name=\"twitter:data1\" content=\"szenik\" \/>\n\t<meta name=\"twitter:label2\" content=\"Gesch\u00e4tzte Lesezeit\" \/>\n\t<meta name=\"twitter:data2\" content=\"3\u00a0Minuten\" \/>\n<script type=\"application\/ld+json\" class=\"yoast-schema-graph\">{\"@context\":\"https:\/\/schema.org\",\"@graph\":[{\"@type\":\"Article\",\"@id\":\"https:\/\/www.szenik.eu\/de\/la-kulturfabrik-esch-sur-alzette-accueille-le-collectif-cooperationsart-37029#article\",\"isPartOf\":{\"@id\":\"https:\/\/www.szenik.eu\/de\/la-kulturfabrik-esch-sur-alzette-accueille-le-collectif-cooperationsart-37029\"},\"author\":{\"name\":\"szenik\",\"@id\":\"https:\/\/www.szenik.eu\/de\/#\/schema\/person\/15f73f175b41bad194837490339d48fb\"},\"headline\":\"Die Kulturfabrik Esch-sur-Alzette \u00f6ffnet ihre Tore f\u00fcr das Kollektiv cooperationsART.\",\"datePublished\":\"2021-01-18T14:08:04+00:00\",\"dateModified\":\"2021-01-25T17:18:09+00:00\",\"mainEntityOfPage\":{\"@id\":\"https:\/\/www.szenik.eu\/de\/la-kulturfabrik-esch-sur-alzette-accueille-le-collectif-cooperationsart-37029\"},\"wordCount\":547,\"commentCount\":0,\"publisher\":{\"@id\":\"https:\/\/www.szenik.eu\/de\/#organization\"},\"keywords\":[\"cooperationsART\",\"Esch-sur-Alzette\",\"Kulturfabrik\"],\"articleSection\":[\"Kurz &amp; knackig\"],\"inLanguage\":\"de\",\"potentialAction\":[{\"@type\":\"CommentAction\",\"name\":\"Comment\",\"target\":[\"https:\/\/www.szenik.eu\/de\/la-kulturfabrik-esch-sur-alzette-accueille-le-collectif-cooperationsart-37029#respond\"]}]},{\"@type\":\"WebPage\",\"@id\":\"https:\/\/www.szenik.eu\/de\/la-kulturfabrik-esch-sur-alzette-accueille-le-collectif-cooperationsart-37029\",\"url\":\"https:\/\/www.szenik.eu\/de\/la-kulturfabrik-esch-sur-alzette-accueille-le-collectif-cooperationsart-37029\",\"name\":\"Die Kulturfabrik empf\u00e4ngt das Kollektiv cooperationsART I szenik\",\"isPartOf\":{\"@id\":\"https:\/\/www.szenik.eu\/de\/#website\"},\"datePublished\":\"2021-01-18T14:08:04+00:00\",\"dateModified\":\"2021-01-25T17:18:09+00:00\",\"description\":\"Die K\u00fcnstler des Kollektivs cooperationsART sind zur\u00fcck in der Kulturfabrik und laden im Februar zur Ausstellung \\\"What made you look for a safe space?\\\" ein.\",\"breadcrumb\":{\"@id\":\"https:\/\/www.szenik.eu\/de\/la-kulturfabrik-esch-sur-alzette-accueille-le-collectif-cooperationsart-37029#breadcrumb\"},\"inLanguage\":\"de\",\"potentialAction\":[{\"@type\":\"ReadAction\",\"target\":[\"https:\/\/www.szenik.eu\/de\/la-kulturfabrik-esch-sur-alzette-accueille-le-collectif-cooperationsart-37029\"]}]},{\"@type\":\"BreadcrumbList\",\"@id\":\"https:\/\/www.szenik.eu\/de\/la-kulturfabrik-esch-sur-alzette-accueille-le-collectif-cooperationsart-37029#breadcrumb\",\"itemListElement\":[{\"@type\":\"ListItem\",\"position\":1,\"name\":\"Home\",\"item\":\"https:\/\/www.szenik.eu\/de\"},{\"@type\":\"ListItem\",\"position\":2,\"name\":\"Die Kulturfabrik Esch-sur-Alzette \u00f6ffnet ihre Tore f\u00fcr das Kollektiv cooperationsART.\"}]},{\"@type\":\"WebSite\",\"@id\":\"https:\/\/www.szenik.eu\/de\/#website\",\"url\":\"https:\/\/www.szenik.eu\/de\/\",\"name\":\"szenik\",\"description\":\"Le Meilleur des sc\u00e8nes au coeur de l&#039;Europe\",\"publisher\":{\"@id\":\"https:\/\/www.szenik.eu\/de\/#organization\"},\"potentialAction\":[{\"@type\":\"SearchAction\",\"target\":{\"@type\":\"EntryPoint\",\"urlTemplate\":\"https:\/\/www.szenik.eu\/de\/?s={search_term_string}\"},\"query-input\":\"required name=search_term_string\"}],\"inLanguage\":\"de\"},{\"@type\":\"Organization\",\"@id\":\"https:\/\/www.szenik.eu\/de\/#organization\",\"name\":\"Szenik\",\"url\":\"https:\/\/www.szenik.eu\/de\/\",\"logo\":{\"@type\":\"ImageObject\",\"inLanguage\":\"de\",\"@id\":\"https:\/\/www.szenik.eu\/de\/#\/schema\/logo\/image\/\",\"url\":\"https:\/\/www.szenik.eu\/wp-content\/uploads\/2019\/07\/logo-square.png\",\"contentUrl\":\"https:\/\/www.szenik.eu\/wp-content\/uploads\/2019\/07\/logo-square.png\",\"width\":512,\"height\":512,\"caption\":\"Szenik\"},\"image\":{\"@id\":\"https:\/\/www.szenik.eu\/de\/#\/schema\/logo\/image\/\"},\"sameAs\":[\"https:\/\/www.facebook.com\/szenik.eu\/\",\"https:\/\/twitter.com\/Szenik\",\"https:\/\/www.instagram.com\/szenik_magazine\/\",\"https:\/\/www.youtube.com\/user\/SzenikEU\/\"]},{\"@type\":\"Person\",\"@id\":\"https:\/\/www.szenik.eu\/de\/#\/schema\/person\/15f73f175b41bad194837490339d48fb\",\"name\":\"szenik\",\"image\":{\"@type\":\"ImageObject\",\"inLanguage\":\"de\",\"@id\":\"https:\/\/www.szenik.eu\/de\/#\/schema\/person\/image\/\",\"url\":\"https:\/\/secure.gravatar.com\/avatar\/d1c4f19522a624a4eaa5e6c03e22370b?s=96&d=mm&r=g\",\"contentUrl\":\"https:\/\/secure.gravatar.com\/avatar\/d1c4f19522a624a4eaa5e6c03e22370b?s=96&d=mm&r=g\",\"caption\":\"szenik\"}}]}<\/script>\n<!-- \/ Yoast SEO plugin. -->","yoast_head_json":{"title":"Die Kulturfabrik empf\u00e4ngt das Kollektiv cooperationsART I szenik","description":"Die K\u00fcnstler des Kollektivs cooperationsART sind zur\u00fcck in der Kulturfabrik und laden im Februar zur Ausstellung \"What made you look for a safe space?\" ein.","robots":{"index":"index","follow":"follow","max-snippet":"max-snippet:-1","max-image-preview":"max-image-preview:large","max-video-preview":"max-video-preview:-1"},"canonical":"https:\/\/www.szenik.eu\/de\/la-kulturfabrik-esch-sur-alzette-accueille-le-collectif-cooperationsart-37029","og_locale":"de_DE","og_type":"article","og_title":"Die Kulturfabrik empf\u00e4ngt das Kollektiv cooperationsART I szenik","og_description":"Die K\u00fcnstler des Kollektivs cooperationsART sind zur\u00fcck in der Kulturfabrik und laden im Februar zur Ausstellung \"What made you look for a safe space?\" ein.","og_url":"https:\/\/www.szenik.eu\/de\/la-kulturfabrik-esch-sur-alzette-accueille-le-collectif-cooperationsart-37029","og_site_name":"szenik","article_publisher":"https:\/\/www.facebook.com\/szenik.eu\/","article_published_time":"2021-01-18T14:08:04+00:00","article_modified_time":"2021-01-25T17:18:09+00:00","og_image":[{"width":1200,"height":800,"url":"https:\/\/www.szenik.eu\/wp-content\/uploads\/2021\/01\/21_01_25_squatfabrik_cooperation_2\u00a9Shariel-Baptista.jpg","type":"image\/jpeg"}],"author":"szenik","twitter_card":"summary_large_image","twitter_creator":"@Szenik","twitter_site":"@Szenik","twitter_misc":{"Verfasst von":"szenik","Gesch\u00e4tzte Lesezeit":"3\u00a0Minuten"},"schema":{"@context":"https:\/\/schema.org","@graph":[{"@type":"Article","@id":"https:\/\/www.szenik.eu\/de\/la-kulturfabrik-esch-sur-alzette-accueille-le-collectif-cooperationsart-37029#article","isPartOf":{"@id":"https:\/\/www.szenik.eu\/de\/la-kulturfabrik-esch-sur-alzette-accueille-le-collectif-cooperationsart-37029"},"author":{"name":"szenik","@id":"https:\/\/www.szenik.eu\/de\/#\/schema\/person\/15f73f175b41bad194837490339d48fb"},"headline":"Die Kulturfabrik Esch-sur-Alzette \u00f6ffnet ihre Tore f\u00fcr das Kollektiv cooperationsART.","datePublished":"2021-01-18T14:08:04+00:00","dateModified":"2021-01-25T17:18:09+00:00","mainEntityOfPage":{"@id":"https:\/\/www.szenik.eu\/de\/la-kulturfabrik-esch-sur-alzette-accueille-le-collectif-cooperationsart-37029"},"wordCount":547,"commentCount":0,"publisher":{"@id":"https:\/\/www.szenik.eu\/de\/#organization"},"keywords":["cooperationsART","Esch-sur-Alzette","Kulturfabrik"],"articleSection":["Kurz &amp; knackig"],"inLanguage":"de","potentialAction":[{"@type":"CommentAction","name":"Comment","target":["https:\/\/www.szenik.eu\/de\/la-kulturfabrik-esch-sur-alzette-accueille-le-collectif-cooperationsart-37029#respond"]}]},{"@type":"WebPage","@id":"https:\/\/www.szenik.eu\/de\/la-kulturfabrik-esch-sur-alzette-accueille-le-collectif-cooperationsart-37029","url":"https:\/\/www.szenik.eu\/de\/la-kulturfabrik-esch-sur-alzette-accueille-le-collectif-cooperationsart-37029","name":"Die Kulturfabrik empf\u00e4ngt das Kollektiv cooperationsART I szenik","isPartOf":{"@id":"https:\/\/www.szenik.eu\/de\/#website"},"datePublished":"2021-01-18T14:08:04+00:00","dateModified":"2021-01-25T17:18:09+00:00","description":"Die K\u00fcnstler des Kollektivs cooperationsART sind zur\u00fcck in der Kulturfabrik und laden im Februar zur Ausstellung \"What made you look for a safe space?\" ein.","breadcrumb":{"@id":"https:\/\/www.szenik.eu\/de\/la-kulturfabrik-esch-sur-alzette-accueille-le-collectif-cooperationsart-37029#breadcrumb"},"inLanguage":"de","potentialAction":[{"@type":"ReadAction","target":["https:\/\/www.szenik.eu\/de\/la-kulturfabrik-esch-sur-alzette-accueille-le-collectif-cooperationsart-37029"]}]},{"@type":"BreadcrumbList","@id":"https:\/\/www.szenik.eu\/de\/la-kulturfabrik-esch-sur-alzette-accueille-le-collectif-cooperationsart-37029#breadcrumb","itemListElement":[{"@type":"ListItem","position":1,"name":"Home","item":"https:\/\/www.szenik.eu\/de"},{"@type":"ListItem","position":2,"name":"Die Kulturfabrik Esch-sur-Alzette \u00f6ffnet ihre Tore f\u00fcr das Kollektiv cooperationsART."}]},{"@type":"WebSite","@id":"https:\/\/www.szenik.eu\/de\/#website","url":"https:\/\/www.szenik.eu\/de\/","name":"szenik","description":"Le Meilleur des sc\u00e8nes au coeur de l&#039;Europe","publisher":{"@id":"https:\/\/www.szenik.eu\/de\/#organization"},"potentialAction":[{"@type":"SearchAction","target":{"@type":"EntryPoint","urlTemplate":"https:\/\/www.szenik.eu\/de\/?s={search_term_string}"},"query-input":"required name=search_term_string"}],"inLanguage":"de"},{"@type":"Organization","@id":"https:\/\/www.szenik.eu\/de\/#organization","name":"Szenik","url":"https:\/\/www.szenik.eu\/de\/","logo":{"@type":"ImageObject","inLanguage":"de","@id":"https:\/\/www.szenik.eu\/de\/#\/schema\/logo\/image\/","url":"https:\/\/www.szenik.eu\/wp-content\/uploads\/2019\/07\/logo-square.png","contentUrl":"https:\/\/www.szenik.eu\/wp-content\/uploads\/2019\/07\/logo-square.png","width":512,"height":512,"caption":"Szenik"},"image":{"@id":"https:\/\/www.szenik.eu\/de\/#\/schema\/logo\/image\/"},"sameAs":["https:\/\/www.facebook.com\/szenik.eu\/","https:\/\/twitter.com\/Szenik","https:\/\/www.instagram.com\/szenik_magazine\/","https:\/\/www.youtube.com\/user\/SzenikEU\/"]},{"@type":"Person","@id":"https:\/\/www.szenik.eu\/de\/#\/schema\/person\/15f73f175b41bad194837490339d48fb","name":"szenik","image":{"@type":"ImageObject","inLanguage":"de","@id":"https:\/\/www.szenik.eu\/de\/#\/schema\/person\/image\/","url":"https:\/\/secure.gravatar.com\/avatar\/d1c4f19522a624a4eaa5e6c03e22370b?s=96&d=mm&r=g","contentUrl":"https:\/\/secure.gravatar.com\/avatar\/d1c4f19522a624a4eaa5e6c03e22370b?s=96&d=mm&r=g","caption":"szenik"}}]}},"jetpack_featured_media_url":"https:\/\/www.szenik.eu\/wp-content\/uploads\/2021\/01\/21_01_25_squatfabrik_cooperation_2\u00a9Shariel-Baptista.jpg","amp_enabled":true,"_links":{"self":[{"href":"https:\/\/www.szenik.eu\/de\/wp-json\/\/wp\/v2\/posts\/37029"}],"collection":[{"href":"https:\/\/www.szenik.eu\/de\/wp-json\/\/wp\/v2\/posts"}],"about":[{"href":"https:\/\/www.szenik.eu\/de\/wp-json\/\/wp\/v2\/types\/post"}],"author":[{"embeddable":true,"href":"https:\/\/www.szenik.eu\/de\/wp-json\/\/wp\/v2\/users\/1"}],"replies":[{"embeddable":true,"href":"https:\/\/www.szenik.eu\/de\/wp-json\/\/wp\/v2\/comments?post=37029"}],"version-history":[{"count":2,"href":"https:\/\/www.szenik.eu\/de\/wp-json\/\/wp\/v2\/posts\/37029\/revisions"}],"predecessor-version":[{"id":37082,"href":"https:\/\/www.szenik.eu\/de\/wp-json\/\/wp\/v2\/posts\/37029\/revisions\/37082"}],"wp:featuredmedia":[{"embeddable":true,"href":"https:\/\/www.szenik.eu\/de\/wp-json\/\/wp\/v2\/media\/37023"}],"wp:attachment":[{"href":"https:\/\/www.szenik.eu\/de\/wp-json\/\/wp\/v2\/media?parent=37029"}],"wp:term":[{"taxonomy":"category","embeddable":true,"href":"https:\/\/www.szenik.eu\/de\/wp-json\/\/wp\/v2\/categories?post=37029"},{"taxonomy":"post_tag","embeddable":true,"href":"https:\/\/www.szenik.eu\/de\/wp-json\/\/wp\/v2\/tags?post=37029"}],"curies":[{"name":"wp","href":"https:\/\/api.w.org\/{rel}","templated":true}]}}