{"id":36514,"date":"2020-12-16T18:22:12","date_gmt":"2020-12-16T17:22:12","guid":{"rendered":"https:\/\/www.szenik.eu\/?p=36514\/"},"modified":"2020-12-16T18:50:00","modified_gmt":"2020-12-16T17:50:00","slug":"der-jazzclub-karlsruhe-geht-in-der-weihnachtszeit-online-und-streamt-seine-konzerte","status":"publish","type":"post","link":"https:\/\/www.szenik.eu\/de\/der-jazzclub-karlsruhe-geht-in-der-weihnachtszeit-online-und-streamt-seine-konzerte-36514","title":{"rendered":"Der Jazzclub Karlsruhe geht in der Weihnachtszeit online und streamt seine Konzerte."},"content":{"rendered":"\n<h2>W\u00e4hrend es den einen mit \u201cStille Nacht\u201d ganz heimelig ums Herz wird, bedeutet der Titel f\u00fcr die Kultur seit Wochen leider bittere Realit\u00e4t. Jede Nacht, stille Nacht! <\/h2>\n\n\n\n<div style=\"height:100px\" aria-hidden=\"true\" class=\"wp-block-spacer\"><\/div>\n\n\n\n<p>Doch ganz lautlos will der Jazzclub seine Freundinnen und Freunde zum Jahreswechsel nicht alleine lassen, sondern hat vier Konzerttermine angesetzt, die ein breites Feld des Jazz abdecken und feine Musik in den Homeclub streamen. Ab dem angesetzten Konzerttermin bleiben die vier Konzerte jeweils drei Tage online verf\u00fcgbar. <\/p>\n\n\n\n<div style=\"height:100px\" aria-hidden=\"true\" class=\"wp-block-spacer\"><\/div>\n\n\n\n<p class=\"has-background has-text-align-center has-medium-font-size has-luminous-vivid-amber-background-color\">Jazz auf Ihrem Bildschirm<\/p>\n\n\n\n<div style=\"height:20px\" aria-hidden=\"true\" class=\"wp-block-spacer\"><\/div>\n\n\n\n<h4 class=\"has-text-align-center\" id=\"teddys-christmas-show\"><strong>Teddys Christmas Show<\/strong><br>Mittwoch, 23. Dezember 2020 um 19:00 im Livestream<\/h4>\n\n\n\n<div style=\"height:20px\" aria-hidden=\"true\" class=\"wp-block-spacer\"><\/div>\n\n\n\n<figure class=\"wp-block-image size-large\"><img decoding=\"async\" loading=\"lazy\" width=\"842\" height=\"588\" src=\"https:\/\/www.szenik.eu\/wp-content\/uploads\/2020\/12\/Teddy-jazzclub-karlsruhe-szenik.png\" alt=\"\" class=\"wp-image-36518\" srcset=\"https:\/\/www.szenik.eu\/wp-content\/uploads\/2020\/12\/Teddy-jazzclub-karlsruhe-szenik.png 842w, https:\/\/www.szenik.eu\/wp-content\/uploads\/2020\/12\/Teddy-jazzclub-karlsruhe-szenik-300x210.png 300w, https:\/\/www.szenik.eu\/wp-content\/uploads\/2020\/12\/Teddy-jazzclub-karlsruhe-szenik-768x536.png 768w, https:\/\/www.szenik.eu\/wp-content\/uploads\/2020\/12\/Teddy-jazzclub-karlsruhe-szenik-750x524.png 750w\" sizes=\"(max-width: 842px) 100vw, 842px\" \/><figcaption>Teddy I Jazzclub Karlsruhe<\/figcaption><\/figure>\n\n\n\n<div style=\"height:20px\" aria-hidden=\"true\" class=\"wp-block-spacer\"><\/div>\n\n\n\n<p>Ein bisschen weihnachtliche Besinnlichkeit muss dann doch sein! Sagt\u00a0sich Entertainer Teddy und begibt sich mit dem Jazzpianisten <strong>Gernot Ziegler, Niklas Braun<\/strong> am Bass und Drummer <strong>Jonathan Zacharias<\/strong> \u00fcber Weihnachten auf eine einsame B\u00fchne irgendwo in Karlsruhe. Dort feiern sie und ihre beiden illustren Gesangsg\u00e4ste <strong>Sarah Lipfert<\/strong> und <strong>Sean Guptill <\/strong>in aller Abgeschiedenheit ihre Lieblings-Weihnachtssongs \u2013 mit ihrem und f\u00fcr ihr Publikum an den Empfangsger\u00e4ten zu Hause. Mit Chestnuts, Rentieren, jingelnden Bells und allen weiteren Accessoires der ber\u00fchmten Weihnachtsklassiker sorgen sie f\u00fcr ebenso festliche wie entspannte wie heitere Abwechslung an den Feiertagen!<\/p>\n\n\n\n<div style=\"height:20px\" aria-hidden=\"true\" class=\"wp-block-spacer\"><\/div>\n\n\n\n<p class=\"has-background has-text-align-center has-luminous-vivid-amber-background-color\"><em>Zum Stream: <a rel=\"noreferrer noopener\" aria-label=\" (opens in a new tab)\" href=\"http:\/\/www.jazzclub.de\/event\/teddys-christmas-show\/\" target=\"_blank\">www.jazzclub.de<\/a><\/em><\/p>\n\n\n\n<div style=\"height:45px\" aria-hidden=\"true\" class=\"wp-block-spacer\"><\/div>\n\n\n\n<h4 class=\"has-text-align-center\" id=\"jazzclassix----gerry-mulliganchet-baker\"><strong>Jazzclassix &#8211; Gerry-Mulligan+Chet Baker<\/strong><br>Montag, 28. Dezember 2020 um 20:00 im Livestream<\/h4>\n\n\n\n<div style=\"height:20px\" aria-hidden=\"true\" class=\"wp-block-spacer\"><\/div>\n\n\n\n<figure class=\"wp-block-image size-large\"><img decoding=\"async\" loading=\"lazy\" width=\"1024\" height=\"768\" src=\"https:\/\/www.szenik.eu\/wp-content\/uploads\/2020\/12\/jazzclub-karlsruhe-szenik-1024x768.jpg\" alt=\"\" class=\"wp-image-36520\" srcset=\"https:\/\/www.szenik.eu\/wp-content\/uploads\/2020\/12\/jazzclub-karlsruhe-szenik-1024x768.jpg 1024w, https:\/\/www.szenik.eu\/wp-content\/uploads\/2020\/12\/jazzclub-karlsruhe-szenik-300x225.jpg 300w, https:\/\/www.szenik.eu\/wp-content\/uploads\/2020\/12\/jazzclub-karlsruhe-szenik-768x576.jpg 768w, https:\/\/www.szenik.eu\/wp-content\/uploads\/2020\/12\/jazzclub-karlsruhe-szenik-750x563.jpg 750w, https:\/\/www.szenik.eu\/wp-content\/uploads\/2020\/12\/jazzclub-karlsruhe-szenik-1140x855.jpg 1140w, https:\/\/www.szenik.eu\/wp-content\/uploads\/2020\/12\/jazzclub-karlsruhe-szenik.jpg 1280w\" sizes=\"(max-width: 1024px) 100vw, 1024px\" \/><figcaption>Jazzclub Karlsruhe<\/figcaption><\/figure>\n\n\n\n<div style=\"height:20px\" aria-hidden=\"true\" class=\"wp-block-spacer\"><\/div>\n\n\n\n<p>Die Verbindung von <strong>Gerry Mulligan<\/strong> und <strong>Chet Baker <\/strong>war sicher nicht immer ganz konfliktfrei, musikalisch war sie aber sehr fruchtbar. Der 1927 in New York geborene Saxophonist und der um zwei Jahre j\u00fcngere Trompeter trafen Anfang der 50er Jahre aufeinander und erwiesen sich als experimentierfreudige Partner. Mit der Gr\u00fcndung eines Quartetts ohne Harmonieinstrument, im Jahre 1953 schrieben sie Jazzgeschichte. Ihr<br>polyphones zweistimmiges Spiel war f\u00fcr damalige Verh\u00e4ltnisse eher schlicht und sanglich, ohne den intellektuellen Anspruch aufzugeben.<br>Ohne Saxophon und Trompete wagt sich nun das Quartett um den Freiburger Posaunisten <strong>Lou Lecaudey<\/strong> an diese Arrangements. Gitarre und Posaune er\u00f6ffnen mit ihrem Polyphonen Spiel ein neues Klangspektrum.<\/p>\n\n\n\n<div style=\"height:20px\" aria-hidden=\"true\" class=\"wp-block-spacer\"><\/div>\n\n\n\n<p class=\"has-background has-text-align-center has-luminous-vivid-amber-background-color\"><em>Zum Stream: <a rel=\"noreferrer noopener\" aria-label=\" (opens in a new tab)\" href=\"http:\/\/www.jazzclub.de\/event\/jazzclassix-gerry-mulliganchet-baker\" target=\"_blank\">www.jazzclub.de<\/a><\/em><\/p>\n\n\n\n<div style=\"height:44px\" aria-hidden=\"true\" class=\"wp-block-spacer\"><\/div>\n\n\n\n<h4 class=\"has-text-align-center\" id=\"jens-d\u00fcppe-ego-d\"><strong>Jens D\u00fcppe: ego D<\/strong><br>Donnerstag, 31. Dezember 2020 um 19:00 im Livestream<\/h4>\n\n\n\n<div style=\"height:20px\" aria-hidden=\"true\" class=\"wp-block-spacer\"><\/div>\n\n\n\n<figure class=\"wp-block-image size-large\"><img decoding=\"async\" loading=\"lazy\" width=\"1024\" height=\"683\" src=\"https:\/\/www.szenik.eu\/wp-content\/uploads\/2020\/12\/Capture-d\u2019\u00e9cran-2020-12-16-\u00e0-18.42.31-1024x683.png\" alt=\"\" class=\"wp-image-36524\" srcset=\"https:\/\/www.szenik.eu\/wp-content\/uploads\/2020\/12\/Capture-d\u2019\u00e9cran-2020-12-16-\u00e0-18.42.31-1024x683.png 1024w, https:\/\/www.szenik.eu\/wp-content\/uploads\/2020\/12\/Capture-d\u2019\u00e9cran-2020-12-16-\u00e0-18.42.31-300x200.png 300w, https:\/\/www.szenik.eu\/wp-content\/uploads\/2020\/12\/Capture-d\u2019\u00e9cran-2020-12-16-\u00e0-18.42.31-768x512.png 768w, https:\/\/www.szenik.eu\/wp-content\/uploads\/2020\/12\/Capture-d\u2019\u00e9cran-2020-12-16-\u00e0-18.42.31-750x500.png 750w, https:\/\/www.szenik.eu\/wp-content\/uploads\/2020\/12\/Capture-d\u2019\u00e9cran-2020-12-16-\u00e0-18.42.31.png 1129w\" sizes=\"(max-width: 1024px) 100vw, 1024px\" \/><figcaption>ego D I Mark-Steffen G\u00f6wecke<\/figcaption><\/figure>\n\n\n\n<div style=\"height:20px\" aria-hidden=\"true\" class=\"wp-block-spacer\"><\/div>\n\n\n\n<p>Das gab es in dieser Form noch nicht!<br>Der kreative Schlagzeuger<strong> Jens D\u00fcppe<\/strong> \u00fcberzeugt gleichzeitig am Schlagzeug, Fender Rhodes und Synthesizer mit seinem intensiven und experimentellen Spiel. In seinem aktuellen Soloprogramm hat er eine neue Form der Musikdarbietung entwickelt. Wir erwarten Jazz in einer v\u00f6llig neuen Form.<br>Jens D\u00fcppe ist vielen Jazzfreunden seit Jahren ein Begriff. Nach der Nominierung zum ECHO JAZZ 2018 wurde ihm 2019 der WDR Jazzpreises verliehen. Weltweite Konzertreisen und internationale Musikprojekte pr\u00e4gen Jens D\u00fcppe\u2019s breites Verst\u00e4ndnis von Musik, und vieles davon vereint er in diesem seinem ersten Soloprogramm. Sehr pers\u00f6nlich und direkt erz\u00e4hlt D\u00fcppe musikalische Geschichten, die einen unmittelbar ber\u00fchren. Musik mit weiten Horizonten.<\/p>\n\n\n\n<div style=\"height:20px\" aria-hidden=\"true\" class=\"wp-block-spacer\"><\/div>\n\n\n\n<p class=\"has-background has-text-align-center has-luminous-vivid-amber-background-color\"><em>Zum Stream: <a rel=\"noreferrer noopener\" aria-label=\" (opens in a new tab)\" href=\"http:\/\/www.jazzclub.de\/event\/jens-dueppe-ego-d\/\" target=\"_blank\">www.jazzclub.de<\/a><\/em><\/p>\n\n\n\n<div style=\"height:55px\" aria-hidden=\"true\" class=\"wp-block-spacer\"><\/div>\n\n\n\n<h4 class=\"has-text-align-center\" id=\"dfth\"><strong>DFTh<\/strong><br>Montag, 4. Januar 2021 um 20:00 im Livestream<\/h4>\n\n\n\n<div style=\"height:20px\" aria-hidden=\"true\" class=\"wp-block-spacer\"><\/div>\n\n\n\n<figure class=\"wp-block-image size-large\"><img decoding=\"async\" loading=\"lazy\" width=\"1024\" height=\"694\" src=\"https:\/\/www.szenik.eu\/wp-content\/uploads\/2020\/12\/DinkelFrischTheilmann_c_bernd-hentschel_jazzclub-karlsruhe-szenik-1024x694.jpg\" alt=\"\" class=\"wp-image-36522\" srcset=\"https:\/\/www.szenik.eu\/wp-content\/uploads\/2020\/12\/DinkelFrischTheilmann_c_bernd-hentschel_jazzclub-karlsruhe-szenik-1024x694.jpg 1024w, https:\/\/www.szenik.eu\/wp-content\/uploads\/2020\/12\/DinkelFrischTheilmann_c_bernd-hentschel_jazzclub-karlsruhe-szenik-300x203.jpg 300w, https:\/\/www.szenik.eu\/wp-content\/uploads\/2020\/12\/DinkelFrischTheilmann_c_bernd-hentschel_jazzclub-karlsruhe-szenik-768x521.jpg 768w, https:\/\/www.szenik.eu\/wp-content\/uploads\/2020\/12\/DinkelFrischTheilmann_c_bernd-hentschel_jazzclub-karlsruhe-szenik-1536x1042.jpg 1536w, https:\/\/www.szenik.eu\/wp-content\/uploads\/2020\/12\/DinkelFrischTheilmann_c_bernd-hentschel_jazzclub-karlsruhe-szenik-750x509.jpg 750w, https:\/\/www.szenik.eu\/wp-content\/uploads\/2020\/12\/DinkelFrischTheilmann_c_bernd-hentschel_jazzclub-karlsruhe-szenik-1140x773.jpg 1140w, https:\/\/www.szenik.eu\/wp-content\/uploads\/2020\/12\/DinkelFrischTheilmann_c_bernd-hentschel_jazzclub-karlsruhe-szenik.jpg 1600w\" sizes=\"(max-width: 1024px) 100vw, 1024px\" \/><figcaption>DFTh I Bernd Henschel<\/figcaption><\/figure>\n\n\n\n<div style=\"height:20px\" aria-hidden=\"true\" class=\"wp-block-spacer\"><\/div>\n\n\n\n<p>Als sich 1983 <strong>Helmut Dinkel, Rudolf Theilmann<\/strong> und <strong>Johannes Frisch <\/strong>erstmals auf der Jazzclub-B\u00fchne zusammenfanden, war schnell vom \u201ebedeutendsten Ensemble der Karlsruher Jazzszene\u201c die Rede. Das war nicht verwunderlich, war die Formation doch in die Fu\u00dfstapfen der Formationen Modern Jazz Quintett Karlsruhe und Fourmenonly getreten, mit denen Schlagzeuger Theilmann seit den 60er Jahren europ\u00e4ische Free Jazz-Geschichte mitgeschrieben hatte, wie Ekkehard Josts Standardwerk \u201eEuropas Jazz 1960-80\u201c unterstreicht. <\/p>\n\n\n\n<p>Gerade sind deren jahrzehntelang vergriffene vier LPs als 3-fach CD-Box wiedererschienen, die den au\u00dferordentlich eigenst\u00e4ndigen und au\u00dfergew\u00f6hnlichen Stil dieser international ger\u00fchmten Karlsruher Formation herausstellt. Nicht weniger undogmatisch improvisierend ist das Trio DFTh, das f\u00fcr musikalische Gespr\u00e4che auf hohem Niveau steht, die von heftig gef\u00fchrten Diskussionen bis zu einm\u00fctigen Hymnen reichen. <\/p>\n\n\n\n<p>In den j\u00fcngsten Jahren sind die Konzerte des Flaggschiffs der Karlsruher Impro-Szene sehr rar geworden.<\/p>\n\n\n\n<div style=\"height:20px\" aria-hidden=\"true\" class=\"wp-block-spacer\"><\/div>\n\n\n\n<p class=\"has-background has-text-align-center has-luminous-vivid-amber-background-color\"><em>Zum Stream: <a rel=\"noreferrer noopener\" aria-label=\" (opens in a new tab)\" href=\"http:\/\/www.jazzclub.de\/event\/jazzlive-dfth\/\" target=\"_blank\">www.jazzclub.de<\/a><\/em><\/p>\n\n\n\n<div style=\"height:100px\" aria-hidden=\"true\" class=\"wp-block-spacer\"><\/div>\n\n\n\n<div class=\"wp-block-button aligncenter\"><a class=\"wp-block-button__link has-text-color has-very-dark-gray-color has-background has-pale-cyan-blue-background-color\" href=\"https:\/\/www.jazzclub.de\" target=\"_blank\" rel=\"noreferrer noopener\"><em>Stream,<\/em> <em>Tickets und alle Infos gibt es \u00fcber\u00a0die Website des Jazzclub Karlsruhe<\/em><\/a><\/div>\n\n\n\n<div style=\"height:100px\" aria-hidden=\"true\" class=\"wp-block-spacer\"><\/div>\n\n\n\n<p class=\"has-small-font-size\">Foto: Mark-Steffen G\u00f6wecke<\/p>\n\n\n\n<div style=\"height:100px\" aria-hidden=\"true\" class=\"wp-block-spacer\"><\/div>\n","protected":false},"excerpt":{"rendered":"<p>W\u00e4hrend es den einen mit \u201cStille Nacht\u201d ganz heimelig ums Herz wird, bedeutet der Titel f\u00fcr die Kultur seit Wochen leider bittere Realit\u00e4t. Jede Nacht, stille Nacht! Doch ganz lautlos will der Jazzclub seine Freundinnen und Freunde zum Jahreswechsel nicht alleine lassen, sondern hat vier Konzerttermine angesetzt, die ein breites Feld des Jazz abdecken und [&hellip;]<\/p>\n","protected":false},"author":1,"featured_media":36524,"comment_status":"open","ping_status":"open","sticky":false,"template":"","format":"standard","meta":{"_monsterinsights_skip_tracking":false,"_monsterinsights_sitenote_active":false,"_monsterinsights_sitenote_note":"","_monsterinsights_sitenote_category":0},"categories":[2815,53],"tags":[10106,10113,2197,10105,10112,10115,10108,2224,10111,10107,10114,10109,10110],"yoast_head":"<!-- This site is optimized with the Yoast SEO plugin v20.5 - https:\/\/yoast.com\/wordpress\/plugins\/seo\/ -->\n<title>Der Jazzclub Karlsruhe geht an Weihnachten online I szenik<\/title>\n<meta name=\"description\" content=\"Der Jazzclub Karlsruhe geht in der Weihnachtszeit online und streamt seine Konzerte. Mit Jens D\u00fcppe, Lou Lecaudey und dem Trio Trio DFTh.\" \/>\n<meta name=\"robots\" content=\"index, follow, max-snippet:-1, max-image-preview:large, max-video-preview:-1\" \/>\n<link rel=\"canonical\" href=\"https:\/\/www.szenik.eu\/de\/der-jazzclub-karlsruhe-geht-in-der-weihnachtszeit-online-und-streamt-seine-konzerte-36514\" \/>\n<meta property=\"og:locale\" content=\"de_DE\" \/>\n<meta property=\"og:type\" content=\"article\" \/>\n<meta property=\"og:title\" content=\"Der Jazzclub Karlsruhe geht an Weihnachten online I szenik\" \/>\n<meta property=\"og:description\" content=\"Der Jazzclub Karlsruhe geht in der Weihnachtszeit online und streamt seine Konzerte. Mit Jens D\u00fcppe, Lou Lecaudey und dem Trio Trio DFTh.\" \/>\n<meta property=\"og:url\" content=\"https:\/\/www.szenik.eu\/de\/der-jazzclub-karlsruhe-geht-in-der-weihnachtszeit-online-und-streamt-seine-konzerte-36514\" \/>\n<meta property=\"og:site_name\" content=\"szenik\" \/>\n<meta property=\"article:publisher\" content=\"https:\/\/www.facebook.com\/szenik.eu\/\" \/>\n<meta property=\"article:published_time\" content=\"2020-12-16T17:22:12+00:00\" \/>\n<meta property=\"article:modified_time\" content=\"2020-12-16T17:50:00+00:00\" \/>\n<meta property=\"og:image\" content=\"https:\/\/www.szenik.eu\/wp-content\/uploads\/2020\/12\/Capture-d\u2019\u00e9cran-2020-12-16-\u00e0-18.42.31.png\" \/>\n\t<meta property=\"og:image:width\" content=\"1129\" \/>\n\t<meta property=\"og:image:height\" content=\"753\" \/>\n\t<meta property=\"og:image:type\" content=\"image\/png\" \/>\n<meta name=\"author\" content=\"szenik\" \/>\n<meta name=\"twitter:card\" content=\"summary_large_image\" \/>\n<meta name=\"twitter:creator\" content=\"@Szenik\" \/>\n<meta name=\"twitter:site\" content=\"@Szenik\" \/>\n<meta name=\"twitter:label1\" content=\"Verfasst von\" \/>\n\t<meta name=\"twitter:data1\" content=\"szenik\" \/>\n\t<meta name=\"twitter:label2\" content=\"Gesch\u00e4tzte Lesezeit\" \/>\n\t<meta name=\"twitter:data2\" content=\"3\u00a0Minuten\" \/>\n<script type=\"application\/ld+json\" class=\"yoast-schema-graph\">{\"@context\":\"https:\/\/schema.org\",\"@graph\":[{\"@type\":\"Article\",\"@id\":\"https:\/\/www.szenik.eu\/de\/der-jazzclub-karlsruhe-geht-in-der-weihnachtszeit-online-und-streamt-seine-konzerte-36514#article\",\"isPartOf\":{\"@id\":\"https:\/\/www.szenik.eu\/de\/der-jazzclub-karlsruhe-geht-in-der-weihnachtszeit-online-und-streamt-seine-konzerte-36514\"},\"author\":{\"name\":\"szenik\",\"@id\":\"https:\/\/www.szenik.eu\/de\/#\/schema\/person\/15f73f175b41bad194837490339d48fb\"},\"headline\":\"Der Jazzclub Karlsruhe geht in der Weihnachtszeit online und streamt seine Konzerte.\",\"datePublished\":\"2020-12-16T17:22:12+00:00\",\"dateModified\":\"2020-12-16T17:50:00+00:00\",\"mainEntityOfPage\":{\"@id\":\"https:\/\/www.szenik.eu\/de\/der-jazzclub-karlsruhe-geht-in-der-weihnachtszeit-online-und-streamt-seine-konzerte-36514\"},\"wordCount\":645,\"commentCount\":0,\"publisher\":{\"@id\":\"https:\/\/www.szenik.eu\/de\/#organization\"},\"keywords\":[\"Gernot Ziegler\",\"Helmut Dinkel\",\"Jazz\",\"Jazzclub\",\"Jens D\u00fcppe\",\"Johannes Frisch\",\"Jonathan Zacharias\",\"Karlsruhe\",\"Lou Lecaudey\",\"Niklas Braun\",\"Rudolf Theilmann\",\"Sarah Lipfert\",\"Sean Guptill\"],\"articleSection\":[\"Kurz &amp; knackig\",\"Magazin\"],\"inLanguage\":\"de\",\"potentialAction\":[{\"@type\":\"CommentAction\",\"name\":\"Comment\",\"target\":[\"https:\/\/www.szenik.eu\/de\/der-jazzclub-karlsruhe-geht-in-der-weihnachtszeit-online-und-streamt-seine-konzerte-36514#respond\"]}]},{\"@type\":\"WebPage\",\"@id\":\"https:\/\/www.szenik.eu\/de\/der-jazzclub-karlsruhe-geht-in-der-weihnachtszeit-online-und-streamt-seine-konzerte-36514\",\"url\":\"https:\/\/www.szenik.eu\/de\/der-jazzclub-karlsruhe-geht-in-der-weihnachtszeit-online-und-streamt-seine-konzerte-36514\",\"name\":\"Der Jazzclub Karlsruhe geht an Weihnachten online I szenik\",\"isPartOf\":{\"@id\":\"https:\/\/www.szenik.eu\/de\/#website\"},\"datePublished\":\"2020-12-16T17:22:12+00:00\",\"dateModified\":\"2020-12-16T17:50:00+00:00\",\"description\":\"Der Jazzclub Karlsruhe geht in der Weihnachtszeit online und streamt seine Konzerte. Mit Jens D\u00fcppe, Lou Lecaudey und dem Trio Trio DFTh.\",\"breadcrumb\":{\"@id\":\"https:\/\/www.szenik.eu\/de\/der-jazzclub-karlsruhe-geht-in-der-weihnachtszeit-online-und-streamt-seine-konzerte-36514#breadcrumb\"},\"inLanguage\":\"de\",\"potentialAction\":[{\"@type\":\"ReadAction\",\"target\":[\"https:\/\/www.szenik.eu\/de\/der-jazzclub-karlsruhe-geht-in-der-weihnachtszeit-online-und-streamt-seine-konzerte-36514\"]}]},{\"@type\":\"BreadcrumbList\",\"@id\":\"https:\/\/www.szenik.eu\/de\/der-jazzclub-karlsruhe-geht-in-der-weihnachtszeit-online-und-streamt-seine-konzerte-36514#breadcrumb\",\"itemListElement\":[{\"@type\":\"ListItem\",\"position\":1,\"name\":\"Home\",\"item\":\"https:\/\/www.szenik.eu\/de\"},{\"@type\":\"ListItem\",\"position\":2,\"name\":\"Der Jazzclub Karlsruhe geht in der Weihnachtszeit online und streamt seine Konzerte.\"}]},{\"@type\":\"WebSite\",\"@id\":\"https:\/\/www.szenik.eu\/de\/#website\",\"url\":\"https:\/\/www.szenik.eu\/de\/\",\"name\":\"szenik\",\"description\":\"Le Meilleur des sc\u00e8nes au coeur de l&#039;Europe\",\"publisher\":{\"@id\":\"https:\/\/www.szenik.eu\/de\/#organization\"},\"potentialAction\":[{\"@type\":\"SearchAction\",\"target\":{\"@type\":\"EntryPoint\",\"urlTemplate\":\"https:\/\/www.szenik.eu\/de\/?s={search_term_string}\"},\"query-input\":\"required name=search_term_string\"}],\"inLanguage\":\"de\"},{\"@type\":\"Organization\",\"@id\":\"https:\/\/www.szenik.eu\/de\/#organization\",\"name\":\"Szenik\",\"url\":\"https:\/\/www.szenik.eu\/de\/\",\"logo\":{\"@type\":\"ImageObject\",\"inLanguage\":\"de\",\"@id\":\"https:\/\/www.szenik.eu\/de\/#\/schema\/logo\/image\/\",\"url\":\"https:\/\/www.szenik.eu\/wp-content\/uploads\/2019\/07\/logo-square.png\",\"contentUrl\":\"https:\/\/www.szenik.eu\/wp-content\/uploads\/2019\/07\/logo-square.png\",\"width\":512,\"height\":512,\"caption\":\"Szenik\"},\"image\":{\"@id\":\"https:\/\/www.szenik.eu\/de\/#\/schema\/logo\/image\/\"},\"sameAs\":[\"https:\/\/www.facebook.com\/szenik.eu\/\",\"https:\/\/twitter.com\/Szenik\",\"https:\/\/www.instagram.com\/szenik_magazine\/\",\"https:\/\/www.youtube.com\/user\/SzenikEU\/\"]},{\"@type\":\"Person\",\"@id\":\"https:\/\/www.szenik.eu\/de\/#\/schema\/person\/15f73f175b41bad194837490339d48fb\",\"name\":\"szenik\",\"image\":{\"@type\":\"ImageObject\",\"inLanguage\":\"de\",\"@id\":\"https:\/\/www.szenik.eu\/de\/#\/schema\/person\/image\/\",\"url\":\"https:\/\/secure.gravatar.com\/avatar\/d1c4f19522a624a4eaa5e6c03e22370b?s=96&d=mm&r=g\",\"contentUrl\":\"https:\/\/secure.gravatar.com\/avatar\/d1c4f19522a624a4eaa5e6c03e22370b?s=96&d=mm&r=g\",\"caption\":\"szenik\"}}]}<\/script>\n<!-- \/ Yoast SEO plugin. -->","yoast_head_json":{"title":"Der Jazzclub Karlsruhe geht an Weihnachten online I szenik","description":"Der Jazzclub Karlsruhe geht in der Weihnachtszeit online und streamt seine Konzerte. Mit Jens D\u00fcppe, Lou Lecaudey und dem Trio Trio DFTh.","robots":{"index":"index","follow":"follow","max-snippet":"max-snippet:-1","max-image-preview":"max-image-preview:large","max-video-preview":"max-video-preview:-1"},"canonical":"https:\/\/www.szenik.eu\/de\/der-jazzclub-karlsruhe-geht-in-der-weihnachtszeit-online-und-streamt-seine-konzerte-36514","og_locale":"de_DE","og_type":"article","og_title":"Der Jazzclub Karlsruhe geht an Weihnachten online I szenik","og_description":"Der Jazzclub Karlsruhe geht in der Weihnachtszeit online und streamt seine Konzerte. Mit Jens D\u00fcppe, Lou Lecaudey und dem Trio Trio DFTh.","og_url":"https:\/\/www.szenik.eu\/de\/der-jazzclub-karlsruhe-geht-in-der-weihnachtszeit-online-und-streamt-seine-konzerte-36514","og_site_name":"szenik","article_publisher":"https:\/\/www.facebook.com\/szenik.eu\/","article_published_time":"2020-12-16T17:22:12+00:00","article_modified_time":"2020-12-16T17:50:00+00:00","og_image":[{"width":1129,"height":753,"url":"https:\/\/www.szenik.eu\/wp-content\/uploads\/2020\/12\/Capture-d\u2019\u00e9cran-2020-12-16-\u00e0-18.42.31.png","type":"image\/png"}],"author":"szenik","twitter_card":"summary_large_image","twitter_creator":"@Szenik","twitter_site":"@Szenik","twitter_misc":{"Verfasst von":"szenik","Gesch\u00e4tzte Lesezeit":"3\u00a0Minuten"},"schema":{"@context":"https:\/\/schema.org","@graph":[{"@type":"Article","@id":"https:\/\/www.szenik.eu\/de\/der-jazzclub-karlsruhe-geht-in-der-weihnachtszeit-online-und-streamt-seine-konzerte-36514#article","isPartOf":{"@id":"https:\/\/www.szenik.eu\/de\/der-jazzclub-karlsruhe-geht-in-der-weihnachtszeit-online-und-streamt-seine-konzerte-36514"},"author":{"name":"szenik","@id":"https:\/\/www.szenik.eu\/de\/#\/schema\/person\/15f73f175b41bad194837490339d48fb"},"headline":"Der Jazzclub Karlsruhe geht in der Weihnachtszeit online und streamt seine Konzerte.","datePublished":"2020-12-16T17:22:12+00:00","dateModified":"2020-12-16T17:50:00+00:00","mainEntityOfPage":{"@id":"https:\/\/www.szenik.eu\/de\/der-jazzclub-karlsruhe-geht-in-der-weihnachtszeit-online-und-streamt-seine-konzerte-36514"},"wordCount":645,"commentCount":0,"publisher":{"@id":"https:\/\/www.szenik.eu\/de\/#organization"},"keywords":["Gernot Ziegler","Helmut Dinkel","Jazz","Jazzclub","Jens D\u00fcppe","Johannes Frisch","Jonathan Zacharias","Karlsruhe","Lou Lecaudey","Niklas Braun","Rudolf Theilmann","Sarah Lipfert","Sean Guptill"],"articleSection":["Kurz &amp; knackig","Magazin"],"inLanguage":"de","potentialAction":[{"@type":"CommentAction","name":"Comment","target":["https:\/\/www.szenik.eu\/de\/der-jazzclub-karlsruhe-geht-in-der-weihnachtszeit-online-und-streamt-seine-konzerte-36514#respond"]}]},{"@type":"WebPage","@id":"https:\/\/www.szenik.eu\/de\/der-jazzclub-karlsruhe-geht-in-der-weihnachtszeit-online-und-streamt-seine-konzerte-36514","url":"https:\/\/www.szenik.eu\/de\/der-jazzclub-karlsruhe-geht-in-der-weihnachtszeit-online-und-streamt-seine-konzerte-36514","name":"Der Jazzclub Karlsruhe geht an Weihnachten online I szenik","isPartOf":{"@id":"https:\/\/www.szenik.eu\/de\/#website"},"datePublished":"2020-12-16T17:22:12+00:00","dateModified":"2020-12-16T17:50:00+00:00","description":"Der Jazzclub Karlsruhe geht in der Weihnachtszeit online und streamt seine Konzerte. Mit Jens D\u00fcppe, Lou Lecaudey und dem Trio Trio DFTh.","breadcrumb":{"@id":"https:\/\/www.szenik.eu\/de\/der-jazzclub-karlsruhe-geht-in-der-weihnachtszeit-online-und-streamt-seine-konzerte-36514#breadcrumb"},"inLanguage":"de","potentialAction":[{"@type":"ReadAction","target":["https:\/\/www.szenik.eu\/de\/der-jazzclub-karlsruhe-geht-in-der-weihnachtszeit-online-und-streamt-seine-konzerte-36514"]}]},{"@type":"BreadcrumbList","@id":"https:\/\/www.szenik.eu\/de\/der-jazzclub-karlsruhe-geht-in-der-weihnachtszeit-online-und-streamt-seine-konzerte-36514#breadcrumb","itemListElement":[{"@type":"ListItem","position":1,"name":"Home","item":"https:\/\/www.szenik.eu\/de"},{"@type":"ListItem","position":2,"name":"Der Jazzclub Karlsruhe geht in der Weihnachtszeit online und streamt seine Konzerte."}]},{"@type":"WebSite","@id":"https:\/\/www.szenik.eu\/de\/#website","url":"https:\/\/www.szenik.eu\/de\/","name":"szenik","description":"Le Meilleur des sc\u00e8nes au coeur de l&#039;Europe","publisher":{"@id":"https:\/\/www.szenik.eu\/de\/#organization"},"potentialAction":[{"@type":"SearchAction","target":{"@type":"EntryPoint","urlTemplate":"https:\/\/www.szenik.eu\/de\/?s={search_term_string}"},"query-input":"required name=search_term_string"}],"inLanguage":"de"},{"@type":"Organization","@id":"https:\/\/www.szenik.eu\/de\/#organization","name":"Szenik","url":"https:\/\/www.szenik.eu\/de\/","logo":{"@type":"ImageObject","inLanguage":"de","@id":"https:\/\/www.szenik.eu\/de\/#\/schema\/logo\/image\/","url":"https:\/\/www.szenik.eu\/wp-content\/uploads\/2019\/07\/logo-square.png","contentUrl":"https:\/\/www.szenik.eu\/wp-content\/uploads\/2019\/07\/logo-square.png","width":512,"height":512,"caption":"Szenik"},"image":{"@id":"https:\/\/www.szenik.eu\/de\/#\/schema\/logo\/image\/"},"sameAs":["https:\/\/www.facebook.com\/szenik.eu\/","https:\/\/twitter.com\/Szenik","https:\/\/www.instagram.com\/szenik_magazine\/","https:\/\/www.youtube.com\/user\/SzenikEU\/"]},{"@type":"Person","@id":"https:\/\/www.szenik.eu\/de\/#\/schema\/person\/15f73f175b41bad194837490339d48fb","name":"szenik","image":{"@type":"ImageObject","inLanguage":"de","@id":"https:\/\/www.szenik.eu\/de\/#\/schema\/person\/image\/","url":"https:\/\/secure.gravatar.com\/avatar\/d1c4f19522a624a4eaa5e6c03e22370b?s=96&d=mm&r=g","contentUrl":"https:\/\/secure.gravatar.com\/avatar\/d1c4f19522a624a4eaa5e6c03e22370b?s=96&d=mm&r=g","caption":"szenik"}}]}},"jetpack_featured_media_url":"https:\/\/www.szenik.eu\/wp-content\/uploads\/2020\/12\/Capture-d\u2019\u00e9cran-2020-12-16-\u00e0-18.42.31.png","amp_enabled":true,"_links":{"self":[{"href":"https:\/\/www.szenik.eu\/de\/wp-json\/\/wp\/v2\/posts\/36514"}],"collection":[{"href":"https:\/\/www.szenik.eu\/de\/wp-json\/\/wp\/v2\/posts"}],"about":[{"href":"https:\/\/www.szenik.eu\/de\/wp-json\/\/wp\/v2\/types\/post"}],"author":[{"embeddable":true,"href":"https:\/\/www.szenik.eu\/de\/wp-json\/\/wp\/v2\/users\/1"}],"replies":[{"embeddable":true,"href":"https:\/\/www.szenik.eu\/de\/wp-json\/\/wp\/v2\/comments?post=36514"}],"version-history":[{"count":3,"href":"https:\/\/www.szenik.eu\/de\/wp-json\/\/wp\/v2\/posts\/36514\/revisions"}],"predecessor-version":[{"id":36527,"href":"https:\/\/www.szenik.eu\/de\/wp-json\/\/wp\/v2\/posts\/36514\/revisions\/36527"}],"wp:featuredmedia":[{"embeddable":true,"href":"https:\/\/www.szenik.eu\/de\/wp-json\/\/wp\/v2\/media\/36524"}],"wp:attachment":[{"href":"https:\/\/www.szenik.eu\/de\/wp-json\/\/wp\/v2\/media?parent=36514"}],"wp:term":[{"taxonomy":"category","embeddable":true,"href":"https:\/\/www.szenik.eu\/de\/wp-json\/\/wp\/v2\/categories?post=36514"},{"taxonomy":"post_tag","embeddable":true,"href":"https:\/\/www.szenik.eu\/de\/wp-json\/\/wp\/v2\/tags?post=36514"}],"curies":[{"name":"wp","href":"https:\/\/api.w.org\/{rel}","templated":true}]}}