{"id":36488,"date":"2020-12-16T11:58:11","date_gmt":"2020-12-16T10:58:11","guid":{"rendered":"https:\/\/www.szenik.eu\/?p=36488\/"},"modified":"2020-12-16T11:58:15","modified_gmt":"2020-12-16T10:58:15","slug":"stuttgart-ballett-home-mit-marcia-haydees-dornroeschen","status":"publish","type":"post","link":"https:\/\/www.szenik.eu\/de\/stuttgart-ballett-home-mit-marcia-haydees-dornroeschen-36488","title":{"rendered":"Stuttgart Ballett @Home mit Marcia Hayd\u00e9es Dornr\u00f6schen"},"content":{"rendered":"\n<h2>Als Weihnachtsgeschenk f\u00fcr Gro\u00df und Klein bringt das Stuttgarter Ballett mit StuttgartBallett@Home Marcia Hayd\u00e9es <strong><em>Dornr\u00f6schen <\/em><\/strong>als Video-On-Demand zur\u00fcck. <\/h2>\n\n\n\n<div style=\"height:100px\" aria-hidden=\"true\" class=\"wp-block-spacer\"><\/div>\n\n\n\n<p><em>Pressemitteilung<\/em><\/p>\n\n\n\n<div style=\"height:100px\" aria-hidden=\"true\" class=\"wp-block-spacer\"><\/div>\n\n\n\n<p>Vom zweiten Weihnachtsfeiertag bis zum 30. Dezember wird das fulminante Familienballett mit <strong>Elisa Badenes <\/strong>und <strong>Friedemann Vogel<\/strong> in den Hauptrollen auf dem YouTube-Kanal des Stuttgarter Balletts zu sehen sein. <em>Dornr\u00f6schen <\/em>war unter allen StuttgartBallett@Home-Angeboten mit Abstand das am h\u00e4ufigsten geschaute Video. <\/p>\n\n\n\n<p><em>Dornr\u00f6schen<\/em> z\u00e4hlt zu den popul\u00e4rsten M\u00e4rchen \u00fcberhaupt und auch <strong>Marcia Hayd\u00e9es<\/strong> Ballett ist eines der beliebtesten Handlungsballette des Repertoires. In brillanten Variationen und ausget\u00fcftelten Ensembleszenen l\u00e4sst die Choreographie die T\u00e4nzerInnen zu Hochform auflaufen. Mit gro\u00dfen Festen am K\u00f6nigshof bietet das Ballett einen bilderbuchhaften Rahmen, dem sich Designer <strong>J\u00fcrgen Rose<\/strong> mit seiner schier unersch\u00f6pflichen Fantasie und Liebe zum Detail angenommen hat. <\/p>\n\n\n\n<p>Die Geschichte der Prinzessin Aurora (<strong>Elisa Badenes<\/strong>), die von der aufgebrachten Fee Carabosse (<strong>Jason Reilly<\/strong>) verflucht wird und in einen hundertj\u00e4hrigen Schlaf f\u00e4llt, aus dem sie von Prinz D\u00e9sir\u00e9 (<strong>Friedemann Vogel<\/strong>) gerettet wird, bietet festliches Programm f\u00fcr die Weihnachtstage zu Hause. <\/p>\n\n\n\n<div style=\"height:100px\" aria-hidden=\"true\" class=\"wp-block-spacer\"><\/div>\n\n\n\n<h4>Unterst\u00fctzen Sie das Stuttgarter Ballett<\/h4>\n\n\n\n<div style=\"height:20px\" aria-hidden=\"true\" class=\"wp-block-spacer\"><\/div>\n\n\n\n<p>Da sich das Stuttgarter Ballett nach den StuttgartBallett@Home-Livestreams und Videos-on-Demand vermehrt \u00fcber Spendenanfragen freuen durfte, wird dieses Mal auf eine <strong>Spendenm\u00f6glichkeit<\/strong> hingewiesen. Spenden helfen der Compagnie besondere Projekte, wie z.B. Livestreams oder Video-on-Demand-Aktionen zu verwirklichen oder die John Cranko Schule zu unterst\u00fctzen. <\/p>\n\n\n\n<div style=\"height:46px\" aria-hidden=\"true\" class=\"wp-block-spacer\"><\/div>\n\n\n\n<p class=\"has-background has-text-align-center has-luminous-vivid-amber-background-color\">Spenden Sie einfach auf das folgende Konto der Staatstheater Stuttgart:<br>IBAN: DE86 6005 0101 0002 0565 57<br>BIC: SOLADEST600<\/p>\n\n\n\n<div style=\"height:43px\" aria-hidden=\"true\" class=\"wp-block-spacer\"><\/div>\n\n\n\n<p><em>Bitte vergessen Sie nicht den Verwendungszweck anzugeben: &#8222;Spende an das Stuttgarter Ballett&#8220; oder &#8222;Spende an die John Cranko Schule&#8220;. F\u00fcr die Erstellung einer Zuwendungsbescheinigung (ab einem Spendenbetrag von 200\u20ac) geben Sie bitte im Verwendungszweck zus\u00e4tzlich Ihren Namen und Ihre vollst\u00e4ndige Adresse an. <\/em><\/p>\n\n\n\n<div style=\"height:100px\" aria-hidden=\"true\" class=\"wp-block-spacer\"><\/div>\n\n\n\n<p class=\"has-background has-text-align-center has-medium-font-size has-pale-cyan-blue-background-color\">PRAKTISCHE INFORMATIONEN<\/p>\n\n\n\n<div style=\"height:20px\" aria-hidden=\"true\" class=\"wp-block-spacer\"><\/div>\n\n\n\n<p class=\"has-text-align-center\">26. Dezember, 14 Uhr bis 30. Dezember, 22 Uhr<br>Auf dem YouTube-Kanal des Stuttgarter Balletts: <\/p>\n\n\n\n<div style=\"height:47px\" aria-hidden=\"true\" class=\"wp-block-spacer\"><\/div>\n\n\n\n<div class=\"wp-block-button aligncenter\"><a class=\"wp-block-button__link has-text-color has-very-dark-gray-color has-background has-pale-cyan-blue-background-color\" href=\"https:\/\/www.youtube.com\/c\/dasstuttgarterballett\" target=\"_blank\" rel=\"noreferrer noopener\">Zum YouTube-Kanal<\/a><\/div>\n\n\n\n<div style=\"height:100px\" aria-hidden=\"true\" class=\"wp-block-spacer\"><\/div>\n\n\n\n<p class=\"has-small-font-size\">Foto: Stuttgarter Ballett<\/p>\n\n\n\n<div style=\"height:100px\" aria-hidden=\"true\" class=\"wp-block-spacer\"><\/div>\n","protected":false},"excerpt":{"rendered":"<p>Als Weihnachtsgeschenk f\u00fcr Gro\u00df und Klein bringt das Stuttgarter Ballett mit StuttgartBallett@Home Marcia Hayd\u00e9es Dornr\u00f6schen als Video-On-Demand zur\u00fcck. Pressemitteilung Vom zweiten Weihnachtsfeiertag bis zum 30. Dezember wird das fulminante Familienballett mit Elisa Badenes und Friedemann Vogel in den Hauptrollen auf dem YouTube-Kanal des Stuttgarter Balletts zu sehen sein. Dornr\u00f6schen war unter allen StuttgartBallett@Home-Angeboten mit Abstand [&hellip;]<\/p>\n","protected":false},"author":1,"featured_media":36489,"comment_status":"open","ping_status":"open","sticky":false,"template":"","format":"standard","meta":{"_monsterinsights_skip_tracking":false,"_monsterinsights_sitenote_active":false,"_monsterinsights_sitenote_note":"","_monsterinsights_sitenote_category":0},"categories":[2815,53],"tags":[10082,6837,10083,10081,10080,2770,2219,2161],"yoast_head":"<!-- This site is optimized with the Yoast SEO plugin v20.5 - https:\/\/yoast.com\/wordpress\/plugins\/seo\/ -->\n<title>Das Stuttgarter Ballett zeigt &quot;Dornr\u00f6schen&quot; an Weihnachten I szenik<\/title>\n<meta name=\"description\" content=\"Als Weihnachtsgeschenk f\u00fcr Gro\u00df und Klein bringt das Stuttgarter Ballett mit StuttgartBallett@Home Marcia Hayd\u00e9es &quot;Dornr\u00f6schen&quot; als Video-On-Demand zur\u00fcck.\" \/>\n<meta name=\"robots\" content=\"index, follow, max-snippet:-1, max-image-preview:large, max-video-preview:-1\" \/>\n<link rel=\"canonical\" href=\"https:\/\/www.szenik.eu\/de\/stuttgart-ballett-home-mit-marcia-haydees-dornroeschen-36488\" \/>\n<meta property=\"og:locale\" content=\"de_DE\" \/>\n<meta property=\"og:type\" content=\"article\" \/>\n<meta property=\"og:title\" content=\"Das Stuttgarter Ballett zeigt &quot;Dornr\u00f6schen&quot; an Weihnachten I szenik\" \/>\n<meta property=\"og:description\" content=\"Als Weihnachtsgeschenk f\u00fcr Gro\u00df und Klein bringt das Stuttgarter Ballett mit StuttgartBallett@Home Marcia Hayd\u00e9es &quot;Dornr\u00f6schen&quot; als Video-On-Demand zur\u00fcck.\" \/>\n<meta property=\"og:url\" content=\"https:\/\/www.szenik.eu\/de\/stuttgart-ballett-home-mit-marcia-haydees-dornroeschen-36488\" \/>\n<meta property=\"og:site_name\" content=\"szenik\" \/>\n<meta property=\"article:publisher\" content=\"https:\/\/www.facebook.com\/szenik.eu\/\" \/>\n<meta property=\"article:published_time\" content=\"2020-12-16T10:58:11+00:00\" \/>\n<meta property=\"article:modified_time\" content=\"2020-12-16T10:58:15+00:00\" \/>\n<meta property=\"og:image\" content=\"https:\/\/www.szenik.eu\/wp-content\/uploads\/2020\/12\/dornroschen-marcia-haydee-das-stuttgarter-ballett-szenik.png\" \/>\n\t<meta property=\"og:image:width\" content=\"965\" \/>\n\t<meta property=\"og:image:height\" content=\"707\" \/>\n\t<meta property=\"og:image:type\" content=\"image\/png\" \/>\n<meta name=\"author\" content=\"szenik\" \/>\n<meta name=\"twitter:card\" content=\"summary_large_image\" \/>\n<meta name=\"twitter:creator\" content=\"@Szenik\" \/>\n<meta name=\"twitter:site\" content=\"@Szenik\" \/>\n<meta name=\"twitter:label1\" content=\"Verfasst von\" \/>\n\t<meta name=\"twitter:data1\" content=\"szenik\" \/>\n\t<meta name=\"twitter:label2\" content=\"Gesch\u00e4tzte Lesezeit\" \/>\n\t<meta name=\"twitter:data2\" content=\"2\u00a0Minuten\" \/>\n<script type=\"application\/ld+json\" class=\"yoast-schema-graph\">{\"@context\":\"https:\/\/schema.org\",\"@graph\":[{\"@type\":\"Article\",\"@id\":\"https:\/\/www.szenik.eu\/de\/stuttgart-ballett-home-mit-marcia-haydees-dornroeschen-36488#article\",\"isPartOf\":{\"@id\":\"https:\/\/www.szenik.eu\/de\/stuttgart-ballett-home-mit-marcia-haydees-dornroeschen-36488\"},\"author\":{\"name\":\"szenik\",\"@id\":\"https:\/\/www.szenik.eu\/de\/#\/schema\/person\/15f73f175b41bad194837490339d48fb\"},\"headline\":\"Stuttgart Ballett @Home mit Marcia Hayd\u00e9es Dornr\u00f6schen\",\"datePublished\":\"2020-12-16T10:58:11+00:00\",\"dateModified\":\"2020-12-16T10:58:15+00:00\",\"mainEntityOfPage\":{\"@id\":\"https:\/\/www.szenik.eu\/de\/stuttgart-ballett-home-mit-marcia-haydees-dornroeschen-36488\"},\"wordCount\":320,\"commentCount\":0,\"publisher\":{\"@id\":\"https:\/\/www.szenik.eu\/de\/#organization\"},\"keywords\":[\"Elisa Badenes\",\"Friedemann Vogel\",\"Jason Reilly\",\"J\u00fcrgen Rose\",\"Marcia Hayd\u00e9e\",\"Stuttgart\",\"Stuttgarter Ballett\",\"Tanz\"],\"articleSection\":[\"Kurz &amp; knackig\",\"Magazin\"],\"inLanguage\":\"de\",\"potentialAction\":[{\"@type\":\"CommentAction\",\"name\":\"Comment\",\"target\":[\"https:\/\/www.szenik.eu\/de\/stuttgart-ballett-home-mit-marcia-haydees-dornroeschen-36488#respond\"]}]},{\"@type\":\"WebPage\",\"@id\":\"https:\/\/www.szenik.eu\/de\/stuttgart-ballett-home-mit-marcia-haydees-dornroeschen-36488\",\"url\":\"https:\/\/www.szenik.eu\/de\/stuttgart-ballett-home-mit-marcia-haydees-dornroeschen-36488\",\"name\":\"Das Stuttgarter Ballett zeigt \\\"Dornr\u00f6schen\\\" an Weihnachten I szenik\",\"isPartOf\":{\"@id\":\"https:\/\/www.szenik.eu\/de\/#website\"},\"datePublished\":\"2020-12-16T10:58:11+00:00\",\"dateModified\":\"2020-12-16T10:58:15+00:00\",\"description\":\"Als Weihnachtsgeschenk f\u00fcr Gro\u00df und Klein bringt das Stuttgarter Ballett mit StuttgartBallett@Home Marcia Hayd\u00e9es \\\"Dornr\u00f6schen\\\" als Video-On-Demand zur\u00fcck.\",\"breadcrumb\":{\"@id\":\"https:\/\/www.szenik.eu\/de\/stuttgart-ballett-home-mit-marcia-haydees-dornroeschen-36488#breadcrumb\"},\"inLanguage\":\"de\",\"potentialAction\":[{\"@type\":\"ReadAction\",\"target\":[\"https:\/\/www.szenik.eu\/de\/stuttgart-ballett-home-mit-marcia-haydees-dornroeschen-36488\"]}]},{\"@type\":\"BreadcrumbList\",\"@id\":\"https:\/\/www.szenik.eu\/de\/stuttgart-ballett-home-mit-marcia-haydees-dornroeschen-36488#breadcrumb\",\"itemListElement\":[{\"@type\":\"ListItem\",\"position\":1,\"name\":\"Home\",\"item\":\"https:\/\/www.szenik.eu\/de\"},{\"@type\":\"ListItem\",\"position\":2,\"name\":\"Stuttgart Ballett @Home mit Marcia Hayd\u00e9es Dornr\u00f6schen\"}]},{\"@type\":\"WebSite\",\"@id\":\"https:\/\/www.szenik.eu\/de\/#website\",\"url\":\"https:\/\/www.szenik.eu\/de\/\",\"name\":\"szenik\",\"description\":\"Le Meilleur des sc\u00e8nes au coeur de l&#039;Europe\",\"publisher\":{\"@id\":\"https:\/\/www.szenik.eu\/de\/#organization\"},\"potentialAction\":[{\"@type\":\"SearchAction\",\"target\":{\"@type\":\"EntryPoint\",\"urlTemplate\":\"https:\/\/www.szenik.eu\/de\/?s={search_term_string}\"},\"query-input\":\"required name=search_term_string\"}],\"inLanguage\":\"de\"},{\"@type\":\"Organization\",\"@id\":\"https:\/\/www.szenik.eu\/de\/#organization\",\"name\":\"Szenik\",\"url\":\"https:\/\/www.szenik.eu\/de\/\",\"logo\":{\"@type\":\"ImageObject\",\"inLanguage\":\"de\",\"@id\":\"https:\/\/www.szenik.eu\/de\/#\/schema\/logo\/image\/\",\"url\":\"https:\/\/www.szenik.eu\/wp-content\/uploads\/2019\/07\/logo-square.png\",\"contentUrl\":\"https:\/\/www.szenik.eu\/wp-content\/uploads\/2019\/07\/logo-square.png\",\"width\":512,\"height\":512,\"caption\":\"Szenik\"},\"image\":{\"@id\":\"https:\/\/www.szenik.eu\/de\/#\/schema\/logo\/image\/\"},\"sameAs\":[\"https:\/\/www.facebook.com\/szenik.eu\/\",\"https:\/\/twitter.com\/Szenik\",\"https:\/\/www.instagram.com\/szenik_magazine\/\",\"https:\/\/www.youtube.com\/user\/SzenikEU\/\"]},{\"@type\":\"Person\",\"@id\":\"https:\/\/www.szenik.eu\/de\/#\/schema\/person\/15f73f175b41bad194837490339d48fb\",\"name\":\"szenik\",\"image\":{\"@type\":\"ImageObject\",\"inLanguage\":\"de\",\"@id\":\"https:\/\/www.szenik.eu\/de\/#\/schema\/person\/image\/\",\"url\":\"https:\/\/secure.gravatar.com\/avatar\/d1c4f19522a624a4eaa5e6c03e22370b?s=96&d=mm&r=g\",\"contentUrl\":\"https:\/\/secure.gravatar.com\/avatar\/d1c4f19522a624a4eaa5e6c03e22370b?s=96&d=mm&r=g\",\"caption\":\"szenik\"}}]}<\/script>\n<!-- \/ Yoast SEO plugin. -->","yoast_head_json":{"title":"Das Stuttgarter Ballett zeigt \"Dornr\u00f6schen\" an Weihnachten I szenik","description":"Als Weihnachtsgeschenk f\u00fcr Gro\u00df und Klein bringt das Stuttgarter Ballett mit StuttgartBallett@Home Marcia Hayd\u00e9es \"Dornr\u00f6schen\" als Video-On-Demand zur\u00fcck.","robots":{"index":"index","follow":"follow","max-snippet":"max-snippet:-1","max-image-preview":"max-image-preview:large","max-video-preview":"max-video-preview:-1"},"canonical":"https:\/\/www.szenik.eu\/de\/stuttgart-ballett-home-mit-marcia-haydees-dornroeschen-36488","og_locale":"de_DE","og_type":"article","og_title":"Das Stuttgarter Ballett zeigt \"Dornr\u00f6schen\" an Weihnachten I szenik","og_description":"Als Weihnachtsgeschenk f\u00fcr Gro\u00df und Klein bringt das Stuttgarter Ballett mit StuttgartBallett@Home Marcia Hayd\u00e9es \"Dornr\u00f6schen\" als Video-On-Demand zur\u00fcck.","og_url":"https:\/\/www.szenik.eu\/de\/stuttgart-ballett-home-mit-marcia-haydees-dornroeschen-36488","og_site_name":"szenik","article_publisher":"https:\/\/www.facebook.com\/szenik.eu\/","article_published_time":"2020-12-16T10:58:11+00:00","article_modified_time":"2020-12-16T10:58:15+00:00","og_image":[{"width":965,"height":707,"url":"https:\/\/www.szenik.eu\/wp-content\/uploads\/2020\/12\/dornroschen-marcia-haydee-das-stuttgarter-ballett-szenik.png","type":"image\/png"}],"author":"szenik","twitter_card":"summary_large_image","twitter_creator":"@Szenik","twitter_site":"@Szenik","twitter_misc":{"Verfasst von":"szenik","Gesch\u00e4tzte Lesezeit":"2\u00a0Minuten"},"schema":{"@context":"https:\/\/schema.org","@graph":[{"@type":"Article","@id":"https:\/\/www.szenik.eu\/de\/stuttgart-ballett-home-mit-marcia-haydees-dornroeschen-36488#article","isPartOf":{"@id":"https:\/\/www.szenik.eu\/de\/stuttgart-ballett-home-mit-marcia-haydees-dornroeschen-36488"},"author":{"name":"szenik","@id":"https:\/\/www.szenik.eu\/de\/#\/schema\/person\/15f73f175b41bad194837490339d48fb"},"headline":"Stuttgart Ballett @Home mit Marcia Hayd\u00e9es Dornr\u00f6schen","datePublished":"2020-12-16T10:58:11+00:00","dateModified":"2020-12-16T10:58:15+00:00","mainEntityOfPage":{"@id":"https:\/\/www.szenik.eu\/de\/stuttgart-ballett-home-mit-marcia-haydees-dornroeschen-36488"},"wordCount":320,"commentCount":0,"publisher":{"@id":"https:\/\/www.szenik.eu\/de\/#organization"},"keywords":["Elisa Badenes","Friedemann Vogel","Jason Reilly","J\u00fcrgen Rose","Marcia Hayd\u00e9e","Stuttgart","Stuttgarter Ballett","Tanz"],"articleSection":["Kurz &amp; knackig","Magazin"],"inLanguage":"de","potentialAction":[{"@type":"CommentAction","name":"Comment","target":["https:\/\/www.szenik.eu\/de\/stuttgart-ballett-home-mit-marcia-haydees-dornroeschen-36488#respond"]}]},{"@type":"WebPage","@id":"https:\/\/www.szenik.eu\/de\/stuttgart-ballett-home-mit-marcia-haydees-dornroeschen-36488","url":"https:\/\/www.szenik.eu\/de\/stuttgart-ballett-home-mit-marcia-haydees-dornroeschen-36488","name":"Das Stuttgarter Ballett zeigt \"Dornr\u00f6schen\" an Weihnachten I szenik","isPartOf":{"@id":"https:\/\/www.szenik.eu\/de\/#website"},"datePublished":"2020-12-16T10:58:11+00:00","dateModified":"2020-12-16T10:58:15+00:00","description":"Als Weihnachtsgeschenk f\u00fcr Gro\u00df und Klein bringt das Stuttgarter Ballett mit StuttgartBallett@Home Marcia Hayd\u00e9es \"Dornr\u00f6schen\" als Video-On-Demand zur\u00fcck.","breadcrumb":{"@id":"https:\/\/www.szenik.eu\/de\/stuttgart-ballett-home-mit-marcia-haydees-dornroeschen-36488#breadcrumb"},"inLanguage":"de","potentialAction":[{"@type":"ReadAction","target":["https:\/\/www.szenik.eu\/de\/stuttgart-ballett-home-mit-marcia-haydees-dornroeschen-36488"]}]},{"@type":"BreadcrumbList","@id":"https:\/\/www.szenik.eu\/de\/stuttgart-ballett-home-mit-marcia-haydees-dornroeschen-36488#breadcrumb","itemListElement":[{"@type":"ListItem","position":1,"name":"Home","item":"https:\/\/www.szenik.eu\/de"},{"@type":"ListItem","position":2,"name":"Stuttgart Ballett @Home mit Marcia Hayd\u00e9es Dornr\u00f6schen"}]},{"@type":"WebSite","@id":"https:\/\/www.szenik.eu\/de\/#website","url":"https:\/\/www.szenik.eu\/de\/","name":"szenik","description":"Le Meilleur des sc\u00e8nes au coeur de l&#039;Europe","publisher":{"@id":"https:\/\/www.szenik.eu\/de\/#organization"},"potentialAction":[{"@type":"SearchAction","target":{"@type":"EntryPoint","urlTemplate":"https:\/\/www.szenik.eu\/de\/?s={search_term_string}"},"query-input":"required name=search_term_string"}],"inLanguage":"de"},{"@type":"Organization","@id":"https:\/\/www.szenik.eu\/de\/#organization","name":"Szenik","url":"https:\/\/www.szenik.eu\/de\/","logo":{"@type":"ImageObject","inLanguage":"de","@id":"https:\/\/www.szenik.eu\/de\/#\/schema\/logo\/image\/","url":"https:\/\/www.szenik.eu\/wp-content\/uploads\/2019\/07\/logo-square.png","contentUrl":"https:\/\/www.szenik.eu\/wp-content\/uploads\/2019\/07\/logo-square.png","width":512,"height":512,"caption":"Szenik"},"image":{"@id":"https:\/\/www.szenik.eu\/de\/#\/schema\/logo\/image\/"},"sameAs":["https:\/\/www.facebook.com\/szenik.eu\/","https:\/\/twitter.com\/Szenik","https:\/\/www.instagram.com\/szenik_magazine\/","https:\/\/www.youtube.com\/user\/SzenikEU\/"]},{"@type":"Person","@id":"https:\/\/www.szenik.eu\/de\/#\/schema\/person\/15f73f175b41bad194837490339d48fb","name":"szenik","image":{"@type":"ImageObject","inLanguage":"de","@id":"https:\/\/www.szenik.eu\/de\/#\/schema\/person\/image\/","url":"https:\/\/secure.gravatar.com\/avatar\/d1c4f19522a624a4eaa5e6c03e22370b?s=96&d=mm&r=g","contentUrl":"https:\/\/secure.gravatar.com\/avatar\/d1c4f19522a624a4eaa5e6c03e22370b?s=96&d=mm&r=g","caption":"szenik"}}]}},"jetpack_featured_media_url":"https:\/\/www.szenik.eu\/wp-content\/uploads\/2020\/12\/dornroschen-marcia-haydee-das-stuttgarter-ballett-szenik.png","amp_enabled":true,"_links":{"self":[{"href":"https:\/\/www.szenik.eu\/de\/wp-json\/\/wp\/v2\/posts\/36488"}],"collection":[{"href":"https:\/\/www.szenik.eu\/de\/wp-json\/\/wp\/v2\/posts"}],"about":[{"href":"https:\/\/www.szenik.eu\/de\/wp-json\/\/wp\/v2\/types\/post"}],"author":[{"embeddable":true,"href":"https:\/\/www.szenik.eu\/de\/wp-json\/\/wp\/v2\/users\/1"}],"replies":[{"embeddable":true,"href":"https:\/\/www.szenik.eu\/de\/wp-json\/\/wp\/v2\/comments?post=36488"}],"version-history":[{"count":3,"href":"https:\/\/www.szenik.eu\/de\/wp-json\/\/wp\/v2\/posts\/36488\/revisions"}],"predecessor-version":[{"id":36493,"href":"https:\/\/www.szenik.eu\/de\/wp-json\/\/wp\/v2\/posts\/36488\/revisions\/36493"}],"wp:featuredmedia":[{"embeddable":true,"href":"https:\/\/www.szenik.eu\/de\/wp-json\/\/wp\/v2\/media\/36489"}],"wp:attachment":[{"href":"https:\/\/www.szenik.eu\/de\/wp-json\/\/wp\/v2\/media?parent=36488"}],"wp:term":[{"taxonomy":"category","embeddable":true,"href":"https:\/\/www.szenik.eu\/de\/wp-json\/\/wp\/v2\/categories?post=36488"},{"taxonomy":"post_tag","embeddable":true,"href":"https:\/\/www.szenik.eu\/de\/wp-json\/\/wp\/v2\/tags?post=36488"}],"curies":[{"name":"wp","href":"https:\/\/api.w.org\/{rel}","templated":true}]}}