{"id":36349,"date":"2020-12-09T10:37:40","date_gmt":"2020-12-09T09:37:40","guid":{"rendered":"https:\/\/www.szenik.eu\/?p=36349\/"},"modified":"2020-12-09T13:35:24","modified_gmt":"2020-12-09T12:35:24","slug":"nationaltheater-mannheim-die-vierte-white-wall-oper-haensel-und-gretel-kommt-ins-fernsehen-und-als-stream-auf-die-website-des-nationaltheaters","status":"publish","type":"post","link":"https:\/\/www.szenik.eu\/de\/nationaltheater-mannheim-die-vierte-white-wall-oper-haensel-und-gretel-kommt-ins-fernsehen-und-als-stream-auf-die-website-des-nationaltheaters-36349","title":{"rendered":"Nationaltheater Mannheim: Die vierte White-Wall-Oper &#8222;H\u00e4nsel und Gretel&#8220; kommt ins Fernsehen und als Stream auf die Website des Nationaltheaters."},"content":{"rendered":"\n<h2>Am 3. Adventswochenende feiert diese Produktion ihre TV-Premiere im&nbsp;<strong>Rhein-Neckar-Fernsehen<\/strong>. Die Aufzeichnung wird dort zwei Mal ausgestrahlt \u2013 und zwar am&nbsp;<strong>Samstag, den 12. Dezember um 16.00 Uhr<\/strong>&nbsp;und am&nbsp;<strong>Sonntag, den 13. Dezember um 14.00 Uhr<\/strong>. Zus\u00e4tzlich wird die Inszenierung ab&nbsp;<strong>Samstag, den 19. Dezember<\/strong>, 15.00 Uhr bis zum 6. Januar auf der&nbsp;<strong>NTM-Website<\/strong>&nbsp;als Stream abrufbar sein.<\/h2>\n\n\n\n<div style=\"height:100px\" aria-hidden=\"true\" class=\"wp-block-spacer\"><\/div>\n\n\n\n<p><em>Pressemitteilung<\/em><\/p>\n\n\n\n<div style=\"height:100px\" aria-hidden=\"true\" class=\"wp-block-spacer\"><\/div>\n\n\n\n<p>Dirigiert wird Nathan Loftons Kammermusikfassung von Mannheims Generalmusikdirektor <strong>Alexander Soddy<\/strong>. Die junge Regisseurin <strong>Victoria Stevens<\/strong> setzt in ihrer Interpretation des Stoffs auf bunten Pop und tauscht Lebkuchenhaus gegen Eiscreme-Truck. Die Videoanimationen von <strong>Judith Selenko<\/strong>\u00a0und\u00a0<strong>Bernhard Hochenauer<\/strong>\u00a0m\u00e4andern in dieser vierten Mannheimer White-Wall-Oper zwischen urbaner Graffiti-\u00c4sthetik und traumwandlerischem M\u00e4rchenwald. Das titelgebende Geschwisterpaar wird von\u00a0<strong>Jelena Kordi\u0107<\/strong>\u00a0in der Rolle des H\u00e4nsel und <strong>Amelia Scicolone<\/strong>\u00a0verk\u00f6rpert, die ihr Rollendeb\u00fct als Gretel gibt. Die Partie der Knusperhexe \u00fcbernimmt <strong>Raphael Wittmer<\/strong>.\u00a0<\/p>\n\n\n\n<p>Mit dem Konzept der&nbsp;<strong>\u00bbWhite-Wall-Opern\u00ab<\/strong>&nbsp;(\u00bbWWO\u00ab) geht die Oper des Nationaltheaters Mannheim unter Albrecht Puhlmann seit Beginn der Spielzeit 2020\/21 einen kreativen Weg und stellt sich k\u00fcnstlerisch innovativ den Herausforderungen im Umgang mit der Pandemie.<\/p>\n\n\n\n<p>Wie der Name bereits sagt, wird eine wei\u00dfe Wand mit unterschiedlichen Bespielm\u00f6glichkeiten zum Ausgangsmaterial der \u00bbWhite-Wall-Opern\u00ab und gleichzeitig zum verbindenden Element. Renommierte visuelle K\u00fcnstler*innen entwickeln gro\u00dfformatige Projektionen und erwecken durch ihre einzigartige Bildsprache die White Wall zum Leben. Sie ist damit mehr als nur Leinwand oder B\u00fchnenbild, vielmehr Spielpartner*in und damit Protagonist*in des Abends. Weitere White-Wall-Opern sind f\u00fcr 2021 geplant.<\/p>\n\n\n\n<div style=\"height:20px\" aria-hidden=\"true\" class=\"wp-block-spacer\"><\/div>\n\n\n\n<figure class=\"wp-block-image size-large\"><img decoding=\"async\" loading=\"lazy\" width=\"1024\" height=\"681\" src=\"https:\/\/www.szenik.eu\/wp-content\/uploads\/2020\/12\/Capture-d\u2019\u00e9cran-2020-12-09-\u00e0-11.49.31-1024x681.png\" alt=\"\" class=\"wp-image-36355\" srcset=\"https:\/\/www.szenik.eu\/wp-content\/uploads\/2020\/12\/Capture-d\u2019\u00e9cran-2020-12-09-\u00e0-11.49.31-1024x681.png 1024w, https:\/\/www.szenik.eu\/wp-content\/uploads\/2020\/12\/Capture-d\u2019\u00e9cran-2020-12-09-\u00e0-11.49.31-300x200.png 300w, https:\/\/www.szenik.eu\/wp-content\/uploads\/2020\/12\/Capture-d\u2019\u00e9cran-2020-12-09-\u00e0-11.49.31-768x511.png 768w, https:\/\/www.szenik.eu\/wp-content\/uploads\/2020\/12\/Capture-d\u2019\u00e9cran-2020-12-09-\u00e0-11.49.31-750x499.png 750w, https:\/\/www.szenik.eu\/wp-content\/uploads\/2020\/12\/Capture-d\u2019\u00e9cran-2020-12-09-\u00e0-11.49.31.png 1118w\" sizes=\"(max-width: 1024px) 100vw, 1024px\" \/><\/figure>\n\n\n\n<div style=\"height:44px\" aria-hidden=\"true\" class=\"wp-block-spacer\"><\/div>\n\n\n\n<p class=\"has-background has-text-align-center has-medium-font-size has-pale-pink-background-color\">Besetzung<\/p>\n\n\n\n<div style=\"height:20px\" aria-hidden=\"true\" class=\"wp-block-spacer\"><\/div>\n\n\n\n<p><strong>Musikalische Leitung<\/strong> Alexander Soddy&nbsp;|<strong>Regie<\/strong>&nbsp;Victoria Stevens|&nbsp;<strong>Video<\/strong>&nbsp;Judith Selenko&nbsp;|&nbsp;<strong>B\u00fchne&nbsp;<\/strong>Anna-Sofia Kirsch<strong>&nbsp;<\/strong>|<strong>&nbsp;Kost\u00fcme<\/strong> Charlotte Werkmeister&nbsp;|<strong>Videoanimation<\/strong> Bernhard Hochenauer |&nbsp;<strong>Licht<\/strong>&nbsp;Florian Arnholdt&nbsp;|<strong>Dramaturgie<\/strong>&nbsp;Patricia Knebel&nbsp;|&nbsp;<strong>Kinderchor<\/strong> Anke-Christine Kober&nbsp;|&nbsp;<strong>Choreografische Mitarbeit<\/strong>&nbsp;Luches Huddleston jr.<\/p>\n\n\n\n<p><strong>Peter<\/strong>&nbsp;KS Thomas Jesatko&nbsp;|&nbsp;<strong>Gertrud&nbsp;<\/strong>Marie-Belle Sandis&nbsp;|<strong>H\u00e4nsel<\/strong>&nbsp;Jelena Kordi\u0107<strong>&nbsp;<\/strong>|&nbsp;<strong>Gretel<\/strong>&nbsp;Amelia Scicolone&nbsp;|&nbsp;<strong>Knusperhexe<\/strong>&nbsp;Raphael Wittmer&nbsp;|&nbsp;<strong>Sandm\u00e4nnchen<\/strong> Martiniana Antonie<\/p>\n\n\n\n<p>Mit dem Nationaltheater-Orchester und dem Kinderchor<\/p>\n\n\n\n<div style=\"height:20px\" aria-hidden=\"true\" class=\"wp-block-spacer\"><\/div>\n\n\n\n<figure class=\"wp-block-image size-large\"><img decoding=\"async\" loading=\"lazy\" width=\"1024\" height=\"678\" src=\"https:\/\/www.szenik.eu\/wp-content\/uploads\/2020\/12\/Capture-d\u2019\u00e9cran-2020-12-09-\u00e0-11.49.41-1024x678.png\" alt=\"\" class=\"wp-image-36357\" srcset=\"https:\/\/www.szenik.eu\/wp-content\/uploads\/2020\/12\/Capture-d\u2019\u00e9cran-2020-12-09-\u00e0-11.49.41-1024x678.png 1024w, https:\/\/www.szenik.eu\/wp-content\/uploads\/2020\/12\/Capture-d\u2019\u00e9cran-2020-12-09-\u00e0-11.49.41-300x199.png 300w, https:\/\/www.szenik.eu\/wp-content\/uploads\/2020\/12\/Capture-d\u2019\u00e9cran-2020-12-09-\u00e0-11.49.41-768x508.png 768w, https:\/\/www.szenik.eu\/wp-content\/uploads\/2020\/12\/Capture-d\u2019\u00e9cran-2020-12-09-\u00e0-11.49.41-750x496.png 750w, https:\/\/www.szenik.eu\/wp-content\/uploads\/2020\/12\/Capture-d\u2019\u00e9cran-2020-12-09-\u00e0-11.49.41.png 1118w\" sizes=\"(max-width: 1024px) 100vw, 1024px\" \/><\/figure>\n\n\n\n<div style=\"height:46px\" aria-hidden=\"true\" class=\"wp-block-spacer\"><\/div>\n\n\n\n<p class=\"has-background has-text-align-center has-medium-font-size has-pale-pink-background-color\">PRAKTISCHE INFORMATIONEN<\/p>\n\n\n\n<div style=\"height:20px\" aria-hidden=\"true\" class=\"wp-block-spacer\"><\/div>\n\n\n\n<p><strong>Ausstrahlung im Rhein-Neckar-Fernsehen<br><\/strong>Samstag, 12. Dezember um 16.00 Uhr und Sonntag, 13. Dezember um 14.00 Uhr<\/p>\n\n\n\n<p><strong><a rel=\"noreferrer noopener\" aria-label=\" (opens in a new tab)\" href=\"https:\/\/www.nationaltheater-mannheim.de\/de\/index-digital.php#grosse_buehne\" target=\"_blank\">Online abrufbar auf der Website des Nationaltheaters Mannheim<\/a><\/strong><br>von Samstag, 19. Dezember um 15.00 Uhr bis zum 6. Januar 2021<\/p>\n\n\n\n<div style=\"height:39px\" aria-hidden=\"true\" class=\"wp-block-spacer\"><\/div>\n\n\n\n<div class=\"wp-block-button aligncenter\"><a class=\"wp-block-button__link has-text-color has-very-dark-gray-color has-background has-pale-cyan-blue-background-color\" href=\"https:\/\/www.nationaltheater-mannheim.de\" target=\"_blank\" rel=\"noreferrer noopener\">Zur Website des Nationaltheaters Mannheim<\/a><\/div>\n\n\n\n<div style=\"height:100px\" aria-hidden=\"true\" class=\"wp-block-spacer\"><\/div>\n\n\n\n<p class=\"has-small-font-size\">Fotos: Hans J\u00f6rg Michel<\/p>\n\n\n\n<div style=\"height:100px\" aria-hidden=\"true\" class=\"wp-block-spacer\"><\/div>\n","protected":false},"excerpt":{"rendered":"<p>Am 3. Adventswochenende feiert diese Produktion ihre TV-Premiere im&nbsp;Rhein-Neckar-Fernsehen. Die Aufzeichnung wird dort zwei Mal ausgestrahlt \u2013 und zwar am&nbsp;Samstag, den 12. Dezember um 16.00 Uhr&nbsp;und am&nbsp;Sonntag, den 13. Dezember um 14.00 Uhr. Zus\u00e4tzlich wird die Inszenierung ab&nbsp;Samstag, den 19. Dezember, 15.00 Uhr bis zum 6. Januar auf der&nbsp;NTM-Website&nbsp;als Stream abrufbar sein. Pressemitteilung Dirigiert wird [&hellip;]<\/p>\n","protected":false},"author":1,"featured_media":36353,"comment_status":"open","ping_status":"open","sticky":false,"template":"","format":"standard","meta":{"_monsterinsights_skip_tracking":false,"_monsterinsights_sitenote_active":false,"_monsterinsights_sitenote_note":"","_monsterinsights_sitenote_category":0},"categories":[2815,53],"tags":[10039,10041,10040,3243,3305,3304,3244],"yoast_head":"<!-- This site is optimized with the Yoast SEO plugin v20.5 - https:\/\/yoast.com\/wordpress\/plugins\/seo\/ -->\n<title>H\u00e4nsel &amp; Gretel auf der Website des Nationaltheaters Mannheim I szenik<\/title>\n<meta name=\"description\" content=\"Am 12.12 feiert &quot;H\u00e4nsel und Gretel&quot; seine TV-Premiere. Zus\u00e4tzlich wird die Oper bis zum 6.01 auf der NTM-Website als Stream abrufbar sein.\" \/>\n<meta name=\"robots\" content=\"index, follow, max-snippet:-1, max-image-preview:large, max-video-preview:-1\" \/>\n<link rel=\"canonical\" href=\"https:\/\/www.szenik.eu\/de\/nationaltheater-mannheim-die-vierte-white-wall-oper-haensel-und-gretel-kommt-ins-fernsehen-und-als-stream-auf-die-website-des-nationaltheaters-36349\" \/>\n<meta property=\"og:locale\" content=\"de_DE\" \/>\n<meta property=\"og:type\" content=\"article\" \/>\n<meta property=\"og:title\" content=\"H\u00e4nsel &amp; Gretel auf der Website des Nationaltheaters Mannheim I szenik\" \/>\n<meta property=\"og:description\" content=\"Am 12.12 feiert &quot;H\u00e4nsel und Gretel&quot; seine TV-Premiere. Zus\u00e4tzlich wird die Oper bis zum 6.01 auf der NTM-Website als Stream abrufbar sein.\" \/>\n<meta property=\"og:url\" content=\"https:\/\/www.szenik.eu\/de\/nationaltheater-mannheim-die-vierte-white-wall-oper-haensel-und-gretel-kommt-ins-fernsehen-und-als-stream-auf-die-website-des-nationaltheaters-36349\" \/>\n<meta property=\"og:site_name\" content=\"szenik\" \/>\n<meta property=\"article:publisher\" content=\"https:\/\/www.facebook.com\/szenik.eu\/\" \/>\n<meta property=\"article:published_time\" content=\"2020-12-09T09:37:40+00:00\" \/>\n<meta property=\"article:modified_time\" content=\"2020-12-09T12:35:24+00:00\" \/>\n<meta property=\"og:image\" content=\"https:\/\/www.szenik.eu\/wp-content\/uploads\/2020\/12\/Capture-d\u2019\u00e9cran-2020-12-09-\u00e0-11.49.17.png\" \/>\n\t<meta property=\"og:image:width\" content=\"1118\" \/>\n\t<meta property=\"og:image:height\" content=\"743\" \/>\n\t<meta property=\"og:image:type\" content=\"image\/png\" \/>\n<meta name=\"author\" content=\"szenik\" \/>\n<meta name=\"twitter:card\" content=\"summary_large_image\" \/>\n<meta name=\"twitter:creator\" content=\"@Szenik\" \/>\n<meta name=\"twitter:site\" content=\"@Szenik\" \/>\n<meta name=\"twitter:label1\" content=\"Verfasst von\" \/>\n\t<meta name=\"twitter:data1\" content=\"szenik\" \/>\n\t<meta name=\"twitter:label2\" content=\"Gesch\u00e4tzte Lesezeit\" \/>\n\t<meta name=\"twitter:data2\" content=\"2\u00a0Minuten\" \/>\n<script type=\"application\/ld+json\" class=\"yoast-schema-graph\">{\"@context\":\"https:\/\/schema.org\",\"@graph\":[{\"@type\":\"Article\",\"@id\":\"https:\/\/www.szenik.eu\/de\/nationaltheater-mannheim-die-vierte-white-wall-oper-haensel-und-gretel-kommt-ins-fernsehen-und-als-stream-auf-die-website-des-nationaltheaters-36349#article\",\"isPartOf\":{\"@id\":\"https:\/\/www.szenik.eu\/de\/nationaltheater-mannheim-die-vierte-white-wall-oper-haensel-und-gretel-kommt-ins-fernsehen-und-als-stream-auf-die-website-des-nationaltheaters-36349\"},\"author\":{\"name\":\"szenik\",\"@id\":\"https:\/\/www.szenik.eu\/de\/#\/schema\/person\/15f73f175b41bad194837490339d48fb\"},\"headline\":\"Nationaltheater Mannheim: Die vierte White-Wall-Oper &#8222;H\u00e4nsel und Gretel&#8220; kommt ins Fernsehen und als Stream auf die Website des Nationaltheaters.\",\"datePublished\":\"2020-12-09T09:37:40+00:00\",\"dateModified\":\"2020-12-09T12:35:24+00:00\",\"mainEntityOfPage\":{\"@id\":\"https:\/\/www.szenik.eu\/de\/nationaltheater-mannheim-die-vierte-white-wall-oper-haensel-und-gretel-kommt-ins-fernsehen-und-als-stream-auf-die-website-des-nationaltheaters-36349\"},\"wordCount\":404,\"commentCount\":0,\"publisher\":{\"@id\":\"https:\/\/www.szenik.eu\/de\/#organization\"},\"keywords\":[\"AleVictoria Stevens\",\"Bernhard Hochenauer\",\"Judith Selenko\",\"Junges Theater\",\"Mannheim\",\"Nationaltheater Mannheim\",\"Oper\"],\"articleSection\":[\"Kurz &amp; knackig\",\"Magazin\"],\"inLanguage\":\"de\",\"potentialAction\":[{\"@type\":\"CommentAction\",\"name\":\"Comment\",\"target\":[\"https:\/\/www.szenik.eu\/de\/nationaltheater-mannheim-die-vierte-white-wall-oper-haensel-und-gretel-kommt-ins-fernsehen-und-als-stream-auf-die-website-des-nationaltheaters-36349#respond\"]}]},{\"@type\":\"WebPage\",\"@id\":\"https:\/\/www.szenik.eu\/de\/nationaltheater-mannheim-die-vierte-white-wall-oper-haensel-und-gretel-kommt-ins-fernsehen-und-als-stream-auf-die-website-des-nationaltheaters-36349\",\"url\":\"https:\/\/www.szenik.eu\/de\/nationaltheater-mannheim-die-vierte-white-wall-oper-haensel-und-gretel-kommt-ins-fernsehen-und-als-stream-auf-die-website-des-nationaltheaters-36349\",\"name\":\"H\u00e4nsel & Gretel auf der Website des Nationaltheaters Mannheim I szenik\",\"isPartOf\":{\"@id\":\"https:\/\/www.szenik.eu\/de\/#website\"},\"datePublished\":\"2020-12-09T09:37:40+00:00\",\"dateModified\":\"2020-12-09T12:35:24+00:00\",\"description\":\"Am 12.12 feiert \\\"H\u00e4nsel und Gretel\\\" seine TV-Premiere. Zus\u00e4tzlich wird die Oper bis zum 6.01 auf der NTM-Website als Stream abrufbar sein.\",\"breadcrumb\":{\"@id\":\"https:\/\/www.szenik.eu\/de\/nationaltheater-mannheim-die-vierte-white-wall-oper-haensel-und-gretel-kommt-ins-fernsehen-und-als-stream-auf-die-website-des-nationaltheaters-36349#breadcrumb\"},\"inLanguage\":\"de\",\"potentialAction\":[{\"@type\":\"ReadAction\",\"target\":[\"https:\/\/www.szenik.eu\/de\/nationaltheater-mannheim-die-vierte-white-wall-oper-haensel-und-gretel-kommt-ins-fernsehen-und-als-stream-auf-die-website-des-nationaltheaters-36349\"]}]},{\"@type\":\"BreadcrumbList\",\"@id\":\"https:\/\/www.szenik.eu\/de\/nationaltheater-mannheim-die-vierte-white-wall-oper-haensel-und-gretel-kommt-ins-fernsehen-und-als-stream-auf-die-website-des-nationaltheaters-36349#breadcrumb\",\"itemListElement\":[{\"@type\":\"ListItem\",\"position\":1,\"name\":\"Home\",\"item\":\"https:\/\/www.szenik.eu\/de\"},{\"@type\":\"ListItem\",\"position\":2,\"name\":\"Nationaltheater Mannheim: Die vierte White-Wall-Oper &#8222;H\u00e4nsel und Gretel&#8220; kommt ins Fernsehen und als Stream auf die Website des Nationaltheaters.\"}]},{\"@type\":\"WebSite\",\"@id\":\"https:\/\/www.szenik.eu\/de\/#website\",\"url\":\"https:\/\/www.szenik.eu\/de\/\",\"name\":\"szenik\",\"description\":\"Le Meilleur des sc\u00e8nes au coeur de l&#039;Europe\",\"publisher\":{\"@id\":\"https:\/\/www.szenik.eu\/de\/#organization\"},\"potentialAction\":[{\"@type\":\"SearchAction\",\"target\":{\"@type\":\"EntryPoint\",\"urlTemplate\":\"https:\/\/www.szenik.eu\/de\/?s={search_term_string}\"},\"query-input\":\"required name=search_term_string\"}],\"inLanguage\":\"de\"},{\"@type\":\"Organization\",\"@id\":\"https:\/\/www.szenik.eu\/de\/#organization\",\"name\":\"Szenik\",\"url\":\"https:\/\/www.szenik.eu\/de\/\",\"logo\":{\"@type\":\"ImageObject\",\"inLanguage\":\"de\",\"@id\":\"https:\/\/www.szenik.eu\/de\/#\/schema\/logo\/image\/\",\"url\":\"https:\/\/www.szenik.eu\/wp-content\/uploads\/2019\/07\/logo-square.png\",\"contentUrl\":\"https:\/\/www.szenik.eu\/wp-content\/uploads\/2019\/07\/logo-square.png\",\"width\":512,\"height\":512,\"caption\":\"Szenik\"},\"image\":{\"@id\":\"https:\/\/www.szenik.eu\/de\/#\/schema\/logo\/image\/\"},\"sameAs\":[\"https:\/\/www.facebook.com\/szenik.eu\/\",\"https:\/\/twitter.com\/Szenik\",\"https:\/\/www.instagram.com\/szenik_magazine\/\",\"https:\/\/www.youtube.com\/user\/SzenikEU\/\"]},{\"@type\":\"Person\",\"@id\":\"https:\/\/www.szenik.eu\/de\/#\/schema\/person\/15f73f175b41bad194837490339d48fb\",\"name\":\"szenik\",\"image\":{\"@type\":\"ImageObject\",\"inLanguage\":\"de\",\"@id\":\"https:\/\/www.szenik.eu\/de\/#\/schema\/person\/image\/\",\"url\":\"https:\/\/secure.gravatar.com\/avatar\/d1c4f19522a624a4eaa5e6c03e22370b?s=96&d=mm&r=g\",\"contentUrl\":\"https:\/\/secure.gravatar.com\/avatar\/d1c4f19522a624a4eaa5e6c03e22370b?s=96&d=mm&r=g\",\"caption\":\"szenik\"}}]}<\/script>\n<!-- \/ Yoast SEO plugin. -->","yoast_head_json":{"title":"H\u00e4nsel & Gretel auf der Website des Nationaltheaters Mannheim I szenik","description":"Am 12.12 feiert \"H\u00e4nsel und Gretel\" seine TV-Premiere. Zus\u00e4tzlich wird die Oper bis zum 6.01 auf der NTM-Website als Stream abrufbar sein.","robots":{"index":"index","follow":"follow","max-snippet":"max-snippet:-1","max-image-preview":"max-image-preview:large","max-video-preview":"max-video-preview:-1"},"canonical":"https:\/\/www.szenik.eu\/de\/nationaltheater-mannheim-die-vierte-white-wall-oper-haensel-und-gretel-kommt-ins-fernsehen-und-als-stream-auf-die-website-des-nationaltheaters-36349","og_locale":"de_DE","og_type":"article","og_title":"H\u00e4nsel & Gretel auf der Website des Nationaltheaters Mannheim I szenik","og_description":"Am 12.12 feiert \"H\u00e4nsel und Gretel\" seine TV-Premiere. Zus\u00e4tzlich wird die Oper bis zum 6.01 auf der NTM-Website als Stream abrufbar sein.","og_url":"https:\/\/www.szenik.eu\/de\/nationaltheater-mannheim-die-vierte-white-wall-oper-haensel-und-gretel-kommt-ins-fernsehen-und-als-stream-auf-die-website-des-nationaltheaters-36349","og_site_name":"szenik","article_publisher":"https:\/\/www.facebook.com\/szenik.eu\/","article_published_time":"2020-12-09T09:37:40+00:00","article_modified_time":"2020-12-09T12:35:24+00:00","og_image":[{"width":1118,"height":743,"url":"https:\/\/www.szenik.eu\/wp-content\/uploads\/2020\/12\/Capture-d\u2019\u00e9cran-2020-12-09-\u00e0-11.49.17.png","type":"image\/png"}],"author":"szenik","twitter_card":"summary_large_image","twitter_creator":"@Szenik","twitter_site":"@Szenik","twitter_misc":{"Verfasst von":"szenik","Gesch\u00e4tzte Lesezeit":"2\u00a0Minuten"},"schema":{"@context":"https:\/\/schema.org","@graph":[{"@type":"Article","@id":"https:\/\/www.szenik.eu\/de\/nationaltheater-mannheim-die-vierte-white-wall-oper-haensel-und-gretel-kommt-ins-fernsehen-und-als-stream-auf-die-website-des-nationaltheaters-36349#article","isPartOf":{"@id":"https:\/\/www.szenik.eu\/de\/nationaltheater-mannheim-die-vierte-white-wall-oper-haensel-und-gretel-kommt-ins-fernsehen-und-als-stream-auf-die-website-des-nationaltheaters-36349"},"author":{"name":"szenik","@id":"https:\/\/www.szenik.eu\/de\/#\/schema\/person\/15f73f175b41bad194837490339d48fb"},"headline":"Nationaltheater Mannheim: Die vierte White-Wall-Oper &#8222;H\u00e4nsel und Gretel&#8220; kommt ins Fernsehen und als Stream auf die Website des Nationaltheaters.","datePublished":"2020-12-09T09:37:40+00:00","dateModified":"2020-12-09T12:35:24+00:00","mainEntityOfPage":{"@id":"https:\/\/www.szenik.eu\/de\/nationaltheater-mannheim-die-vierte-white-wall-oper-haensel-und-gretel-kommt-ins-fernsehen-und-als-stream-auf-die-website-des-nationaltheaters-36349"},"wordCount":404,"commentCount":0,"publisher":{"@id":"https:\/\/www.szenik.eu\/de\/#organization"},"keywords":["AleVictoria Stevens","Bernhard Hochenauer","Judith Selenko","Junges Theater","Mannheim","Nationaltheater Mannheim","Oper"],"articleSection":["Kurz &amp; knackig","Magazin"],"inLanguage":"de","potentialAction":[{"@type":"CommentAction","name":"Comment","target":["https:\/\/www.szenik.eu\/de\/nationaltheater-mannheim-die-vierte-white-wall-oper-haensel-und-gretel-kommt-ins-fernsehen-und-als-stream-auf-die-website-des-nationaltheaters-36349#respond"]}]},{"@type":"WebPage","@id":"https:\/\/www.szenik.eu\/de\/nationaltheater-mannheim-die-vierte-white-wall-oper-haensel-und-gretel-kommt-ins-fernsehen-und-als-stream-auf-die-website-des-nationaltheaters-36349","url":"https:\/\/www.szenik.eu\/de\/nationaltheater-mannheim-die-vierte-white-wall-oper-haensel-und-gretel-kommt-ins-fernsehen-und-als-stream-auf-die-website-des-nationaltheaters-36349","name":"H\u00e4nsel & Gretel auf der Website des Nationaltheaters Mannheim I szenik","isPartOf":{"@id":"https:\/\/www.szenik.eu\/de\/#website"},"datePublished":"2020-12-09T09:37:40+00:00","dateModified":"2020-12-09T12:35:24+00:00","description":"Am 12.12 feiert \"H\u00e4nsel und Gretel\" seine TV-Premiere. Zus\u00e4tzlich wird die Oper bis zum 6.01 auf der NTM-Website als Stream abrufbar sein.","breadcrumb":{"@id":"https:\/\/www.szenik.eu\/de\/nationaltheater-mannheim-die-vierte-white-wall-oper-haensel-und-gretel-kommt-ins-fernsehen-und-als-stream-auf-die-website-des-nationaltheaters-36349#breadcrumb"},"inLanguage":"de","potentialAction":[{"@type":"ReadAction","target":["https:\/\/www.szenik.eu\/de\/nationaltheater-mannheim-die-vierte-white-wall-oper-haensel-und-gretel-kommt-ins-fernsehen-und-als-stream-auf-die-website-des-nationaltheaters-36349"]}]},{"@type":"BreadcrumbList","@id":"https:\/\/www.szenik.eu\/de\/nationaltheater-mannheim-die-vierte-white-wall-oper-haensel-und-gretel-kommt-ins-fernsehen-und-als-stream-auf-die-website-des-nationaltheaters-36349#breadcrumb","itemListElement":[{"@type":"ListItem","position":1,"name":"Home","item":"https:\/\/www.szenik.eu\/de"},{"@type":"ListItem","position":2,"name":"Nationaltheater Mannheim: Die vierte White-Wall-Oper &#8222;H\u00e4nsel und Gretel&#8220; kommt ins Fernsehen und als Stream auf die Website des Nationaltheaters."}]},{"@type":"WebSite","@id":"https:\/\/www.szenik.eu\/de\/#website","url":"https:\/\/www.szenik.eu\/de\/","name":"szenik","description":"Le Meilleur des sc\u00e8nes au coeur de l&#039;Europe","publisher":{"@id":"https:\/\/www.szenik.eu\/de\/#organization"},"potentialAction":[{"@type":"SearchAction","target":{"@type":"EntryPoint","urlTemplate":"https:\/\/www.szenik.eu\/de\/?s={search_term_string}"},"query-input":"required name=search_term_string"}],"inLanguage":"de"},{"@type":"Organization","@id":"https:\/\/www.szenik.eu\/de\/#organization","name":"Szenik","url":"https:\/\/www.szenik.eu\/de\/","logo":{"@type":"ImageObject","inLanguage":"de","@id":"https:\/\/www.szenik.eu\/de\/#\/schema\/logo\/image\/","url":"https:\/\/www.szenik.eu\/wp-content\/uploads\/2019\/07\/logo-square.png","contentUrl":"https:\/\/www.szenik.eu\/wp-content\/uploads\/2019\/07\/logo-square.png","width":512,"height":512,"caption":"Szenik"},"image":{"@id":"https:\/\/www.szenik.eu\/de\/#\/schema\/logo\/image\/"},"sameAs":["https:\/\/www.facebook.com\/szenik.eu\/","https:\/\/twitter.com\/Szenik","https:\/\/www.instagram.com\/szenik_magazine\/","https:\/\/www.youtube.com\/user\/SzenikEU\/"]},{"@type":"Person","@id":"https:\/\/www.szenik.eu\/de\/#\/schema\/person\/15f73f175b41bad194837490339d48fb","name":"szenik","image":{"@type":"ImageObject","inLanguage":"de","@id":"https:\/\/www.szenik.eu\/de\/#\/schema\/person\/image\/","url":"https:\/\/secure.gravatar.com\/avatar\/d1c4f19522a624a4eaa5e6c03e22370b?s=96&d=mm&r=g","contentUrl":"https:\/\/secure.gravatar.com\/avatar\/d1c4f19522a624a4eaa5e6c03e22370b?s=96&d=mm&r=g","caption":"szenik"}}]}},"jetpack_featured_media_url":"https:\/\/www.szenik.eu\/wp-content\/uploads\/2020\/12\/Capture-d\u2019\u00e9cran-2020-12-09-\u00e0-11.49.17.png","amp_enabled":true,"_links":{"self":[{"href":"https:\/\/www.szenik.eu\/de\/wp-json\/\/wp\/v2\/posts\/36349"}],"collection":[{"href":"https:\/\/www.szenik.eu\/de\/wp-json\/\/wp\/v2\/posts"}],"about":[{"href":"https:\/\/www.szenik.eu\/de\/wp-json\/\/wp\/v2\/types\/post"}],"author":[{"embeddable":true,"href":"https:\/\/www.szenik.eu\/de\/wp-json\/\/wp\/v2\/users\/1"}],"replies":[{"embeddable":true,"href":"https:\/\/www.szenik.eu\/de\/wp-json\/\/wp\/v2\/comments?post=36349"}],"version-history":[{"count":4,"href":"https:\/\/www.szenik.eu\/de\/wp-json\/\/wp\/v2\/posts\/36349\/revisions"}],"predecessor-version":[{"id":36362,"href":"https:\/\/www.szenik.eu\/de\/wp-json\/\/wp\/v2\/posts\/36349\/revisions\/36362"}],"wp:featuredmedia":[{"embeddable":true,"href":"https:\/\/www.szenik.eu\/de\/wp-json\/\/wp\/v2\/media\/36353"}],"wp:attachment":[{"href":"https:\/\/www.szenik.eu\/de\/wp-json\/\/wp\/v2\/media?parent=36349"}],"wp:term":[{"taxonomy":"category","embeddable":true,"href":"https:\/\/www.szenik.eu\/de\/wp-json\/\/wp\/v2\/categories?post=36349"},{"taxonomy":"post_tag","embeddable":true,"href":"https:\/\/www.szenik.eu\/de\/wp-json\/\/wp\/v2\/tags?post=36349"}],"curies":[{"name":"wp","href":"https:\/\/api.w.org\/{rel}","templated":true}]}}