{"id":36184,"date":"2020-12-01T11:37:39","date_gmt":"2020-12-01T10:37:39","guid":{"rendered":"https:\/\/www.szenik.eu\/?p=36184\/"},"modified":"2020-12-01T11:37:43","modified_gmt":"2020-12-01T10:37:43","slug":"schauspiel-stuttgart-the-fair-queen-von-calixto-beitio-im-dezember-als-video-on-demand","status":"publish","type":"post","link":"https:\/\/www.szenik.eu\/de\/schauspiel-stuttgart-the-fair-queen-von-calixto-beitio-im-dezember-als-video-on-demand-36184","title":{"rendered":"Schauspiel Stuttgart: &#8222;The Fair Queen&#8220; von Calixto Beitio im Dezember als Video-on-Demand"},"content":{"rendered":"\n<h2>Vom 11. bis 27. Dezember 2020 steht die Semi-Oper\u00a0<em>The Fairy Queen\u00a0<\/em>von Henry Purcell kostenlos als Video-on-Demand auf\u00a0www.schauspiel-stuttgart.de\u00a0zur Verf\u00fcgung.<\/h2>\n\n\n\n<div style=\"height:100px\" aria-hidden=\"true\" class=\"wp-block-spacer\"><\/div>\n\n\n\n<p><em>Pressemitteilung<\/em><\/p>\n\n\n\n<div style=\"height:100px\" aria-hidden=\"true\" class=\"wp-block-spacer\"><\/div>\n\n\n\n<p>2016 inszenierte Calixto Bieito\u00a0<em><strong>The Fairy Queen\u00a0<\/strong><\/em>mit sieben Schauspieler*innen, sechs S\u00e4nger*innen, dem Staatsopernchor und dem Staatsorchester Stuttgart im Schauspielhaus. Die musikalische Leitung der Koproduktion zwischen dem Schauspiel Stuttgart und der Staatsoper Stuttgart lag in den H\u00e4nden von Barockexperte<strong> Christian Curnyn<\/strong>.<\/p>\n\n\n\n<p>Einhundert Jahre nach Shakespeare hat Henry Purcell seine Adaption des\u00a0<em>Sommernachtstraums\u00a0<\/em>komponiert, eine sogenannte Semi-Oper oder Masque: Eine Mischform aus Schauspiel und Oper. F\u00fcr die Staatstheater Stuttgart eine Steilvorlage, sich\u00a0dem \u201eOrpheus britannicus\u201c Purcell in einer Koproduktion von Schauspiel und Oper\u00a0zuzuwenden. Schauspieler, S\u00e4nger, Staatsopernchor und Staatsorchester erarbeiten gemeinsam einen Theaterabend, bei dem auch die Gattungsgrenzen in die Schwebe geraten. <\/p>\n\n\n\n<div style=\"height:45px\" aria-hidden=\"true\" class=\"wp-block-spacer\"><\/div>\n\n\n\n<blockquote class=\"wp-block-quote\"><p>&#8222;Shakespeare war meiner Meinung nach ein wirklich privilegierter Mann. Nicht nur, weil er ein Genie war, das ist offensichtlich. Sondern weil er in einer Zeit lebte, in der sich das Licht der Renaissance in die Dunkelheit des Barock verwandelte. Das war ein Geschenk f\u00fcr ihn. Diesen Wechsel hat er gesehen und daraus seine Geschichten gemacht.&#8220;\u00a0<\/p><cite>Calixto Bieito<\/cite><\/blockquote>\n\n\n\n<div style=\"height:100px\" aria-hidden=\"true\" class=\"wp-block-spacer\"><\/div>\n\n\n\n<p class=\"has-background has-text-align-center has-medium-font-size has-pale-pink-background-color\"><strong>Vom 11. bis 27. Dezember 2020 <\/strong><br><strong>als Video-on-Demand<\/strong><\/p>\n\n\n\n<div style=\"height:20px\" aria-hidden=\"true\" class=\"wp-block-spacer\"><\/div>\n\n\n\n<p class=\"has-text-align-center has-medium-font-size\"><strong><em>The Fairy Queen<\/em><\/strong><\/p>\n\n\n\n<div style=\"height:20px\" aria-hidden=\"true\" class=\"wp-block-spacer\"><\/div>\n\n\n\n<p class=\"has-text-align-center\">von Henry Purcell<br>Semi-Oper nach William Shakespeares &#8222;Ein Sommernachtstraum&#8220; gesprochen auf Deutsch, gesungen auf Englisch<\/p>\n\n\n\n<p class=\"has-text-align-center\"><em>Stuttgarter Fassung unter Verwendung der deutschen \u00dcbersetzung von J\u00fcrgen Gosch, Angela Schanelec und Wolfgang Wiens<\/em><\/p>\n\n\n\n<p class=\"has-text-align-center\">Inszenierung <strong>Calixto Bieito<\/strong><br>Musikalische Leitung<strong> Christian Curnyn<\/strong><br>B\u00fchne <strong>Susanne Gschwender<\/strong><br>Kost\u00fcme <strong>Anja Rabes<\/strong><br>Licht<strong> Reinhard Traub<\/strong><br>Choreografie<strong> Beate Vollack<\/strong><br>Chor<strong> Johannes Knecht<\/strong><br>Dramaturgie <strong>Patrick Hahn, Bernd Isele<\/strong><\/p>\n\n\n\n<p class=\"has-text-align-center\">Mit<br><strong>Maja Beckmann, Lauryna Bendziunaite, Manolo Bertling, Susanne B\u00f6we, Mirella Bunoaica, Josefin Feiler, Caroline Junghanns, Johann J\u00fcrgens, Frank Laske, Mark Milhofer, Hanna Pla\u00df, Arnaud Richard, Alexander Sprague, Michael Stiller, Staatsopernchor Stuttgart, Staatsorchester Stuttgart<\/strong><\/p>\n\n\n\n<div style=\"height:100px\" aria-hidden=\"true\" class=\"wp-block-spacer\"><\/div>\n\n\n\n<div class=\"wp-block-button aligncenter\"><a class=\"wp-block-button__link has-text-color has-very-dark-gray-color has-background has-luminous-vivid-amber-background-color\" href=\"https:\/\/www.schauspiel-stuttgart.de\" target=\"_blank\" rel=\"noreferrer noopener\">Zum Stream auf der Website des Schauspiel Stuttgart<\/a><\/div>\n\n\n\n<div style=\"height:100px\" aria-hidden=\"true\" class=\"wp-block-spacer\"><\/div>\n\n\n\n<p class=\"has-small-font-size\">Photo : B. Klein<\/p>\n\n\n\n<div style=\"height:100px\" aria-hidden=\"true\" class=\"wp-block-spacer\"><\/div>\n","protected":false},"excerpt":{"rendered":"<p>Vom 11. bis 27. Dezember 2020 steht die Semi-Oper\u00a0The Fairy Queen\u00a0von Henry Purcell kostenlos als Video-on-Demand auf\u00a0www.schauspiel-stuttgart.de\u00a0zur Verf\u00fcgung. Pressemitteilung 2016 inszenierte Calixto Bieito\u00a0The Fairy Queen\u00a0mit sieben Schauspieler*innen, sechs S\u00e4nger*innen, dem Staatsopernchor und dem Staatsorchester Stuttgart im Schauspielhaus. Die musikalische Leitung der Koproduktion zwischen dem Schauspiel Stuttgart und der Staatsoper Stuttgart lag in den H\u00e4nden von [&hellip;]<\/p>\n","protected":false},"author":1,"featured_media":36185,"comment_status":"open","ping_status":"open","sticky":false,"template":"","format":"standard","meta":{"_monsterinsights_skip_tracking":false,"_monsterinsights_sitenote_active":false,"_monsterinsights_sitenote_note":"","_monsterinsights_sitenote_category":0},"categories":[2815,53],"tags":[6680,2284,2770],"yoast_head":"<!-- This site is optimized with the Yoast SEO plugin v20.5 - https:\/\/yoast.com\/wordpress\/plugins\/seo\/ -->\n<title>Das Schauspiel Stuttgart zeigt &quot;The Fairy Queen&quot; als Stream I szenik<\/title>\n<meta name=\"description\" content=\"Vom 11. bis 27.12. 2020 steht die Semi-Oper The Fairy Queen von Henry Purcell kostenlos als Video-on-Demand auf www.schauspiel-stuttgart.de zur Verf\u00fcgung.\" \/>\n<meta name=\"robots\" content=\"index, follow, max-snippet:-1, max-image-preview:large, max-video-preview:-1\" \/>\n<link rel=\"canonical\" href=\"https:\/\/www.szenik.eu\/de\/schauspiel-stuttgart-the-fair-queen-von-calixto-beitio-im-dezember-als-video-on-demand-36184\" \/>\n<meta property=\"og:locale\" content=\"de_DE\" \/>\n<meta property=\"og:type\" content=\"article\" \/>\n<meta property=\"og:title\" content=\"Das Schauspiel Stuttgart zeigt &quot;The Fairy Queen&quot; als Stream I szenik\" \/>\n<meta property=\"og:description\" content=\"Vom 11. bis 27.12. 2020 steht die Semi-Oper The Fairy Queen von Henry Purcell kostenlos als Video-on-Demand auf www.schauspiel-stuttgart.de zur Verf\u00fcgung.\" \/>\n<meta property=\"og:url\" content=\"https:\/\/www.szenik.eu\/de\/schauspiel-stuttgart-the-fair-queen-von-calixto-beitio-im-dezember-als-video-on-demand-36184\" \/>\n<meta property=\"og:site_name\" content=\"szenik\" \/>\n<meta property=\"article:publisher\" content=\"https:\/\/www.facebook.com\/szenik.eu\/\" \/>\n<meta property=\"article:published_time\" content=\"2020-12-01T10:37:39+00:00\" \/>\n<meta property=\"article:modified_time\" content=\"2020-12-01T10:37:43+00:00\" \/>\n<meta property=\"og:image\" content=\"https:\/\/www.szenik.eu\/wp-content\/uploads\/2020\/12\/Capture-d\u2019\u00e9cran-2020-12-01-\u00e0-11.31.27.png\" \/>\n\t<meta property=\"og:image:width\" content=\"1064\" \/>\n\t<meta property=\"og:image:height\" content=\"563\" \/>\n\t<meta property=\"og:image:type\" content=\"image\/png\" \/>\n<meta name=\"author\" content=\"szenik\" \/>\n<meta name=\"twitter:card\" content=\"summary_large_image\" \/>\n<meta name=\"twitter:creator\" content=\"@Szenik\" \/>\n<meta name=\"twitter:site\" content=\"@Szenik\" \/>\n<meta name=\"twitter:label1\" content=\"Verfasst von\" \/>\n\t<meta name=\"twitter:data1\" content=\"szenik\" \/>\n\t<meta name=\"twitter:label2\" content=\"Gesch\u00e4tzte Lesezeit\" \/>\n\t<meta name=\"twitter:data2\" content=\"1\u00a0Minute\" \/>\n<script type=\"application\/ld+json\" class=\"yoast-schema-graph\">{\"@context\":\"https:\/\/schema.org\",\"@graph\":[{\"@type\":\"Article\",\"@id\":\"https:\/\/www.szenik.eu\/de\/schauspiel-stuttgart-the-fair-queen-von-calixto-beitio-im-dezember-als-video-on-demand-36184#article\",\"isPartOf\":{\"@id\":\"https:\/\/www.szenik.eu\/de\/schauspiel-stuttgart-the-fair-queen-von-calixto-beitio-im-dezember-als-video-on-demand-36184\"},\"author\":{\"name\":\"szenik\",\"@id\":\"https:\/\/www.szenik.eu\/de\/#\/schema\/person\/15f73f175b41bad194837490339d48fb\"},\"headline\":\"Schauspiel Stuttgart: &#8222;The Fair Queen&#8220; von Calixto Beitio im Dezember als Video-on-Demand\",\"datePublished\":\"2020-12-01T10:37:39+00:00\",\"dateModified\":\"2020-12-01T10:37:43+00:00\",\"mainEntityOfPage\":{\"@id\":\"https:\/\/www.szenik.eu\/de\/schauspiel-stuttgart-the-fair-queen-von-calixto-beitio-im-dezember-als-video-on-demand-36184\"},\"wordCount\":312,\"commentCount\":0,\"publisher\":{\"@id\":\"https:\/\/www.szenik.eu\/de\/#organization\"},\"keywords\":[\"Calixto Bieito\",\"Schauspiel Stuttgart\",\"Stuttgart\"],\"articleSection\":[\"Kurz &amp; knackig\",\"Magazin\"],\"inLanguage\":\"de\",\"potentialAction\":[{\"@type\":\"CommentAction\",\"name\":\"Comment\",\"target\":[\"https:\/\/www.szenik.eu\/de\/schauspiel-stuttgart-the-fair-queen-von-calixto-beitio-im-dezember-als-video-on-demand-36184#respond\"]}]},{\"@type\":\"WebPage\",\"@id\":\"https:\/\/www.szenik.eu\/de\/schauspiel-stuttgart-the-fair-queen-von-calixto-beitio-im-dezember-als-video-on-demand-36184\",\"url\":\"https:\/\/www.szenik.eu\/de\/schauspiel-stuttgart-the-fair-queen-von-calixto-beitio-im-dezember-als-video-on-demand-36184\",\"name\":\"Das Schauspiel Stuttgart zeigt \\\"The Fairy Queen\\\" als Stream I szenik\",\"isPartOf\":{\"@id\":\"https:\/\/www.szenik.eu\/de\/#website\"},\"datePublished\":\"2020-12-01T10:37:39+00:00\",\"dateModified\":\"2020-12-01T10:37:43+00:00\",\"description\":\"Vom 11. bis 27.12. 2020 steht die Semi-Oper The Fairy Queen von Henry Purcell kostenlos als Video-on-Demand auf www.schauspiel-stuttgart.de zur Verf\u00fcgung.\",\"breadcrumb\":{\"@id\":\"https:\/\/www.szenik.eu\/de\/schauspiel-stuttgart-the-fair-queen-von-calixto-beitio-im-dezember-als-video-on-demand-36184#breadcrumb\"},\"inLanguage\":\"de\",\"potentialAction\":[{\"@type\":\"ReadAction\",\"target\":[\"https:\/\/www.szenik.eu\/de\/schauspiel-stuttgart-the-fair-queen-von-calixto-beitio-im-dezember-als-video-on-demand-36184\"]}]},{\"@type\":\"BreadcrumbList\",\"@id\":\"https:\/\/www.szenik.eu\/de\/schauspiel-stuttgart-the-fair-queen-von-calixto-beitio-im-dezember-als-video-on-demand-36184#breadcrumb\",\"itemListElement\":[{\"@type\":\"ListItem\",\"position\":1,\"name\":\"Home\",\"item\":\"https:\/\/www.szenik.eu\/de\"},{\"@type\":\"ListItem\",\"position\":2,\"name\":\"Schauspiel Stuttgart: &#8222;The Fair Queen&#8220; von Calixto Beitio im Dezember als Video-on-Demand\"}]},{\"@type\":\"WebSite\",\"@id\":\"https:\/\/www.szenik.eu\/de\/#website\",\"url\":\"https:\/\/www.szenik.eu\/de\/\",\"name\":\"szenik\",\"description\":\"Le Meilleur des sc\u00e8nes au coeur de l&#039;Europe\",\"publisher\":{\"@id\":\"https:\/\/www.szenik.eu\/de\/#organization\"},\"potentialAction\":[{\"@type\":\"SearchAction\",\"target\":{\"@type\":\"EntryPoint\",\"urlTemplate\":\"https:\/\/www.szenik.eu\/de\/?s={search_term_string}\"},\"query-input\":\"required name=search_term_string\"}],\"inLanguage\":\"de\"},{\"@type\":\"Organization\",\"@id\":\"https:\/\/www.szenik.eu\/de\/#organization\",\"name\":\"Szenik\",\"url\":\"https:\/\/www.szenik.eu\/de\/\",\"logo\":{\"@type\":\"ImageObject\",\"inLanguage\":\"de\",\"@id\":\"https:\/\/www.szenik.eu\/de\/#\/schema\/logo\/image\/\",\"url\":\"https:\/\/www.szenik.eu\/wp-content\/uploads\/2019\/07\/logo-square.png\",\"contentUrl\":\"https:\/\/www.szenik.eu\/wp-content\/uploads\/2019\/07\/logo-square.png\",\"width\":512,\"height\":512,\"caption\":\"Szenik\"},\"image\":{\"@id\":\"https:\/\/www.szenik.eu\/de\/#\/schema\/logo\/image\/\"},\"sameAs\":[\"https:\/\/www.facebook.com\/szenik.eu\/\",\"https:\/\/twitter.com\/Szenik\",\"https:\/\/www.instagram.com\/szenik_magazine\/\",\"https:\/\/www.youtube.com\/user\/SzenikEU\/\"]},{\"@type\":\"Person\",\"@id\":\"https:\/\/www.szenik.eu\/de\/#\/schema\/person\/15f73f175b41bad194837490339d48fb\",\"name\":\"szenik\",\"image\":{\"@type\":\"ImageObject\",\"inLanguage\":\"de\",\"@id\":\"https:\/\/www.szenik.eu\/de\/#\/schema\/person\/image\/\",\"url\":\"https:\/\/secure.gravatar.com\/avatar\/d1c4f19522a624a4eaa5e6c03e22370b?s=96&d=mm&r=g\",\"contentUrl\":\"https:\/\/secure.gravatar.com\/avatar\/d1c4f19522a624a4eaa5e6c03e22370b?s=96&d=mm&r=g\",\"caption\":\"szenik\"}}]}<\/script>\n<!-- \/ Yoast SEO plugin. -->","yoast_head_json":{"title":"Das Schauspiel Stuttgart zeigt \"The Fairy Queen\" als Stream I szenik","description":"Vom 11. bis 27.12. 2020 steht die Semi-Oper The Fairy Queen von Henry Purcell kostenlos als Video-on-Demand auf www.schauspiel-stuttgart.de zur Verf\u00fcgung.","robots":{"index":"index","follow":"follow","max-snippet":"max-snippet:-1","max-image-preview":"max-image-preview:large","max-video-preview":"max-video-preview:-1"},"canonical":"https:\/\/www.szenik.eu\/de\/schauspiel-stuttgart-the-fair-queen-von-calixto-beitio-im-dezember-als-video-on-demand-36184","og_locale":"de_DE","og_type":"article","og_title":"Das Schauspiel Stuttgart zeigt \"The Fairy Queen\" als Stream I szenik","og_description":"Vom 11. bis 27.12. 2020 steht die Semi-Oper The Fairy Queen von Henry Purcell kostenlos als Video-on-Demand auf www.schauspiel-stuttgart.de zur Verf\u00fcgung.","og_url":"https:\/\/www.szenik.eu\/de\/schauspiel-stuttgart-the-fair-queen-von-calixto-beitio-im-dezember-als-video-on-demand-36184","og_site_name":"szenik","article_publisher":"https:\/\/www.facebook.com\/szenik.eu\/","article_published_time":"2020-12-01T10:37:39+00:00","article_modified_time":"2020-12-01T10:37:43+00:00","og_image":[{"width":1064,"height":563,"url":"https:\/\/www.szenik.eu\/wp-content\/uploads\/2020\/12\/Capture-d\u2019\u00e9cran-2020-12-01-\u00e0-11.31.27.png","type":"image\/png"}],"author":"szenik","twitter_card":"summary_large_image","twitter_creator":"@Szenik","twitter_site":"@Szenik","twitter_misc":{"Verfasst von":"szenik","Gesch\u00e4tzte Lesezeit":"1\u00a0Minute"},"schema":{"@context":"https:\/\/schema.org","@graph":[{"@type":"Article","@id":"https:\/\/www.szenik.eu\/de\/schauspiel-stuttgart-the-fair-queen-von-calixto-beitio-im-dezember-als-video-on-demand-36184#article","isPartOf":{"@id":"https:\/\/www.szenik.eu\/de\/schauspiel-stuttgart-the-fair-queen-von-calixto-beitio-im-dezember-als-video-on-demand-36184"},"author":{"name":"szenik","@id":"https:\/\/www.szenik.eu\/de\/#\/schema\/person\/15f73f175b41bad194837490339d48fb"},"headline":"Schauspiel Stuttgart: &#8222;The Fair Queen&#8220; von Calixto Beitio im Dezember als Video-on-Demand","datePublished":"2020-12-01T10:37:39+00:00","dateModified":"2020-12-01T10:37:43+00:00","mainEntityOfPage":{"@id":"https:\/\/www.szenik.eu\/de\/schauspiel-stuttgart-the-fair-queen-von-calixto-beitio-im-dezember-als-video-on-demand-36184"},"wordCount":312,"commentCount":0,"publisher":{"@id":"https:\/\/www.szenik.eu\/de\/#organization"},"keywords":["Calixto Bieito","Schauspiel Stuttgart","Stuttgart"],"articleSection":["Kurz &amp; knackig","Magazin"],"inLanguage":"de","potentialAction":[{"@type":"CommentAction","name":"Comment","target":["https:\/\/www.szenik.eu\/de\/schauspiel-stuttgart-the-fair-queen-von-calixto-beitio-im-dezember-als-video-on-demand-36184#respond"]}]},{"@type":"WebPage","@id":"https:\/\/www.szenik.eu\/de\/schauspiel-stuttgart-the-fair-queen-von-calixto-beitio-im-dezember-als-video-on-demand-36184","url":"https:\/\/www.szenik.eu\/de\/schauspiel-stuttgart-the-fair-queen-von-calixto-beitio-im-dezember-als-video-on-demand-36184","name":"Das Schauspiel Stuttgart zeigt \"The Fairy Queen\" als Stream I szenik","isPartOf":{"@id":"https:\/\/www.szenik.eu\/de\/#website"},"datePublished":"2020-12-01T10:37:39+00:00","dateModified":"2020-12-01T10:37:43+00:00","description":"Vom 11. bis 27.12. 2020 steht die Semi-Oper The Fairy Queen von Henry Purcell kostenlos als Video-on-Demand auf www.schauspiel-stuttgart.de zur Verf\u00fcgung.","breadcrumb":{"@id":"https:\/\/www.szenik.eu\/de\/schauspiel-stuttgart-the-fair-queen-von-calixto-beitio-im-dezember-als-video-on-demand-36184#breadcrumb"},"inLanguage":"de","potentialAction":[{"@type":"ReadAction","target":["https:\/\/www.szenik.eu\/de\/schauspiel-stuttgart-the-fair-queen-von-calixto-beitio-im-dezember-als-video-on-demand-36184"]}]},{"@type":"BreadcrumbList","@id":"https:\/\/www.szenik.eu\/de\/schauspiel-stuttgart-the-fair-queen-von-calixto-beitio-im-dezember-als-video-on-demand-36184#breadcrumb","itemListElement":[{"@type":"ListItem","position":1,"name":"Home","item":"https:\/\/www.szenik.eu\/de"},{"@type":"ListItem","position":2,"name":"Schauspiel Stuttgart: &#8222;The Fair Queen&#8220; von Calixto Beitio im Dezember als Video-on-Demand"}]},{"@type":"WebSite","@id":"https:\/\/www.szenik.eu\/de\/#website","url":"https:\/\/www.szenik.eu\/de\/","name":"szenik","description":"Le Meilleur des sc\u00e8nes au coeur de l&#039;Europe","publisher":{"@id":"https:\/\/www.szenik.eu\/de\/#organization"},"potentialAction":[{"@type":"SearchAction","target":{"@type":"EntryPoint","urlTemplate":"https:\/\/www.szenik.eu\/de\/?s={search_term_string}"},"query-input":"required name=search_term_string"}],"inLanguage":"de"},{"@type":"Organization","@id":"https:\/\/www.szenik.eu\/de\/#organization","name":"Szenik","url":"https:\/\/www.szenik.eu\/de\/","logo":{"@type":"ImageObject","inLanguage":"de","@id":"https:\/\/www.szenik.eu\/de\/#\/schema\/logo\/image\/","url":"https:\/\/www.szenik.eu\/wp-content\/uploads\/2019\/07\/logo-square.png","contentUrl":"https:\/\/www.szenik.eu\/wp-content\/uploads\/2019\/07\/logo-square.png","width":512,"height":512,"caption":"Szenik"},"image":{"@id":"https:\/\/www.szenik.eu\/de\/#\/schema\/logo\/image\/"},"sameAs":["https:\/\/www.facebook.com\/szenik.eu\/","https:\/\/twitter.com\/Szenik","https:\/\/www.instagram.com\/szenik_magazine\/","https:\/\/www.youtube.com\/user\/SzenikEU\/"]},{"@type":"Person","@id":"https:\/\/www.szenik.eu\/de\/#\/schema\/person\/15f73f175b41bad194837490339d48fb","name":"szenik","image":{"@type":"ImageObject","inLanguage":"de","@id":"https:\/\/www.szenik.eu\/de\/#\/schema\/person\/image\/","url":"https:\/\/secure.gravatar.com\/avatar\/d1c4f19522a624a4eaa5e6c03e22370b?s=96&d=mm&r=g","contentUrl":"https:\/\/secure.gravatar.com\/avatar\/d1c4f19522a624a4eaa5e6c03e22370b?s=96&d=mm&r=g","caption":"szenik"}}]}},"jetpack_featured_media_url":"https:\/\/www.szenik.eu\/wp-content\/uploads\/2020\/12\/Capture-d\u2019\u00e9cran-2020-12-01-\u00e0-11.31.27.png","amp_enabled":true,"_links":{"self":[{"href":"https:\/\/www.szenik.eu\/de\/wp-json\/\/wp\/v2\/posts\/36184"}],"collection":[{"href":"https:\/\/www.szenik.eu\/de\/wp-json\/\/wp\/v2\/posts"}],"about":[{"href":"https:\/\/www.szenik.eu\/de\/wp-json\/\/wp\/v2\/types\/post"}],"author":[{"embeddable":true,"href":"https:\/\/www.szenik.eu\/de\/wp-json\/\/wp\/v2\/users\/1"}],"replies":[{"embeddable":true,"href":"https:\/\/www.szenik.eu\/de\/wp-json\/\/wp\/v2\/comments?post=36184"}],"version-history":[{"count":2,"href":"https:\/\/www.szenik.eu\/de\/wp-json\/\/wp\/v2\/posts\/36184\/revisions"}],"predecessor-version":[{"id":36188,"href":"https:\/\/www.szenik.eu\/de\/wp-json\/\/wp\/v2\/posts\/36184\/revisions\/36188"}],"wp:featuredmedia":[{"embeddable":true,"href":"https:\/\/www.szenik.eu\/de\/wp-json\/\/wp\/v2\/media\/36185"}],"wp:attachment":[{"href":"https:\/\/www.szenik.eu\/de\/wp-json\/\/wp\/v2\/media?parent=36184"}],"wp:term":[{"taxonomy":"category","embeddable":true,"href":"https:\/\/www.szenik.eu\/de\/wp-json\/\/wp\/v2\/categories?post=36184"},{"taxonomy":"post_tag","embeddable":true,"href":"https:\/\/www.szenik.eu\/de\/wp-json\/\/wp\/v2\/tags?post=36184"}],"curies":[{"name":"wp","href":"https:\/\/api.w.org\/{rel}","templated":true}]}}