{"id":36033,"date":"2020-11-25T12:56:51","date_gmt":"2020-11-25T11:56:51","guid":{"rendered":"https:\/\/www.szenik.eu\/?p=36033\/"},"modified":"2020-11-25T14:55:15","modified_gmt":"2020-11-25T13:55:15","slug":"das-theater-basel-bleibt-offen-und-spielt-weiter","status":"publish","type":"post","link":"https:\/\/www.szenik.eu\/de\/das-theater-basel-bleibt-offen-und-spielt-weiter-36033","title":{"rendered":"Das Theater Basel bleibt offen und spielt weiter!"},"content":{"rendered":"\n<h2>Bis zum 13. Dezember, solange die Einschr\u00e4nkungen des Kanton Basel-Stadt gelten, spielt das Theater Basel in einem stark reduzierten Spielplan.<\/h2>\n\n\n\n<div style=\"height:100px\" aria-hidden=\"true\" class=\"wp-block-spacer\"><\/div>\n\n\n\n<p><em>Pressemitteilung<\/em><\/p>\n\n\n\n<div style=\"height:45px\" aria-hidden=\"true\" class=\"wp-block-spacer\"><\/div>\n\n\n\n<p>Drei Inszenierungen werden zur Premiere gebracht. Diese St\u00fccke m\u00fcssen zu Ende geprobt werden. Zum einen, weil sie sp\u00e4ter nicht weiterproben k\u00f6nnen. Zum anderen, weil das Theater sonst kein Repertoire f\u00fcr die kommenden Monate hat.<\/p>\n\n\n\n<div style=\"height:42px\" aria-hidden=\"true\" class=\"wp-block-spacer\"><\/div>\n\n\n\n<p class=\"has-background has-text-align-center has-medium-font-size has-pale-pink-background-color\">Verlosung<\/p>\n\n\n\n<div style=\"height:20px\" aria-hidden=\"true\" class=\"wp-block-spacer\"><\/div>\n\n\n\n<p>Den Verkauf f\u00fcr 15 Tickets pro Vorstellung so kurzfristig und nochmals neu zu organisieren ist nicht m\u00f6glich. Daher verlosen wir die Karten f\u00fcr die f\u00fcnf Vorstellungen bis zum 13. Dezember 2020 \u2013 davon je zehn unter unseren Abonnent*innen und je f\u00fcnf unter allen anderen. Mehr Infos finden Sie unter: <a rel=\"noreferrer noopener\" aria-label=\"www.theater-basel.ch\/ser- viceundpreise (opens in a new tab)\" href=\"http:\/\/www.theater-basel.ch\/ser- viceundpreise\" target=\"_blank\"><strong><em>www.theater-basel.ch\/ser- viceundpreise<\/em><\/strong><\/a><\/p>\n\n\n\n<p>Ab dem 14. Dezember spielen wir wieder auf allen B\u00fchnen f\u00fcr ein Publikum von 50.<\/p>\n\n\n\n<p>Seit der Versch\u00e4rfung der Schutzmassnahmen durch den Bundesrat am 28. Oktober hat das Theater eine finanziell vertretbare Planung f\u00fcr die Monate Dezember und Ja- nuar erarbeitet. Sobald die Einschr\u00e4nkungen durch den Kanton Basel-Stadt wieder aufgehoben werden, beginnt der Vorverkauf. Abonnent*innen haben ein Vorkaufs- recht, voraussichtlich ab dem 11. Dezember.<\/p>\n\n\n\n<div style=\"height:39px\" aria-hidden=\"true\" class=\"wp-block-spacer\"><\/div>\n\n\n\n<p class=\"has-background has-text-align-center has-medium-font-size has-pale-pink-background-color\">Adventskalender<\/p>\n\n\n\n<div style=\"height:20px\" aria-hidden=\"true\" class=\"wp-block-spacer\"><\/div>\n\n\n\n<p>Der Adventskalender h\u00e4tte mit dem \u2039Foyer Public\u203a zwischen dem 1. bis 23. Dezember eine grossartige B\u00fchne erhalten! Da das \u2039Foyer Public\u203a nicht er\u00f6ffnet werden kann, muss auch der Adventskalender in diesem Jahr leider ausfallen.<\/p>\n\n\n\n<div style=\"height:47px\" aria-hidden=\"true\" class=\"wp-block-spacer\"><\/div>\n\n\n\n<p class=\"has-background has-text-align-center has-medium-font-size has-pale-pink-background-color\">Theaterschliessung aus betrieblichen Gr\u00fcnden<\/p>\n\n\n\n<div style=\"height:20px\" aria-hidden=\"true\" class=\"wp-block-spacer\"><\/div>\n\n\n\n<p>Die erheblichen Mehrbelastungen durch stetige Anpassungen an diverse Corona- Szenarien und die Mindereinnahmen m\u00fcssen durch eine Betriebsschliessung aufgefangen werden. Das Haus schliesst deswegen vom 21. bis 31. Dezember 2020.<\/p>\n\n\n\n<div style=\"height:100px\" aria-hidden=\"true\" class=\"wp-block-spacer\"><\/div>\n\n\n\n<p class=\"has-background has-text-align-center has-medium-font-size has-pale-cyan-blue-background-color\">Forderung des \u2039Netzwerk Kulturpolitik Basel\u203a<\/p>\n\n\n\n<div style=\"height:20px\" aria-hidden=\"true\" class=\"wp-block-spacer\"><\/div>\n\n\n\n<blockquote class=\"wp-block-quote\"><p>Professionell durchgef\u00fchrte Kulturveranstaltungen m\u00fcssen weiter f\u00fcr bis zu 50 Zuschauer*innen erlaubt sein. 35 Personen weniger im Saal erzielen keinen Nutzen im Hinblick auf das Infektionsgeschehen. Der Schaden f\u00fcr Gesellschaft und Kulturschaffende hingegen ist riesig. Emotionale und intellektuelle Ber\u00fchrung durch Kultur wird jetzt mehr denn je gebraucht. Kontrolliert und professionell durchgef\u00fchrte Kulturveranstaltungen mit Schutzkonzepten sind sicher. Sie auf ein Publikum von 15 zu begrenzen ist reine Symbolpolitik. Wir fordern differenzierte Massnahmen f\u00fcr den Kultursektor!<br><br>Netzwerk Kulturpolitik<br><a rel=\"noreferrer noopener\" href=\"https:\/\/www.basler-madrigalisten.ch\" target=\"_blank\">Basler Madrigalisten<\/a>;&nbsp;<a rel=\"noreferrer noopener\" href=\"http:\/\/ensemble-phoenix.ch\/agenda\/\" target=\"_blank\">Ensemble Phoenix Basel<\/a>,&nbsp;<a rel=\"noreferrer noopener\" href=\"https:\/\/www.hek.ch\" target=\"_blank\">Haus f\u00fcr elektronische K\u00fcnste Basel<\/a>,&nbsp;<a rel=\"noreferrer noopener\" href=\"https:\/\/www.jungestheaterbasel.ch\" target=\"_blank\">Junges Theater Basel<\/a>,&nbsp;<a rel=\"noreferrer noopener\" href=\"https:\/\/www.kaserne-basel.ch\/de\" target=\"_blank\">Kaserne Basel<\/a>,&nbsp;<a rel=\"noreferrer noopener\" href=\"https:\/\/www.theater-roxy.ch\" target=\"_blank\">ROXY Birsfelden<\/a>,&nbsp;<a rel=\"noreferrer noopener\" href=\"https:\/\/www.sinfonieorchesterbasel.ch\/de\/konzerte.html\" target=\"_blank\">Sinfonieorchester Basel<\/a>,&nbsp;<a rel=\"noreferrer noopener\" href=\"https:\/\/www.stadtkinobasel.ch\" target=\"_blank\">Stadtkino Basel<\/a>,&nbsp;<a rel=\"noreferrer noopener\" href=\"https:\/\/www.tpunkt.ch\/basel\" target=\"_blank\">t.Basel<\/a>,&nbsp;<a rel=\"noreferrer noopener\" href=\"https:\/\/www.theater-basel.ch\/de\" target=\"_blank\">Theater Basel<\/a>,&nbsp;<a rel=\"noreferrer noopener\" href=\"https:\/\/www.baselsinfonietta.ch\" target=\"_blank\">Basler Sinfonietta<\/a>,&nbsp;<a rel=\"noreferrer noopener\" href=\"https:\/\/www.bmtheater.ch\" target=\"_blank\">Basler Marionetten Theater<\/a>,&nbsp;<a rel=\"noreferrer noopener\" href=\"https:\/\/www.garedunord.ch\" target=\"_blank\">Gare du Nord \u2013 Bahnhof f\u00fcr Neue Musik<\/a>,&nbsp;<a rel=\"noreferrer noopener\" href=\"https:\/\/www.kammerorchesterbasel.ch\/en\/\" target=\"_blank\">Kammerorchester Basel<\/a>,&nbsp;<a rel=\"noreferrer noopener\" href=\"https:\/\/www.rfv.ch\" target=\"_blank\">RFV Basel<\/a>,&nbsp;<a rel=\"noreferrer noopener\" href=\"https:\/\/www.birdseye.ch\" target=\"_blank\">the birds eye jazz club<\/a>,&nbsp;<a rel=\"noreferrer noopener\" href=\"https:\/\/www.vorstadttheaterbasel.ch\" target=\"_blank\">Vorstadttheater Basel<\/a><\/p><\/blockquote>\n\n\n\n<div style=\"height:100px\" aria-hidden=\"true\" class=\"wp-block-spacer\"><\/div>\n\n\n\n<div class=\"wp-block-button aligncenter\"><a class=\"wp-block-button__link has-text-color has-very-dark-gray-color has-background has-luminous-vivid-amber-background-color\" href=\"https:\/\/www.theater-basel.ch\/de\" target=\"_blank\" rel=\"noreferrer noopener\">Zur Website des Theater Basel<\/a><\/div>\n\n\n\n<div style=\"height:100px\" aria-hidden=\"true\" class=\"wp-block-spacer\"><\/div>\n\n\n\n<p class=\"has-small-font-size\">Foto: Theater Basel<\/p>\n\n\n\n<div style=\"height:100px\" aria-hidden=\"true\" class=\"wp-block-spacer\"><\/div>\n","protected":false},"excerpt":{"rendered":"<p>Bis zum 13. Dezember, solange die Einschr\u00e4nkungen des Kanton Basel-Stadt gelten, spielt das Theater Basel in einem stark reduzierten Spielplan. Pressemitteilung Drei Inszenierungen werden zur Premiere gebracht. Diese St\u00fccke m\u00fcssen zu Ende geprobt werden. Zum einen, weil sie sp\u00e4ter nicht weiterproben k\u00f6nnen. Zum anderen, weil das Theater sonst kein Repertoire f\u00fcr die kommenden Monate hat. [&hellip;]<\/p>\n","protected":false},"author":1,"featured_media":32248,"comment_status":"open","ping_status":"open","sticky":false,"template":"","format":"standard","meta":{"_monsterinsights_skip_tracking":false,"_monsterinsights_sitenote_active":false,"_monsterinsights_sitenote_note":"","_monsterinsights_sitenote_category":0},"categories":[2814,53],"tags":[2278,3243,3244,2208,2251],"yoast_head":"<!-- This site is optimized with the Yoast SEO plugin v20.5 - https:\/\/yoast.com\/wordpress\/plugins\/seo\/ -->\n<title>Das Theater Basel bleibt offen und spielt weiter I szenik<\/title>\n<meta name=\"description\" content=\"Bis zum 13. Dezember spielt das Theater Basel in einem stark reduzierten Spielplan und verlost zahlreiche Karten f\u00fcr f\u00fcnf Vorstellungen.\" \/>\n<meta name=\"robots\" content=\"index, follow, max-snippet:-1, max-image-preview:large, max-video-preview:-1\" \/>\n<link rel=\"canonical\" href=\"https:\/\/www.szenik.eu\/de\/das-theater-basel-bleibt-offen-und-spielt-weiter-36033\" \/>\n<meta property=\"og:locale\" content=\"de_DE\" \/>\n<meta property=\"og:type\" content=\"article\" \/>\n<meta property=\"og:title\" content=\"Das Theater Basel bleibt offen und spielt weiter I szenik\" \/>\n<meta property=\"og:description\" content=\"Bis zum 13. Dezember spielt das Theater Basel in einem stark reduzierten Spielplan und verlost zahlreiche Karten f\u00fcr f\u00fcnf Vorstellungen.\" \/>\n<meta property=\"og:url\" content=\"https:\/\/www.szenik.eu\/de\/das-theater-basel-bleibt-offen-und-spielt-weiter-36033\" \/>\n<meta property=\"og:site_name\" content=\"szenik\" \/>\n<meta property=\"article:publisher\" content=\"https:\/\/www.facebook.com\/szenik.eu\/\" \/>\n<meta property=\"article:published_time\" content=\"2020-11-25T11:56:51+00:00\" \/>\n<meta property=\"article:modified_time\" content=\"2020-11-25T13:55:15+00:00\" \/>\n<meta property=\"og:image\" content=\"https:\/\/www.szenik.eu\/wp-content\/uploads\/2020\/06\/Capture-d\u2019\u00e9cran-2020-06-23-\u00e0-12.23.55.png\" \/>\n\t<meta property=\"og:image:width\" content=\"987\" \/>\n\t<meta property=\"og:image:height\" content=\"716\" \/>\n\t<meta property=\"og:image:type\" content=\"image\/png\" \/>\n<meta name=\"author\" content=\"szenik\" \/>\n<meta name=\"twitter:card\" content=\"summary_large_image\" \/>\n<meta name=\"twitter:creator\" content=\"@Szenik\" \/>\n<meta name=\"twitter:site\" content=\"@Szenik\" \/>\n<meta name=\"twitter:label1\" content=\"Verfasst von\" \/>\n\t<meta name=\"twitter:data1\" content=\"szenik\" \/>\n\t<meta name=\"twitter:label2\" content=\"Gesch\u00e4tzte Lesezeit\" \/>\n\t<meta name=\"twitter:data2\" content=\"2\u00a0Minuten\" \/>\n<script type=\"application\/ld+json\" class=\"yoast-schema-graph\">{\"@context\":\"https:\/\/schema.org\",\"@graph\":[{\"@type\":\"Article\",\"@id\":\"https:\/\/www.szenik.eu\/de\/das-theater-basel-bleibt-offen-und-spielt-weiter-36033#article\",\"isPartOf\":{\"@id\":\"https:\/\/www.szenik.eu\/de\/das-theater-basel-bleibt-offen-und-spielt-weiter-36033\"},\"author\":{\"name\":\"szenik\",\"@id\":\"https:\/\/www.szenik.eu\/de\/#\/schema\/person\/15f73f175b41bad194837490339d48fb\"},\"headline\":\"Das Theater Basel bleibt offen und spielt weiter!\",\"datePublished\":\"2020-11-25T11:56:51+00:00\",\"dateModified\":\"2020-11-25T13:55:15+00:00\",\"mainEntityOfPage\":{\"@id\":\"https:\/\/www.szenik.eu\/de\/das-theater-basel-bleibt-offen-und-spielt-weiter-36033\"},\"wordCount\":419,\"commentCount\":0,\"publisher\":{\"@id\":\"https:\/\/www.szenik.eu\/de\/#organization\"},\"keywords\":[\"Basel\",\"Junges Theater\",\"Oper\",\"Theater\",\"Theater Basel\"],\"articleSection\":[\"Fokus I Blick zur\u00fcck\",\"Magazin\"],\"inLanguage\":\"de\",\"potentialAction\":[{\"@type\":\"CommentAction\",\"name\":\"Comment\",\"target\":[\"https:\/\/www.szenik.eu\/de\/das-theater-basel-bleibt-offen-und-spielt-weiter-36033#respond\"]}]},{\"@type\":\"WebPage\",\"@id\":\"https:\/\/www.szenik.eu\/de\/das-theater-basel-bleibt-offen-und-spielt-weiter-36033\",\"url\":\"https:\/\/www.szenik.eu\/de\/das-theater-basel-bleibt-offen-und-spielt-weiter-36033\",\"name\":\"Das Theater Basel bleibt offen und spielt weiter I szenik\",\"isPartOf\":{\"@id\":\"https:\/\/www.szenik.eu\/de\/#website\"},\"datePublished\":\"2020-11-25T11:56:51+00:00\",\"dateModified\":\"2020-11-25T13:55:15+00:00\",\"description\":\"Bis zum 13. Dezember spielt das Theater Basel in einem stark reduzierten Spielplan und verlost zahlreiche Karten f\u00fcr f\u00fcnf Vorstellungen.\",\"breadcrumb\":{\"@id\":\"https:\/\/www.szenik.eu\/de\/das-theater-basel-bleibt-offen-und-spielt-weiter-36033#breadcrumb\"},\"inLanguage\":\"de\",\"potentialAction\":[{\"@type\":\"ReadAction\",\"target\":[\"https:\/\/www.szenik.eu\/de\/das-theater-basel-bleibt-offen-und-spielt-weiter-36033\"]}]},{\"@type\":\"BreadcrumbList\",\"@id\":\"https:\/\/www.szenik.eu\/de\/das-theater-basel-bleibt-offen-und-spielt-weiter-36033#breadcrumb\",\"itemListElement\":[{\"@type\":\"ListItem\",\"position\":1,\"name\":\"Home\",\"item\":\"https:\/\/www.szenik.eu\/de\"},{\"@type\":\"ListItem\",\"position\":2,\"name\":\"Das Theater Basel bleibt offen und spielt weiter!\"}]},{\"@type\":\"WebSite\",\"@id\":\"https:\/\/www.szenik.eu\/de\/#website\",\"url\":\"https:\/\/www.szenik.eu\/de\/\",\"name\":\"szenik\",\"description\":\"Le Meilleur des sc\u00e8nes au coeur de l&#039;Europe\",\"publisher\":{\"@id\":\"https:\/\/www.szenik.eu\/de\/#organization\"},\"potentialAction\":[{\"@type\":\"SearchAction\",\"target\":{\"@type\":\"EntryPoint\",\"urlTemplate\":\"https:\/\/www.szenik.eu\/de\/?s={search_term_string}\"},\"query-input\":\"required name=search_term_string\"}],\"inLanguage\":\"de\"},{\"@type\":\"Organization\",\"@id\":\"https:\/\/www.szenik.eu\/de\/#organization\",\"name\":\"Szenik\",\"url\":\"https:\/\/www.szenik.eu\/de\/\",\"logo\":{\"@type\":\"ImageObject\",\"inLanguage\":\"de\",\"@id\":\"https:\/\/www.szenik.eu\/de\/#\/schema\/logo\/image\/\",\"url\":\"https:\/\/www.szenik.eu\/wp-content\/uploads\/2019\/07\/logo-square.png\",\"contentUrl\":\"https:\/\/www.szenik.eu\/wp-content\/uploads\/2019\/07\/logo-square.png\",\"width\":512,\"height\":512,\"caption\":\"Szenik\"},\"image\":{\"@id\":\"https:\/\/www.szenik.eu\/de\/#\/schema\/logo\/image\/\"},\"sameAs\":[\"https:\/\/www.facebook.com\/szenik.eu\/\",\"https:\/\/twitter.com\/Szenik\",\"https:\/\/www.instagram.com\/szenik_magazine\/\",\"https:\/\/www.youtube.com\/user\/SzenikEU\/\"]},{\"@type\":\"Person\",\"@id\":\"https:\/\/www.szenik.eu\/de\/#\/schema\/person\/15f73f175b41bad194837490339d48fb\",\"name\":\"szenik\",\"image\":{\"@type\":\"ImageObject\",\"inLanguage\":\"de\",\"@id\":\"https:\/\/www.szenik.eu\/de\/#\/schema\/person\/image\/\",\"url\":\"https:\/\/secure.gravatar.com\/avatar\/d1c4f19522a624a4eaa5e6c03e22370b?s=96&d=mm&r=g\",\"contentUrl\":\"https:\/\/secure.gravatar.com\/avatar\/d1c4f19522a624a4eaa5e6c03e22370b?s=96&d=mm&r=g\",\"caption\":\"szenik\"}}]}<\/script>\n<!-- \/ Yoast SEO plugin. -->","yoast_head_json":{"title":"Das Theater Basel bleibt offen und spielt weiter I szenik","description":"Bis zum 13. Dezember spielt das Theater Basel in einem stark reduzierten Spielplan und verlost zahlreiche Karten f\u00fcr f\u00fcnf Vorstellungen.","robots":{"index":"index","follow":"follow","max-snippet":"max-snippet:-1","max-image-preview":"max-image-preview:large","max-video-preview":"max-video-preview:-1"},"canonical":"https:\/\/www.szenik.eu\/de\/das-theater-basel-bleibt-offen-und-spielt-weiter-36033","og_locale":"de_DE","og_type":"article","og_title":"Das Theater Basel bleibt offen und spielt weiter I szenik","og_description":"Bis zum 13. Dezember spielt das Theater Basel in einem stark reduzierten Spielplan und verlost zahlreiche Karten f\u00fcr f\u00fcnf Vorstellungen.","og_url":"https:\/\/www.szenik.eu\/de\/das-theater-basel-bleibt-offen-und-spielt-weiter-36033","og_site_name":"szenik","article_publisher":"https:\/\/www.facebook.com\/szenik.eu\/","article_published_time":"2020-11-25T11:56:51+00:00","article_modified_time":"2020-11-25T13:55:15+00:00","og_image":[{"width":987,"height":716,"url":"https:\/\/www.szenik.eu\/wp-content\/uploads\/2020\/06\/Capture-d\u2019\u00e9cran-2020-06-23-\u00e0-12.23.55.png","type":"image\/png"}],"author":"szenik","twitter_card":"summary_large_image","twitter_creator":"@Szenik","twitter_site":"@Szenik","twitter_misc":{"Verfasst von":"szenik","Gesch\u00e4tzte Lesezeit":"2\u00a0Minuten"},"schema":{"@context":"https:\/\/schema.org","@graph":[{"@type":"Article","@id":"https:\/\/www.szenik.eu\/de\/das-theater-basel-bleibt-offen-und-spielt-weiter-36033#article","isPartOf":{"@id":"https:\/\/www.szenik.eu\/de\/das-theater-basel-bleibt-offen-und-spielt-weiter-36033"},"author":{"name":"szenik","@id":"https:\/\/www.szenik.eu\/de\/#\/schema\/person\/15f73f175b41bad194837490339d48fb"},"headline":"Das Theater Basel bleibt offen und spielt weiter!","datePublished":"2020-11-25T11:56:51+00:00","dateModified":"2020-11-25T13:55:15+00:00","mainEntityOfPage":{"@id":"https:\/\/www.szenik.eu\/de\/das-theater-basel-bleibt-offen-und-spielt-weiter-36033"},"wordCount":419,"commentCount":0,"publisher":{"@id":"https:\/\/www.szenik.eu\/de\/#organization"},"keywords":["Basel","Junges Theater","Oper","Theater","Theater Basel"],"articleSection":["Fokus I Blick zur\u00fcck","Magazin"],"inLanguage":"de","potentialAction":[{"@type":"CommentAction","name":"Comment","target":["https:\/\/www.szenik.eu\/de\/das-theater-basel-bleibt-offen-und-spielt-weiter-36033#respond"]}]},{"@type":"WebPage","@id":"https:\/\/www.szenik.eu\/de\/das-theater-basel-bleibt-offen-und-spielt-weiter-36033","url":"https:\/\/www.szenik.eu\/de\/das-theater-basel-bleibt-offen-und-spielt-weiter-36033","name":"Das Theater Basel bleibt offen und spielt weiter I szenik","isPartOf":{"@id":"https:\/\/www.szenik.eu\/de\/#website"},"datePublished":"2020-11-25T11:56:51+00:00","dateModified":"2020-11-25T13:55:15+00:00","description":"Bis zum 13. Dezember spielt das Theater Basel in einem stark reduzierten Spielplan und verlost zahlreiche Karten f\u00fcr f\u00fcnf Vorstellungen.","breadcrumb":{"@id":"https:\/\/www.szenik.eu\/de\/das-theater-basel-bleibt-offen-und-spielt-weiter-36033#breadcrumb"},"inLanguage":"de","potentialAction":[{"@type":"ReadAction","target":["https:\/\/www.szenik.eu\/de\/das-theater-basel-bleibt-offen-und-spielt-weiter-36033"]}]},{"@type":"BreadcrumbList","@id":"https:\/\/www.szenik.eu\/de\/das-theater-basel-bleibt-offen-und-spielt-weiter-36033#breadcrumb","itemListElement":[{"@type":"ListItem","position":1,"name":"Home","item":"https:\/\/www.szenik.eu\/de"},{"@type":"ListItem","position":2,"name":"Das Theater Basel bleibt offen und spielt weiter!"}]},{"@type":"WebSite","@id":"https:\/\/www.szenik.eu\/de\/#website","url":"https:\/\/www.szenik.eu\/de\/","name":"szenik","description":"Le Meilleur des sc\u00e8nes au coeur de l&#039;Europe","publisher":{"@id":"https:\/\/www.szenik.eu\/de\/#organization"},"potentialAction":[{"@type":"SearchAction","target":{"@type":"EntryPoint","urlTemplate":"https:\/\/www.szenik.eu\/de\/?s={search_term_string}"},"query-input":"required name=search_term_string"}],"inLanguage":"de"},{"@type":"Organization","@id":"https:\/\/www.szenik.eu\/de\/#organization","name":"Szenik","url":"https:\/\/www.szenik.eu\/de\/","logo":{"@type":"ImageObject","inLanguage":"de","@id":"https:\/\/www.szenik.eu\/de\/#\/schema\/logo\/image\/","url":"https:\/\/www.szenik.eu\/wp-content\/uploads\/2019\/07\/logo-square.png","contentUrl":"https:\/\/www.szenik.eu\/wp-content\/uploads\/2019\/07\/logo-square.png","width":512,"height":512,"caption":"Szenik"},"image":{"@id":"https:\/\/www.szenik.eu\/de\/#\/schema\/logo\/image\/"},"sameAs":["https:\/\/www.facebook.com\/szenik.eu\/","https:\/\/twitter.com\/Szenik","https:\/\/www.instagram.com\/szenik_magazine\/","https:\/\/www.youtube.com\/user\/SzenikEU\/"]},{"@type":"Person","@id":"https:\/\/www.szenik.eu\/de\/#\/schema\/person\/15f73f175b41bad194837490339d48fb","name":"szenik","image":{"@type":"ImageObject","inLanguage":"de","@id":"https:\/\/www.szenik.eu\/de\/#\/schema\/person\/image\/","url":"https:\/\/secure.gravatar.com\/avatar\/d1c4f19522a624a4eaa5e6c03e22370b?s=96&d=mm&r=g","contentUrl":"https:\/\/secure.gravatar.com\/avatar\/d1c4f19522a624a4eaa5e6c03e22370b?s=96&d=mm&r=g","caption":"szenik"}}]}},"jetpack_featured_media_url":"https:\/\/www.szenik.eu\/wp-content\/uploads\/2020\/06\/Capture-d\u2019\u00e9cran-2020-06-23-\u00e0-12.23.55.png","amp_enabled":true,"_links":{"self":[{"href":"https:\/\/www.szenik.eu\/de\/wp-json\/\/wp\/v2\/posts\/36033"}],"collection":[{"href":"https:\/\/www.szenik.eu\/de\/wp-json\/\/wp\/v2\/posts"}],"about":[{"href":"https:\/\/www.szenik.eu\/de\/wp-json\/\/wp\/v2\/types\/post"}],"author":[{"embeddable":true,"href":"https:\/\/www.szenik.eu\/de\/wp-json\/\/wp\/v2\/users\/1"}],"replies":[{"embeddable":true,"href":"https:\/\/www.szenik.eu\/de\/wp-json\/\/wp\/v2\/comments?post=36033"}],"version-history":[{"count":2,"href":"https:\/\/www.szenik.eu\/de\/wp-json\/\/wp\/v2\/posts\/36033\/revisions"}],"predecessor-version":[{"id":36049,"href":"https:\/\/www.szenik.eu\/de\/wp-json\/\/wp\/v2\/posts\/36033\/revisions\/36049"}],"wp:featuredmedia":[{"embeddable":true,"href":"https:\/\/www.szenik.eu\/de\/wp-json\/\/wp\/v2\/media\/32248"}],"wp:attachment":[{"href":"https:\/\/www.szenik.eu\/de\/wp-json\/\/wp\/v2\/media?parent=36033"}],"wp:term":[{"taxonomy":"category","embeddable":true,"href":"https:\/\/www.szenik.eu\/de\/wp-json\/\/wp\/v2\/categories?post=36033"},{"taxonomy":"post_tag","embeddable":true,"href":"https:\/\/www.szenik.eu\/de\/wp-json\/\/wp\/v2\/tags?post=36033"}],"curies":[{"name":"wp","href":"https:\/\/api.w.org\/{rel}","templated":true}]}}