{"id":36014,"date":"2020-11-25T09:02:22","date_gmt":"2020-11-25T08:02:22","guid":{"rendered":"https:\/\/www.szenik.eu\/?p=36014\/"},"modified":"2020-11-25T09:02:26","modified_gmt":"2020-11-25T08:02:26","slug":"vorstadttheater-basel-wir-machen-weiter","status":"publish","type":"post","link":"https:\/\/www.szenik.eu\/de\/vorstadttheater-basel-wir-machen-weiter-36014","title":{"rendered":"Vorstadttheater Basel: &#8222;Wir machen weiter!&#8220;"},"content":{"rendered":"\n<h2>Am Freitag, den 20. November hat der Kanton Basel-Stadt entschieden, Veranstaltungen ab dem 23. November bis vorerst den 13. Dezember auf 15 Personen zu beschr\u00e4nken.\u00a0<\/h2>\n\n\n\n<div style=\"height:100px\" aria-hidden=\"true\" class=\"wp-block-spacer\"><\/div>\n\n\n\n<p><em>Pressemitteilung<\/em><\/p>\n\n\n\n<div style=\"height:40px\" aria-hidden=\"true\" class=\"wp-block-spacer\"><\/div>\n\n\n\n<p>Am Freitag, den 20. November hat der Kanton Basel-Stadt entschieden, Veranstaltungen ab dem 23. November bis vorerst den 13. Dezember auf 15 Personen zu beschr\u00e4nken. Diese neue Massnah- me ist schwer nachzuvollziehen und erscheint uns wenig differenziert. Einen Spielbetrieb unter diesen Bedingungen aufrechtzuerhalten, bringt uns an den Rand des wirtschaftlich und kr\u00e4ftem\u00e4ssig M\u00f6glichen.<\/p>\n\n\n\n<p>Der Lockdown im Fr\u00fchling hat jedoch gezeigt, wie wichtig es gerade in diesen herausfordernden Zeiten ist, Kultur live und vor Ort erleben zu k\u00f6nnen. Die Auseinandersetzung mittels Kunst darf jetzt nicht fehlen!<\/p>\n\n\n\n<p>Darum spielen wir f\u00fcr die kommende Zeit in einem sehr intimen Rahmen weiter. Wir tun dies mit einem umsichtigen Hygiene- und Massnahmenkonzept, damit Sie sich w\u00e4hrend Ihres Besuchs sicher und gesch\u00fctzt wissen d\u00fcrfen. Einige Vorstellungen sind ob der neuen Kapazit\u00e4tsbegrenzung \u00fcberbucht, weshalb wir derzeit Umdisponierungen und, wo nicht anders m\u00f6glich, Verschiebungen pr\u00fcfen. Die aktuellen Informationen zu unserem Spielplan finden sie immer auf unserer Webseite.<\/p>\n\n\n\n<p>Nach draussen verlegt und als Spaziergang konzipiert, haben wir bereits unsere neue Hausproduktion \u00abDie M\u00e4rchen von Michael K\u00f6hlmeier\u00bb. In warmer Kleidung der K\u00e4lte trotzend k\u00f6nnen Sie sich vor der Kulisse des Basler M\u00fcnsters in die opulente Geschichtenwelt von Michael K\u00f6hlmeier fallen lassen, dessen Erz\u00e4hlungen fast prophetisch in unsere momentane Zeit passen.<\/p>\n\n\n\n<p>Und so k\u00f6nnen wir mit gutem Gewissen sagen: Kommen Sie ins Theater, gehen Sie in alle die Kulturinstitutionen, die speziell f\u00fcr Sie und weitere 14 Menschen den Vorhang heben und Kunst sprechen lassen.<\/p>\n\n\n\n<p>Wir hoffen sehr, dass wir im neuen Jahr unter anderen Bedingungen in die zweite H\u00e4lfte dieser Theatersaison starten k\u00f6nnen.<\/p>\n\n\n\n<p>Ihr Vorstadttheater Basel<\/p>\n\n\n\n<div style=\"height:100px\" aria-hidden=\"true\" class=\"wp-block-spacer\"><\/div>\n\n\n\n<p class=\"has-background has-text-align-center has-medium-font-size has-pale-cyan-blue-background-color\">Wir fordern<\/p>\n\n\n\n<blockquote class=\"wp-block-quote\"><p>Professionell durchgef\u00fchrte Kulturveranstaltungen m\u00fcssen weiter f\u00fcr bis zu 50 Zuschauer*innen erlaubt sein. 35 Personen weniger im Saal erzielen keinen Nutzen im Hinblick auf das Infektionsgeschehen. Der Schaden f\u00fcr Gesellschaft und Kulturschaffende hingegen ist riesig. Emotionale und intellektuelle Ber\u00fchrung durch Kultur wird jetzt mehr denn je gebraucht. Kontrolliert und professionell durchgef\u00fchrte Kulturveranstaltungen mit Schutzkonzepten sind sicher. Sie auf ein Publikum von 15 zu begrenzen ist reine Symbolpolitik. Wir fordern differenzierte Massnahmen f\u00fcr den Kultursektor!<\/p><p>Netzwerk Kulturpolitik<br><a href=\"https:\/\/www.basler-madrigalisten.ch\" target=\"_blank\" rel=\"noreferrer noopener\" aria-label=\"Basler Madrigalisten (opens in a new tab)\">Basler Madrigalisten<\/a>; <a href=\"http:\/\/ensemble-phoenix.ch\/agenda\/\" target=\"_blank\" rel=\"noreferrer noopener\" aria-label=\"Ensemble Phoenix Basel (opens in a new tab)\">Ensemble Phoenix Basel<\/a>, <a href=\"https:\/\/www.hek.ch\" target=\"_blank\" rel=\"noreferrer noopener\" aria-label=\"Haus f\u00fcr elektronische K\u00fcnste Basel (opens in a new tab)\">Haus f\u00fcr elektronische K\u00fcnste Basel<\/a>, <a href=\"https:\/\/www.jungestheaterbasel.ch\" target=\"_blank\" rel=\"noreferrer noopener\" aria-label=\"Junges Theater Basel (opens in a new tab)\">Junges Theater Basel<\/a>, <a href=\"https:\/\/www.kaserne-basel.ch\/de\" target=\"_blank\" rel=\"noreferrer noopener\" aria-label=\"Kaserne Basel (opens in a new tab)\">Kaserne Basel<\/a>, <a href=\"https:\/\/www.theater-roxy.ch\" target=\"_blank\" rel=\"noreferrer noopener\" aria-label=\"ROXY Birsfelden (opens in a new tab)\">ROXY Birsfelden<\/a>, <a href=\"https:\/\/www.sinfonieorchesterbasel.ch\/de\/konzerte.html\" target=\"_blank\" rel=\"noreferrer noopener\" aria-label=\"Sinfonieorchester Basel (opens in a new tab)\">Sinfonieorchester Basel<\/a>, <a href=\"https:\/\/www.stadtkinobasel.ch\" target=\"_blank\" rel=\"noreferrer noopener\" aria-label=\"Stadtkino Basel (opens in a new tab)\">Stadtkino Basel<\/a>, <a href=\"https:\/\/www.tpunkt.ch\/basel\" target=\"_blank\" rel=\"noreferrer noopener\" aria-label=\"t.Basel (opens in a new tab)\">t.Basel<\/a>, <a href=\"https:\/\/www.theater-basel.ch\/de\" target=\"_blank\" rel=\"noreferrer noopener\" aria-label=\"Theater Basel (opens in a new tab)\">Theater Basel<\/a>, <a href=\"https:\/\/www.baselsinfonietta.ch\" target=\"_blank\" rel=\"noreferrer noopener\" aria-label=\"Basler Sinfonietta (opens in a new tab)\">Basler Sinfonietta<\/a>, <a href=\"https:\/\/www.bmtheater.ch\" target=\"_blank\" rel=\"noreferrer noopener\" aria-label=\"Basler Marionetten Theater (opens in a new tab)\">Basler Marionetten Theater<\/a>, <a href=\"https:\/\/www.garedunord.ch\" target=\"_blank\" rel=\"noreferrer noopener\" aria-label=\"Gare du Nord - Bahnhof f\u00fcr Neue Musik (opens in a new tab)\">Gare du Nord &#8211; Bahnhof f\u00fcr Neue Musik<\/a>, <a href=\"https:\/\/www.kammerorchesterbasel.ch\/en\/\" target=\"_blank\" rel=\"noreferrer noopener\" aria-label=\"Kammerorchester Basel (opens in a new tab)\">Kammerorchester Basel<\/a>, <a href=\"https:\/\/www.rfv.ch\" target=\"_blank\" rel=\"noreferrer noopener\" aria-label=\"RFV Basel (opens in a new tab)\">RFV Basel<\/a>, <a href=\"https:\/\/www.birdseye.ch\" target=\"_blank\" rel=\"noreferrer noopener\" aria-label=\"the birds eye jazz club (opens in a new tab)\">the birds eye jazz club<\/a>, <a href=\"https:\/\/www.vorstadttheaterbasel.ch\" target=\"_blank\" rel=\"noreferrer noopener\" aria-label=\"Vorstadttheater Basel (opens in a new tab)\">Vorstadttheater Basel<\/a><\/p><\/blockquote>\n\n\n\n<div style=\"height:100px\" aria-hidden=\"true\" class=\"wp-block-spacer\"><\/div>\n\n\n\n<div class=\"wp-block-button aligncenter\"><a class=\"wp-block-button__link has-text-color has-very-dark-gray-color has-background has-luminous-vivid-amber-background-color\" href=\"https:\/\/www.vorstadttheaterbasel.ch\" target=\"_blank\" rel=\"noreferrer noopener\">Zur Website des Vorstadttheater Basel<\/a><\/div>\n\n\n\n<div style=\"height:100px\" aria-hidden=\"true\" class=\"wp-block-spacer\"><\/div>\n\n\n\n<p class=\"has-small-font-size\">Foto: Xenia Zezzi<\/p>\n\n\n\n<div style=\"height:100px\" aria-hidden=\"true\" class=\"wp-block-spacer\"><\/div>\n","protected":false},"excerpt":{"rendered":"<p>Am Freitag, den 20. November hat der Kanton Basel-Stadt entschieden, Veranstaltungen ab dem 23. November bis vorerst den 13. Dezember auf 15 Personen zu beschr\u00e4nken.\u00a0 Pressemitteilung Am Freitag, den 20. November hat der Kanton Basel-Stadt entschieden, Veranstaltungen ab dem 23. November bis vorerst den 13. Dezember auf 15 Personen zu beschr\u00e4nken. Diese neue Massnah- me [&hellip;]<\/p>\n","protected":false},"author":1,"featured_media":36015,"comment_status":"open","ping_status":"open","sticky":false,"template":"","format":"standard","meta":{"_monsterinsights_skip_tracking":false,"_monsterinsights_sitenote_active":false,"_monsterinsights_sitenote_note":"","_monsterinsights_sitenote_category":0},"categories":[2815,53],"tags":[2278,2208,3136],"yoast_head":"<!-- This site is optimized with the Yoast SEO plugin v20.5 - https:\/\/yoast.com\/wordpress\/plugins\/seo\/ -->\n<title>Vorstadttheater Basel: &quot;Wir machen weiter!&quot; I szenik<\/title>\n<meta name=\"description\" content=\"Seit dem 23. Dezember sind in Basel nur noch 15 ZuschauerInnen im Theater erlaubt. Das Vorstadttheater Basel schlie\u00dft dennoch nicht die T\u00fcren.\" \/>\n<meta name=\"robots\" content=\"index, follow, max-snippet:-1, max-image-preview:large, max-video-preview:-1\" \/>\n<link rel=\"canonical\" href=\"https:\/\/www.szenik.eu\/de\/vorstadttheater-basel-wir-machen-weiter-36014\" \/>\n<meta property=\"og:locale\" content=\"de_DE\" \/>\n<meta property=\"og:type\" content=\"article\" \/>\n<meta property=\"og:title\" content=\"Vorstadttheater Basel: &quot;Wir machen weiter!&quot; I szenik\" \/>\n<meta property=\"og:description\" content=\"Seit dem 23. Dezember sind in Basel nur noch 15 ZuschauerInnen im Theater erlaubt. Das Vorstadttheater Basel schlie\u00dft dennoch nicht die T\u00fcren.\" \/>\n<meta property=\"og:url\" content=\"https:\/\/www.szenik.eu\/de\/vorstadttheater-basel-wir-machen-weiter-36014\" \/>\n<meta property=\"og:site_name\" content=\"szenik\" \/>\n<meta property=\"article:publisher\" content=\"https:\/\/www.facebook.com\/szenik.eu\/\" \/>\n<meta property=\"article:published_time\" content=\"2020-11-25T08:02:22+00:00\" \/>\n<meta property=\"article:modified_time\" content=\"2020-11-25T08:02:26+00:00\" \/>\n<meta property=\"og:image\" content=\"https:\/\/www.szenik.eu\/wp-content\/uploads\/2020\/11\/Capture-d\u2019\u00e9cran-2020-11-25-\u00e0-08.52.20.png\" \/>\n\t<meta property=\"og:image:width\" content=\"1070\" \/>\n\t<meta property=\"og:image:height\" content=\"689\" \/>\n\t<meta property=\"og:image:type\" content=\"image\/png\" \/>\n<meta name=\"author\" content=\"szenik\" \/>\n<meta name=\"twitter:card\" content=\"summary_large_image\" \/>\n<meta name=\"twitter:creator\" content=\"@Szenik\" \/>\n<meta name=\"twitter:site\" content=\"@Szenik\" \/>\n<meta name=\"twitter:label1\" content=\"Verfasst von\" \/>\n\t<meta name=\"twitter:data1\" content=\"szenik\" \/>\n\t<meta name=\"twitter:label2\" content=\"Gesch\u00e4tzte Lesezeit\" \/>\n\t<meta name=\"twitter:data2\" content=\"2\u00a0Minuten\" \/>\n<script type=\"application\/ld+json\" class=\"yoast-schema-graph\">{\"@context\":\"https:\/\/schema.org\",\"@graph\":[{\"@type\":\"Article\",\"@id\":\"https:\/\/www.szenik.eu\/de\/vorstadttheater-basel-wir-machen-weiter-36014#article\",\"isPartOf\":{\"@id\":\"https:\/\/www.szenik.eu\/de\/vorstadttheater-basel-wir-machen-weiter-36014\"},\"author\":{\"name\":\"szenik\",\"@id\":\"https:\/\/www.szenik.eu\/de\/#\/schema\/person\/15f73f175b41bad194837490339d48fb\"},\"headline\":\"Vorstadttheater Basel: &#8222;Wir machen weiter!&#8220;\",\"datePublished\":\"2020-11-25T08:02:22+00:00\",\"dateModified\":\"2020-11-25T08:02:26+00:00\",\"mainEntityOfPage\":{\"@id\":\"https:\/\/www.szenik.eu\/de\/vorstadttheater-basel-wir-machen-weiter-36014\"},\"wordCount\":444,\"commentCount\":0,\"publisher\":{\"@id\":\"https:\/\/www.szenik.eu\/de\/#organization\"},\"keywords\":[\"Basel\",\"Theater\",\"Vorstadttheater Basel\"],\"articleSection\":[\"Kurz &amp; knackig\",\"Magazin\"],\"inLanguage\":\"de\",\"potentialAction\":[{\"@type\":\"CommentAction\",\"name\":\"Comment\",\"target\":[\"https:\/\/www.szenik.eu\/de\/vorstadttheater-basel-wir-machen-weiter-36014#respond\"]}]},{\"@type\":\"WebPage\",\"@id\":\"https:\/\/www.szenik.eu\/de\/vorstadttheater-basel-wir-machen-weiter-36014\",\"url\":\"https:\/\/www.szenik.eu\/de\/vorstadttheater-basel-wir-machen-weiter-36014\",\"name\":\"Vorstadttheater Basel: \\\"Wir machen weiter!\\\" I szenik\",\"isPartOf\":{\"@id\":\"https:\/\/www.szenik.eu\/de\/#website\"},\"datePublished\":\"2020-11-25T08:02:22+00:00\",\"dateModified\":\"2020-11-25T08:02:26+00:00\",\"description\":\"Seit dem 23. Dezember sind in Basel nur noch 15 ZuschauerInnen im Theater erlaubt. Das Vorstadttheater Basel schlie\u00dft dennoch nicht die T\u00fcren.\",\"breadcrumb\":{\"@id\":\"https:\/\/www.szenik.eu\/de\/vorstadttheater-basel-wir-machen-weiter-36014#breadcrumb\"},\"inLanguage\":\"de\",\"potentialAction\":[{\"@type\":\"ReadAction\",\"target\":[\"https:\/\/www.szenik.eu\/de\/vorstadttheater-basel-wir-machen-weiter-36014\"]}]},{\"@type\":\"BreadcrumbList\",\"@id\":\"https:\/\/www.szenik.eu\/de\/vorstadttheater-basel-wir-machen-weiter-36014#breadcrumb\",\"itemListElement\":[{\"@type\":\"ListItem\",\"position\":1,\"name\":\"Home\",\"item\":\"https:\/\/www.szenik.eu\/de\"},{\"@type\":\"ListItem\",\"position\":2,\"name\":\"Vorstadttheater Basel: &#8222;Wir machen weiter!&#8220;\"}]},{\"@type\":\"WebSite\",\"@id\":\"https:\/\/www.szenik.eu\/de\/#website\",\"url\":\"https:\/\/www.szenik.eu\/de\/\",\"name\":\"szenik\",\"description\":\"Le Meilleur des sc\u00e8nes au coeur de l&#039;Europe\",\"publisher\":{\"@id\":\"https:\/\/www.szenik.eu\/de\/#organization\"},\"potentialAction\":[{\"@type\":\"SearchAction\",\"target\":{\"@type\":\"EntryPoint\",\"urlTemplate\":\"https:\/\/www.szenik.eu\/de\/?s={search_term_string}\"},\"query-input\":\"required name=search_term_string\"}],\"inLanguage\":\"de\"},{\"@type\":\"Organization\",\"@id\":\"https:\/\/www.szenik.eu\/de\/#organization\",\"name\":\"Szenik\",\"url\":\"https:\/\/www.szenik.eu\/de\/\",\"logo\":{\"@type\":\"ImageObject\",\"inLanguage\":\"de\",\"@id\":\"https:\/\/www.szenik.eu\/de\/#\/schema\/logo\/image\/\",\"url\":\"https:\/\/www.szenik.eu\/wp-content\/uploads\/2019\/07\/logo-square.png\",\"contentUrl\":\"https:\/\/www.szenik.eu\/wp-content\/uploads\/2019\/07\/logo-square.png\",\"width\":512,\"height\":512,\"caption\":\"Szenik\"},\"image\":{\"@id\":\"https:\/\/www.szenik.eu\/de\/#\/schema\/logo\/image\/\"},\"sameAs\":[\"https:\/\/www.facebook.com\/szenik.eu\/\",\"https:\/\/twitter.com\/Szenik\",\"https:\/\/www.instagram.com\/szenik_magazine\/\",\"https:\/\/www.youtube.com\/user\/SzenikEU\/\"]},{\"@type\":\"Person\",\"@id\":\"https:\/\/www.szenik.eu\/de\/#\/schema\/person\/15f73f175b41bad194837490339d48fb\",\"name\":\"szenik\",\"image\":{\"@type\":\"ImageObject\",\"inLanguage\":\"de\",\"@id\":\"https:\/\/www.szenik.eu\/de\/#\/schema\/person\/image\/\",\"url\":\"https:\/\/secure.gravatar.com\/avatar\/d1c4f19522a624a4eaa5e6c03e22370b?s=96&d=mm&r=g\",\"contentUrl\":\"https:\/\/secure.gravatar.com\/avatar\/d1c4f19522a624a4eaa5e6c03e22370b?s=96&d=mm&r=g\",\"caption\":\"szenik\"}}]}<\/script>\n<!-- \/ Yoast SEO plugin. -->","yoast_head_json":{"title":"Vorstadttheater Basel: \"Wir machen weiter!\" I szenik","description":"Seit dem 23. Dezember sind in Basel nur noch 15 ZuschauerInnen im Theater erlaubt. Das Vorstadttheater Basel schlie\u00dft dennoch nicht die T\u00fcren.","robots":{"index":"index","follow":"follow","max-snippet":"max-snippet:-1","max-image-preview":"max-image-preview:large","max-video-preview":"max-video-preview:-1"},"canonical":"https:\/\/www.szenik.eu\/de\/vorstadttheater-basel-wir-machen-weiter-36014","og_locale":"de_DE","og_type":"article","og_title":"Vorstadttheater Basel: \"Wir machen weiter!\" I szenik","og_description":"Seit dem 23. Dezember sind in Basel nur noch 15 ZuschauerInnen im Theater erlaubt. Das Vorstadttheater Basel schlie\u00dft dennoch nicht die T\u00fcren.","og_url":"https:\/\/www.szenik.eu\/de\/vorstadttheater-basel-wir-machen-weiter-36014","og_site_name":"szenik","article_publisher":"https:\/\/www.facebook.com\/szenik.eu\/","article_published_time":"2020-11-25T08:02:22+00:00","article_modified_time":"2020-11-25T08:02:26+00:00","og_image":[{"width":1070,"height":689,"url":"https:\/\/www.szenik.eu\/wp-content\/uploads\/2020\/11\/Capture-d\u2019\u00e9cran-2020-11-25-\u00e0-08.52.20.png","type":"image\/png"}],"author":"szenik","twitter_card":"summary_large_image","twitter_creator":"@Szenik","twitter_site":"@Szenik","twitter_misc":{"Verfasst von":"szenik","Gesch\u00e4tzte Lesezeit":"2\u00a0Minuten"},"schema":{"@context":"https:\/\/schema.org","@graph":[{"@type":"Article","@id":"https:\/\/www.szenik.eu\/de\/vorstadttheater-basel-wir-machen-weiter-36014#article","isPartOf":{"@id":"https:\/\/www.szenik.eu\/de\/vorstadttheater-basel-wir-machen-weiter-36014"},"author":{"name":"szenik","@id":"https:\/\/www.szenik.eu\/de\/#\/schema\/person\/15f73f175b41bad194837490339d48fb"},"headline":"Vorstadttheater Basel: &#8222;Wir machen weiter!&#8220;","datePublished":"2020-11-25T08:02:22+00:00","dateModified":"2020-11-25T08:02:26+00:00","mainEntityOfPage":{"@id":"https:\/\/www.szenik.eu\/de\/vorstadttheater-basel-wir-machen-weiter-36014"},"wordCount":444,"commentCount":0,"publisher":{"@id":"https:\/\/www.szenik.eu\/de\/#organization"},"keywords":["Basel","Theater","Vorstadttheater Basel"],"articleSection":["Kurz &amp; knackig","Magazin"],"inLanguage":"de","potentialAction":[{"@type":"CommentAction","name":"Comment","target":["https:\/\/www.szenik.eu\/de\/vorstadttheater-basel-wir-machen-weiter-36014#respond"]}]},{"@type":"WebPage","@id":"https:\/\/www.szenik.eu\/de\/vorstadttheater-basel-wir-machen-weiter-36014","url":"https:\/\/www.szenik.eu\/de\/vorstadttheater-basel-wir-machen-weiter-36014","name":"Vorstadttheater Basel: \"Wir machen weiter!\" I szenik","isPartOf":{"@id":"https:\/\/www.szenik.eu\/de\/#website"},"datePublished":"2020-11-25T08:02:22+00:00","dateModified":"2020-11-25T08:02:26+00:00","description":"Seit dem 23. Dezember sind in Basel nur noch 15 ZuschauerInnen im Theater erlaubt. Das Vorstadttheater Basel schlie\u00dft dennoch nicht die T\u00fcren.","breadcrumb":{"@id":"https:\/\/www.szenik.eu\/de\/vorstadttheater-basel-wir-machen-weiter-36014#breadcrumb"},"inLanguage":"de","potentialAction":[{"@type":"ReadAction","target":["https:\/\/www.szenik.eu\/de\/vorstadttheater-basel-wir-machen-weiter-36014"]}]},{"@type":"BreadcrumbList","@id":"https:\/\/www.szenik.eu\/de\/vorstadttheater-basel-wir-machen-weiter-36014#breadcrumb","itemListElement":[{"@type":"ListItem","position":1,"name":"Home","item":"https:\/\/www.szenik.eu\/de"},{"@type":"ListItem","position":2,"name":"Vorstadttheater Basel: &#8222;Wir machen weiter!&#8220;"}]},{"@type":"WebSite","@id":"https:\/\/www.szenik.eu\/de\/#website","url":"https:\/\/www.szenik.eu\/de\/","name":"szenik","description":"Le Meilleur des sc\u00e8nes au coeur de l&#039;Europe","publisher":{"@id":"https:\/\/www.szenik.eu\/de\/#organization"},"potentialAction":[{"@type":"SearchAction","target":{"@type":"EntryPoint","urlTemplate":"https:\/\/www.szenik.eu\/de\/?s={search_term_string}"},"query-input":"required name=search_term_string"}],"inLanguage":"de"},{"@type":"Organization","@id":"https:\/\/www.szenik.eu\/de\/#organization","name":"Szenik","url":"https:\/\/www.szenik.eu\/de\/","logo":{"@type":"ImageObject","inLanguage":"de","@id":"https:\/\/www.szenik.eu\/de\/#\/schema\/logo\/image\/","url":"https:\/\/www.szenik.eu\/wp-content\/uploads\/2019\/07\/logo-square.png","contentUrl":"https:\/\/www.szenik.eu\/wp-content\/uploads\/2019\/07\/logo-square.png","width":512,"height":512,"caption":"Szenik"},"image":{"@id":"https:\/\/www.szenik.eu\/de\/#\/schema\/logo\/image\/"},"sameAs":["https:\/\/www.facebook.com\/szenik.eu\/","https:\/\/twitter.com\/Szenik","https:\/\/www.instagram.com\/szenik_magazine\/","https:\/\/www.youtube.com\/user\/SzenikEU\/"]},{"@type":"Person","@id":"https:\/\/www.szenik.eu\/de\/#\/schema\/person\/15f73f175b41bad194837490339d48fb","name":"szenik","image":{"@type":"ImageObject","inLanguage":"de","@id":"https:\/\/www.szenik.eu\/de\/#\/schema\/person\/image\/","url":"https:\/\/secure.gravatar.com\/avatar\/d1c4f19522a624a4eaa5e6c03e22370b?s=96&d=mm&r=g","contentUrl":"https:\/\/secure.gravatar.com\/avatar\/d1c4f19522a624a4eaa5e6c03e22370b?s=96&d=mm&r=g","caption":"szenik"}}]}},"jetpack_featured_media_url":"https:\/\/www.szenik.eu\/wp-content\/uploads\/2020\/11\/Capture-d\u2019\u00e9cran-2020-11-25-\u00e0-08.52.20.png","amp_enabled":true,"_links":{"self":[{"href":"https:\/\/www.szenik.eu\/de\/wp-json\/\/wp\/v2\/posts\/36014"}],"collection":[{"href":"https:\/\/www.szenik.eu\/de\/wp-json\/\/wp\/v2\/posts"}],"about":[{"href":"https:\/\/www.szenik.eu\/de\/wp-json\/\/wp\/v2\/types\/post"}],"author":[{"embeddable":true,"href":"https:\/\/www.szenik.eu\/de\/wp-json\/\/wp\/v2\/users\/1"}],"replies":[{"embeddable":true,"href":"https:\/\/www.szenik.eu\/de\/wp-json\/\/wp\/v2\/comments?post=36014"}],"version-history":[{"count":2,"href":"https:\/\/www.szenik.eu\/de\/wp-json\/\/wp\/v2\/posts\/36014\/revisions"}],"predecessor-version":[{"id":36019,"href":"https:\/\/www.szenik.eu\/de\/wp-json\/\/wp\/v2\/posts\/36014\/revisions\/36019"}],"wp:featuredmedia":[{"embeddable":true,"href":"https:\/\/www.szenik.eu\/de\/wp-json\/\/wp\/v2\/media\/36015"}],"wp:attachment":[{"href":"https:\/\/www.szenik.eu\/de\/wp-json\/\/wp\/v2\/media?parent=36014"}],"wp:term":[{"taxonomy":"category","embeddable":true,"href":"https:\/\/www.szenik.eu\/de\/wp-json\/\/wp\/v2\/categories?post=36014"},{"taxonomy":"post_tag","embeddable":true,"href":"https:\/\/www.szenik.eu\/de\/wp-json\/\/wp\/v2\/tags?post=36014"}],"curies":[{"name":"wp","href":"https:\/\/api.w.org\/{rel}","templated":true}]}}