{"id":35752,"date":"2020-11-10T16:02:05","date_gmt":"2020-11-10T15:02:05","guid":{"rendered":"https:\/\/www.szenik.eu\/?p=35752\/"},"modified":"2020-11-10T16:02:09","modified_gmt":"2020-11-10T15:02:09","slug":"oper-fuer-alle-digital-replay-das-opernhaus-zuerich-als-stream-und-im-tv","status":"publish","type":"post","link":"https:\/\/www.szenik.eu\/de\/oper-fuer-alle-digital-replay-das-opernhaus-zuerich-als-stream-und-im-tv-35752","title":{"rendered":"Oper f\u00fcr alle digital-replay: Das Opernhaus Z\u00fcrich als Stream und im TV"},"content":{"rendered":"\n<h2>Nach den j\u00fcngsten Massnahmen des Schweizer Bundesrates zur Bek\u00e4mpfung der Corona-Pandemie muss das Opernhaus nach R\u00fccksprache mit dem Kanton Z\u00fcrich den Spielbetrieb im Moment einstellen und wechselt mit\u00a0<strong>\u00aboper f\u00fcr alle digital &#8211; REPLAY\u00bb<\/strong>vorerst wieder in den Online-Modus.\u00a0<\/h2>\n\n\n\n<div style=\"height:100px\" aria-hidden=\"true\" class=\"wp-block-spacer\"><\/div>\n\n\n\n<p><em>Pressemitteilung<\/em><\/p>\n\n\n\n<div style=\"height:45px\" aria-hidden=\"true\" class=\"wp-block-spacer\"><\/div>\n\n\n\n<p>Ab dem 13. November ist es Dank der anhaltend grossz\u00fcgigen Unterst\u00fctzung der Zurich Versicherung m\u00f6glich, drei Produktionen zu streamen, die im September dieses Jahres mit dem eigens entwickelten Spielmodell aufgef\u00fchrt wurden. Unter Einhaltung der Abstands- und Hygieneregeln wurden das voll besetzte Orchester und der Chor aus einem externen Probensaal live in das Opernhaus \u00fcbertragen.&nbsp;<\/p>\n\n\n\n<p>Den Anfang macht von\u00a0<strong>Freitag, 13. bis Sonntag, 15. November<\/strong>\u00a0die erfolgreiche Er\u00f6ffnungspremiere der diesj\u00e4hrigen Saison. Barrie Koskys Inszenierung von Modest Mussorgskis\u00a0<strong>\u00abBoris Godunow\u00bb\u00a0<\/strong>mit dem Rollendeb\u00fct von Michael Volle wurde von Publikum und Presse gleichermassen begeistert goutiert. Donizettis\u00a0<strong>\u00abMaria Stuarda\u00bb<\/strong>\u00a0steht von\u00a0<strong>Freitag, 20. bis Sonntag, 22. November<\/strong>\u00a0auf dem Programm des Online-Spielplans. Der dramatische Kampf zweier K\u00f6niginnen ist mit Diana Damrau und Salome Jicia erstklassig besetzt. Die musikalische Leitung lag in den H\u00e4nden von Enrique Mazzola. Von\u00a0<strong>Freitag, 27. bis Sonntag, 29. November<\/strong>\u00a0folgt die hoch aktuelle Operette\u00a0<strong>\u00abDie Cs\u00e1rd\u00e1sf\u00fcrstin\u00bb<\/strong>\u00a0von Emmerich K\u00e1lm\u00e1n. Annette Dasch und Pavol Breslik, in den Hauptpartien, tanzen unter der musikalischen Leitung von Lorenzo Viotti durch die Inszenierung von Jan Philipp Gloger.\u00a0<\/p>\n\n\n\n<p>Am&nbsp;<strong>Samstag, 5. Dezember zeigt der TV-Sender 3sat zur Primetime ab 20:15 Uhr das Belcanto-Juwel \u00abI Capuleti e i Montecchi\u00bb<\/strong>. Vincenzo Bellini erz\u00e4hlt mit seinem Werk eine ganz besondere Version des klassischen Romeo-und-Julia-Stoffes, in der die beiden Liebenden ausnahmsweise zusammen sterben d\u00fcrfen. In der Hosenrolle des Romeo ist Weltstar Joyce DiDonato zu erleben, an ihrer Seite singt die junge ukrainische Sopranistin Olga Kulchynska die Giulietta. Die Inszenierung stammt von Christof Loy, am Pult der Philharmonia Z\u00fcrich stand der Generalmusikdirektor des Hauses Fabio Luisi.&nbsp;<\/p>\n\n\n\n<p>Am\u00a0<strong>Sonntag, 6. Dezember, 17 Uhr folgt der Kultursender ARTE mit der Live-\u00dcbertragung der Premiere der Verdi-Oper \u00abSimon Boccanegra\u00bb<\/strong>. Seit 2018 bietet ARTE in Partnerschaft mit 21 f\u00fchrenden europ\u00e4ischen Opernh\u00e4usern und Festivals die eigens kuratierte digitale Opernspielzeit \u00abARTE Opera\u00bb an. Die Auff\u00fchrungen sind als Livestream und Video-on-Demand weltweit und in sechs Sprachen untertitelt frei verf\u00fcgbar.\u00a0<\/p>\n\n\n\n<p>Als Simon Boccanegra wird der international gefeierte Bariton Christian Gerhaher abermals ein Rollendeb\u00fct in einer Inszenierung von Andreas Homoki am Opernhaus Z\u00fcrich feiern. Jennifer Rowley und Christof Fischesser komplettieren den Cast. Das Dirigat dieser Premiere liegt in den H\u00e4nden des Generalmusikdirektors Fabio Luisi.\u00a0<\/p>\n\n\n\n<p>Beide TV-Ausstrahlungen sind im Anschluss als Video-on-Demand in der 3sat Mediathek oder auf ARTE CONCERT abrufbar. Alle Aufzeichnungen wurden in Koproduktion von Opernhaus Z\u00fcrich und\u00a0<a rel=\"noreferrer noopener\" href=\"https:\/\/wlk-ems.com\/crm\/service\/rdc?rtg=https%3A%2F%2Faccentus.com%2F&amp;bpid=2417384505&amp;mid=100085556&amp;nlid=2439606510&amp;lid=110&amp;chk=ZFFJfTefV2J\" target=\"_blank\">Accentus Music<\/a>\u00a0produziert.\u00a0<\/p>\n\n\n\n<div style=\"height:100px\" aria-hidden=\"true\" class=\"wp-block-spacer\"><\/div>\n\n\n\n<div class=\"wp-block-button aligncenter\"><a class=\"wp-block-button__link has-text-color has-very-dark-gray-color has-background has-pale-cyan-blue-background-color\" href=\"https:\/\/www.opernhaus.ch\/digital\/streaming\" target=\"_blank\" rel=\"noreferrer noopener\">Hier geht es zu den Streamings<br><em>jeweils von Freitag 18 Uhr bis Sonntag 24 Uhr kostenlos abrufbar<\/em><\/a><\/div>\n\n\n\n<div style=\"height:100px\" aria-hidden=\"true\" class=\"wp-block-spacer\"><\/div>\n\n\n\n<p class=\"has-background has-text-align-center has-medium-font-size has-luminous-vivid-amber-background-color\">DAS PROGRAMM VON <br><strong>\u00abOPER F\u00dcR ALLE DIGITAL &#8211; REPLAY\u00bb\u00a0<\/strong><\/p>\n\n\n\n<p class=\"has-text-align-center\"><strong>Freitag, 13. November, 18 Uhr \u2013 Sonntag, 15. November, 24 Uhr<br>\u00abBoris Godunow\u00bb von Modest Mussorgski&nbsp;<\/strong><br>Musikalische Leitung: Kirill Karabits&nbsp;<br>Inszenierung: Barrie Kosky&nbsp;<br>Mit u.a.: Michael Volle, Johannes Martin Kr\u00e4nzle, Brindley Sherratt , Chor der Oper Z\u00fcrich, Philharmonia Z\u00fcrich<br>(Liveaufnahme September 2020)&nbsp;<\/p>\n\n\n\n<figure class=\"wp-block-embed-youtube aligncenter wp-block-embed is-type-video is-provider-youtube wp-embed-aspect-16-9 wp-has-aspect-ratio\"><div class=\"wp-block-embed__wrapper\">\n<iframe loading=\"lazy\" title=\"Trailer \u2013 Boris Godunow \u2013 Opernhaus Z\u00fcrich\" width=\"500\" height=\"281\" src=\"https:\/\/www.youtube.com\/embed\/h5sgyx2CoBE?feature=oembed\" frameborder=\"0\" allow=\"accelerometer; autoplay; clipboard-write; encrypted-media; gyroscope; picture-in-picture\" allowfullscreen><\/iframe>\n<\/div><\/figure>\n\n\n\n<div style=\"height:20px\" aria-hidden=\"true\" class=\"wp-block-spacer\"><\/div>\n\n\n\n<p class=\"has-text-align-center\"><strong>Freitag, 20. November, 18 Uhr \u2013 Sonntag, 22. November, 24 Uhr\u00a0<br>\u00abMaria Stuarda\u00bb von Gaetano Donizetti<\/strong><br>Musikalische Leitung: Enrique Mazzola\u00a0<br>Inszenierung: David Alden\u00a0<br>Mit: Diana Damrau, Salome Jicia, Paolo Fanale, Chor der Oper Z\u00fcrich, Philharmonia Z\u00fcrich<br>(Liveaufnahme September 2020)\u00a0<\/p>\n\n\n\n<figure class=\"wp-block-embed-youtube aligncenter wp-block-embed is-type-video is-provider-youtube wp-embed-aspect-16-9 wp-has-aspect-ratio\"><div class=\"wp-block-embed__wrapper\">\n<iframe loading=\"lazy\" title=\"Trailer - Maria Stuarda - Opernhaus Z\u00fcrich\" width=\"500\" height=\"281\" src=\"https:\/\/www.youtube.com\/embed\/aslSvs9Z_dA?feature=oembed\" frameborder=\"0\" allow=\"accelerometer; autoplay; clipboard-write; encrypted-media; gyroscope; picture-in-picture\" allowfullscreen><\/iframe>\n<\/div><\/figure>\n\n\n\n<div style=\"height:49px\" aria-hidden=\"true\" class=\"wp-block-spacer\"><\/div>\n\n\n\n<p class=\"has-text-align-center\"><strong>Freitag, 27. November, 18 Uhr \u2013 Sonntag, 29. November, 24 Uhr\u00a0<br>\u00abDie Cs\u00e1rd\u00e1sf\u00fcrstin\u00bb von Emmerich K\u00e1lm\u00e1n<\/strong><br>Musikalische Leitung: Lorenzo Viotti\u00a0<br>Inszenierung: Jan Philipp Gloger\u00a0<br>Mit u.a.: Annette Dasch, Pavol Breslik, Rebeca Olvera, Spencer Lang, Philharmonia Z\u00fcrich<br>(Liveaufnahme September 2020)\u00a0<\/p>\n\n\n\n<figure class=\"wp-block-embed-youtube aligncenter wp-block-embed is-type-video is-provider-youtube wp-embed-aspect-16-9 wp-has-aspect-ratio\"><div class=\"wp-block-embed__wrapper\">\n<iframe loading=\"lazy\" title=\"Trailer \u2013 Die Cs\u00e1rd\u00e1sf\u00fcrstin \u2013 Opernhaus Z\u00fcrich\" width=\"500\" height=\"281\" src=\"https:\/\/www.youtube.com\/embed\/ePtAaVHWX6A?feature=oembed\" frameborder=\"0\" allow=\"accelerometer; autoplay; clipboard-write; encrypted-media; gyroscope; picture-in-picture\" allowfullscreen><\/iframe>\n<\/div><\/figure>\n\n\n\n<div style=\"height:48px\" aria-hidden=\"true\" class=\"wp-block-spacer\"><\/div>\n\n\n\n<p class=\"has-text-align-center\"><strong>3sat TV<br>Samstag, 5. Dezember, 20:15 \u2013 22:35 Uhr\u00a0<br>\u00abI Capuleti i Montecchi\u00bb Vincenzo Bellini\u00a0<\/strong><br>Musikalische Leitung: Fabio Luisi<br>Inszenierung: Christof Loy\u00a0<br>Mit: Joyce DiDonato, Olga Kulchynska, Chor der Oper Z\u00fcrich, Philharmonia Z\u00fcrich<br>(Liveaufnahme Juni 2015)<br><strong>Im Anschluss als Video-on-demand in der 3sat-Mediathek\u00a0<\/strong><\/p>\n\n\n\n<figure class=\"wp-block-embed-youtube aligncenter wp-block-embed is-type-video is-provider-youtube wp-embed-aspect-16-9 wp-has-aspect-ratio\"><div class=\"wp-block-embed__wrapper\">\n<iframe loading=\"lazy\" title=\"I Capuleti e i Montecchi - Trailer - Opernhaus Z\u00fcrich\" width=\"500\" height=\"281\" src=\"https:\/\/www.youtube.com\/embed\/A7Yy8vn5yfY?feature=oembed\" frameborder=\"0\" allow=\"accelerometer; autoplay; clipboard-write; encrypted-media; gyroscope; picture-in-picture\" allowfullscreen><\/iframe>\n<\/div><\/figure>\n\n\n\n<div style=\"height:47px\" aria-hidden=\"true\" class=\"wp-block-spacer\"><\/div>\n\n\n\n<p class=\"has-text-align-center\"><strong>ARTE TV<br>Samstag, 6. Dezember, 17 &#8211; 19 Uhr\u00a0<br>\u00abSimon Boccanegra\u00bb Giuseppe Verdi\u00a0<\/strong><br>Musikalische Leitung: Fabio Luisi\u00a0<br>Inszenierung: Andreas Homoki<br>Mit: Christian Gerhaher, Jennifer Rowley, Christof Fischesser, Chor der Oper Z\u00fcrich, Philharmonia Z\u00fcrich<br>(LIVE aus dem Opernhaus)<br><strong>Im Anschluss als Video-on-demand in der ARTE-Mediathek\u00a0<\/strong><\/p>\n\n\n\n<div style=\"height:100px\" aria-hidden=\"true\" class=\"wp-block-spacer\"><\/div>\n\n\n\n<p class=\"has-small-font-size\">Foto: Frank Blaser<\/p>\n\n\n\n<div style=\"height:100px\" aria-hidden=\"true\" class=\"wp-block-spacer\"><\/div>\n","protected":false},"excerpt":{"rendered":"<p>Nach den j\u00fcngsten Massnahmen des Schweizer Bundesrates zur Bek\u00e4mpfung der Corona-Pandemie muss das Opernhaus nach R\u00fccksprache mit dem Kanton Z\u00fcrich den Spielbetrieb im Moment einstellen und wechselt mit\u00a0\u00aboper f\u00fcr alle digital &#8211; REPLAY\u00bbvorerst wieder in den Online-Modus.\u00a0 Pressemitteilung Ab dem 13. November ist es Dank der anhaltend grossz\u00fcgigen Unterst\u00fctzung der Zurich Versicherung m\u00f6glich, drei Produktionen [&hellip;]<\/p>\n","protected":false},"author":1,"featured_media":35757,"comment_status":"open","ping_status":"open","sticky":false,"template":"","format":"standard","meta":{"_monsterinsights_skip_tracking":false,"_monsterinsights_sitenote_active":false,"_monsterinsights_sitenote_note":"","_monsterinsights_sitenote_category":0},"categories":[2815,53],"tags":[9782,8551,9784,9785,8554,9783,8550,9786,8549,3244,2855,2856],"yoast_head":"<!-- This site is optimized with the Yoast SEO plugin v20.5 - https:\/\/yoast.com\/wordpress\/plugins\/seo\/ -->\n<title>Oper im Replay f\u00fcr alle mit dem Opernhaus Z\u00fcrich I szenik<\/title>\n<meta name=\"description\" content=\"Um nicht ganz auf Kultur verzichten zu m\u00fcssen, bietet das Opernhaus Z\u00fcrich in den kommenden Wochen ein geschmackvolles Streaming-Programm an.\" \/>\n<meta name=\"robots\" content=\"index, follow, max-snippet:-1, max-image-preview:large, max-video-preview:-1\" \/>\n<link rel=\"canonical\" href=\"https:\/\/www.szenik.eu\/de\/oper-fuer-alle-digital-replay-das-opernhaus-zuerich-als-stream-und-im-tv-35752\" \/>\n<meta property=\"og:locale\" content=\"de_DE\" \/>\n<meta property=\"og:type\" content=\"article\" \/>\n<meta property=\"og:title\" content=\"Oper im Replay f\u00fcr alle mit dem Opernhaus Z\u00fcrich I szenik\" \/>\n<meta property=\"og:description\" content=\"Um nicht ganz auf Kultur verzichten zu m\u00fcssen, bietet das Opernhaus Z\u00fcrich in den kommenden Wochen ein geschmackvolles Streaming-Programm an.\" \/>\n<meta property=\"og:url\" content=\"https:\/\/www.szenik.eu\/de\/oper-fuer-alle-digital-replay-das-opernhaus-zuerich-als-stream-und-im-tv-35752\" \/>\n<meta property=\"og:site_name\" content=\"szenik\" \/>\n<meta property=\"article:publisher\" content=\"https:\/\/www.facebook.com\/szenik.eu\/\" \/>\n<meta property=\"article:published_time\" content=\"2020-11-10T15:02:05+00:00\" \/>\n<meta property=\"article:modified_time\" content=\"2020-11-10T15:02:09+00:00\" \/>\n<meta property=\"og:image\" content=\"https:\/\/www.szenik.eu\/wp-content\/uploads\/2020\/11\/Capture-d\u2019\u00e9cran-2020-11-10-\u00e0-15.20.21.png\" \/>\n\t<meta property=\"og:image:width\" content=\"980\" \/>\n\t<meta property=\"og:image:height\" content=\"708\" \/>\n\t<meta property=\"og:image:type\" content=\"image\/png\" \/>\n<meta name=\"author\" content=\"szenik\" \/>\n<meta name=\"twitter:card\" content=\"summary_large_image\" \/>\n<meta name=\"twitter:creator\" content=\"@Szenik\" \/>\n<meta name=\"twitter:site\" content=\"@Szenik\" \/>\n<meta name=\"twitter:label1\" content=\"Verfasst von\" \/>\n\t<meta name=\"twitter:data1\" content=\"szenik\" \/>\n\t<meta name=\"twitter:label2\" content=\"Gesch\u00e4tzte Lesezeit\" \/>\n\t<meta name=\"twitter:data2\" content=\"3\u00a0Minuten\" \/>\n<script type=\"application\/ld+json\" class=\"yoast-schema-graph\">{\"@context\":\"https:\/\/schema.org\",\"@graph\":[{\"@type\":\"Article\",\"@id\":\"https:\/\/www.szenik.eu\/de\/oper-fuer-alle-digital-replay-das-opernhaus-zuerich-als-stream-und-im-tv-35752#article\",\"isPartOf\":{\"@id\":\"https:\/\/www.szenik.eu\/de\/oper-fuer-alle-digital-replay-das-opernhaus-zuerich-als-stream-und-im-tv-35752\"},\"author\":{\"name\":\"szenik\",\"@id\":\"https:\/\/www.szenik.eu\/de\/#\/schema\/person\/15f73f175b41bad194837490339d48fb\"},\"headline\":\"Oper f\u00fcr alle digital-replay: Das Opernhaus Z\u00fcrich als Stream und im TV\",\"datePublished\":\"2020-11-10T15:02:05+00:00\",\"dateModified\":\"2020-11-10T15:02:09+00:00\",\"mainEntityOfPage\":{\"@id\":\"https:\/\/www.szenik.eu\/de\/oper-fuer-alle-digital-replay-das-opernhaus-zuerich-als-stream-und-im-tv-35752\"},\"wordCount\":706,\"commentCount\":0,\"publisher\":{\"@id\":\"https:\/\/www.szenik.eu\/de\/#organization\"},\"keywords\":[\"Andreas Homoki\",\"Barrie Kosky\",\"Christof Loy\",\"David Alden\",\"Enrique Mazzola\",\"Fabio Luisi\",\"Jan Philipp Gloger\",\"Kirill Karabits\",\"Lorenzo Viotti\",\"Oper\",\"Opernhaus Z\u00fcrich\",\"Z\u00fcrich\"],\"articleSection\":[\"Kurz &amp; knackig\",\"Magazin\"],\"inLanguage\":\"de\",\"potentialAction\":[{\"@type\":\"CommentAction\",\"name\":\"Comment\",\"target\":[\"https:\/\/www.szenik.eu\/de\/oper-fuer-alle-digital-replay-das-opernhaus-zuerich-als-stream-und-im-tv-35752#respond\"]}]},{\"@type\":\"WebPage\",\"@id\":\"https:\/\/www.szenik.eu\/de\/oper-fuer-alle-digital-replay-das-opernhaus-zuerich-als-stream-und-im-tv-35752\",\"url\":\"https:\/\/www.szenik.eu\/de\/oper-fuer-alle-digital-replay-das-opernhaus-zuerich-als-stream-und-im-tv-35752\",\"name\":\"Oper im Replay f\u00fcr alle mit dem Opernhaus Z\u00fcrich I szenik\",\"isPartOf\":{\"@id\":\"https:\/\/www.szenik.eu\/de\/#website\"},\"datePublished\":\"2020-11-10T15:02:05+00:00\",\"dateModified\":\"2020-11-10T15:02:09+00:00\",\"description\":\"Um nicht ganz auf Kultur verzichten zu m\u00fcssen, bietet das Opernhaus Z\u00fcrich in den kommenden Wochen ein geschmackvolles Streaming-Programm an.\",\"breadcrumb\":{\"@id\":\"https:\/\/www.szenik.eu\/de\/oper-fuer-alle-digital-replay-das-opernhaus-zuerich-als-stream-und-im-tv-35752#breadcrumb\"},\"inLanguage\":\"de\",\"potentialAction\":[{\"@type\":\"ReadAction\",\"target\":[\"https:\/\/www.szenik.eu\/de\/oper-fuer-alle-digital-replay-das-opernhaus-zuerich-als-stream-und-im-tv-35752\"]}]},{\"@type\":\"BreadcrumbList\",\"@id\":\"https:\/\/www.szenik.eu\/de\/oper-fuer-alle-digital-replay-das-opernhaus-zuerich-als-stream-und-im-tv-35752#breadcrumb\",\"itemListElement\":[{\"@type\":\"ListItem\",\"position\":1,\"name\":\"Home\",\"item\":\"https:\/\/www.szenik.eu\/de\"},{\"@type\":\"ListItem\",\"position\":2,\"name\":\"Oper f\u00fcr alle digital-replay: Das Opernhaus Z\u00fcrich als Stream und im TV\"}]},{\"@type\":\"WebSite\",\"@id\":\"https:\/\/www.szenik.eu\/de\/#website\",\"url\":\"https:\/\/www.szenik.eu\/de\/\",\"name\":\"szenik\",\"description\":\"Le Meilleur des sc\u00e8nes au coeur de l&#039;Europe\",\"publisher\":{\"@id\":\"https:\/\/www.szenik.eu\/de\/#organization\"},\"potentialAction\":[{\"@type\":\"SearchAction\",\"target\":{\"@type\":\"EntryPoint\",\"urlTemplate\":\"https:\/\/www.szenik.eu\/de\/?s={search_term_string}\"},\"query-input\":\"required name=search_term_string\"}],\"inLanguage\":\"de\"},{\"@type\":\"Organization\",\"@id\":\"https:\/\/www.szenik.eu\/de\/#organization\",\"name\":\"Szenik\",\"url\":\"https:\/\/www.szenik.eu\/de\/\",\"logo\":{\"@type\":\"ImageObject\",\"inLanguage\":\"de\",\"@id\":\"https:\/\/www.szenik.eu\/de\/#\/schema\/logo\/image\/\",\"url\":\"https:\/\/www.szenik.eu\/wp-content\/uploads\/2019\/07\/logo-square.png\",\"contentUrl\":\"https:\/\/www.szenik.eu\/wp-content\/uploads\/2019\/07\/logo-square.png\",\"width\":512,\"height\":512,\"caption\":\"Szenik\"},\"image\":{\"@id\":\"https:\/\/www.szenik.eu\/de\/#\/schema\/logo\/image\/\"},\"sameAs\":[\"https:\/\/www.facebook.com\/szenik.eu\/\",\"https:\/\/twitter.com\/Szenik\",\"https:\/\/www.instagram.com\/szenik_magazine\/\",\"https:\/\/www.youtube.com\/user\/SzenikEU\/\"]},{\"@type\":\"Person\",\"@id\":\"https:\/\/www.szenik.eu\/de\/#\/schema\/person\/15f73f175b41bad194837490339d48fb\",\"name\":\"szenik\",\"image\":{\"@type\":\"ImageObject\",\"inLanguage\":\"de\",\"@id\":\"https:\/\/www.szenik.eu\/de\/#\/schema\/person\/image\/\",\"url\":\"https:\/\/secure.gravatar.com\/avatar\/d1c4f19522a624a4eaa5e6c03e22370b?s=96&d=mm&r=g\",\"contentUrl\":\"https:\/\/secure.gravatar.com\/avatar\/d1c4f19522a624a4eaa5e6c03e22370b?s=96&d=mm&r=g\",\"caption\":\"szenik\"}}]}<\/script>\n<!-- \/ Yoast SEO plugin. -->","yoast_head_json":{"title":"Oper im Replay f\u00fcr alle mit dem Opernhaus Z\u00fcrich I szenik","description":"Um nicht ganz auf Kultur verzichten zu m\u00fcssen, bietet das Opernhaus Z\u00fcrich in den kommenden Wochen ein geschmackvolles Streaming-Programm an.","robots":{"index":"index","follow":"follow","max-snippet":"max-snippet:-1","max-image-preview":"max-image-preview:large","max-video-preview":"max-video-preview:-1"},"canonical":"https:\/\/www.szenik.eu\/de\/oper-fuer-alle-digital-replay-das-opernhaus-zuerich-als-stream-und-im-tv-35752","og_locale":"de_DE","og_type":"article","og_title":"Oper im Replay f\u00fcr alle mit dem Opernhaus Z\u00fcrich I szenik","og_description":"Um nicht ganz auf Kultur verzichten zu m\u00fcssen, bietet das Opernhaus Z\u00fcrich in den kommenden Wochen ein geschmackvolles Streaming-Programm an.","og_url":"https:\/\/www.szenik.eu\/de\/oper-fuer-alle-digital-replay-das-opernhaus-zuerich-als-stream-und-im-tv-35752","og_site_name":"szenik","article_publisher":"https:\/\/www.facebook.com\/szenik.eu\/","article_published_time":"2020-11-10T15:02:05+00:00","article_modified_time":"2020-11-10T15:02:09+00:00","og_image":[{"width":980,"height":708,"url":"https:\/\/www.szenik.eu\/wp-content\/uploads\/2020\/11\/Capture-d\u2019\u00e9cran-2020-11-10-\u00e0-15.20.21.png","type":"image\/png"}],"author":"szenik","twitter_card":"summary_large_image","twitter_creator":"@Szenik","twitter_site":"@Szenik","twitter_misc":{"Verfasst von":"szenik","Gesch\u00e4tzte Lesezeit":"3\u00a0Minuten"},"schema":{"@context":"https:\/\/schema.org","@graph":[{"@type":"Article","@id":"https:\/\/www.szenik.eu\/de\/oper-fuer-alle-digital-replay-das-opernhaus-zuerich-als-stream-und-im-tv-35752#article","isPartOf":{"@id":"https:\/\/www.szenik.eu\/de\/oper-fuer-alle-digital-replay-das-opernhaus-zuerich-als-stream-und-im-tv-35752"},"author":{"name":"szenik","@id":"https:\/\/www.szenik.eu\/de\/#\/schema\/person\/15f73f175b41bad194837490339d48fb"},"headline":"Oper f\u00fcr alle digital-replay: Das Opernhaus Z\u00fcrich als Stream und im TV","datePublished":"2020-11-10T15:02:05+00:00","dateModified":"2020-11-10T15:02:09+00:00","mainEntityOfPage":{"@id":"https:\/\/www.szenik.eu\/de\/oper-fuer-alle-digital-replay-das-opernhaus-zuerich-als-stream-und-im-tv-35752"},"wordCount":706,"commentCount":0,"publisher":{"@id":"https:\/\/www.szenik.eu\/de\/#organization"},"keywords":["Andreas Homoki","Barrie Kosky","Christof Loy","David Alden","Enrique Mazzola","Fabio Luisi","Jan Philipp Gloger","Kirill Karabits","Lorenzo Viotti","Oper","Opernhaus Z\u00fcrich","Z\u00fcrich"],"articleSection":["Kurz &amp; knackig","Magazin"],"inLanguage":"de","potentialAction":[{"@type":"CommentAction","name":"Comment","target":["https:\/\/www.szenik.eu\/de\/oper-fuer-alle-digital-replay-das-opernhaus-zuerich-als-stream-und-im-tv-35752#respond"]}]},{"@type":"WebPage","@id":"https:\/\/www.szenik.eu\/de\/oper-fuer-alle-digital-replay-das-opernhaus-zuerich-als-stream-und-im-tv-35752","url":"https:\/\/www.szenik.eu\/de\/oper-fuer-alle-digital-replay-das-opernhaus-zuerich-als-stream-und-im-tv-35752","name":"Oper im Replay f\u00fcr alle mit dem Opernhaus Z\u00fcrich I szenik","isPartOf":{"@id":"https:\/\/www.szenik.eu\/de\/#website"},"datePublished":"2020-11-10T15:02:05+00:00","dateModified":"2020-11-10T15:02:09+00:00","description":"Um nicht ganz auf Kultur verzichten zu m\u00fcssen, bietet das Opernhaus Z\u00fcrich in den kommenden Wochen ein geschmackvolles Streaming-Programm an.","breadcrumb":{"@id":"https:\/\/www.szenik.eu\/de\/oper-fuer-alle-digital-replay-das-opernhaus-zuerich-als-stream-und-im-tv-35752#breadcrumb"},"inLanguage":"de","potentialAction":[{"@type":"ReadAction","target":["https:\/\/www.szenik.eu\/de\/oper-fuer-alle-digital-replay-das-opernhaus-zuerich-als-stream-und-im-tv-35752"]}]},{"@type":"BreadcrumbList","@id":"https:\/\/www.szenik.eu\/de\/oper-fuer-alle-digital-replay-das-opernhaus-zuerich-als-stream-und-im-tv-35752#breadcrumb","itemListElement":[{"@type":"ListItem","position":1,"name":"Home","item":"https:\/\/www.szenik.eu\/de"},{"@type":"ListItem","position":2,"name":"Oper f\u00fcr alle digital-replay: Das Opernhaus Z\u00fcrich als Stream und im TV"}]},{"@type":"WebSite","@id":"https:\/\/www.szenik.eu\/de\/#website","url":"https:\/\/www.szenik.eu\/de\/","name":"szenik","description":"Le Meilleur des sc\u00e8nes au coeur de l&#039;Europe","publisher":{"@id":"https:\/\/www.szenik.eu\/de\/#organization"},"potentialAction":[{"@type":"SearchAction","target":{"@type":"EntryPoint","urlTemplate":"https:\/\/www.szenik.eu\/de\/?s={search_term_string}"},"query-input":"required name=search_term_string"}],"inLanguage":"de"},{"@type":"Organization","@id":"https:\/\/www.szenik.eu\/de\/#organization","name":"Szenik","url":"https:\/\/www.szenik.eu\/de\/","logo":{"@type":"ImageObject","inLanguage":"de","@id":"https:\/\/www.szenik.eu\/de\/#\/schema\/logo\/image\/","url":"https:\/\/www.szenik.eu\/wp-content\/uploads\/2019\/07\/logo-square.png","contentUrl":"https:\/\/www.szenik.eu\/wp-content\/uploads\/2019\/07\/logo-square.png","width":512,"height":512,"caption":"Szenik"},"image":{"@id":"https:\/\/www.szenik.eu\/de\/#\/schema\/logo\/image\/"},"sameAs":["https:\/\/www.facebook.com\/szenik.eu\/","https:\/\/twitter.com\/Szenik","https:\/\/www.instagram.com\/szenik_magazine\/","https:\/\/www.youtube.com\/user\/SzenikEU\/"]},{"@type":"Person","@id":"https:\/\/www.szenik.eu\/de\/#\/schema\/person\/15f73f175b41bad194837490339d48fb","name":"szenik","image":{"@type":"ImageObject","inLanguage":"de","@id":"https:\/\/www.szenik.eu\/de\/#\/schema\/person\/image\/","url":"https:\/\/secure.gravatar.com\/avatar\/d1c4f19522a624a4eaa5e6c03e22370b?s=96&d=mm&r=g","contentUrl":"https:\/\/secure.gravatar.com\/avatar\/d1c4f19522a624a4eaa5e6c03e22370b?s=96&d=mm&r=g","caption":"szenik"}}]}},"jetpack_featured_media_url":"https:\/\/www.szenik.eu\/wp-content\/uploads\/2020\/11\/Capture-d\u2019\u00e9cran-2020-11-10-\u00e0-15.20.21.png","amp_enabled":true,"_links":{"self":[{"href":"https:\/\/www.szenik.eu\/de\/wp-json\/\/wp\/v2\/posts\/35752"}],"collection":[{"href":"https:\/\/www.szenik.eu\/de\/wp-json\/\/wp\/v2\/posts"}],"about":[{"href":"https:\/\/www.szenik.eu\/de\/wp-json\/\/wp\/v2\/types\/post"}],"author":[{"embeddable":true,"href":"https:\/\/www.szenik.eu\/de\/wp-json\/\/wp\/v2\/users\/1"}],"replies":[{"embeddable":true,"href":"https:\/\/www.szenik.eu\/de\/wp-json\/\/wp\/v2\/comments?post=35752"}],"version-history":[{"count":1,"href":"https:\/\/www.szenik.eu\/de\/wp-json\/\/wp\/v2\/posts\/35752\/revisions"}],"predecessor-version":[{"id":35759,"href":"https:\/\/www.szenik.eu\/de\/wp-json\/\/wp\/v2\/posts\/35752\/revisions\/35759"}],"wp:featuredmedia":[{"embeddable":true,"href":"https:\/\/www.szenik.eu\/de\/wp-json\/\/wp\/v2\/media\/35757"}],"wp:attachment":[{"href":"https:\/\/www.szenik.eu\/de\/wp-json\/\/wp\/v2\/media?parent=35752"}],"wp:term":[{"taxonomy":"category","embeddable":true,"href":"https:\/\/www.szenik.eu\/de\/wp-json\/\/wp\/v2\/categories?post=35752"},{"taxonomy":"post_tag","embeddable":true,"href":"https:\/\/www.szenik.eu\/de\/wp-json\/\/wp\/v2\/tags?post=35752"}],"curies":[{"name":"wp","href":"https:\/\/api.w.org\/{rel}","templated":true}]}}