{"id":35623,"date":"2020-11-04T10:46:51","date_gmt":"2020-11-04T09:46:51","guid":{"rendered":"https:\/\/www.szenik.eu\/?p=35623\/"},"modified":"2020-12-21T10:04:39","modified_gmt":"2020-12-21T09:04:39","slug":"quasi-live-und-szenik-bringen-ihnen-musik-ins-wohnzimmer","status":"publish","type":"post","link":"https:\/\/www.szenik.eu\/de\/quasi-live-und-szenik-bringen-ihnen-musik-ins-wohnzimmer-35623","title":{"rendered":"Quasi.live und szenik bringen Ihnen Musik ins Wohnzimmer!"},"content":{"rendered":"\n<h2>Hinter <strong>Quasi.Live<\/strong> stehen engagierte Filmschaffende, die mit Bands der <strong>Gro\u00dfregion SaarLorLux<\/strong> kooperieren, Konzerte aufnehmen und diese live und kostenlos streamen.<\/h2>\n\n\n\n<div style=\"height:100px\" aria-hidden=\"true\" class=\"wp-block-spacer\"><\/div>\n\n\n\n<p class=\"has-background has-text-align-center has-medium-font-size has-luminous-vivid-amber-background-color\">Die Idee<\/p>\n\n\n\n<p><strong>Resarevoir Audiovisu\u00e4l<\/strong>&nbsp;ist eine Gruppe junger Film- und Medienmacher, die es sich zum Ziel gesetzt hat, dem Filmstandort SaarLorLux neuen Wind in die Segel zu pusten. Die Filmgenossenschaft in Gr\u00fcndung will die brachliegenden Potenziale des Medienstandorts Saar neu beleben, indem sie Bild- und Tonfachleute aus den Bereichen Film, Fernsehen, Live- und Studioton unter einem Dach vereint und so die Infrastruktur f\u00fcr alle Arten audiovisueller Produktionen schafft \u2013 egal ob ein Projekt in der Vorbereitung, \u201eon Location\u201c, auf der B\u00fchne, im Studio oder in der Postproduktion Verst\u00e4rkung braucht.<\/p>\n\n\n\n<p>Mit&nbsp;<strong>Quasi.Live<\/strong>&nbsp;will die Resarevoir zeitgem\u00e4\u00dfe und solidarische Infrastrukturen schaffen, die es Kunst- und Kreativschaffenden erm\u00f6glichen, mit ihren Berufen ihre Existenz zu sichern \u2013 trotz des kompletten Shutdowns des kulturellen und \u00f6ffentlichen Lebens in Zeiten der Coronakrise. <\/p>\n\n\n\n<div style=\"height:100px\" aria-hidden=\"true\" class=\"wp-block-spacer\"><\/div>\n\n\n\n<p class=\"has-background has-text-align-center has-medium-font-size has-luminous-vivid-amber-background-color\">Das Ziel<\/p>\n\n\n\n<blockquote class=\"wp-block-quote\"><p>Wir wollen der lokalen und \u00fcberregionalen Kultur- und Kreativwirtschaft eine neue Plattform er\u00f6ffnen, in dem wir f\u00fcr Musik- und Kreativschaffende ein neues Publikum und eine neue Form der Reichweite schaffen, um Newcomern ein breites Zuschauerspektrum zu bieten, sowie avangardistische Musik und Theaterprojekte der breiten Masse n\u00e4her zu bringen.<br><br>Nicht nur Bands, Kreativ- und Kulturschaffende profitieren, sondern die Menschen vor ihren Endger\u00e4ten und letztendlich auch die Kreativwirtschaft im Saarland.<\/p><cite>Auszug Website Quasi.Live<\/cite><\/blockquote>\n\n\n\n<div style=\"height:100px\" aria-hidden=\"true\" class=\"wp-block-spacer\"><\/div>\n\n\n\n<p class=\"has-background has-text-align-center has-medium-font-size has-luminous-vivid-amber-background-color\">Konzertkalender<\/p>\n\n\n\n<p class=\"has-text-align-center\">Die Kooperation zwischen Quasi.Live und szenik startet <br>am 8. November 2020 mit&#8230;<\/p>\n\n\n\n<div style=\"height:40px\" aria-hidden=\"true\" class=\"wp-block-spacer\"><\/div>\n\n\n\n<p class=\"has-background has-text-align-center has-medium-font-size has-vivid-red-background-color\"><strong>TUYS \/ Luxemburg (LUX)<\/strong><\/p>\n\n\n\n<p class=\"has-text-align-center\">&#8222;Die&nbsp;Musiker&nbsp;hinter <a rel=\"noreferrer noopener\" aria-label=\"TUYS (opens in a new tab)\" href=\"https:\/\/www.tuys.lu\" target=\"_blank\"><strong><em>TUYS<\/em><\/strong><\/a> gr\u00fcndeten die Band im Alter von zehn Jahren und machten sie schnell zu ihrem Tagtraum. Sie sind eine seltsame Boyband, die mit drei Stimmen singt und sich in treibende Synthesizer und energiegeladenen Psycho-Rock verliebt. Ihre Songs sind durchdrungen von verzerrten Basslinien, verwickelten&nbsp;Refrains&nbsp;und Dynamiken, die Lust machen, sie live zu sehen.&#8220;<\/p>\n\n\n\n<div style=\"height:48px\" aria-hidden=\"true\" class=\"wp-block-spacer\"><\/div>\n\n\n\n<figure class=\"wp-block-embed-youtube aligncenter wp-block-embed is-type-video is-provider-youtube wp-embed-aspect-16-9 wp-has-aspect-ratio\"><div class=\"wp-block-embed__wrapper\">\n<iframe loading=\"lazy\" title=\"Quasi.Live Konzert#15 - TUYS\" width=\"500\" height=\"281\" src=\"https:\/\/www.youtube.com\/embed\/qI-QwgLp4Xo?feature=oembed\" frameborder=\"0\" allow=\"accelerometer; autoplay; clipboard-write; encrypted-media; gyroscope; picture-in-picture\" allowfullscreen><\/iframe>\n<\/div><figcaption><em><a href=\"https:\/\/youtu.be\/qI-QwgLp4Xo\" target=\"_blank\" rel=\"noreferrer noopener\" aria-label=\"Erleben Sie das Konzert der Band TUYS noch einmal auf Youtube (opens in a new tab)\">Erleben Sie das Konzert der Band TUYS noch einmal auf Youtube<\/a><\/em><\/figcaption><\/figure>\n\n\n\n<div style=\"height:44px\" aria-hidden=\"true\" class=\"wp-block-spacer\"><\/div>\n\n\n\n<p class=\"has-background has-text-align-center has-medium-font-size has-vivid-red-background-color\"><strong>Village Zone<\/strong> \/ (Saarbr\u00fccken)<\/p>\n\n\n\n<div style=\"height:20px\" aria-hidden=\"true\" class=\"wp-block-spacer\"><\/div>\n\n\n\n<figure class=\"wp-block-embed-youtube aligncenter wp-block-embed is-type-video is-provider-youtube wp-embed-aspect-16-9 wp-has-aspect-ratio\"><div class=\"wp-block-embed__wrapper\">\n<iframe loading=\"lazy\" title=\"Quasi.Live Konzert#16 - Georg Ruby VILLAGE ZONE\" width=\"500\" height=\"281\" src=\"https:\/\/www.youtube.com\/embed\/_7D9vDmzKbw?feature=oembed\" frameborder=\"0\" allow=\"accelerometer; autoplay; clipboard-write; encrypted-media; gyroscope; picture-in-picture\" allowfullscreen><\/iframe>\n<\/div><figcaption><em><a href=\"https:\/\/youtu.be\/_7D9vDmzKbw\" target=\"_blank\" rel=\"noreferrer noopener\" aria-label=\"Erleben Sie das Konzert noch einmal auf YouTube (opens in a new tab)\">Erleben Sie das Konzert noch einmal auf YouTube<\/a><\/em><\/figcaption><\/figure>\n\n\n\n<div style=\"height:37px\" aria-hidden=\"true\" class=\"wp-block-spacer\"><\/div>\n\n\n\n<p>\u201eZwei Vorlieben sind bei Georg Ruby, Stephan Goldbach und Daniel \u201eD-Flat\u201c Weber un\u00fcberh\u00f6rbar: zum einen die bedingungslose \u00dcbereinstimmung in der Umsetzung ihrer eigenen Kompositionen fernab der Hierarchie l\u00e4ngst \u00fcberholter Konzepte des Klaviertrios; zum anderen die Lust an freier, spontaner Improvisation. Hier widmet sich das Trio auf kompromisslose Weise dem Prinzip des \u201eInstant Composing\u201d, den spontanen, auf der B\u00fchne oder im Studio entstehenden Improvisationen ohne Vorgaben und vorherige Absprachen. <\/p>\n\n\n\n<p>Das Konzept von VILLAGE ZONE hinterl\u00e4sst beim H\u00f6ren erstaunliche Spuren: es nimmt dem Piano ganz bewusst den Anspruch auf die F\u00fchrungsrolle innerhalb der Bandstruktur, und das Ergebnis sind Klang- und Improvisationsstrecken, die das VILLAGE-ZONE-Trio oft als einen einzigen Klangk\u00f6rper, als eine Art \u201eGesamtinstrument\u201c erscheinen lassen. So ist tats\u00e4chlich nicht an jeder Stelle herauszuh\u00f6ren, welcher Musiker gerade in welcher Rolle aktiv ist. \u00dcber die originellen Pr\u00e4parationen der Fl\u00fcgelsaiten, des Kontrabass\u2019 und des Drumsets entsteht so nicht nur eine au\u00dfergew\u00f6hnliche Farbigkeit des Bandklangs, sondern an einigen Stellen sogar der Eindruck, gleich vier oder f\u00fcnf Musiker statt eines Trios zu h\u00f6ren.\u201c<\/p>\n\n\n\n<div style=\"height:41px\" aria-hidden=\"true\" class=\"wp-block-spacer\"><\/div>\n\n\n\n<p class=\"has-background has-text-align-center has-medium-font-size has-vivid-red-background-color\"><strong>Mega! Mega!<\/strong>(Berlin)<\/p>\n\n\n\n<div style=\"height:20px\" aria-hidden=\"true\" class=\"wp-block-spacer\"><\/div>\n\n\n\n<figure class=\"wp-block-embed-youtube aligncenter wp-block-embed is-type-video is-provider-youtube wp-embed-aspect-16-9 wp-has-aspect-ratio\"><div class=\"wp-block-embed__wrapper\">\n<iframe loading=\"lazy\" title=\"Quasi.Live Konzert#17 - Mega! Mega!\" width=\"500\" height=\"281\" src=\"https:\/\/www.youtube.com\/embed\/joLwke7l1oE?feature=oembed\" frameborder=\"0\" allow=\"accelerometer; autoplay; clipboard-write; encrypted-media; gyroscope; picture-in-picture\" allowfullscreen><\/iframe>\n<\/div><figcaption><em><a href=\"https:\/\/youtu.be\/joLwke7l1oE\" target=\"_blank\" rel=\"noreferrer noopener\" aria-label=\"Erleben Sie das Konzert noch einmal auf YouTube (opens in a new tab)\">Erleben Sie das Konzert noch einmal auf YouTube<\/a><\/em><\/figcaption><\/figure>\n\n\n\n<div style=\"height:41px\" aria-hidden=\"true\" class=\"wp-block-spacer\"><\/div>\n\n\n\n<p>&#8222;Ihre unb\u00e4ndige Energie gemixt mit einer latenten Selbst\u00fcbersch\u00e4tzung, trieb <strong>MEGA! MEGA!<\/strong> und ihr erstes Album \u201eBehalt die Nerven (V\u00d6 2013)\u201c auf einige Festivalb\u00fchnen. Nach diversen wilden Ausfl\u00fcgen und erfolgreichen Singles wie \u201eStrobo\u201c oder \u201ePro Anti\u201c mussten die vier mal tief Luft holen.<\/p>\n\n\n\n<p>MEGA! MEGA! nahmen sich eine 14-monatige Auszeit und kamen mit Andreas Puyskens am Schlagzeug, mehr Groove, weniger diffuser Aggression und neuer EP \u201eraus (V\u00d6 2018)\u201c zur\u00fcck auf den musikalischen Boden.  Weniger Pumpen, mehr Cardio! Das Leben ist ja auch viel mehr Marathon als Hundert-Meter-Sprint. <\/p>\n\n\n\n<p>MEGA! MEGA! haben das verstanden und bringen mit ungebrochener Selbstsicherheit dieses neue Gef\u00fchl auf die B\u00fchnen und die mobilen Endger\u00e4te der Generation Wi-Fi. Die Nase immer ein kleines St\u00fcck zu hoch und die Beine stets ein kleines bisschen zu weit auseinander.&#8220;<\/p>\n\n\n\n<div style=\"height:100px\" aria-hidden=\"true\" class=\"wp-block-spacer\"><\/div>\n\n\n\n<p class=\"has-background has-text-align-center has-medium-font-size has-vivid-red-background-color\"><strong>Luca Sestak<\/strong> (Mannheim)<\/p>\n\n\n\n<div style=\"height:20px\" aria-hidden=\"true\" class=\"wp-block-spacer\"><\/div>\n\n\n\n<p>Mit dem Weltkulturerbe<strong> V\u00f6lklinger H\u00fctte <\/strong>hat <strong>Quasi.Live <\/strong>eine besonders sch\u00f6ne Kulisse gefunden, und in<strong><a rel=\"noreferrer noopener\" aria-label=\" Luca Sestak (opens in a new tab)\" href=\"https:\/\/lucasestak.com\" target=\"_blank\"> Luca Sestak<\/a><\/strong> einen jungen, aufstrebenden K\u00fcnstler, der dem Finale einen besonderen Glanz verpassen wird!<\/p>\n\n\n\n<p>\u201eDer erst 25-j\u00e4hrige Luca Sestak hat einen unverwechselbaren und ausgereiften Songwriting-Stil entwickelt, der den klaren, modernen Pop-Sound eines Charlie Puth mit den jazzigen virtuosen Pianokl\u00e4ngen von Jamie Cullum oder Billy Joel kombiniert.\u201c<\/p>\n\n\n\n<div style=\"height:20px\" aria-hidden=\"true\" class=\"wp-block-spacer\"><\/div>\n\n\n\n<figure class=\"wp-block-embed-youtube wp-block-embed is-type-video is-provider-youtube wp-embed-aspect-16-9 wp-has-aspect-ratio\"><div class=\"wp-block-embed__wrapper\">\n<iframe loading=\"lazy\" title=\"Quasi.Live Konzert#18 - Luca Sestak und Band\" width=\"500\" height=\"281\" src=\"https:\/\/www.youtube.com\/embed\/DIFjtQknY1g?feature=oembed\" frameborder=\"0\" allow=\"accelerometer; autoplay; clipboard-write; encrypted-media; gyroscope; picture-in-picture\" allowfullscreen><\/iframe>\n<\/div><figcaption><em><a href=\"https:\/\/youtu.be\/DIFjtQknY1g\" target=\"_blank\" rel=\"noreferrer noopener\" aria-label=\"Zum Konzert von Luca Sestak (opens in a new tab)\">Zum Konzert von Luca Sestak<\/a><\/em><\/figcaption><\/figure>\n\n\n\n<div style=\"height:34px\" aria-hidden=\"true\" class=\"wp-block-spacer\"><\/div>\n\n\n\n<div class=\"wp-block-button aligncenter\"><a class=\"wp-block-button__link has-text-color has-very-dark-gray-color has-background has-luminous-vivid-amber-background-color\" href=\"https:\/\/www.facebook.com\/szenik.eu\" target=\"_blank\" rel=\"noreferrer noopener\">Am 20. Dezember 2020 um 20h30 live auf Facebook<\/a><\/div>\n\n\n\n<div style=\"height:100px\" aria-hidden=\"true\" class=\"wp-block-spacer\"><\/div>\n\n\n\n<p class=\"has-small-font-size\">Foto: Quasi.Live<\/p>\n\n\n\n<div style=\"height:100px\" aria-hidden=\"true\" class=\"wp-block-spacer\"><\/div>\n","protected":false},"excerpt":{"rendered":"<p>Hinter Quasi.Live stehen engagierte Filmschaffende, die mit Bands der Gro\u00dfregion SaarLorLux kooperieren, Konzerte aufnehmen und diese live und kostenlos streamen. Die Idee Resarevoir Audiovisu\u00e4l&nbsp;ist eine Gruppe junger Film- und Medienmacher, die es sich zum Ziel gesetzt hat, dem Filmstandort SaarLorLux neuen Wind in die Segel zu pusten. Die Filmgenossenschaft in Gr\u00fcndung will die brachliegenden Potenziale [&hellip;]<\/p>\n","protected":false},"author":1,"featured_media":35625,"comment_status":"open","ping_status":"open","sticky":false,"template":"","format":"standard","meta":{"_monsterinsights_skip_tracking":false,"_monsterinsights_sitenote_active":false,"_monsterinsights_sitenote_note":"","_monsterinsights_sitenote_category":0},"categories":[2815,53],"tags":[10068,2885,3305,10070,9717,3581,6355,9716,10069,10076],"yoast_head":"<!-- This site is optimized with the Yoast SEO plugin v20.5 - https:\/\/yoast.com\/wordpress\/plugins\/seo\/ -->\n<title>Quasi.Live &amp; szenik bringen Ihnen Musik nach Hause I szenik<\/title>\n<meta name=\"description\" content=\"Hinter Quasi.Live stehen engagierte Filmschaffende, die mit Bands der Gro\u00dfregion SaarLorLux kooperieren, Konzerte aufnehmen und diese live streamen.\" \/>\n<meta name=\"robots\" content=\"index, follow, max-snippet:-1, max-image-preview:large, max-video-preview:-1\" \/>\n<link rel=\"canonical\" href=\"https:\/\/www.szenik.eu\/de\/quasi-live-und-szenik-bringen-ihnen-musik-ins-wohnzimmer-35623\" \/>\n<meta property=\"og:locale\" content=\"de_DE\" \/>\n<meta property=\"og:type\" content=\"article\" \/>\n<meta property=\"og:title\" content=\"Quasi.Live &amp; szenik bringen Ihnen Musik nach Hause I szenik\" \/>\n<meta property=\"og:description\" content=\"Hinter Quasi.Live stehen engagierte Filmschaffende, die mit Bands der Gro\u00dfregion SaarLorLux kooperieren, Konzerte aufnehmen und diese live streamen.\" \/>\n<meta property=\"og:url\" content=\"https:\/\/www.szenik.eu\/de\/quasi-live-und-szenik-bringen-ihnen-musik-ins-wohnzimmer-35623\" \/>\n<meta property=\"og:site_name\" content=\"szenik\" \/>\n<meta property=\"article:publisher\" content=\"https:\/\/www.facebook.com\/szenik.eu\/\" \/>\n<meta property=\"article:published_time\" content=\"2020-11-04T09:46:51+00:00\" \/>\n<meta property=\"article:modified_time\" content=\"2020-12-21T09:04:39+00:00\" \/>\n<meta property=\"og:image\" content=\"https:\/\/www.szenik.eu\/wp-content\/uploads\/2020\/11\/Capture-d\u2019\u00e9cran-2020-11-04-\u00e0-10.35.56.png\" \/>\n\t<meta property=\"og:image:width\" content=\"1413\" \/>\n\t<meta property=\"og:image:height\" content=\"871\" \/>\n\t<meta property=\"og:image:type\" content=\"image\/png\" \/>\n<meta name=\"author\" content=\"szenik\" \/>\n<meta name=\"twitter:card\" content=\"summary_large_image\" \/>\n<meta name=\"twitter:creator\" content=\"@Szenik\" \/>\n<meta name=\"twitter:site\" content=\"@Szenik\" \/>\n<meta name=\"twitter:label1\" content=\"Verfasst von\" \/>\n\t<meta name=\"twitter:data1\" content=\"szenik\" \/>\n\t<meta name=\"twitter:label2\" content=\"Gesch\u00e4tzte Lesezeit\" \/>\n\t<meta name=\"twitter:data2\" content=\"4\u00a0Minuten\" \/>\n<script type=\"application\/ld+json\" class=\"yoast-schema-graph\">{\"@context\":\"https:\/\/schema.org\",\"@graph\":[{\"@type\":\"Article\",\"@id\":\"https:\/\/www.szenik.eu\/de\/quasi-live-und-szenik-bringen-ihnen-musik-ins-wohnzimmer-35623#article\",\"isPartOf\":{\"@id\":\"https:\/\/www.szenik.eu\/de\/quasi-live-und-szenik-bringen-ihnen-musik-ins-wohnzimmer-35623\"},\"author\":{\"name\":\"szenik\",\"@id\":\"https:\/\/www.szenik.eu\/de\/#\/schema\/person\/15f73f175b41bad194837490339d48fb\"},\"headline\":\"Quasi.live und szenik bringen Ihnen Musik ins Wohnzimmer!\",\"datePublished\":\"2020-11-04T09:46:51+00:00\",\"dateModified\":\"2020-12-21T09:04:39+00:00\",\"mainEntityOfPage\":{\"@id\":\"https:\/\/www.szenik.eu\/de\/quasi-live-und-szenik-bringen-ihnen-musik-ins-wohnzimmer-35623\"},\"wordCount\":777,\"commentCount\":0,\"publisher\":{\"@id\":\"https:\/\/www.szenik.eu\/de\/#organization\"},\"keywords\":[\"Luca Sestak\",\"Luxemburg\",\"Mannheim\",\"Mega! Mega!\",\"Resarevoir Audiovisu\u00e4l\",\"Rock Pop Elektro\",\"Saarbr\u00fccken\",\"TUYS\",\"Village Zone\",\"V\u00f6lklinger H\u00fctte\"],\"articleSection\":[\"Kurz &amp; knackig\",\"Magazin\"],\"inLanguage\":\"de\",\"potentialAction\":[{\"@type\":\"CommentAction\",\"name\":\"Comment\",\"target\":[\"https:\/\/www.szenik.eu\/de\/quasi-live-und-szenik-bringen-ihnen-musik-ins-wohnzimmer-35623#respond\"]}]},{\"@type\":\"WebPage\",\"@id\":\"https:\/\/www.szenik.eu\/de\/quasi-live-und-szenik-bringen-ihnen-musik-ins-wohnzimmer-35623\",\"url\":\"https:\/\/www.szenik.eu\/de\/quasi-live-und-szenik-bringen-ihnen-musik-ins-wohnzimmer-35623\",\"name\":\"Quasi.Live & szenik bringen Ihnen Musik nach Hause I szenik\",\"isPartOf\":{\"@id\":\"https:\/\/www.szenik.eu\/de\/#website\"},\"datePublished\":\"2020-11-04T09:46:51+00:00\",\"dateModified\":\"2020-12-21T09:04:39+00:00\",\"description\":\"Hinter Quasi.Live stehen engagierte Filmschaffende, die mit Bands der Gro\u00dfregion SaarLorLux kooperieren, Konzerte aufnehmen und diese live streamen.\",\"breadcrumb\":{\"@id\":\"https:\/\/www.szenik.eu\/de\/quasi-live-und-szenik-bringen-ihnen-musik-ins-wohnzimmer-35623#breadcrumb\"},\"inLanguage\":\"de\",\"potentialAction\":[{\"@type\":\"ReadAction\",\"target\":[\"https:\/\/www.szenik.eu\/de\/quasi-live-und-szenik-bringen-ihnen-musik-ins-wohnzimmer-35623\"]}]},{\"@type\":\"BreadcrumbList\",\"@id\":\"https:\/\/www.szenik.eu\/de\/quasi-live-und-szenik-bringen-ihnen-musik-ins-wohnzimmer-35623#breadcrumb\",\"itemListElement\":[{\"@type\":\"ListItem\",\"position\":1,\"name\":\"Home\",\"item\":\"https:\/\/www.szenik.eu\/de\"},{\"@type\":\"ListItem\",\"position\":2,\"name\":\"Quasi.live und szenik bringen Ihnen Musik ins Wohnzimmer!\"}]},{\"@type\":\"WebSite\",\"@id\":\"https:\/\/www.szenik.eu\/de\/#website\",\"url\":\"https:\/\/www.szenik.eu\/de\/\",\"name\":\"szenik\",\"description\":\"Le Meilleur des sc\u00e8nes au coeur de l&#039;Europe\",\"publisher\":{\"@id\":\"https:\/\/www.szenik.eu\/de\/#organization\"},\"potentialAction\":[{\"@type\":\"SearchAction\",\"target\":{\"@type\":\"EntryPoint\",\"urlTemplate\":\"https:\/\/www.szenik.eu\/de\/?s={search_term_string}\"},\"query-input\":\"required name=search_term_string\"}],\"inLanguage\":\"de\"},{\"@type\":\"Organization\",\"@id\":\"https:\/\/www.szenik.eu\/de\/#organization\",\"name\":\"Szenik\",\"url\":\"https:\/\/www.szenik.eu\/de\/\",\"logo\":{\"@type\":\"ImageObject\",\"inLanguage\":\"de\",\"@id\":\"https:\/\/www.szenik.eu\/de\/#\/schema\/logo\/image\/\",\"url\":\"https:\/\/www.szenik.eu\/wp-content\/uploads\/2019\/07\/logo-square.png\",\"contentUrl\":\"https:\/\/www.szenik.eu\/wp-content\/uploads\/2019\/07\/logo-square.png\",\"width\":512,\"height\":512,\"caption\":\"Szenik\"},\"image\":{\"@id\":\"https:\/\/www.szenik.eu\/de\/#\/schema\/logo\/image\/\"},\"sameAs\":[\"https:\/\/www.facebook.com\/szenik.eu\/\",\"https:\/\/twitter.com\/Szenik\",\"https:\/\/www.instagram.com\/szenik_magazine\/\",\"https:\/\/www.youtube.com\/user\/SzenikEU\/\"]},{\"@type\":\"Person\",\"@id\":\"https:\/\/www.szenik.eu\/de\/#\/schema\/person\/15f73f175b41bad194837490339d48fb\",\"name\":\"szenik\",\"image\":{\"@type\":\"ImageObject\",\"inLanguage\":\"de\",\"@id\":\"https:\/\/www.szenik.eu\/de\/#\/schema\/person\/image\/\",\"url\":\"https:\/\/secure.gravatar.com\/avatar\/d1c4f19522a624a4eaa5e6c03e22370b?s=96&d=mm&r=g\",\"contentUrl\":\"https:\/\/secure.gravatar.com\/avatar\/d1c4f19522a624a4eaa5e6c03e22370b?s=96&d=mm&r=g\",\"caption\":\"szenik\"}}]}<\/script>\n<!-- \/ Yoast SEO plugin. -->","yoast_head_json":{"title":"Quasi.Live & szenik bringen Ihnen Musik nach Hause I szenik","description":"Hinter Quasi.Live stehen engagierte Filmschaffende, die mit Bands der Gro\u00dfregion SaarLorLux kooperieren, Konzerte aufnehmen und diese live streamen.","robots":{"index":"index","follow":"follow","max-snippet":"max-snippet:-1","max-image-preview":"max-image-preview:large","max-video-preview":"max-video-preview:-1"},"canonical":"https:\/\/www.szenik.eu\/de\/quasi-live-und-szenik-bringen-ihnen-musik-ins-wohnzimmer-35623","og_locale":"de_DE","og_type":"article","og_title":"Quasi.Live & szenik bringen Ihnen Musik nach Hause I szenik","og_description":"Hinter Quasi.Live stehen engagierte Filmschaffende, die mit Bands der Gro\u00dfregion SaarLorLux kooperieren, Konzerte aufnehmen und diese live streamen.","og_url":"https:\/\/www.szenik.eu\/de\/quasi-live-und-szenik-bringen-ihnen-musik-ins-wohnzimmer-35623","og_site_name":"szenik","article_publisher":"https:\/\/www.facebook.com\/szenik.eu\/","article_published_time":"2020-11-04T09:46:51+00:00","article_modified_time":"2020-12-21T09:04:39+00:00","og_image":[{"width":1413,"height":871,"url":"https:\/\/www.szenik.eu\/wp-content\/uploads\/2020\/11\/Capture-d\u2019\u00e9cran-2020-11-04-\u00e0-10.35.56.png","type":"image\/png"}],"author":"szenik","twitter_card":"summary_large_image","twitter_creator":"@Szenik","twitter_site":"@Szenik","twitter_misc":{"Verfasst von":"szenik","Gesch\u00e4tzte Lesezeit":"4\u00a0Minuten"},"schema":{"@context":"https:\/\/schema.org","@graph":[{"@type":"Article","@id":"https:\/\/www.szenik.eu\/de\/quasi-live-und-szenik-bringen-ihnen-musik-ins-wohnzimmer-35623#article","isPartOf":{"@id":"https:\/\/www.szenik.eu\/de\/quasi-live-und-szenik-bringen-ihnen-musik-ins-wohnzimmer-35623"},"author":{"name":"szenik","@id":"https:\/\/www.szenik.eu\/de\/#\/schema\/person\/15f73f175b41bad194837490339d48fb"},"headline":"Quasi.live und szenik bringen Ihnen Musik ins Wohnzimmer!","datePublished":"2020-11-04T09:46:51+00:00","dateModified":"2020-12-21T09:04:39+00:00","mainEntityOfPage":{"@id":"https:\/\/www.szenik.eu\/de\/quasi-live-und-szenik-bringen-ihnen-musik-ins-wohnzimmer-35623"},"wordCount":777,"commentCount":0,"publisher":{"@id":"https:\/\/www.szenik.eu\/de\/#organization"},"keywords":["Luca Sestak","Luxemburg","Mannheim","Mega! Mega!","Resarevoir Audiovisu\u00e4l","Rock Pop Elektro","Saarbr\u00fccken","TUYS","Village Zone","V\u00f6lklinger H\u00fctte"],"articleSection":["Kurz &amp; knackig","Magazin"],"inLanguage":"de","potentialAction":[{"@type":"CommentAction","name":"Comment","target":["https:\/\/www.szenik.eu\/de\/quasi-live-und-szenik-bringen-ihnen-musik-ins-wohnzimmer-35623#respond"]}]},{"@type":"WebPage","@id":"https:\/\/www.szenik.eu\/de\/quasi-live-und-szenik-bringen-ihnen-musik-ins-wohnzimmer-35623","url":"https:\/\/www.szenik.eu\/de\/quasi-live-und-szenik-bringen-ihnen-musik-ins-wohnzimmer-35623","name":"Quasi.Live & szenik bringen Ihnen Musik nach Hause I szenik","isPartOf":{"@id":"https:\/\/www.szenik.eu\/de\/#website"},"datePublished":"2020-11-04T09:46:51+00:00","dateModified":"2020-12-21T09:04:39+00:00","description":"Hinter Quasi.Live stehen engagierte Filmschaffende, die mit Bands der Gro\u00dfregion SaarLorLux kooperieren, Konzerte aufnehmen und diese live streamen.","breadcrumb":{"@id":"https:\/\/www.szenik.eu\/de\/quasi-live-und-szenik-bringen-ihnen-musik-ins-wohnzimmer-35623#breadcrumb"},"inLanguage":"de","potentialAction":[{"@type":"ReadAction","target":["https:\/\/www.szenik.eu\/de\/quasi-live-und-szenik-bringen-ihnen-musik-ins-wohnzimmer-35623"]}]},{"@type":"BreadcrumbList","@id":"https:\/\/www.szenik.eu\/de\/quasi-live-und-szenik-bringen-ihnen-musik-ins-wohnzimmer-35623#breadcrumb","itemListElement":[{"@type":"ListItem","position":1,"name":"Home","item":"https:\/\/www.szenik.eu\/de"},{"@type":"ListItem","position":2,"name":"Quasi.live und szenik bringen Ihnen Musik ins Wohnzimmer!"}]},{"@type":"WebSite","@id":"https:\/\/www.szenik.eu\/de\/#website","url":"https:\/\/www.szenik.eu\/de\/","name":"szenik","description":"Le Meilleur des sc\u00e8nes au coeur de l&#039;Europe","publisher":{"@id":"https:\/\/www.szenik.eu\/de\/#organization"},"potentialAction":[{"@type":"SearchAction","target":{"@type":"EntryPoint","urlTemplate":"https:\/\/www.szenik.eu\/de\/?s={search_term_string}"},"query-input":"required name=search_term_string"}],"inLanguage":"de"},{"@type":"Organization","@id":"https:\/\/www.szenik.eu\/de\/#organization","name":"Szenik","url":"https:\/\/www.szenik.eu\/de\/","logo":{"@type":"ImageObject","inLanguage":"de","@id":"https:\/\/www.szenik.eu\/de\/#\/schema\/logo\/image\/","url":"https:\/\/www.szenik.eu\/wp-content\/uploads\/2019\/07\/logo-square.png","contentUrl":"https:\/\/www.szenik.eu\/wp-content\/uploads\/2019\/07\/logo-square.png","width":512,"height":512,"caption":"Szenik"},"image":{"@id":"https:\/\/www.szenik.eu\/de\/#\/schema\/logo\/image\/"},"sameAs":["https:\/\/www.facebook.com\/szenik.eu\/","https:\/\/twitter.com\/Szenik","https:\/\/www.instagram.com\/szenik_magazine\/","https:\/\/www.youtube.com\/user\/SzenikEU\/"]},{"@type":"Person","@id":"https:\/\/www.szenik.eu\/de\/#\/schema\/person\/15f73f175b41bad194837490339d48fb","name":"szenik","image":{"@type":"ImageObject","inLanguage":"de","@id":"https:\/\/www.szenik.eu\/de\/#\/schema\/person\/image\/","url":"https:\/\/secure.gravatar.com\/avatar\/d1c4f19522a624a4eaa5e6c03e22370b?s=96&d=mm&r=g","contentUrl":"https:\/\/secure.gravatar.com\/avatar\/d1c4f19522a624a4eaa5e6c03e22370b?s=96&d=mm&r=g","caption":"szenik"}}]}},"jetpack_featured_media_url":"https:\/\/www.szenik.eu\/wp-content\/uploads\/2020\/11\/Capture-d\u2019\u00e9cran-2020-11-04-\u00e0-10.35.56.png","amp_enabled":true,"_links":{"self":[{"href":"https:\/\/www.szenik.eu\/de\/wp-json\/\/wp\/v2\/posts\/35623"}],"collection":[{"href":"https:\/\/www.szenik.eu\/de\/wp-json\/\/wp\/v2\/posts"}],"about":[{"href":"https:\/\/www.szenik.eu\/de\/wp-json\/\/wp\/v2\/types\/post"}],"author":[{"embeddable":true,"href":"https:\/\/www.szenik.eu\/de\/wp-json\/\/wp\/v2\/users\/1"}],"replies":[{"embeddable":true,"href":"https:\/\/www.szenik.eu\/de\/wp-json\/\/wp\/v2\/comments?post=35623"}],"version-history":[{"count":11,"href":"https:\/\/www.szenik.eu\/de\/wp-json\/\/wp\/v2\/posts\/35623\/revisions"}],"predecessor-version":[{"id":36664,"href":"https:\/\/www.szenik.eu\/de\/wp-json\/\/wp\/v2\/posts\/35623\/revisions\/36664"}],"wp:featuredmedia":[{"embeddable":true,"href":"https:\/\/www.szenik.eu\/de\/wp-json\/\/wp\/v2\/media\/35625"}],"wp:attachment":[{"href":"https:\/\/www.szenik.eu\/de\/wp-json\/\/wp\/v2\/media?parent=35623"}],"wp:term":[{"taxonomy":"category","embeddable":true,"href":"https:\/\/www.szenik.eu\/de\/wp-json\/\/wp\/v2\/categories?post=35623"},{"taxonomy":"post_tag","embeddable":true,"href":"https:\/\/www.szenik.eu\/de\/wp-json\/\/wp\/v2\/tags?post=35623"}],"curies":[{"name":"wp","href":"https:\/\/api.w.org\/{rel}","templated":true}]}}