{"id":35573,"date":"2020-10-30T16:46:59","date_gmt":"2020-10-30T15:46:59","guid":{"rendered":"https:\/\/www.szenik.eu\/?p=35573\/"},"modified":"2020-10-30T16:47:23","modified_gmt":"2020-10-30T15:47:23","slug":"das-theater-basel-wird-ab-dem-4-november-2020-fuer-50-zuschauerinnen-spielen","status":"publish","type":"post","link":"https:\/\/www.szenik.eu\/de\/das-theater-basel-wird-ab-dem-4-november-2020-fuer-50-zuschauerinnen-spielen-35573","title":{"rendered":"Das Theater Basel wird ab dem 4. November 2020 f\u00fcr 50 Zuschauer*innen spielen."},"content":{"rendered":"\n<h2>Das Theater Basel h\u00e4lt den Spielplan auf der Kleinen B\u00fchne aufrecht. Die Vorstellungen auf der Grossen B\u00fchne und im Schauspielhaus entfallen komplett. Diese Regelung gilt vorerst f\u00fcr den November 2020.<\/h2>\n\n\n\n<div style=\"height:100px\" aria-hidden=\"true\" class=\"wp-block-spacer\"><\/div>\n\n\n\n<p><em>Pressemitteilung<\/em><\/p>\n\n\n\n<p>Alle Vorstellungen wurden nach der Bekanntgabe durch das Bundesamt f\u00fcr Gesundheit (BAG) am 28. Oktober 2020 bis zum 1. November 2020 abgesagt. Das Theater Basel nimmt den Spielbetrieb am 4. November mit der Premiere von \u2039<strong><em>Caf\u00e9 Populaire<\/em><\/strong>\u203a der Dramatikerin und Regisseurin <strong>Nora Abdel-Maksoud<\/strong> wieder auf, gefolgt von der Erfolgsproduktion \u2039<strong><em>Odyssee<\/em><\/strong>\u203a von Co-Schauspielleiter <strong>Ant\u00fa Romero Nunes<\/strong> am 13. November 2020. <\/p>\n\n\n\n<p>Wir freuen uns, dass wir zudem am 5. November noch eine weitere Vorstellung von \u2039<strong><em>Metamorphosen<\/em><\/strong>\u203a im Schauspielhaus zeigen k\u00f6nnen. Ausserdem wird am Theater Basel f\u00fcr einzelne Produktionen weitergeprobt, damit der Spielbetrieb umgehend wieder aufgenommen werden kann, sobald dies wieder m\u00f6glich ist.<\/p>\n\n\n\n<p>Alle Buchungen f\u00fcr den November 2020, inklusive Abo-Buchungen, werden storniert. Das Theater Basel wird in den kommenden Tagen alle Abonnent*innen und Ticket-Inhaber*innen informieren. Der Verkauf f\u00fcr den reduzierten Spielplan beginnt am 2. November 2020 um 11:00 Uhr. Der Eintritt liegt bei CHF 50.\u2013 auf allen 50 Pl\u00e4t- zen.<\/p>\n\n\n\n<p>Aufgrund der neuen Bestimmungen durch das BAG kann das \u2039Foyer Public\u203a am 14. November nicht wie geplant er\u00f6ffnen. <\/p>\n\n\n\n<div style=\"height:47px\" aria-hidden=\"true\" class=\"wp-block-spacer\"><\/div>\n\n\n\n<blockquote class=\"wp-block-quote\"><p>\u00abDas \u2039Foyer Public\u203a, die \u00d6ffnung des Foyers f\u00fcr die \u00d6ffentlichkeit, ist ein Herzst\u00fcck unseres k\u00fcnstlerischen Neustarts. Aufgrund der aktuellen Lage m\u00fcssen wir die Er\u00f6ffnung leider verschieben \u2013 auch wenn sichere Orte der Begegnung und der \u00d6ffentlichkeit jetzt n\u00f6tiger ge- braucht werden denn je. Daher werden wir das Foyer Public er\u00f6ffnen, sobald dies m\u00f6glich sein wird.\u00bb<\/p><cite>Benedikt von Peter<\/cite><\/blockquote>\n\n\n\n<div style=\"height:100px\" aria-hidden=\"true\" class=\"wp-block-spacer\"><\/div>\n\n\n\n<div class=\"wp-block-button aligncenter\"><a class=\"wp-block-button__link has-text-color has-very-dark-gray-color has-background has-luminous-vivid-amber-background-color\" href=\"https:\/\/www.theater-basel.ch\/de\" target=\"_blank\" rel=\"noreferrer noopener\">Zur Website des Theater Basel<\/a><\/div>\n\n\n\n<div style=\"height:100px\" aria-hidden=\"true\" class=\"wp-block-spacer\"><\/div>\n\n\n\n<p class=\"has-small-font-size\">Foto: Theater Basel<\/p>\n\n\n\n<div style=\"height:100px\" aria-hidden=\"true\" class=\"wp-block-spacer\"><\/div>\n","protected":false},"excerpt":{"rendered":"<p>Das Theater Basel h\u00e4lt den Spielplan auf der Kleinen B\u00fchne aufrecht. Die Vorstellungen auf der Grossen B\u00fchne und im Schauspielhaus entfallen komplett. Diese Regelung gilt vorerst f\u00fcr den November 2020. Pressemitteilung Alle Vorstellungen wurden nach der Bekanntgabe durch das Bundesamt f\u00fcr Gesundheit (BAG) am 28. Oktober 2020 bis zum 1. November 2020 abgesagt. Das Theater [&hellip;]<\/p>\n","protected":false},"author":1,"featured_media":32248,"comment_status":"open","ping_status":"open","sticky":false,"template":"","format":"standard","meta":{"_monsterinsights_skip_tracking":false,"_monsterinsights_sitenote_active":false,"_monsterinsights_sitenote_note":"","_monsterinsights_sitenote_category":0},"categories":[2815,53],"tags":[2278,3244,2161,2208,2251],"yoast_head":"<!-- This site is optimized with the Yoast SEO plugin v20.5 - https:\/\/yoast.com\/wordpress\/plugins\/seo\/ -->\n<title>Das Theater Basel spielt ab dem 4.11.2020 weiter I szenik<\/title>\n<meta name=\"description\" content=\"Das Theater Basel h\u00e4lt den Spielplan auf der Kleinen B\u00fchne aufrecht. Die Vorstellungen auf der Grossen B\u00fchne und im Schauspielhaus entfallen komplett.\" \/>\n<meta name=\"robots\" content=\"index, follow, max-snippet:-1, max-image-preview:large, max-video-preview:-1\" \/>\n<link rel=\"canonical\" href=\"https:\/\/www.szenik.eu\/de\/das-theater-basel-wird-ab-dem-4-november-2020-fuer-50-zuschauerinnen-spielen-35573\" \/>\n<meta property=\"og:locale\" content=\"de_DE\" \/>\n<meta property=\"og:type\" content=\"article\" \/>\n<meta property=\"og:title\" content=\"Das Theater Basel spielt ab dem 4.11.2020 weiter I szenik\" \/>\n<meta property=\"og:description\" content=\"Das Theater Basel h\u00e4lt den Spielplan auf der Kleinen B\u00fchne aufrecht. Die Vorstellungen auf der Grossen B\u00fchne und im Schauspielhaus entfallen komplett.\" \/>\n<meta property=\"og:url\" content=\"https:\/\/www.szenik.eu\/de\/das-theater-basel-wird-ab-dem-4-november-2020-fuer-50-zuschauerinnen-spielen-35573\" \/>\n<meta property=\"og:site_name\" content=\"szenik\" \/>\n<meta property=\"article:publisher\" content=\"https:\/\/www.facebook.com\/szenik.eu\/\" \/>\n<meta property=\"article:published_time\" content=\"2020-10-30T15:46:59+00:00\" \/>\n<meta property=\"article:modified_time\" content=\"2020-10-30T15:47:23+00:00\" \/>\n<meta property=\"og:image\" content=\"https:\/\/www.szenik.eu\/wp-content\/uploads\/2020\/06\/Capture-d\u2019\u00e9cran-2020-06-23-\u00e0-12.23.55.png\" \/>\n\t<meta property=\"og:image:width\" content=\"987\" \/>\n\t<meta property=\"og:image:height\" content=\"716\" \/>\n\t<meta property=\"og:image:type\" content=\"image\/png\" \/>\n<meta name=\"author\" content=\"szenik\" \/>\n<meta name=\"twitter:card\" content=\"summary_large_image\" \/>\n<meta name=\"twitter:creator\" content=\"@Szenik\" \/>\n<meta name=\"twitter:site\" content=\"@Szenik\" \/>\n<meta name=\"twitter:label1\" content=\"Verfasst von\" \/>\n\t<meta name=\"twitter:data1\" content=\"szenik\" \/>\n\t<meta name=\"twitter:label2\" content=\"Gesch\u00e4tzte Lesezeit\" \/>\n\t<meta name=\"twitter:data2\" content=\"1\u00a0Minute\" \/>\n<script type=\"application\/ld+json\" class=\"yoast-schema-graph\">{\"@context\":\"https:\/\/schema.org\",\"@graph\":[{\"@type\":\"Article\",\"@id\":\"https:\/\/www.szenik.eu\/de\/das-theater-basel-wird-ab-dem-4-november-2020-fuer-50-zuschauerinnen-spielen-35573#article\",\"isPartOf\":{\"@id\":\"https:\/\/www.szenik.eu\/de\/das-theater-basel-wird-ab-dem-4-november-2020-fuer-50-zuschauerinnen-spielen-35573\"},\"author\":{\"name\":\"szenik\",\"@id\":\"https:\/\/www.szenik.eu\/de\/#\/schema\/person\/15f73f175b41bad194837490339d48fb\"},\"headline\":\"Das Theater Basel wird ab dem 4. November 2020 f\u00fcr 50 Zuschauer*innen spielen.\",\"datePublished\":\"2020-10-30T15:46:59+00:00\",\"dateModified\":\"2020-10-30T15:47:23+00:00\",\"mainEntityOfPage\":{\"@id\":\"https:\/\/www.szenik.eu\/de\/das-theater-basel-wird-ab-dem-4-november-2020-fuer-50-zuschauerinnen-spielen-35573\"},\"wordCount\":280,\"commentCount\":0,\"publisher\":{\"@id\":\"https:\/\/www.szenik.eu\/de\/#organization\"},\"keywords\":[\"Basel\",\"Oper\",\"Tanz\",\"Theater\",\"Theater Basel\"],\"articleSection\":[\"Kurz &amp; knackig\",\"Magazin\"],\"inLanguage\":\"de\",\"potentialAction\":[{\"@type\":\"CommentAction\",\"name\":\"Comment\",\"target\":[\"https:\/\/www.szenik.eu\/de\/das-theater-basel-wird-ab-dem-4-november-2020-fuer-50-zuschauerinnen-spielen-35573#respond\"]}]},{\"@type\":\"WebPage\",\"@id\":\"https:\/\/www.szenik.eu\/de\/das-theater-basel-wird-ab-dem-4-november-2020-fuer-50-zuschauerinnen-spielen-35573\",\"url\":\"https:\/\/www.szenik.eu\/de\/das-theater-basel-wird-ab-dem-4-november-2020-fuer-50-zuschauerinnen-spielen-35573\",\"name\":\"Das Theater Basel spielt ab dem 4.11.2020 weiter I szenik\",\"isPartOf\":{\"@id\":\"https:\/\/www.szenik.eu\/de\/#website\"},\"datePublished\":\"2020-10-30T15:46:59+00:00\",\"dateModified\":\"2020-10-30T15:47:23+00:00\",\"description\":\"Das Theater Basel h\u00e4lt den Spielplan auf der Kleinen B\u00fchne aufrecht. Die Vorstellungen auf der Grossen B\u00fchne und im Schauspielhaus entfallen komplett.\",\"breadcrumb\":{\"@id\":\"https:\/\/www.szenik.eu\/de\/das-theater-basel-wird-ab-dem-4-november-2020-fuer-50-zuschauerinnen-spielen-35573#breadcrumb\"},\"inLanguage\":\"de\",\"potentialAction\":[{\"@type\":\"ReadAction\",\"target\":[\"https:\/\/www.szenik.eu\/de\/das-theater-basel-wird-ab-dem-4-november-2020-fuer-50-zuschauerinnen-spielen-35573\"]}]},{\"@type\":\"BreadcrumbList\",\"@id\":\"https:\/\/www.szenik.eu\/de\/das-theater-basel-wird-ab-dem-4-november-2020-fuer-50-zuschauerinnen-spielen-35573#breadcrumb\",\"itemListElement\":[{\"@type\":\"ListItem\",\"position\":1,\"name\":\"Home\",\"item\":\"https:\/\/www.szenik.eu\/de\"},{\"@type\":\"ListItem\",\"position\":2,\"name\":\"Das Theater Basel wird ab dem 4. November 2020 f\u00fcr 50 Zuschauer*innen spielen.\"}]},{\"@type\":\"WebSite\",\"@id\":\"https:\/\/www.szenik.eu\/de\/#website\",\"url\":\"https:\/\/www.szenik.eu\/de\/\",\"name\":\"szenik\",\"description\":\"Le Meilleur des sc\u00e8nes au coeur de l&#039;Europe\",\"publisher\":{\"@id\":\"https:\/\/www.szenik.eu\/de\/#organization\"},\"potentialAction\":[{\"@type\":\"SearchAction\",\"target\":{\"@type\":\"EntryPoint\",\"urlTemplate\":\"https:\/\/www.szenik.eu\/de\/?s={search_term_string}\"},\"query-input\":\"required name=search_term_string\"}],\"inLanguage\":\"de\"},{\"@type\":\"Organization\",\"@id\":\"https:\/\/www.szenik.eu\/de\/#organization\",\"name\":\"Szenik\",\"url\":\"https:\/\/www.szenik.eu\/de\/\",\"logo\":{\"@type\":\"ImageObject\",\"inLanguage\":\"de\",\"@id\":\"https:\/\/www.szenik.eu\/de\/#\/schema\/logo\/image\/\",\"url\":\"https:\/\/www.szenik.eu\/wp-content\/uploads\/2019\/07\/logo-square.png\",\"contentUrl\":\"https:\/\/www.szenik.eu\/wp-content\/uploads\/2019\/07\/logo-square.png\",\"width\":512,\"height\":512,\"caption\":\"Szenik\"},\"image\":{\"@id\":\"https:\/\/www.szenik.eu\/de\/#\/schema\/logo\/image\/\"},\"sameAs\":[\"https:\/\/www.facebook.com\/szenik.eu\/\",\"https:\/\/twitter.com\/Szenik\",\"https:\/\/www.instagram.com\/szenik_magazine\/\",\"https:\/\/www.youtube.com\/user\/SzenikEU\/\"]},{\"@type\":\"Person\",\"@id\":\"https:\/\/www.szenik.eu\/de\/#\/schema\/person\/15f73f175b41bad194837490339d48fb\",\"name\":\"szenik\",\"image\":{\"@type\":\"ImageObject\",\"inLanguage\":\"de\",\"@id\":\"https:\/\/www.szenik.eu\/de\/#\/schema\/person\/image\/\",\"url\":\"https:\/\/secure.gravatar.com\/avatar\/d1c4f19522a624a4eaa5e6c03e22370b?s=96&d=mm&r=g\",\"contentUrl\":\"https:\/\/secure.gravatar.com\/avatar\/d1c4f19522a624a4eaa5e6c03e22370b?s=96&d=mm&r=g\",\"caption\":\"szenik\"}}]}<\/script>\n<!-- \/ Yoast SEO plugin. -->","yoast_head_json":{"title":"Das Theater Basel spielt ab dem 4.11.2020 weiter I szenik","description":"Das Theater Basel h\u00e4lt den Spielplan auf der Kleinen B\u00fchne aufrecht. Die Vorstellungen auf der Grossen B\u00fchne und im Schauspielhaus entfallen komplett.","robots":{"index":"index","follow":"follow","max-snippet":"max-snippet:-1","max-image-preview":"max-image-preview:large","max-video-preview":"max-video-preview:-1"},"canonical":"https:\/\/www.szenik.eu\/de\/das-theater-basel-wird-ab-dem-4-november-2020-fuer-50-zuschauerinnen-spielen-35573","og_locale":"de_DE","og_type":"article","og_title":"Das Theater Basel spielt ab dem 4.11.2020 weiter I szenik","og_description":"Das Theater Basel h\u00e4lt den Spielplan auf der Kleinen B\u00fchne aufrecht. Die Vorstellungen auf der Grossen B\u00fchne und im Schauspielhaus entfallen komplett.","og_url":"https:\/\/www.szenik.eu\/de\/das-theater-basel-wird-ab-dem-4-november-2020-fuer-50-zuschauerinnen-spielen-35573","og_site_name":"szenik","article_publisher":"https:\/\/www.facebook.com\/szenik.eu\/","article_published_time":"2020-10-30T15:46:59+00:00","article_modified_time":"2020-10-30T15:47:23+00:00","og_image":[{"width":987,"height":716,"url":"https:\/\/www.szenik.eu\/wp-content\/uploads\/2020\/06\/Capture-d\u2019\u00e9cran-2020-06-23-\u00e0-12.23.55.png","type":"image\/png"}],"author":"szenik","twitter_card":"summary_large_image","twitter_creator":"@Szenik","twitter_site":"@Szenik","twitter_misc":{"Verfasst von":"szenik","Gesch\u00e4tzte Lesezeit":"1\u00a0Minute"},"schema":{"@context":"https:\/\/schema.org","@graph":[{"@type":"Article","@id":"https:\/\/www.szenik.eu\/de\/das-theater-basel-wird-ab-dem-4-november-2020-fuer-50-zuschauerinnen-spielen-35573#article","isPartOf":{"@id":"https:\/\/www.szenik.eu\/de\/das-theater-basel-wird-ab-dem-4-november-2020-fuer-50-zuschauerinnen-spielen-35573"},"author":{"name":"szenik","@id":"https:\/\/www.szenik.eu\/de\/#\/schema\/person\/15f73f175b41bad194837490339d48fb"},"headline":"Das Theater Basel wird ab dem 4. November 2020 f\u00fcr 50 Zuschauer*innen spielen.","datePublished":"2020-10-30T15:46:59+00:00","dateModified":"2020-10-30T15:47:23+00:00","mainEntityOfPage":{"@id":"https:\/\/www.szenik.eu\/de\/das-theater-basel-wird-ab-dem-4-november-2020-fuer-50-zuschauerinnen-spielen-35573"},"wordCount":280,"commentCount":0,"publisher":{"@id":"https:\/\/www.szenik.eu\/de\/#organization"},"keywords":["Basel","Oper","Tanz","Theater","Theater Basel"],"articleSection":["Kurz &amp; knackig","Magazin"],"inLanguage":"de","potentialAction":[{"@type":"CommentAction","name":"Comment","target":["https:\/\/www.szenik.eu\/de\/das-theater-basel-wird-ab-dem-4-november-2020-fuer-50-zuschauerinnen-spielen-35573#respond"]}]},{"@type":"WebPage","@id":"https:\/\/www.szenik.eu\/de\/das-theater-basel-wird-ab-dem-4-november-2020-fuer-50-zuschauerinnen-spielen-35573","url":"https:\/\/www.szenik.eu\/de\/das-theater-basel-wird-ab-dem-4-november-2020-fuer-50-zuschauerinnen-spielen-35573","name":"Das Theater Basel spielt ab dem 4.11.2020 weiter I szenik","isPartOf":{"@id":"https:\/\/www.szenik.eu\/de\/#website"},"datePublished":"2020-10-30T15:46:59+00:00","dateModified":"2020-10-30T15:47:23+00:00","description":"Das Theater Basel h\u00e4lt den Spielplan auf der Kleinen B\u00fchne aufrecht. Die Vorstellungen auf der Grossen B\u00fchne und im Schauspielhaus entfallen komplett.","breadcrumb":{"@id":"https:\/\/www.szenik.eu\/de\/das-theater-basel-wird-ab-dem-4-november-2020-fuer-50-zuschauerinnen-spielen-35573#breadcrumb"},"inLanguage":"de","potentialAction":[{"@type":"ReadAction","target":["https:\/\/www.szenik.eu\/de\/das-theater-basel-wird-ab-dem-4-november-2020-fuer-50-zuschauerinnen-spielen-35573"]}]},{"@type":"BreadcrumbList","@id":"https:\/\/www.szenik.eu\/de\/das-theater-basel-wird-ab-dem-4-november-2020-fuer-50-zuschauerinnen-spielen-35573#breadcrumb","itemListElement":[{"@type":"ListItem","position":1,"name":"Home","item":"https:\/\/www.szenik.eu\/de"},{"@type":"ListItem","position":2,"name":"Das Theater Basel wird ab dem 4. November 2020 f\u00fcr 50 Zuschauer*innen spielen."}]},{"@type":"WebSite","@id":"https:\/\/www.szenik.eu\/de\/#website","url":"https:\/\/www.szenik.eu\/de\/","name":"szenik","description":"Le Meilleur des sc\u00e8nes au coeur de l&#039;Europe","publisher":{"@id":"https:\/\/www.szenik.eu\/de\/#organization"},"potentialAction":[{"@type":"SearchAction","target":{"@type":"EntryPoint","urlTemplate":"https:\/\/www.szenik.eu\/de\/?s={search_term_string}"},"query-input":"required name=search_term_string"}],"inLanguage":"de"},{"@type":"Organization","@id":"https:\/\/www.szenik.eu\/de\/#organization","name":"Szenik","url":"https:\/\/www.szenik.eu\/de\/","logo":{"@type":"ImageObject","inLanguage":"de","@id":"https:\/\/www.szenik.eu\/de\/#\/schema\/logo\/image\/","url":"https:\/\/www.szenik.eu\/wp-content\/uploads\/2019\/07\/logo-square.png","contentUrl":"https:\/\/www.szenik.eu\/wp-content\/uploads\/2019\/07\/logo-square.png","width":512,"height":512,"caption":"Szenik"},"image":{"@id":"https:\/\/www.szenik.eu\/de\/#\/schema\/logo\/image\/"},"sameAs":["https:\/\/www.facebook.com\/szenik.eu\/","https:\/\/twitter.com\/Szenik","https:\/\/www.instagram.com\/szenik_magazine\/","https:\/\/www.youtube.com\/user\/SzenikEU\/"]},{"@type":"Person","@id":"https:\/\/www.szenik.eu\/de\/#\/schema\/person\/15f73f175b41bad194837490339d48fb","name":"szenik","image":{"@type":"ImageObject","inLanguage":"de","@id":"https:\/\/www.szenik.eu\/de\/#\/schema\/person\/image\/","url":"https:\/\/secure.gravatar.com\/avatar\/d1c4f19522a624a4eaa5e6c03e22370b?s=96&d=mm&r=g","contentUrl":"https:\/\/secure.gravatar.com\/avatar\/d1c4f19522a624a4eaa5e6c03e22370b?s=96&d=mm&r=g","caption":"szenik"}}]}},"jetpack_featured_media_url":"https:\/\/www.szenik.eu\/wp-content\/uploads\/2020\/06\/Capture-d\u2019\u00e9cran-2020-06-23-\u00e0-12.23.55.png","amp_enabled":true,"_links":{"self":[{"href":"https:\/\/www.szenik.eu\/de\/wp-json\/\/wp\/v2\/posts\/35573"}],"collection":[{"href":"https:\/\/www.szenik.eu\/de\/wp-json\/\/wp\/v2\/posts"}],"about":[{"href":"https:\/\/www.szenik.eu\/de\/wp-json\/\/wp\/v2\/types\/post"}],"author":[{"embeddable":true,"href":"https:\/\/www.szenik.eu\/de\/wp-json\/\/wp\/v2\/users\/1"}],"replies":[{"embeddable":true,"href":"https:\/\/www.szenik.eu\/de\/wp-json\/\/wp\/v2\/comments?post=35573"}],"version-history":[{"count":2,"href":"https:\/\/www.szenik.eu\/de\/wp-json\/\/wp\/v2\/posts\/35573\/revisions"}],"predecessor-version":[{"id":35575,"href":"https:\/\/www.szenik.eu\/de\/wp-json\/\/wp\/v2\/posts\/35573\/revisions\/35575"}],"wp:featuredmedia":[{"embeddable":true,"href":"https:\/\/www.szenik.eu\/de\/wp-json\/\/wp\/v2\/media\/32248"}],"wp:attachment":[{"href":"https:\/\/www.szenik.eu\/de\/wp-json\/\/wp\/v2\/media?parent=35573"}],"wp:term":[{"taxonomy":"category","embeddable":true,"href":"https:\/\/www.szenik.eu\/de\/wp-json\/\/wp\/v2\/categories?post=35573"},{"taxonomy":"post_tag","embeddable":true,"href":"https:\/\/www.szenik.eu\/de\/wp-json\/\/wp\/v2\/tags?post=35573"}],"curies":[{"name":"wp","href":"https:\/\/api.w.org\/{rel}","templated":true}]}}