{"id":35499,"date":"2020-10-29T07:13:02","date_gmt":"2020-10-29T06:13:02","guid":{"rendered":"https:\/\/www.szenik.eu\/?p=35499\/"},"modified":"2020-10-29T07:13:08","modified_gmt":"2020-10-29T06:13:08","slug":"das-schauspielhaus-zuerich-schraenkt-den-vorstellungsbetrieb-auf-50-personen-im-publikum-ein","status":"publish","type":"post","link":"https:\/\/www.szenik.eu\/de\/das-schauspielhaus-zuerich-schraenkt-den-vorstellungsbetrieb-auf-50-personen-im-publikum-ein-35499","title":{"rendered":"Das Schauspielhaus Z\u00fcrich schr\u00e4nkt den Vorstellungsbetrieb auf 50 Personen im Publikum ein."},"content":{"rendered":"\n<h2>Dem gestrigen Bundesratsentscheid entsprechend trifft das Schauspielhaus Z\u00fcrich folgende Massnahmen:<br>Ab 29. Oktober 2020 wird der Vorstellungsbetrieb\u00a0eingeschr\u00e4nkt, bis auf weiteres sind nur noch\u00a050 Personen im Publikum erlaubt.<\/h2>\n\n\n\n<div style=\"height:100px\" aria-hidden=\"true\" class=\"wp-block-spacer\"><\/div>\n\n\n\n<p><em>Medienmitteilung<\/em><\/p>\n\n\n\n<div style=\"height:50px\" aria-hidden=\"true\" class=\"wp-block-spacer\"><\/div>\n\n\n\n<p>Die Intendanten <strong>Benjamin von Blomberg<\/strong> und <strong>Nicolas Stemann <\/strong>verstehen den notwendigen Entscheid:<em> <\/em><\/p>\n\n\n\n<div style=\"height:47px\" aria-hidden=\"true\" class=\"wp-block-spacer\"><\/div>\n\n\n\n<blockquote class=\"wp-block-quote\"><p><em>\u00abAls Schauspielhaus Z\u00fcrich m\u00f6chten wir selbstverst\u00e4ndlich jeden m\u00f6glichen Beitrag zur Verbesserung der aktuellen Lage leisten und reduzieren alle Vorstellungen auf eine Kapazit\u00e4t von 50 Personen. Dass wir aber weiterspielen m\u00f6chten, ist klar. Weil wir davon \u00fcberzeugt sind, dass unser Publikum gerade auch in diesen Zeiten dankbar ist f\u00fcr Momente, in denen andere Gef\u00fchls- und Denkwelten erlebbar werden. Und wir haben ein Schutzkonzept, das wirkt und dies erm\u00f6glicht. Dank der Subventionen der Stadt, zus\u00e4tzlichen Corona-Finanzhilfen von Bund und Kanton und auch dank unseren treuen Partner, Stiftungen und G\u00f6nner*innen k\u00f6nnen wir diese schwierige Situation bew\u00e4ltigen und dennoch ein Programm gestalten. Daf\u00fcr sind wir sehr dankbar.\u00a0<br>Um so mehr ist es uns ein Anliegen, in den kommenden Tage und Wochen nach Wegen zu suchen, die Aufmerksamkeit auf freie K\u00fcnstler*innen und kleineren Institutionen zu lenken, die in Not geraten.<br>Vor allem aber: Wir freuen uns jetzt schon auf den Moment, wenn wir die Spielzeit, die so erfolgreich \u2013 und mit einem vorbildlichen Schutzkonzept \u2013 begann, gemeinsam mit unserem gesamten Publikum unter normalen Vorzeichen fortsetzen k\u00f6nnen\u00bb.<\/em><\/p><\/blockquote>\n\n\n\n<div style=\"height:44px\" aria-hidden=\"true\" class=\"wp-block-spacer\"><\/div>\n\n\n\n<p>Seit dem Saisonstart am 12. September 2020 fanden vier Urauff\u00fchrungen (<em>The K\u00f6ln Concert, Das Weinen\/Das W\u00e4hnen,\u00a0<s>Fr\u00fchlings Erwachen<\/s>, Mein Jahr der Ruhe und Entspannung<\/em>) und eine Premiere (<em>Medea*<\/em>) statt. Das Publikum f\u00fchlte sich dank eines von Anfang an konsequent umgesetzten Sicherheitskonzeptes mit Maskenpflicht und Abstandsregeln und einer hervorragenden L\u00fcftung im Pfauen wie im Schiffbau sehr sicher und sehr ernst genommen. Es gab nur wenige Ticketr\u00fcckgaben, die Auslastung der verf\u00fcgbaren Pl\u00e4tze (Schachbrettmuster) betr\u00e4gt seit Spielzeitbeginn bis heute rund 80 Prozent. Das erprobte Schutzkonzept wird unter den erw\u00e4hnten Kapazit\u00e4tsanpassungen beibehalten.<\/p>\n\n\n\n<div style=\"height:100px\" aria-hidden=\"true\" class=\"wp-block-spacer\"><\/div>\n\n\n\n<div class=\"wp-block-button\"><a class=\"wp-block-button__link has-text-color has-very-dark-gray-color has-background has-pale-cyan-blue-background-color\" href=\"https:\/\/www.schauspielhaus.ch\/de\/\" target=\"_blank\" rel=\"noreferrer noopener\">Weitere Informationen auf der Website des Schauspielhaus Z\u00fcrich<\/a><\/div>\n\n\n\n<div style=\"height:100px\" aria-hidden=\"true\" class=\"wp-block-spacer\"><\/div>\n\n\n\n<p class=\"has-small-font-size\">Foto: G. Folly<\/p>\n\n\n\n<div style=\"height:100px\" aria-hidden=\"true\" class=\"wp-block-spacer\"><\/div>\n","protected":false},"excerpt":{"rendered":"<p>Dem gestrigen Bundesratsentscheid entsprechend trifft das Schauspielhaus Z\u00fcrich folgende Massnahmen:Ab 29. Oktober 2020 wird der Vorstellungsbetrieb\u00a0eingeschr\u00e4nkt, bis auf weiteres sind nur noch\u00a050 Personen im Publikum erlaubt. Medienmitteilung Die Intendanten Benjamin von Blomberg und Nicolas Stemann verstehen den notwendigen Entscheid: \u00abAls Schauspielhaus Z\u00fcrich m\u00f6chten wir selbstverst\u00e4ndlich jeden m\u00f6glichen Beitrag zur Verbesserung der aktuellen Lage leisten und [&hellip;]<\/p>\n","protected":false},"author":1,"featured_media":34499,"comment_status":"open","ping_status":"open","sticky":false,"template":"","format":"standard","meta":{"_monsterinsights_skip_tracking":false,"_monsterinsights_sitenote_active":false,"_monsterinsights_sitenote_note":"","_monsterinsights_sitenote_category":0},"categories":[2815,53],"tags":[9697,9696,6473,2208,2856],"yoast_head":"<!-- This site is optimized with the Yoast SEO plugin v20.5 - https:\/\/yoast.com\/wordpress\/plugins\/seo\/ -->\n<title>Das Schauspielhaus Z\u00fcrich schr\u00e4nkt den Betrieb ein I szenik<\/title>\n<meta name=\"description\" content=\"Dem gestrigen Bundesratsentscheid entsprechend schr\u00e4nkt das Schauspielhaus Z\u00fcrich seinen Vorstellungsbetrieb ein und erlaubt nur noch 50 ZuschauerInnen.\" \/>\n<meta name=\"robots\" content=\"index, follow, max-snippet:-1, max-image-preview:large, max-video-preview:-1\" \/>\n<link rel=\"canonical\" href=\"https:\/\/www.szenik.eu\/de\/das-schauspielhaus-zuerich-schraenkt-den-vorstellungsbetrieb-auf-50-personen-im-publikum-ein-35499\" \/>\n<meta property=\"og:locale\" content=\"de_DE\" \/>\n<meta property=\"og:type\" content=\"article\" \/>\n<meta property=\"og:title\" content=\"Das Schauspielhaus Z\u00fcrich schr\u00e4nkt den Betrieb ein I szenik\" \/>\n<meta property=\"og:description\" content=\"Dem gestrigen Bundesratsentscheid entsprechend schr\u00e4nkt das Schauspielhaus Z\u00fcrich seinen Vorstellungsbetrieb ein und erlaubt nur noch 50 ZuschauerInnen.\" \/>\n<meta property=\"og:url\" content=\"https:\/\/www.szenik.eu\/de\/das-schauspielhaus-zuerich-schraenkt-den-vorstellungsbetrieb-auf-50-personen-im-publikum-ein-35499\" \/>\n<meta property=\"og:site_name\" content=\"szenik\" \/>\n<meta property=\"article:publisher\" content=\"https:\/\/www.facebook.com\/szenik.eu\/\" \/>\n<meta property=\"article:published_time\" content=\"2020-10-29T06:13:02+00:00\" \/>\n<meta property=\"article:modified_time\" content=\"2020-10-29T06:13:08+00:00\" \/>\n<meta property=\"og:image\" content=\"https:\/\/www.szenik.eu\/wp-content\/uploads\/2020\/09\/Capture-d\u2019\u00e9cran-2020-09-27-\u00e0-16.24.39.png\" \/>\n\t<meta property=\"og:image:width\" content=\"1072\" \/>\n\t<meta property=\"og:image:height\" content=\"691\" \/>\n\t<meta property=\"og:image:type\" content=\"image\/png\" \/>\n<meta name=\"author\" content=\"szenik\" \/>\n<meta name=\"twitter:card\" content=\"summary_large_image\" \/>\n<meta name=\"twitter:creator\" content=\"@Szenik\" \/>\n<meta name=\"twitter:site\" content=\"@Szenik\" \/>\n<meta name=\"twitter:label1\" content=\"Verfasst von\" \/>\n\t<meta name=\"twitter:data1\" content=\"szenik\" \/>\n\t<meta name=\"twitter:label2\" content=\"Gesch\u00e4tzte Lesezeit\" \/>\n\t<meta name=\"twitter:data2\" content=\"2\u00a0Minuten\" \/>\n<script type=\"application\/ld+json\" class=\"yoast-schema-graph\">{\"@context\":\"https:\/\/schema.org\",\"@graph\":[{\"@type\":\"Article\",\"@id\":\"https:\/\/www.szenik.eu\/de\/das-schauspielhaus-zuerich-schraenkt-den-vorstellungsbetrieb-auf-50-personen-im-publikum-ein-35499#article\",\"isPartOf\":{\"@id\":\"https:\/\/www.szenik.eu\/de\/das-schauspielhaus-zuerich-schraenkt-den-vorstellungsbetrieb-auf-50-personen-im-publikum-ein-35499\"},\"author\":{\"name\":\"szenik\",\"@id\":\"https:\/\/www.szenik.eu\/de\/#\/schema\/person\/15f73f175b41bad194837490339d48fb\"},\"headline\":\"Das Schauspielhaus Z\u00fcrich schr\u00e4nkt den Vorstellungsbetrieb auf 50 Personen im Publikum ein.\",\"datePublished\":\"2020-10-29T06:13:02+00:00\",\"dateModified\":\"2020-10-29T06:13:08+00:00\",\"mainEntityOfPage\":{\"@id\":\"https:\/\/www.szenik.eu\/de\/das-schauspielhaus-zuerich-schraenkt-den-vorstellungsbetrieb-auf-50-personen-im-publikum-ein-35499\"},\"wordCount\":350,\"commentCount\":0,\"publisher\":{\"@id\":\"https:\/\/www.szenik.eu\/de\/#organization\"},\"keywords\":[\"Benjamin von Blomberg\",\"Nicolas Stemann\",\"Schauspielhaus Z\u00fcrich\",\"Theater\",\"Z\u00fcrich\"],\"articleSection\":[\"Kurz &amp; knackig\",\"Magazin\"],\"inLanguage\":\"de\",\"potentialAction\":[{\"@type\":\"CommentAction\",\"name\":\"Comment\",\"target\":[\"https:\/\/www.szenik.eu\/de\/das-schauspielhaus-zuerich-schraenkt-den-vorstellungsbetrieb-auf-50-personen-im-publikum-ein-35499#respond\"]}]},{\"@type\":\"WebPage\",\"@id\":\"https:\/\/www.szenik.eu\/de\/das-schauspielhaus-zuerich-schraenkt-den-vorstellungsbetrieb-auf-50-personen-im-publikum-ein-35499\",\"url\":\"https:\/\/www.szenik.eu\/de\/das-schauspielhaus-zuerich-schraenkt-den-vorstellungsbetrieb-auf-50-personen-im-publikum-ein-35499\",\"name\":\"Das Schauspielhaus Z\u00fcrich schr\u00e4nkt den Betrieb ein I szenik\",\"isPartOf\":{\"@id\":\"https:\/\/www.szenik.eu\/de\/#website\"},\"datePublished\":\"2020-10-29T06:13:02+00:00\",\"dateModified\":\"2020-10-29T06:13:08+00:00\",\"description\":\"Dem gestrigen Bundesratsentscheid entsprechend schr\u00e4nkt das Schauspielhaus Z\u00fcrich seinen Vorstellungsbetrieb ein und erlaubt nur noch 50 ZuschauerInnen.\",\"breadcrumb\":{\"@id\":\"https:\/\/www.szenik.eu\/de\/das-schauspielhaus-zuerich-schraenkt-den-vorstellungsbetrieb-auf-50-personen-im-publikum-ein-35499#breadcrumb\"},\"inLanguage\":\"de\",\"potentialAction\":[{\"@type\":\"ReadAction\",\"target\":[\"https:\/\/www.szenik.eu\/de\/das-schauspielhaus-zuerich-schraenkt-den-vorstellungsbetrieb-auf-50-personen-im-publikum-ein-35499\"]}]},{\"@type\":\"BreadcrumbList\",\"@id\":\"https:\/\/www.szenik.eu\/de\/das-schauspielhaus-zuerich-schraenkt-den-vorstellungsbetrieb-auf-50-personen-im-publikum-ein-35499#breadcrumb\",\"itemListElement\":[{\"@type\":\"ListItem\",\"position\":1,\"name\":\"Home\",\"item\":\"https:\/\/www.szenik.eu\/de\"},{\"@type\":\"ListItem\",\"position\":2,\"name\":\"Das Schauspielhaus Z\u00fcrich schr\u00e4nkt den Vorstellungsbetrieb auf 50 Personen im Publikum ein.\"}]},{\"@type\":\"WebSite\",\"@id\":\"https:\/\/www.szenik.eu\/de\/#website\",\"url\":\"https:\/\/www.szenik.eu\/de\/\",\"name\":\"szenik\",\"description\":\"Le Meilleur des sc\u00e8nes au coeur de l&#039;Europe\",\"publisher\":{\"@id\":\"https:\/\/www.szenik.eu\/de\/#organization\"},\"potentialAction\":[{\"@type\":\"SearchAction\",\"target\":{\"@type\":\"EntryPoint\",\"urlTemplate\":\"https:\/\/www.szenik.eu\/de\/?s={search_term_string}\"},\"query-input\":\"required name=search_term_string\"}],\"inLanguage\":\"de\"},{\"@type\":\"Organization\",\"@id\":\"https:\/\/www.szenik.eu\/de\/#organization\",\"name\":\"Szenik\",\"url\":\"https:\/\/www.szenik.eu\/de\/\",\"logo\":{\"@type\":\"ImageObject\",\"inLanguage\":\"de\",\"@id\":\"https:\/\/www.szenik.eu\/de\/#\/schema\/logo\/image\/\",\"url\":\"https:\/\/www.szenik.eu\/wp-content\/uploads\/2019\/07\/logo-square.png\",\"contentUrl\":\"https:\/\/www.szenik.eu\/wp-content\/uploads\/2019\/07\/logo-square.png\",\"width\":512,\"height\":512,\"caption\":\"Szenik\"},\"image\":{\"@id\":\"https:\/\/www.szenik.eu\/de\/#\/schema\/logo\/image\/\"},\"sameAs\":[\"https:\/\/www.facebook.com\/szenik.eu\/\",\"https:\/\/twitter.com\/Szenik\",\"https:\/\/www.instagram.com\/szenik_magazine\/\",\"https:\/\/www.youtube.com\/user\/SzenikEU\/\"]},{\"@type\":\"Person\",\"@id\":\"https:\/\/www.szenik.eu\/de\/#\/schema\/person\/15f73f175b41bad194837490339d48fb\",\"name\":\"szenik\",\"image\":{\"@type\":\"ImageObject\",\"inLanguage\":\"de\",\"@id\":\"https:\/\/www.szenik.eu\/de\/#\/schema\/person\/image\/\",\"url\":\"https:\/\/secure.gravatar.com\/avatar\/d1c4f19522a624a4eaa5e6c03e22370b?s=96&d=mm&r=g\",\"contentUrl\":\"https:\/\/secure.gravatar.com\/avatar\/d1c4f19522a624a4eaa5e6c03e22370b?s=96&d=mm&r=g\",\"caption\":\"szenik\"}}]}<\/script>\n<!-- \/ Yoast SEO plugin. -->","yoast_head_json":{"title":"Das Schauspielhaus Z\u00fcrich schr\u00e4nkt den Betrieb ein I szenik","description":"Dem gestrigen Bundesratsentscheid entsprechend schr\u00e4nkt das Schauspielhaus Z\u00fcrich seinen Vorstellungsbetrieb ein und erlaubt nur noch 50 ZuschauerInnen.","robots":{"index":"index","follow":"follow","max-snippet":"max-snippet:-1","max-image-preview":"max-image-preview:large","max-video-preview":"max-video-preview:-1"},"canonical":"https:\/\/www.szenik.eu\/de\/das-schauspielhaus-zuerich-schraenkt-den-vorstellungsbetrieb-auf-50-personen-im-publikum-ein-35499","og_locale":"de_DE","og_type":"article","og_title":"Das Schauspielhaus Z\u00fcrich schr\u00e4nkt den Betrieb ein I szenik","og_description":"Dem gestrigen Bundesratsentscheid entsprechend schr\u00e4nkt das Schauspielhaus Z\u00fcrich seinen Vorstellungsbetrieb ein und erlaubt nur noch 50 ZuschauerInnen.","og_url":"https:\/\/www.szenik.eu\/de\/das-schauspielhaus-zuerich-schraenkt-den-vorstellungsbetrieb-auf-50-personen-im-publikum-ein-35499","og_site_name":"szenik","article_publisher":"https:\/\/www.facebook.com\/szenik.eu\/","article_published_time":"2020-10-29T06:13:02+00:00","article_modified_time":"2020-10-29T06:13:08+00:00","og_image":[{"width":1072,"height":691,"url":"https:\/\/www.szenik.eu\/wp-content\/uploads\/2020\/09\/Capture-d\u2019\u00e9cran-2020-09-27-\u00e0-16.24.39.png","type":"image\/png"}],"author":"szenik","twitter_card":"summary_large_image","twitter_creator":"@Szenik","twitter_site":"@Szenik","twitter_misc":{"Verfasst von":"szenik","Gesch\u00e4tzte Lesezeit":"2\u00a0Minuten"},"schema":{"@context":"https:\/\/schema.org","@graph":[{"@type":"Article","@id":"https:\/\/www.szenik.eu\/de\/das-schauspielhaus-zuerich-schraenkt-den-vorstellungsbetrieb-auf-50-personen-im-publikum-ein-35499#article","isPartOf":{"@id":"https:\/\/www.szenik.eu\/de\/das-schauspielhaus-zuerich-schraenkt-den-vorstellungsbetrieb-auf-50-personen-im-publikum-ein-35499"},"author":{"name":"szenik","@id":"https:\/\/www.szenik.eu\/de\/#\/schema\/person\/15f73f175b41bad194837490339d48fb"},"headline":"Das Schauspielhaus Z\u00fcrich schr\u00e4nkt den Vorstellungsbetrieb auf 50 Personen im Publikum ein.","datePublished":"2020-10-29T06:13:02+00:00","dateModified":"2020-10-29T06:13:08+00:00","mainEntityOfPage":{"@id":"https:\/\/www.szenik.eu\/de\/das-schauspielhaus-zuerich-schraenkt-den-vorstellungsbetrieb-auf-50-personen-im-publikum-ein-35499"},"wordCount":350,"commentCount":0,"publisher":{"@id":"https:\/\/www.szenik.eu\/de\/#organization"},"keywords":["Benjamin von Blomberg","Nicolas Stemann","Schauspielhaus Z\u00fcrich","Theater","Z\u00fcrich"],"articleSection":["Kurz &amp; knackig","Magazin"],"inLanguage":"de","potentialAction":[{"@type":"CommentAction","name":"Comment","target":["https:\/\/www.szenik.eu\/de\/das-schauspielhaus-zuerich-schraenkt-den-vorstellungsbetrieb-auf-50-personen-im-publikum-ein-35499#respond"]}]},{"@type":"WebPage","@id":"https:\/\/www.szenik.eu\/de\/das-schauspielhaus-zuerich-schraenkt-den-vorstellungsbetrieb-auf-50-personen-im-publikum-ein-35499","url":"https:\/\/www.szenik.eu\/de\/das-schauspielhaus-zuerich-schraenkt-den-vorstellungsbetrieb-auf-50-personen-im-publikum-ein-35499","name":"Das Schauspielhaus Z\u00fcrich schr\u00e4nkt den Betrieb ein I szenik","isPartOf":{"@id":"https:\/\/www.szenik.eu\/de\/#website"},"datePublished":"2020-10-29T06:13:02+00:00","dateModified":"2020-10-29T06:13:08+00:00","description":"Dem gestrigen Bundesratsentscheid entsprechend schr\u00e4nkt das Schauspielhaus Z\u00fcrich seinen Vorstellungsbetrieb ein und erlaubt nur noch 50 ZuschauerInnen.","breadcrumb":{"@id":"https:\/\/www.szenik.eu\/de\/das-schauspielhaus-zuerich-schraenkt-den-vorstellungsbetrieb-auf-50-personen-im-publikum-ein-35499#breadcrumb"},"inLanguage":"de","potentialAction":[{"@type":"ReadAction","target":["https:\/\/www.szenik.eu\/de\/das-schauspielhaus-zuerich-schraenkt-den-vorstellungsbetrieb-auf-50-personen-im-publikum-ein-35499"]}]},{"@type":"BreadcrumbList","@id":"https:\/\/www.szenik.eu\/de\/das-schauspielhaus-zuerich-schraenkt-den-vorstellungsbetrieb-auf-50-personen-im-publikum-ein-35499#breadcrumb","itemListElement":[{"@type":"ListItem","position":1,"name":"Home","item":"https:\/\/www.szenik.eu\/de"},{"@type":"ListItem","position":2,"name":"Das Schauspielhaus Z\u00fcrich schr\u00e4nkt den Vorstellungsbetrieb auf 50 Personen im Publikum ein."}]},{"@type":"WebSite","@id":"https:\/\/www.szenik.eu\/de\/#website","url":"https:\/\/www.szenik.eu\/de\/","name":"szenik","description":"Le Meilleur des sc\u00e8nes au coeur de l&#039;Europe","publisher":{"@id":"https:\/\/www.szenik.eu\/de\/#organization"},"potentialAction":[{"@type":"SearchAction","target":{"@type":"EntryPoint","urlTemplate":"https:\/\/www.szenik.eu\/de\/?s={search_term_string}"},"query-input":"required name=search_term_string"}],"inLanguage":"de"},{"@type":"Organization","@id":"https:\/\/www.szenik.eu\/de\/#organization","name":"Szenik","url":"https:\/\/www.szenik.eu\/de\/","logo":{"@type":"ImageObject","inLanguage":"de","@id":"https:\/\/www.szenik.eu\/de\/#\/schema\/logo\/image\/","url":"https:\/\/www.szenik.eu\/wp-content\/uploads\/2019\/07\/logo-square.png","contentUrl":"https:\/\/www.szenik.eu\/wp-content\/uploads\/2019\/07\/logo-square.png","width":512,"height":512,"caption":"Szenik"},"image":{"@id":"https:\/\/www.szenik.eu\/de\/#\/schema\/logo\/image\/"},"sameAs":["https:\/\/www.facebook.com\/szenik.eu\/","https:\/\/twitter.com\/Szenik","https:\/\/www.instagram.com\/szenik_magazine\/","https:\/\/www.youtube.com\/user\/SzenikEU\/"]},{"@type":"Person","@id":"https:\/\/www.szenik.eu\/de\/#\/schema\/person\/15f73f175b41bad194837490339d48fb","name":"szenik","image":{"@type":"ImageObject","inLanguage":"de","@id":"https:\/\/www.szenik.eu\/de\/#\/schema\/person\/image\/","url":"https:\/\/secure.gravatar.com\/avatar\/d1c4f19522a624a4eaa5e6c03e22370b?s=96&d=mm&r=g","contentUrl":"https:\/\/secure.gravatar.com\/avatar\/d1c4f19522a624a4eaa5e6c03e22370b?s=96&d=mm&r=g","caption":"szenik"}}]}},"jetpack_featured_media_url":"https:\/\/www.szenik.eu\/wp-content\/uploads\/2020\/09\/Capture-d\u2019\u00e9cran-2020-09-27-\u00e0-16.24.39.png","amp_enabled":true,"_links":{"self":[{"href":"https:\/\/www.szenik.eu\/de\/wp-json\/\/wp\/v2\/posts\/35499"}],"collection":[{"href":"https:\/\/www.szenik.eu\/de\/wp-json\/\/wp\/v2\/posts"}],"about":[{"href":"https:\/\/www.szenik.eu\/de\/wp-json\/\/wp\/v2\/types\/post"}],"author":[{"embeddable":true,"href":"https:\/\/www.szenik.eu\/de\/wp-json\/\/wp\/v2\/users\/1"}],"replies":[{"embeddable":true,"href":"https:\/\/www.szenik.eu\/de\/wp-json\/\/wp\/v2\/comments?post=35499"}],"version-history":[{"count":2,"href":"https:\/\/www.szenik.eu\/de\/wp-json\/\/wp\/v2\/posts\/35499\/revisions"}],"predecessor-version":[{"id":35501,"href":"https:\/\/www.szenik.eu\/de\/wp-json\/\/wp\/v2\/posts\/35499\/revisions\/35501"}],"wp:featuredmedia":[{"embeddable":true,"href":"https:\/\/www.szenik.eu\/de\/wp-json\/\/wp\/v2\/media\/34499"}],"wp:attachment":[{"href":"https:\/\/www.szenik.eu\/de\/wp-json\/\/wp\/v2\/media?parent=35499"}],"wp:term":[{"taxonomy":"category","embeddable":true,"href":"https:\/\/www.szenik.eu\/de\/wp-json\/\/wp\/v2\/categories?post=35499"},{"taxonomy":"post_tag","embeddable":true,"href":"https:\/\/www.szenik.eu\/de\/wp-json\/\/wp\/v2\/tags?post=35499"}],"curies":[{"name":"wp","href":"https:\/\/api.w.org\/{rel}","templated":true}]}}