{"id":34741,"date":"2020-10-07T10:33:00","date_gmt":"2020-10-07T08:33:00","guid":{"rendered":"https:\/\/www.szenik.eu\/?p=34741\/"},"modified":"2020-10-07T11:09:09","modified_gmt":"2020-10-07T09:09:09","slug":"sasha-waltz-ein-tanzender-koerper-ist-wie-das-oeffnen-der-seele-nach-aussen","status":"publish","type":"post","link":"https:\/\/www.szenik.eu\/de\/sasha-waltz-ein-tanzender-koerper-ist-wie-das-oeffnen-der-seele-nach-aussen-34741","title":{"rendered":"Sasha Waltz: &#8222;Ein tanzender K\u00f6rper ist wie das \u00d6ffnen der Seele nach au\u00dfen.&#8220;"},"content":{"rendered":"\n<h2>Im Rahmen der Auff\u00fchrungen von \u201e<strong><em><a href=\"https:\/\/www.maillon.eu\/de\/spectacle\/466\/allee-der-kosmonauten\" target=\"_blank\" rel=\"noreferrer noopener\" aria-label=\"Allee der Kosmonauten (opens in a new tab)\">Allee der Kosmonauten<\/a><\/em><\/strong>\u201c im Stra\u00dfburger Maillon-Theater hat sich #szenikmag mit der Choreografin <strong>Sasha Waltz<\/strong> unterhalten. Ein Gespr\u00e4ch \u00fcber die Umsetzung dieses Werkes und die Rolle von K\u00fcnstlerInnen in unserer Gesellschaft.&nbsp;<\/h2>\n\n\n\n<div style=\"height:100px\" aria-hidden=\"true\" class=\"wp-block-spacer\"><\/div>\n\n\n\n<p class=\"has-background has-normal-font-size has-pale-cyan-blue-background-color\"><em><strong>szenik: F\u00fcr \u201eAllee der Kosmonauten\u201c haben Sie Interviews mit Bewohnern in Berliner Plattenbauten gef\u00fchrt. Wie war Ihre Vorgehensweise, um nicht in eine Karikatur zu verfallen?<\/strong><\/em><\/p>\n\n\n\n<div style=\"height:20px\" aria-hidden=\"true\" class=\"wp-block-spacer\"><\/div>\n\n\n\n<p><strong>Sasha Waltz<\/strong>: Der Arbeitsprozess war insofern ungew\u00f6hnlich, weil es sich eigentlich um eine <strong>Sozialstudie <\/strong>handelte. Es hat ungef\u00e4hr ein Jahr gedauert, um \u00fcberhaupt erstmal mit den Bewohnern in Kontakt zu treten und diese zu \u00fcberreden Interviews zu f\u00fchren.&nbsp;<\/p>\n\n\n\n<p><strong>1995 habe ich die Studie begonnen; 1996 kam das St\u00fcck heraus<\/strong>. Eine solche Studie f\u00fcnf Jahre nach der Wiedervereinigung zu f\u00fchren, stie\u00df auf gro\u00dfe Skepsis und Widerstand. Erst der Zugang zu einer Familie hat tats\u00e4chlich f\u00fcr weitere offene T\u00fcren gesorgt. In diesen Plattenbauten herrschte zu der Zeit ein gro\u00dfes Gemeinschaftsgef\u00fchl; man kannte sich untereinander.&nbsp;<\/p>\n\n\n\n<p>Ich habe viel Zeit mit den Interviews verbracht und im Anschluss daran habe ich mit dem New Yorker Videofilmer&nbsp;<strong>Elliot Caplan<\/strong> Videos gedreht. Er hat zum Beispiel die Wohnungen der Interviewpartner aufgenommen. Dieses dokumentarische Videomaterial ist auch in \u201e<em>Allee der Kosmonauten<\/em>\u201c zu sehen und hat aus heutiger Sicht schon fast einen historischen Charakter.&nbsp;<\/p>\n\n\n\n<div style=\"height:46px\" aria-hidden=\"true\" class=\"wp-block-spacer\"><\/div>\n\n\n\n<figure class=\"wp-block-image size-large\"><img decoding=\"async\" loading=\"lazy\" width=\"1024\" height=\"682\" src=\"https:\/\/www.szenik.eu\/wp-content\/uploads\/2020\/10\/Allee-der-Kosmonauten_Sasha-Waltz_Ensemble1_\u00a9Eva-Raduenzel-1024x682.jpg\" alt=\"Allee der Kosmonauten_Sasha Waltz_Ensemble1_\u00a9Eva Raduenzel\" class=\"wp-image-34742\" srcset=\"https:\/\/www.szenik.eu\/wp-content\/uploads\/2020\/10\/Allee-der-Kosmonauten_Sasha-Waltz_Ensemble1_\u00a9Eva-Raduenzel-1024x682.jpg 1024w, https:\/\/www.szenik.eu\/wp-content\/uploads\/2020\/10\/Allee-der-Kosmonauten_Sasha-Waltz_Ensemble1_\u00a9Eva-Raduenzel-300x200.jpg 300w, https:\/\/www.szenik.eu\/wp-content\/uploads\/2020\/10\/Allee-der-Kosmonauten_Sasha-Waltz_Ensemble1_\u00a9Eva-Raduenzel-768x512.jpg 768w, https:\/\/www.szenik.eu\/wp-content\/uploads\/2020\/10\/Allee-der-Kosmonauten_Sasha-Waltz_Ensemble1_\u00a9Eva-Raduenzel-1536x1024.jpg 1536w, https:\/\/www.szenik.eu\/wp-content\/uploads\/2020\/10\/Allee-der-Kosmonauten_Sasha-Waltz_Ensemble1_\u00a9Eva-Raduenzel-2048x1365.jpg 2048w, https:\/\/www.szenik.eu\/wp-content\/uploads\/2020\/10\/Allee-der-Kosmonauten_Sasha-Waltz_Ensemble1_\u00a9Eva-Raduenzel-750x500.jpg 750w, https:\/\/www.szenik.eu\/wp-content\/uploads\/2020\/10\/Allee-der-Kosmonauten_Sasha-Waltz_Ensemble1_\u00a9Eva-Raduenzel-1140x760.jpg 1140w\" sizes=\"(max-width: 1024px) 100vw, 1024px\" \/><figcaption>Foto: Eva Raduenzel<\/figcaption><\/figure>\n\n\n\n<div style=\"height:44px\" aria-hidden=\"true\" class=\"wp-block-spacer\"><\/div>\n\n\n\n<p>Wir haben zudem sehr viele Au\u00dfenaufnahmen von dem Gel\u00e4nde in Marzahn gemacht. Dieser ganze sozialistische Plattenbau basiert ja auf einer<strong> utopischen Idee<\/strong> des neuen und bezahlbaren Wohnens. Den BewohnerInnen standen hier zum Beispiel auch ein Schwimmbad, eine Kegelbahn und Gr\u00fcnfl\u00e4chen zur Verf\u00fcgung.&nbsp;<\/p>\n\n\n\n<p>Mit der Umsetzung habe ich mich daher auch nicht so einfach getan. Die Fragen nach der Form und der Erz\u00e4hlweise haben eine wichtige Rolle gespielt. Die Interviews dienten als Fundament eines Nachdenkens dar\u00fcber, <strong>wie Zusammenleben funktioniert<\/strong>. Das Gleiche habe ich mit meinen T\u00e4nzerInnen entwickelt (die aus sechs verschiedenen L\u00e4ndern kommen), sodass wir auch aus eigenen erlebten Geschichten sch\u00f6pfen konnten. So entstand daraus eine fiktive Familie mit den Charakteren, die uns dann auf der B\u00fchne fragmentarisch ein Zusammenleben erz\u00e4hlen.&nbsp;<\/p>\n\n\n\n<p>Der Begriff der Karikatur ist dahingehend nicht so unstimmig, da ich diese Familie sehr stark stilisiere. Es ist schon eine Entfremdung oder \u00dcberh\u00f6hung, aber es finden sich darin sehr <strong>viel Liebe, ein kleines Schmunzeln und etwas Selbstkritik<\/strong> wieder. Diese Familie steht f\u00fcr viele Familien.&nbsp;<\/p>\n\n\n\n<div style=\"height:48px\" aria-hidden=\"true\" class=\"wp-block-spacer\"><\/div>\n\n\n\n<p class=\"has-background has-pale-cyan-blue-background-color\"><strong><em>Eine Familie bildet etwas Ganzes und hat ihre Eigenheiten. Hin-und wieder scheut man sich etwas vor seinen Eltern oder Geschwistern kundzutun. Sind Sie in Ihren Interviews auf solche Hemmungen gesto\u00dfen?&nbsp;<\/em><\/strong><\/p>\n\n\n\n<div style=\"height:20px\" aria-hidden=\"true\" class=\"wp-block-spacer\"><\/div>\n\n\n\n<p><strong>S. W.<\/strong>: Zugang hinter die verschlossenen T\u00fcren zu bekommen war tats\u00e4chlich schwierig. Viele haben die Interviews am Anfang klar und deutlich abgelehnt (\u201evor allem nicht mit jemandem aus dem Westen!\u201c). Die Interviews, die ich sp\u00e4ter gef\u00fchrt habe fanden meistens im Beisein der ganzen Familie statt. Ich bin da auch ganz offen herangegangen und habe das Gespr\u00e4ch sich entwickeln lassen. Um Vertrauen zu bekommen musste man nat\u00fcrlich auch von sich erz\u00e4hlen und sich \u00f6ffnen.&nbsp;<\/p>\n\n\n\n<div style=\"height:39px\" aria-hidden=\"true\" class=\"wp-block-spacer\"><\/div>\n\n\n\n<figure class=\"wp-block-image size-large\"><img decoding=\"async\" loading=\"lazy\" width=\"1024\" height=\"683\" src=\"https:\/\/www.szenik.eu\/wp-content\/uploads\/2020\/10\/Allee-der-Kosmonauten_Sasha-Waltz_Agelina-Gouvi_Juan-Kruz-Diaz-de-Garaio-Esnaola_\u00a9Eva-Raduenzel-1024x683.jpg\" alt=\"\" class=\"wp-image-34744\" srcset=\"https:\/\/www.szenik.eu\/wp-content\/uploads\/2020\/10\/Allee-der-Kosmonauten_Sasha-Waltz_Agelina-Gouvi_Juan-Kruz-Diaz-de-Garaio-Esnaola_\u00a9Eva-Raduenzel-1024x683.jpg 1024w, https:\/\/www.szenik.eu\/wp-content\/uploads\/2020\/10\/Allee-der-Kosmonauten_Sasha-Waltz_Agelina-Gouvi_Juan-Kruz-Diaz-de-Garaio-Esnaola_\u00a9Eva-Raduenzel-300x200.jpg 300w, https:\/\/www.szenik.eu\/wp-content\/uploads\/2020\/10\/Allee-der-Kosmonauten_Sasha-Waltz_Agelina-Gouvi_Juan-Kruz-Diaz-de-Garaio-Esnaola_\u00a9Eva-Raduenzel-768x512.jpg 768w, https:\/\/www.szenik.eu\/wp-content\/uploads\/2020\/10\/Allee-der-Kosmonauten_Sasha-Waltz_Agelina-Gouvi_Juan-Kruz-Diaz-de-Garaio-Esnaola_\u00a9Eva-Raduenzel-1536x1024.jpg 1536w, https:\/\/www.szenik.eu\/wp-content\/uploads\/2020\/10\/Allee-der-Kosmonauten_Sasha-Waltz_Agelina-Gouvi_Juan-Kruz-Diaz-de-Garaio-Esnaola_\u00a9Eva-Raduenzel-2048x1365.jpg 2048w, https:\/\/www.szenik.eu\/wp-content\/uploads\/2020\/10\/Allee-der-Kosmonauten_Sasha-Waltz_Agelina-Gouvi_Juan-Kruz-Diaz-de-Garaio-Esnaola_\u00a9Eva-Raduenzel-750x500.jpg 750w, https:\/\/www.szenik.eu\/wp-content\/uploads\/2020\/10\/Allee-der-Kosmonauten_Sasha-Waltz_Agelina-Gouvi_Juan-Kruz-Diaz-de-Garaio-Esnaola_\u00a9Eva-Raduenzel-1140x760.jpg 1140w\" sizes=\"(max-width: 1024px) 100vw, 1024px\" \/><figcaption>Foto: Eva Raduenzel<\/figcaption><\/figure>\n\n\n\n<div style=\"height:42px\" aria-hidden=\"true\" class=\"wp-block-spacer\"><\/div>\n\n\n\n<p>In einer Wohnung lebten zum Beispiel drei Generationen einer Familie. Die Tochter war ungef\u00e4hr 20 Jahre und erkl\u00e4rte mir keinen Grund in der Suche nach einer Arbeitsstelle zu sehen, da das Arbeitsamt ihr mehr bezahle&#8230; Ich war auch dabei als diese Familie einen neuen Staubsauger, der f\u00fcr sie fast den Stellenwert eines Porsches hatte, geliefert bekam. Die Mutter erz\u00e4hlte mir daraufhin sehr lange von den Qualit\u00e4ten dieses Ger\u00e4ts.&nbsp;<\/p>\n\n\n\n<p>Der Innenraum hat mich ebenfalls f\u00fcr diese Studie interessiert. In diesen Plattenbauten gleichen sich im Allgemeinen die Wohnungen in ihren R\u00e4umlichkeiten und Strukturen, doch durch die unterschiedlichen Lebensweisen und \u00c4sthetik formuliert sich der Wohnraum neu.&nbsp;&nbsp;<\/p>\n\n\n\n<div style=\"height:39px\" aria-hidden=\"true\" class=\"wp-block-spacer\"><\/div>\n\n\n\n<p class=\"has-background has-pale-cyan-blue-background-color\"><strong><em>Wieviel Aktualit\u00e4t findet sich noch in dem St\u00fcck wieder?<\/em><\/strong><\/p>\n\n\n\n<div style=\"height:20px\" aria-hidden=\"true\" class=\"wp-block-spacer\"><\/div>\n\n\n\n<p><strong>S. W.:<\/strong> Es ist ein <strong>zeitloses St\u00fcck<\/strong>, obwohl es heute schon wie ein Zeitdokument wirkt. Da es sich aber um eine Familie handelt verliert es nicht an Allgemeing\u00fcltigkeit. Vielleicht ver\u00e4ndert sich der Charakter des St\u00fccks in den kommenden 30 Jahren (<em>lacht<\/em>). Ich habe das Gef\u00fchl, dass es uns immer noch viel erz\u00e4hlt, da es von einer Familie im Allgemeinen spricht und somit auch aus der Zeit f\u00e4llt.&nbsp;<\/p>\n\n\n\n<div style=\"height:44px\" aria-hidden=\"true\" class=\"wp-block-spacer\"><\/div>\n\n\n\n<p class=\"has-background has-pale-cyan-blue-background-color\"><strong><em>Wieviel eigene Erfahrungen, von Ihnen und den T\u00e4nzerInnen, steckt in \u201eAllee der Kosmonauten\u201c?&nbsp;<\/em><\/strong><\/p>\n\n\n\n<div style=\"height:20px\" aria-hidden=\"true\" class=\"wp-block-spacer\"><\/div>\n\n\n\n<p><strong>S. W.:<\/strong> \u201e<em>Allee der Kosmonauten<\/em>\u201c beruht auf viel Fantasie. Ich habe das Thema sehr \u00fcberspitzt und auch meine eigenen Familienerfahrungen, \u00c4ngste und Vorurteile einflie\u00dfen lassen. Viele Elemente finden sich in diesem St\u00fcck wieder; sowohl der Dialog mit den T\u00e4nzerInnen als auch meine eigene Geschichte und die dieser Menschen.&nbsp;<\/p>\n\n\n\n<div style=\"height:37px\" aria-hidden=\"true\" class=\"wp-block-spacer\"><\/div>\n\n\n\n<figure class=\"wp-block-image size-large\"><img decoding=\"async\" loading=\"lazy\" width=\"1024\" height=\"682\" src=\"https:\/\/www.szenik.eu\/wp-content\/uploads\/2020\/10\/Allee-der-Kosmonauten_Sasha-Waltz_Ensemble2_\u00a9Eva-Raduenzel-1024x682.jpg\" alt=\"\" class=\"wp-image-34746\" srcset=\"https:\/\/www.szenik.eu\/wp-content\/uploads\/2020\/10\/Allee-der-Kosmonauten_Sasha-Waltz_Ensemble2_\u00a9Eva-Raduenzel-1024x682.jpg 1024w, https:\/\/www.szenik.eu\/wp-content\/uploads\/2020\/10\/Allee-der-Kosmonauten_Sasha-Waltz_Ensemble2_\u00a9Eva-Raduenzel-300x200.jpg 300w, https:\/\/www.szenik.eu\/wp-content\/uploads\/2020\/10\/Allee-der-Kosmonauten_Sasha-Waltz_Ensemble2_\u00a9Eva-Raduenzel-768x512.jpg 768w, https:\/\/www.szenik.eu\/wp-content\/uploads\/2020\/10\/Allee-der-Kosmonauten_Sasha-Waltz_Ensemble2_\u00a9Eva-Raduenzel-1536x1024.jpg 1536w, https:\/\/www.szenik.eu\/wp-content\/uploads\/2020\/10\/Allee-der-Kosmonauten_Sasha-Waltz_Ensemble2_\u00a9Eva-Raduenzel-2048x1365.jpg 2048w, https:\/\/www.szenik.eu\/wp-content\/uploads\/2020\/10\/Allee-der-Kosmonauten_Sasha-Waltz_Ensemble2_\u00a9Eva-Raduenzel-750x500.jpg 750w, https:\/\/www.szenik.eu\/wp-content\/uploads\/2020\/10\/Allee-der-Kosmonauten_Sasha-Waltz_Ensemble2_\u00a9Eva-Raduenzel-1140x760.jpg 1140w\" sizes=\"(max-width: 1024px) 100vw, 1024px\" \/><figcaption>Foto: Eva Raduenzel<\/figcaption><\/figure>\n\n\n\n<div style=\"height:41px\" aria-hidden=\"true\" class=\"wp-block-spacer\"><\/div>\n\n\n\n<p>Mittlerweile tanzt schon die zweite Generation dieses St\u00fcck, bis auf <strong>Takako Suzuki <\/strong>und&nbsp;<strong>Juan Kruz Diaz de Garaio Esnaola<\/strong>, die immer noch ihre Charaktere interpretieren.&nbsp;<\/p>\n\n\n\n<div style=\"height:45px\" aria-hidden=\"true\" class=\"wp-block-spacer\"><\/div>\n\n\n\n<p class=\"has-background has-pale-cyan-blue-background-color\"><strong><em>Es ist sicher interessant zu sehen, wie sich die K\u00f6rper der zwei T\u00e4nzerInnen \u00fcber die Zeit ver\u00e4ndert haben und diese die Choreografie wiedergeben?&nbsp;<\/em><\/strong><\/p>\n\n\n\n<div style=\"height:20px\" aria-hidden=\"true\" class=\"wp-block-spacer\"><\/div>\n\n\n\n<p><strong>S. W.<\/strong>: Ja, auf jeden Fall. Es ist auch ein hoch energetisches und schnell geschnittenes St\u00fcck. Tats\u00e4chlich war das f\u00fcr manche T\u00e4nzerInnen nicht mehr in dieser Form machbar. F\u00fcr die zwei Rollen, die immer noch mit dabei sind und die Eltern spielen, ist es sehr spannend, da sie praktisch in dem St\u00fcck altern. Dadurch bekommt es nochmal eine andere Tiefe und <strong>es entsteht ein richtiges Generationsgef\u00fchl auf der B\u00fchne<\/strong>. <\/p>\n\n\n\n<p>Oft ist das im Tanz&nbsp;&nbsp;nicht der Fall, da die meisten T\u00e4nzerInnen zwischen 20 und 30 Jahre alt sind. Dies ist auch ein Punkt, der mich in den letzten Jahren immer mehr interessiert hat, da ich sehr lange mit den gleichen T\u00e4nzerInnen arbeite (zwischen 20 und 60 Jahren) und ich so auch wirklich <strong>ein Bild einer Gesellschaft zeichnen<\/strong> kann.&nbsp;<\/p>\n\n\n\n<div style=\"height:35px\" aria-hidden=\"true\" class=\"wp-block-spacer\"><\/div>\n\n\n\n<figure class=\"wp-block-embed-youtube aligncenter wp-block-embed is-type-video is-provider-youtube wp-embed-aspect-16-9 wp-has-aspect-ratio\"><div class=\"wp-block-embed__wrapper\">\n<iframe loading=\"lazy\" title=\"Allee Der Kosmonauten\" width=\"500\" height=\"281\" src=\"https:\/\/www.youtube.com\/embed\/kkUodq6TkRM?feature=oembed\" frameborder=\"0\" allow=\"accelerometer; autoplay; clipboard-write; encrypted-media; gyroscope; picture-in-picture\" allowfullscreen><\/iframe>\n<\/div><figcaption>Trailer &#8222;Allee der Kosmonauten&#8220;<\/figcaption><\/figure>\n\n\n\n<div style=\"height:48px\" aria-hidden=\"true\" class=\"wp-block-spacer\"><\/div>\n\n\n\n<p class=\"has-background has-pale-cyan-blue-background-color\"><strong><em>Welchen Platz hat die Welt im Allgemeinen in Ihren Choreografien?&nbsp;<\/em><\/strong><\/p>\n\n\n\n<div style=\"height:37px\" aria-hidden=\"true\" class=\"wp-block-spacer\"><\/div>\n\n\n\n<p><strong><em>&nbsp;<\/em>S. W.:<\/strong> Ich w\u00fcrde meine fr\u00fchen Werke schon als sozialrealistische St\u00fccke bezeichnen. Es ging dabei immer um Untersuchungen von kleineren Gruppen und das hat sich im Laufe der Zeit nur erweitert. Mit der Gr\u00f6\u00dfe der Gruppe \u00e4nderten sich auch die Umst\u00e4nde.&nbsp;Dann gab es eine Phase, in der ich mich eher abstrakten und philosophischen Fragen zugewendet habe.&nbsp;<\/p>\n\n\n\n<p>Daraufhin kam ich schnell wieder zu politischen und gesellschaftlichen Themen, da sie mich sehr interessieren und ich diese verarbeiten, diskutieren m\u00f6chte. \u201e<strong>Wie k\u00f6nnen solche Themen k\u00f6rperlich umgesetzt werden?<\/strong>\u201c, ist ein Gedanke, der mich sehr besch\u00e4ftigt. Dabei geht es vielmehr darum einen Ausdruck, und weniger eine Antwort, zu finden.<\/p>\n\n\n\n<div style=\"height:40px\" aria-hidden=\"true\" class=\"wp-block-spacer\"><\/div>\n\n\n\n<figure class=\"wp-block-image size-large\"><img decoding=\"async\" loading=\"lazy\" width=\"1024\" height=\"658\" src=\"https:\/\/www.szenik.eu\/wp-content\/uploads\/2020\/10\/Capture-d\u2019\u00e9cran-2020-10-06-\u00e0-18.14.56-1024x658.png\" alt=\"\" class=\"wp-image-34774\" srcset=\"https:\/\/www.szenik.eu\/wp-content\/uploads\/2020\/10\/Capture-d\u2019\u00e9cran-2020-10-06-\u00e0-18.14.56-1024x658.png 1024w, https:\/\/www.szenik.eu\/wp-content\/uploads\/2020\/10\/Capture-d\u2019\u00e9cran-2020-10-06-\u00e0-18.14.56-300x193.png 300w, https:\/\/www.szenik.eu\/wp-content\/uploads\/2020\/10\/Capture-d\u2019\u00e9cran-2020-10-06-\u00e0-18.14.56-768x494.png 768w, https:\/\/www.szenik.eu\/wp-content\/uploads\/2020\/10\/Capture-d\u2019\u00e9cran-2020-10-06-\u00e0-18.14.56-750x482.png 750w, https:\/\/www.szenik.eu\/wp-content\/uploads\/2020\/10\/Capture-d\u2019\u00e9cran-2020-10-06-\u00e0-18.14.56.png 1087w\" sizes=\"(max-width: 1024px) 100vw, 1024px\" \/><figcaption>&#8222;Gezeiten&#8220; von Sasha Waltz I Foto: Gert Weigelt<\/figcaption><\/figure>\n\n\n\n<div style=\"height:46px\" aria-hidden=\"true\" class=\"wp-block-spacer\"><\/div>\n\n\n\n<p>In meiner Arbeit ist dies ein durchg\u00e4ngiger roter Faden, der manchmal auch ganz bewusst angesprochen wird. Zum Beispiel in \u201e<em>Gezeiten<\/em>\u201c; einem St\u00fcck, in dem ich mich mit Umweltkatastrophen und Traumata, die sich daraus ergeben, besch\u00e4ftigt habe.&nbsp;<\/p>\n\n\n\n<p>In den letzten f\u00fcnf Jahren habe ich auch damit begonnen, eine ganz spezifische Reihe zu entwickeln, die \u00fcber das St\u00fcck selbst hinausgeht. Das Projekt nennt sich \u201e<em>Zuh\u00f6ren<\/em>\u201c und war eigentlich eine Reaktion auf die Fl\u00fcchtlingskrise im Jahr 2015. <strong>Ich finde, dass wir als K\u00fcnstler viel aktiver und st\u00e4rker mit unseren Erfahrungen, Werkzeugen und M\u00f6glichkeiten auch in die Gesellschaft wirken und ihr beistehen k\u00f6nnen<\/strong>. So habe ich in der Zeit Workshops f\u00fcr unbegleitete Minderj\u00e4hrige ins Leben gerufen und einen Begegnungsraum geschaffen, in dem ein Austausch und Kunst stattfinden k\u00f6nnen. (<em>Das Projekt<\/em>&nbsp;<em>\u201eZuh\u00f6ren\u201c findet seit 2015 j\u00e4hrlich statt.<\/em>)<\/p>\n\n\n\n<div style=\"height:39px\" aria-hidden=\"true\" class=\"wp-block-spacer\"><\/div>\n\n\n\n<figure class=\"wp-block-image size-large\"><img decoding=\"async\" loading=\"lazy\" width=\"1002\" height=\"707\" src=\"https:\/\/www.szenik.eu\/wp-content\/uploads\/2020\/10\/Capture-d\u2019\u00e9cran-2020-10-06-\u00e0-18.12.29.png\" alt=\"\" class=\"wp-image-34771\" srcset=\"https:\/\/www.szenik.eu\/wp-content\/uploads\/2020\/10\/Capture-d\u2019\u00e9cran-2020-10-06-\u00e0-18.12.29.png 1002w, https:\/\/www.szenik.eu\/wp-content\/uploads\/2020\/10\/Capture-d\u2019\u00e9cran-2020-10-06-\u00e0-18.12.29-300x212.png 300w, https:\/\/www.szenik.eu\/wp-content\/uploads\/2020\/10\/Capture-d\u2019\u00e9cran-2020-10-06-\u00e0-18.12.29-768x542.png 768w, https:\/\/www.szenik.eu\/wp-content\/uploads\/2020\/10\/Capture-d\u2019\u00e9cran-2020-10-06-\u00e0-18.12.29-120x86.png 120w, https:\/\/www.szenik.eu\/wp-content\/uploads\/2020\/10\/Capture-d\u2019\u00e9cran-2020-10-06-\u00e0-18.12.29-750x529.png 750w\" sizes=\"(max-width: 1002px) 100vw, 1002px\" \/><figcaption>Dabke Community Dancing im Rahmen von Zuh\u00f6ren I Foto: Jason Kr\u00fcger <\/figcaption><\/figure>\n\n\n\n<div style=\"height:39px\" aria-hidden=\"true\" class=\"wp-block-spacer\"><\/div>\n\n\n\n<p class=\"has-background has-pale-cyan-blue-background-color\"><strong><em>Was kann ein K\u00f6rper, dass Worte nicht ausdr\u00fccken k\u00f6nnen? Vor allem wenn es um soziale oder politische Fragen geht?&nbsp;<\/em><\/strong><\/p>\n\n\n\n<div style=\"height:38px\" aria-hidden=\"true\" class=\"wp-block-spacer\"><\/div>\n\n\n\n<p><strong><em>&nbsp;<\/em>S. W.:<\/strong> Ich glaube im K\u00f6rper schwingen sehr viele unterschwellige Gef\u00fchlszust\u00e4nde. Atmosph\u00e4ren k\u00f6nnen viel st\u00e4rker ausgedr\u00fcckt werden. Gerade wenn es um \u00c4ngste, Verluste, Verarbeitung von Traumata oder undefinierte Stimmungsbilder geht. Solche Bilder sind aber manchmal auch in einer Gesellschaft beheimatet, zum Beispiel diese ganze schwelende Bedrohung, die nach den Anschl\u00e4gen des 9. Septembers herrschte. Da konnte der K\u00f6rper viel deutlicher Form geben, weil es so unspezifisch war. Ich glaube daf\u00fcr ist der K\u00f6rper wirklich ein gutes Medium.<\/p>\n\n\n\n<p>Es ist wie<strong> ein \u00d6ffnen der Seele nach au\u00dfen<\/strong>, also ins Physische, Materielle.&nbsp;<\/p>\n\n\n\n<div style=\"height:100px\" aria-hidden=\"true\" class=\"wp-block-spacer\"><\/div>\n\n\n\n<p class=\"has-background has-text-align-center has-medium-font-size has-pale-pink-background-color\">&#8222;<em>Allee der Kosmonauten<\/em>&#8220; von <strong><a href=\"https:\/\/www.sashawaltz.de\" target=\"_blank\" rel=\"noreferrer noopener\" aria-label=\"Sasha Waltz &amp; Guests (opens in a new tab)\">Sasha Waltz &amp; Guests<\/a><\/strong> vom 14. bis 17. Oktober 2020 im Maillon-Theater in Stra\u00dfburg.<br><strong><em><a rel=\"noreferrer noopener\" aria-label=\"Informationen zu den Vorstellungen auf szenik.eu. (opens in a new tab)\" href=\"https:\/\/www.szenik.eu\/de\/event\/allee-der-kosmonauten\" target=\"_blank\">Informationen zu den Vorstellungen auf szenik.eu.<\/a><\/em><\/strong><\/p>\n\n\n\n<div style=\"height:100px\" aria-hidden=\"true\" class=\"wp-block-spacer\"><\/div>\n\n\n\n<p class=\"has-small-font-size\">Interview: j. lippmann<br>Am 6.10.2020. Das Gespr\u00e4ch wurde per Telefon gef\u00fchrt.<br>Portr\u00e4tfoto: Andr\u00e9 Rival <\/p>\n\n\n\n<div style=\"height:48px\" aria-hidden=\"true\" class=\"wp-block-spacer\"><\/div>\n","protected":false},"excerpt":{"rendered":"<p>Im Rahmen der Auff\u00fchrungen von \u201eAllee der Kosmonauten\u201c im Stra\u00dfburger Maillon-Theater hat sich #szenikmag mit der Choreografin Sasha Waltz unterhalten. Ein Gespr\u00e4ch \u00fcber die Umsetzung dieses Werkes und die Rolle von K\u00fcnstlerInnen in unserer Gesellschaft.&nbsp; szenik: F\u00fcr \u201eAllee der Kosmonauten\u201c haben Sie Interviews mit Bewohnern in Berliner Plattenbauten gef\u00fchrt. Wie war Ihre Vorgehensweise, um nicht [&hellip;]<\/p>\n","protected":false},"author":1,"featured_media":34769,"comment_status":"open","ping_status":"open","sticky":false,"template":"","format":"standard","meta":{"_monsterinsights_skip_tracking":false,"_monsterinsights_sitenote_active":false,"_monsterinsights_sitenote_note":"","_monsterinsights_sitenote_category":0},"categories":[53,73],"tags":[2672,9203,9204,2656,2161],"yoast_head":"<!-- This site is optimized with the Yoast SEO plugin v20.5 - https:\/\/yoast.com\/wordpress\/plugins\/seo\/ -->\n<title>Interview #szenikmag mit der Choreografin Sasha Waltz I szenik<\/title>\n<meta name=\"description\" content=\"Im Rahmen der Auff\u00fchrungen von \u201eAllee der Kosmonauten\u201c im Stra\u00dfburger Maillon-Theater hat sich szenik mit der Choreografin Sasha Waltz unterhalten.\" \/>\n<meta name=\"robots\" content=\"index, follow, max-snippet:-1, max-image-preview:large, max-video-preview:-1\" \/>\n<link rel=\"canonical\" href=\"https:\/\/www.szenik.eu\/de\/sasha-waltz-ein-tanzender-koerper-ist-wie-das-oeffnen-der-seele-nach-aussen-34741\" \/>\n<meta property=\"og:locale\" content=\"de_DE\" \/>\n<meta property=\"og:type\" content=\"article\" \/>\n<meta property=\"og:title\" content=\"Interview #szenikmag mit der Choreografin Sasha Waltz I szenik\" \/>\n<meta property=\"og:description\" content=\"Im Rahmen der Auff\u00fchrungen von \u201eAllee der Kosmonauten\u201c im Stra\u00dfburger Maillon-Theater hat sich szenik mit der Choreografin Sasha Waltz unterhalten.\" \/>\n<meta property=\"og:url\" content=\"https:\/\/www.szenik.eu\/de\/sasha-waltz-ein-tanzender-koerper-ist-wie-das-oeffnen-der-seele-nach-aussen-34741\" \/>\n<meta property=\"og:site_name\" content=\"szenik\" \/>\n<meta property=\"article:publisher\" content=\"https:\/\/www.facebook.com\/szenik.eu\/\" \/>\n<meta property=\"article:published_time\" content=\"2020-10-07T08:33:00+00:00\" \/>\n<meta property=\"article:modified_time\" content=\"2020-10-07T09:09:09+00:00\" \/>\n<meta property=\"og:image\" content=\"https:\/\/www.szenik.eu\/wp-content\/uploads\/2020\/10\/Capture-d\u2019\u00e9cran-2020-10-06-\u00e0-16.45.08.png\" \/>\n\t<meta property=\"og:image:width\" content=\"1122\" \/>\n\t<meta property=\"og:image:height\" content=\"665\" \/>\n\t<meta property=\"og:image:type\" content=\"image\/png\" \/>\n<meta name=\"author\" content=\"szenik\" \/>\n<meta name=\"twitter:card\" content=\"summary_large_image\" \/>\n<meta name=\"twitter:creator\" content=\"@Szenik\" \/>\n<meta name=\"twitter:site\" content=\"@Szenik\" \/>\n<meta name=\"twitter:label1\" content=\"Verfasst von\" \/>\n\t<meta name=\"twitter:data1\" content=\"szenik\" \/>\n\t<meta name=\"twitter:label2\" content=\"Gesch\u00e4tzte Lesezeit\" \/>\n\t<meta name=\"twitter:data2\" content=\"7\u00a0Minuten\" \/>\n<script type=\"application\/ld+json\" class=\"yoast-schema-graph\">{\"@context\":\"https:\/\/schema.org\",\"@graph\":[{\"@type\":\"Article\",\"@id\":\"https:\/\/www.szenik.eu\/de\/sasha-waltz-ein-tanzender-koerper-ist-wie-das-oeffnen-der-seele-nach-aussen-34741#article\",\"isPartOf\":{\"@id\":\"https:\/\/www.szenik.eu\/de\/sasha-waltz-ein-tanzender-koerper-ist-wie-das-oeffnen-der-seele-nach-aussen-34741\"},\"author\":{\"name\":\"szenik\",\"@id\":\"https:\/\/www.szenik.eu\/de\/#\/schema\/person\/15f73f175b41bad194837490339d48fb\"},\"headline\":\"Sasha Waltz: &#8222;Ein tanzender K\u00f6rper ist wie das \u00d6ffnen der Seele nach au\u00dfen.&#8220;\",\"datePublished\":\"2020-10-07T08:33:00+00:00\",\"dateModified\":\"2020-10-07T09:09:09+00:00\",\"mainEntityOfPage\":{\"@id\":\"https:\/\/www.szenik.eu\/de\/sasha-waltz-ein-tanzender-koerper-ist-wie-das-oeffnen-der-seele-nach-aussen-34741\"},\"wordCount\":1471,\"commentCount\":0,\"publisher\":{\"@id\":\"https:\/\/www.szenik.eu\/de\/#organization\"},\"keywords\":[\"Maillon\",\"Sasha Waltz\",\"Sasha Waltz &amp; Guests\",\"strasbourg\",\"Tanz\"],\"articleSection\":[\"Magazin\",\"Portr\u00e4ts und Gespr\u00e4che\"],\"inLanguage\":\"de\",\"potentialAction\":[{\"@type\":\"CommentAction\",\"name\":\"Comment\",\"target\":[\"https:\/\/www.szenik.eu\/de\/sasha-waltz-ein-tanzender-koerper-ist-wie-das-oeffnen-der-seele-nach-aussen-34741#respond\"]}]},{\"@type\":\"WebPage\",\"@id\":\"https:\/\/www.szenik.eu\/de\/sasha-waltz-ein-tanzender-koerper-ist-wie-das-oeffnen-der-seele-nach-aussen-34741\",\"url\":\"https:\/\/www.szenik.eu\/de\/sasha-waltz-ein-tanzender-koerper-ist-wie-das-oeffnen-der-seele-nach-aussen-34741\",\"name\":\"Interview #szenikmag mit der Choreografin Sasha Waltz I szenik\",\"isPartOf\":{\"@id\":\"https:\/\/www.szenik.eu\/de\/#website\"},\"datePublished\":\"2020-10-07T08:33:00+00:00\",\"dateModified\":\"2020-10-07T09:09:09+00:00\",\"description\":\"Im Rahmen der Auff\u00fchrungen von \u201eAllee der Kosmonauten\u201c im Stra\u00dfburger Maillon-Theater hat sich szenik mit der Choreografin Sasha Waltz unterhalten.\",\"breadcrumb\":{\"@id\":\"https:\/\/www.szenik.eu\/de\/sasha-waltz-ein-tanzender-koerper-ist-wie-das-oeffnen-der-seele-nach-aussen-34741#breadcrumb\"},\"inLanguage\":\"de\",\"potentialAction\":[{\"@type\":\"ReadAction\",\"target\":[\"https:\/\/www.szenik.eu\/de\/sasha-waltz-ein-tanzender-koerper-ist-wie-das-oeffnen-der-seele-nach-aussen-34741\"]}]},{\"@type\":\"BreadcrumbList\",\"@id\":\"https:\/\/www.szenik.eu\/de\/sasha-waltz-ein-tanzender-koerper-ist-wie-das-oeffnen-der-seele-nach-aussen-34741#breadcrumb\",\"itemListElement\":[{\"@type\":\"ListItem\",\"position\":1,\"name\":\"Home\",\"item\":\"https:\/\/www.szenik.eu\/de\"},{\"@type\":\"ListItem\",\"position\":2,\"name\":\"Sasha Waltz: &#8222;Ein tanzender K\u00f6rper ist wie das \u00d6ffnen der Seele nach au\u00dfen.&#8220;\"}]},{\"@type\":\"WebSite\",\"@id\":\"https:\/\/www.szenik.eu\/de\/#website\",\"url\":\"https:\/\/www.szenik.eu\/de\/\",\"name\":\"szenik\",\"description\":\"Le Meilleur des sc\u00e8nes au coeur de l&#039;Europe\",\"publisher\":{\"@id\":\"https:\/\/www.szenik.eu\/de\/#organization\"},\"potentialAction\":[{\"@type\":\"SearchAction\",\"target\":{\"@type\":\"EntryPoint\",\"urlTemplate\":\"https:\/\/www.szenik.eu\/de\/?s={search_term_string}\"},\"query-input\":\"required name=search_term_string\"}],\"inLanguage\":\"de\"},{\"@type\":\"Organization\",\"@id\":\"https:\/\/www.szenik.eu\/de\/#organization\",\"name\":\"Szenik\",\"url\":\"https:\/\/www.szenik.eu\/de\/\",\"logo\":{\"@type\":\"ImageObject\",\"inLanguage\":\"de\",\"@id\":\"https:\/\/www.szenik.eu\/de\/#\/schema\/logo\/image\/\",\"url\":\"https:\/\/www.szenik.eu\/wp-content\/uploads\/2019\/07\/logo-square.png\",\"contentUrl\":\"https:\/\/www.szenik.eu\/wp-content\/uploads\/2019\/07\/logo-square.png\",\"width\":512,\"height\":512,\"caption\":\"Szenik\"},\"image\":{\"@id\":\"https:\/\/www.szenik.eu\/de\/#\/schema\/logo\/image\/\"},\"sameAs\":[\"https:\/\/www.facebook.com\/szenik.eu\/\",\"https:\/\/twitter.com\/Szenik\",\"https:\/\/www.instagram.com\/szenik_magazine\/\",\"https:\/\/www.youtube.com\/user\/SzenikEU\/\"]},{\"@type\":\"Person\",\"@id\":\"https:\/\/www.szenik.eu\/de\/#\/schema\/person\/15f73f175b41bad194837490339d48fb\",\"name\":\"szenik\",\"image\":{\"@type\":\"ImageObject\",\"inLanguage\":\"de\",\"@id\":\"https:\/\/www.szenik.eu\/de\/#\/schema\/person\/image\/\",\"url\":\"https:\/\/secure.gravatar.com\/avatar\/d1c4f19522a624a4eaa5e6c03e22370b?s=96&d=mm&r=g\",\"contentUrl\":\"https:\/\/secure.gravatar.com\/avatar\/d1c4f19522a624a4eaa5e6c03e22370b?s=96&d=mm&r=g\",\"caption\":\"szenik\"}}]}<\/script>\n<!-- \/ Yoast SEO plugin. -->","yoast_head_json":{"title":"Interview #szenikmag mit der Choreografin Sasha Waltz I szenik","description":"Im Rahmen der Auff\u00fchrungen von \u201eAllee der Kosmonauten\u201c im Stra\u00dfburger Maillon-Theater hat sich szenik mit der Choreografin Sasha Waltz unterhalten.","robots":{"index":"index","follow":"follow","max-snippet":"max-snippet:-1","max-image-preview":"max-image-preview:large","max-video-preview":"max-video-preview:-1"},"canonical":"https:\/\/www.szenik.eu\/de\/sasha-waltz-ein-tanzender-koerper-ist-wie-das-oeffnen-der-seele-nach-aussen-34741","og_locale":"de_DE","og_type":"article","og_title":"Interview #szenikmag mit der Choreografin Sasha Waltz I szenik","og_description":"Im Rahmen der Auff\u00fchrungen von \u201eAllee der Kosmonauten\u201c im Stra\u00dfburger Maillon-Theater hat sich szenik mit der Choreografin Sasha Waltz unterhalten.","og_url":"https:\/\/www.szenik.eu\/de\/sasha-waltz-ein-tanzender-koerper-ist-wie-das-oeffnen-der-seele-nach-aussen-34741","og_site_name":"szenik","article_publisher":"https:\/\/www.facebook.com\/szenik.eu\/","article_published_time":"2020-10-07T08:33:00+00:00","article_modified_time":"2020-10-07T09:09:09+00:00","og_image":[{"width":1122,"height":665,"url":"https:\/\/www.szenik.eu\/wp-content\/uploads\/2020\/10\/Capture-d\u2019\u00e9cran-2020-10-06-\u00e0-16.45.08.png","type":"image\/png"}],"author":"szenik","twitter_card":"summary_large_image","twitter_creator":"@Szenik","twitter_site":"@Szenik","twitter_misc":{"Verfasst von":"szenik","Gesch\u00e4tzte Lesezeit":"7\u00a0Minuten"},"schema":{"@context":"https:\/\/schema.org","@graph":[{"@type":"Article","@id":"https:\/\/www.szenik.eu\/de\/sasha-waltz-ein-tanzender-koerper-ist-wie-das-oeffnen-der-seele-nach-aussen-34741#article","isPartOf":{"@id":"https:\/\/www.szenik.eu\/de\/sasha-waltz-ein-tanzender-koerper-ist-wie-das-oeffnen-der-seele-nach-aussen-34741"},"author":{"name":"szenik","@id":"https:\/\/www.szenik.eu\/de\/#\/schema\/person\/15f73f175b41bad194837490339d48fb"},"headline":"Sasha Waltz: &#8222;Ein tanzender K\u00f6rper ist wie das \u00d6ffnen der Seele nach au\u00dfen.&#8220;","datePublished":"2020-10-07T08:33:00+00:00","dateModified":"2020-10-07T09:09:09+00:00","mainEntityOfPage":{"@id":"https:\/\/www.szenik.eu\/de\/sasha-waltz-ein-tanzender-koerper-ist-wie-das-oeffnen-der-seele-nach-aussen-34741"},"wordCount":1471,"commentCount":0,"publisher":{"@id":"https:\/\/www.szenik.eu\/de\/#organization"},"keywords":["Maillon","Sasha Waltz","Sasha Waltz &amp; Guests","strasbourg","Tanz"],"articleSection":["Magazin","Portr\u00e4ts und Gespr\u00e4che"],"inLanguage":"de","potentialAction":[{"@type":"CommentAction","name":"Comment","target":["https:\/\/www.szenik.eu\/de\/sasha-waltz-ein-tanzender-koerper-ist-wie-das-oeffnen-der-seele-nach-aussen-34741#respond"]}]},{"@type":"WebPage","@id":"https:\/\/www.szenik.eu\/de\/sasha-waltz-ein-tanzender-koerper-ist-wie-das-oeffnen-der-seele-nach-aussen-34741","url":"https:\/\/www.szenik.eu\/de\/sasha-waltz-ein-tanzender-koerper-ist-wie-das-oeffnen-der-seele-nach-aussen-34741","name":"Interview #szenikmag mit der Choreografin Sasha Waltz I szenik","isPartOf":{"@id":"https:\/\/www.szenik.eu\/de\/#website"},"datePublished":"2020-10-07T08:33:00+00:00","dateModified":"2020-10-07T09:09:09+00:00","description":"Im Rahmen der Auff\u00fchrungen von \u201eAllee der Kosmonauten\u201c im Stra\u00dfburger Maillon-Theater hat sich szenik mit der Choreografin Sasha Waltz unterhalten.","breadcrumb":{"@id":"https:\/\/www.szenik.eu\/de\/sasha-waltz-ein-tanzender-koerper-ist-wie-das-oeffnen-der-seele-nach-aussen-34741#breadcrumb"},"inLanguage":"de","potentialAction":[{"@type":"ReadAction","target":["https:\/\/www.szenik.eu\/de\/sasha-waltz-ein-tanzender-koerper-ist-wie-das-oeffnen-der-seele-nach-aussen-34741"]}]},{"@type":"BreadcrumbList","@id":"https:\/\/www.szenik.eu\/de\/sasha-waltz-ein-tanzender-koerper-ist-wie-das-oeffnen-der-seele-nach-aussen-34741#breadcrumb","itemListElement":[{"@type":"ListItem","position":1,"name":"Home","item":"https:\/\/www.szenik.eu\/de"},{"@type":"ListItem","position":2,"name":"Sasha Waltz: &#8222;Ein tanzender K\u00f6rper ist wie das \u00d6ffnen der Seele nach au\u00dfen.&#8220;"}]},{"@type":"WebSite","@id":"https:\/\/www.szenik.eu\/de\/#website","url":"https:\/\/www.szenik.eu\/de\/","name":"szenik","description":"Le Meilleur des sc\u00e8nes au coeur de l&#039;Europe","publisher":{"@id":"https:\/\/www.szenik.eu\/de\/#organization"},"potentialAction":[{"@type":"SearchAction","target":{"@type":"EntryPoint","urlTemplate":"https:\/\/www.szenik.eu\/de\/?s={search_term_string}"},"query-input":"required name=search_term_string"}],"inLanguage":"de"},{"@type":"Organization","@id":"https:\/\/www.szenik.eu\/de\/#organization","name":"Szenik","url":"https:\/\/www.szenik.eu\/de\/","logo":{"@type":"ImageObject","inLanguage":"de","@id":"https:\/\/www.szenik.eu\/de\/#\/schema\/logo\/image\/","url":"https:\/\/www.szenik.eu\/wp-content\/uploads\/2019\/07\/logo-square.png","contentUrl":"https:\/\/www.szenik.eu\/wp-content\/uploads\/2019\/07\/logo-square.png","width":512,"height":512,"caption":"Szenik"},"image":{"@id":"https:\/\/www.szenik.eu\/de\/#\/schema\/logo\/image\/"},"sameAs":["https:\/\/www.facebook.com\/szenik.eu\/","https:\/\/twitter.com\/Szenik","https:\/\/www.instagram.com\/szenik_magazine\/","https:\/\/www.youtube.com\/user\/SzenikEU\/"]},{"@type":"Person","@id":"https:\/\/www.szenik.eu\/de\/#\/schema\/person\/15f73f175b41bad194837490339d48fb","name":"szenik","image":{"@type":"ImageObject","inLanguage":"de","@id":"https:\/\/www.szenik.eu\/de\/#\/schema\/person\/image\/","url":"https:\/\/secure.gravatar.com\/avatar\/d1c4f19522a624a4eaa5e6c03e22370b?s=96&d=mm&r=g","contentUrl":"https:\/\/secure.gravatar.com\/avatar\/d1c4f19522a624a4eaa5e6c03e22370b?s=96&d=mm&r=g","caption":"szenik"}}]}},"jetpack_featured_media_url":"https:\/\/www.szenik.eu\/wp-content\/uploads\/2020\/10\/Capture-d\u2019\u00e9cran-2020-10-06-\u00e0-16.45.08.png","amp_enabled":true,"_links":{"self":[{"href":"https:\/\/www.szenik.eu\/de\/wp-json\/\/wp\/v2\/posts\/34741"}],"collection":[{"href":"https:\/\/www.szenik.eu\/de\/wp-json\/\/wp\/v2\/posts"}],"about":[{"href":"https:\/\/www.szenik.eu\/de\/wp-json\/\/wp\/v2\/types\/post"}],"author":[{"embeddable":true,"href":"https:\/\/www.szenik.eu\/de\/wp-json\/\/wp\/v2\/users\/1"}],"replies":[{"embeddable":true,"href":"https:\/\/www.szenik.eu\/de\/wp-json\/\/wp\/v2\/comments?post=34741"}],"version-history":[{"count":6,"href":"https:\/\/www.szenik.eu\/de\/wp-json\/\/wp\/v2\/posts\/34741\/revisions"}],"predecessor-version":[{"id":34789,"href":"https:\/\/www.szenik.eu\/de\/wp-json\/\/wp\/v2\/posts\/34741\/revisions\/34789"}],"wp:featuredmedia":[{"embeddable":true,"href":"https:\/\/www.szenik.eu\/de\/wp-json\/\/wp\/v2\/media\/34769"}],"wp:attachment":[{"href":"https:\/\/www.szenik.eu\/de\/wp-json\/\/wp\/v2\/media?parent=34741"}],"wp:term":[{"taxonomy":"category","embeddable":true,"href":"https:\/\/www.szenik.eu\/de\/wp-json\/\/wp\/v2\/categories?post=34741"},{"taxonomy":"post_tag","embeddable":true,"href":"https:\/\/www.szenik.eu\/de\/wp-json\/\/wp\/v2\/tags?post=34741"}],"curies":[{"name":"wp","href":"https:\/\/api.w.org\/{rel}","templated":true}]}}