{"id":32847,"date":"2020-07-15T11:24:23","date_gmt":"2020-07-15T09:24:23","guid":{"rendered":"https:\/\/www.szenik.eu\/?p=32847\/"},"modified":"2020-07-15T11:24:28","modified_gmt":"2020-07-15T09:24:28","slug":"daniela-martin-wird-neue-geschaeftsfuehrerin-der-basel-sinfonietta","status":"publish","type":"post","link":"https:\/\/www.szenik.eu\/de\/daniela-martin-wird-neue-geschaeftsfuehrerin-der-basel-sinfonietta-32847","title":{"rendered":"Daniela Martin wird neue Gesch\u00e4ftsf\u00fchrerin der Basel Sinfonietta"},"content":{"rendered":"\n<h2>Nachfolgerin von Felix Heri, der an das Lucerne Festival wechselt, wird die deutsche Kulturmanagerin <strong>Daniela Martin<\/strong>. Die Mitbegr\u00fcnderin und langj\u00e4hrige Gesch\u00e4ftsf\u00fchrerin des auf zeitgen\u00f6ssische Musik spezialisierten Ensemble Variances arbeitete bei renommierten Klangk\u00f6rpern genauso wie f\u00fcr K\u00fcnstleragenturen, Kulturinstitutionen und Festivals und bringt damit die n\u00f6tige Erfahrung mit f\u00fcr die Positionierung der <strong>Basel Sinfonietta<\/strong> als f\u00fchrendes Orchester f\u00fcr zeitgen\u00f6ssische Musik. <\/h2>\n\n\n\n<div style=\"height:100px\" aria-hidden=\"true\" class=\"wp-block-spacer\"><\/div>\n\n\n\n<p>Die 1974 in Giessen (Deutschland) geborene <strong>Daniela Martin<\/strong> ist ausgebildete Musikerin und Literaturexpertin und interessiert sich f\u00fcr die ganze Vielfalt der K\u00fcnste. Sie arbeitete u.a. beim Festival de Radio France et Montpellier, am Centro Cultural de Belem in Lissabon und seinem Festival Dias da Musica, beim Orchestre National de France, sowie als Assistentin\/Agentin f\u00fcr K\u00fcnstler wie Kurt Masur, Fazil Say oder Augustin Dumay.<\/p>\n\n\n\n<p>Seit 2010 ist Daniela Martin als Mitbegr\u00fcnderin und Gesch\u00e4ftsf\u00fchrerin mit dem auf zeitgen\u00f6ssische Musik ausgerichteten <em><a href=\"http:\/\/ensemblevariances.com\/fr\/\" target=\"_blank\" rel=\"noreferrer noopener\" aria-label=\"Ensemble Variances (opens in a new tab)\">Ensemble Variances<\/a><\/em> in Rouen (Frankreich) eng verbunden. In dieser Funktion initiierte sie auf der st\u00e4ndigen Suche nach dem ultimativen Auff\u00fchrungserlebnis eine Reihe internationaler Kooperationen, Tourneen und Auftragsprojekte im Bereich der zeitgen\u00f6ssischen Musik. Ziel dabei war stets, einen echten Austausch zwischen Publikum und Interpreten herzustellen.<\/p>\n\n\n\n<div style=\"height:100px\" aria-hidden=\"true\" class=\"wp-block-spacer\"><\/div>\n\n\n\n<blockquote class=\"wp-block-quote\"><p>\u00abDie Basel Sinfonietta konnte sich in den vergangenen Jahren stark profilieren und gilt heute als eines der strahlkr\u00e4ftigen Orchester f\u00fcr zeitgen\u00f6ssische Musik in Europa. Ich bin sehr gl\u00fccklich, so einen aussergew\u00f6hnlichen Klangk\u00f6rper auf seinem Weg begleiten zu d\u00fcrfen. Die Evidenz zeitgen\u00f6ssischer Musik gibt uns die Chance, einen Resonanzraum f\u00fcr die Fragen der Zeit zu bieten und der Gegenwart einen Klang zu geben.<br><br>Als Gesch\u00e4ftsf\u00fchrerin muss ich vorausblickend arbeiten \u2013 gerade in der aktuellen Krisensituation \u2013 um neue, starke Ansatzpunkte f\u00fcr innovative, vision\u00e4re und multimediale Konzertformen zu entwickeln. Ich bin der festen \u00dcberzeugung, dass dieses Ensemble das Potenzial hat, die Menschen auch in unserer f\u00fcr die Kultur so schwierigen Zeit f\u00fcr neue Musik zu begeistern. Was Basel f\u00fcr die zeitgen\u00f6ssische Kunst ist, soll Basel Sinfonietta f\u00fcr die zeitgen\u00f6ssische Musik sein!\u00bb<\/p><cite>Daniela Martin<\/cite><\/blockquote>\n\n\n\n<div style=\"height:100px\" aria-hidden=\"true\" class=\"wp-block-spacer\"><\/div>\n\n\n\n<p>Franziska N\u00e9meti-Mosimann, Pr\u00e4sidentin des f\u00fcr die Wahl zust\u00e4ndigen Orchestervorstands, stellt fest: \u00abWir freuen uns sehr, Daniela Martin f\u00fcr uns gewonnen zu haben. Wir sind \u00fcberzeugt, dass sie mit ihrer umsichtigen und intelligenten Pers\u00f6nlichkeit dazu beitragen wird, die Position der Basel Sinfonietta als f\u00fchrendes Orchester f\u00fcr zeitgen\u00f6ssische Musik mit innovativen Ans\u00e4tzen weiter auszubauen.\u00bb<\/p>\n\n\n\n<p>Daniela Martin wird erstmals an der Saisoner\u00f6ffnung der Basel Sinfonietta vom <strong>30. August<\/strong> im Stadtcasino Basel \u00f6ffentlich auftreten. Sie tritt ihre Stelle am 16. September an.<\/p>\n\n\n\n<div style=\"height:100px\" aria-hidden=\"true\" class=\"wp-block-spacer\"><\/div>\n\n\n\n<div class=\"wp-block-button aligncenter\"><a class=\"wp-block-button__link has-text-color has-very-dark-gray-color has-background has-luminous-vivid-amber-background-color\" href=\"http:\/\/baselsinfonietta.ch\" target=\"_blank\" rel=\"noreferrer noopener\">Zur Website der Basel Sinfonietta<\/a><\/div>\n\n\n\n<div class=\"wp-block-button aligncenter\"><a class=\"wp-block-button__link has-text-color has-very-dark-gray-color has-background has-pale-cyan-blue-background-color\" href=\"https:\/\/youtu.be\/LzLFfQxHPbY\" target=\"_blank\" rel=\"noreferrer noopener\">F\u00fcr Neugierige: Unser Interview mit Baldur Br\u00f6nnimann, Chefdirigent der Basel Sinfonietta<\/a><\/div>\n\n\n\n<div style=\"height:100px\" aria-hidden=\"true\" class=\"wp-block-spacer\"><\/div>\n\n\n\n<p class=\"has-small-font-size\">Foto: Jean-Baptiste Millot<\/p>\n\n\n\n<div style=\"height:100px\" aria-hidden=\"true\" class=\"wp-block-spacer\"><\/div>\n","protected":false},"excerpt":{"rendered":"<p>Nachfolgerin von Felix Heri, der an das Lucerne Festival wechselt, wird die deutsche Kulturmanagerin Daniela Martin. Die Mitbegr\u00fcnderin und langj\u00e4hrige Gesch\u00e4ftsf\u00fchrerin des auf zeitgen\u00f6ssische Musik spezialisierten Ensemble Variances arbeitete bei renommierten Klangk\u00f6rpern genauso wie f\u00fcr K\u00fcnstleragenturen, Kulturinstitutionen und Festivals und bringt damit die n\u00f6tige Erfahrung mit f\u00fcr die Positionierung der Basel Sinfonietta als f\u00fchrendes Orchester [&hellip;]<\/p>\n","protected":false},"author":1,"featured_media":32848,"comment_status":"open","ping_status":"open","sticky":false,"template":"","format":"standard","meta":{"_monsterinsights_skip_tracking":false,"_monsterinsights_sitenote_active":false,"_monsterinsights_sitenote_note":"","_monsterinsights_sitenote_category":0},"categories":[2815,53],"tags":[2278,6797,7565,2259],"yoast_head":"<!-- This site is optimized with the Yoast SEO plugin v20.5 - https:\/\/yoast.com\/wordpress\/plugins\/seo\/ -->\n<title>Daniela Martin wird neue Gesch\u00e4ftsf\u00fchrerin der Basel Sinfonietta I szenik<\/title>\n<meta name=\"description\" content=\"Daniela Martin wird erstmals an der Saisoner\u00f6ffnung der Basel Sinfonietta vom 30. August im Stadtcasino Basel \u00f6ffentlich auftreten.\" \/>\n<meta name=\"robots\" content=\"index, follow, max-snippet:-1, max-image-preview:large, max-video-preview:-1\" \/>\n<link rel=\"canonical\" href=\"https:\/\/www.szenik.eu\/de\/daniela-martin-wird-neue-geschaeftsfuehrerin-der-basel-sinfonietta-32847\" \/>\n<meta property=\"og:locale\" content=\"de_DE\" \/>\n<meta property=\"og:type\" content=\"article\" \/>\n<meta property=\"og:title\" content=\"Daniela Martin wird neue Gesch\u00e4ftsf\u00fchrerin der Basel Sinfonietta I szenik\" \/>\n<meta property=\"og:description\" content=\"Daniela Martin wird erstmals an der Saisoner\u00f6ffnung der Basel Sinfonietta vom 30. August im Stadtcasino Basel \u00f6ffentlich auftreten.\" \/>\n<meta property=\"og:url\" content=\"https:\/\/www.szenik.eu\/de\/daniela-martin-wird-neue-geschaeftsfuehrerin-der-basel-sinfonietta-32847\" \/>\n<meta property=\"og:site_name\" content=\"szenik\" \/>\n<meta property=\"article:publisher\" content=\"https:\/\/www.facebook.com\/szenik.eu\/\" \/>\n<meta property=\"article:published_time\" content=\"2020-07-15T09:24:23+00:00\" \/>\n<meta property=\"article:modified_time\" content=\"2020-07-15T09:24:28+00:00\" \/>\n<meta property=\"og:image\" content=\"https:\/\/www.szenik.eu\/wp-content\/uploads\/2020\/07\/Daniela-Martin@Jean-Babptiste-Millot.jpg\" \/>\n\t<meta property=\"og:image:width\" content=\"1021\" \/>\n\t<meta property=\"og:image:height\" content=\"680\" \/>\n\t<meta property=\"og:image:type\" content=\"image\/jpeg\" \/>\n<meta name=\"author\" content=\"szenik\" \/>\n<meta name=\"twitter:card\" content=\"summary_large_image\" \/>\n<meta name=\"twitter:creator\" content=\"@Szenik\" \/>\n<meta name=\"twitter:site\" content=\"@Szenik\" \/>\n<meta name=\"twitter:label1\" content=\"Verfasst von\" \/>\n\t<meta name=\"twitter:data1\" content=\"szenik\" \/>\n\t<meta name=\"twitter:label2\" content=\"Gesch\u00e4tzte Lesezeit\" \/>\n\t<meta name=\"twitter:data2\" content=\"2\u00a0Minuten\" \/>\n<script type=\"application\/ld+json\" class=\"yoast-schema-graph\">{\"@context\":\"https:\/\/schema.org\",\"@graph\":[{\"@type\":\"Article\",\"@id\":\"https:\/\/www.szenik.eu\/de\/daniela-martin-wird-neue-geschaeftsfuehrerin-der-basel-sinfonietta-32847#article\",\"isPartOf\":{\"@id\":\"https:\/\/www.szenik.eu\/de\/daniela-martin-wird-neue-geschaeftsfuehrerin-der-basel-sinfonietta-32847\"},\"author\":{\"name\":\"szenik\",\"@id\":\"https:\/\/www.szenik.eu\/de\/#\/schema\/person\/15f73f175b41bad194837490339d48fb\"},\"headline\":\"Daniela Martin wird neue Gesch\u00e4ftsf\u00fchrerin der Basel Sinfonietta\",\"datePublished\":\"2020-07-15T09:24:23+00:00\",\"dateModified\":\"2020-07-15T09:24:28+00:00\",\"mainEntityOfPage\":{\"@id\":\"https:\/\/www.szenik.eu\/de\/daniela-martin-wird-neue-geschaeftsfuehrerin-der-basel-sinfonietta-32847\"},\"wordCount\":470,\"commentCount\":0,\"publisher\":{\"@id\":\"https:\/\/www.szenik.eu\/de\/#organization\"},\"keywords\":[\"Basel\",\"Basel Sinfonietta\",\"Daniela Martin\",\"Klassik\"],\"articleSection\":[\"Kurz &amp; knackig\",\"Magazin\"],\"inLanguage\":\"de\",\"potentialAction\":[{\"@type\":\"CommentAction\",\"name\":\"Comment\",\"target\":[\"https:\/\/www.szenik.eu\/de\/daniela-martin-wird-neue-geschaeftsfuehrerin-der-basel-sinfonietta-32847#respond\"]}]},{\"@type\":\"WebPage\",\"@id\":\"https:\/\/www.szenik.eu\/de\/daniela-martin-wird-neue-geschaeftsfuehrerin-der-basel-sinfonietta-32847\",\"url\":\"https:\/\/www.szenik.eu\/de\/daniela-martin-wird-neue-geschaeftsfuehrerin-der-basel-sinfonietta-32847\",\"name\":\"Daniela Martin wird neue Gesch\u00e4ftsf\u00fchrerin der Basel Sinfonietta I szenik\",\"isPartOf\":{\"@id\":\"https:\/\/www.szenik.eu\/de\/#website\"},\"datePublished\":\"2020-07-15T09:24:23+00:00\",\"dateModified\":\"2020-07-15T09:24:28+00:00\",\"description\":\"Daniela Martin wird erstmals an der Saisoner\u00f6ffnung der Basel Sinfonietta vom 30. August im Stadtcasino Basel \u00f6ffentlich auftreten.\",\"breadcrumb\":{\"@id\":\"https:\/\/www.szenik.eu\/de\/daniela-martin-wird-neue-geschaeftsfuehrerin-der-basel-sinfonietta-32847#breadcrumb\"},\"inLanguage\":\"de\",\"potentialAction\":[{\"@type\":\"ReadAction\",\"target\":[\"https:\/\/www.szenik.eu\/de\/daniela-martin-wird-neue-geschaeftsfuehrerin-der-basel-sinfonietta-32847\"]}]},{\"@type\":\"BreadcrumbList\",\"@id\":\"https:\/\/www.szenik.eu\/de\/daniela-martin-wird-neue-geschaeftsfuehrerin-der-basel-sinfonietta-32847#breadcrumb\",\"itemListElement\":[{\"@type\":\"ListItem\",\"position\":1,\"name\":\"Home\",\"item\":\"https:\/\/www.szenik.eu\/de\"},{\"@type\":\"ListItem\",\"position\":2,\"name\":\"Daniela Martin wird neue Gesch\u00e4ftsf\u00fchrerin der Basel Sinfonietta\"}]},{\"@type\":\"WebSite\",\"@id\":\"https:\/\/www.szenik.eu\/de\/#website\",\"url\":\"https:\/\/www.szenik.eu\/de\/\",\"name\":\"szenik\",\"description\":\"Le Meilleur des sc\u00e8nes au coeur de l&#039;Europe\",\"publisher\":{\"@id\":\"https:\/\/www.szenik.eu\/de\/#organization\"},\"potentialAction\":[{\"@type\":\"SearchAction\",\"target\":{\"@type\":\"EntryPoint\",\"urlTemplate\":\"https:\/\/www.szenik.eu\/de\/?s={search_term_string}\"},\"query-input\":\"required name=search_term_string\"}],\"inLanguage\":\"de\"},{\"@type\":\"Organization\",\"@id\":\"https:\/\/www.szenik.eu\/de\/#organization\",\"name\":\"Szenik\",\"url\":\"https:\/\/www.szenik.eu\/de\/\",\"logo\":{\"@type\":\"ImageObject\",\"inLanguage\":\"de\",\"@id\":\"https:\/\/www.szenik.eu\/de\/#\/schema\/logo\/image\/\",\"url\":\"https:\/\/www.szenik.eu\/wp-content\/uploads\/2019\/07\/logo-square.png\",\"contentUrl\":\"https:\/\/www.szenik.eu\/wp-content\/uploads\/2019\/07\/logo-square.png\",\"width\":512,\"height\":512,\"caption\":\"Szenik\"},\"image\":{\"@id\":\"https:\/\/www.szenik.eu\/de\/#\/schema\/logo\/image\/\"},\"sameAs\":[\"https:\/\/www.facebook.com\/szenik.eu\/\",\"https:\/\/twitter.com\/Szenik\",\"https:\/\/www.instagram.com\/szenik_magazine\/\",\"https:\/\/www.youtube.com\/user\/SzenikEU\/\"]},{\"@type\":\"Person\",\"@id\":\"https:\/\/www.szenik.eu\/de\/#\/schema\/person\/15f73f175b41bad194837490339d48fb\",\"name\":\"szenik\",\"image\":{\"@type\":\"ImageObject\",\"inLanguage\":\"de\",\"@id\":\"https:\/\/www.szenik.eu\/de\/#\/schema\/person\/image\/\",\"url\":\"https:\/\/secure.gravatar.com\/avatar\/d1c4f19522a624a4eaa5e6c03e22370b?s=96&d=mm&r=g\",\"contentUrl\":\"https:\/\/secure.gravatar.com\/avatar\/d1c4f19522a624a4eaa5e6c03e22370b?s=96&d=mm&r=g\",\"caption\":\"szenik\"}}]}<\/script>\n<!-- \/ Yoast SEO plugin. -->","yoast_head_json":{"title":"Daniela Martin wird neue Gesch\u00e4ftsf\u00fchrerin der Basel Sinfonietta I szenik","description":"Daniela Martin wird erstmals an der Saisoner\u00f6ffnung der Basel Sinfonietta vom 30. August im Stadtcasino Basel \u00f6ffentlich auftreten.","robots":{"index":"index","follow":"follow","max-snippet":"max-snippet:-1","max-image-preview":"max-image-preview:large","max-video-preview":"max-video-preview:-1"},"canonical":"https:\/\/www.szenik.eu\/de\/daniela-martin-wird-neue-geschaeftsfuehrerin-der-basel-sinfonietta-32847","og_locale":"de_DE","og_type":"article","og_title":"Daniela Martin wird neue Gesch\u00e4ftsf\u00fchrerin der Basel Sinfonietta I szenik","og_description":"Daniela Martin wird erstmals an der Saisoner\u00f6ffnung der Basel Sinfonietta vom 30. August im Stadtcasino Basel \u00f6ffentlich auftreten.","og_url":"https:\/\/www.szenik.eu\/de\/daniela-martin-wird-neue-geschaeftsfuehrerin-der-basel-sinfonietta-32847","og_site_name":"szenik","article_publisher":"https:\/\/www.facebook.com\/szenik.eu\/","article_published_time":"2020-07-15T09:24:23+00:00","article_modified_time":"2020-07-15T09:24:28+00:00","og_image":[{"width":1021,"height":680,"url":"https:\/\/www.szenik.eu\/wp-content\/uploads\/2020\/07\/Daniela-Martin@Jean-Babptiste-Millot.jpg","type":"image\/jpeg"}],"author":"szenik","twitter_card":"summary_large_image","twitter_creator":"@Szenik","twitter_site":"@Szenik","twitter_misc":{"Verfasst von":"szenik","Gesch\u00e4tzte Lesezeit":"2\u00a0Minuten"},"schema":{"@context":"https:\/\/schema.org","@graph":[{"@type":"Article","@id":"https:\/\/www.szenik.eu\/de\/daniela-martin-wird-neue-geschaeftsfuehrerin-der-basel-sinfonietta-32847#article","isPartOf":{"@id":"https:\/\/www.szenik.eu\/de\/daniela-martin-wird-neue-geschaeftsfuehrerin-der-basel-sinfonietta-32847"},"author":{"name":"szenik","@id":"https:\/\/www.szenik.eu\/de\/#\/schema\/person\/15f73f175b41bad194837490339d48fb"},"headline":"Daniela Martin wird neue Gesch\u00e4ftsf\u00fchrerin der Basel Sinfonietta","datePublished":"2020-07-15T09:24:23+00:00","dateModified":"2020-07-15T09:24:28+00:00","mainEntityOfPage":{"@id":"https:\/\/www.szenik.eu\/de\/daniela-martin-wird-neue-geschaeftsfuehrerin-der-basel-sinfonietta-32847"},"wordCount":470,"commentCount":0,"publisher":{"@id":"https:\/\/www.szenik.eu\/de\/#organization"},"keywords":["Basel","Basel Sinfonietta","Daniela Martin","Klassik"],"articleSection":["Kurz &amp; knackig","Magazin"],"inLanguage":"de","potentialAction":[{"@type":"CommentAction","name":"Comment","target":["https:\/\/www.szenik.eu\/de\/daniela-martin-wird-neue-geschaeftsfuehrerin-der-basel-sinfonietta-32847#respond"]}]},{"@type":"WebPage","@id":"https:\/\/www.szenik.eu\/de\/daniela-martin-wird-neue-geschaeftsfuehrerin-der-basel-sinfonietta-32847","url":"https:\/\/www.szenik.eu\/de\/daniela-martin-wird-neue-geschaeftsfuehrerin-der-basel-sinfonietta-32847","name":"Daniela Martin wird neue Gesch\u00e4ftsf\u00fchrerin der Basel Sinfonietta I szenik","isPartOf":{"@id":"https:\/\/www.szenik.eu\/de\/#website"},"datePublished":"2020-07-15T09:24:23+00:00","dateModified":"2020-07-15T09:24:28+00:00","description":"Daniela Martin wird erstmals an der Saisoner\u00f6ffnung der Basel Sinfonietta vom 30. August im Stadtcasino Basel \u00f6ffentlich auftreten.","breadcrumb":{"@id":"https:\/\/www.szenik.eu\/de\/daniela-martin-wird-neue-geschaeftsfuehrerin-der-basel-sinfonietta-32847#breadcrumb"},"inLanguage":"de","potentialAction":[{"@type":"ReadAction","target":["https:\/\/www.szenik.eu\/de\/daniela-martin-wird-neue-geschaeftsfuehrerin-der-basel-sinfonietta-32847"]}]},{"@type":"BreadcrumbList","@id":"https:\/\/www.szenik.eu\/de\/daniela-martin-wird-neue-geschaeftsfuehrerin-der-basel-sinfonietta-32847#breadcrumb","itemListElement":[{"@type":"ListItem","position":1,"name":"Home","item":"https:\/\/www.szenik.eu\/de"},{"@type":"ListItem","position":2,"name":"Daniela Martin wird neue Gesch\u00e4ftsf\u00fchrerin der Basel Sinfonietta"}]},{"@type":"WebSite","@id":"https:\/\/www.szenik.eu\/de\/#website","url":"https:\/\/www.szenik.eu\/de\/","name":"szenik","description":"Le Meilleur des sc\u00e8nes au coeur de l&#039;Europe","publisher":{"@id":"https:\/\/www.szenik.eu\/de\/#organization"},"potentialAction":[{"@type":"SearchAction","target":{"@type":"EntryPoint","urlTemplate":"https:\/\/www.szenik.eu\/de\/?s={search_term_string}"},"query-input":"required name=search_term_string"}],"inLanguage":"de"},{"@type":"Organization","@id":"https:\/\/www.szenik.eu\/de\/#organization","name":"Szenik","url":"https:\/\/www.szenik.eu\/de\/","logo":{"@type":"ImageObject","inLanguage":"de","@id":"https:\/\/www.szenik.eu\/de\/#\/schema\/logo\/image\/","url":"https:\/\/www.szenik.eu\/wp-content\/uploads\/2019\/07\/logo-square.png","contentUrl":"https:\/\/www.szenik.eu\/wp-content\/uploads\/2019\/07\/logo-square.png","width":512,"height":512,"caption":"Szenik"},"image":{"@id":"https:\/\/www.szenik.eu\/de\/#\/schema\/logo\/image\/"},"sameAs":["https:\/\/www.facebook.com\/szenik.eu\/","https:\/\/twitter.com\/Szenik","https:\/\/www.instagram.com\/szenik_magazine\/","https:\/\/www.youtube.com\/user\/SzenikEU\/"]},{"@type":"Person","@id":"https:\/\/www.szenik.eu\/de\/#\/schema\/person\/15f73f175b41bad194837490339d48fb","name":"szenik","image":{"@type":"ImageObject","inLanguage":"de","@id":"https:\/\/www.szenik.eu\/de\/#\/schema\/person\/image\/","url":"https:\/\/secure.gravatar.com\/avatar\/d1c4f19522a624a4eaa5e6c03e22370b?s=96&d=mm&r=g","contentUrl":"https:\/\/secure.gravatar.com\/avatar\/d1c4f19522a624a4eaa5e6c03e22370b?s=96&d=mm&r=g","caption":"szenik"}}]}},"jetpack_featured_media_url":"https:\/\/www.szenik.eu\/wp-content\/uploads\/2020\/07\/Daniela-Martin@Jean-Babptiste-Millot.jpg","amp_enabled":true,"_links":{"self":[{"href":"https:\/\/www.szenik.eu\/de\/wp-json\/\/wp\/v2\/posts\/32847"}],"collection":[{"href":"https:\/\/www.szenik.eu\/de\/wp-json\/\/wp\/v2\/posts"}],"about":[{"href":"https:\/\/www.szenik.eu\/de\/wp-json\/\/wp\/v2\/types\/post"}],"author":[{"embeddable":true,"href":"https:\/\/www.szenik.eu\/de\/wp-json\/\/wp\/v2\/users\/1"}],"replies":[{"embeddable":true,"href":"https:\/\/www.szenik.eu\/de\/wp-json\/\/wp\/v2\/comments?post=32847"}],"version-history":[{"count":1,"href":"https:\/\/www.szenik.eu\/de\/wp-json\/\/wp\/v2\/posts\/32847\/revisions"}],"predecessor-version":[{"id":32850,"href":"https:\/\/www.szenik.eu\/de\/wp-json\/\/wp\/v2\/posts\/32847\/revisions\/32850"}],"wp:featuredmedia":[{"embeddable":true,"href":"https:\/\/www.szenik.eu\/de\/wp-json\/\/wp\/v2\/media\/32848"}],"wp:attachment":[{"href":"https:\/\/www.szenik.eu\/de\/wp-json\/\/wp\/v2\/media?parent=32847"}],"wp:term":[{"taxonomy":"category","embeddable":true,"href":"https:\/\/www.szenik.eu\/de\/wp-json\/\/wp\/v2\/categories?post=32847"},{"taxonomy":"post_tag","embeddable":true,"href":"https:\/\/www.szenik.eu\/de\/wp-json\/\/wp\/v2\/tags?post=32847"}],"curies":[{"name":"wp","href":"https:\/\/api.w.org\/{rel}","templated":true}]}}