{"id":32692,"date":"2020-07-07T11:35:32","date_gmt":"2020-07-07T09:35:32","guid":{"rendered":"https:\/\/www.szenik.eu\/?p=32692\/"},"modified":"2020-07-07T11:35:35","modified_gmt":"2020-07-07T09:35:35","slug":"interview-mit-jean-francois-boisnon-ballettmeister-ballett-zuerich-2-teil","status":"publish","type":"post","link":"https:\/\/www.szenik.eu\/de\/interview-mit-jean-francois-boisnon-ballettmeister-ballett-zuerich-2-teil-32692","title":{"rendered":"INTERVIEW MIT JEAN-FRAN\u00c7OIS BOISNON, BALLETTMEISTER BALLETT Z\u00dcRICH \u2013 2. TEIL"},"content":{"rendered":"\n<h2>Als Lehrer, Trainer und Coach arbeitet\u00a0<strong>Jean-Fran\u00e7ois Boisnon<\/strong>\u00a0t\u00e4glich mit dem\u00a0<strong>Ballett Z\u00fcrich<\/strong>. In einem Interview im M\u00e4rz 2020 mit\u00a0<strong>Evi Hock<\/strong>\u00a0(<em>Balletloversblog<\/em>) gew\u00e4hrte er einen Einblick in seinen Arbeitsalltag.<\/h2>\n\n\n\n<div style=\"height:100px\" aria-hidden=\"true\" class=\"wp-block-spacer\"><\/div>\n\n\n\n<p class=\"has-text-color has-vivid-cyan-blue-color\">E. H.: <em><strong>Das Ballett Z\u00fcrich hat Ballette der renommiertesten Choreograf*innen im Repertoire. Wie ist die Zusammenarbeit mit Gastchoreografen?<\/strong><\/em><\/p>\n\n\n\n<p>J.-F. B.: Ich arbeite mit vielen\u00a0Choreografen des (neo-) klassischen Balletts seit Jahren zusammen und kenne deren\u00a0<strong>Stile und Bewegungssprachen<\/strong>. Bei einer Wiederaufnahme kommen meist zuerst die Assistent*innen des Choreografen oder der Choreografin nach Z\u00fcrich, um das St\u00fcck mit dem Ballett Z\u00fcrich einzustudieren und zu proben. Den letzten Schliff gibt der Choreograf*in selbst kurz vor der Premiere. <\/p>\n\n\n\n<p>Bei Urauff\u00fchrungen entsteht das neue St\u00fcck in unseren Balletts\u00e4len. Dann arbeiten die Choreografen und deren Assistenten wochenlang hier mit dem Ballett Z\u00fcrich. Unsere Aufgabe ist es, alle\u00a0<strong>Choreografien zu lernen\u00a0<\/strong>und zu einem sp\u00e4teren Zeitpunkt an unsere Compagnie weiterzugeben. Auch hier werden wir drei Ballettmeister aufgeteilt und gefordert.\u00a0<\/p>\n\n\n\n<div style=\"height:48px\" aria-hidden=\"true\" class=\"wp-block-spacer\"><\/div>\n\n\n\n<div class=\"wp-block-image\"><figure class=\"aligncenter size-large\"><img decoding=\"async\" loading=\"lazy\" width=\"330\" height=\"220\" src=\"https:\/\/www.szenik.eu\/wp-content\/uploads\/2020\/07\/schwanensee_probe_photo_gregory_batardon_50a0347_bw.330x0.jpg\" alt=\"\" class=\"wp-image-32695\" srcset=\"https:\/\/www.szenik.eu\/wp-content\/uploads\/2020\/07\/schwanensee_probe_photo_gregory_batardon_50a0347_bw.330x0.jpg 330w, https:\/\/www.szenik.eu\/wp-content\/uploads\/2020\/07\/schwanensee_probe_photo_gregory_batardon_50a0347_bw.330x0-300x200.jpg 300w\" sizes=\"(max-width: 330px) 100vw, 330px\" \/><figcaption><em>Probe SCHWANENSEE mit Alexei Ratmansky, Jean-Fran\u00e7ois Boisnon rechts im Hintergrund \u00a9 Gregory Batardon<\/em><\/figcaption><\/figure><\/div>\n\n\n\n<div style=\"height:46px\" aria-hidden=\"true\" class=\"wp-block-spacer\"><\/div>\n\n\n\n<p>Im Januar 2020 tanzte das Ballett Z\u00fcrich einen Ballettabend mit drei verschiedenen Choreografien des&nbsp;<strong>Starchoreografen William Forsythe<\/strong>. Diese St\u00fccke, alle Schweizer Erstauff\u00fchrungen, sind im Stil total unterschiedlich und schwer zu lernen. Das erste St\u00fcck \u201eSecond Detail\u201c ist sehr klassisch und zeichnet sich durch schwierige Drehungen aus. Auch die Arme werden anders gehalten, die Fussarbeit ist extrem schnell.<\/p>\n\n\n\n<p>F\u00fcr die Proben hatten wir nur 3 Wochen Zeit. Zus\u00e4tzlich mussten wir Ersatz f\u00fcr einige verletzte T\u00e4nzer*innen finden. Die M\u00e4nner und die Frauen probten ihre Parts erst getrennt. In den letzten 10 Tagen vor der Premiere wurde das St\u00fcck gemeinsam zu Ende gelernt.&nbsp;<\/p>\n\n\n\n<p>Forsythe lobte das Ballett Z\u00fcrich bei der Premierenfeier: \u201eDas Ballett Z\u00fcrich ist nicht nur eine Ballettcompagnie. Es ist&nbsp;<strong>ein Ensemble<\/strong>, das&nbsp; \u2013 ohne Hierarchien-&nbsp; hervorragend zusammenarbeitet und Spitzenleistungen erzielt.\u201c Was f\u00fcr ein Kompliment!<\/p>\n\n\n\n<div style=\"height:46px\" aria-hidden=\"true\" class=\"wp-block-spacer\"><\/div>\n\n\n\n<p class=\"has-text-color has-vivid-cyan-blue-color\">E. H.: <em><strong>Wie lernt das Ballett Z\u00fcrich neue Choreografien?<\/strong><\/em><\/p>\n\n\n\n<p>J.-F. B.: Wir beginnen damit, alle Schritte und Bewegungen zu lernen und mitzuz\u00e4hlen. Das wirkt fast milit\u00e4risch. Als zweiter Schritt kommt das\u00a0<strong>Feintuning<\/strong>, das immer weiter und weiter angepasst wird. Der Fokus liegt dann auf dem Stil des Choreografen und der Rollengestaltung. Mit der Zeit werden die T\u00e4nzer*innen lockerer und spontaner. Sie denken weniger \u00fcber die Choreografie nach, f\u00fchlen sich sicherer und haben ihre Bewegungen automatisiert.<\/p>\n\n\n\n<div style=\"height:44px\" aria-hidden=\"true\" class=\"wp-block-spacer\"><\/div>\n\n\n\n<div class=\"wp-block-image\"><figure class=\"aligncenter size-large\"><img decoding=\"async\" loading=\"lazy\" width=\"384\" height=\"256\" src=\"https:\/\/www.szenik.eu\/wp-content\/uploads\/2020\/07\/photo-2020-03-11-19-58-16.jpg\" alt=\"\" class=\"wp-image-32697\" srcset=\"https:\/\/www.szenik.eu\/wp-content\/uploads\/2020\/07\/photo-2020-03-11-19-58-16.jpg 384w, https:\/\/www.szenik.eu\/wp-content\/uploads\/2020\/07\/photo-2020-03-11-19-58-16-300x200.jpg 300w\" sizes=\"(max-width: 384px) 100vw, 384px\" \/><figcaption><em>Ballettprobe NUSSKNACKER mit Michele Willems and Alexander Jones. Im Hintergrund: Christian Spuck, Jean-Fran\u00e7ois Boisnon und Luigi Largo \u00a9Ballett Z\u00fcrich<\/em><\/figcaption><\/figure><\/div>\n\n\n\n<div style=\"height:46px\" aria-hidden=\"true\" class=\"wp-block-spacer\"><\/div>\n\n\n\n<p>Professionelle T\u00e4nzer*innen lernen sehr schnell. Die J\u00fcngeren ben\u00f6tigen mehr Proben. Oftmals fragen unerfahrene T\u00e4nzer*innen ihre Kollegen*innen, die die Rolle bereits getanzt haben, um Rat. Sie helfen sich gerne gegenseitig.<\/p>\n\n\n\n<div style=\"height:49px\" aria-hidden=\"true\" class=\"wp-block-spacer\"><\/div>\n\n\n\n<p class=\"has-text-color has-vivid-cyan-blue-color\">E. H.: <em><strong>Wie gelingt es, das Beste aus den T\u00e4nzerinnen und T\u00e4nzern herauszuholen?\u00a0<\/strong><\/em><\/p>\n\n\n\n<p>J.-F. B.: Ich kenne die T\u00e4nzer*innen schon seit langem. Im Laufe meiner Karriere als Ballettmeister habe ich gelernt, wie ich T\u00e4nzer*innen richtig motivieren und fordern bzw. f\u00f6rdern kann. Jeder T\u00e4nzer hat\u00a0<strong>eine Seele und Charakter<\/strong>. Das muss man akzeptieren und darauf eingehen. Fr\u00fcher ging es strenger zu. Heute wird viel auf Teamwork gesetzt. Mir geht es darum, dass eine gute Gruppendynamik erreicht wird, nicht um die totale Perfektion.<\/p>\n\n\n\n<p>Wir haben das Gl\u00fcck, sehr begabte und engagierte T\u00e4nzer und T\u00e4nzerinnen zu haben, die sehr hart arbeiten, um ihren Job gut zu machen. Sie sind respektvoll, denn sie wissen, dass sich der Einsatz lohnt.&nbsp;<strong>Lob zu geben<\/strong>, ist mir sehr wichtig, um den T\u00e4nzer*innen zu zeigen, dass sie auf dem richtigen Weg sind.<\/p>\n\n\n\n<div style=\"height:51px\" aria-hidden=\"true\" class=\"wp-block-spacer\"><\/div>\n\n\n\n<p class=\"has-text-color has-vivid-cyan-blue-color\">E. H.: <em><strong>Was bedeutet eigentlich Junior Ballett? Und wie arbeitet ihr mit den Junioren?<\/strong><\/em><\/p>\n\n\n\n<p>J.-F. B.: Die Funktion des Junior Balletts ist es, die L\u00fccke zwischen der formalen Ausbildung junger T\u00e4nzer*innen und den Beginn ihrer beruflichen Karriere zu schliessen. Viel\u00a0<strong>Aufmerksamkeit und Behutsamkeit<\/strong>\u00a0ist erforderlich, weil diese Zeit eine der schwersten \u00dcberg\u00e4nge in der professionellen Laufbahn ist.\u00a0<\/p>\n\n\n\n<p>Wir investieren sehr viel Zeit und Arbeit in das Junior Ballett. Leider k\u00f6nnen wir sp\u00e4ter nicht alle Junioren in die Compagnie \u00fcbernehmen, da es nicht gen\u00fcgend Arbeitsvertr\u00e4ge gibt. Manchmal ist es bedauerlich, junge Talente gehen zu lassen. Es freut mich immer sehr, wenn T\u00e4nzer*innen bei anderen Compagnien Erfolg haben. Viele sind auch sehr dankbar.<\/p>\n\n\n\n<p>Oftmals entdecken wir junge Talente von Anfang an. Bei manchen T\u00e4nzer*innen zeigt sich erst auf der B\u00fchne, was f\u00fcr eine grosse Ausstrahlung und&nbsp;<strong>B\u00fchnenpr\u00e4senz<\/strong>&nbsp;sie besitzen.<\/p>\n\n\n\n<div style=\"height:48px\" aria-hidden=\"true\" class=\"wp-block-spacer\"><\/div>\n\n\n\n<div class=\"wp-block-image\"><figure class=\"aligncenter size-large\"><img decoding=\"async\" loading=\"lazy\" width=\"1024\" height=\"682\" src=\"https:\/\/www.szenik.eu\/wp-content\/uploads\/2020\/07\/image1-1024x682.jpeg\" alt=\"\" class=\"wp-image-32699\" srcset=\"https:\/\/www.szenik.eu\/wp-content\/uploads\/2020\/07\/image1-1024x682.jpeg 1024w, https:\/\/www.szenik.eu\/wp-content\/uploads\/2020\/07\/image1-300x200.jpeg 300w, https:\/\/www.szenik.eu\/wp-content\/uploads\/2020\/07\/image1-768x511.jpeg 768w, https:\/\/www.szenik.eu\/wp-content\/uploads\/2020\/07\/image1-750x499.jpeg 750w, https:\/\/www.szenik.eu\/wp-content\/uploads\/2020\/07\/image1-1140x759.jpeg 1140w, https:\/\/www.szenik.eu\/wp-content\/uploads\/2020\/07\/image1.jpeg 1280w\" sizes=\"(max-width: 1024px) 100vw, 1024px\" \/><figcaption><em>Ballettprobe Jean-Fran\u00e7ois Boisnon, Irmina Kopaczynska und M\u00e9lissa Ligurgo\u00a9 Ballett Z\u00fcrich<\/em><\/figcaption><\/figure><\/div>\n\n\n\n<div style=\"height:43px\" aria-hidden=\"true\" class=\"wp-block-spacer\"><\/div>\n\n\n\n<p class=\"has-text-color has-vivid-cyan-blue-color\">E. H.: <em><strong>Wie sieht es mit Verletzungen beim Ballett Z\u00fcrich aus?<\/strong><\/em><\/p>\n\n\n\n<p>J.-F. B.: Als kleine Compagnie mit nur 36 T\u00e4nzer*innen sind Verletzungen ein grosses Problem. Letztes Jahr waren 6 Frauen verletzt. Da musste ich schnell entscheiden, um die Vorstellung noch retten zu k\u00f6nnen. Beispielsweise musste Emergence mit weniger T\u00e4nzerinnen auskommen, da wir keinen Ersatz hatten. Auch bei Ratmansky\u2019s Schwanensee hatte ich bei einer Vorstellung nur 4 anstatt 6 schwarze Schw\u00e4ne.<\/p>\n\n\n\n<p>Dieses Jahr haben wir 3 schwangere und 2 verletzte T\u00e4nzerinnen. Auch wenn wir&nbsp;<strong>mehrere Besetzungen<\/strong>&nbsp;in den grossen St\u00fccken haben, wird es im Corps de Ballett schnell eng. Oftmals kann ich jemanden von der Tanzakademie Z\u00fcrich oder eine Sch\u00fclerin der Ballettschule f\u00fcr das Opernhaus Z\u00fcrich einsetzen.<\/p>\n\n\n\n<p>Manchmal hilft\u00a0<strong>pures Gl\u00fcck\u00a0<\/strong>wie beispielsweise bei Giselle, als sich im 1. Akt ein M\u00e4dchen den Fuss verletzte. Eine Ballettsch\u00fclerin, die Ersatz war, sass im Zuschauerraum und hatte sogar ihre Spitzenschuhen dabei. Sie sprang kurzfristig ein. Die Pause\u00a0 wurde 15 Minuten verl\u00e4ngert, sodass ich sie trotz der knappen Zeit noch etwas vorbereiten konnte. Die Vorstellung war gerettet!<\/p>\n\n\n\n<div style=\"height:100px\" aria-hidden=\"true\" class=\"wp-block-spacer\"><\/div>\n\n\n\n<div class=\"wp-block-button aligncenter\"><a class=\"wp-block-button__link has-text-color has-very-dark-gray-color has-background has-luminous-vivid-amber-background-color\" href=\"https:\/\/www.szenik.eu\/de\/ein-ballettmeister-mit-vielfaeltigen-aufgaben-interview-mit-jean-francois-boisnon-ballettmeister-des-ballett-zuerich-31948\" target=\"_blank\" rel=\"noreferrer noopener\">Lesen Sie auch den ersten Teil des Interviews auf szenik.eu<\/a><\/div>\n\n\n\n<div style=\"height:34px\" aria-hidden=\"true\" class=\"wp-block-spacer\"><\/div>\n\n\n\n<div class=\"wp-block-button aligncenter\"><a class=\"wp-block-button__link has-text-color has-very-dark-gray-color has-background has-luminous-vivid-orange-background-color\" href=\"https:\/\/balletloversblog.com\/2020\/07\/01\/ein-ballettmeister-der-fordert-und-fordert\/#more-14071\" target=\"_blank\" rel=\"noreferrer noopener\">Zum Blog von Evi Hock<\/a><\/div>\n\n\n\n<div style=\"height:42px\" aria-hidden=\"true\" class=\"wp-block-spacer\"><\/div>\n\n\n\n<div class=\"wp-block-button aligncenter\"><a class=\"wp-block-button__link has-text-color has-very-dark-gray-color has-background has-pale-cyan-blue-background-color\" href=\"https:\/\/www.opernhaus.ch\/spielplan\/ballett\/\" target=\"_blank\" rel=\"noreferrer noopener\">Zum Programm des Ballett Z\u00fcrich<\/a><\/div>\n\n\n\n<div style=\"height:100px\" aria-hidden=\"true\" class=\"wp-block-spacer\"><\/div>\n\n\n\n<p class=\"has-small-font-size\">Foto: Ballett Z\u00fcrich<\/p>\n\n\n\n<div style=\"height:100px\" aria-hidden=\"true\" class=\"wp-block-spacer\"><\/div>\n\n\n\n<p><\/p>\n","protected":false},"excerpt":{"rendered":"<p>Als Lehrer, Trainer und Coach arbeitet\u00a0Jean-Fran\u00e7ois Boisnon\u00a0t\u00e4glich mit dem\u00a0Ballett Z\u00fcrich. In einem Interview im M\u00e4rz 2020 mit\u00a0Evi Hock\u00a0(Balletloversblog) gew\u00e4hrte er einen Einblick in seinen Arbeitsalltag. E. H.: Das Ballett Z\u00fcrich hat Ballette der renommiertesten Choreograf*innen im Repertoire. Wie ist die Zusammenarbeit mit Gastchoreografen? J.-F. B.: Ich arbeite mit vielen\u00a0Choreografen des (neo-) klassischen Balletts seit Jahren [&hellip;]<\/p>\n","protected":false},"author":1,"featured_media":32693,"comment_status":"open","ping_status":"open","sticky":false,"template":"","format":"standard","meta":{"_monsterinsights_skip_tracking":false,"_monsterinsights_sitenote_active":false,"_monsterinsights_sitenote_note":"","_monsterinsights_sitenote_category":0},"categories":[53,73],"tags":[5609,2218,5611,6893,2161,2856],"yoast_head":"<!-- This site is optimized with the Yoast SEO plugin v20.5 - https:\/\/yoast.com\/wordpress\/plugins\/seo\/ -->\n<title>Interview mit dem Z\u00fcrcher Ballettmeister Jean-Fran\u00e7ois Boisnon I szenik<\/title>\n<meta name=\"description\" content=\"Als Lehrer und Trainer arbeitet Jean-Fran\u00e7ois Boisnon t\u00e4glich mit dem Ballett Z\u00fcrich. In einem Interview mit Evi Hock sprach er \u00fcber seine Arbeit.\" \/>\n<meta name=\"robots\" content=\"index, follow, max-snippet:-1, max-image-preview:large, max-video-preview:-1\" \/>\n<link rel=\"canonical\" href=\"https:\/\/www.szenik.eu\/de\/interview-mit-jean-francois-boisnon-ballettmeister-ballett-zuerich-2-teil-32692\" \/>\n<meta property=\"og:locale\" content=\"de_DE\" \/>\n<meta property=\"og:type\" content=\"article\" \/>\n<meta property=\"og:title\" content=\"Interview mit dem Z\u00fcrcher Ballettmeister Jean-Fran\u00e7ois Boisnon I szenik\" \/>\n<meta property=\"og:description\" content=\"Als Lehrer und Trainer arbeitet Jean-Fran\u00e7ois Boisnon t\u00e4glich mit dem Ballett Z\u00fcrich. In einem Interview mit Evi Hock sprach er \u00fcber seine Arbeit.\" \/>\n<meta property=\"og:url\" content=\"https:\/\/www.szenik.eu\/de\/interview-mit-jean-francois-boisnon-ballettmeister-ballett-zuerich-2-teil-32692\" \/>\n<meta property=\"og:site_name\" content=\"szenik\" \/>\n<meta property=\"article:publisher\" content=\"https:\/\/www.facebook.com\/szenik.eu\/\" \/>\n<meta property=\"article:published_time\" content=\"2020-07-07T09:35:32+00:00\" \/>\n<meta property=\"article:modified_time\" content=\"2020-07-07T09:35:35+00:00\" \/>\n<meta property=\"og:image\" content=\"https:\/\/www.szenik.eu\/wp-content\/uploads\/2020\/07\/image0.jpeg\" \/>\n\t<meta property=\"og:image:width\" content=\"1280\" \/>\n\t<meta property=\"og:image:height\" content=\"720\" \/>\n\t<meta property=\"og:image:type\" content=\"image\/jpeg\" \/>\n<meta name=\"author\" content=\"szenik\" \/>\n<meta name=\"twitter:card\" content=\"summary_large_image\" \/>\n<meta name=\"twitter:creator\" content=\"@Szenik\" \/>\n<meta name=\"twitter:site\" content=\"@Szenik\" \/>\n<meta name=\"twitter:label1\" content=\"Verfasst von\" \/>\n\t<meta name=\"twitter:data1\" content=\"szenik\" \/>\n\t<meta name=\"twitter:label2\" content=\"Gesch\u00e4tzte Lesezeit\" \/>\n\t<meta name=\"twitter:data2\" content=\"5\u00a0Minuten\" \/>\n<script type=\"application\/ld+json\" class=\"yoast-schema-graph\">{\"@context\":\"https:\/\/schema.org\",\"@graph\":[{\"@type\":\"Article\",\"@id\":\"https:\/\/www.szenik.eu\/de\/interview-mit-jean-francois-boisnon-ballettmeister-ballett-zuerich-2-teil-32692#article\",\"isPartOf\":{\"@id\":\"https:\/\/www.szenik.eu\/de\/interview-mit-jean-francois-boisnon-ballettmeister-ballett-zuerich-2-teil-32692\"},\"author\":{\"name\":\"szenik\",\"@id\":\"https:\/\/www.szenik.eu\/de\/#\/schema\/person\/15f73f175b41bad194837490339d48fb\"},\"headline\":\"INTERVIEW MIT JEAN-FRAN\u00c7OIS BOISNON, BALLETTMEISTER BALLETT Z\u00dcRICH \u2013 2. TEIL\",\"datePublished\":\"2020-07-07T09:35:32+00:00\",\"dateModified\":\"2020-07-07T09:35:35+00:00\",\"mainEntityOfPage\":{\"@id\":\"https:\/\/www.szenik.eu\/de\/interview-mit-jean-francois-boisnon-ballettmeister-ballett-zuerich-2-teil-32692\"},\"wordCount\":1010,\"commentCount\":0,\"publisher\":{\"@id\":\"https:\/\/www.szenik.eu\/de\/#organization\"},\"keywords\":[\"Balletloversblog\",\"Ballett\",\"Ballett Z\u00fcrich\",\"Jean-Fran\u00e7ois Boisnon\",\"Tanz\",\"Z\u00fcrich\"],\"articleSection\":[\"Magazin\",\"Portr\u00e4ts und Gespr\u00e4che\"],\"inLanguage\":\"de\",\"potentialAction\":[{\"@type\":\"CommentAction\",\"name\":\"Comment\",\"target\":[\"https:\/\/www.szenik.eu\/de\/interview-mit-jean-francois-boisnon-ballettmeister-ballett-zuerich-2-teil-32692#respond\"]}]},{\"@type\":\"WebPage\",\"@id\":\"https:\/\/www.szenik.eu\/de\/interview-mit-jean-francois-boisnon-ballettmeister-ballett-zuerich-2-teil-32692\",\"url\":\"https:\/\/www.szenik.eu\/de\/interview-mit-jean-francois-boisnon-ballettmeister-ballett-zuerich-2-teil-32692\",\"name\":\"Interview mit dem Z\u00fcrcher Ballettmeister Jean-Fran\u00e7ois Boisnon I szenik\",\"isPartOf\":{\"@id\":\"https:\/\/www.szenik.eu\/de\/#website\"},\"datePublished\":\"2020-07-07T09:35:32+00:00\",\"dateModified\":\"2020-07-07T09:35:35+00:00\",\"description\":\"Als Lehrer und Trainer arbeitet Jean-Fran\u00e7ois Boisnon t\u00e4glich mit dem Ballett Z\u00fcrich. In einem Interview mit Evi Hock sprach er \u00fcber seine Arbeit.\",\"breadcrumb\":{\"@id\":\"https:\/\/www.szenik.eu\/de\/interview-mit-jean-francois-boisnon-ballettmeister-ballett-zuerich-2-teil-32692#breadcrumb\"},\"inLanguage\":\"de\",\"potentialAction\":[{\"@type\":\"ReadAction\",\"target\":[\"https:\/\/www.szenik.eu\/de\/interview-mit-jean-francois-boisnon-ballettmeister-ballett-zuerich-2-teil-32692\"]}]},{\"@type\":\"BreadcrumbList\",\"@id\":\"https:\/\/www.szenik.eu\/de\/interview-mit-jean-francois-boisnon-ballettmeister-ballett-zuerich-2-teil-32692#breadcrumb\",\"itemListElement\":[{\"@type\":\"ListItem\",\"position\":1,\"name\":\"Home\",\"item\":\"https:\/\/www.szenik.eu\/de\"},{\"@type\":\"ListItem\",\"position\":2,\"name\":\"INTERVIEW MIT JEAN-FRAN\u00c7OIS BOISNON, BALLETTMEISTER BALLETT Z\u00dcRICH \u2013 2. TEIL\"}]},{\"@type\":\"WebSite\",\"@id\":\"https:\/\/www.szenik.eu\/de\/#website\",\"url\":\"https:\/\/www.szenik.eu\/de\/\",\"name\":\"szenik\",\"description\":\"Le Meilleur des sc\u00e8nes au coeur de l&#039;Europe\",\"publisher\":{\"@id\":\"https:\/\/www.szenik.eu\/de\/#organization\"},\"potentialAction\":[{\"@type\":\"SearchAction\",\"target\":{\"@type\":\"EntryPoint\",\"urlTemplate\":\"https:\/\/www.szenik.eu\/de\/?s={search_term_string}\"},\"query-input\":\"required name=search_term_string\"}],\"inLanguage\":\"de\"},{\"@type\":\"Organization\",\"@id\":\"https:\/\/www.szenik.eu\/de\/#organization\",\"name\":\"Szenik\",\"url\":\"https:\/\/www.szenik.eu\/de\/\",\"logo\":{\"@type\":\"ImageObject\",\"inLanguage\":\"de\",\"@id\":\"https:\/\/www.szenik.eu\/de\/#\/schema\/logo\/image\/\",\"url\":\"https:\/\/www.szenik.eu\/wp-content\/uploads\/2019\/07\/logo-square.png\",\"contentUrl\":\"https:\/\/www.szenik.eu\/wp-content\/uploads\/2019\/07\/logo-square.png\",\"width\":512,\"height\":512,\"caption\":\"Szenik\"},\"image\":{\"@id\":\"https:\/\/www.szenik.eu\/de\/#\/schema\/logo\/image\/\"},\"sameAs\":[\"https:\/\/www.facebook.com\/szenik.eu\/\",\"https:\/\/twitter.com\/Szenik\",\"https:\/\/www.instagram.com\/szenik_magazine\/\",\"https:\/\/www.youtube.com\/user\/SzenikEU\/\"]},{\"@type\":\"Person\",\"@id\":\"https:\/\/www.szenik.eu\/de\/#\/schema\/person\/15f73f175b41bad194837490339d48fb\",\"name\":\"szenik\",\"image\":{\"@type\":\"ImageObject\",\"inLanguage\":\"de\",\"@id\":\"https:\/\/www.szenik.eu\/de\/#\/schema\/person\/image\/\",\"url\":\"https:\/\/secure.gravatar.com\/avatar\/d1c4f19522a624a4eaa5e6c03e22370b?s=96&d=mm&r=g\",\"contentUrl\":\"https:\/\/secure.gravatar.com\/avatar\/d1c4f19522a624a4eaa5e6c03e22370b?s=96&d=mm&r=g\",\"caption\":\"szenik\"}}]}<\/script>\n<!-- \/ Yoast SEO plugin. -->","yoast_head_json":{"title":"Interview mit dem Z\u00fcrcher Ballettmeister Jean-Fran\u00e7ois Boisnon I szenik","description":"Als Lehrer und Trainer arbeitet Jean-Fran\u00e7ois Boisnon t\u00e4glich mit dem Ballett Z\u00fcrich. In einem Interview mit Evi Hock sprach er \u00fcber seine Arbeit.","robots":{"index":"index","follow":"follow","max-snippet":"max-snippet:-1","max-image-preview":"max-image-preview:large","max-video-preview":"max-video-preview:-1"},"canonical":"https:\/\/www.szenik.eu\/de\/interview-mit-jean-francois-boisnon-ballettmeister-ballett-zuerich-2-teil-32692","og_locale":"de_DE","og_type":"article","og_title":"Interview mit dem Z\u00fcrcher Ballettmeister Jean-Fran\u00e7ois Boisnon I szenik","og_description":"Als Lehrer und Trainer arbeitet Jean-Fran\u00e7ois Boisnon t\u00e4glich mit dem Ballett Z\u00fcrich. In einem Interview mit Evi Hock sprach er \u00fcber seine Arbeit.","og_url":"https:\/\/www.szenik.eu\/de\/interview-mit-jean-francois-boisnon-ballettmeister-ballett-zuerich-2-teil-32692","og_site_name":"szenik","article_publisher":"https:\/\/www.facebook.com\/szenik.eu\/","article_published_time":"2020-07-07T09:35:32+00:00","article_modified_time":"2020-07-07T09:35:35+00:00","og_image":[{"width":1280,"height":720,"url":"https:\/\/www.szenik.eu\/wp-content\/uploads\/2020\/07\/image0.jpeg","type":"image\/jpeg"}],"author":"szenik","twitter_card":"summary_large_image","twitter_creator":"@Szenik","twitter_site":"@Szenik","twitter_misc":{"Verfasst von":"szenik","Gesch\u00e4tzte Lesezeit":"5\u00a0Minuten"},"schema":{"@context":"https:\/\/schema.org","@graph":[{"@type":"Article","@id":"https:\/\/www.szenik.eu\/de\/interview-mit-jean-francois-boisnon-ballettmeister-ballett-zuerich-2-teil-32692#article","isPartOf":{"@id":"https:\/\/www.szenik.eu\/de\/interview-mit-jean-francois-boisnon-ballettmeister-ballett-zuerich-2-teil-32692"},"author":{"name":"szenik","@id":"https:\/\/www.szenik.eu\/de\/#\/schema\/person\/15f73f175b41bad194837490339d48fb"},"headline":"INTERVIEW MIT JEAN-FRAN\u00c7OIS BOISNON, BALLETTMEISTER BALLETT Z\u00dcRICH \u2013 2. TEIL","datePublished":"2020-07-07T09:35:32+00:00","dateModified":"2020-07-07T09:35:35+00:00","mainEntityOfPage":{"@id":"https:\/\/www.szenik.eu\/de\/interview-mit-jean-francois-boisnon-ballettmeister-ballett-zuerich-2-teil-32692"},"wordCount":1010,"commentCount":0,"publisher":{"@id":"https:\/\/www.szenik.eu\/de\/#organization"},"keywords":["Balletloversblog","Ballett","Ballett Z\u00fcrich","Jean-Fran\u00e7ois Boisnon","Tanz","Z\u00fcrich"],"articleSection":["Magazin","Portr\u00e4ts und Gespr\u00e4che"],"inLanguage":"de","potentialAction":[{"@type":"CommentAction","name":"Comment","target":["https:\/\/www.szenik.eu\/de\/interview-mit-jean-francois-boisnon-ballettmeister-ballett-zuerich-2-teil-32692#respond"]}]},{"@type":"WebPage","@id":"https:\/\/www.szenik.eu\/de\/interview-mit-jean-francois-boisnon-ballettmeister-ballett-zuerich-2-teil-32692","url":"https:\/\/www.szenik.eu\/de\/interview-mit-jean-francois-boisnon-ballettmeister-ballett-zuerich-2-teil-32692","name":"Interview mit dem Z\u00fcrcher Ballettmeister Jean-Fran\u00e7ois Boisnon I szenik","isPartOf":{"@id":"https:\/\/www.szenik.eu\/de\/#website"},"datePublished":"2020-07-07T09:35:32+00:00","dateModified":"2020-07-07T09:35:35+00:00","description":"Als Lehrer und Trainer arbeitet Jean-Fran\u00e7ois Boisnon t\u00e4glich mit dem Ballett Z\u00fcrich. In einem Interview mit Evi Hock sprach er \u00fcber seine Arbeit.","breadcrumb":{"@id":"https:\/\/www.szenik.eu\/de\/interview-mit-jean-francois-boisnon-ballettmeister-ballett-zuerich-2-teil-32692#breadcrumb"},"inLanguage":"de","potentialAction":[{"@type":"ReadAction","target":["https:\/\/www.szenik.eu\/de\/interview-mit-jean-francois-boisnon-ballettmeister-ballett-zuerich-2-teil-32692"]}]},{"@type":"BreadcrumbList","@id":"https:\/\/www.szenik.eu\/de\/interview-mit-jean-francois-boisnon-ballettmeister-ballett-zuerich-2-teil-32692#breadcrumb","itemListElement":[{"@type":"ListItem","position":1,"name":"Home","item":"https:\/\/www.szenik.eu\/de"},{"@type":"ListItem","position":2,"name":"INTERVIEW MIT JEAN-FRAN\u00c7OIS BOISNON, BALLETTMEISTER BALLETT Z\u00dcRICH \u2013 2. TEIL"}]},{"@type":"WebSite","@id":"https:\/\/www.szenik.eu\/de\/#website","url":"https:\/\/www.szenik.eu\/de\/","name":"szenik","description":"Le Meilleur des sc\u00e8nes au coeur de l&#039;Europe","publisher":{"@id":"https:\/\/www.szenik.eu\/de\/#organization"},"potentialAction":[{"@type":"SearchAction","target":{"@type":"EntryPoint","urlTemplate":"https:\/\/www.szenik.eu\/de\/?s={search_term_string}"},"query-input":"required name=search_term_string"}],"inLanguage":"de"},{"@type":"Organization","@id":"https:\/\/www.szenik.eu\/de\/#organization","name":"Szenik","url":"https:\/\/www.szenik.eu\/de\/","logo":{"@type":"ImageObject","inLanguage":"de","@id":"https:\/\/www.szenik.eu\/de\/#\/schema\/logo\/image\/","url":"https:\/\/www.szenik.eu\/wp-content\/uploads\/2019\/07\/logo-square.png","contentUrl":"https:\/\/www.szenik.eu\/wp-content\/uploads\/2019\/07\/logo-square.png","width":512,"height":512,"caption":"Szenik"},"image":{"@id":"https:\/\/www.szenik.eu\/de\/#\/schema\/logo\/image\/"},"sameAs":["https:\/\/www.facebook.com\/szenik.eu\/","https:\/\/twitter.com\/Szenik","https:\/\/www.instagram.com\/szenik_magazine\/","https:\/\/www.youtube.com\/user\/SzenikEU\/"]},{"@type":"Person","@id":"https:\/\/www.szenik.eu\/de\/#\/schema\/person\/15f73f175b41bad194837490339d48fb","name":"szenik","image":{"@type":"ImageObject","inLanguage":"de","@id":"https:\/\/www.szenik.eu\/de\/#\/schema\/person\/image\/","url":"https:\/\/secure.gravatar.com\/avatar\/d1c4f19522a624a4eaa5e6c03e22370b?s=96&d=mm&r=g","contentUrl":"https:\/\/secure.gravatar.com\/avatar\/d1c4f19522a624a4eaa5e6c03e22370b?s=96&d=mm&r=g","caption":"szenik"}}]}},"jetpack_featured_media_url":"https:\/\/www.szenik.eu\/wp-content\/uploads\/2020\/07\/image0.jpeg","amp_enabled":true,"_links":{"self":[{"href":"https:\/\/www.szenik.eu\/de\/wp-json\/\/wp\/v2\/posts\/32692"}],"collection":[{"href":"https:\/\/www.szenik.eu\/de\/wp-json\/\/wp\/v2\/posts"}],"about":[{"href":"https:\/\/www.szenik.eu\/de\/wp-json\/\/wp\/v2\/types\/post"}],"author":[{"embeddable":true,"href":"https:\/\/www.szenik.eu\/de\/wp-json\/\/wp\/v2\/users\/1"}],"replies":[{"embeddable":true,"href":"https:\/\/www.szenik.eu\/de\/wp-json\/\/wp\/v2\/comments?post=32692"}],"version-history":[{"count":2,"href":"https:\/\/www.szenik.eu\/de\/wp-json\/\/wp\/v2\/posts\/32692\/revisions"}],"predecessor-version":[{"id":32702,"href":"https:\/\/www.szenik.eu\/de\/wp-json\/\/wp\/v2\/posts\/32692\/revisions\/32702"}],"wp:featuredmedia":[{"embeddable":true,"href":"https:\/\/www.szenik.eu\/de\/wp-json\/\/wp\/v2\/media\/32693"}],"wp:attachment":[{"href":"https:\/\/www.szenik.eu\/de\/wp-json\/\/wp\/v2\/media?parent=32692"}],"wp:term":[{"taxonomy":"category","embeddable":true,"href":"https:\/\/www.szenik.eu\/de\/wp-json\/\/wp\/v2\/categories?post=32692"},{"taxonomy":"post_tag","embeddable":true,"href":"https:\/\/www.szenik.eu\/de\/wp-json\/\/wp\/v2\/tags?post=32692"}],"curies":[{"name":"wp","href":"https:\/\/api.w.org\/{rel}","templated":true}]}}