{"id":31939,"date":"2020-06-02T15:51:26","date_gmt":"2020-06-02T13:51:26","guid":{"rendered":"https:\/\/www.szenik.eu\/?p=31939\/"},"modified":"2020-06-02T15:51:31","modified_gmt":"2020-06-02T13:51:31","slug":"necati-oeziri-wird-neuer-hausautor-am-nationaltheater-mannheim","status":"publish","type":"post","link":"https:\/\/www.szenik.eu\/de\/necati-oeziri-wird-neuer-hausautor-am-nationaltheater-mannheim-31939","title":{"rendered":"Necati \u00d6ziri wird neuer Hausautor am Nationaltheater Mannheim"},"content":{"rendered":"\n<h2>Der neue\u00a0<strong>Hausautor<\/strong>\u00a0am Nationaltheater Mannheim in der kommenden\u00a0<strong>Spielzeit 2020\/2021<\/strong>\u00a0hei\u00dft\u00a0<strong>Necati \u00d6ziri<\/strong>. Der 1988 geborene und im Ruhrgebiet aufgewachsene Autor und Dramaturg war von der Spielzeit 2013\/2014 bis einschlie\u00dflich 2016\/2017 Teil der Dramaturgie am\u00a0<strong>Maxim Gorki Theater Berlin<\/strong>, davon zwei Jahre k\u00fcnstlerischer Leiter des\u00a0<strong>Studio\u00a0\u042f<\/strong>.<\/h2>\n\n\n\n<div style=\"height:100px\" aria-hidden=\"true\" class=\"wp-block-spacer\"><\/div>\n\n\n\n<p><em>Pressemitteilung<\/em><\/p>\n\n\n\n<div style=\"height:100px\" aria-hidden=\"true\" class=\"wp-block-spacer\"><\/div>\n\n\n\n<p>Sein St\u00fcck\u00a0<strong>\u00bbGet Deutsch or die tryin\u2019\u00ab<\/strong>\u00a0wurde 2017 am Gorki Theater von Sebastian N\u00fcbling uraufgef\u00fchrt und 2018 zum\u00a0<strong>Heidelberger St\u00fcckemarkt<\/strong>\u00a0eingeladen. 2019 wurde\u00a0<strong>\u00bbDie Verlobung in St. Domingo \u2013 Ein Widerspruch\u00ab\u00a0<\/strong>am\u00a0<strong>Schauspielhaus Z\u00fcrich<\/strong>\u00a0uraufgef\u00fchrt, Regie ebenfalls Sebastian N\u00fcbling. <\/p>\n\n\n\n<p>Seit 2017 leitet Necati \u00d6ziri das\u00a0<strong>\u00bbInternationale Forum\u00ab<\/strong>\u00a0des\u00a0<strong>Theatertreffens der Berliner Festspiele<\/strong>. Necati \u00d6ziri studierte als Stipendiat der Heinrich-B\u00f6ll-Stiftung Philosophie, Germanistik und Neue Deutsche Literatur in Bochum, Istanbul, Olsztyn und Berlin.<\/p>\n\n\n\n<div style=\"height:46px\" aria-hidden=\"true\" class=\"wp-block-spacer\"><\/div>\n\n\n\n<figure class=\"wp-block-image size-large\"><img decoding=\"async\" loading=\"lazy\" width=\"711\" height=\"1024\" src=\"https:\/\/www.szenik.eu\/wp-content\/uploads\/2020\/06\/Necati\u00d6ziri_foto\u00a9christiankleiner_09-711x1024.jpg\" alt=\"\" class=\"wp-image-31940\" srcset=\"https:\/\/www.szenik.eu\/wp-content\/uploads\/2020\/06\/Necati\u00d6ziri_foto\u00a9christiankleiner_09-711x1024.jpg 711w, https:\/\/www.szenik.eu\/wp-content\/uploads\/2020\/06\/Necati\u00d6ziri_foto\u00a9christiankleiner_09-208x300.jpg 208w, https:\/\/www.szenik.eu\/wp-content\/uploads\/2020\/06\/Necati\u00d6ziri_foto\u00a9christiankleiner_09-768x1107.jpg 768w, https:\/\/www.szenik.eu\/wp-content\/uploads\/2020\/06\/Necati\u00d6ziri_foto\u00a9christiankleiner_09-1066x1536.jpg 1066w, https:\/\/www.szenik.eu\/wp-content\/uploads\/2020\/06\/Necati\u00d6ziri_foto\u00a9christiankleiner_09-1421x2048.jpg 1421w, https:\/\/www.szenik.eu\/wp-content\/uploads\/2020\/06\/Necati\u00d6ziri_foto\u00a9christiankleiner_09-750x1081.jpg 750w, https:\/\/www.szenik.eu\/wp-content\/uploads\/2020\/06\/Necati\u00d6ziri_foto\u00a9christiankleiner_09-1140x1643.jpg 1140w, https:\/\/www.szenik.eu\/wp-content\/uploads\/2020\/06\/Necati\u00d6ziri_foto\u00a9christiankleiner_09-scaled.jpg 1777w\" sizes=\"(max-width: 711px) 100vw, 711px\" \/><\/figure>\n\n\n\n<div style=\"height:39px\" aria-hidden=\"true\" class=\"wp-block-spacer\"><\/div>\n\n\n\n<h4>Lesungen und Workshops im \u00bbSupranationaltheater Frauheim\u00ab<\/h4>\n\n\n\n<p>Im Auftrag des <strong><a rel=\"noreferrer noopener\" aria-label=\"Nationaltheater Mannheim (opens in a new tab)\" href=\"https:\/\/www.nationaltheater-mannheim.de\" target=\"_blank\">Nationaltheater<\/a><a href=\"https:\/\/www.nationaltheater-mannheim.de\" target=\"_blank\" rel=\"noreferrer noopener\" aria-label=\"Nationaltheater Mannheim (opens in a new tab)\">s<\/a><a rel=\"noreferrer noopener\" aria-label=\"Nationaltheater Mannheim (opens in a new tab)\" href=\"https:\/\/www.nationaltheater-mannheim.de\" target=\"_blank\"> Mannheim<\/a><\/strong> hat Necati \u00d6ziri ein\u00a0<strong>neues St\u00fcck<\/strong>\u00a0geschrieben, das im\u00a0<strong>Januar 2021<\/strong>\u00a0in der Regie von\u00a0<strong>Sapir Heller<\/strong> im\u00a0<strong>Schauspielhaus<\/strong>\u00a0uraufgef\u00fchrt wird:\u00a0<strong>\u00bbGott Vater Einzelt\u00e4ter \u2013 Operation Kleist\u00ab<\/strong>\u00a0setzt die Auseinandersetzung mit dem Werk Heinrich von Kleists fort, die \u00d6ziri mit der \u00bbVerlobung\u00ab begonnen hat. Statt affirmativer \u00dcberschreibungen klassischer Texte, um diese f\u00fcr die Gegenwart zu aktualisieren, ist \u00d6ziris Methode die Korrektur: <\/p>\n\n\n\n<div style=\"height:44px\" aria-hidden=\"true\" class=\"wp-block-spacer\"><\/div>\n\n\n\n<blockquote class=\"wp-block-quote\"><p>\u00bbEtwas abzubilden und etwas zu brechen, ist ein Unterschied. Kunst ist kein einfacher Spiegel der Gesellschaft, sondern ein gebrochener, eingeschlagener Spiegel, der den Blick anders zur\u00fcckwirft, die Welt nicht abbildet, sondern neu ordnet\u00ab, sagt \u00d6ziri. <\/p><\/blockquote>\n\n\n\n<div style=\"height:48px\" aria-hidden=\"true\" class=\"wp-block-spacer\"><\/div>\n\n\n\n<p>Mit \u00bbGott Vater Einzelt\u00e4ter\u00ab widmet sich \u00d6ziri den M\u00e4nnerbildern im Werk Kleists. Zus\u00e4tzlich zu der Urauff\u00fchrung sind Lesungen, thematische Workshops und Veranstaltungen unter dem Dach des\u00a0<strong>\u00bbSupranationaltheaters Frauheim\u00ab<\/strong> geplant, das von seiner Vorg\u00e4ngerin\u00a0<strong>Sivan Ben Yishai<\/strong>, der Hausautorin der Spielzeit 19\/20, gegr\u00fcndet wurde.<\/p>\n\n\n\n<div style=\"height:100px\" aria-hidden=\"true\" class=\"wp-block-spacer\"><\/div>\n\n\n\n<div class=\"wp-block-button aligncenter\"><a class=\"wp-block-button__link has-text-color has-very-dark-gray-color has-background has-luminous-vivid-amber-background-color\" href=\"https:\/\/www.nationaltheater-mannheim.de\" target=\"_blank\" rel=\"noreferrer noopener\">Zur Website des Nationaltheaters Mannheim<\/a><\/div>\n\n\n\n<div style=\"height:100px\" aria-hidden=\"true\" class=\"wp-block-spacer\"><\/div>\n\n\n\n<p class=\"has-small-font-size\">Fotos: Christian Kleiner<\/p>\n\n\n\n<div style=\"height:100px\" aria-hidden=\"true\" class=\"wp-block-spacer\"><\/div>\n","protected":false},"excerpt":{"rendered":"<p>Der neue\u00a0Hausautor\u00a0am Nationaltheater Mannheim in der kommenden\u00a0Spielzeit 2020\/2021\u00a0hei\u00dft\u00a0Necati \u00d6ziri. Der 1988 geborene und im Ruhrgebiet aufgewachsene Autor und Dramaturg war von der Spielzeit 2013\/2014 bis einschlie\u00dflich 2016\/2017 Teil der Dramaturgie am\u00a0Maxim Gorki Theater Berlin, davon zwei Jahre k\u00fcnstlerischer Leiter des\u00a0Studio\u00a0\u042f. Pressemitteilung Sein St\u00fcck\u00a0\u00bbGet Deutsch or die tryin\u2019\u00ab\u00a0wurde 2017 am Gorki Theater von Sebastian N\u00fcbling uraufgef\u00fchrt [&hellip;]<\/p>\n","protected":false},"author":1,"featured_media":31942,"comment_status":"open","ping_status":"open","sticky":false,"template":"","format":"standard","meta":{"_monsterinsights_skip_tracking":false,"_monsterinsights_sitenote_active":false,"_monsterinsights_sitenote_note":"","_monsterinsights_sitenote_category":0},"categories":[6439,2815,53],"tags":[3305,3304,6892,2208],"yoast_head":"<!-- This site is optimized with the Yoast SEO plugin v20.5 - https:\/\/yoast.com\/wordpress\/plugins\/seo\/ -->\n<title>Necati \u00d6ziri wird neuer Hausautor am Nationaltheater Mannheim I szenik<\/title>\n<meta name=\"description\" content=\"Der neue Hausautor am Nationaltheater Mannheim in der Spielzeit 2020\/2021 hei\u00dft Necati \u00d6ziri. Im Januar 2021 wird er sogleich ein neues St\u00fcck vorstellen.\" \/>\n<meta name=\"robots\" content=\"index, follow, max-snippet:-1, max-image-preview:large, max-video-preview:-1\" \/>\n<link rel=\"canonical\" href=\"https:\/\/www.szenik.eu\/de\/necati-oeziri-wird-neuer-hausautor-am-nationaltheater-mannheim-31939\" \/>\n<meta property=\"og:locale\" content=\"de_DE\" \/>\n<meta property=\"og:type\" content=\"article\" \/>\n<meta property=\"og:title\" content=\"Necati \u00d6ziri wird neuer Hausautor am Nationaltheater Mannheim I szenik\" \/>\n<meta property=\"og:description\" content=\"Der neue Hausautor am Nationaltheater Mannheim in der Spielzeit 2020\/2021 hei\u00dft Necati \u00d6ziri. Im Januar 2021 wird er sogleich ein neues St\u00fcck vorstellen.\" \/>\n<meta property=\"og:url\" content=\"https:\/\/www.szenik.eu\/de\/necati-oeziri-wird-neuer-hausautor-am-nationaltheater-mannheim-31939\" \/>\n<meta property=\"og:site_name\" content=\"szenik\" \/>\n<meta property=\"article:publisher\" content=\"https:\/\/www.facebook.com\/szenik.eu\/\" \/>\n<meta property=\"article:published_time\" content=\"2020-06-02T13:51:26+00:00\" \/>\n<meta property=\"article:modified_time\" content=\"2020-06-02T13:51:31+00:00\" \/>\n<meta property=\"og:image\" content=\"https:\/\/www.szenik.eu\/wp-content\/uploads\/2020\/06\/Capture-d\u2019\u00e9cran-2020-06-02-\u00e0-15.49.32.png\" \/>\n\t<meta property=\"og:image:width\" content=\"1175\" \/>\n\t<meta property=\"og:image:height\" content=\"711\" \/>\n\t<meta property=\"og:image:type\" content=\"image\/png\" \/>\n<meta name=\"author\" content=\"szenik\" \/>\n<meta name=\"twitter:card\" content=\"summary_large_image\" \/>\n<meta name=\"twitter:creator\" content=\"@Szenik\" \/>\n<meta name=\"twitter:site\" content=\"@Szenik\" \/>\n<meta name=\"twitter:label1\" content=\"Verfasst von\" \/>\n\t<meta name=\"twitter:data1\" content=\"szenik\" \/>\n\t<meta name=\"twitter:label2\" content=\"Gesch\u00e4tzte Lesezeit\" \/>\n\t<meta name=\"twitter:data2\" content=\"1\u00a0Minute\" \/>\n<script type=\"application\/ld+json\" class=\"yoast-schema-graph\">{\"@context\":\"https:\/\/schema.org\",\"@graph\":[{\"@type\":\"Article\",\"@id\":\"https:\/\/www.szenik.eu\/de\/necati-oeziri-wird-neuer-hausautor-am-nationaltheater-mannheim-31939#article\",\"isPartOf\":{\"@id\":\"https:\/\/www.szenik.eu\/de\/necati-oeziri-wird-neuer-hausautor-am-nationaltheater-mannheim-31939\"},\"author\":{\"name\":\"szenik\",\"@id\":\"https:\/\/www.szenik.eu\/de\/#\/schema\/person\/15f73f175b41bad194837490339d48fb\"},\"headline\":\"Necati \u00d6ziri wird neuer Hausautor am Nationaltheater Mannheim\",\"datePublished\":\"2020-06-02T13:51:26+00:00\",\"dateModified\":\"2020-06-02T13:51:31+00:00\",\"mainEntityOfPage\":{\"@id\":\"https:\/\/www.szenik.eu\/de\/necati-oeziri-wird-neuer-hausautor-am-nationaltheater-mannheim-31939\"},\"wordCount\":298,\"commentCount\":0,\"publisher\":{\"@id\":\"https:\/\/www.szenik.eu\/de\/#organization\"},\"keywords\":[\"Mannheim\",\"Nationaltheater Mannheim\",\"Necati \u00d6ziri\",\"Theater\"],\"articleSection\":[\"DAS B\u00dcHNENLEBEN GEHT WEITER\",\"Kurz &amp; knackig\",\"Magazin\"],\"inLanguage\":\"de\",\"potentialAction\":[{\"@type\":\"CommentAction\",\"name\":\"Comment\",\"target\":[\"https:\/\/www.szenik.eu\/de\/necati-oeziri-wird-neuer-hausautor-am-nationaltheater-mannheim-31939#respond\"]}]},{\"@type\":\"WebPage\",\"@id\":\"https:\/\/www.szenik.eu\/de\/necati-oeziri-wird-neuer-hausautor-am-nationaltheater-mannheim-31939\",\"url\":\"https:\/\/www.szenik.eu\/de\/necati-oeziri-wird-neuer-hausautor-am-nationaltheater-mannheim-31939\",\"name\":\"Necati \u00d6ziri wird neuer Hausautor am Nationaltheater Mannheim I szenik\",\"isPartOf\":{\"@id\":\"https:\/\/www.szenik.eu\/de\/#website\"},\"datePublished\":\"2020-06-02T13:51:26+00:00\",\"dateModified\":\"2020-06-02T13:51:31+00:00\",\"description\":\"Der neue Hausautor am Nationaltheater Mannheim in der Spielzeit 2020\/2021 hei\u00dft Necati \u00d6ziri. Im Januar 2021 wird er sogleich ein neues St\u00fcck vorstellen.\",\"breadcrumb\":{\"@id\":\"https:\/\/www.szenik.eu\/de\/necati-oeziri-wird-neuer-hausautor-am-nationaltheater-mannheim-31939#breadcrumb\"},\"inLanguage\":\"de\",\"potentialAction\":[{\"@type\":\"ReadAction\",\"target\":[\"https:\/\/www.szenik.eu\/de\/necati-oeziri-wird-neuer-hausautor-am-nationaltheater-mannheim-31939\"]}]},{\"@type\":\"BreadcrumbList\",\"@id\":\"https:\/\/www.szenik.eu\/de\/necati-oeziri-wird-neuer-hausautor-am-nationaltheater-mannheim-31939#breadcrumb\",\"itemListElement\":[{\"@type\":\"ListItem\",\"position\":1,\"name\":\"Home\",\"item\":\"https:\/\/www.szenik.eu\/de\"},{\"@type\":\"ListItem\",\"position\":2,\"name\":\"Necati \u00d6ziri wird neuer Hausautor am Nationaltheater Mannheim\"}]},{\"@type\":\"WebSite\",\"@id\":\"https:\/\/www.szenik.eu\/de\/#website\",\"url\":\"https:\/\/www.szenik.eu\/de\/\",\"name\":\"szenik\",\"description\":\"Le Meilleur des sc\u00e8nes au coeur de l&#039;Europe\",\"publisher\":{\"@id\":\"https:\/\/www.szenik.eu\/de\/#organization\"},\"potentialAction\":[{\"@type\":\"SearchAction\",\"target\":{\"@type\":\"EntryPoint\",\"urlTemplate\":\"https:\/\/www.szenik.eu\/de\/?s={search_term_string}\"},\"query-input\":\"required name=search_term_string\"}],\"inLanguage\":\"de\"},{\"@type\":\"Organization\",\"@id\":\"https:\/\/www.szenik.eu\/de\/#organization\",\"name\":\"Szenik\",\"url\":\"https:\/\/www.szenik.eu\/de\/\",\"logo\":{\"@type\":\"ImageObject\",\"inLanguage\":\"de\",\"@id\":\"https:\/\/www.szenik.eu\/de\/#\/schema\/logo\/image\/\",\"url\":\"https:\/\/www.szenik.eu\/wp-content\/uploads\/2019\/07\/logo-square.png\",\"contentUrl\":\"https:\/\/www.szenik.eu\/wp-content\/uploads\/2019\/07\/logo-square.png\",\"width\":512,\"height\":512,\"caption\":\"Szenik\"},\"image\":{\"@id\":\"https:\/\/www.szenik.eu\/de\/#\/schema\/logo\/image\/\"},\"sameAs\":[\"https:\/\/www.facebook.com\/szenik.eu\/\",\"https:\/\/twitter.com\/Szenik\",\"https:\/\/www.instagram.com\/szenik_magazine\/\",\"https:\/\/www.youtube.com\/user\/SzenikEU\/\"]},{\"@type\":\"Person\",\"@id\":\"https:\/\/www.szenik.eu\/de\/#\/schema\/person\/15f73f175b41bad194837490339d48fb\",\"name\":\"szenik\",\"image\":{\"@type\":\"ImageObject\",\"inLanguage\":\"de\",\"@id\":\"https:\/\/www.szenik.eu\/de\/#\/schema\/person\/image\/\",\"url\":\"https:\/\/secure.gravatar.com\/avatar\/d1c4f19522a624a4eaa5e6c03e22370b?s=96&d=mm&r=g\",\"contentUrl\":\"https:\/\/secure.gravatar.com\/avatar\/d1c4f19522a624a4eaa5e6c03e22370b?s=96&d=mm&r=g\",\"caption\":\"szenik\"}}]}<\/script>\n<!-- \/ Yoast SEO plugin. -->","yoast_head_json":{"title":"Necati \u00d6ziri wird neuer Hausautor am Nationaltheater Mannheim I szenik","description":"Der neue Hausautor am Nationaltheater Mannheim in der Spielzeit 2020\/2021 hei\u00dft Necati \u00d6ziri. Im Januar 2021 wird er sogleich ein neues St\u00fcck vorstellen.","robots":{"index":"index","follow":"follow","max-snippet":"max-snippet:-1","max-image-preview":"max-image-preview:large","max-video-preview":"max-video-preview:-1"},"canonical":"https:\/\/www.szenik.eu\/de\/necati-oeziri-wird-neuer-hausautor-am-nationaltheater-mannheim-31939","og_locale":"de_DE","og_type":"article","og_title":"Necati \u00d6ziri wird neuer Hausautor am Nationaltheater Mannheim I szenik","og_description":"Der neue Hausautor am Nationaltheater Mannheim in der Spielzeit 2020\/2021 hei\u00dft Necati \u00d6ziri. Im Januar 2021 wird er sogleich ein neues St\u00fcck vorstellen.","og_url":"https:\/\/www.szenik.eu\/de\/necati-oeziri-wird-neuer-hausautor-am-nationaltheater-mannheim-31939","og_site_name":"szenik","article_publisher":"https:\/\/www.facebook.com\/szenik.eu\/","article_published_time":"2020-06-02T13:51:26+00:00","article_modified_time":"2020-06-02T13:51:31+00:00","og_image":[{"width":1175,"height":711,"url":"https:\/\/www.szenik.eu\/wp-content\/uploads\/2020\/06\/Capture-d\u2019\u00e9cran-2020-06-02-\u00e0-15.49.32.png","type":"image\/png"}],"author":"szenik","twitter_card":"summary_large_image","twitter_creator":"@Szenik","twitter_site":"@Szenik","twitter_misc":{"Verfasst von":"szenik","Gesch\u00e4tzte Lesezeit":"1\u00a0Minute"},"schema":{"@context":"https:\/\/schema.org","@graph":[{"@type":"Article","@id":"https:\/\/www.szenik.eu\/de\/necati-oeziri-wird-neuer-hausautor-am-nationaltheater-mannheim-31939#article","isPartOf":{"@id":"https:\/\/www.szenik.eu\/de\/necati-oeziri-wird-neuer-hausautor-am-nationaltheater-mannheim-31939"},"author":{"name":"szenik","@id":"https:\/\/www.szenik.eu\/de\/#\/schema\/person\/15f73f175b41bad194837490339d48fb"},"headline":"Necati \u00d6ziri wird neuer Hausautor am Nationaltheater Mannheim","datePublished":"2020-06-02T13:51:26+00:00","dateModified":"2020-06-02T13:51:31+00:00","mainEntityOfPage":{"@id":"https:\/\/www.szenik.eu\/de\/necati-oeziri-wird-neuer-hausautor-am-nationaltheater-mannheim-31939"},"wordCount":298,"commentCount":0,"publisher":{"@id":"https:\/\/www.szenik.eu\/de\/#organization"},"keywords":["Mannheim","Nationaltheater Mannheim","Necati \u00d6ziri","Theater"],"articleSection":["DAS B\u00dcHNENLEBEN GEHT WEITER","Kurz &amp; knackig","Magazin"],"inLanguage":"de","potentialAction":[{"@type":"CommentAction","name":"Comment","target":["https:\/\/www.szenik.eu\/de\/necati-oeziri-wird-neuer-hausautor-am-nationaltheater-mannheim-31939#respond"]}]},{"@type":"WebPage","@id":"https:\/\/www.szenik.eu\/de\/necati-oeziri-wird-neuer-hausautor-am-nationaltheater-mannheim-31939","url":"https:\/\/www.szenik.eu\/de\/necati-oeziri-wird-neuer-hausautor-am-nationaltheater-mannheim-31939","name":"Necati \u00d6ziri wird neuer Hausautor am Nationaltheater Mannheim I szenik","isPartOf":{"@id":"https:\/\/www.szenik.eu\/de\/#website"},"datePublished":"2020-06-02T13:51:26+00:00","dateModified":"2020-06-02T13:51:31+00:00","description":"Der neue Hausautor am Nationaltheater Mannheim in der Spielzeit 2020\/2021 hei\u00dft Necati \u00d6ziri. Im Januar 2021 wird er sogleich ein neues St\u00fcck vorstellen.","breadcrumb":{"@id":"https:\/\/www.szenik.eu\/de\/necati-oeziri-wird-neuer-hausautor-am-nationaltheater-mannheim-31939#breadcrumb"},"inLanguage":"de","potentialAction":[{"@type":"ReadAction","target":["https:\/\/www.szenik.eu\/de\/necati-oeziri-wird-neuer-hausautor-am-nationaltheater-mannheim-31939"]}]},{"@type":"BreadcrumbList","@id":"https:\/\/www.szenik.eu\/de\/necati-oeziri-wird-neuer-hausautor-am-nationaltheater-mannheim-31939#breadcrumb","itemListElement":[{"@type":"ListItem","position":1,"name":"Home","item":"https:\/\/www.szenik.eu\/de"},{"@type":"ListItem","position":2,"name":"Necati \u00d6ziri wird neuer Hausautor am Nationaltheater Mannheim"}]},{"@type":"WebSite","@id":"https:\/\/www.szenik.eu\/de\/#website","url":"https:\/\/www.szenik.eu\/de\/","name":"szenik","description":"Le Meilleur des sc\u00e8nes au coeur de l&#039;Europe","publisher":{"@id":"https:\/\/www.szenik.eu\/de\/#organization"},"potentialAction":[{"@type":"SearchAction","target":{"@type":"EntryPoint","urlTemplate":"https:\/\/www.szenik.eu\/de\/?s={search_term_string}"},"query-input":"required name=search_term_string"}],"inLanguage":"de"},{"@type":"Organization","@id":"https:\/\/www.szenik.eu\/de\/#organization","name":"Szenik","url":"https:\/\/www.szenik.eu\/de\/","logo":{"@type":"ImageObject","inLanguage":"de","@id":"https:\/\/www.szenik.eu\/de\/#\/schema\/logo\/image\/","url":"https:\/\/www.szenik.eu\/wp-content\/uploads\/2019\/07\/logo-square.png","contentUrl":"https:\/\/www.szenik.eu\/wp-content\/uploads\/2019\/07\/logo-square.png","width":512,"height":512,"caption":"Szenik"},"image":{"@id":"https:\/\/www.szenik.eu\/de\/#\/schema\/logo\/image\/"},"sameAs":["https:\/\/www.facebook.com\/szenik.eu\/","https:\/\/twitter.com\/Szenik","https:\/\/www.instagram.com\/szenik_magazine\/","https:\/\/www.youtube.com\/user\/SzenikEU\/"]},{"@type":"Person","@id":"https:\/\/www.szenik.eu\/de\/#\/schema\/person\/15f73f175b41bad194837490339d48fb","name":"szenik","image":{"@type":"ImageObject","inLanguage":"de","@id":"https:\/\/www.szenik.eu\/de\/#\/schema\/person\/image\/","url":"https:\/\/secure.gravatar.com\/avatar\/d1c4f19522a624a4eaa5e6c03e22370b?s=96&d=mm&r=g","contentUrl":"https:\/\/secure.gravatar.com\/avatar\/d1c4f19522a624a4eaa5e6c03e22370b?s=96&d=mm&r=g","caption":"szenik"}}]}},"jetpack_featured_media_url":"https:\/\/www.szenik.eu\/wp-content\/uploads\/2020\/06\/Capture-d\u2019\u00e9cran-2020-06-02-\u00e0-15.49.32.png","amp_enabled":true,"_links":{"self":[{"href":"https:\/\/www.szenik.eu\/de\/wp-json\/\/wp\/v2\/posts\/31939"}],"collection":[{"href":"https:\/\/www.szenik.eu\/de\/wp-json\/\/wp\/v2\/posts"}],"about":[{"href":"https:\/\/www.szenik.eu\/de\/wp-json\/\/wp\/v2\/types\/post"}],"author":[{"embeddable":true,"href":"https:\/\/www.szenik.eu\/de\/wp-json\/\/wp\/v2\/users\/1"}],"replies":[{"embeddable":true,"href":"https:\/\/www.szenik.eu\/de\/wp-json\/\/wp\/v2\/comments?post=31939"}],"version-history":[{"count":1,"href":"https:\/\/www.szenik.eu\/de\/wp-json\/\/wp\/v2\/posts\/31939\/revisions"}],"predecessor-version":[{"id":31944,"href":"https:\/\/www.szenik.eu\/de\/wp-json\/\/wp\/v2\/posts\/31939\/revisions\/31944"}],"wp:featuredmedia":[{"embeddable":true,"href":"https:\/\/www.szenik.eu\/de\/wp-json\/\/wp\/v2\/media\/31942"}],"wp:attachment":[{"href":"https:\/\/www.szenik.eu\/de\/wp-json\/\/wp\/v2\/media?parent=31939"}],"wp:term":[{"taxonomy":"category","embeddable":true,"href":"https:\/\/www.szenik.eu\/de\/wp-json\/\/wp\/v2\/categories?post=31939"},{"taxonomy":"post_tag","embeddable":true,"href":"https:\/\/www.szenik.eu\/de\/wp-json\/\/wp\/v2\/tags?post=31939"}],"curies":[{"name":"wp","href":"https:\/\/api.w.org\/{rel}","templated":true}]}}