{"id":31649,"date":"2020-05-18T17:26:59","date_gmt":"2020-05-18T15:26:59","guid":{"rendered":"https:\/\/www.szenik.eu\/?p=31649\/"},"modified":"2020-05-18T17:27:05","modified_gmt":"2020-05-18T15:27:05","slug":"druecken-sie-auf-play-die-musiknetzspiele-saar-sind-eroeffnet","status":"publish","type":"post","link":"https:\/\/www.szenik.eu\/de\/druecken-sie-auf-play-die-musiknetzspiele-saar-sind-eroeffnet-31649","title":{"rendered":"Dr\u00fccken Sie auf Play: Die MusikNetzSpiele Saar sind er\u00f6ffnet!"},"content":{"rendered":"\n<h2>Nach Verlegung des diesj\u00e4hrigen Programms der <strong>Musikfestspiele Saar<\/strong> auf das kommende Jahr hat das Festivalteam dar\u00fcber nachgedacht, wie in Zeiten r\u00e4umlicher Distanz trotzdem musikalische Gemeinschaftserlebnisse geschaffen werden k\u00f6nnen. Entstanden ist eine digitale Konzertreihe, die jeweils am Konzerttag Konzertmitschnitte, Videogr\u00fc\u00dfe oder Exklusiv-Einspielungen der K\u00fcnstler f\u00fcr Sie bereit h\u00e4lt.<\/h2>\n\n\n\n<div style=\"height:100px\" aria-hidden=\"true\" class=\"wp-block-spacer\"><\/div>\n\n\n\n<p><em>Pressemitteilung<\/em><\/p>\n\n\n\n<div style=\"height:100px\" aria-hidden=\"true\" class=\"wp-block-spacer\"><\/div>\n\n\n\n<p>Das gesamte Programm ist ab Samstag 12 Uhr zu sehen, die Videos \u00f6ffnen sich jedoch am Konzerttag wie ein Kalendert\u00fcrchen und halten musikalische Leckerbissen f\u00fcr unser Publikum bereit. Die Konzertseite ist ab Samstag einsehbar unter:\u00a0<strong><em><a rel=\"noreferrer noopener\" aria-label=\"https:\/\/musikfestspielesaar.de\/musiknetzspiele- saar\/ (opens in a new tab)\" href=\"https:\/\/musikfestspielesaar.de\" target=\"_blank\">www.musikfestspielesaar.de<\/a><\/em><\/strong><\/p>\n\n\n\n<p>Somit bieten wir unseren K\u00fcnstlern ein Podium und k\u00fcndigen diese gerne f\u00fcr das kommende Jahr an. Denn viele unserer K\u00fcnstler trifft die jetzige Situation sehr hart, weshalb wir uns dazu entschieden haben, das Programm \u201eUnerh\u00f6rt\u201c der Musikfestspiele Saar in 2021&nbsp;nachzuholen. Nach jetziger Planung sieht es danach aus, als k\u00f6nnten alle K\u00fcnstler es im Zeitraum April\/Mai 2021 einrichten, ihr Engagement im Saarland anzunehmen.<\/p>\n\n\n\n<p>Doch auch f\u00fcr die Musikfestspiele ist die Situation schwierig, sind sie ein Festival, dass sich nahezu g\u00e4nzlich aus privatem Engagement und dem Engagement langj\u00e4hriger Partner finanziert. Viele unserer Partner k\u00e4mpfen gerade selbst ums wirtschaftliche \u00dcberleben und k\u00f6nnen uns verst\u00e4ndlicherweise in diesem Jahr nicht so unter die Arme greifen wie sonst. In Werbung, Grafik, Druck und Personal musste aber trotz Absage der Festspiele im Vorfeld investiert werden.<\/p>\n\n\n\n<p>Mit Freude haben wir vernommen, dass uns viele Menschen kontaktiert haben, inwiefern die Musikfestspiele Saar unterst\u00fctzt werden k\u00f6nnen.<\/p>\n\n\n\n<p>Deshalb starten wir verbunden mit der Er\u00f6ffnung der MusikNetzSpiele einem Spendenaufruf, um das Loch in der Finanzkasse zu stopfen und somit die M\u00f6glichkeit zu haben, im n\u00e4chsten Jahr all unsere K\u00fcnstler hier begr\u00fc\u00dfen zu d\u00fcrfen.<\/p>\n\n\n\n<p class=\"has-text-align-left\">Zum einen kann uns durch die Nicht-R\u00fcckgabe der Tickets eine Spende zukommen.<br>Au\u00dferdem gibt es die M\u00f6glichkeit, in unseren F\u00f6rderverein einzutreten. <br><br>Infos unter:\u00a0<strong><em>https:\/\/musikfestspielesaar.de\/foerderverein\/<\/em><\/strong><\/p>\n\n\n\n<div style=\"height:100px\" aria-hidden=\"true\" class=\"wp-block-spacer\"><\/div>\n\n\n\n<p class=\"has-background has-text-align-center has-medium-font-size has-pale-cyan-blue-background-color\"><strong><em>Programm<\/em><\/strong><\/p>\n\n\n\n<div style=\"height:20px\" aria-hidden=\"true\" class=\"wp-block-spacer\"><\/div>\n\n\n\n<div class=\"wp-block-media-text alignwide is-image-fill\"><figure class=\"wp-block-media-text__media\" style=\"background-image:url(https:\/\/www.szenik.eu\/wp-content\/uploads\/2020\/05\/Capture-d\u2019\u00e9cran-2020-05-18-\u00e0-16.46.56.png);background-position:49.572649572649574% 25.882352941176475%\"><img decoding=\"async\" loading=\"lazy\" width=\"487\" height=\"709\" src=\"https:\/\/www.szenik.eu\/wp-content\/uploads\/2020\/05\/Capture-d\u2019\u00e9cran-2020-05-18-\u00e0-16.46.56.png\" alt=\"\" class=\"wp-image-31650\" srcset=\"https:\/\/www.szenik.eu\/wp-content\/uploads\/2020\/05\/Capture-d\u2019\u00e9cran-2020-05-18-\u00e0-16.46.56.png 487w, https:\/\/www.szenik.eu\/wp-content\/uploads\/2020\/05\/Capture-d\u2019\u00e9cran-2020-05-18-\u00e0-16.46.56-206x300.png 206w\" sizes=\"(max-width: 487px) 100vw, 487px\" \/><\/figure><div class=\"wp-block-media-text__content\">\n<p><em>9. Mai 2020:<\/em><\/p>\n\n\n\n<p><em>Er\u00f6ffnung mit Videobotschaft von <strong><a href=\"https:\/\/www.leonardy.org\" target=\"_blank\" rel=\"noreferrer noopener\" aria-label=\"Bernhard Leonardy (opens in a new tab)\">Bernhard Leonardy<\/a><\/strong><br>Einspielung G.F. H\u00e4ndel Sonate F-Dur f\u00fcr Fl\u00f6te und Orgel von Bernhard Leonardy und Eva Karolina Behr Team stellt sich vor<\/em><\/p>\n\n\n\n<p class=\"has-small-font-size\">Foto: Bernhard Leonardy I Musikfestspiele Saar<\/p>\n<\/div><\/div>\n\n\n\n<div style=\"height:20px\" aria-hidden=\"true\" class=\"wp-block-spacer\"><\/div>\n\n\n\n<div class=\"wp-block-media-text alignwide is-image-fill\"><figure class=\"wp-block-media-text__media\" style=\"background-image:url(https:\/\/www.szenik.eu\/wp-content\/uploads\/2020\/05\/Capture-d\u2019\u00e9cran-2020-05-18-\u00e0-16.48.43.png);background-position:50% 50%\"><img decoding=\"async\" loading=\"lazy\" width=\"974\" height=\"709\" src=\"https:\/\/www.szenik.eu\/wp-content\/uploads\/2020\/05\/Capture-d\u2019\u00e9cran-2020-05-18-\u00e0-16.48.43.png\" alt=\"\" class=\"wp-image-31652\" srcset=\"https:\/\/www.szenik.eu\/wp-content\/uploads\/2020\/05\/Capture-d\u2019\u00e9cran-2020-05-18-\u00e0-16.48.43.png 974w, https:\/\/www.szenik.eu\/wp-content\/uploads\/2020\/05\/Capture-d\u2019\u00e9cran-2020-05-18-\u00e0-16.48.43-300x218.png 300w, https:\/\/www.szenik.eu\/wp-content\/uploads\/2020\/05\/Capture-d\u2019\u00e9cran-2020-05-18-\u00e0-16.48.43-768x559.png 768w, https:\/\/www.szenik.eu\/wp-content\/uploads\/2020\/05\/Capture-d\u2019\u00e9cran-2020-05-18-\u00e0-16.48.43-120x86.png 120w, https:\/\/www.szenik.eu\/wp-content\/uploads\/2020\/05\/Capture-d\u2019\u00e9cran-2020-05-18-\u00e0-16.48.43-750x546.png 750w\" sizes=\"(max-width: 974px) 100vw, 974px\" \/><\/figure><div class=\"wp-block-media-text__content\">\n<p class=\"has-normal-font-size\"><em>10. Mai 2020: <\/em><\/p>\n\n\n\n<p class=\"has-normal-font-size\"><em><strong><a href=\"http:\/\/www.schumannquartett.de\" target=\"_blank\" rel=\"noreferrer noopener\" aria-label=\"Das Schumann Quartett (opens in a new tab)\">Das Schumann Quartett<\/a><\/strong> spielt Streichquartett Nr. 6 f-moll von Felix Mendelssohn<\/em><\/p>\n\n\n\n<p class=\"has-small-font-size\">Foto: Schumann Quartett I Kaupo Kikkas<\/p>\n<\/div><\/div>\n\n\n\n<div style=\"height:20px\" aria-hidden=\"true\" class=\"wp-block-spacer\"><\/div>\n\n\n\n<div class=\"wp-block-media-text alignwide is-image-fill\"><figure class=\"wp-block-media-text__media\" style=\"background-image:url(https:\/\/www.szenik.eu\/wp-content\/uploads\/2020\/05\/Capture-d\u2019\u00e9cran-2020-05-18-\u00e0-16.50.04.png);background-position:50% 50%\"><img decoding=\"async\" loading=\"lazy\" width=\"485\" height=\"709\" src=\"https:\/\/www.szenik.eu\/wp-content\/uploads\/2020\/05\/Capture-d\u2019\u00e9cran-2020-05-18-\u00e0-16.50.04.png\" alt=\"\" class=\"wp-image-31654\" srcset=\"https:\/\/www.szenik.eu\/wp-content\/uploads\/2020\/05\/Capture-d\u2019\u00e9cran-2020-05-18-\u00e0-16.50.04.png 485w, https:\/\/www.szenik.eu\/wp-content\/uploads\/2020\/05\/Capture-d\u2019\u00e9cran-2020-05-18-\u00e0-16.50.04-205x300.png 205w\" sizes=\"(max-width: 485px) 100vw, 485px\" \/><\/figure><div class=\"wp-block-media-text__content\">\n<p class=\"has-normal-font-size\"><em>12. Mai 2020: <\/em><\/p>\n\n\n\n<p class=\"has-normal-font-size\"><em>Antonia und Maximilian Argmann exklusiv\u00a0\u2013\u00a0die beiden spielen extra f\u00fcr die Musikfestspiele ein St\u00fcck ein. Der Titel ist eine \u00dcberraschung<\/em><\/p>\n\n\n\n<p class=\"has-small-font-size\">Foto: Antonia Argmann I Argmann<\/p>\n<\/div><\/div>\n\n\n\n<div style=\"height:20px\" aria-hidden=\"true\" class=\"wp-block-spacer\"><\/div>\n\n\n\n<div class=\"wp-block-media-text alignwide is-image-fill\"><figure class=\"wp-block-media-text__media\" style=\"background-image:url(https:\/\/www.szenik.eu\/wp-content\/uploads\/2020\/05\/Capture-d\u2019\u00e9cran-2020-05-18-\u00e0-16.52.26-1024x684.png);background-position:50% 50%\"><img decoding=\"async\" loading=\"lazy\" width=\"1024\" height=\"684\" src=\"https:\/\/www.szenik.eu\/wp-content\/uploads\/2020\/05\/Capture-d\u2019\u00e9cran-2020-05-18-\u00e0-16.52.26-1024x684.png\" alt=\"\" class=\"wp-image-31656\" srcset=\"https:\/\/www.szenik.eu\/wp-content\/uploads\/2020\/05\/Capture-d\u2019\u00e9cran-2020-05-18-\u00e0-16.52.26-1024x684.png 1024w, https:\/\/www.szenik.eu\/wp-content\/uploads\/2020\/05\/Capture-d\u2019\u00e9cran-2020-05-18-\u00e0-16.52.26-300x200.png 300w, https:\/\/www.szenik.eu\/wp-content\/uploads\/2020\/05\/Capture-d\u2019\u00e9cran-2020-05-18-\u00e0-16.52.26-768x513.png 768w, https:\/\/www.szenik.eu\/wp-content\/uploads\/2020\/05\/Capture-d\u2019\u00e9cran-2020-05-18-\u00e0-16.52.26-750x501.png 750w, https:\/\/www.szenik.eu\/wp-content\/uploads\/2020\/05\/Capture-d\u2019\u00e9cran-2020-05-18-\u00e0-16.52.26.png 1077w\" sizes=\"(max-width: 1024px) 100vw, 1024px\" \/><\/figure><div class=\"wp-block-media-text__content\">\n<p class=\"has-normal-font-size\"><em>17. Mai 2020: <\/em><\/p>\n\n\n\n<p class=\"has-normal-font-size\"><em>Mit <strong><a href=\"http:\/\/www.voces8.com\" target=\"_blank\" rel=\"noreferrer noopener\" aria-label=\"Voces 8 (opens in a new tab)\">Voces 8<\/a><\/strong> von Palestrina bis P\u00e4rt: 6 verschiedene Konzertausschnitte quer durch die Jahrhunderte<\/em><\/p>\n\n\n\n<p class=\"has-small-font-size\">Foto: Voces 8 I Kaupo Kikkas<\/p>\n<\/div><\/div>\n\n\n\n<div style=\"height:20px\" aria-hidden=\"true\" class=\"wp-block-spacer\"><\/div>\n\n\n\n<div class=\"wp-block-media-text alignwide is-image-fill\"><figure class=\"wp-block-media-text__media\" style=\"background-image:url(https:\/\/www.szenik.eu\/wp-content\/uploads\/2020\/05\/Capture-d\u2019\u00e9cran-2020-05-18-\u00e0-16.54.13-1024x663.png);background-position:50% 50%\"><img decoding=\"async\" loading=\"lazy\" width=\"1024\" height=\"663\" src=\"https:\/\/www.szenik.eu\/wp-content\/uploads\/2020\/05\/Capture-d\u2019\u00e9cran-2020-05-18-\u00e0-16.54.13-1024x663.png\" alt=\"\" class=\"wp-image-31658\" srcset=\"https:\/\/www.szenik.eu\/wp-content\/uploads\/2020\/05\/Capture-d\u2019\u00e9cran-2020-05-18-\u00e0-16.54.13-1024x663.png 1024w, https:\/\/www.szenik.eu\/wp-content\/uploads\/2020\/05\/Capture-d\u2019\u00e9cran-2020-05-18-\u00e0-16.54.13-300x194.png 300w, https:\/\/www.szenik.eu\/wp-content\/uploads\/2020\/05\/Capture-d\u2019\u00e9cran-2020-05-18-\u00e0-16.54.13-768x497.png 768w, https:\/\/www.szenik.eu\/wp-content\/uploads\/2020\/05\/Capture-d\u2019\u00e9cran-2020-05-18-\u00e0-16.54.13-750x486.png 750w, https:\/\/www.szenik.eu\/wp-content\/uploads\/2020\/05\/Capture-d\u2019\u00e9cran-2020-05-18-\u00e0-16.54.13.png 1095w\" sizes=\"(max-width: 1024px) 100vw, 1024px\" \/><\/figure><div class=\"wp-block-media-text__content\">\n<p class=\"has-normal-font-size\"><em>19. Mai 2020: <\/em><\/p>\n\n\n\n<p class=\"has-normal-font-size\"><em><strong><a href=\"https:\/\/www.facebook.com\/OlivierLATRY.Official\/\" target=\"_blank\" rel=\"noreferrer noopener\" aria-label=\"Olivier Latry (opens in a new tab)\">Olivier Latry<\/a><\/strong> spielt Bachs Toccata und Fuge BWV 565 in der Kathedrale Notre-Dame de Paris<\/em><\/p>\n\n\n\n<p class=\"has-small-font-size\">Foto: Olivier Latry I Son<\/p>\n<\/div><\/div>\n\n\n\n<div style=\"height:20px\" aria-hidden=\"true\" class=\"wp-block-spacer\"><\/div>\n\n\n\n<div class=\"wp-block-media-text alignwide is-image-fill\"><figure class=\"wp-block-media-text__media\" style=\"background-image:url(https:\/\/www.szenik.eu\/wp-content\/uploads\/2020\/05\/Capture-d\u2019\u00e9cran-2020-05-18-\u00e0-16.56.50.png);background-position:50% 50%\"><img decoding=\"async\" loading=\"lazy\" width=\"378\" height=\"510\" src=\"https:\/\/www.szenik.eu\/wp-content\/uploads\/2020\/05\/Capture-d\u2019\u00e9cran-2020-05-18-\u00e0-16.56.50.png\" alt=\"\" class=\"wp-image-31660\" srcset=\"https:\/\/www.szenik.eu\/wp-content\/uploads\/2020\/05\/Capture-d\u2019\u00e9cran-2020-05-18-\u00e0-16.56.50.png 378w, https:\/\/www.szenik.eu\/wp-content\/uploads\/2020\/05\/Capture-d\u2019\u00e9cran-2020-05-18-\u00e0-16.56.50-222x300.png 222w\" sizes=\"(max-width: 378px) 100vw, 378px\" \/><\/figure><div class=\"wp-block-media-text__content\">\n<p class=\"has-normal-font-size\"><em>21. Mai 2020: <\/em><\/p>\n\n\n\n<p class=\"has-normal-font-size\"><em>L\u2019amiti\u00e9 franco-allemande: <strong><a href=\"http:\/\/www.an-erminig.de\/?lang=fr\" target=\"_blank\" rel=\"noreferrer noopener\" aria-label=\"An Erminig (opens in a new tab)\">An Erminig<\/a><\/strong> pr\u00e4sentieren ihre neue CD Plomadeg und No\u00e9mi et les ricochets haben zwei Chansons extra f\u00fcr die Musikfestspiele aufgenommen: La vie en rose, Mon dieu<\/em><\/p>\n\n\n\n<p class=\"has-small-font-size\">Foto: An Erminig I An Erminig<\/p>\n<\/div><\/div>\n\n\n\n<div style=\"height:20px\" aria-hidden=\"true\" class=\"wp-block-spacer\"><\/div>\n\n\n\n<div class=\"wp-block-media-text alignwide is-image-fill\"><figure class=\"wp-block-media-text__media\" style=\"background-image:url(https:\/\/www.szenik.eu\/wp-content\/uploads\/2020\/05\/Capture-d\u2019\u00e9cran-2020-05-18-\u00e0-16.57.49-1024x662.png);background-position:50% 50%\"><img decoding=\"async\" loading=\"lazy\" width=\"1024\" height=\"662\" src=\"https:\/\/www.szenik.eu\/wp-content\/uploads\/2020\/05\/Capture-d\u2019\u00e9cran-2020-05-18-\u00e0-16.57.49-1024x662.png\" alt=\"\" class=\"wp-image-31664\" srcset=\"https:\/\/www.szenik.eu\/wp-content\/uploads\/2020\/05\/Capture-d\u2019\u00e9cran-2020-05-18-\u00e0-16.57.49-1024x662.png 1024w, https:\/\/www.szenik.eu\/wp-content\/uploads\/2020\/05\/Capture-d\u2019\u00e9cran-2020-05-18-\u00e0-16.57.49-300x194.png 300w, https:\/\/www.szenik.eu\/wp-content\/uploads\/2020\/05\/Capture-d\u2019\u00e9cran-2020-05-18-\u00e0-16.57.49-768x497.png 768w, https:\/\/www.szenik.eu\/wp-content\/uploads\/2020\/05\/Capture-d\u2019\u00e9cran-2020-05-18-\u00e0-16.57.49-750x485.png 750w, https:\/\/www.szenik.eu\/wp-content\/uploads\/2020\/05\/Capture-d\u2019\u00e9cran-2020-05-18-\u00e0-16.57.49.png 1095w\" sizes=\"(max-width: 1024px) 100vw, 1024px\" \/><\/figure><div class=\"wp-block-media-text__content\">\n<p class=\"has-normal-font-size\"><em>23. Mai 2020: <\/em><\/p>\n\n\n\n<p class=\"has-normal-font-size\"><em>Konzertmitschnitt des Antrittskonzertes von Omer Meirr Wellber bei dem <strong><a href=\"https:\/\/www.bbc.co.uk\/philharmonic\" target=\"_blank\" rel=\"noreferrer noopener\" aria-label=\"BBC Philharmonic Orchestra (opens in a new tab)\">BBC Philharmonic Orchestra<\/a><\/strong> am 14. September 2019<br>Das BBC Philharmonic Orchestra spielt mit Wellber selbst am Klavier das Klavierkonzert in A-Dur, KV 414 von Wolfgang Amadeus Mozart<\/em><\/p>\n\n\n\n<p class=\"has-small-font-size\">Foto: BBCP I Matt Squire<\/p>\n<\/div><\/div>\n\n\n\n<div style=\"height:20px\" aria-hidden=\"true\" class=\"wp-block-spacer\"><\/div>\n\n\n\n<div class=\"wp-block-media-text alignwide is-image-fill\"><figure class=\"wp-block-media-text__media\" style=\"background-image:url(https:\/\/www.szenik.eu\/wp-content\/uploads\/2020\/05\/Capture-d\u2019\u00e9cran-2020-05-18-\u00e0-16.59.22.png);background-position:47.286821705426355% 7.647058823529412%\"><img decoding=\"async\" loading=\"lazy\" width=\"536\" height=\"706\" src=\"https:\/\/www.szenik.eu\/wp-content\/uploads\/2020\/05\/Capture-d\u2019\u00e9cran-2020-05-18-\u00e0-16.59.22.png\" alt=\"\" class=\"wp-image-31662\" srcset=\"https:\/\/www.szenik.eu\/wp-content\/uploads\/2020\/05\/Capture-d\u2019\u00e9cran-2020-05-18-\u00e0-16.59.22.png 536w, https:\/\/www.szenik.eu\/wp-content\/uploads\/2020\/05\/Capture-d\u2019\u00e9cran-2020-05-18-\u00e0-16.59.22-228x300.png 228w\" sizes=\"(max-width: 536px) 100vw, 536px\" \/><\/figure><div class=\"wp-block-media-text__content\">\n<p class=\"has-normal-font-size\"><em><strong><a href=\"https:\/\/www.janvogler.com\/en-us\/\" target=\"_blank\" rel=\"noreferrer noopener\" aria-label=\"Jan Vogler (opens in a new tab)\">Jan Vogler<\/a><\/strong>, der als Solist aufgetreten w\u00e4re, schickt einen Videogru\u00df und ein St\u00fcck von sich.<\/em><\/p>\n\n\n\n<p class=\"has-small-font-size\">Foto: Jan Vogler I Felix_Broede<\/p>\n<\/div><\/div>\n\n\n\n<div style=\"height:20px\" aria-hidden=\"true\" class=\"wp-block-spacer\"><\/div>\n\n\n\n<div class=\"wp-block-media-text alignwide is-image-fill\"><figure class=\"wp-block-media-text__media\" style=\"background-image:url(https:\/\/www.szenik.eu\/wp-content\/uploads\/2020\/05\/Capture-d\u2019\u00e9cran-2020-05-18-\u00e0-17.02.44.png);background-position:50% 50%\"><img decoding=\"async\" loading=\"lazy\" width=\"488\" height=\"710\" src=\"https:\/\/www.szenik.eu\/wp-content\/uploads\/2020\/05\/Capture-d\u2019\u00e9cran-2020-05-18-\u00e0-17.02.44.png\" alt=\"\" class=\"wp-image-31666\" srcset=\"https:\/\/www.szenik.eu\/wp-content\/uploads\/2020\/05\/Capture-d\u2019\u00e9cran-2020-05-18-\u00e0-17.02.44.png 488w, https:\/\/www.szenik.eu\/wp-content\/uploads\/2020\/05\/Capture-d\u2019\u00e9cran-2020-05-18-\u00e0-17.02.44-206x300.png 206w\" sizes=\"(max-width: 488px) 100vw, 488px\" \/><\/figure><div class=\"wp-block-media-text__content\">\n<p class=\"has-normal-font-size\">24. <em>Mai 2020: <\/em><\/p>\n\n\n\n<p style=\"font-size:15px\"><em>Die Musikfestspiele haben einen Kompositionsauftrag vergeben an <strong><a href=\"http:\/\/stefanlitwin.com\" target=\"_blank\" rel=\"noreferrer noopener\" aria-label=\"Stefan Litwin (opens in a new tab)\">Stefan Litwin<\/a><\/strong>. Stefan Litwin, Professor f\u00fcr Neue Musik, Interpretation und Auff\u00fchrungspraxis an der Hochschule f\u00fcr Musik Saar, kommt mit der eigens f\u00fcr das Grau Schumacher Piano Duo und den Schauspieler Ulrich Noethen konzipierten Komposition einem langgehegten Wunsch nach: der Vertonung einer abendf\u00fcllenden B\u00fchnenfassung von Jean Pauls ber\u00fchmten gleichnamigen Roman \u00bbFlegeljahre\u00ab. Holger Schr\u00f6der, Dramaturg am Staatstheater Braunschweig, hat den Roman als B\u00fchnenfassung verfasst. <\/em><\/p>\n\n\n\n<p class=\"has-small-font-size\">Foto: Stefan Litwin I bg-krueger<\/p>\n<\/div><\/div>\n\n\n\n<div style=\"height:20px\" aria-hidden=\"true\" class=\"wp-block-spacer\"><\/div>\n\n\n\n<p><em>\u00bbAllende, 11. September 1973\u00ab mit Ib Hausmann: Klarinette, Helmut Menzler: Violoncello, Stefan Litwin: Klavier + Sprecher \u00b7 Live, Tonhalle Z\u00fcrich, 2013<\/em><\/p>\n\n\n\n<p><em>Au\u00dferdem gibt es Gr\u00fc\u00dfe vom Komponisten.<\/em><\/p>\n\n\n\n<p><em>Einen Konzertmitschnitt gibt es auch vom GrauSchumacher Piano Duo zu sehen, die das Werk Litwins zusammen mit einem der bekanntesten deutschen Schauspieler aufgef\u00fchrt h\u00e4tte: Ulrich Noethen.<br>Von ihm ist ein Querschnitt aller seiner wichtigen Rollen zu sehen.<\/em><\/p>\n\n\n\n<div style=\"height:20px\" aria-hidden=\"true\" class=\"wp-block-spacer\"><\/div>\n\n\n\n<div class=\"wp-block-media-text alignwide is-image-fill\"><figure class=\"wp-block-media-text__media\" style=\"background-image:url(https:\/\/www.szenik.eu\/wp-content\/uploads\/2020\/05\/Capture-d\u2019\u00e9cran-2020-05-18-\u00e0-17.05.19-1024x659.png);background-position:70.04608294930875% 48.57142857142857%\"><img decoding=\"async\" loading=\"lazy\" width=\"1024\" height=\"659\" src=\"https:\/\/www.szenik.eu\/wp-content\/uploads\/2020\/05\/Capture-d\u2019\u00e9cran-2020-05-18-\u00e0-17.05.19-1024x659.png\" alt=\"\" class=\"wp-image-31668\" srcset=\"https:\/\/www.szenik.eu\/wp-content\/uploads\/2020\/05\/Capture-d\u2019\u00e9cran-2020-05-18-\u00e0-17.05.19-1024x659.png 1024w, https:\/\/www.szenik.eu\/wp-content\/uploads\/2020\/05\/Capture-d\u2019\u00e9cran-2020-05-18-\u00e0-17.05.19-300x193.png 300w, https:\/\/www.szenik.eu\/wp-content\/uploads\/2020\/05\/Capture-d\u2019\u00e9cran-2020-05-18-\u00e0-17.05.19-768x494.png 768w, https:\/\/www.szenik.eu\/wp-content\/uploads\/2020\/05\/Capture-d\u2019\u00e9cran-2020-05-18-\u00e0-17.05.19-750x483.png 750w, https:\/\/www.szenik.eu\/wp-content\/uploads\/2020\/05\/Capture-d\u2019\u00e9cran-2020-05-18-\u00e0-17.05.19.png 1097w\" sizes=\"(max-width: 1024px) 100vw, 1024px\" \/><\/figure><div class=\"wp-block-media-text__content\">\n<p class=\"has-normal-font-size\"><em>30. Mai 2020: <\/em><\/p>\n\n\n\n<p class=\"has-normal-font-size\"><em><a href=\"https:\/\/www.facebook.com\/pg\/TalominiSaarbruecken\/about\/\" target=\"_blank\" rel=\"noreferrer noopener\" aria-label=\"Das Junge Musiktheater Talomini (opens in a new tab)\"><strong>Das Junge Musiktheater Talomini<\/strong><\/a> spielt als \u00dcberraschung ein St\u00fcck aus ihrem aktuellen St\u00fcck\u00a0\u201eEin einziger Tag \u2013 Ein Musiktheater f\u00fcr Kinder \u00fcber das Leben einer Eintagsfliege\u201c ein.<\/em><\/p>\n\n\n\n<p class=\"has-small-font-size\">Foto: Junges Musiktheater Talomini I Talomini <\/p>\n<\/div><\/div>\n\n\n\n<div style=\"height:20px\" aria-hidden=\"true\" class=\"wp-block-spacer\"><\/div>\n\n\n\n<div class=\"wp-block-media-text alignwide is-image-fill\"><figure class=\"wp-block-media-text__media\" style=\"background-image:url(https:\/\/www.szenik.eu\/wp-content\/uploads\/2020\/05\/Capture-d\u2019\u00e9cran-2020-05-18-\u00e0-17.06.58-1024x555.png);background-position:50% 50%\"><img decoding=\"async\" loading=\"lazy\" width=\"1024\" height=\"555\" src=\"https:\/\/www.szenik.eu\/wp-content\/uploads\/2020\/05\/Capture-d\u2019\u00e9cran-2020-05-18-\u00e0-17.06.58-1024x555.png\" alt=\"\" class=\"wp-image-31670\" srcset=\"https:\/\/www.szenik.eu\/wp-content\/uploads\/2020\/05\/Capture-d\u2019\u00e9cran-2020-05-18-\u00e0-17.06.58-1024x555.png 1024w, https:\/\/www.szenik.eu\/wp-content\/uploads\/2020\/05\/Capture-d\u2019\u00e9cran-2020-05-18-\u00e0-17.06.58-300x163.png 300w, https:\/\/www.szenik.eu\/wp-content\/uploads\/2020\/05\/Capture-d\u2019\u00e9cran-2020-05-18-\u00e0-17.06.58-768x416.png 768w, https:\/\/www.szenik.eu\/wp-content\/uploads\/2020\/05\/Capture-d\u2019\u00e9cran-2020-05-18-\u00e0-17.06.58-750x407.png 750w, https:\/\/www.szenik.eu\/wp-content\/uploads\/2020\/05\/Capture-d\u2019\u00e9cran-2020-05-18-\u00e0-17.06.58-1140x618.png 1140w, https:\/\/www.szenik.eu\/wp-content\/uploads\/2020\/05\/Capture-d\u2019\u00e9cran-2020-05-18-\u00e0-17.06.58.png 1300w\" sizes=\"(max-width: 1024px) 100vw, 1024px\" \/><\/figure><div class=\"wp-block-media-text__content\">\n<p class=\"has-normal-font-size\"><em>5.6. 2020:<\/em><\/p>\n\n\n\n<p style=\"font-size:15px\"><em><a rel=\"noreferrer noopener\" aria-label=\"Die Deutsche Radio Philharmonie (DRP) (opens in a new tab)\" href=\"https:\/\/www.drp-orchester.de\/drp\/index.html\" target=\"_blank\"><strong>Die Deutsche Radio Philharmonie (DRP)<\/strong><\/a> ist seit vielen Jahren Kooperationspartner der Musikfestspiele und gerade an das fulminante Abschlusskonzert 2019 erinnern wir uns gerne. Auch in diesem Jahr h\u00e4tten wir unseren Abschluss mit diesem gro\u00dfartigen Orchester gefeiert und am Pastoral Day der Beethoven- Gesellschaft Bonn teilgenommen.  <br>2 St\u00fccke aus der aktuellen Reihe \u201eMusik trotz(t) Corona\u201c und ein Konzertmitschnitt des Orchesters mit der\u00a03. Sinfonie von Prokofjew unter dem Chefdirigenten Pietari Inkinen.<\/em><\/p>\n\n\n\n<p class=\"has-small-font-size\">Foto: DRP I Pasquale D&#8217;Angiolillo<\/p>\n<\/div><\/div>\n\n\n\n<div style=\"height:100px\" aria-hidden=\"true\" class=\"wp-block-spacer\"><\/div>\n\n\n\n<div class=\"wp-block-button aligncenter\"><a class=\"wp-block-button__link has-text-color has-very-dark-gray-color has-background has-luminous-vivid-amber-background-color\" href=\"https:\/\/musikfestspielesaar.de\/musiknetzspiele- saar\/\" target=\"_blank\" rel=\"noreferrer noopener\">Weitere Informationen auf der Website der Musikfestspiele!<\/a><\/div>\n\n\n\n<div style=\"height:100px\" aria-hidden=\"true\" class=\"wp-block-spacer\"><\/div>\n","protected":false},"excerpt":{"rendered":"<p>Nach Verlegung des diesj\u00e4hrigen Programms der Musikfestspiele Saar auf das kommende Jahr hat das Festivalteam dar\u00fcber nachgedacht, wie in Zeiten r\u00e4umlicher Distanz trotzdem musikalische Gemeinschaftserlebnisse geschaffen werden k\u00f6nnen. Entstanden ist eine digitale Konzertreihe, die jeweils am Konzerttag Konzertmitschnitte, Videogr\u00fc\u00dfe oder Exklusiv-Einspielungen der K\u00fcnstler f\u00fcr Sie bereit h\u00e4lt. Pressemitteilung Das gesamte Programm ist ab Samstag 12 [&hellip;]<\/p>\n","protected":false},"author":1,"featured_media":31673,"comment_status":"open","ping_status":"open","sticky":false,"template":"","format":"standard","meta":{"_monsterinsights_skip_tracking":false,"_monsterinsights_sitenote_active":false,"_monsterinsights_sitenote_note":"","_monsterinsights_sitenote_category":0},"categories":[6439,53],"tags":[6745,6741,6746,6738,6750,6739,2202,6747,6742,6744,6737,6740,6748,6749,6743],"yoast_head":"<!-- This site is optimized with the Yoast SEO plugin v20.5 - https:\/\/yoast.com\/wordpress\/plugins\/seo\/ -->\n<title>Festival: Die MusikNetzSpiele Saar sind er\u00f6ffnet! I szenik<\/title>\n<meta name=\"description\" content=\"Aus den Musikfestspielen Saar werden in diesem Jahr in die MusikNetzSpiele Saar! Mit Voces 8, der Deutschen Radio Philharmonie, Olivier Latry...\" \/>\n<meta name=\"robots\" content=\"index, follow, max-snippet:-1, max-image-preview:large, max-video-preview:-1\" \/>\n<link rel=\"canonical\" href=\"https:\/\/www.szenik.eu\/de\/druecken-sie-auf-play-die-musiknetzspiele-saar-sind-eroeffnet-31649\" \/>\n<meta property=\"og:locale\" content=\"de_DE\" \/>\n<meta property=\"og:type\" content=\"article\" \/>\n<meta property=\"og:title\" content=\"Festival: Die MusikNetzSpiele Saar sind er\u00f6ffnet! I szenik\" \/>\n<meta property=\"og:description\" content=\"Aus den Musikfestspielen Saar werden in diesem Jahr in die MusikNetzSpiele Saar! Mit Voces 8, der Deutschen Radio Philharmonie, Olivier Latry...\" \/>\n<meta property=\"og:url\" content=\"https:\/\/www.szenik.eu\/de\/druecken-sie-auf-play-die-musiknetzspiele-saar-sind-eroeffnet-31649\" \/>\n<meta property=\"og:site_name\" content=\"szenik\" \/>\n<meta property=\"article:publisher\" content=\"https:\/\/www.facebook.com\/szenik.eu\/\" \/>\n<meta property=\"article:published_time\" content=\"2020-05-18T15:26:59+00:00\" \/>\n<meta property=\"article:modified_time\" content=\"2020-05-18T15:27:05+00:00\" \/>\n<meta property=\"og:image\" content=\"https:\/\/www.szenik.eu\/wp-content\/uploads\/2020\/05\/Capture-d\u2019\u00e9cran-2020-05-18-\u00e0-17.13.21.png\" \/>\n\t<meta property=\"og:image:width\" content=\"1108\" \/>\n\t<meta property=\"og:image:height\" content=\"622\" \/>\n\t<meta property=\"og:image:type\" content=\"image\/png\" \/>\n<meta name=\"author\" content=\"szenik\" \/>\n<meta name=\"twitter:card\" content=\"summary_large_image\" \/>\n<meta name=\"twitter:creator\" content=\"@Szenik\" \/>\n<meta name=\"twitter:site\" content=\"@Szenik\" \/>\n<meta name=\"twitter:label1\" content=\"Verfasst von\" \/>\n\t<meta name=\"twitter:data1\" content=\"szenik\" \/>\n\t<meta name=\"twitter:label2\" content=\"Gesch\u00e4tzte Lesezeit\" \/>\n\t<meta name=\"twitter:data2\" content=\"4\u00a0Minuten\" \/>\n<script type=\"application\/ld+json\" class=\"yoast-schema-graph\">{\"@context\":\"https:\/\/schema.org\",\"@graph\":[{\"@type\":\"Article\",\"@id\":\"https:\/\/www.szenik.eu\/de\/druecken-sie-auf-play-die-musiknetzspiele-saar-sind-eroeffnet-31649#article\",\"isPartOf\":{\"@id\":\"https:\/\/www.szenik.eu\/de\/druecken-sie-auf-play-die-musiknetzspiele-saar-sind-eroeffnet-31649\"},\"author\":{\"name\":\"szenik\",\"@id\":\"https:\/\/www.szenik.eu\/de\/#\/schema\/person\/15f73f175b41bad194837490339d48fb\"},\"headline\":\"Dr\u00fccken Sie auf Play: Die MusikNetzSpiele Saar sind er\u00f6ffnet!\",\"datePublished\":\"2020-05-18T15:26:59+00:00\",\"dateModified\":\"2020-05-18T15:27:05+00:00\",\"mainEntityOfPage\":{\"@id\":\"https:\/\/www.szenik.eu\/de\/druecken-sie-auf-play-die-musiknetzspiele-saar-sind-eroeffnet-31649\"},\"wordCount\":831,\"commentCount\":0,\"publisher\":{\"@id\":\"https:\/\/www.szenik.eu\/de\/#organization\"},\"keywords\":[\"An Erminig\",\"Antonia Argmann\",\"BBC Philharmonic Orchestra\",\"Bernhard Leonardy\",\"Deutsche Radio Philharmonie\",\"Eva Karolina Behr\",\"festival\",\"Jan Vogler\",\"Maximilian Argmann\",\"Olivier Latry\",\"Saarland\",\"Schumann Quartett\",\"Stefan Litwin\",\"Talomini\",\"Voces 8\"],\"articleSection\":[\"DAS B\u00dcHNENLEBEN GEHT WEITER\",\"Magazin\"],\"inLanguage\":\"de\",\"potentialAction\":[{\"@type\":\"CommentAction\",\"name\":\"Comment\",\"target\":[\"https:\/\/www.szenik.eu\/de\/druecken-sie-auf-play-die-musiknetzspiele-saar-sind-eroeffnet-31649#respond\"]}]},{\"@type\":\"WebPage\",\"@id\":\"https:\/\/www.szenik.eu\/de\/druecken-sie-auf-play-die-musiknetzspiele-saar-sind-eroeffnet-31649\",\"url\":\"https:\/\/www.szenik.eu\/de\/druecken-sie-auf-play-die-musiknetzspiele-saar-sind-eroeffnet-31649\",\"name\":\"Festival: Die MusikNetzSpiele Saar sind er\u00f6ffnet! I szenik\",\"isPartOf\":{\"@id\":\"https:\/\/www.szenik.eu\/de\/#website\"},\"datePublished\":\"2020-05-18T15:26:59+00:00\",\"dateModified\":\"2020-05-18T15:27:05+00:00\",\"description\":\"Aus den Musikfestspielen Saar werden in diesem Jahr in die MusikNetzSpiele Saar! Mit Voces 8, der Deutschen Radio Philharmonie, Olivier Latry...\",\"breadcrumb\":{\"@id\":\"https:\/\/www.szenik.eu\/de\/druecken-sie-auf-play-die-musiknetzspiele-saar-sind-eroeffnet-31649#breadcrumb\"},\"inLanguage\":\"de\",\"potentialAction\":[{\"@type\":\"ReadAction\",\"target\":[\"https:\/\/www.szenik.eu\/de\/druecken-sie-auf-play-die-musiknetzspiele-saar-sind-eroeffnet-31649\"]}]},{\"@type\":\"BreadcrumbList\",\"@id\":\"https:\/\/www.szenik.eu\/de\/druecken-sie-auf-play-die-musiknetzspiele-saar-sind-eroeffnet-31649#breadcrumb\",\"itemListElement\":[{\"@type\":\"ListItem\",\"position\":1,\"name\":\"Home\",\"item\":\"https:\/\/www.szenik.eu\/de\"},{\"@type\":\"ListItem\",\"position\":2,\"name\":\"Dr\u00fccken Sie auf Play: Die MusikNetzSpiele Saar sind er\u00f6ffnet!\"}]},{\"@type\":\"WebSite\",\"@id\":\"https:\/\/www.szenik.eu\/de\/#website\",\"url\":\"https:\/\/www.szenik.eu\/de\/\",\"name\":\"szenik\",\"description\":\"Le Meilleur des sc\u00e8nes au coeur de l&#039;Europe\",\"publisher\":{\"@id\":\"https:\/\/www.szenik.eu\/de\/#organization\"},\"potentialAction\":[{\"@type\":\"SearchAction\",\"target\":{\"@type\":\"EntryPoint\",\"urlTemplate\":\"https:\/\/www.szenik.eu\/de\/?s={search_term_string}\"},\"query-input\":\"required name=search_term_string\"}],\"inLanguage\":\"de\"},{\"@type\":\"Organization\",\"@id\":\"https:\/\/www.szenik.eu\/de\/#organization\",\"name\":\"Szenik\",\"url\":\"https:\/\/www.szenik.eu\/de\/\",\"logo\":{\"@type\":\"ImageObject\",\"inLanguage\":\"de\",\"@id\":\"https:\/\/www.szenik.eu\/de\/#\/schema\/logo\/image\/\",\"url\":\"https:\/\/www.szenik.eu\/wp-content\/uploads\/2019\/07\/logo-square.png\",\"contentUrl\":\"https:\/\/www.szenik.eu\/wp-content\/uploads\/2019\/07\/logo-square.png\",\"width\":512,\"height\":512,\"caption\":\"Szenik\"},\"image\":{\"@id\":\"https:\/\/www.szenik.eu\/de\/#\/schema\/logo\/image\/\"},\"sameAs\":[\"https:\/\/www.facebook.com\/szenik.eu\/\",\"https:\/\/twitter.com\/Szenik\",\"https:\/\/www.instagram.com\/szenik_magazine\/\",\"https:\/\/www.youtube.com\/user\/SzenikEU\/\"]},{\"@type\":\"Person\",\"@id\":\"https:\/\/www.szenik.eu\/de\/#\/schema\/person\/15f73f175b41bad194837490339d48fb\",\"name\":\"szenik\",\"image\":{\"@type\":\"ImageObject\",\"inLanguage\":\"de\",\"@id\":\"https:\/\/www.szenik.eu\/de\/#\/schema\/person\/image\/\",\"url\":\"https:\/\/secure.gravatar.com\/avatar\/d1c4f19522a624a4eaa5e6c03e22370b?s=96&d=mm&r=g\",\"contentUrl\":\"https:\/\/secure.gravatar.com\/avatar\/d1c4f19522a624a4eaa5e6c03e22370b?s=96&d=mm&r=g\",\"caption\":\"szenik\"}}]}<\/script>\n<!-- \/ Yoast SEO plugin. -->","yoast_head_json":{"title":"Festival: Die MusikNetzSpiele Saar sind er\u00f6ffnet! I szenik","description":"Aus den Musikfestspielen Saar werden in diesem Jahr in die MusikNetzSpiele Saar! Mit Voces 8, der Deutschen Radio Philharmonie, Olivier Latry...","robots":{"index":"index","follow":"follow","max-snippet":"max-snippet:-1","max-image-preview":"max-image-preview:large","max-video-preview":"max-video-preview:-1"},"canonical":"https:\/\/www.szenik.eu\/de\/druecken-sie-auf-play-die-musiknetzspiele-saar-sind-eroeffnet-31649","og_locale":"de_DE","og_type":"article","og_title":"Festival: Die MusikNetzSpiele Saar sind er\u00f6ffnet! I szenik","og_description":"Aus den Musikfestspielen Saar werden in diesem Jahr in die MusikNetzSpiele Saar! Mit Voces 8, der Deutschen Radio Philharmonie, Olivier Latry...","og_url":"https:\/\/www.szenik.eu\/de\/druecken-sie-auf-play-die-musiknetzspiele-saar-sind-eroeffnet-31649","og_site_name":"szenik","article_publisher":"https:\/\/www.facebook.com\/szenik.eu\/","article_published_time":"2020-05-18T15:26:59+00:00","article_modified_time":"2020-05-18T15:27:05+00:00","og_image":[{"width":1108,"height":622,"url":"https:\/\/www.szenik.eu\/wp-content\/uploads\/2020\/05\/Capture-d\u2019\u00e9cran-2020-05-18-\u00e0-17.13.21.png","type":"image\/png"}],"author":"szenik","twitter_card":"summary_large_image","twitter_creator":"@Szenik","twitter_site":"@Szenik","twitter_misc":{"Verfasst von":"szenik","Gesch\u00e4tzte Lesezeit":"4\u00a0Minuten"},"schema":{"@context":"https:\/\/schema.org","@graph":[{"@type":"Article","@id":"https:\/\/www.szenik.eu\/de\/druecken-sie-auf-play-die-musiknetzspiele-saar-sind-eroeffnet-31649#article","isPartOf":{"@id":"https:\/\/www.szenik.eu\/de\/druecken-sie-auf-play-die-musiknetzspiele-saar-sind-eroeffnet-31649"},"author":{"name":"szenik","@id":"https:\/\/www.szenik.eu\/de\/#\/schema\/person\/15f73f175b41bad194837490339d48fb"},"headline":"Dr\u00fccken Sie auf Play: Die MusikNetzSpiele Saar sind er\u00f6ffnet!","datePublished":"2020-05-18T15:26:59+00:00","dateModified":"2020-05-18T15:27:05+00:00","mainEntityOfPage":{"@id":"https:\/\/www.szenik.eu\/de\/druecken-sie-auf-play-die-musiknetzspiele-saar-sind-eroeffnet-31649"},"wordCount":831,"commentCount":0,"publisher":{"@id":"https:\/\/www.szenik.eu\/de\/#organization"},"keywords":["An Erminig","Antonia Argmann","BBC Philharmonic Orchestra","Bernhard Leonardy","Deutsche Radio Philharmonie","Eva Karolina Behr","festival","Jan Vogler","Maximilian Argmann","Olivier Latry","Saarland","Schumann Quartett","Stefan Litwin","Talomini","Voces 8"],"articleSection":["DAS B\u00dcHNENLEBEN GEHT WEITER","Magazin"],"inLanguage":"de","potentialAction":[{"@type":"CommentAction","name":"Comment","target":["https:\/\/www.szenik.eu\/de\/druecken-sie-auf-play-die-musiknetzspiele-saar-sind-eroeffnet-31649#respond"]}]},{"@type":"WebPage","@id":"https:\/\/www.szenik.eu\/de\/druecken-sie-auf-play-die-musiknetzspiele-saar-sind-eroeffnet-31649","url":"https:\/\/www.szenik.eu\/de\/druecken-sie-auf-play-die-musiknetzspiele-saar-sind-eroeffnet-31649","name":"Festival: Die MusikNetzSpiele Saar sind er\u00f6ffnet! I szenik","isPartOf":{"@id":"https:\/\/www.szenik.eu\/de\/#website"},"datePublished":"2020-05-18T15:26:59+00:00","dateModified":"2020-05-18T15:27:05+00:00","description":"Aus den Musikfestspielen Saar werden in diesem Jahr in die MusikNetzSpiele Saar! Mit Voces 8, der Deutschen Radio Philharmonie, Olivier Latry...","breadcrumb":{"@id":"https:\/\/www.szenik.eu\/de\/druecken-sie-auf-play-die-musiknetzspiele-saar-sind-eroeffnet-31649#breadcrumb"},"inLanguage":"de","potentialAction":[{"@type":"ReadAction","target":["https:\/\/www.szenik.eu\/de\/druecken-sie-auf-play-die-musiknetzspiele-saar-sind-eroeffnet-31649"]}]},{"@type":"BreadcrumbList","@id":"https:\/\/www.szenik.eu\/de\/druecken-sie-auf-play-die-musiknetzspiele-saar-sind-eroeffnet-31649#breadcrumb","itemListElement":[{"@type":"ListItem","position":1,"name":"Home","item":"https:\/\/www.szenik.eu\/de"},{"@type":"ListItem","position":2,"name":"Dr\u00fccken Sie auf Play: Die MusikNetzSpiele Saar sind er\u00f6ffnet!"}]},{"@type":"WebSite","@id":"https:\/\/www.szenik.eu\/de\/#website","url":"https:\/\/www.szenik.eu\/de\/","name":"szenik","description":"Le Meilleur des sc\u00e8nes au coeur de l&#039;Europe","publisher":{"@id":"https:\/\/www.szenik.eu\/de\/#organization"},"potentialAction":[{"@type":"SearchAction","target":{"@type":"EntryPoint","urlTemplate":"https:\/\/www.szenik.eu\/de\/?s={search_term_string}"},"query-input":"required name=search_term_string"}],"inLanguage":"de"},{"@type":"Organization","@id":"https:\/\/www.szenik.eu\/de\/#organization","name":"Szenik","url":"https:\/\/www.szenik.eu\/de\/","logo":{"@type":"ImageObject","inLanguage":"de","@id":"https:\/\/www.szenik.eu\/de\/#\/schema\/logo\/image\/","url":"https:\/\/www.szenik.eu\/wp-content\/uploads\/2019\/07\/logo-square.png","contentUrl":"https:\/\/www.szenik.eu\/wp-content\/uploads\/2019\/07\/logo-square.png","width":512,"height":512,"caption":"Szenik"},"image":{"@id":"https:\/\/www.szenik.eu\/de\/#\/schema\/logo\/image\/"},"sameAs":["https:\/\/www.facebook.com\/szenik.eu\/","https:\/\/twitter.com\/Szenik","https:\/\/www.instagram.com\/szenik_magazine\/","https:\/\/www.youtube.com\/user\/SzenikEU\/"]},{"@type":"Person","@id":"https:\/\/www.szenik.eu\/de\/#\/schema\/person\/15f73f175b41bad194837490339d48fb","name":"szenik","image":{"@type":"ImageObject","inLanguage":"de","@id":"https:\/\/www.szenik.eu\/de\/#\/schema\/person\/image\/","url":"https:\/\/secure.gravatar.com\/avatar\/d1c4f19522a624a4eaa5e6c03e22370b?s=96&d=mm&r=g","contentUrl":"https:\/\/secure.gravatar.com\/avatar\/d1c4f19522a624a4eaa5e6c03e22370b?s=96&d=mm&r=g","caption":"szenik"}}]}},"jetpack_featured_media_url":"https:\/\/www.szenik.eu\/wp-content\/uploads\/2020\/05\/Capture-d\u2019\u00e9cran-2020-05-18-\u00e0-17.13.21.png","amp_enabled":true,"_links":{"self":[{"href":"https:\/\/www.szenik.eu\/de\/wp-json\/\/wp\/v2\/posts\/31649"}],"collection":[{"href":"https:\/\/www.szenik.eu\/de\/wp-json\/\/wp\/v2\/posts"}],"about":[{"href":"https:\/\/www.szenik.eu\/de\/wp-json\/\/wp\/v2\/types\/post"}],"author":[{"embeddable":true,"href":"https:\/\/www.szenik.eu\/de\/wp-json\/\/wp\/v2\/users\/1"}],"replies":[{"embeddable":true,"href":"https:\/\/www.szenik.eu\/de\/wp-json\/\/wp\/v2\/comments?post=31649"}],"version-history":[{"count":3,"href":"https:\/\/www.szenik.eu\/de\/wp-json\/\/wp\/v2\/posts\/31649\/revisions"}],"predecessor-version":[{"id":31676,"href":"https:\/\/www.szenik.eu\/de\/wp-json\/\/wp\/v2\/posts\/31649\/revisions\/31676"}],"wp:featuredmedia":[{"embeddable":true,"href":"https:\/\/www.szenik.eu\/de\/wp-json\/\/wp\/v2\/media\/31673"}],"wp:attachment":[{"href":"https:\/\/www.szenik.eu\/de\/wp-json\/\/wp\/v2\/media?parent=31649"}],"wp:term":[{"taxonomy":"category","embeddable":true,"href":"https:\/\/www.szenik.eu\/de\/wp-json\/\/wp\/v2\/categories?post=31649"},{"taxonomy":"post_tag","embeddable":true,"href":"https:\/\/www.szenik.eu\/de\/wp-json\/\/wp\/v2\/tags?post=31649"}],"curies":[{"name":"wp","href":"https:\/\/api.w.org\/{rel}","templated":true}]}}