{"id":31615,"date":"2020-05-15T15:21:07","date_gmt":"2020-05-15T13:21:07","guid":{"rendered":"https:\/\/www.szenik.eu\/les-airs-du-desir-decouvrez-le-programme-de-saison-20-21-de-lopera-national-du-rhin-31615"},"modified":"2020-05-15T16:14:34","modified_gmt":"2020-05-15T14:14:34","slug":"les-airs-du-desir-decouvrez-le-programme-de-saison-20-21-de-lopera-national-du-rhin","status":"publish","type":"post","link":"https:\/\/www.szenik.eu\/de\/les-airs-du-desir-decouvrez-le-programme-de-saison-20-21-de-lopera-national-du-rhin-31615","title":{"rendered":"Hier werden W\u00fcnsche wahr: Entdecken Sie die neue Saison 20\/21 der Stra\u00dfburger Op\u00e9ra national du Rhin"},"content":{"rendered":"\n<h2>Die Op\u00e9ra national du Rhin hat heute Morgen ihre Saison 20\/21 vorgestellt. Ein Programm, das uns in Themen, wie Liebe, Poesie und die moderne Welt tauchen l\u00e4sst. Legen Sie also Ihre Wunschfl\u00fcgel an und beginnen Sie vom Spielzeitbeginn zu tr\u00e4umen.<\/h2>\n\n\n\n<div style=\"height:56px\" aria-hidden=\"true\" class=\"wp-block-spacer\"><\/div>\n\n\n\n<p>Von Opernklassikern, die sich in den H\u00e4nden hervorragender K\u00fcnstler*innen wiederfinden \u00fcber Tanzproduktionen, die f\u00fcr staunende Augen sorgen werden bichon zu einem feinen Programm fur Kinder &#8211; ja, es l\u00e4sst sich sagen, dass die Saison 20\/21 das Herz jedes neugierigen Zuschauers und Freund der sch\u00f6nen K\u00fcnste zum Schlagen bringen wird. <\/p>\n\n\n\n<div style=\"height:100px\" aria-hidden=\"true\" class=\"wp-block-spacer\"><\/div>\n\n\n\n<p class=\"has-text-align-center has-large-font-size\"><strong>Einblick in die Spielzeit 20\/21<\/strong><\/p>\n\n\n\n<p class=\"has-background has-text-align-center has-medium-font-size has-pale-pink-background-color\">Oper<\/p>\n\n\n\n<div style=\"height:20px\" aria-hidden=\"true\" class=\"wp-block-spacer\"><\/div>\n\n\n\n<div class=\"wp-block-media-text alignwide is-image-fill\"><figure class=\"wp-block-media-text__media\" style=\"background-image:url(https:\/\/www.szenik.eu\/wp-content\/uploads\/2020\/05\/solveig_l_attente_smith_sans_titre_2012_smith_courtesy_galerie_les_filles_du_calvaire-819x1024.jpg);background-position:50% 50%\"><img decoding=\"async\" loading=\"lazy\" width=\"819\" height=\"1024\" src=\"https:\/\/www.szenik.eu\/wp-content\/uploads\/2020\/05\/solveig_l_attente_smith_sans_titre_2012_smith_courtesy_galerie_les_filles_du_calvaire-819x1024.jpg\" alt=\"\" class=\"wp-image-31568\" srcset=\"https:\/\/www.szenik.eu\/wp-content\/uploads\/2020\/05\/solveig_l_attente_smith_sans_titre_2012_smith_courtesy_galerie_les_filles_du_calvaire-819x1024.jpg 819w, https:\/\/www.szenik.eu\/wp-content\/uploads\/2020\/05\/solveig_l_attente_smith_sans_titre_2012_smith_courtesy_galerie_les_filles_du_calvaire-240x300.jpg 240w, https:\/\/www.szenik.eu\/wp-content\/uploads\/2020\/05\/solveig_l_attente_smith_sans_titre_2012_smith_courtesy_galerie_les_filles_du_calvaire-768x960.jpg 768w, https:\/\/www.szenik.eu\/wp-content\/uploads\/2020\/05\/solveig_l_attente_smith_sans_titre_2012_smith_courtesy_galerie_les_filles_du_calvaire-750x938.jpg 750w, https:\/\/www.szenik.eu\/wp-content\/uploads\/2020\/05\/solveig_l_attente_smith_sans_titre_2012_smith_courtesy_galerie_les_filles_du_calvaire-1140x1425.jpg 1140w, https:\/\/www.szenik.eu\/wp-content\/uploads\/2020\/05\/solveig_l_attente_smith_sans_titre_2012_smith_courtesy_galerie_les_filles_du_calvaire.jpg 1200w\" sizes=\"(max-width: 819px) 100vw, 819px\" \/><\/figure><div class=\"wp-block-media-text__content\">\n<p class=\"has-normal-font-size\"><a href=\"https:\/\/www.operanationaldurhin.eu\/de\/spectacles\/saison-2020-2021\/opera\/solveig-die-erwartung\"><strong><em>Solveig (Die Erwartung)<\/em><\/strong><\/a><br>Nach <strong>Edvard Grieg<\/strong><\/p>\n\n\n\n<p>Musikalische Leitung <strong>Eivind Gullberg Jensen<\/strong><br>Inszenierung <strong>Calixto Bieito<\/strong><\/p>\n\n\n\n<p><em>Vom 19. bis 23 September 20<\/em>20<\/p>\n<\/div><\/div>\n\n\n\n<div style=\"height:20px\" aria-hidden=\"true\" class=\"wp-block-spacer\"><\/div>\n\n\n\n<div class=\"wp-block-media-text alignwide is-image-fill\"><figure class=\"wp-block-media-text__media\" style=\"background-image:url(https:\/\/www.szenik.eu\/wp-content\/uploads\/2020\/05\/samson_et_dalila_smith_sans_titre_traum_2015_smith_courtesy_galerie_les_filles_du_calvaire-819x1024.jpg);background-position:50% 50%\"><img decoding=\"async\" loading=\"lazy\" width=\"819\" height=\"1024\" src=\"https:\/\/www.szenik.eu\/wp-content\/uploads\/2020\/05\/samson_et_dalila_smith_sans_titre_traum_2015_smith_courtesy_galerie_les_filles_du_calvaire-819x1024.jpg\" alt=\"\" class=\"wp-image-31571\" srcset=\"https:\/\/www.szenik.eu\/wp-content\/uploads\/2020\/05\/samson_et_dalila_smith_sans_titre_traum_2015_smith_courtesy_galerie_les_filles_du_calvaire-819x1024.jpg 819w, https:\/\/www.szenik.eu\/wp-content\/uploads\/2020\/05\/samson_et_dalila_smith_sans_titre_traum_2015_smith_courtesy_galerie_les_filles_du_calvaire-240x300.jpg 240w, https:\/\/www.szenik.eu\/wp-content\/uploads\/2020\/05\/samson_et_dalila_smith_sans_titre_traum_2015_smith_courtesy_galerie_les_filles_du_calvaire-768x960.jpg 768w, https:\/\/www.szenik.eu\/wp-content\/uploads\/2020\/05\/samson_et_dalila_smith_sans_titre_traum_2015_smith_courtesy_galerie_les_filles_du_calvaire-750x938.jpg 750w, https:\/\/www.szenik.eu\/wp-content\/uploads\/2020\/05\/samson_et_dalila_smith_sans_titre_traum_2015_smith_courtesy_galerie_les_filles_du_calvaire-1140x1425.jpg 1140w, https:\/\/www.szenik.eu\/wp-content\/uploads\/2020\/05\/samson_et_dalila_smith_sans_titre_traum_2015_smith_courtesy_galerie_les_filles_du_calvaire.jpg 1200w\" sizes=\"(max-width: 819px) 100vw, 819px\" \/><\/figure><div class=\"wp-block-media-text__content\">\n<p><strong><em><a href=\"https:\/\/www.operanationaldurhin.eu\/de\/spectacles\/saison-2020-2021\/opera\/samson-und-dalila\">Samson und Dalila<\/a><\/em><\/strong><br><strong>Camille Saint-Sa\u00ebns<\/strong><\/p>\n\n\n\n<p>Musikalische Leitung <strong>Ariane Matiakh<\/strong><br>Inszenierung <strong>Marie-Eve Signeyrole<\/strong><\/p>\n\n\n\n<p><em>Vom 16. Oktober bis 8.  November 2020<\/em><\/p>\n<\/div><\/div>\n\n\n\n<div style=\"height:20px\" aria-hidden=\"true\" class=\"wp-block-spacer\"><\/div>\n\n\n\n<div class=\"wp-block-media-text alignwide is-image-fill\"><figure class=\"wp-block-media-text__media\" style=\"background-image:url(https:\/\/www.szenik.eu\/wp-content\/uploads\/2020\/05\/hansel_et_gretel_smith_sans_titre_loon_2007_smith_courtesy_galerie_les_filles_du_calvaire-819x1024.jpg);background-position:50% 50%\"><img decoding=\"async\" loading=\"lazy\" width=\"819\" height=\"1024\" src=\"https:\/\/www.szenik.eu\/wp-content\/uploads\/2020\/05\/hansel_et_gretel_smith_sans_titre_loon_2007_smith_courtesy_galerie_les_filles_du_calvaire-819x1024.jpg\" alt=\"\" class=\"wp-image-31573\" srcset=\"https:\/\/www.szenik.eu\/wp-content\/uploads\/2020\/05\/hansel_et_gretel_smith_sans_titre_loon_2007_smith_courtesy_galerie_les_filles_du_calvaire-819x1024.jpg 819w, https:\/\/www.szenik.eu\/wp-content\/uploads\/2020\/05\/hansel_et_gretel_smith_sans_titre_loon_2007_smith_courtesy_galerie_les_filles_du_calvaire-240x300.jpg 240w, https:\/\/www.szenik.eu\/wp-content\/uploads\/2020\/05\/hansel_et_gretel_smith_sans_titre_loon_2007_smith_courtesy_galerie_les_filles_du_calvaire-768x960.jpg 768w, https:\/\/www.szenik.eu\/wp-content\/uploads\/2020\/05\/hansel_et_gretel_smith_sans_titre_loon_2007_smith_courtesy_galerie_les_filles_du_calvaire-750x938.jpg 750w, https:\/\/www.szenik.eu\/wp-content\/uploads\/2020\/05\/hansel_et_gretel_smith_sans_titre_loon_2007_smith_courtesy_galerie_les_filles_du_calvaire-1140x1425.jpg 1140w, https:\/\/www.szenik.eu\/wp-content\/uploads\/2020\/05\/hansel_et_gretel_smith_sans_titre_loon_2007_smith_courtesy_galerie_les_filles_du_calvaire.jpg 1200w\" sizes=\"(max-width: 819px) 100vw, 819px\" \/><\/figure><div class=\"wp-block-media-text__content\">\n<p><strong><em><a href=\"https:\/\/www.operanationaldurhin.eu\/de\/spectacles\/saison-2020-2021\/opera\/hansel-und-gretel\" target=\"_blank\" rel=\"noreferrer noopener\" aria-label=\"H\u00e4nsel et Gretel (opens in a new tab)\">H\u00e4nsel et Gretel<\/a><\/em><\/strong><br><strong>Engelbert Humberdinck<\/strong><\/p>\n\n\n\n<p>Musikalische Leitung <strong>Marko Letonja<\/strong><br>Inszenierung, Dekor, Kost\u00fcme  <strong>Pierre-Emmanuel Rousseau<\/strong><\/p>\n\n\n\n<p><em>Vom 9. Dezember 2020 bis 10. Januar 2021<\/em><\/p>\n<\/div><\/div>\n\n\n\n<div style=\"height:20px\" aria-hidden=\"true\" class=\"wp-block-spacer\"><\/div>\n\n\n\n<div class=\"wp-block-media-text alignwide is-image-fill\"><figure class=\"wp-block-media-text__media\" style=\"background-image:url(https:\/\/www.szenik.eu\/wp-content\/uploads\/2020\/05\/gretel_et_hansel_smith_sans_titre_traum_2015_smith_courtesy_galerie_les_filles_du_calvaire-819x1024.jpg);background-position:50% 50%\"><img decoding=\"async\" loading=\"lazy\" width=\"819\" height=\"1024\" src=\"https:\/\/www.szenik.eu\/wp-content\/uploads\/2020\/05\/gretel_et_hansel_smith_sans_titre_traum_2015_smith_courtesy_galerie_les_filles_du_calvaire-819x1024.jpg\" alt=\"\" class=\"wp-image-31575\" srcset=\"https:\/\/www.szenik.eu\/wp-content\/uploads\/2020\/05\/gretel_et_hansel_smith_sans_titre_traum_2015_smith_courtesy_galerie_les_filles_du_calvaire-819x1024.jpg 819w, https:\/\/www.szenik.eu\/wp-content\/uploads\/2020\/05\/gretel_et_hansel_smith_sans_titre_traum_2015_smith_courtesy_galerie_les_filles_du_calvaire-240x300.jpg 240w, https:\/\/www.szenik.eu\/wp-content\/uploads\/2020\/05\/gretel_et_hansel_smith_sans_titre_traum_2015_smith_courtesy_galerie_les_filles_du_calvaire-768x960.jpg 768w, https:\/\/www.szenik.eu\/wp-content\/uploads\/2020\/05\/gretel_et_hansel_smith_sans_titre_traum_2015_smith_courtesy_galerie_les_filles_du_calvaire-750x938.jpg 750w, https:\/\/www.szenik.eu\/wp-content\/uploads\/2020\/05\/gretel_et_hansel_smith_sans_titre_traum_2015_smith_courtesy_galerie_les_filles_du_calvaire-1140x1425.jpg 1140w, https:\/\/www.szenik.eu\/wp-content\/uploads\/2020\/05\/gretel_et_hansel_smith_sans_titre_traum_2015_smith_courtesy_galerie_les_filles_du_calvaire.jpg 1200w\" sizes=\"(max-width: 819px) 100vw, 819px\" \/><\/figure><div class=\"wp-block-media-text__content\">\n<p><strong><em><a href=\"https:\/\/www.operanationaldurhin.eu\/de\/spectacles\/saison-2020-2021\/opera\/gretel-und-hansel\" target=\"_blank\" rel=\"noreferrer noopener\" aria-label=\"Gretel et H\u00e4nsel (opens in a new tab)\">Gretel et H\u00e4nsel<\/a><\/em><\/strong><br><strong>Engelbert Humberdinck<\/strong><\/p>\n\n\n\n<p>Musikalische Leitung <strong>Vincent Monteil<\/strong><br>Inszenierung <strong>Jean-Philippe Delavault<\/strong><\/p>\n\n\n\n<p><em>Vom 12. Dezember 2020 bis 24. Januar 2021 <\/em><\/p>\n<\/div><\/div>\n\n\n\n<div style=\"height:20px\" aria-hidden=\"true\" class=\"wp-block-spacer\"><\/div>\n\n\n\n<div class=\"wp-block-media-text alignwide is-image-fill\"><figure class=\"wp-block-media-text__media\" style=\"background-image:url(https:\/\/www.szenik.eu\/wp-content\/uploads\/2020\/05\/la_mort_a_venise_smith_sans_titre_spree_2008_smith_courtesy_galerie_les_filles_du_calvaire-819x1024.jpg);background-position:50% 50%\"><img decoding=\"async\" loading=\"lazy\" width=\"819\" height=\"1024\" src=\"https:\/\/www.szenik.eu\/wp-content\/uploads\/2020\/05\/la_mort_a_venise_smith_sans_titre_spree_2008_smith_courtesy_galerie_les_filles_du_calvaire-819x1024.jpg\" alt=\"\" class=\"wp-image-31578\" srcset=\"https:\/\/www.szenik.eu\/wp-content\/uploads\/2020\/05\/la_mort_a_venise_smith_sans_titre_spree_2008_smith_courtesy_galerie_les_filles_du_calvaire-819x1024.jpg 819w, https:\/\/www.szenik.eu\/wp-content\/uploads\/2020\/05\/la_mort_a_venise_smith_sans_titre_spree_2008_smith_courtesy_galerie_les_filles_du_calvaire-240x300.jpg 240w, https:\/\/www.szenik.eu\/wp-content\/uploads\/2020\/05\/la_mort_a_venise_smith_sans_titre_spree_2008_smith_courtesy_galerie_les_filles_du_calvaire-768x960.jpg 768w, https:\/\/www.szenik.eu\/wp-content\/uploads\/2020\/05\/la_mort_a_venise_smith_sans_titre_spree_2008_smith_courtesy_galerie_les_filles_du_calvaire-750x938.jpg 750w, https:\/\/www.szenik.eu\/wp-content\/uploads\/2020\/05\/la_mort_a_venise_smith_sans_titre_spree_2008_smith_courtesy_galerie_les_filles_du_calvaire-1140x1425.jpg 1140w, https:\/\/www.szenik.eu\/wp-content\/uploads\/2020\/05\/la_mort_a_venise_smith_sans_titre_spree_2008_smith_courtesy_galerie_les_filles_du_calvaire.jpg 1200w\" sizes=\"(max-width: 819px) 100vw, 819px\" \/><\/figure><div class=\"wp-block-media-text__content\">\n<p><strong><em><a href=\"https:\/\/www.operanationaldurhin.eu\/de\/spectacles\/saison-2020-2021\/opera\/der-tod-in-venedig\">Der Tod in Venedig<\/a><\/em><\/strong><br><strong>Benjamin Britten<\/strong><\/p>\n\n\n\n<p>Musikalische Leitung<strong> Jacques Lacombe<\/strong><br>Inszenierung, B\u00fchne und Kost\u00fcme <strong>Jean-Philippe Clarac, Olivier Deloeuil<\/strong><\/p>\n\n\n\n<p><em>Vom 12. Februar bis 2. M\u00e4rz 2021 <\/em><\/p>\n<\/div><\/div>\n\n\n\n<div style=\"height:20px\" aria-hidden=\"true\" class=\"wp-block-spacer\"><\/div>\n\n\n\n<div class=\"wp-block-media-text alignwide is-image-fill\"><figure class=\"wp-block-media-text__media\" style=\"background-image:url(https:\/\/www.szenik.eu\/wp-content\/uploads\/2020\/05\/hemon_smith_sans_titre_valparaiso_si_tu_pleux_2017_smith_courtesy_galerie_les_filles_du_calvaire-819x1024.jpg);background-position:50% 50%\"><img decoding=\"async\" loading=\"lazy\" width=\"819\" height=\"1024\" src=\"https:\/\/www.szenik.eu\/wp-content\/uploads\/2020\/05\/hemon_smith_sans_titre_valparaiso_si_tu_pleux_2017_smith_courtesy_galerie_les_filles_du_calvaire-819x1024.jpg\" alt=\"\" class=\"wp-image-31580\" srcset=\"https:\/\/www.szenik.eu\/wp-content\/uploads\/2020\/05\/hemon_smith_sans_titre_valparaiso_si_tu_pleux_2017_smith_courtesy_galerie_les_filles_du_calvaire-819x1024.jpg 819w, https:\/\/www.szenik.eu\/wp-content\/uploads\/2020\/05\/hemon_smith_sans_titre_valparaiso_si_tu_pleux_2017_smith_courtesy_galerie_les_filles_du_calvaire-240x300.jpg 240w, https:\/\/www.szenik.eu\/wp-content\/uploads\/2020\/05\/hemon_smith_sans_titre_valparaiso_si_tu_pleux_2017_smith_courtesy_galerie_les_filles_du_calvaire-768x960.jpg 768w, https:\/\/www.szenik.eu\/wp-content\/uploads\/2020\/05\/hemon_smith_sans_titre_valparaiso_si_tu_pleux_2017_smith_courtesy_galerie_les_filles_du_calvaire-750x938.jpg 750w, https:\/\/www.szenik.eu\/wp-content\/uploads\/2020\/05\/hemon_smith_sans_titre_valparaiso_si_tu_pleux_2017_smith_courtesy_galerie_les_filles_du_calvaire-1140x1425.jpg 1140w, https:\/\/www.szenik.eu\/wp-content\/uploads\/2020\/05\/hemon_smith_sans_titre_valparaiso_si_tu_pleux_2017_smith_courtesy_galerie_les_filles_du_calvaire.jpg 1200w\" sizes=\"(max-width: 819px) 100vw, 819px\" \/><\/figure><div class=\"wp-block-media-text__content\">\n<p><strong><em><a rel=\"noreferrer noopener\" aria-label=\"Haimon (opens in a new tab)\" href=\"https:\/\/www.operanationaldurhin.eu\/de\/spectacles\/saison-2020-2021\/opera\/haimon\" target=\"_blank\">Haimon<\/a><\/em><\/strong><br><strong>Zad Moultaka<\/strong><br>Urauff\u00fchrung I Festival Arsmondo <\/p>\n\n\n\n<p>Musikalische Leitung <strong>Bassem Hakiki<\/strong><br>Inszenierung, B\u00fchne und Kost\u00fcme <strong>Zad Moultaka<\/strong><\/p>\n\n\n\n<p><em>Vom 20. M\u00e4rz bis 11. April 2021 <\/em><\/p>\n<\/div><\/div>\n\n\n\n<div style=\"height:20px\" aria-hidden=\"true\" class=\"wp-block-spacer\"><\/div>\n\n\n\n<div class=\"wp-block-media-text alignwide is-image-fill\"><figure class=\"wp-block-media-text__media\" style=\"background-image:url(https:\/\/www.szenik.eu\/wp-content\/uploads\/2020\/05\/cenerentolina_smith_sans_titre_2009_smith_courtesy_galerie_les_filles_du_calvaire-819x1024.jpg);background-position:50% 50%\"><img decoding=\"async\" loading=\"lazy\" width=\"819\" height=\"1024\" src=\"https:\/\/www.szenik.eu\/wp-content\/uploads\/2020\/05\/cenerentolina_smith_sans_titre_2009_smith_courtesy_galerie_les_filles_du_calvaire-819x1024.jpg\" alt=\"\" class=\"wp-image-31582\" srcset=\"https:\/\/www.szenik.eu\/wp-content\/uploads\/2020\/05\/cenerentolina_smith_sans_titre_2009_smith_courtesy_galerie_les_filles_du_calvaire-819x1024.jpg 819w, https:\/\/www.szenik.eu\/wp-content\/uploads\/2020\/05\/cenerentolina_smith_sans_titre_2009_smith_courtesy_galerie_les_filles_du_calvaire-240x300.jpg 240w, https:\/\/www.szenik.eu\/wp-content\/uploads\/2020\/05\/cenerentolina_smith_sans_titre_2009_smith_courtesy_galerie_les_filles_du_calvaire-768x960.jpg 768w, https:\/\/www.szenik.eu\/wp-content\/uploads\/2020\/05\/cenerentolina_smith_sans_titre_2009_smith_courtesy_galerie_les_filles_du_calvaire-750x938.jpg 750w, https:\/\/www.szenik.eu\/wp-content\/uploads\/2020\/05\/cenerentolina_smith_sans_titre_2009_smith_courtesy_galerie_les_filles_du_calvaire-1140x1425.jpg 1140w, https:\/\/www.szenik.eu\/wp-content\/uploads\/2020\/05\/cenerentolina_smith_sans_titre_2009_smith_courtesy_galerie_les_filles_du_calvaire.jpg 1200w\" sizes=\"(max-width: 819px) 100vw, 819px\" \/><\/figure><div class=\"wp-block-media-text__content\">\n<p><strong><em><a href=\"https:\/\/www.operanationaldurhin.eu\/de\/spectacles\/saison-2020-2021\/opera\/cenerentolina\" target=\"_blank\" rel=\"noreferrer noopener\" aria-label=\"Cenerentolina (opens in a new tab)\">Cenerentolina<\/a><\/em><\/strong><br><strong>Gioachino Rossini<\/strong><\/p>\n\n\n\n<p>Inszenierung, Dekor und Kost\u00fcme <strong>Sandra Pocceschi, Giacomo Strada<\/strong><\/p>\n\n\n\n<p><em>Vom 7. April bis 29. Mai 2021 <\/em><\/p>\n<\/div><\/div>\n\n\n\n<div style=\"height:20px\" aria-hidden=\"true\" class=\"wp-block-spacer\"><\/div>\n\n\n\n<div class=\"wp-block-media-text alignwide is-image-fill\"><figure class=\"wp-block-media-text__media\" style=\"background-image:url(https:\/\/www.szenik.eu\/wp-content\/uploads\/2020\/05\/alcina_site.jpg);background-position:50% 50%\"><img decoding=\"async\" loading=\"lazy\" width=\"900\" height=\"800\" src=\"https:\/\/www.szenik.eu\/wp-content\/uploads\/2020\/05\/alcina_site.jpg\" alt=\"\" class=\"wp-image-31584\" srcset=\"https:\/\/www.szenik.eu\/wp-content\/uploads\/2020\/05\/alcina_site.jpg 900w, https:\/\/www.szenik.eu\/wp-content\/uploads\/2020\/05\/alcina_site-300x267.jpg 300w, https:\/\/www.szenik.eu\/wp-content\/uploads\/2020\/05\/alcina_site-768x683.jpg 768w, https:\/\/www.szenik.eu\/wp-content\/uploads\/2020\/05\/alcina_site-750x667.jpg 750w\" sizes=\"(max-width: 900px) 100vw, 900px\" \/><\/figure><div class=\"wp-block-media-text__content\">\n<p><strong><em><a href=\"https:\/\/www.operanationaldurhin.eu\/de\/spectacles\/saison-2020-2021\/opera\/alcina\" target=\"_blank\" rel=\"noreferrer noopener\" aria-label=\"Alcina (opens in a new tab)\">Alcina<\/a><\/em><\/strong><br><strong>Georg Friedrich H\u00e4ndel<\/strong><\/p>\n\n\n\n<p>Musikalische Leitung <strong>Christopher Moulds<\/strong><br>Inszenierung <strong>Serena Sinigaglia<\/strong><\/p>\n\n\n\n<p><em>Vom 21. Mai bis 15. Juni 2021<\/em><\/p>\n<\/div><\/div>\n\n\n\n<div style=\"height:20px\" aria-hidden=\"true\" class=\"wp-block-spacer\"><\/div>\n\n\n\n<div class=\"wp-block-media-text alignwide is-image-fill\" style=\"grid-template-columns:49% auto\"><figure class=\"wp-block-media-text__media\" style=\"background-image:url(https:\/\/www.szenik.eu\/wp-content\/uploads\/2020\/05\/madame_butterfly_smith_sans_titre_spree_2008_smith_courtesy_galerie_les_filles_du_calvaire-819x1024.jpg);background-position:50% 50%\"><img decoding=\"async\" loading=\"lazy\" width=\"819\" height=\"1024\" src=\"https:\/\/www.szenik.eu\/wp-content\/uploads\/2020\/05\/madame_butterfly_smith_sans_titre_spree_2008_smith_courtesy_galerie_les_filles_du_calvaire-819x1024.jpg\" alt=\"\" class=\"wp-image-31586\" srcset=\"https:\/\/www.szenik.eu\/wp-content\/uploads\/2020\/05\/madame_butterfly_smith_sans_titre_spree_2008_smith_courtesy_galerie_les_filles_du_calvaire-819x1024.jpg 819w, https:\/\/www.szenik.eu\/wp-content\/uploads\/2020\/05\/madame_butterfly_smith_sans_titre_spree_2008_smith_courtesy_galerie_les_filles_du_calvaire-240x300.jpg 240w, https:\/\/www.szenik.eu\/wp-content\/uploads\/2020\/05\/madame_butterfly_smith_sans_titre_spree_2008_smith_courtesy_galerie_les_filles_du_calvaire-768x960.jpg 768w, https:\/\/www.szenik.eu\/wp-content\/uploads\/2020\/05\/madame_butterfly_smith_sans_titre_spree_2008_smith_courtesy_galerie_les_filles_du_calvaire-750x938.jpg 750w, https:\/\/www.szenik.eu\/wp-content\/uploads\/2020\/05\/madame_butterfly_smith_sans_titre_spree_2008_smith_courtesy_galerie_les_filles_du_calvaire-1140x1425.jpg 1140w, https:\/\/www.szenik.eu\/wp-content\/uploads\/2020\/05\/madame_butterfly_smith_sans_titre_spree_2008_smith_courtesy_galerie_les_filles_du_calvaire.jpg 1200w\" sizes=\"(max-width: 819px) 100vw, 819px\" \/><\/figure><div class=\"wp-block-media-text__content\">\n<p><strong><em><a href=\"https:\/\/www.operanationaldurhin.eu\/de\/spectacles\/saison-2020-2021\/opera\/madama-butterfly\" target=\"_blank\" rel=\"noreferrer noopener\" aria-label=\"Madame Butterfly (opens in a new tab)\">Madame Butterfly<\/a><\/em><\/strong><br><strong>Giacomo Puccini<\/strong><\/p>\n\n\n\n<p>Musikalische Leitung <strong>Giuliano Carella<\/strong><br>Inszenierung <strong>Mariano Pensotti<\/strong><\/p>\n\n\n\n<p><em>Vom 18. Juni bis 6. Juli 2021<\/em><\/p>\n<\/div><\/div>\n\n\n\n<div style=\"height:45px\" aria-hidden=\"true\" class=\"wp-block-spacer\"><\/div>\n\n\n\n<p class=\"has-background has-text-align-center has-luminous-vivid-amber-background-color\">Tanz<\/p>\n\n\n\n<div class=\"wp-block-media-text alignwide is-image-fill\"><figure class=\"wp-block-media-text__media\" style=\"background-image:url(https:\/\/www.szenik.eu\/wp-content\/uploads\/2020\/05\/chaplin_smith_sans_titre_2020_smith_courtesy_galerie_les_filles_du_calvaire-819x1024.jpg);background-position:50% 50%\"><img decoding=\"async\" loading=\"lazy\" width=\"819\" height=\"1024\" src=\"https:\/\/www.szenik.eu\/wp-content\/uploads\/2020\/05\/chaplin_smith_sans_titre_2020_smith_courtesy_galerie_les_filles_du_calvaire-819x1024.jpg\" alt=\"\" class=\"wp-image-31591\" srcset=\"https:\/\/www.szenik.eu\/wp-content\/uploads\/2020\/05\/chaplin_smith_sans_titre_2020_smith_courtesy_galerie_les_filles_du_calvaire-819x1024.jpg 819w, https:\/\/www.szenik.eu\/wp-content\/uploads\/2020\/05\/chaplin_smith_sans_titre_2020_smith_courtesy_galerie_les_filles_du_calvaire-240x300.jpg 240w, https:\/\/www.szenik.eu\/wp-content\/uploads\/2020\/05\/chaplin_smith_sans_titre_2020_smith_courtesy_galerie_les_filles_du_calvaire-768x960.jpg 768w, https:\/\/www.szenik.eu\/wp-content\/uploads\/2020\/05\/chaplin_smith_sans_titre_2020_smith_courtesy_galerie_les_filles_du_calvaire-750x938.jpg 750w, https:\/\/www.szenik.eu\/wp-content\/uploads\/2020\/05\/chaplin_smith_sans_titre_2020_smith_courtesy_galerie_les_filles_du_calvaire-1140x1425.jpg 1140w, https:\/\/www.szenik.eu\/wp-content\/uploads\/2020\/05\/chaplin_smith_sans_titre_2020_smith_courtesy_galerie_les_filles_du_calvaire.jpg 1200w\" sizes=\"(max-width: 819px) 100vw, 819px\" \/><\/figure><div class=\"wp-block-media-text__content\">\n<p><strong><em><a href=\"https:\/\/www.operanationaldurhin.eu\/de\/spectacles\/saison-2020-2021\/dance\/chaplin\" target=\"_blank\" rel=\"noreferrer noopener\" aria-label=\"Chaplin (opens in a new tab)\">Chaplin<\/a><\/em><\/strong><\/p>\n\n\n\n<p>Choreographie, Licht <strong>Mario Schr\u00f6der<\/strong><\/p>\n\n\n\n<p><em>Vom 5. bis 17. September 2020<\/em><\/p>\n<\/div><\/div>\n\n\n\n<div style=\"height:20px\" aria-hidden=\"true\" class=\"wp-block-spacer\"><\/div>\n\n\n\n<div class=\"wp-block-media-text alignwide is-image-fill\"><figure class=\"wp-block-media-text__media\" style=\"background-image:url(https:\/\/www.szenik.eu\/wp-content\/uploads\/2020\/05\/spectres_d_europe_3_smith_sans_titre_spectrographies_2012_smith_courtesy_galerie_les_filles_du_calvaire-819x1024.jpg);background-position:50% 50%\"><img decoding=\"async\" loading=\"lazy\" width=\"819\" height=\"1024\" src=\"https:\/\/www.szenik.eu\/wp-content\/uploads\/2020\/05\/spectres_d_europe_3_smith_sans_titre_spectrographies_2012_smith_courtesy_galerie_les_filles_du_calvaire-819x1024.jpg\" alt=\"\" class=\"wp-image-31593\" srcset=\"https:\/\/www.szenik.eu\/wp-content\/uploads\/2020\/05\/spectres_d_europe_3_smith_sans_titre_spectrographies_2012_smith_courtesy_galerie_les_filles_du_calvaire-819x1024.jpg 819w, https:\/\/www.szenik.eu\/wp-content\/uploads\/2020\/05\/spectres_d_europe_3_smith_sans_titre_spectrographies_2012_smith_courtesy_galerie_les_filles_du_calvaire-240x300.jpg 240w, https:\/\/www.szenik.eu\/wp-content\/uploads\/2020\/05\/spectres_d_europe_3_smith_sans_titre_spectrographies_2012_smith_courtesy_galerie_les_filles_du_calvaire-768x960.jpg 768w, https:\/\/www.szenik.eu\/wp-content\/uploads\/2020\/05\/spectres_d_europe_3_smith_sans_titre_spectrographies_2012_smith_courtesy_galerie_les_filles_du_calvaire-750x938.jpg 750w, https:\/\/www.szenik.eu\/wp-content\/uploads\/2020\/05\/spectres_d_europe_3_smith_sans_titre_spectrographies_2012_smith_courtesy_galerie_les_filles_du_calvaire-1140x1425.jpg 1140w, https:\/\/www.szenik.eu\/wp-content\/uploads\/2020\/05\/spectres_d_europe_3_smith_sans_titre_spectrographies_2012_smith_courtesy_galerie_les_filles_du_calvaire.jpg 1200w\" sizes=\"(max-width: 819px) 100vw, 819px\" \/><\/figure><div class=\"wp-block-media-text__content\">\n<p><strong><em><a href=\"https:\/\/www.operanationaldurhin.eu\/de\/spectacles\/saison-2020-2021\/dance\/spectres-of-europa-3\">Spectres d&#8217;Europe #3<\/a><\/em><\/strong><\/p>\n\n\n\n<p>Choreographien von <strong>Bruno Bouch\u00e9, Angelin Preljocaj, Alba Castillo<\/strong><\/p>\n\n\n\n<p><em>Vom 21. Oktober bis 18. November 2020<\/em><\/p>\n<\/div><\/div>\n\n\n\n<div style=\"height:20px\" aria-hidden=\"true\" class=\"wp-block-spacer\"><\/div>\n\n\n\n<div class=\"wp-block-media-text alignwide is-image-fill\"><figure class=\"wp-block-media-text__media\" style=\"background-image:url(https:\/\/www.szenik.eu\/wp-content\/uploads\/2020\/05\/danser_mozart_au_xxie_siecle_smith_sans_titre_traum_2015_smith_courtesy_galerie_les_filles_du_calvaire-819x1024.jpg);background-position:51.83823529411765% 100%\"><img decoding=\"async\" loading=\"lazy\" width=\"819\" height=\"1024\" src=\"https:\/\/www.szenik.eu\/wp-content\/uploads\/2020\/05\/danser_mozart_au_xxie_siecle_smith_sans_titre_traum_2015_smith_courtesy_galerie_les_filles_du_calvaire-819x1024.jpg\" alt=\"\" class=\"wp-image-31595\" srcset=\"https:\/\/www.szenik.eu\/wp-content\/uploads\/2020\/05\/danser_mozart_au_xxie_siecle_smith_sans_titre_traum_2015_smith_courtesy_galerie_les_filles_du_calvaire-819x1024.jpg 819w, https:\/\/www.szenik.eu\/wp-content\/uploads\/2020\/05\/danser_mozart_au_xxie_siecle_smith_sans_titre_traum_2015_smith_courtesy_galerie_les_filles_du_calvaire-240x300.jpg 240w, https:\/\/www.szenik.eu\/wp-content\/uploads\/2020\/05\/danser_mozart_au_xxie_siecle_smith_sans_titre_traum_2015_smith_courtesy_galerie_les_filles_du_calvaire-768x960.jpg 768w, https:\/\/www.szenik.eu\/wp-content\/uploads\/2020\/05\/danser_mozart_au_xxie_siecle_smith_sans_titre_traum_2015_smith_courtesy_galerie_les_filles_du_calvaire-750x938.jpg 750w, https:\/\/www.szenik.eu\/wp-content\/uploads\/2020\/05\/danser_mozart_au_xxie_siecle_smith_sans_titre_traum_2015_smith_courtesy_galerie_les_filles_du_calvaire-1140x1425.jpg 1140w, https:\/\/www.szenik.eu\/wp-content\/uploads\/2020\/05\/danser_mozart_au_xxie_siecle_smith_sans_titre_traum_2015_smith_courtesy_galerie_les_filles_du_calvaire.jpg 1200w\" sizes=\"(max-width: 819px) 100vw, 819px\" \/><\/figure><div class=\"wp-block-media-text__content\">\n<p><a href=\"https:\/\/www.operanationaldurhin.eu\/de\/spectacles\/saison-2020-2021\/dance\/mozart-tanzen-im-21-jahrhundert\"><strong><em>Mozart tanzen im 21. Jahrhundert<\/em><\/strong><\/a><\/p>\n\n\n\n<p>Choreographien, B\u00fchne, Kost\u00fcme <strong>Rub\u00e9n Julliard<\/strong>,\u00a0\u00a0<strong>Marwik Schmitt<\/strong><\/p>\n\n\n\n<p><em>Vom 16. Dezember 2020 bis 10. April 2021 <\/em><\/p>\n<\/div><\/div>\n\n\n\n<div style=\"height:20px\" aria-hidden=\"true\" class=\"wp-block-spacer\"><\/div>\n\n\n\n<div class=\"wp-block-media-text alignwide is-image-fill\"><figure class=\"wp-block-media-text__media\" style=\"background-image:url(https:\/\/www.szenik.eu\/wp-content\/uploads\/2020\/05\/les_ailes_du_desir_smith_sans_titre_desideration_2017_smith_courtesy_galerie_les_filles_du_calvaire-819x1024.jpg);background-position:50% 50%\"><img decoding=\"async\" loading=\"lazy\" width=\"819\" height=\"1024\" src=\"https:\/\/www.szenik.eu\/wp-content\/uploads\/2020\/05\/les_ailes_du_desir_smith_sans_titre_desideration_2017_smith_courtesy_galerie_les_filles_du_calvaire-819x1024.jpg\" alt=\"\" class=\"wp-image-31597\" srcset=\"https:\/\/www.szenik.eu\/wp-content\/uploads\/2020\/05\/les_ailes_du_desir_smith_sans_titre_desideration_2017_smith_courtesy_galerie_les_filles_du_calvaire-819x1024.jpg 819w, https:\/\/www.szenik.eu\/wp-content\/uploads\/2020\/05\/les_ailes_du_desir_smith_sans_titre_desideration_2017_smith_courtesy_galerie_les_filles_du_calvaire-240x300.jpg 240w, https:\/\/www.szenik.eu\/wp-content\/uploads\/2020\/05\/les_ailes_du_desir_smith_sans_titre_desideration_2017_smith_courtesy_galerie_les_filles_du_calvaire-768x960.jpg 768w, https:\/\/www.szenik.eu\/wp-content\/uploads\/2020\/05\/les_ailes_du_desir_smith_sans_titre_desideration_2017_smith_courtesy_galerie_les_filles_du_calvaire-750x938.jpg 750w, https:\/\/www.szenik.eu\/wp-content\/uploads\/2020\/05\/les_ailes_du_desir_smith_sans_titre_desideration_2017_smith_courtesy_galerie_les_filles_du_calvaire-1140x1425.jpg 1140w, https:\/\/www.szenik.eu\/wp-content\/uploads\/2020\/05\/les_ailes_du_desir_smith_sans_titre_desideration_2017_smith_courtesy_galerie_les_filles_du_calvaire.jpg 1200w\" sizes=\"(max-width: 819px) 100vw, 819px\" \/><\/figure><div class=\"wp-block-media-text__content\">\n<p><strong><em><a href=\"https:\/\/www.operanationaldurhin.eu\/de\/spectacles\/saison-2020-2021\/dance\/der-himmel-uber-berlin\">Der Himmel \u00fcber Berlin<\/a><\/em><\/strong><\/p>\n\n\n\n<p>Choreographie <strong>Bruno Bouch\u00e9<\/strong><\/p>\n\n\n\n<p><em>Vom 13. Januar bis 7. Februar 2021<\/em><\/p>\n<\/div><\/div>\n\n\n\n<div style=\"height:20px\" aria-hidden=\"true\" class=\"wp-block-spacer\"><\/div>\n\n\n\n<div class=\"wp-block-media-text alignwide is-image-fill\"><figure class=\"wp-block-media-text__media\" style=\"background-image:url(https:\/\/www.szenik.eu\/wp-content\/uploads\/2020\/05\/la_gran_partita_smith_sans_titre_hear_us_marching_up_slowly_2012_smith_courtesy_galerie_les_filles_du_calvaire-819x1024.jpg);background-position:50% 50%\"><img decoding=\"async\" loading=\"lazy\" width=\"819\" height=\"1024\" src=\"https:\/\/www.szenik.eu\/wp-content\/uploads\/2020\/05\/la_gran_partita_smith_sans_titre_hear_us_marching_up_slowly_2012_smith_courtesy_galerie_les_filles_du_calvaire-819x1024.jpg\" alt=\"\" class=\"wp-image-31599\" srcset=\"https:\/\/www.szenik.eu\/wp-content\/uploads\/2020\/05\/la_gran_partita_smith_sans_titre_hear_us_marching_up_slowly_2012_smith_courtesy_galerie_les_filles_du_calvaire-819x1024.jpg 819w, https:\/\/www.szenik.eu\/wp-content\/uploads\/2020\/05\/la_gran_partita_smith_sans_titre_hear_us_marching_up_slowly_2012_smith_courtesy_galerie_les_filles_du_calvaire-240x300.jpg 240w, https:\/\/www.szenik.eu\/wp-content\/uploads\/2020\/05\/la_gran_partita_smith_sans_titre_hear_us_marching_up_slowly_2012_smith_courtesy_galerie_les_filles_du_calvaire-768x960.jpg 768w, https:\/\/www.szenik.eu\/wp-content\/uploads\/2020\/05\/la_gran_partita_smith_sans_titre_hear_us_marching_up_slowly_2012_smith_courtesy_galerie_les_filles_du_calvaire-750x938.jpg 750w, https:\/\/www.szenik.eu\/wp-content\/uploads\/2020\/05\/la_gran_partita_smith_sans_titre_hear_us_marching_up_slowly_2012_smith_courtesy_galerie_les_filles_du_calvaire-1140x1425.jpg 1140w, https:\/\/www.szenik.eu\/wp-content\/uploads\/2020\/05\/la_gran_partita_smith_sans_titre_hear_us_marching_up_slowly_2012_smith_courtesy_galerie_les_filles_du_calvaire.jpg 1200w\" sizes=\"(max-width: 819px) 100vw, 819px\" \/><\/figure><div class=\"wp-block-media-text__content\">\n<p><strong><em><a href=\"https:\/\/www.operanationaldurhin.eu\/de\/spectacles\/saison-2020-2021\/dance\/la-gran-partita-1\" target=\"_blank\" rel=\"noreferrer noopener\" aria-label=\"La Gran Partita (opens in a new tab)\">La Gran Partita<\/a><\/em><\/strong><\/p>\n\n\n\n<p>Choreografie, B\u00fchne, Kost\u00fcme <strong>T\u00e4nzer-Choreograf*innen des Balletts der OnR<\/strong><\/p>\n\n\n\n<p><em>Vom 18. bis 19. Februar 2021<\/em><\/p>\n<\/div><\/div>\n\n\n\n<div style=\"height:20px\" aria-hidden=\"true\" class=\"wp-block-spacer\"><\/div>\n\n\n\n<div class=\"wp-block-media-text alignwide is-image-fill\"><figure class=\"wp-block-media-text__media\" style=\"background-image:url(https:\/\/www.szenik.eu\/wp-content\/uploads\/2020\/05\/ballets_europeens_au_xxie_siecle_smith_sans_titre_traum_2015_smith_courtesy_galerie_les_filles_du_calvaire-819x1024.jpg);background-position:50% 50%\"><img decoding=\"async\" loading=\"lazy\" width=\"819\" height=\"1024\" src=\"https:\/\/www.szenik.eu\/wp-content\/uploads\/2020\/05\/ballets_europeens_au_xxie_siecle_smith_sans_titre_traum_2015_smith_courtesy_galerie_les_filles_du_calvaire-819x1024.jpg\" alt=\"\" class=\"wp-image-31601\" srcset=\"https:\/\/www.szenik.eu\/wp-content\/uploads\/2020\/05\/ballets_europeens_au_xxie_siecle_smith_sans_titre_traum_2015_smith_courtesy_galerie_les_filles_du_calvaire-819x1024.jpg 819w, https:\/\/www.szenik.eu\/wp-content\/uploads\/2020\/05\/ballets_europeens_au_xxie_siecle_smith_sans_titre_traum_2015_smith_courtesy_galerie_les_filles_du_calvaire-240x300.jpg 240w, https:\/\/www.szenik.eu\/wp-content\/uploads\/2020\/05\/ballets_europeens_au_xxie_siecle_smith_sans_titre_traum_2015_smith_courtesy_galerie_les_filles_du_calvaire-768x960.jpg 768w, https:\/\/www.szenik.eu\/wp-content\/uploads\/2020\/05\/ballets_europeens_au_xxie_siecle_smith_sans_titre_traum_2015_smith_courtesy_galerie_les_filles_du_calvaire-750x938.jpg 750w, https:\/\/www.szenik.eu\/wp-content\/uploads\/2020\/05\/ballets_europeens_au_xxie_siecle_smith_sans_titre_traum_2015_smith_courtesy_galerie_les_filles_du_calvaire-1140x1425.jpg 1140w, https:\/\/www.szenik.eu\/wp-content\/uploads\/2020\/05\/ballets_europeens_au_xxie_siecle_smith_sans_titre_traum_2015_smith_courtesy_galerie_les_filles_du_calvaire.jpg 1200w\" sizes=\"(max-width: 819px) 100vw, 819px\" \/><\/figure><div class=\"wp-block-media-text__content\">\n<p><strong><em><a href=\"https:\/\/www.operanationaldurhin.eu\/de\/spectacles\/saison-2020-2021\/dance\/europaisches-ballett-im-21-jahrhundert-1\" target=\"_blank\" rel=\"noreferrer noopener\" aria-label=\"Europ\u00e4isches Ballett im 21. Jahrhundert (opens in a new tab)\">Europ\u00e4isches Ballett im 21. Jahrhundert<\/a><\/em><\/strong><\/p>\n\n\n\n<p>Mit <strong>Ballet de l\u2019Op\u00e9ra national de Bordeaux<\/strong>,\u00a0<strong>Ballet de l\u2019Op\u00e9ra national de Lyon<\/strong>, <strong>Ballet du Capitole de Toulouse<\/strong>,\u00a0<strong>Orchestre symphonique de Mulhouse<\/strong>,\u00a0\u00a0<strong>CCN\u2009-\u2009Ballet de Lorraine<\/strong>,\u00a0\u00a0<strong>CCN\u2009-\u2009Ballet Preljocaj<\/strong>,\u00a0<strong>CCN\u2009-\u2009Malandain Ballet Biarritz<\/strong>,\u00a0\u00a0<strong>CCN \u2022 Ballet de l&#8217;Op\u00e9ra national du Rhin<\/strong>,\u00a0<strong>Hessisches Staatsballett<\/strong><\/p>\n\n\n\n<p><em>Vom 10. bis 13. M<\/em>\u00e4<em>rz 2021<\/em><\/p>\n<\/div><\/div>\n\n\n\n<div style=\"height:20px\" aria-hidden=\"true\" class=\"wp-block-spacer\"><\/div>\n\n\n\n<div class=\"wp-block-media-text alignwide is-image-fill\"><figure class=\"wp-block-media-text__media\" style=\"background-image:url(https:\/\/www.szenik.eu\/wp-content\/uploads\/2020\/05\/maria_de_buenos_aires_smith_sans_titre_desideration_2017_smith_courtesy_galerie_les_filles_du_calvaire-819x1024.jpg);background-position:51.83823529411765% 100%\"><img decoding=\"async\" loading=\"lazy\" width=\"819\" height=\"1024\" src=\"https:\/\/www.szenik.eu\/wp-content\/uploads\/2020\/05\/maria_de_buenos_aires_smith_sans_titre_desideration_2017_smith_courtesy_galerie_les_filles_du_calvaire-819x1024.jpg\" alt=\"\" class=\"wp-image-31603\" srcset=\"https:\/\/www.szenik.eu\/wp-content\/uploads\/2020\/05\/maria_de_buenos_aires_smith_sans_titre_desideration_2017_smith_courtesy_galerie_les_filles_du_calvaire-819x1024.jpg 819w, https:\/\/www.szenik.eu\/wp-content\/uploads\/2020\/05\/maria_de_buenos_aires_smith_sans_titre_desideration_2017_smith_courtesy_galerie_les_filles_du_calvaire-240x300.jpg 240w, https:\/\/www.szenik.eu\/wp-content\/uploads\/2020\/05\/maria_de_buenos_aires_smith_sans_titre_desideration_2017_smith_courtesy_galerie_les_filles_du_calvaire-768x960.jpg 768w, https:\/\/www.szenik.eu\/wp-content\/uploads\/2020\/05\/maria_de_buenos_aires_smith_sans_titre_desideration_2017_smith_courtesy_galerie_les_filles_du_calvaire-750x938.jpg 750w, https:\/\/www.szenik.eu\/wp-content\/uploads\/2020\/05\/maria_de_buenos_aires_smith_sans_titre_desideration_2017_smith_courtesy_galerie_les_filles_du_calvaire-1140x1425.jpg 1140w, https:\/\/www.szenik.eu\/wp-content\/uploads\/2020\/05\/maria_de_buenos_aires_smith_sans_titre_desideration_2017_smith_courtesy_galerie_les_filles_du_calvaire.jpg 1200w\" sizes=\"(max-width: 819px) 100vw, 819px\" \/><\/figure><div class=\"wp-block-media-text__content\">\n<p><strong><em><a href=\"https:\/\/www.operanationaldurhin.eu\/de\/spectacles\/saison-2020-2021\/dance\/maria-de-buenos-aires-1\" target=\"_blank\" rel=\"noreferrer noopener\" aria-label=\"Maria de Buenos Aires (opens in a new tab)\">Maria de Buenos Aires<\/a><\/em><\/strong><\/p>\n\n\n\n<p>Choreographie, Dekor <strong>Matias Tripodi<\/strong><\/p>\n\n\n\n<p><em>Vom 16. bis 30. April  2021<\/em><\/p>\n<\/div><\/div>\n\n\n\n<div style=\"height:34px\" aria-hidden=\"true\" class=\"wp-block-spacer\"><\/div>\n\n\n\n<p class=\"has-background has-text-align-center has-light-green-cyan-background-color\">Liederabend<\/p>\n\n\n\n<ul><li><strong><em><a rel=\"noreferrer noopener\" aria-label=\"Pavol Breslik (opens in a new tab)\" href=\"https:\/\/www.operanationaldurhin.eu\/de\/spectacles\/saison-2020-2021\/recital\/pavol-breslik\" target=\"_blank\">Pavol Breslik<\/a><\/em><\/strong> am 21. Oktober 2020<\/li><li><strong><em><a href=\"https:\/\/www.operanationaldurhin.eu\/de\/spectacles\/saison-2020-2021\/recital\/eva-maria-westbroek\">Eva-Maria Westbroek<\/a><\/em><\/strong> am 15. Januar 2021<\/li><li><strong><em><a rel=\"noreferrer noopener\" aria-label=\"Karine Deshayes (opens in a new tab)\" href=\"https:\/\/www.operanationaldurhin.eu\/de\/spectacles\/saison-2020-2021\/recital\/karine-deshayes\" target=\"_blank\">Karine Deshayes<\/a><\/em><\/strong> am 17. Februar 2021<\/li><li><strong><em><a href=\"https:\/\/www.operanationaldurhin.eu\/de\/spectacles\/saison-2020-2021\/recital\/joyce-el-khoury\" target=\"_blank\" rel=\"noreferrer noopener\" aria-label=\"Joyce El-Khoury (opens in a new tab)\">Joyce El-Khoury<\/a><\/em><\/strong> am 26. M\u00e4rz 2021<\/li><li><strong><em><a href=\"https:\/\/www.operanationaldurhin.eu\/de\/spectacles\/saison-2020-2021\/recital\/matthias-goerne\">Matthias Goerne<\/a><\/em><\/strong> am 28. Mai 2021<\/li><li><strong><a href=\"https:\/\/www.operanationaldurhin.eu\/de\/spectacles\/saison-2020-2021\/recital\/mark-padmore\" target=\"_blank\" rel=\"noreferrer noopener\" aria-label=\"Mark Padmore (opens in a new tab)\">Mark Padmore<\/a><\/strong> am 23. Juni 2021<\/li><\/ul>\n\n\n\n<div style=\"height:47px\" aria-hidden=\"true\" class=\"wp-block-spacer\"><\/div>\n\n\n\n<p class=\"has-background has-text-align-center has-pale-cyan-blue-background-color\">Festivals<\/p>\n\n\n\n<div class=\"wp-block-media-text alignwide is-image-fill\"><figure class=\"wp-block-media-text__media\" style=\"background-image:url(https:\/\/www.szenik.eu\/wp-content\/uploads\/2020\/05\/superposition_kazuo_fukunaga_courtesyof_kyotoexperiment_2-1024x683.jpg);background-position:50% 50%\"><img decoding=\"async\" loading=\"lazy\" width=\"1024\" height=\"683\" src=\"https:\/\/www.szenik.eu\/wp-content\/uploads\/2020\/05\/superposition_kazuo_fukunaga_courtesyof_kyotoexperiment_2-1024x683.jpg\" alt=\"\" class=\"wp-image-31607\" srcset=\"https:\/\/www.szenik.eu\/wp-content\/uploads\/2020\/05\/superposition_kazuo_fukunaga_courtesyof_kyotoexperiment_2-1024x683.jpg 1024w, https:\/\/www.szenik.eu\/wp-content\/uploads\/2020\/05\/superposition_kazuo_fukunaga_courtesyof_kyotoexperiment_2-300x200.jpg 300w, https:\/\/www.szenik.eu\/wp-content\/uploads\/2020\/05\/superposition_kazuo_fukunaga_courtesyof_kyotoexperiment_2-768x512.jpg 768w, https:\/\/www.szenik.eu\/wp-content\/uploads\/2020\/05\/superposition_kazuo_fukunaga_courtesyof_kyotoexperiment_2-750x500.jpg 750w, https:\/\/www.szenik.eu\/wp-content\/uploads\/2020\/05\/superposition_kazuo_fukunaga_courtesyof_kyotoexperiment_2-1140x760.jpg 1140w, https:\/\/www.szenik.eu\/wp-content\/uploads\/2020\/05\/superposition_kazuo_fukunaga_courtesyof_kyotoexperiment_2.jpg 1500w\" sizes=\"(max-width: 1024px) 100vw, 1024px\" \/><\/figure><div class=\"wp-block-media-text__content\">\n<p><strong><em><a href=\"https:\/\/www.operanationaldurhin.eu\/de\/spectacles\/saison-2020-2021\/musica-festival\" target=\"_blank\" rel=\"noreferrer noopener\" aria-label=\"Festival Musica 2020  (opens in a new tab)\">Festival Musica 2020 <\/a><\/em><\/strong><br>September 2020<\/p>\n\n\n\n<p>* <strong><em><a rel=\"noreferrer noopener\" aria-label=\"Solveig (Die Erwartung)  (opens in a new tab)\" href=\"https:\/\/www.operanationaldurhin.eu\/de\/spectacles\/saison-2020-2021\/opera\/solveig-die-erwartung\" target=\"_blank\">Solveig (Die Erwartung) <\/a><\/em><\/strong>I Inszenierung <strong>Calixto Bieito<\/strong><br><br>* <a href=\"https:\/\/www.operanationaldurhin.eu\/de\/spectacles\/saison-2020-2021\/opera\/solveig-die-erwartung\" target=\"_blank\" rel=\"noreferrer noopener\" aria-label=\"Superposition  (opens in a new tab)\"><strong><em>Superposition<\/em><\/strong> <\/a>I von <strong>Ryoji Ikeda<\/strong><\/p>\n<\/div><\/div>\n\n\n\n<div style=\"height:20px\" aria-hidden=\"true\" class=\"wp-block-spacer\"><\/div>\n\n\n\n<div class=\"wp-block-media-text alignwide\"><figure class=\"wp-block-media-text__media\"><img decoding=\"async\" loading=\"lazy\" width=\"1024\" height=\"683\" src=\"https:\/\/www.szenik.eu\/wp-content\/uploads\/2020\/05\/2_fay_fox-1024x683.jpg\" alt=\"\" class=\"wp-image-31605\" srcset=\"https:\/\/www.szenik.eu\/wp-content\/uploads\/2020\/05\/2_fay_fox-1024x683.jpg 1024w, https:\/\/www.szenik.eu\/wp-content\/uploads\/2020\/05\/2_fay_fox-300x200.jpg 300w, https:\/\/www.szenik.eu\/wp-content\/uploads\/2020\/05\/2_fay_fox-768x512.jpg 768w, https:\/\/www.szenik.eu\/wp-content\/uploads\/2020\/05\/2_fay_fox-750x500.jpg 750w, https:\/\/www.szenik.eu\/wp-content\/uploads\/2020\/05\/2_fay_fox-1140x760.jpg 1140w, https:\/\/www.szenik.eu\/wp-content\/uploads\/2020\/05\/2_fay_fox.jpg 1200w\" sizes=\"(max-width: 1024px) 100vw, 1024px\" \/><\/figure><div class=\"wp-block-media-text__content\">\n<p class=\"has-normal-font-size\"><strong><em><a rel=\"noreferrer noopener\" aria-label=\"Festival Arsmondo Liban 2021 (opens in a new tab)\" href=\"https:\/\/www.operanationaldurhin.eu\/de\/spectacles\/saison-2020-2021\/arsmondo\" target=\"_blank\">Festival Arsmondo Liban 2021<\/a><\/em><\/strong><br><br><em>Programm erscheint im Fr\u00fchjahr 2021<\/em><\/p>\n<\/div><\/div>\n\n\n\n<div style=\"height:52px\" aria-hidden=\"true\" class=\"wp-block-spacer\"><\/div>\n\n\n\n<p class=\"has-background has-text-align-center has-vivid-green-cyan-background-color\">Junge Oper<\/p>\n\n\n\n<div class=\"wp-block-media-text alignwide is-image-fill\"><figure class=\"wp-block-media-text__media\" style=\"background-image:url(https:\/\/www.szenik.eu\/wp-content\/uploads\/2020\/05\/chaplin_smith_sans_titre_2020_smith_courtesy_galerie_les_filles_du_calvaire-819x1024.jpg);background-position:50% 50%\"><img decoding=\"async\" loading=\"lazy\" width=\"819\" height=\"1024\" src=\"https:\/\/www.szenik.eu\/wp-content\/uploads\/2020\/05\/chaplin_smith_sans_titre_2020_smith_courtesy_galerie_les_filles_du_calvaire-819x1024.jpg\" alt=\"\" class=\"wp-image-31591\" srcset=\"https:\/\/www.szenik.eu\/wp-content\/uploads\/2020\/05\/chaplin_smith_sans_titre_2020_smith_courtesy_galerie_les_filles_du_calvaire-819x1024.jpg 819w, https:\/\/www.szenik.eu\/wp-content\/uploads\/2020\/05\/chaplin_smith_sans_titre_2020_smith_courtesy_galerie_les_filles_du_calvaire-240x300.jpg 240w, https:\/\/www.szenik.eu\/wp-content\/uploads\/2020\/05\/chaplin_smith_sans_titre_2020_smith_courtesy_galerie_les_filles_du_calvaire-768x960.jpg 768w, https:\/\/www.szenik.eu\/wp-content\/uploads\/2020\/05\/chaplin_smith_sans_titre_2020_smith_courtesy_galerie_les_filles_du_calvaire-750x938.jpg 750w, https:\/\/www.szenik.eu\/wp-content\/uploads\/2020\/05\/chaplin_smith_sans_titre_2020_smith_courtesy_galerie_les_filles_du_calvaire-1140x1425.jpg 1140w, https:\/\/www.szenik.eu\/wp-content\/uploads\/2020\/05\/chaplin_smith_sans_titre_2020_smith_courtesy_galerie_les_filles_du_calvaire.jpg 1200w\" sizes=\"(max-width: 819px) 100vw, 819px\" \/><\/figure><div class=\"wp-block-media-text__content\">\n<p><strong><em><a href=\"https:\/\/www.operanationaldurhin.eu\/de\/spectacles\/saison-2020-2021\/dance\/chaplin\" target=\"_blank\" rel=\"noreferrer noopener\" aria-label=\"Chaplin (opens in a new tab)\">Chaplin<\/a><\/em><\/strong><\/p>\n\n\n\n<p>Choreographie, Licht <strong>Mario Schr\u00f6der<\/strong><\/p>\n\n\n\n<p><em>Vom 5. bis 17. September 2020<\/em><\/p>\n<\/div><\/div>\n\n\n\n<div style=\"height:20px\" aria-hidden=\"true\" class=\"wp-block-spacer\"><\/div>\n\n\n\n<div class=\"wp-block-media-text alignwide is-image-fill\"><figure class=\"wp-block-media-text__media\" style=\"background-image:url(https:\/\/www.szenik.eu\/wp-content\/uploads\/2020\/05\/moncoussin9200web_crop-1024x1024.jpg);background-position:50% 50%\"><img decoding=\"async\" loading=\"lazy\" width=\"1024\" height=\"1024\" src=\"https:\/\/www.szenik.eu\/wp-content\/uploads\/2020\/05\/moncoussin9200web_crop-1024x1024.jpg\" alt=\"\" class=\"wp-image-31609\" srcset=\"https:\/\/www.szenik.eu\/wp-content\/uploads\/2020\/05\/moncoussin9200web_crop-1024x1024.jpg 1024w, https:\/\/www.szenik.eu\/wp-content\/uploads\/2020\/05\/moncoussin9200web_crop-300x300.jpg 300w, https:\/\/www.szenik.eu\/wp-content\/uploads\/2020\/05\/moncoussin9200web_crop-150x150.jpg 150w, https:\/\/www.szenik.eu\/wp-content\/uploads\/2020\/05\/moncoussin9200web_crop-768x768.jpg 768w, https:\/\/www.szenik.eu\/wp-content\/uploads\/2020\/05\/moncoussin9200web_crop-75x75.jpg 75w, https:\/\/www.szenik.eu\/wp-content\/uploads\/2020\/05\/moncoussin9200web_crop-750x750.jpg 750w, https:\/\/www.szenik.eu\/wp-content\/uploads\/2020\/05\/moncoussin9200web_crop-1140x1140.jpg 1140w, https:\/\/www.szenik.eu\/wp-content\/uploads\/2020\/05\/moncoussin9200web_crop.jpg 1224w\" sizes=\"(max-width: 1024px) 100vw, 1024px\" \/><\/figure><div class=\"wp-block-media-text__content\">\n<p class=\"has-normal-font-size\"><a href=\"https:\/\/www.operanationaldurhin.eu\/de\/spectacles\/saison-2020-2021\/sitzkissenkonzerte\/avec-mon-cous-s-in-dansons-chaplin\" target=\"_blank\" rel=\"noreferrer noopener\" aria-label=\"Avec mon cous(s)in - \nDansons Chaplin (opens in a new tab)\"><strong><em>Avec mon cous(s)in &#8211; <\/em><\/strong><br><strong><em>Dansons Chaplin<\/em><\/strong><\/a><br><br>Sitzkissenkonzerte<br>Am 6. September 2020<\/p>\n<\/div><\/div>\n\n\n\n<div style=\"height:20px\" aria-hidden=\"true\" class=\"wp-block-spacer\"><\/div>\n\n\n\n<div class=\"wp-block-media-text alignwide is-image-fill\"><figure class=\"wp-block-media-text__media\" style=\"background-image:url(https:\/\/www.szenik.eu\/wp-content\/uploads\/2020\/05\/opera_grenier_vide_s_026-683x1024.jpg);background-position:50% 50%\"><img decoding=\"async\" loading=\"lazy\" width=\"683\" height=\"1024\" src=\"https:\/\/www.szenik.eu\/wp-content\/uploads\/2020\/05\/opera_grenier_vide_s_026-683x1024.jpg\" alt=\"\" class=\"wp-image-31611\" srcset=\"https:\/\/www.szenik.eu\/wp-content\/uploads\/2020\/05\/opera_grenier_vide_s_026-683x1024.jpg 683w, https:\/\/www.szenik.eu\/wp-content\/uploads\/2020\/05\/opera_grenier_vide_s_026-200x300.jpg 200w, https:\/\/www.szenik.eu\/wp-content\/uploads\/2020\/05\/opera_grenier_vide_s_026-768x1152.jpg 768w, https:\/\/www.szenik.eu\/wp-content\/uploads\/2020\/05\/opera_grenier_vide_s_026-750x1125.jpg 750w, https:\/\/www.szenik.eu\/wp-content\/uploads\/2020\/05\/opera_grenier_vide_s_026.jpg 1000w\" sizes=\"(max-width: 683px) 100vw, 683px\" \/><\/figure><div class=\"wp-block-media-text__content\">\n<p class=\"has-normal-font-size\"><a href=\"https:\/\/www.operanationaldurhin.eu\/de\/spectacles\/saison-2020-2021\/kindermittwoch\/un-costume-pour-la-jungle-urbaine\" target=\"_blank\" rel=\"noreferrer noopener\" aria-label=\"Kindermittwoch - \nUn costume pour la jungle urbaine (opens in a new tab)\"><strong><em>Kindermittwoch &#8211; <\/em><\/strong><br><strong><em>Un costume pour la jungle urbaine<\/em><\/strong><\/a><br><br>Am 7. Oktober 2020<\/p>\n<\/div><\/div>\n\n\n\n<div style=\"height:20px\" aria-hidden=\"true\" class=\"wp-block-spacer\"><\/div>\n\n\n\n<div class=\"wp-block-media-text alignwide is-image-fill\"><figure class=\"wp-block-media-text__media\" style=\"background-image:url(https:\/\/www.szenik.eu\/wp-content\/uploads\/2020\/05\/moncoussin9200web_crop-1024x1024.jpg);background-position:50% 50%\"><img decoding=\"async\" loading=\"lazy\" width=\"1024\" height=\"1024\" src=\"https:\/\/www.szenik.eu\/wp-content\/uploads\/2020\/05\/moncoussin9200web_crop-1024x1024.jpg\" alt=\"\" class=\"wp-image-31609\" srcset=\"https:\/\/www.szenik.eu\/wp-content\/uploads\/2020\/05\/moncoussin9200web_crop-1024x1024.jpg 1024w, https:\/\/www.szenik.eu\/wp-content\/uploads\/2020\/05\/moncoussin9200web_crop-300x300.jpg 300w, https:\/\/www.szenik.eu\/wp-content\/uploads\/2020\/05\/moncoussin9200web_crop-150x150.jpg 150w, https:\/\/www.szenik.eu\/wp-content\/uploads\/2020\/05\/moncoussin9200web_crop-768x768.jpg 768w, https:\/\/www.szenik.eu\/wp-content\/uploads\/2020\/05\/moncoussin9200web_crop-75x75.jpg 75w, https:\/\/www.szenik.eu\/wp-content\/uploads\/2020\/05\/moncoussin9200web_crop-750x750.jpg 750w, https:\/\/www.szenik.eu\/wp-content\/uploads\/2020\/05\/moncoussin9200web_crop-1140x1140.jpg 1140w, https:\/\/www.szenik.eu\/wp-content\/uploads\/2020\/05\/moncoussin9200web_crop.jpg 1224w\" sizes=\"(max-width: 1024px) 100vw, 1024px\" \/><\/figure><div class=\"wp-block-media-text__content\">\n<p class=\"has-normal-font-size\"><a href=\"https:\/\/www.operanationaldurhin.eu\/de\/spectacles\/saison-2020-2021\/sitzkissenkonzerte\/avec-mon-cous-s-in-les-confidences-de-samson-et-dalila\" target=\"_blank\" rel=\"noreferrer noopener\" aria-label=\"Avec mon cous(s)in - \nLes confidences de Samson et Dalila (opens in a new tab)\"><strong><em>Avec mon cous(s)in &#8211; <\/em><\/strong><br><strong><em>Les confidences de Samson et Dalila<\/em><\/strong><\/a><br><br>Sitzkissenkonzerte<br>Am 10. Oktober 2020<\/p>\n<\/div><\/div>\n\n\n\n<div style=\"height:20px\" aria-hidden=\"true\" class=\"wp-block-spacer\"><\/div>\n\n\n\n<div class=\"wp-block-media-text alignwide is-image-fill\"><figure class=\"wp-block-media-text__media\" style=\"background-image:url(https:\/\/www.szenik.eu\/wp-content\/uploads\/2020\/05\/opera_grenier_vide_s_026-683x1024.jpg);background-position:50% 50%\"><img decoding=\"async\" loading=\"lazy\" width=\"683\" height=\"1024\" src=\"https:\/\/www.szenik.eu\/wp-content\/uploads\/2020\/05\/opera_grenier_vide_s_026-683x1024.jpg\" alt=\"\" class=\"wp-image-31611\" srcset=\"https:\/\/www.szenik.eu\/wp-content\/uploads\/2020\/05\/opera_grenier_vide_s_026-683x1024.jpg 683w, https:\/\/www.szenik.eu\/wp-content\/uploads\/2020\/05\/opera_grenier_vide_s_026-200x300.jpg 200w, https:\/\/www.szenik.eu\/wp-content\/uploads\/2020\/05\/opera_grenier_vide_s_026-768x1152.jpg 768w, https:\/\/www.szenik.eu\/wp-content\/uploads\/2020\/05\/opera_grenier_vide_s_026-750x1125.jpg 750w, https:\/\/www.szenik.eu\/wp-content\/uploads\/2020\/05\/opera_grenier_vide_s_026.jpg 1000w\" sizes=\"(max-width: 683px) 100vw, 683px\" \/><\/figure><div class=\"wp-block-media-text__content\">\n<p class=\"has-normal-font-size\"><a href=\"https:\/\/www.operanationaldurhin.eu\/de\/spectacles\/saison-2020-2021\/kindermittwoch\/les-anges-dansent-aussi\" target=\"_blank\" rel=\"noreferrer noopener\" aria-label=\"Kindermittwoch - \nLes anges dansent aussi\n (opens in a new tab)\"><strong><em>Kindermittwoch &#8211; <\/em><\/strong><br><strong><em>Les anges dansent aussi<\/em><\/strong><br><\/a><br>Am 14. Oktober 2020<\/p>\n<\/div><\/div>\n\n\n\n<div style=\"height:20px\" aria-hidden=\"true\" class=\"wp-block-spacer\"><\/div>\n\n\n\n<div class=\"wp-block-media-text alignwide is-image-fill\"><figure class=\"wp-block-media-text__media\" style=\"background-image:url(https:\/\/www.szenik.eu\/wp-content\/uploads\/2020\/05\/opera_grenier_vide_s_026-683x1024.jpg);background-position:50% 50%\"><img decoding=\"async\" loading=\"lazy\" width=\"683\" height=\"1024\" src=\"https:\/\/www.szenik.eu\/wp-content\/uploads\/2020\/05\/opera_grenier_vide_s_026-683x1024.jpg\" alt=\"\" class=\"wp-image-31611\" srcset=\"https:\/\/www.szenik.eu\/wp-content\/uploads\/2020\/05\/opera_grenier_vide_s_026-683x1024.jpg 683w, https:\/\/www.szenik.eu\/wp-content\/uploads\/2020\/05\/opera_grenier_vide_s_026-200x300.jpg 200w, https:\/\/www.szenik.eu\/wp-content\/uploads\/2020\/05\/opera_grenier_vide_s_026-768x1152.jpg 768w, https:\/\/www.szenik.eu\/wp-content\/uploads\/2020\/05\/opera_grenier_vide_s_026-750x1125.jpg 750w, https:\/\/www.szenik.eu\/wp-content\/uploads\/2020\/05\/opera_grenier_vide_s_026.jpg 1000w\" sizes=\"(max-width: 683px) 100vw, 683px\" \/><\/figure><div class=\"wp-block-media-text__content\">\n<p class=\"has-normal-font-size\"><strong><em><a href=\"https:\/\/www.operanationaldurhin.eu\/de\/spectacles\/saison-2020-2021\/kindermittwoch\/metier-accessoiriste\" target=\"_blank\" rel=\"noreferrer noopener\" aria-label=\"Kindermittwoch - M\u00e9tier accessoiriste (opens in a new tab)\">Kindermittwoch &#8211; M\u00e9tier accessoiriste<\/a><\/em><\/strong><br><br>Am 4. November 2020<\/p>\n<\/div><\/div>\n\n\n\n<div style=\"height:20px\" aria-hidden=\"true\" class=\"wp-block-spacer\"><\/div>\n\n\n\n<div class=\"wp-block-media-text alignwide is-image-fill\"><figure class=\"wp-block-media-text__media\" style=\"background-image:url(https:\/\/www.szenik.eu\/wp-content\/uploads\/2020\/05\/opera_grenier_vide_s_026-683x1024.jpg);background-position:50% 50%\"><img decoding=\"async\" loading=\"lazy\" width=\"683\" height=\"1024\" src=\"https:\/\/www.szenik.eu\/wp-content\/uploads\/2020\/05\/opera_grenier_vide_s_026-683x1024.jpg\" alt=\"\" class=\"wp-image-31611\" srcset=\"https:\/\/www.szenik.eu\/wp-content\/uploads\/2020\/05\/opera_grenier_vide_s_026-683x1024.jpg 683w, https:\/\/www.szenik.eu\/wp-content\/uploads\/2020\/05\/opera_grenier_vide_s_026-200x300.jpg 200w, https:\/\/www.szenik.eu\/wp-content\/uploads\/2020\/05\/opera_grenier_vide_s_026-768x1152.jpg 768w, https:\/\/www.szenik.eu\/wp-content\/uploads\/2020\/05\/opera_grenier_vide_s_026-750x1125.jpg 750w, https:\/\/www.szenik.eu\/wp-content\/uploads\/2020\/05\/opera_grenier_vide_s_026.jpg 1000w\" sizes=\"(max-width: 683px) 100vw, 683px\" \/><\/figure><div class=\"wp-block-media-text__content\">\n<p class=\"has-normal-font-size\"><a href=\"https:\/\/www.operanationaldurhin.eu\/de\/spectacles\/saison-2020-2021\/kindermittwoch\/se-maquiller-ecoresponsable\" target=\"_blank\" rel=\"noreferrer noopener\" aria-label=\"Kindermittwoch - \nSe maquiller \u00e9coresponsable ! (opens in a new tab)\"><strong><em>Kindermittwoch &#8211; <\/em><\/strong><br><strong><em>Se maquiller \u00e9coresponsable !<\/em><\/strong><\/a><br><br>Am 18. November 2020<\/p>\n<\/div><\/div>\n\n\n\n<div style=\"height:20px\" aria-hidden=\"true\" class=\"wp-block-spacer\"><\/div>\n\n\n\n<div class=\"wp-block-media-text alignwide is-image-fill\"><figure class=\"wp-block-media-text__media\" style=\"background-image:url(https:\/\/www.szenik.eu\/wp-content\/uploads\/2020\/05\/moncoussin9200web_crop-1024x1024.jpg);background-position:50% 50%\"><img decoding=\"async\" loading=\"lazy\" width=\"1024\" height=\"1024\" src=\"https:\/\/www.szenik.eu\/wp-content\/uploads\/2020\/05\/moncoussin9200web_crop-1024x1024.jpg\" alt=\"\" class=\"wp-image-31609\" srcset=\"https:\/\/www.szenik.eu\/wp-content\/uploads\/2020\/05\/moncoussin9200web_crop-1024x1024.jpg 1024w, https:\/\/www.szenik.eu\/wp-content\/uploads\/2020\/05\/moncoussin9200web_crop-300x300.jpg 300w, https:\/\/www.szenik.eu\/wp-content\/uploads\/2020\/05\/moncoussin9200web_crop-150x150.jpg 150w, https:\/\/www.szenik.eu\/wp-content\/uploads\/2020\/05\/moncoussin9200web_crop-768x768.jpg 768w, https:\/\/www.szenik.eu\/wp-content\/uploads\/2020\/05\/moncoussin9200web_crop-75x75.jpg 75w, https:\/\/www.szenik.eu\/wp-content\/uploads\/2020\/05\/moncoussin9200web_crop-750x750.jpg 750w, https:\/\/www.szenik.eu\/wp-content\/uploads\/2020\/05\/moncoussin9200web_crop-1140x1140.jpg 1140w, https:\/\/www.szenik.eu\/wp-content\/uploads\/2020\/05\/moncoussin9200web_crop.jpg 1224w\" sizes=\"(max-width: 1024px) 100vw, 1024px\" \/><\/figure><div class=\"wp-block-media-text__content\">\n<p class=\"has-normal-font-size\"><a href=\"https:\/\/www.operanationaldurhin.eu\/de\/spectacles\/saison-2020-2021\/sitzkissenkonzerte\/avec-mon-cous-s-in-hansel-et-gretel-daujourdhui\" target=\"_blank\" rel=\"noreferrer noopener\" aria-label=\"Avec mon cous(s)in - \nHansel et Gretel d'aujourd'hui (opens in a new tab)\"><strong><em>Avec mon cous(s)in &#8211; <\/em><\/strong><br><strong><em>Hansel et Gretel d&#8217;aujourd&#8217;hui<\/em><\/strong><\/a><br><br>Sitzkissenkonzerte<\/p>\n\n\n\n<p class=\"has-normal-font-size\">Am 25. November 2020<\/p>\n<\/div><\/div>\n\n\n\n<div style=\"height:20px\" aria-hidden=\"true\" class=\"wp-block-spacer\"><\/div>\n\n\n\n<div class=\"wp-block-media-text alignwide is-image-fill\"><figure class=\"wp-block-media-text__media\" style=\"background-image:url(https:\/\/www.szenik.eu\/wp-content\/uploads\/2020\/05\/opera_grenier_vide_s_026-683x1024.jpg);background-position:50% 50%\"><img decoding=\"async\" loading=\"lazy\" width=\"683\" height=\"1024\" src=\"https:\/\/www.szenik.eu\/wp-content\/uploads\/2020\/05\/opera_grenier_vide_s_026-683x1024.jpg\" alt=\"\" class=\"wp-image-31611\" srcset=\"https:\/\/www.szenik.eu\/wp-content\/uploads\/2020\/05\/opera_grenier_vide_s_026-683x1024.jpg 683w, https:\/\/www.szenik.eu\/wp-content\/uploads\/2020\/05\/opera_grenier_vide_s_026-200x300.jpg 200w, https:\/\/www.szenik.eu\/wp-content\/uploads\/2020\/05\/opera_grenier_vide_s_026-768x1152.jpg 768w, https:\/\/www.szenik.eu\/wp-content\/uploads\/2020\/05\/opera_grenier_vide_s_026-750x1125.jpg 750w, https:\/\/www.szenik.eu\/wp-content\/uploads\/2020\/05\/opera_grenier_vide_s_026.jpg 1000w\" sizes=\"(max-width: 683px) 100vw, 683px\" \/><\/figure><div class=\"wp-block-media-text__content\">\n<p class=\"has-normal-font-size\"><strong><em><a href=\"https:\/\/www.operanationaldurhin.eu\/de\/spectacles\/saison-2020-2021\/kindermittwoch\/chante-en-choeur\" target=\"_blank\" rel=\"noreferrer noopener\" aria-label=\"Kindermittwoch - Chante en choeur ! (opens in a new tab)\">Kindermittwoch &#8211; Chante en choeur !<\/a><\/em><\/strong><br><br>Am 2. Dezember 2020<\/p>\n<\/div><\/div>\n\n\n\n<div style=\"height:20px\" aria-hidden=\"true\" class=\"wp-block-spacer\"><\/div>\n\n\n\n<div class=\"wp-block-media-text alignwide is-image-fill\"><figure class=\"wp-block-media-text__media\" style=\"background-image:url(https:\/\/www.szenik.eu\/wp-content\/uploads\/2020\/05\/gretel_et_hansel_smith_sans_titre_traum_2015_smith_courtesy_galerie_les_filles_du_calvaire-819x1024.jpg);background-position:50% 50%\"><img decoding=\"async\" loading=\"lazy\" width=\"819\" height=\"1024\" src=\"https:\/\/www.szenik.eu\/wp-content\/uploads\/2020\/05\/gretel_et_hansel_smith_sans_titre_traum_2015_smith_courtesy_galerie_les_filles_du_calvaire-819x1024.jpg\" alt=\"\" class=\"wp-image-31575\" srcset=\"https:\/\/www.szenik.eu\/wp-content\/uploads\/2020\/05\/gretel_et_hansel_smith_sans_titre_traum_2015_smith_courtesy_galerie_les_filles_du_calvaire-819x1024.jpg 819w, https:\/\/www.szenik.eu\/wp-content\/uploads\/2020\/05\/gretel_et_hansel_smith_sans_titre_traum_2015_smith_courtesy_galerie_les_filles_du_calvaire-240x300.jpg 240w, https:\/\/www.szenik.eu\/wp-content\/uploads\/2020\/05\/gretel_et_hansel_smith_sans_titre_traum_2015_smith_courtesy_galerie_les_filles_du_calvaire-768x960.jpg 768w, https:\/\/www.szenik.eu\/wp-content\/uploads\/2020\/05\/gretel_et_hansel_smith_sans_titre_traum_2015_smith_courtesy_galerie_les_filles_du_calvaire-750x938.jpg 750w, https:\/\/www.szenik.eu\/wp-content\/uploads\/2020\/05\/gretel_et_hansel_smith_sans_titre_traum_2015_smith_courtesy_galerie_les_filles_du_calvaire-1140x1425.jpg 1140w, https:\/\/www.szenik.eu\/wp-content\/uploads\/2020\/05\/gretel_et_hansel_smith_sans_titre_traum_2015_smith_courtesy_galerie_les_filles_du_calvaire.jpg 1200w\" sizes=\"(max-width: 819px) 100vw, 819px\" \/><\/figure><div class=\"wp-block-media-text__content\">\n<p><strong><em><a href=\"https:\/\/www.operanationaldurhin.eu\/de\/spectacles\/saison-2020-2021\/opera\/gretel-und-hansel\" target=\"_blank\" rel=\"noreferrer noopener\" aria-label=\"Gretel et H\u00e4nsel (opens in a new tab)\">Gretel et H\u00e4nsel<\/a><\/em><\/strong><br><strong>Engelbert Humberdinck<\/strong><\/p>\n\n\n\n<p>Musikalische Leitung <strong>Vincent Monteil<\/strong><br>Inszenierung <strong>Jean-Philippe Delavault<\/strong><\/p>\n\n\n\n<p><em>Vom 12. Dezember 2020 bis 24. Januar 2021 <\/em><\/p>\n<\/div><\/div>\n\n\n\n<div style=\"height:20px\" aria-hidden=\"true\" class=\"wp-block-spacer\"><\/div>\n\n\n\n<div class=\"wp-block-media-text alignwide is-image-fill\"><figure class=\"wp-block-media-text__media\" style=\"background-image:url(https:\/\/www.szenik.eu\/wp-content\/uploads\/2020\/05\/danser_mozart_au_xxie_siecle_smith_sans_titre_traum_2015_smith_courtesy_galerie_les_filles_du_calvaire-819x1024.jpg);background-position:50% 50%\"><img decoding=\"async\" loading=\"lazy\" width=\"819\" height=\"1024\" src=\"https:\/\/www.szenik.eu\/wp-content\/uploads\/2020\/05\/danser_mozart_au_xxie_siecle_smith_sans_titre_traum_2015_smith_courtesy_galerie_les_filles_du_calvaire-819x1024.jpg\" alt=\"\" class=\"wp-image-31595\" srcset=\"https:\/\/www.szenik.eu\/wp-content\/uploads\/2020\/05\/danser_mozart_au_xxie_siecle_smith_sans_titre_traum_2015_smith_courtesy_galerie_les_filles_du_calvaire-819x1024.jpg 819w, https:\/\/www.szenik.eu\/wp-content\/uploads\/2020\/05\/danser_mozart_au_xxie_siecle_smith_sans_titre_traum_2015_smith_courtesy_galerie_les_filles_du_calvaire-240x300.jpg 240w, https:\/\/www.szenik.eu\/wp-content\/uploads\/2020\/05\/danser_mozart_au_xxie_siecle_smith_sans_titre_traum_2015_smith_courtesy_galerie_les_filles_du_calvaire-768x960.jpg 768w, https:\/\/www.szenik.eu\/wp-content\/uploads\/2020\/05\/danser_mozart_au_xxie_siecle_smith_sans_titre_traum_2015_smith_courtesy_galerie_les_filles_du_calvaire-750x938.jpg 750w, https:\/\/www.szenik.eu\/wp-content\/uploads\/2020\/05\/danser_mozart_au_xxie_siecle_smith_sans_titre_traum_2015_smith_courtesy_galerie_les_filles_du_calvaire-1140x1425.jpg 1140w, https:\/\/www.szenik.eu\/wp-content\/uploads\/2020\/05\/danser_mozart_au_xxie_siecle_smith_sans_titre_traum_2015_smith_courtesy_galerie_les_filles_du_calvaire.jpg 1200w\" sizes=\"(max-width: 819px) 100vw, 819px\" \/><\/figure><div class=\"wp-block-media-text__content\">\n<p><a href=\"https:\/\/www.operanationaldurhin.eu\/de\/spectacles\/saison-2020-2021\/dance\/mozart-tanzen-im-21-jahrhundert\"><strong><em>Mozart tanzen im 21. Jahrhundert<\/em><\/strong><\/a><\/p>\n\n\n\n<p>Choreographien, B\u00fchne, Kost\u00fcme <strong>Rub\u00e9n Julliard<\/strong>,&nbsp;&nbsp;<strong>Marwik Schmitt<\/strong><\/p>\n\n\n\n<p><em>Vom 16. Dezember 2020 bis 10. April 2021 <\/em><\/p>\n<\/div><\/div>\n\n\n\n<div style=\"height:20px\" aria-hidden=\"true\" class=\"wp-block-spacer\"><\/div>\n\n\n\n<div class=\"wp-block-media-text alignwide is-image-fill\"><figure class=\"wp-block-media-text__media\" style=\"background-image:url(https:\/\/www.szenik.eu\/wp-content\/uploads\/2020\/05\/opera_grenier_vide_s_026-683x1024.jpg);background-position:50% 50%\"><img decoding=\"async\" loading=\"lazy\" width=\"683\" height=\"1024\" src=\"https:\/\/www.szenik.eu\/wp-content\/uploads\/2020\/05\/opera_grenier_vide_s_026-683x1024.jpg\" alt=\"\" class=\"wp-image-31611\" srcset=\"https:\/\/www.szenik.eu\/wp-content\/uploads\/2020\/05\/opera_grenier_vide_s_026-683x1024.jpg 683w, https:\/\/www.szenik.eu\/wp-content\/uploads\/2020\/05\/opera_grenier_vide_s_026-200x300.jpg 200w, https:\/\/www.szenik.eu\/wp-content\/uploads\/2020\/05\/opera_grenier_vide_s_026-768x1152.jpg 768w, https:\/\/www.szenik.eu\/wp-content\/uploads\/2020\/05\/opera_grenier_vide_s_026-750x1125.jpg 750w, https:\/\/www.szenik.eu\/wp-content\/uploads\/2020\/05\/opera_grenier_vide_s_026.jpg 1000w\" sizes=\"(max-width: 683px) 100vw, 683px\" \/><\/figure><div class=\"wp-block-media-text__content\">\n<p class=\"has-normal-font-size\"><strong><em><a rel=\"noreferrer noopener\" aria-label=\"Kindermittwoch - Danser avec des ailes (opens in a new tab)\" href=\"https:\/\/www.operanationaldurhin.eu\/de\/spectacles\/saison-2020-2021\/kindermittwoch\/danse-avec-des-ailes\" target=\"_blank\">Kindermittwoch &#8211; Danser avec des ailes<\/a><\/em><\/strong><br><br>Am 13. Januar 2021<\/p>\n<\/div><\/div>\n\n\n\n<div style=\"height:20px\" aria-hidden=\"true\" class=\"wp-block-spacer\"><\/div>\n\n\n\n<div class=\"wp-block-media-text alignwide is-image-fill\"><figure class=\"wp-block-media-text__media\" style=\"background-image:url(https:\/\/www.szenik.eu\/wp-content\/uploads\/2020\/05\/cenerentolina_smith_sans_titre_2009_smith_courtesy_galerie_les_filles_du_calvaire-819x1024.jpg);background-position:50% 50%\"><img decoding=\"async\" loading=\"lazy\" width=\"819\" height=\"1024\" src=\"https:\/\/www.szenik.eu\/wp-content\/uploads\/2020\/05\/cenerentolina_smith_sans_titre_2009_smith_courtesy_galerie_les_filles_du_calvaire-819x1024.jpg\" alt=\"\" class=\"wp-image-31582\" srcset=\"https:\/\/www.szenik.eu\/wp-content\/uploads\/2020\/05\/cenerentolina_smith_sans_titre_2009_smith_courtesy_galerie_les_filles_du_calvaire-819x1024.jpg 819w, https:\/\/www.szenik.eu\/wp-content\/uploads\/2020\/05\/cenerentolina_smith_sans_titre_2009_smith_courtesy_galerie_les_filles_du_calvaire-240x300.jpg 240w, https:\/\/www.szenik.eu\/wp-content\/uploads\/2020\/05\/cenerentolina_smith_sans_titre_2009_smith_courtesy_galerie_les_filles_du_calvaire-768x960.jpg 768w, https:\/\/www.szenik.eu\/wp-content\/uploads\/2020\/05\/cenerentolina_smith_sans_titre_2009_smith_courtesy_galerie_les_filles_du_calvaire-750x938.jpg 750w, https:\/\/www.szenik.eu\/wp-content\/uploads\/2020\/05\/cenerentolina_smith_sans_titre_2009_smith_courtesy_galerie_les_filles_du_calvaire-1140x1425.jpg 1140w, https:\/\/www.szenik.eu\/wp-content\/uploads\/2020\/05\/cenerentolina_smith_sans_titre_2009_smith_courtesy_galerie_les_filles_du_calvaire.jpg 1200w\" sizes=\"(max-width: 819px) 100vw, 819px\" \/><\/figure><div class=\"wp-block-media-text__content\">\n<p><strong><em><a href=\"https:\/\/www.operanationaldurhin.eu\/de\/spectacles\/saison-2020-2021\/opera\/cenerentolina\" target=\"_blank\" rel=\"noreferrer noopener\" aria-label=\"Cenerentolina (opens in a new tab)\">Cenerentolina<\/a><\/em><\/strong><br><strong>Gioachino Rossini<\/strong><\/p>\n\n\n\n<p>Inszenierung, Dekor und Kost\u00fcme <strong>Sandra Pocceschi, Giacomo Strada<\/strong><\/p>\n\n\n\n<p><em>Vom 7. April bis 29. Mai 2021 <\/em><\/p>\n<\/div><\/div>\n\n\n\n<div style=\"height:20px\" aria-hidden=\"true\" class=\"wp-block-spacer\"><\/div>\n\n\n\n<div class=\"wp-block-media-text alignwide is-image-fill\"><figure class=\"wp-block-media-text__media\" style=\"background-image:url(https:\/\/www.szenik.eu\/wp-content\/uploads\/2020\/05\/opera_grenier_vide_s_026-683x1024.jpg);background-position:50% 50%\"><img decoding=\"async\" loading=\"lazy\" width=\"683\" height=\"1024\" src=\"https:\/\/www.szenik.eu\/wp-content\/uploads\/2020\/05\/opera_grenier_vide_s_026-683x1024.jpg\" alt=\"\" class=\"wp-image-31611\" srcset=\"https:\/\/www.szenik.eu\/wp-content\/uploads\/2020\/05\/opera_grenier_vide_s_026-683x1024.jpg 683w, https:\/\/www.szenik.eu\/wp-content\/uploads\/2020\/05\/opera_grenier_vide_s_026-200x300.jpg 200w, https:\/\/www.szenik.eu\/wp-content\/uploads\/2020\/05\/opera_grenier_vide_s_026-768x1152.jpg 768w, https:\/\/www.szenik.eu\/wp-content\/uploads\/2020\/05\/opera_grenier_vide_s_026-750x1125.jpg 750w, https:\/\/www.szenik.eu\/wp-content\/uploads\/2020\/05\/opera_grenier_vide_s_026.jpg 1000w\" sizes=\"(max-width: 683px) 100vw, 683px\" \/><\/figure><div class=\"wp-block-media-text__content\">\n<p class=\"has-normal-font-size\"><strong><em><a href=\"https:\/\/www.operanationaldurhin.eu\/de\/spectacles\/saison-2020-2021\/kindermittwoch\/rendez-vous-a-buenos-aires\" target=\"_blank\" rel=\"noreferrer noopener\" aria-label=\"Kindermittwoch - Rendez-vous \u00e0 Buenos Aires (opens in a new tab)\">Kindermittwoch &#8211; Rendez-vous \u00e0 Buenos Aires<\/a><\/em><\/strong><br><br>Am 14. April 2021<\/p>\n<\/div><\/div>\n\n\n\n<div style=\"height:20px\" aria-hidden=\"true\" class=\"wp-block-spacer\"><\/div>\n\n\n\n<div class=\"wp-block-media-text alignwide is-image-fill\"><figure class=\"wp-block-media-text__media\" style=\"background-image:url(https:\/\/www.szenik.eu\/wp-content\/uploads\/2020\/05\/moncoussin9200web_crop-1024x1024.jpg);background-position:50% 50%\"><img decoding=\"async\" loading=\"lazy\" width=\"1024\" height=\"1024\" src=\"https:\/\/www.szenik.eu\/wp-content\/uploads\/2020\/05\/moncoussin9200web_crop-1024x1024.jpg\" alt=\"\" class=\"wp-image-31609\" srcset=\"https:\/\/www.szenik.eu\/wp-content\/uploads\/2020\/05\/moncoussin9200web_crop-1024x1024.jpg 1024w, https:\/\/www.szenik.eu\/wp-content\/uploads\/2020\/05\/moncoussin9200web_crop-300x300.jpg 300w, https:\/\/www.szenik.eu\/wp-content\/uploads\/2020\/05\/moncoussin9200web_crop-150x150.jpg 150w, https:\/\/www.szenik.eu\/wp-content\/uploads\/2020\/05\/moncoussin9200web_crop-768x768.jpg 768w, https:\/\/www.szenik.eu\/wp-content\/uploads\/2020\/05\/moncoussin9200web_crop-75x75.jpg 75w, https:\/\/www.szenik.eu\/wp-content\/uploads\/2020\/05\/moncoussin9200web_crop-750x750.jpg 750w, https:\/\/www.szenik.eu\/wp-content\/uploads\/2020\/05\/moncoussin9200web_crop-1140x1140.jpg 1140w, https:\/\/www.szenik.eu\/wp-content\/uploads\/2020\/05\/moncoussin9200web_crop.jpg 1224w\" sizes=\"(max-width: 1024px) 100vw, 1024px\" \/><\/figure><div class=\"wp-block-media-text__content\">\n<p class=\"has-normal-font-size\"><a href=\"https:\/\/www.operanationaldurhin.eu\/de\/spectacles\/saison-2020-2021\/sitzkissenkonzerte\/avec-mon-cous-s-in-sur-lile-dalcina\" target=\"_blank\" rel=\"noreferrer noopener\" aria-label=\"Avec mon cous(s)in - \nSur l'\u00eele d'Alcina (opens in a new tab)\"><strong><em>Avec mon cous(s)in &#8211; <\/em><\/strong><br><strong><em>Sur l&#8217;\u00eele d&#8217;Alcina<\/em><\/strong><\/a><br><br>Sitzkissenkonzerte<br>Am 5. Mai 2021<\/p>\n<\/div><\/div>\n\n\n\n<div style=\"height:20px\" aria-hidden=\"true\" class=\"wp-block-spacer\"><\/div>\n\n\n\n<div class=\"wp-block-media-text alignwide is-image-fill\"><figure class=\"wp-block-media-text__media\" style=\"background-image:url(https:\/\/www.szenik.eu\/wp-content\/uploads\/2020\/05\/opera_grenier_vide_s_026-683x1024.jpg);background-position:50% 50%\"><img decoding=\"async\" loading=\"lazy\" width=\"683\" height=\"1024\" src=\"https:\/\/www.szenik.eu\/wp-content\/uploads\/2020\/05\/opera_grenier_vide_s_026-683x1024.jpg\" alt=\"\" class=\"wp-image-31611\" srcset=\"https:\/\/www.szenik.eu\/wp-content\/uploads\/2020\/05\/opera_grenier_vide_s_026-683x1024.jpg 683w, https:\/\/www.szenik.eu\/wp-content\/uploads\/2020\/05\/opera_grenier_vide_s_026-200x300.jpg 200w, https:\/\/www.szenik.eu\/wp-content\/uploads\/2020\/05\/opera_grenier_vide_s_026-768x1152.jpg 768w, https:\/\/www.szenik.eu\/wp-content\/uploads\/2020\/05\/opera_grenier_vide_s_026-750x1125.jpg 750w, https:\/\/www.szenik.eu\/wp-content\/uploads\/2020\/05\/opera_grenier_vide_s_026.jpg 1000w\" sizes=\"(max-width: 683px) 100vw, 683px\" \/><\/figure><div class=\"wp-block-media-text__content\">\n<p class=\"has-normal-font-size\"><strong><em><a href=\"https:\/\/www.operanationaldurhin.eu\/de\/spectacles\/saison-2020-2021\/kindermittwoch\/immersion-a-lopera-studio\" target=\"_blank\" rel=\"noreferrer noopener\" aria-label=\"Kindermittwoch - Immersion \u00e0 l'Op\u00e9ra Studio (opens in a new tab)\">Kindermittwoch &#8211; Immersion \u00e0 l&#8217;Op\u00e9ra Studio<\/a><\/em><\/strong><br><br>Am 2. Juni 2021<\/p>\n<\/div><\/div>\n\n\n\n<div style=\"height:100px\" aria-hidden=\"true\" class=\"wp-block-spacer\"><\/div>\n\n\n\n<p style=\"font-size:25px\" class=\"has-text-color has-text-align-center has-vivid-red-color\"><strong>Wir w\u00fcnschen Ihnen eine spannende Saison 20\/21! <\/strong><\/p>\n\n\n\n<div style=\"height:100px\" aria-hidden=\"true\" class=\"wp-block-spacer\"><\/div>\n\n\n\n<p class=\"has-small-font-size\">Fotos: Op\u00e9ra national du Rhin<\/p>\n\n\n\n<div style=\"height:100px\" aria-hidden=\"true\" class=\"wp-block-spacer\"><\/div>\n","protected":false},"excerpt":{"rendered":"<p>Die Op\u00e9ra national du Rhin hat heute Morgen ihre Saison 20\/21 vorgestellt. Ein Programm, das uns in Themen, wie Liebe, Poesie und die moderne Welt tauchen l\u00e4sst. Legen Sie also Ihre Wunschfl\u00fcgel an und beginnen Sie vom Spielzeitbeginn zu tr\u00e4umen. Von Opernklassikern, die sich in den H\u00e4nden hervorragender K\u00fcnstler*innen wiederfinden \u00fcber Tanzproduktionen, die f\u00fcr staunende [&hellip;]<\/p>\n","protected":false},"author":1,"featured_media":31565,"comment_status":"open","ping_status":"open","sticky":false,"template":"","format":"standard","meta":{"_monsterinsights_skip_tracking":false,"_monsterinsights_sitenote_active":false,"_monsterinsights_sitenote_note":"","_monsterinsights_sitenote_category":0},"categories":[6439,53],"tags":[6703,6694,6693,6704,2689,6680,6705,2615,2215,2159,6707,6698,2202,6709,6688,6710,6683,2962,6712,6700,6699,6713,3440,6467,6489,6714,6690,6715,6681,6716,6691,6702,6717,6696,6718,6334,6701,6720,2680,6722,6685,3244,3805,2694,2270,6428,6456,6723,6697,6684,6724,6725,6682,6695,6726,6727,6687,6689,6728,2656,2883,2161,6729,6686],"yoast_head":"<!-- This site is optimized with the Yoast SEO plugin v20.5 - https:\/\/yoast.com\/wordpress\/plugins\/seo\/ -->\n<title>Einblick in die Saison 20\/21 der Op\u00e9ra national du Rhin I szenik<\/title>\n<meta name=\"description\" content=\"szenik pr\u00e4sentiert Ihnen das Programm der Spielzeit 20\/21 der Stra\u00dfburger Op\u00e9ra national du Rhin. Kommen Sie vorbei und lassen Sie sich verzaubern.\" \/>\n<meta name=\"robots\" content=\"index, follow, max-snippet:-1, max-image-preview:large, max-video-preview:-1\" \/>\n<link rel=\"canonical\" href=\"https:\/\/www.szenik.eu\/de\/les-airs-du-desir-decouvrez-le-programme-de-saison-20-21-de-lopera-national-du-rhin-31615\" \/>\n<meta property=\"og:locale\" content=\"de_DE\" \/>\n<meta property=\"og:type\" content=\"article\" \/>\n<meta property=\"og:title\" content=\"Einblick in die Saison 20\/21 der Op\u00e9ra national du Rhin I szenik\" \/>\n<meta property=\"og:description\" content=\"szenik pr\u00e4sentiert Ihnen das Programm der Spielzeit 20\/21 der Stra\u00dfburger Op\u00e9ra national du Rhin. Kommen Sie vorbei und lassen Sie sich verzaubern.\" \/>\n<meta property=\"og:url\" content=\"https:\/\/www.szenik.eu\/de\/les-airs-du-desir-decouvrez-le-programme-de-saison-20-21-de-lopera-national-du-rhin-31615\" \/>\n<meta property=\"og:site_name\" content=\"szenik\" \/>\n<meta property=\"article:publisher\" content=\"https:\/\/www.facebook.com\/szenik.eu\/\" \/>\n<meta property=\"article:published_time\" content=\"2020-05-15T13:21:07+00:00\" \/>\n<meta property=\"article:modified_time\" content=\"2020-05-15T14:14:34+00:00\" \/>\n<meta property=\"og:image\" content=\"https:\/\/www.szenik.eu\/wp-content\/uploads\/2020\/05\/Capture-d\u2019\u00e9cran-2020-05-15-\u00e0-14.28.22.png\" \/>\n\t<meta property=\"og:image:width\" content=\"973\" \/>\n\t<meta property=\"og:image:height\" content=\"719\" \/>\n\t<meta property=\"og:image:type\" content=\"image\/png\" \/>\n<meta name=\"author\" content=\"szenik\" \/>\n<meta name=\"twitter:card\" content=\"summary_large_image\" \/>\n<meta name=\"twitter:creator\" content=\"@Szenik\" \/>\n<meta name=\"twitter:site\" content=\"@Szenik\" \/>\n<meta name=\"twitter:label1\" content=\"Verfasst von\" \/>\n\t<meta name=\"twitter:data1\" content=\"szenik\" \/>\n\t<meta name=\"twitter:label2\" content=\"Gesch\u00e4tzte Lesezeit\" \/>\n\t<meta name=\"twitter:data2\" content=\"3\u00a0Minuten\" \/>\n<script type=\"application\/ld+json\" class=\"yoast-schema-graph\">{\"@context\":\"https:\/\/schema.org\",\"@graph\":[{\"@type\":\"Article\",\"@id\":\"https:\/\/www.szenik.eu\/de\/les-airs-du-desir-decouvrez-le-programme-de-saison-20-21-de-lopera-national-du-rhin-31615#article\",\"isPartOf\":{\"@id\":\"https:\/\/www.szenik.eu\/de\/les-airs-du-desir-decouvrez-le-programme-de-saison-20-21-de-lopera-national-du-rhin-31615\"},\"author\":{\"name\":\"szenik\",\"@id\":\"https:\/\/www.szenik.eu\/de\/#\/schema\/person\/15f73f175b41bad194837490339d48fb\"},\"headline\":\"Hier werden W\u00fcnsche wahr: Entdecken Sie die neue Saison 20\/21 der Stra\u00dfburger Op\u00e9ra national du Rhin\",\"datePublished\":\"2020-05-15T13:21:07+00:00\",\"dateModified\":\"2020-05-15T14:14:34+00:00\",\"mainEntityOfPage\":{\"@id\":\"https:\/\/www.szenik.eu\/de\/les-airs-du-desir-decouvrez-le-programme-de-saison-20-21-de-lopera-national-du-rhin-31615\"},\"wordCount\":668,\"commentCount\":0,\"publisher\":{\"@id\":\"https:\/\/www.szenik.eu\/de\/#organization\"},\"keywords\":[\"Alba Castillo\",\"Alba Castillo\",\"Angelin Preljocaj\",\"Angelin Preljocaj\",\"Bruno Bouch\u00e9\",\"Calixto Bieito\",\"Calixto Bieito\",\"colmar\",\"concert\",\"Danse\",\"Eva-Maria Westbroek\",\"Eva-Maria Westbroek\",\"festival\",\"Giacomo Strada\",\"Giacomo Strada\",\"Jean-Philippe Delavault\",\"Jean-Philippe Delavault\",\"Jeune public\",\"Joyce El-Khoury\",\"Joyce El-Khoury\",\"Karine Deshayes\",\"Karine Deshayes\",\"Konzert\",\"La Filature\",\"La Filature\",\"Mariano Pensotti\",\"Mariano Pensotti\",\"Marie-Eve Signeyrole\",\"Marie-Eve Signeyrole\",\"Mario Schr\u00f6der\",\"Mario Schr\u00f6der\",\"Mark Padmore\",\"Mark Padmore\",\"Marwik Schmitt\",\"Marwik Schmitt\",\"Matias Tripodi\",\"Matthias Goerne\",\"Matthias Goerne\",\"mulhouse\",\"Olivier Deloeuil\",\"Olivier Deloeuil\",\"Oper\",\"op\u00e9ra\",\"Op\u00e9ra national du Rhin\",\"Orchestre philharmonique de Strasbourg\",\"Orchestre symphonique de Mulhouse\",\"Orchestre symphonique de Mulhouse\",\"Pavol Breslik\",\"Pavol Breslik\",\"Philippe Clarac\",\"Philippe Clarac\",\"Pierre-Emmanuel Rousseau\",\"Pierre-Emmanuel Rousseau\",\"Ruben Juillard\",\"Ruben Juillard\",\"Sandra Pocceschi\",\"Sandra Pocceschi\",\"Serena Sinigaglia\",\"Serena Sinigaglia\",\"strasbourg\",\"Stra\u00dfburg\",\"Tanz\",\"Zad Moultaka\",\"Zad Moultaka\"],\"articleSection\":[\"DAS B\u00dcHNENLEBEN GEHT WEITER\",\"Magazin\"],\"inLanguage\":\"de\",\"potentialAction\":[{\"@type\":\"CommentAction\",\"name\":\"Comment\",\"target\":[\"https:\/\/www.szenik.eu\/de\/les-airs-du-desir-decouvrez-le-programme-de-saison-20-21-de-lopera-national-du-rhin-31615#respond\"]}]},{\"@type\":\"WebPage\",\"@id\":\"https:\/\/www.szenik.eu\/de\/les-airs-du-desir-decouvrez-le-programme-de-saison-20-21-de-lopera-national-du-rhin-31615\",\"url\":\"https:\/\/www.szenik.eu\/de\/les-airs-du-desir-decouvrez-le-programme-de-saison-20-21-de-lopera-national-du-rhin-31615\",\"name\":\"Einblick in die Saison 20\/21 der Op\u00e9ra national du Rhin I szenik\",\"isPartOf\":{\"@id\":\"https:\/\/www.szenik.eu\/de\/#website\"},\"datePublished\":\"2020-05-15T13:21:07+00:00\",\"dateModified\":\"2020-05-15T14:14:34+00:00\",\"description\":\"szenik pr\u00e4sentiert Ihnen das Programm der Spielzeit 20\/21 der Stra\u00dfburger Op\u00e9ra national du Rhin. Kommen Sie vorbei und lassen Sie sich verzaubern.\",\"breadcrumb\":{\"@id\":\"https:\/\/www.szenik.eu\/de\/les-airs-du-desir-decouvrez-le-programme-de-saison-20-21-de-lopera-national-du-rhin-31615#breadcrumb\"},\"inLanguage\":\"de\",\"potentialAction\":[{\"@type\":\"ReadAction\",\"target\":[\"https:\/\/www.szenik.eu\/de\/les-airs-du-desir-decouvrez-le-programme-de-saison-20-21-de-lopera-national-du-rhin-31615\"]}]},{\"@type\":\"BreadcrumbList\",\"@id\":\"https:\/\/www.szenik.eu\/de\/les-airs-du-desir-decouvrez-le-programme-de-saison-20-21-de-lopera-national-du-rhin-31615#breadcrumb\",\"itemListElement\":[{\"@type\":\"ListItem\",\"position\":1,\"name\":\"Home\",\"item\":\"https:\/\/www.szenik.eu\/de\"},{\"@type\":\"ListItem\",\"position\":2,\"name\":\"Hier werden W\u00fcnsche wahr: Entdecken Sie die neue Saison 20\/21 der Stra\u00dfburger Op\u00e9ra national du Rhin\"}]},{\"@type\":\"WebSite\",\"@id\":\"https:\/\/www.szenik.eu\/de\/#website\",\"url\":\"https:\/\/www.szenik.eu\/de\/\",\"name\":\"szenik\",\"description\":\"Le Meilleur des sc\u00e8nes au coeur de l&#039;Europe\",\"publisher\":{\"@id\":\"https:\/\/www.szenik.eu\/de\/#organization\"},\"potentialAction\":[{\"@type\":\"SearchAction\",\"target\":{\"@type\":\"EntryPoint\",\"urlTemplate\":\"https:\/\/www.szenik.eu\/de\/?s={search_term_string}\"},\"query-input\":\"required name=search_term_string\"}],\"inLanguage\":\"de\"},{\"@type\":\"Organization\",\"@id\":\"https:\/\/www.szenik.eu\/de\/#organization\",\"name\":\"Szenik\",\"url\":\"https:\/\/www.szenik.eu\/de\/\",\"logo\":{\"@type\":\"ImageObject\",\"inLanguage\":\"de\",\"@id\":\"https:\/\/www.szenik.eu\/de\/#\/schema\/logo\/image\/\",\"url\":\"https:\/\/www.szenik.eu\/wp-content\/uploads\/2019\/07\/logo-square.png\",\"contentUrl\":\"https:\/\/www.szenik.eu\/wp-content\/uploads\/2019\/07\/logo-square.png\",\"width\":512,\"height\":512,\"caption\":\"Szenik\"},\"image\":{\"@id\":\"https:\/\/www.szenik.eu\/de\/#\/schema\/logo\/image\/\"},\"sameAs\":[\"https:\/\/www.facebook.com\/szenik.eu\/\",\"https:\/\/twitter.com\/Szenik\",\"https:\/\/www.instagram.com\/szenik_magazine\/\",\"https:\/\/www.youtube.com\/user\/SzenikEU\/\"]},{\"@type\":\"Person\",\"@id\":\"https:\/\/www.szenik.eu\/de\/#\/schema\/person\/15f73f175b41bad194837490339d48fb\",\"name\":\"szenik\",\"image\":{\"@type\":\"ImageObject\",\"inLanguage\":\"de\",\"@id\":\"https:\/\/www.szenik.eu\/de\/#\/schema\/person\/image\/\",\"url\":\"https:\/\/secure.gravatar.com\/avatar\/d1c4f19522a624a4eaa5e6c03e22370b?s=96&d=mm&r=g\",\"contentUrl\":\"https:\/\/secure.gravatar.com\/avatar\/d1c4f19522a624a4eaa5e6c03e22370b?s=96&d=mm&r=g\",\"caption\":\"szenik\"}}]}<\/script>\n<!-- \/ Yoast SEO plugin. -->","yoast_head_json":{"title":"Einblick in die Saison 20\/21 der Op\u00e9ra national du Rhin I szenik","description":"szenik pr\u00e4sentiert Ihnen das Programm der Spielzeit 20\/21 der Stra\u00dfburger Op\u00e9ra national du Rhin. Kommen Sie vorbei und lassen Sie sich verzaubern.","robots":{"index":"index","follow":"follow","max-snippet":"max-snippet:-1","max-image-preview":"max-image-preview:large","max-video-preview":"max-video-preview:-1"},"canonical":"https:\/\/www.szenik.eu\/de\/les-airs-du-desir-decouvrez-le-programme-de-saison-20-21-de-lopera-national-du-rhin-31615","og_locale":"de_DE","og_type":"article","og_title":"Einblick in die Saison 20\/21 der Op\u00e9ra national du Rhin I szenik","og_description":"szenik pr\u00e4sentiert Ihnen das Programm der Spielzeit 20\/21 der Stra\u00dfburger Op\u00e9ra national du Rhin. Kommen Sie vorbei und lassen Sie sich verzaubern.","og_url":"https:\/\/www.szenik.eu\/de\/les-airs-du-desir-decouvrez-le-programme-de-saison-20-21-de-lopera-national-du-rhin-31615","og_site_name":"szenik","article_publisher":"https:\/\/www.facebook.com\/szenik.eu\/","article_published_time":"2020-05-15T13:21:07+00:00","article_modified_time":"2020-05-15T14:14:34+00:00","og_image":[{"width":973,"height":719,"url":"https:\/\/www.szenik.eu\/wp-content\/uploads\/2020\/05\/Capture-d\u2019\u00e9cran-2020-05-15-\u00e0-14.28.22.png","type":"image\/png"}],"author":"szenik","twitter_card":"summary_large_image","twitter_creator":"@Szenik","twitter_site":"@Szenik","twitter_misc":{"Verfasst von":"szenik","Gesch\u00e4tzte Lesezeit":"3\u00a0Minuten"},"schema":{"@context":"https:\/\/schema.org","@graph":[{"@type":"Article","@id":"https:\/\/www.szenik.eu\/de\/les-airs-du-desir-decouvrez-le-programme-de-saison-20-21-de-lopera-national-du-rhin-31615#article","isPartOf":{"@id":"https:\/\/www.szenik.eu\/de\/les-airs-du-desir-decouvrez-le-programme-de-saison-20-21-de-lopera-national-du-rhin-31615"},"author":{"name":"szenik","@id":"https:\/\/www.szenik.eu\/de\/#\/schema\/person\/15f73f175b41bad194837490339d48fb"},"headline":"Hier werden W\u00fcnsche wahr: Entdecken Sie die neue Saison 20\/21 der Stra\u00dfburger Op\u00e9ra national du Rhin","datePublished":"2020-05-15T13:21:07+00:00","dateModified":"2020-05-15T14:14:34+00:00","mainEntityOfPage":{"@id":"https:\/\/www.szenik.eu\/de\/les-airs-du-desir-decouvrez-le-programme-de-saison-20-21-de-lopera-national-du-rhin-31615"},"wordCount":668,"commentCount":0,"publisher":{"@id":"https:\/\/www.szenik.eu\/de\/#organization"},"keywords":["Alba Castillo","Alba Castillo","Angelin Preljocaj","Angelin Preljocaj","Bruno Bouch\u00e9","Calixto Bieito","Calixto Bieito","colmar","concert","Danse","Eva-Maria Westbroek","Eva-Maria Westbroek","festival","Giacomo Strada","Giacomo Strada","Jean-Philippe Delavault","Jean-Philippe Delavault","Jeune public","Joyce El-Khoury","Joyce El-Khoury","Karine Deshayes","Karine Deshayes","Konzert","La Filature","La Filature","Mariano Pensotti","Mariano Pensotti","Marie-Eve Signeyrole","Marie-Eve Signeyrole","Mario Schr\u00f6der","Mario Schr\u00f6der","Mark Padmore","Mark Padmore","Marwik Schmitt","Marwik Schmitt","Matias Tripodi","Matthias Goerne","Matthias Goerne","mulhouse","Olivier Deloeuil","Olivier Deloeuil","Oper","op\u00e9ra","Op\u00e9ra national du Rhin","Orchestre philharmonique de Strasbourg","Orchestre symphonique de Mulhouse","Orchestre symphonique de Mulhouse","Pavol Breslik","Pavol Breslik","Philippe Clarac","Philippe Clarac","Pierre-Emmanuel Rousseau","Pierre-Emmanuel Rousseau","Ruben Juillard","Ruben Juillard","Sandra Pocceschi","Sandra Pocceschi","Serena Sinigaglia","Serena Sinigaglia","strasbourg","Stra\u00dfburg","Tanz","Zad Moultaka","Zad Moultaka"],"articleSection":["DAS B\u00dcHNENLEBEN GEHT WEITER","Magazin"],"inLanguage":"de","potentialAction":[{"@type":"CommentAction","name":"Comment","target":["https:\/\/www.szenik.eu\/de\/les-airs-du-desir-decouvrez-le-programme-de-saison-20-21-de-lopera-national-du-rhin-31615#respond"]}]},{"@type":"WebPage","@id":"https:\/\/www.szenik.eu\/de\/les-airs-du-desir-decouvrez-le-programme-de-saison-20-21-de-lopera-national-du-rhin-31615","url":"https:\/\/www.szenik.eu\/de\/les-airs-du-desir-decouvrez-le-programme-de-saison-20-21-de-lopera-national-du-rhin-31615","name":"Einblick in die Saison 20\/21 der Op\u00e9ra national du Rhin I szenik","isPartOf":{"@id":"https:\/\/www.szenik.eu\/de\/#website"},"datePublished":"2020-05-15T13:21:07+00:00","dateModified":"2020-05-15T14:14:34+00:00","description":"szenik pr\u00e4sentiert Ihnen das Programm der Spielzeit 20\/21 der Stra\u00dfburger Op\u00e9ra national du Rhin. Kommen Sie vorbei und lassen Sie sich verzaubern.","breadcrumb":{"@id":"https:\/\/www.szenik.eu\/de\/les-airs-du-desir-decouvrez-le-programme-de-saison-20-21-de-lopera-national-du-rhin-31615#breadcrumb"},"inLanguage":"de","potentialAction":[{"@type":"ReadAction","target":["https:\/\/www.szenik.eu\/de\/les-airs-du-desir-decouvrez-le-programme-de-saison-20-21-de-lopera-national-du-rhin-31615"]}]},{"@type":"BreadcrumbList","@id":"https:\/\/www.szenik.eu\/de\/les-airs-du-desir-decouvrez-le-programme-de-saison-20-21-de-lopera-national-du-rhin-31615#breadcrumb","itemListElement":[{"@type":"ListItem","position":1,"name":"Home","item":"https:\/\/www.szenik.eu\/de"},{"@type":"ListItem","position":2,"name":"Hier werden W\u00fcnsche wahr: Entdecken Sie die neue Saison 20\/21 der Stra\u00dfburger Op\u00e9ra national du Rhin"}]},{"@type":"WebSite","@id":"https:\/\/www.szenik.eu\/de\/#website","url":"https:\/\/www.szenik.eu\/de\/","name":"szenik","description":"Le Meilleur des sc\u00e8nes au coeur de l&#039;Europe","publisher":{"@id":"https:\/\/www.szenik.eu\/de\/#organization"},"potentialAction":[{"@type":"SearchAction","target":{"@type":"EntryPoint","urlTemplate":"https:\/\/www.szenik.eu\/de\/?s={search_term_string}"},"query-input":"required name=search_term_string"}],"inLanguage":"de"},{"@type":"Organization","@id":"https:\/\/www.szenik.eu\/de\/#organization","name":"Szenik","url":"https:\/\/www.szenik.eu\/de\/","logo":{"@type":"ImageObject","inLanguage":"de","@id":"https:\/\/www.szenik.eu\/de\/#\/schema\/logo\/image\/","url":"https:\/\/www.szenik.eu\/wp-content\/uploads\/2019\/07\/logo-square.png","contentUrl":"https:\/\/www.szenik.eu\/wp-content\/uploads\/2019\/07\/logo-square.png","width":512,"height":512,"caption":"Szenik"},"image":{"@id":"https:\/\/www.szenik.eu\/de\/#\/schema\/logo\/image\/"},"sameAs":["https:\/\/www.facebook.com\/szenik.eu\/","https:\/\/twitter.com\/Szenik","https:\/\/www.instagram.com\/szenik_magazine\/","https:\/\/www.youtube.com\/user\/SzenikEU\/"]},{"@type":"Person","@id":"https:\/\/www.szenik.eu\/de\/#\/schema\/person\/15f73f175b41bad194837490339d48fb","name":"szenik","image":{"@type":"ImageObject","inLanguage":"de","@id":"https:\/\/www.szenik.eu\/de\/#\/schema\/person\/image\/","url":"https:\/\/secure.gravatar.com\/avatar\/d1c4f19522a624a4eaa5e6c03e22370b?s=96&d=mm&r=g","contentUrl":"https:\/\/secure.gravatar.com\/avatar\/d1c4f19522a624a4eaa5e6c03e22370b?s=96&d=mm&r=g","caption":"szenik"}}]}},"jetpack_featured_media_url":"https:\/\/www.szenik.eu\/wp-content\/uploads\/2020\/05\/Capture-d\u2019\u00e9cran-2020-05-15-\u00e0-14.28.22.png","amp_enabled":true,"_links":{"self":[{"href":"https:\/\/www.szenik.eu\/de\/wp-json\/\/wp\/v2\/posts\/31615"}],"collection":[{"href":"https:\/\/www.szenik.eu\/de\/wp-json\/\/wp\/v2\/posts"}],"about":[{"href":"https:\/\/www.szenik.eu\/de\/wp-json\/\/wp\/v2\/types\/post"}],"author":[{"embeddable":true,"href":"https:\/\/www.szenik.eu\/de\/wp-json\/\/wp\/v2\/users\/1"}],"replies":[{"embeddable":true,"href":"https:\/\/www.szenik.eu\/de\/wp-json\/\/wp\/v2\/comments?post=31615"}],"version-history":[{"count":2,"href":"https:\/\/www.szenik.eu\/de\/wp-json\/\/wp\/v2\/posts\/31615\/revisions"}],"predecessor-version":[{"id":31617,"href":"https:\/\/www.szenik.eu\/de\/wp-json\/\/wp\/v2\/posts\/31615\/revisions\/31617"}],"wp:featuredmedia":[{"embeddable":true,"href":"https:\/\/www.szenik.eu\/de\/wp-json\/\/wp\/v2\/media\/31565"}],"wp:attachment":[{"href":"https:\/\/www.szenik.eu\/de\/wp-json\/\/wp\/v2\/media?parent=31615"}],"wp:term":[{"taxonomy":"category","embeddable":true,"href":"https:\/\/www.szenik.eu\/de\/wp-json\/\/wp\/v2\/categories?post=31615"},{"taxonomy":"post_tag","embeddable":true,"href":"https:\/\/www.szenik.eu\/de\/wp-json\/\/wp\/v2\/tags?post=31615"}],"curies":[{"name":"wp","href":"https:\/\/api.w.org\/{rel}","templated":true}]}}