{"id":31464,"date":"2020-05-12T09:48:17","date_gmt":"2020-05-12T07:48:17","guid":{"rendered":"https:\/\/www.szenik.eu\/?p=31464\/"},"modified":"2020-05-12T09:48:21","modified_gmt":"2020-05-12T07:48:21","slug":"burghof-aufm-sofa-praesentiert-digitale-schmankerl-haeufiger-burghof-kuenstler","status":"publish","type":"post","link":"https:\/\/www.szenik.eu\/de\/burghof-aufm-sofa-praesentiert-digitale-schmankerl-haeufiger-burghof-kuenstler-31464","title":{"rendered":"\u201eBurghof auf\u2018m Sofa\u201c pr\u00e4sentiert digitale Schmankerl h\u00e4ufiger Burghof-K\u00fcnstler"},"content":{"rendered":"\n<h2>Da das Publikum momentan nicht in den coronabedingt geschlossenen Burghof kommen kann, kommt der Burghof mit der Reihe\u00a0\u201eBurghof auf\u2018m Sofa\u201c zum\u00a0Publikum nach Hause.<\/h2>\n\n\n\n<div style=\"height:100px\" aria-hidden=\"true\" class=\"wp-block-spacer\"><\/div>\n\n\n\n<p><em>Pressemitteilung<\/em><\/p>\n\n\n\n<div style=\"height:51px\" aria-hidden=\"true\" class=\"wp-block-spacer\"><\/div>\n\n\n\n<p>Seit mehreren Wochen hat Kultur Zwangspause. Die Ma\u00dfnahmen zur Eind\u00e4mmung des neuartigen Corona-Virus haben das institutionalisierte Kulturleben zum Erliegen gebracht, auch in der Dreilandregion und der Kulturstadt L\u00f6rrach. Das trifft Kultureinrichtungen wie den Burghof sehr hart. Aber auch das Publikum, das das vielschichtige Angebot von Veranstaltungen\u00a0\u2013\u00a0Musik, Kabarett, Tanz, Theater\/Literatur und auch die Kinderszene\u00a0\u2013\u00a0nutzt, sitzt derzeit auf dem Trockenen.\u00a0<\/p>\n\n\n\n<p>\u201e<strong><em>Burghof auf\u2018m Sofa<\/em><\/strong>\u201c ist\u00a0ein neues Digitalangebot. Daf\u00fcr haben wir diese neue Reihe auf der Burghof-Website eingerichtet. Interessierte, die derzeit auf Live-Kultur verzichten m\u00fcssen, finden dort eine Auswahl digitaler Schmankerl von K\u00fcnstlern, die mittlerweile zu regelm\u00e4\u00dfigen G\u00e4sten im Burghof geworden sind. So k\u00f6nnen Fans mit eigens ausgew\u00e4hlten Videos in Erinnerungen schwelgen oder manch bislang \u00dcbersehenes und \u00dcberh\u00f6rtes von Lieblingsk\u00fcnstlern entdecken. <\/p>\n\n\n\n<p>Gleichzeitig weckt das Angebot Lust darauf, neue Programme der K\u00fcnstler kennenzulernen, sobald sich dazu wieder die Gelegenheit bietet\u00a0\u2013\u00a0dann wieder in Live-Atmosph\u00e4re, f\u00fcr die es einfach keinen gleichwertigen virtuellen Ersatz gibt.<\/p>\n\n\n\n<p>Die Reihe \u201eBurghof auf\u2019m Sofa\u201c wird\u00a0fortlaufend mit neuen Inhalten erg\u00e4nzt.<\/p>\n\n\n\n<div style=\"height:100px\" aria-hidden=\"true\" class=\"wp-block-spacer\"><\/div>\n\n\n\n<div class=\"wp-block-button aligncenter\"><a class=\"wp-block-button__link has-text-color has-very-dark-gray-color has-background has-pale-pink-background-color\" href=\"https:\/\/www.burghof.com\" target=\"_blank\" rel=\"noreferrer noopener\">Weitere Informationen auf der Website des Burghof L\u00f6rrach<\/a><\/div>\n\n\n\n<div style=\"height:100px\" aria-hidden=\"true\" class=\"wp-block-spacer\"><\/div>\n\n\n\n<p class=\"has-small-font-size\">Foto: Burghof L\u00f6rrach<\/p>\n\n\n\n<div style=\"height:100px\" aria-hidden=\"true\" class=\"wp-block-spacer\"><\/div>\n\n\n\n<p><\/p>\n","protected":false},"excerpt":{"rendered":"<p>Da das Publikum momentan nicht in den coronabedingt geschlossenen Burghof kommen kann, kommt der Burghof mit der Reihe\u00a0\u201eBurghof auf\u2018m Sofa\u201c zum\u00a0Publikum nach Hause. Pressemitteilung Seit mehreren Wochen hat Kultur Zwangspause. Die Ma\u00dfnahmen zur Eind\u00e4mmung des neuartigen Corona-Virus haben das institutionalisierte Kulturleben zum Erliegen gebracht, auch in der Dreilandregion und der Kulturstadt L\u00f6rrach. Das trifft Kultureinrichtungen [&hellip;]<\/p>\n","protected":false},"author":1,"featured_media":31465,"comment_status":"open","ping_status":"open","sticky":false,"template":"","format":"standard","meta":{"_monsterinsights_skip_tracking":false,"_monsterinsights_sitenote_active":false,"_monsterinsights_sitenote_note":"","_monsterinsights_sitenote_category":0},"categories":[6439,53],"tags":[6651,3440,6652,2208],"yoast_head":"<!-- This site is optimized with the Yoast SEO plugin v20.5 - https:\/\/yoast.com\/wordpress\/plugins\/seo\/ -->\n<title>Burghof auf&#039;m Sofa: Das neue Angebot des Burghof L\u00f6rrach I szenik<\/title>\n<meta name=\"description\" content=\"Mit dem neuen Digitalangebot &quot;Burghof auf&#039;m Sofa&quot; pr\u00e4sentiert der Burghof L\u00f6rrach digitale Schmankerl. Somit muss niemand auf Kultur verzichten!\" \/>\n<meta name=\"robots\" content=\"index, follow, max-snippet:-1, max-image-preview:large, max-video-preview:-1\" \/>\n<link rel=\"canonical\" href=\"https:\/\/www.szenik.eu\/de\/burghof-aufm-sofa-praesentiert-digitale-schmankerl-haeufiger-burghof-kuenstler-31464\" \/>\n<meta property=\"og:locale\" content=\"de_DE\" \/>\n<meta property=\"og:type\" content=\"article\" \/>\n<meta property=\"og:title\" content=\"Burghof auf&#039;m Sofa: Das neue Angebot des Burghof L\u00f6rrach I szenik\" \/>\n<meta property=\"og:description\" content=\"Mit dem neuen Digitalangebot &quot;Burghof auf&#039;m Sofa&quot; pr\u00e4sentiert der Burghof L\u00f6rrach digitale Schmankerl. Somit muss niemand auf Kultur verzichten!\" \/>\n<meta property=\"og:url\" content=\"https:\/\/www.szenik.eu\/de\/burghof-aufm-sofa-praesentiert-digitale-schmankerl-haeufiger-burghof-kuenstler-31464\" \/>\n<meta property=\"og:site_name\" content=\"szenik\" \/>\n<meta property=\"article:publisher\" content=\"https:\/\/www.facebook.com\/szenik.eu\/\" \/>\n<meta property=\"article:published_time\" content=\"2020-05-12T07:48:17+00:00\" \/>\n<meta property=\"article:modified_time\" content=\"2020-05-12T07:48:21+00:00\" \/>\n<meta property=\"og:image\" content=\"https:\/\/www.szenik.eu\/wp-content\/uploads\/2020\/05\/burghof-loerrach_foto-website_szenik.jpg\" \/>\n\t<meta property=\"og:image:width\" content=\"1800\" \/>\n\t<meta property=\"og:image:height\" content=\"1200\" \/>\n\t<meta property=\"og:image:type\" content=\"image\/jpeg\" \/>\n<meta name=\"author\" content=\"szenik\" \/>\n<meta name=\"twitter:card\" content=\"summary_large_image\" \/>\n<meta name=\"twitter:creator\" content=\"@Szenik\" \/>\n<meta name=\"twitter:site\" content=\"@Szenik\" \/>\n<meta name=\"twitter:label1\" content=\"Verfasst von\" \/>\n\t<meta name=\"twitter:data1\" content=\"szenik\" \/>\n\t<meta name=\"twitter:label2\" content=\"Gesch\u00e4tzte Lesezeit\" \/>\n\t<meta name=\"twitter:data2\" content=\"1\u00a0Minute\" \/>\n<script type=\"application\/ld+json\" class=\"yoast-schema-graph\">{\"@context\":\"https:\/\/schema.org\",\"@graph\":[{\"@type\":\"Article\",\"@id\":\"https:\/\/www.szenik.eu\/de\/burghof-aufm-sofa-praesentiert-digitale-schmankerl-haeufiger-burghof-kuenstler-31464#article\",\"isPartOf\":{\"@id\":\"https:\/\/www.szenik.eu\/de\/burghof-aufm-sofa-praesentiert-digitale-schmankerl-haeufiger-burghof-kuenstler-31464\"},\"author\":{\"name\":\"szenik\",\"@id\":\"https:\/\/www.szenik.eu\/de\/#\/schema\/person\/15f73f175b41bad194837490339d48fb\"},\"headline\":\"\u201eBurghof auf\u2018m Sofa\u201c pr\u00e4sentiert digitale Schmankerl h\u00e4ufiger Burghof-K\u00fcnstler\",\"datePublished\":\"2020-05-12T07:48:17+00:00\",\"dateModified\":\"2020-05-12T07:48:21+00:00\",\"mainEntityOfPage\":{\"@id\":\"https:\/\/www.szenik.eu\/de\/burghof-aufm-sofa-praesentiert-digitale-schmankerl-haeufiger-burghof-kuenstler-31464\"},\"wordCount\":233,\"commentCount\":0,\"publisher\":{\"@id\":\"https:\/\/www.szenik.eu\/de\/#organization\"},\"keywords\":[\"Burghof L\u00f6rrach\",\"Konzert\",\"L\u00f6rrach\",\"Theater\"],\"articleSection\":[\"DAS B\u00dcHNENLEBEN GEHT WEITER\",\"Magazin\"],\"inLanguage\":\"de\",\"potentialAction\":[{\"@type\":\"CommentAction\",\"name\":\"Comment\",\"target\":[\"https:\/\/www.szenik.eu\/de\/burghof-aufm-sofa-praesentiert-digitale-schmankerl-haeufiger-burghof-kuenstler-31464#respond\"]}]},{\"@type\":\"WebPage\",\"@id\":\"https:\/\/www.szenik.eu\/de\/burghof-aufm-sofa-praesentiert-digitale-schmankerl-haeufiger-burghof-kuenstler-31464\",\"url\":\"https:\/\/www.szenik.eu\/de\/burghof-aufm-sofa-praesentiert-digitale-schmankerl-haeufiger-burghof-kuenstler-31464\",\"name\":\"Burghof auf'm Sofa: Das neue Angebot des Burghof L\u00f6rrach I szenik\",\"isPartOf\":{\"@id\":\"https:\/\/www.szenik.eu\/de\/#website\"},\"datePublished\":\"2020-05-12T07:48:17+00:00\",\"dateModified\":\"2020-05-12T07:48:21+00:00\",\"description\":\"Mit dem neuen Digitalangebot \\\"Burghof auf'm Sofa\\\" pr\u00e4sentiert der Burghof L\u00f6rrach digitale Schmankerl. Somit muss niemand auf Kultur verzichten!\",\"breadcrumb\":{\"@id\":\"https:\/\/www.szenik.eu\/de\/burghof-aufm-sofa-praesentiert-digitale-schmankerl-haeufiger-burghof-kuenstler-31464#breadcrumb\"},\"inLanguage\":\"de\",\"potentialAction\":[{\"@type\":\"ReadAction\",\"target\":[\"https:\/\/www.szenik.eu\/de\/burghof-aufm-sofa-praesentiert-digitale-schmankerl-haeufiger-burghof-kuenstler-31464\"]}]},{\"@type\":\"BreadcrumbList\",\"@id\":\"https:\/\/www.szenik.eu\/de\/burghof-aufm-sofa-praesentiert-digitale-schmankerl-haeufiger-burghof-kuenstler-31464#breadcrumb\",\"itemListElement\":[{\"@type\":\"ListItem\",\"position\":1,\"name\":\"Home\",\"item\":\"https:\/\/www.szenik.eu\/de\"},{\"@type\":\"ListItem\",\"position\":2,\"name\":\"\u201eBurghof auf\u2018m Sofa\u201c pr\u00e4sentiert digitale Schmankerl h\u00e4ufiger Burghof-K\u00fcnstler\"}]},{\"@type\":\"WebSite\",\"@id\":\"https:\/\/www.szenik.eu\/de\/#website\",\"url\":\"https:\/\/www.szenik.eu\/de\/\",\"name\":\"szenik\",\"description\":\"Le Meilleur des sc\u00e8nes au coeur de l&#039;Europe\",\"publisher\":{\"@id\":\"https:\/\/www.szenik.eu\/de\/#organization\"},\"potentialAction\":[{\"@type\":\"SearchAction\",\"target\":{\"@type\":\"EntryPoint\",\"urlTemplate\":\"https:\/\/www.szenik.eu\/de\/?s={search_term_string}\"},\"query-input\":\"required name=search_term_string\"}],\"inLanguage\":\"de\"},{\"@type\":\"Organization\",\"@id\":\"https:\/\/www.szenik.eu\/de\/#organization\",\"name\":\"Szenik\",\"url\":\"https:\/\/www.szenik.eu\/de\/\",\"logo\":{\"@type\":\"ImageObject\",\"inLanguage\":\"de\",\"@id\":\"https:\/\/www.szenik.eu\/de\/#\/schema\/logo\/image\/\",\"url\":\"https:\/\/www.szenik.eu\/wp-content\/uploads\/2019\/07\/logo-square.png\",\"contentUrl\":\"https:\/\/www.szenik.eu\/wp-content\/uploads\/2019\/07\/logo-square.png\",\"width\":512,\"height\":512,\"caption\":\"Szenik\"},\"image\":{\"@id\":\"https:\/\/www.szenik.eu\/de\/#\/schema\/logo\/image\/\"},\"sameAs\":[\"https:\/\/www.facebook.com\/szenik.eu\/\",\"https:\/\/twitter.com\/Szenik\",\"https:\/\/www.instagram.com\/szenik_magazine\/\",\"https:\/\/www.youtube.com\/user\/SzenikEU\/\"]},{\"@type\":\"Person\",\"@id\":\"https:\/\/www.szenik.eu\/de\/#\/schema\/person\/15f73f175b41bad194837490339d48fb\",\"name\":\"szenik\",\"image\":{\"@type\":\"ImageObject\",\"inLanguage\":\"de\",\"@id\":\"https:\/\/www.szenik.eu\/de\/#\/schema\/person\/image\/\",\"url\":\"https:\/\/secure.gravatar.com\/avatar\/d1c4f19522a624a4eaa5e6c03e22370b?s=96&d=mm&r=g\",\"contentUrl\":\"https:\/\/secure.gravatar.com\/avatar\/d1c4f19522a624a4eaa5e6c03e22370b?s=96&d=mm&r=g\",\"caption\":\"szenik\"}}]}<\/script>\n<!-- \/ Yoast SEO plugin. -->","yoast_head_json":{"title":"Burghof auf'm Sofa: Das neue Angebot des Burghof L\u00f6rrach I szenik","description":"Mit dem neuen Digitalangebot \"Burghof auf'm Sofa\" pr\u00e4sentiert der Burghof L\u00f6rrach digitale Schmankerl. Somit muss niemand auf Kultur verzichten!","robots":{"index":"index","follow":"follow","max-snippet":"max-snippet:-1","max-image-preview":"max-image-preview:large","max-video-preview":"max-video-preview:-1"},"canonical":"https:\/\/www.szenik.eu\/de\/burghof-aufm-sofa-praesentiert-digitale-schmankerl-haeufiger-burghof-kuenstler-31464","og_locale":"de_DE","og_type":"article","og_title":"Burghof auf'm Sofa: Das neue Angebot des Burghof L\u00f6rrach I szenik","og_description":"Mit dem neuen Digitalangebot \"Burghof auf'm Sofa\" pr\u00e4sentiert der Burghof L\u00f6rrach digitale Schmankerl. Somit muss niemand auf Kultur verzichten!","og_url":"https:\/\/www.szenik.eu\/de\/burghof-aufm-sofa-praesentiert-digitale-schmankerl-haeufiger-burghof-kuenstler-31464","og_site_name":"szenik","article_publisher":"https:\/\/www.facebook.com\/szenik.eu\/","article_published_time":"2020-05-12T07:48:17+00:00","article_modified_time":"2020-05-12T07:48:21+00:00","og_image":[{"width":1800,"height":1200,"url":"https:\/\/www.szenik.eu\/wp-content\/uploads\/2020\/05\/burghof-loerrach_foto-website_szenik.jpg","type":"image\/jpeg"}],"author":"szenik","twitter_card":"summary_large_image","twitter_creator":"@Szenik","twitter_site":"@Szenik","twitter_misc":{"Verfasst von":"szenik","Gesch\u00e4tzte Lesezeit":"1\u00a0Minute"},"schema":{"@context":"https:\/\/schema.org","@graph":[{"@type":"Article","@id":"https:\/\/www.szenik.eu\/de\/burghof-aufm-sofa-praesentiert-digitale-schmankerl-haeufiger-burghof-kuenstler-31464#article","isPartOf":{"@id":"https:\/\/www.szenik.eu\/de\/burghof-aufm-sofa-praesentiert-digitale-schmankerl-haeufiger-burghof-kuenstler-31464"},"author":{"name":"szenik","@id":"https:\/\/www.szenik.eu\/de\/#\/schema\/person\/15f73f175b41bad194837490339d48fb"},"headline":"\u201eBurghof auf\u2018m Sofa\u201c pr\u00e4sentiert digitale Schmankerl h\u00e4ufiger Burghof-K\u00fcnstler","datePublished":"2020-05-12T07:48:17+00:00","dateModified":"2020-05-12T07:48:21+00:00","mainEntityOfPage":{"@id":"https:\/\/www.szenik.eu\/de\/burghof-aufm-sofa-praesentiert-digitale-schmankerl-haeufiger-burghof-kuenstler-31464"},"wordCount":233,"commentCount":0,"publisher":{"@id":"https:\/\/www.szenik.eu\/de\/#organization"},"keywords":["Burghof L\u00f6rrach","Konzert","L\u00f6rrach","Theater"],"articleSection":["DAS B\u00dcHNENLEBEN GEHT WEITER","Magazin"],"inLanguage":"de","potentialAction":[{"@type":"CommentAction","name":"Comment","target":["https:\/\/www.szenik.eu\/de\/burghof-aufm-sofa-praesentiert-digitale-schmankerl-haeufiger-burghof-kuenstler-31464#respond"]}]},{"@type":"WebPage","@id":"https:\/\/www.szenik.eu\/de\/burghof-aufm-sofa-praesentiert-digitale-schmankerl-haeufiger-burghof-kuenstler-31464","url":"https:\/\/www.szenik.eu\/de\/burghof-aufm-sofa-praesentiert-digitale-schmankerl-haeufiger-burghof-kuenstler-31464","name":"Burghof auf'm Sofa: Das neue Angebot des Burghof L\u00f6rrach I szenik","isPartOf":{"@id":"https:\/\/www.szenik.eu\/de\/#website"},"datePublished":"2020-05-12T07:48:17+00:00","dateModified":"2020-05-12T07:48:21+00:00","description":"Mit dem neuen Digitalangebot \"Burghof auf'm Sofa\" pr\u00e4sentiert der Burghof L\u00f6rrach digitale Schmankerl. Somit muss niemand auf Kultur verzichten!","breadcrumb":{"@id":"https:\/\/www.szenik.eu\/de\/burghof-aufm-sofa-praesentiert-digitale-schmankerl-haeufiger-burghof-kuenstler-31464#breadcrumb"},"inLanguage":"de","potentialAction":[{"@type":"ReadAction","target":["https:\/\/www.szenik.eu\/de\/burghof-aufm-sofa-praesentiert-digitale-schmankerl-haeufiger-burghof-kuenstler-31464"]}]},{"@type":"BreadcrumbList","@id":"https:\/\/www.szenik.eu\/de\/burghof-aufm-sofa-praesentiert-digitale-schmankerl-haeufiger-burghof-kuenstler-31464#breadcrumb","itemListElement":[{"@type":"ListItem","position":1,"name":"Home","item":"https:\/\/www.szenik.eu\/de"},{"@type":"ListItem","position":2,"name":"\u201eBurghof auf\u2018m Sofa\u201c pr\u00e4sentiert digitale Schmankerl h\u00e4ufiger Burghof-K\u00fcnstler"}]},{"@type":"WebSite","@id":"https:\/\/www.szenik.eu\/de\/#website","url":"https:\/\/www.szenik.eu\/de\/","name":"szenik","description":"Le Meilleur des sc\u00e8nes au coeur de l&#039;Europe","publisher":{"@id":"https:\/\/www.szenik.eu\/de\/#organization"},"potentialAction":[{"@type":"SearchAction","target":{"@type":"EntryPoint","urlTemplate":"https:\/\/www.szenik.eu\/de\/?s={search_term_string}"},"query-input":"required name=search_term_string"}],"inLanguage":"de"},{"@type":"Organization","@id":"https:\/\/www.szenik.eu\/de\/#organization","name":"Szenik","url":"https:\/\/www.szenik.eu\/de\/","logo":{"@type":"ImageObject","inLanguage":"de","@id":"https:\/\/www.szenik.eu\/de\/#\/schema\/logo\/image\/","url":"https:\/\/www.szenik.eu\/wp-content\/uploads\/2019\/07\/logo-square.png","contentUrl":"https:\/\/www.szenik.eu\/wp-content\/uploads\/2019\/07\/logo-square.png","width":512,"height":512,"caption":"Szenik"},"image":{"@id":"https:\/\/www.szenik.eu\/de\/#\/schema\/logo\/image\/"},"sameAs":["https:\/\/www.facebook.com\/szenik.eu\/","https:\/\/twitter.com\/Szenik","https:\/\/www.instagram.com\/szenik_magazine\/","https:\/\/www.youtube.com\/user\/SzenikEU\/"]},{"@type":"Person","@id":"https:\/\/www.szenik.eu\/de\/#\/schema\/person\/15f73f175b41bad194837490339d48fb","name":"szenik","image":{"@type":"ImageObject","inLanguage":"de","@id":"https:\/\/www.szenik.eu\/de\/#\/schema\/person\/image\/","url":"https:\/\/secure.gravatar.com\/avatar\/d1c4f19522a624a4eaa5e6c03e22370b?s=96&d=mm&r=g","contentUrl":"https:\/\/secure.gravatar.com\/avatar\/d1c4f19522a624a4eaa5e6c03e22370b?s=96&d=mm&r=g","caption":"szenik"}}]}},"jetpack_featured_media_url":"https:\/\/www.szenik.eu\/wp-content\/uploads\/2020\/05\/burghof-loerrach_foto-website_szenik.jpg","amp_enabled":true,"_links":{"self":[{"href":"https:\/\/www.szenik.eu\/de\/wp-json\/\/wp\/v2\/posts\/31464"}],"collection":[{"href":"https:\/\/www.szenik.eu\/de\/wp-json\/\/wp\/v2\/posts"}],"about":[{"href":"https:\/\/www.szenik.eu\/de\/wp-json\/\/wp\/v2\/types\/post"}],"author":[{"embeddable":true,"href":"https:\/\/www.szenik.eu\/de\/wp-json\/\/wp\/v2\/users\/1"}],"replies":[{"embeddable":true,"href":"https:\/\/www.szenik.eu\/de\/wp-json\/\/wp\/v2\/comments?post=31464"}],"version-history":[{"count":2,"href":"https:\/\/www.szenik.eu\/de\/wp-json\/\/wp\/v2\/posts\/31464\/revisions"}],"predecessor-version":[{"id":31468,"href":"https:\/\/www.szenik.eu\/de\/wp-json\/\/wp\/v2\/posts\/31464\/revisions\/31468"}],"wp:featuredmedia":[{"embeddable":true,"href":"https:\/\/www.szenik.eu\/de\/wp-json\/\/wp\/v2\/media\/31465"}],"wp:attachment":[{"href":"https:\/\/www.szenik.eu\/de\/wp-json\/\/wp\/v2\/media?parent=31464"}],"wp:term":[{"taxonomy":"category","embeddable":true,"href":"https:\/\/www.szenik.eu\/de\/wp-json\/\/wp\/v2\/categories?post=31464"},{"taxonomy":"post_tag","embeddable":true,"href":"https:\/\/www.szenik.eu\/de\/wp-json\/\/wp\/v2\/tags?post=31464"}],"curies":[{"name":"wp","href":"https:\/\/api.w.org\/{rel}","templated":true}]}}