{"id":31430,"date":"2020-05-07T11:48:41","date_gmt":"2020-05-07T09:48:41","guid":{"rendered":"https:\/\/www.szenik.eu\/?p=31430\/"},"modified":"2020-05-07T11:48:46","modified_gmt":"2020-05-07T09:48:46","slug":"11-concerts-in-stuttgart-das-neue-konzertformat-mit-sicherem-abstand","status":"publish","type":"post","link":"https:\/\/www.szenik.eu\/de\/11-concerts-in-stuttgart-das-neue-konzertformat-mit-sicherem-abstand-31430","title":{"rendered":"1:1 Concerts in Stuttgart: Das neue Konzertformat \u2013 mit sicherem Abstand"},"content":{"rendered":"\n<h2>Individuelle 1:1-Konzerte trotzen der Corona-Krise und fordern per Spende zur solidarischen Unterst\u00fctzung in Not geratener Musiker*innen auf. Das <strong>Staatsorchester Stuttgart<\/strong> und das<strong> SWR Symphonieorchester<\/strong> sind mit der Umsetzung dieser musikalischen Begegnungen gestartet, die Initiator*innen suchen nach weiteren Mitstreiter*innen.<\/h2>\n\n\n\n<div style=\"height:55px\" aria-hidden=\"true\" class=\"wp-block-spacer\"><\/div>\n\n\n\n<p><em>Pressemitteilung<\/em><\/p>\n\n\n\n<p>Das Kulturleben ist fast komplett zum Erliegen gekommen und wird digital hinter die Bildschirme verbannt. Das Bed\u00fcrfnis nach echten pers\u00f6nlichen Kontakten und unmittelbar geteilten musikalischen Erlebnissen ist gr\u00f6\u00dfer denn je, aber die aktuellen Einschr\u00e4nkungen werden uns noch auf l\u00e4ngere Sicht begleiten. Mit den&nbsp;1:1 Concerts&nbsp;wurde nun eine M\u00f6glichkeit f\u00fcr ein reales Konzerterlebnis geschaffen, das unter Ber\u00fccksichtigung aller geltenden Corona-Schutzma\u00dfnahmen durchf\u00fchrbar ist.<\/p>\n\n\n\n<p>Bei den&nbsp;1:1 Concerts&nbsp;findet eine ca. 10-min\u00fctige wortlose Begegnung zwischen H\u00f6rer*in und Musiker*in statt. Ein er\u00f6ffnender intensiver Blickkontakt ist der Impuls f\u00fcr ein sehr pers\u00f6nliches individuelles Konzert&nbsp;\u2013&nbsp;eine ungew\u00f6hnliche, aber f\u00fcr beide Seiten intensive Erfahrung, die N\u00e4he trotz Distanz erm\u00f6glicht. Wer spielt? Das bleibt eine \u00dcberraschung. Auch mit den Spielorten wird ungew\u00f6hnliches Terrain erobert&nbsp;\u2013&nbsp;eine Kunstgalerie, ein Flughafen-Terminal, ein ruhiger Hinterhof, eine leerstehende Fabrikhalle oder ein Schrebergarten. Private Gastgeber*innen stellen ihre Konzertorte zur Verf\u00fcgung.<\/p>\n\n\n\n<p>In Stuttgart sind bereits die ersten individuellen\u00a01:1 Concerts\u00a0in Kooperation mit dem\u00a0<a href=\"https:\/\/www.staatsoper-stuttgart.de\/staatsorchester\/\" target=\"_blank\" rel=\"noreferrer noopener\" aria-label=\"Staatsorchester (opens in a new tab)\"><strong>Staatsorchester<\/strong><\/a>\u00a0und dem\u00a0<strong><a href=\"https:\/\/www.swr.de\/swrclassic\/symphonieorchester\/1zu1-konzerte-swr-symphonieorchester-100.html\" target=\"_blank\" rel=\"noreferrer noopener\" aria-label=\"SWR Symphonieorchester\u00a0 (opens in a new tab)\">SWR Symphonieorchester\u00a0<\/a><\/strong>gestartet und \u00fcber deren Webseiten buchbar.<\/p>\n\n\n\n<p>Das Konzept der\u00a01:1 Concerts\u00a0wurde urspr\u00fcnglich f\u00fcr das Kammermusikfestival\u00a0<strong><a rel=\"noreferrer noopener\" aria-label=\"Sommerkonzerte Volkenroda (opens in a new tab)\" href=\"https:\/\/www.kloster-volkenroda.de\/themen\/kunst-kultur\/sommerkonzert\/\" target=\"_blank\">Sommerkonzerte Volkenroda<\/a><\/strong>\u00a02019 entwickelt, inspiriert von Marina Abramovi\u0107s legend\u00e4ren Performance \u201eThe Artist Is Present\u201c. Die Initiatoren Stephanie\u00a0Winker, Franziska Ritter, Christian Siegmund und Sophie von Mansberg m\u00f6chten das Format in dieser Situation der Allgemeinheit zur Verf\u00fcgung stellen und freuen sich \u00fcber m\u00f6glichst viele Mitstreiter*innen. <\/p>\n\n\n\n<p>Die Aktion dient per Spendenaufruf \u00fcber den\u00a0<strong><a rel=\"noreferrer noopener\" aria-label=\"Nothilfefonds der Deutschen Orchester-Stiftung (opens in a new tab)\" href=\"https:\/\/orchesterstiftung.de\/nothilfefonds\/spendenaufruf\/\" target=\"_blank\">Nothilfefonds der Deutschen Orchester-Stiftung<\/a><\/strong>\u00a0zur Unterst\u00fctzung derjenigen Musiker*innen, die durch die Corona-Krise in Not geraten sind.<\/p>\n\n\n\n<div style=\"height:100px\" aria-hidden=\"true\" class=\"wp-block-spacer\"><\/div>\n\n\n\n<p class=\"has-medium-font-size\">Informationen und Kontakt<\/p>\n\n\n\n<p>Website : <strong><a href=\"http:\/\/www.1to1concerts.de\">www.1to1concerts.de<\/a><\/strong><br>E-Mail : <strong>team@1to1concerts.de<\/strong><\/p>\n\n\n\n<p><em>Sharing is caring: Erfahrungen k\u00f6nnen gerne unter dem Hashtag\u00a0#1to1concerts\u00a0in den sozialen Medien geteilt werden!<\/em><\/p>\n\n\n\n<div style=\"height:100px\" aria-hidden=\"true\" class=\"wp-block-spacer\"><\/div>\n\n\n\n<p class=\"has-small-font-size\">Foto: Staatsoper Stuttgart<\/p>\n\n\n\n<div style=\"height:100px\" aria-hidden=\"true\" class=\"wp-block-spacer\"><\/div>\n","protected":false},"excerpt":{"rendered":"<p>Individuelle 1:1-Konzerte trotzen der Corona-Krise und fordern per Spende zur solidarischen Unterst\u00fctzung in Not geratener Musiker*innen auf. Das Staatsorchester Stuttgart und das SWR Symphonieorchester sind mit der Umsetzung dieser musikalischen Begegnungen gestartet, die Initiator*innen suchen nach weiteren Mitstreiter*innen. Pressemitteilung Das Kulturleben ist fast komplett zum Erliegen gekommen und wird digital hinter die Bildschirme verbannt. Das [&hellip;]<\/p>\n","protected":false},"author":1,"featured_media":31431,"comment_status":"open","ping_status":"open","sticky":false,"template":"","format":"standard","meta":{"_monsterinsights_skip_tracking":false,"_monsterinsights_sitenote_active":false,"_monsterinsights_sitenote_note":"","_monsterinsights_sitenote_category":0},"categories":[6439,6463],"tags":[6640,6432],"yoast_head":"<!-- This site is optimized with the Yoast SEO plugin v20.5 - https:\/\/yoast.com\/wordpress\/plugins\/seo\/ -->\n<title>Individuelle 1:1 Konzerte trotzen der Corona-Krise I szenik<\/title>\n<meta name=\"description\" content=\"Individuelle 1:1-Konzerte trotzen der Corona-Krise und fordern per Spende zur solidarischen Unterst\u00fctzung in Not geratener Musiker*innen auf.\" \/>\n<meta name=\"robots\" content=\"index, follow, max-snippet:-1, max-image-preview:large, max-video-preview:-1\" \/>\n<link rel=\"canonical\" href=\"https:\/\/www.szenik.eu\/de\/11-concerts-in-stuttgart-das-neue-konzertformat-mit-sicherem-abstand-31430\" \/>\n<meta property=\"og:locale\" content=\"de_DE\" \/>\n<meta property=\"og:type\" content=\"article\" \/>\n<meta property=\"og:title\" content=\"Individuelle 1:1 Konzerte trotzen der Corona-Krise I szenik\" \/>\n<meta property=\"og:description\" content=\"Individuelle 1:1-Konzerte trotzen der Corona-Krise und fordern per Spende zur solidarischen Unterst\u00fctzung in Not geratener Musiker*innen auf.\" \/>\n<meta property=\"og:url\" content=\"https:\/\/www.szenik.eu\/de\/11-concerts-in-stuttgart-das-neue-konzertformat-mit-sicherem-abstand-31430\" \/>\n<meta property=\"og:site_name\" content=\"szenik\" \/>\n<meta property=\"article:publisher\" content=\"https:\/\/www.facebook.com\/szenik.eu\/\" \/>\n<meta property=\"article:published_time\" content=\"2020-05-07T09:48:41+00:00\" \/>\n<meta property=\"article:modified_time\" content=\"2020-05-07T09:48:46+00:00\" \/>\n<meta property=\"og:image\" content=\"https:\/\/www.szenik.eu\/wp-content\/uploads\/2020\/05\/1-to-1_Concerts_c_Staatsoper-Stuttgart-scaled.jpg\" \/>\n\t<meta property=\"og:image:width\" content=\"2560\" \/>\n\t<meta property=\"og:image:height\" content=\"1707\" \/>\n\t<meta property=\"og:image:type\" content=\"image\/jpeg\" \/>\n<meta name=\"author\" content=\"szenik\" \/>\n<meta name=\"twitter:card\" content=\"summary_large_image\" \/>\n<meta name=\"twitter:creator\" content=\"@Szenik\" \/>\n<meta name=\"twitter:site\" content=\"@Szenik\" \/>\n<meta name=\"twitter:label1\" content=\"Verfasst von\" \/>\n\t<meta name=\"twitter:data1\" content=\"szenik\" \/>\n\t<meta name=\"twitter:label2\" content=\"Gesch\u00e4tzte Lesezeit\" \/>\n\t<meta name=\"twitter:data2\" content=\"2\u00a0Minuten\" \/>\n<script type=\"application\/ld+json\" class=\"yoast-schema-graph\">{\"@context\":\"https:\/\/schema.org\",\"@graph\":[{\"@type\":\"Article\",\"@id\":\"https:\/\/www.szenik.eu\/de\/11-concerts-in-stuttgart-das-neue-konzertformat-mit-sicherem-abstand-31430#article\",\"isPartOf\":{\"@id\":\"https:\/\/www.szenik.eu\/de\/11-concerts-in-stuttgart-das-neue-konzertformat-mit-sicherem-abstand-31430\"},\"author\":{\"name\":\"szenik\",\"@id\":\"https:\/\/www.szenik.eu\/de\/#\/schema\/person\/15f73f175b41bad194837490339d48fb\"},\"headline\":\"1:1 Concerts in Stuttgart: Das neue Konzertformat \u2013 mit sicherem Abstand\",\"datePublished\":\"2020-05-07T09:48:41+00:00\",\"dateModified\":\"2020-05-07T09:48:46+00:00\",\"mainEntityOfPage\":{\"@id\":\"https:\/\/www.szenik.eu\/de\/11-concerts-in-stuttgart-das-neue-konzertformat-mit-sicherem-abstand-31430\"},\"wordCount\":361,\"commentCount\":0,\"publisher\":{\"@id\":\"https:\/\/www.szenik.eu\/de\/#organization\"},\"keywords\":[\"Staatsorchester Stuttgart\",\"SWR Symphonieorchester\"],\"articleSection\":[\"DAS B\u00dcHNENLEBEN GEHT WEITER\",\"HILFEN F\u00dcR DIE B\u00dcHNE\"],\"inLanguage\":\"de\",\"potentialAction\":[{\"@type\":\"CommentAction\",\"name\":\"Comment\",\"target\":[\"https:\/\/www.szenik.eu\/de\/11-concerts-in-stuttgart-das-neue-konzertformat-mit-sicherem-abstand-31430#respond\"]}]},{\"@type\":\"WebPage\",\"@id\":\"https:\/\/www.szenik.eu\/de\/11-concerts-in-stuttgart-das-neue-konzertformat-mit-sicherem-abstand-31430\",\"url\":\"https:\/\/www.szenik.eu\/de\/11-concerts-in-stuttgart-das-neue-konzertformat-mit-sicherem-abstand-31430\",\"name\":\"Individuelle 1:1 Konzerte trotzen der Corona-Krise I szenik\",\"isPartOf\":{\"@id\":\"https:\/\/www.szenik.eu\/de\/#website\"},\"datePublished\":\"2020-05-07T09:48:41+00:00\",\"dateModified\":\"2020-05-07T09:48:46+00:00\",\"description\":\"Individuelle 1:1-Konzerte trotzen der Corona-Krise und fordern per Spende zur solidarischen Unterst\u00fctzung in Not geratener Musiker*innen auf.\",\"breadcrumb\":{\"@id\":\"https:\/\/www.szenik.eu\/de\/11-concerts-in-stuttgart-das-neue-konzertformat-mit-sicherem-abstand-31430#breadcrumb\"},\"inLanguage\":\"de\",\"potentialAction\":[{\"@type\":\"ReadAction\",\"target\":[\"https:\/\/www.szenik.eu\/de\/11-concerts-in-stuttgart-das-neue-konzertformat-mit-sicherem-abstand-31430\"]}]},{\"@type\":\"BreadcrumbList\",\"@id\":\"https:\/\/www.szenik.eu\/de\/11-concerts-in-stuttgart-das-neue-konzertformat-mit-sicherem-abstand-31430#breadcrumb\",\"itemListElement\":[{\"@type\":\"ListItem\",\"position\":1,\"name\":\"Home\",\"item\":\"https:\/\/www.szenik.eu\/de\"},{\"@type\":\"ListItem\",\"position\":2,\"name\":\"1:1 Concerts in Stuttgart: Das neue Konzertformat \u2013 mit sicherem Abstand\"}]},{\"@type\":\"WebSite\",\"@id\":\"https:\/\/www.szenik.eu\/de\/#website\",\"url\":\"https:\/\/www.szenik.eu\/de\/\",\"name\":\"szenik\",\"description\":\"Le Meilleur des sc\u00e8nes au coeur de l&#039;Europe\",\"publisher\":{\"@id\":\"https:\/\/www.szenik.eu\/de\/#organization\"},\"potentialAction\":[{\"@type\":\"SearchAction\",\"target\":{\"@type\":\"EntryPoint\",\"urlTemplate\":\"https:\/\/www.szenik.eu\/de\/?s={search_term_string}\"},\"query-input\":\"required name=search_term_string\"}],\"inLanguage\":\"de\"},{\"@type\":\"Organization\",\"@id\":\"https:\/\/www.szenik.eu\/de\/#organization\",\"name\":\"Szenik\",\"url\":\"https:\/\/www.szenik.eu\/de\/\",\"logo\":{\"@type\":\"ImageObject\",\"inLanguage\":\"de\",\"@id\":\"https:\/\/www.szenik.eu\/de\/#\/schema\/logo\/image\/\",\"url\":\"https:\/\/www.szenik.eu\/wp-content\/uploads\/2019\/07\/logo-square.png\",\"contentUrl\":\"https:\/\/www.szenik.eu\/wp-content\/uploads\/2019\/07\/logo-square.png\",\"width\":512,\"height\":512,\"caption\":\"Szenik\"},\"image\":{\"@id\":\"https:\/\/www.szenik.eu\/de\/#\/schema\/logo\/image\/\"},\"sameAs\":[\"https:\/\/www.facebook.com\/szenik.eu\/\",\"https:\/\/twitter.com\/Szenik\",\"https:\/\/www.instagram.com\/szenik_magazine\/\",\"https:\/\/www.youtube.com\/user\/SzenikEU\/\"]},{\"@type\":\"Person\",\"@id\":\"https:\/\/www.szenik.eu\/de\/#\/schema\/person\/15f73f175b41bad194837490339d48fb\",\"name\":\"szenik\",\"image\":{\"@type\":\"ImageObject\",\"inLanguage\":\"de\",\"@id\":\"https:\/\/www.szenik.eu\/de\/#\/schema\/person\/image\/\",\"url\":\"https:\/\/secure.gravatar.com\/avatar\/d1c4f19522a624a4eaa5e6c03e22370b?s=96&d=mm&r=g\",\"contentUrl\":\"https:\/\/secure.gravatar.com\/avatar\/d1c4f19522a624a4eaa5e6c03e22370b?s=96&d=mm&r=g\",\"caption\":\"szenik\"}}]}<\/script>\n<!-- \/ Yoast SEO plugin. -->","yoast_head_json":{"title":"Individuelle 1:1 Konzerte trotzen der Corona-Krise I szenik","description":"Individuelle 1:1-Konzerte trotzen der Corona-Krise und fordern per Spende zur solidarischen Unterst\u00fctzung in Not geratener Musiker*innen auf.","robots":{"index":"index","follow":"follow","max-snippet":"max-snippet:-1","max-image-preview":"max-image-preview:large","max-video-preview":"max-video-preview:-1"},"canonical":"https:\/\/www.szenik.eu\/de\/11-concerts-in-stuttgart-das-neue-konzertformat-mit-sicherem-abstand-31430","og_locale":"de_DE","og_type":"article","og_title":"Individuelle 1:1 Konzerte trotzen der Corona-Krise I szenik","og_description":"Individuelle 1:1-Konzerte trotzen der Corona-Krise und fordern per Spende zur solidarischen Unterst\u00fctzung in Not geratener Musiker*innen auf.","og_url":"https:\/\/www.szenik.eu\/de\/11-concerts-in-stuttgart-das-neue-konzertformat-mit-sicherem-abstand-31430","og_site_name":"szenik","article_publisher":"https:\/\/www.facebook.com\/szenik.eu\/","article_published_time":"2020-05-07T09:48:41+00:00","article_modified_time":"2020-05-07T09:48:46+00:00","og_image":[{"width":2560,"height":1707,"url":"https:\/\/www.szenik.eu\/wp-content\/uploads\/2020\/05\/1-to-1_Concerts_c_Staatsoper-Stuttgart-scaled.jpg","type":"image\/jpeg"}],"author":"szenik","twitter_card":"summary_large_image","twitter_creator":"@Szenik","twitter_site":"@Szenik","twitter_misc":{"Verfasst von":"szenik","Gesch\u00e4tzte Lesezeit":"2\u00a0Minuten"},"schema":{"@context":"https:\/\/schema.org","@graph":[{"@type":"Article","@id":"https:\/\/www.szenik.eu\/de\/11-concerts-in-stuttgart-das-neue-konzertformat-mit-sicherem-abstand-31430#article","isPartOf":{"@id":"https:\/\/www.szenik.eu\/de\/11-concerts-in-stuttgart-das-neue-konzertformat-mit-sicherem-abstand-31430"},"author":{"name":"szenik","@id":"https:\/\/www.szenik.eu\/de\/#\/schema\/person\/15f73f175b41bad194837490339d48fb"},"headline":"1:1 Concerts in Stuttgart: Das neue Konzertformat \u2013 mit sicherem Abstand","datePublished":"2020-05-07T09:48:41+00:00","dateModified":"2020-05-07T09:48:46+00:00","mainEntityOfPage":{"@id":"https:\/\/www.szenik.eu\/de\/11-concerts-in-stuttgart-das-neue-konzertformat-mit-sicherem-abstand-31430"},"wordCount":361,"commentCount":0,"publisher":{"@id":"https:\/\/www.szenik.eu\/de\/#organization"},"keywords":["Staatsorchester Stuttgart","SWR Symphonieorchester"],"articleSection":["DAS B\u00dcHNENLEBEN GEHT WEITER","HILFEN F\u00dcR DIE B\u00dcHNE"],"inLanguage":"de","potentialAction":[{"@type":"CommentAction","name":"Comment","target":["https:\/\/www.szenik.eu\/de\/11-concerts-in-stuttgart-das-neue-konzertformat-mit-sicherem-abstand-31430#respond"]}]},{"@type":"WebPage","@id":"https:\/\/www.szenik.eu\/de\/11-concerts-in-stuttgart-das-neue-konzertformat-mit-sicherem-abstand-31430","url":"https:\/\/www.szenik.eu\/de\/11-concerts-in-stuttgart-das-neue-konzertformat-mit-sicherem-abstand-31430","name":"Individuelle 1:1 Konzerte trotzen der Corona-Krise I szenik","isPartOf":{"@id":"https:\/\/www.szenik.eu\/de\/#website"},"datePublished":"2020-05-07T09:48:41+00:00","dateModified":"2020-05-07T09:48:46+00:00","description":"Individuelle 1:1-Konzerte trotzen der Corona-Krise und fordern per Spende zur solidarischen Unterst\u00fctzung in Not geratener Musiker*innen auf.","breadcrumb":{"@id":"https:\/\/www.szenik.eu\/de\/11-concerts-in-stuttgart-das-neue-konzertformat-mit-sicherem-abstand-31430#breadcrumb"},"inLanguage":"de","potentialAction":[{"@type":"ReadAction","target":["https:\/\/www.szenik.eu\/de\/11-concerts-in-stuttgart-das-neue-konzertformat-mit-sicherem-abstand-31430"]}]},{"@type":"BreadcrumbList","@id":"https:\/\/www.szenik.eu\/de\/11-concerts-in-stuttgart-das-neue-konzertformat-mit-sicherem-abstand-31430#breadcrumb","itemListElement":[{"@type":"ListItem","position":1,"name":"Home","item":"https:\/\/www.szenik.eu\/de"},{"@type":"ListItem","position":2,"name":"1:1 Concerts in Stuttgart: Das neue Konzertformat \u2013 mit sicherem Abstand"}]},{"@type":"WebSite","@id":"https:\/\/www.szenik.eu\/de\/#website","url":"https:\/\/www.szenik.eu\/de\/","name":"szenik","description":"Le Meilleur des sc\u00e8nes au coeur de l&#039;Europe","publisher":{"@id":"https:\/\/www.szenik.eu\/de\/#organization"},"potentialAction":[{"@type":"SearchAction","target":{"@type":"EntryPoint","urlTemplate":"https:\/\/www.szenik.eu\/de\/?s={search_term_string}"},"query-input":"required name=search_term_string"}],"inLanguage":"de"},{"@type":"Organization","@id":"https:\/\/www.szenik.eu\/de\/#organization","name":"Szenik","url":"https:\/\/www.szenik.eu\/de\/","logo":{"@type":"ImageObject","inLanguage":"de","@id":"https:\/\/www.szenik.eu\/de\/#\/schema\/logo\/image\/","url":"https:\/\/www.szenik.eu\/wp-content\/uploads\/2019\/07\/logo-square.png","contentUrl":"https:\/\/www.szenik.eu\/wp-content\/uploads\/2019\/07\/logo-square.png","width":512,"height":512,"caption":"Szenik"},"image":{"@id":"https:\/\/www.szenik.eu\/de\/#\/schema\/logo\/image\/"},"sameAs":["https:\/\/www.facebook.com\/szenik.eu\/","https:\/\/twitter.com\/Szenik","https:\/\/www.instagram.com\/szenik_magazine\/","https:\/\/www.youtube.com\/user\/SzenikEU\/"]},{"@type":"Person","@id":"https:\/\/www.szenik.eu\/de\/#\/schema\/person\/15f73f175b41bad194837490339d48fb","name":"szenik","image":{"@type":"ImageObject","inLanguage":"de","@id":"https:\/\/www.szenik.eu\/de\/#\/schema\/person\/image\/","url":"https:\/\/secure.gravatar.com\/avatar\/d1c4f19522a624a4eaa5e6c03e22370b?s=96&d=mm&r=g","contentUrl":"https:\/\/secure.gravatar.com\/avatar\/d1c4f19522a624a4eaa5e6c03e22370b?s=96&d=mm&r=g","caption":"szenik"}}]}},"jetpack_featured_media_url":"https:\/\/www.szenik.eu\/wp-content\/uploads\/2020\/05\/1-to-1_Concerts_c_Staatsoper-Stuttgart-scaled.jpg","amp_enabled":true,"_links":{"self":[{"href":"https:\/\/www.szenik.eu\/de\/wp-json\/\/wp\/v2\/posts\/31430"}],"collection":[{"href":"https:\/\/www.szenik.eu\/de\/wp-json\/\/wp\/v2\/posts"}],"about":[{"href":"https:\/\/www.szenik.eu\/de\/wp-json\/\/wp\/v2\/types\/post"}],"author":[{"embeddable":true,"href":"https:\/\/www.szenik.eu\/de\/wp-json\/\/wp\/v2\/users\/1"}],"replies":[{"embeddable":true,"href":"https:\/\/www.szenik.eu\/de\/wp-json\/\/wp\/v2\/comments?post=31430"}],"version-history":[{"count":1,"href":"https:\/\/www.szenik.eu\/de\/wp-json\/\/wp\/v2\/posts\/31430\/revisions"}],"predecessor-version":[{"id":31433,"href":"https:\/\/www.szenik.eu\/de\/wp-json\/\/wp\/v2\/posts\/31430\/revisions\/31433"}],"wp:featuredmedia":[{"embeddable":true,"href":"https:\/\/www.szenik.eu\/de\/wp-json\/\/wp\/v2\/media\/31431"}],"wp:attachment":[{"href":"https:\/\/www.szenik.eu\/de\/wp-json\/\/wp\/v2\/media?parent=31430"}],"wp:term":[{"taxonomy":"category","embeddable":true,"href":"https:\/\/www.szenik.eu\/de\/wp-json\/\/wp\/v2\/categories?post=31430"},{"taxonomy":"post_tag","embeddable":true,"href":"https:\/\/www.szenik.eu\/de\/wp-json\/\/wp\/v2\/tags?post=31430"}],"curies":[{"name":"wp","href":"https:\/\/api.w.org\/{rel}","templated":true}]}}