{"id":30977,"date":"2020-04-07T16:01:03","date_gmt":"2020-04-07T14:01:03","guid":{"rendered":"https:\/\/www.szenik.eu\/test-propositions-artistiques-30977"},"modified":"2020-04-23T11:32:45","modified_gmt":"2020-04-23T09:32:45","slug":"test-propositions-artistiques","status":"publish","type":"post","link":"https:\/\/www.szenik.eu\/de\/test-propositions-artistiques-30977","title":{"rendered":"Opernzeit im Wohnzimmer: Die Opern der grenz\u00fcberschreitenden Region Grand Est musizieren gegen den Coronavirus."},"content":{"rendered":"\n<h2>Von Stra\u00dfburg bis nach Z\u00fcrich &#8211; die Opernh\u00e4user und Orchester der grenz\u00fcberschreitenden Region Grand Est unterhalten uns mit Opern- und Konzertaufnahmen sowie partizipativen Projekten.<\/h2>\n\n\n\n<div style=\"height:100px\" aria-hidden=\"true\" class=\"wp-block-spacer\"><\/div>\n\n\n\n<p>Oh, welch sch\u00f6ne Opernproduktionen bereits in den Startl\u00f6chern standen&#8230;, doch der Lockdown hat ihnen leider ein Ende gesetzt. Nichtsdestotrotz m\u00f6chten die Opernh\u00e4user und Orchester der grenz\u00fcberschreitenden Region Grand Est ihrem Publikum treu bleiben und nehmen uns auf eine digitale Reise mit. Von Opern-und Konzertmitschnitten bis hin zu Podcasts: Sie haben die Wahl! <br><br>szenik pr\u00e4sentiert Ihnen eine Auswahl der vielen k\u00fcnstlerischen Projekte und l\u00e4dt Sie somit zu einer virtuellen Reise durch die Opernh\u00e4user der Region ein. Schn\u00fcren Sie sich also einen fiktiven Rucksack mit Operngl\u00e4sern, Taschent\u00fcchern und Hustenbonbons und machen Sie sich auf eine musikalisch famose Reise. <br>Ein herzliches Dank an alle Opernh\u00e4user und Orchester f\u00fcr die Erstellung dieser Videos und Inhalte. Danke, dass Sie uns an die Kraft der Musik erinnern, um diese beunruhigende Zeit zu durchstehen.<br>Merci beaucoup und bleiben Sie gesund! <\/p>\n\n\n\n<div style=\"height:106px\" aria-hidden=\"true\" class=\"wp-block-spacer\"><\/div>\n\n\n\n<h3 class=\"has-text-align-center\"><strong>Stuttgart<\/strong><br><\/h3>\n\n\n\n<div class=\"wp-block-image is-style-circle-mask\"><figure class=\"aligncenter size-large\"><img decoding=\"async\" loading=\"lazy\" width=\"1024\" height=\"626\" src=\"https:\/\/www.szenik.eu\/wp-content\/uploads\/2020\/04\/Capture-d\u2019\u00e9cran-2020-04-08-\u00e0-10.28.11-1024x626.png\" alt=\"\" class=\"wp-image-30943\" srcset=\"https:\/\/www.szenik.eu\/wp-content\/uploads\/2020\/04\/Capture-d\u2019\u00e9cran-2020-04-08-\u00e0-10.28.11-1024x626.png 1024w, https:\/\/www.szenik.eu\/wp-content\/uploads\/2020\/04\/Capture-d\u2019\u00e9cran-2020-04-08-\u00e0-10.28.11-300x183.png 300w, https:\/\/www.szenik.eu\/wp-content\/uploads\/2020\/04\/Capture-d\u2019\u00e9cran-2020-04-08-\u00e0-10.28.11-768x469.png 768w, https:\/\/www.szenik.eu\/wp-content\/uploads\/2020\/04\/Capture-d\u2019\u00e9cran-2020-04-08-\u00e0-10.28.11-750x458.png 750w, https:\/\/www.szenik.eu\/wp-content\/uploads\/2020\/04\/Capture-d\u2019\u00e9cran-2020-04-08-\u00e0-10.28.11-1140x697.png 1140w, https:\/\/www.szenik.eu\/wp-content\/uploads\/2020\/04\/Capture-d\u2019\u00e9cran-2020-04-08-\u00e0-10.28.11.png 1144w\" sizes=\"(max-width: 1024px) 100vw, 1024px\" \/><\/figure><\/div>\n\n\n\n<div style=\"height:20px\" aria-hidden=\"true\" class=\"wp-block-spacer\"><\/div>\n\n\n\n<p class=\"has-background has-text-align-center has-medium-font-size has-luminous-vivid-amber-background-color\"><strong>Staatsoper Stuttgart<\/strong><\/p>\n\n\n\n<p><strong>Oper trotz Corona<\/strong>: Die Staatsoper Stuttgart stellt im zehnt\u00e4gigen Wechsel eine Opernaufnahme ihrer letzten Spielzeiten online zur Verf\u00fcgung. Eine gute Gelegenheit, das Telefon beiseite zu legen und sich mit dem Stuttgarter Repertoire vertraut zu machen. <br>Link:&nbsp;<a rel=\"noreferrer noopener\" target=\"_blank\" href=\"https:\/\/www.staatsoper-stuttgart.de\/spielplan\/oper-trotz-corona\/\">www.staatsoper-stuttgart.de<\/a><\/p>\n\n\n\n<figure class=\"wp-block-embed-youtube aligncenter wp-block-embed is-type-video is-provider-youtube wp-embed-aspect-16-9 wp-has-aspect-ratio\"><div class=\"wp-block-embed__wrapper\">\n<iframe loading=\"lazy\" title=\"Das Gl\u00fcck erf\u00fcllter Gegenwart - 425 Jahre Staatsorchester Stuttgart - offizieller Trailer\" width=\"500\" height=\"281\" src=\"https:\/\/www.youtube.com\/embed\/0he8JGIYwws?feature=oembed\" frameborder=\"0\" allow=\"accelerometer; autoplay; encrypted-media; gyroscope; picture-in-picture\" allowfullscreen><\/iframe>\n<\/div><\/figure>\n\n\n\n<div style=\"height:23px\" aria-hidden=\"true\" class=\"wp-block-spacer\"><\/div>\n\n\n\n<p class=\"has-background has-text-align-center has-medium-font-size has-luminous-vivid-amber-background-color\"><strong>SWR Symphonieorchester<\/strong><\/p>\n\n\n\n<p>Teodor Currentzis, Nicolas Altstaedt, <em>Die kleine Meerjungfrau<\/em>\u2026 Das SWR Symphonieorchester taucht in seine Konzertarchive und bringt musikalische Sch\u00e4tze an die Bildoberfl\u00e4che (auch Bildschirm genannt). Ein reiches Angebot f\u00fcr Klein und Gro\u00df. <br>Link:&nbsp;<a rel=\"noreferrer noopener\" target=\"_blank\" href=\"https:\/\/www.swr.de\/swrclassic\/uebersicht-web-concerts-100.html\">www.swr.de<\/a><\/p>\n\n\n\n<div style=\"height:20px\" aria-hidden=\"true\" class=\"wp-block-spacer\"><\/div>\n\n\n\n<p class=\"has-background has-text-align-center has-medium-font-size has-luminous-vivid-amber-background-color\">&#8222;<strong>Ode an die Freude&#8220; in Stuttgart, Karlsruhe und Saarbr\u00fccken <\/strong><\/p>\n\n\n\n<p>Die Orchester der St\u00e4dte Stuttgart, Karlsruhe und Saarbr\u00fccken rufen die Berufsmusiker*innen und Amateure jeden Sonntag auf, Beethovens bekannte <em>Ode an die Freude<\/em> am Fenster erklingen zu lassen. Eine gute Gelegenheit sich daran zu erinnern, dass wir diese Krise gemeinsam durchstehen. <br>Die Videos werden daraufhin in den sozialen Netzwerken ver\u00f6ffentlicht. <br><\/p>\n\n\n\n<figure class=\"wp-block-embed-youtube aligncenter wp-block-embed is-type-video is-provider-youtube wp-embed-aspect-16-9 wp-has-aspect-ratio\"><div class=\"wp-block-embed__wrapper\">\n<iframe loading=\"lazy\" title=\"Stuttgart musiziert daheim | Staatsoper Stuttgart\" width=\"500\" height=\"281\" src=\"https:\/\/www.youtube.com\/embed\/bWXGsH1MVAA?feature=oembed\" frameborder=\"0\" allow=\"accelerometer; autoplay; encrypted-media; gyroscope; picture-in-picture\" allowfullscreen><\/iframe>\n<\/div><\/figure>\n\n\n\n<div style=\"height:100px\" aria-hidden=\"true\" class=\"wp-block-spacer\"><\/div>\n\n\n\n<h3 class=\"has-text-align-center\"><strong>Freiburg<\/strong><br><\/h3>\n\n\n\n<div class=\"wp-block-image is-style-circle-mask\"><figure class=\"aligncenter size-large\"><img decoding=\"async\" loading=\"lazy\" width=\"1024\" height=\"679\" src=\"https:\/\/www.szenik.eu\/wp-content\/uploads\/2020\/04\/Capture-d\u2019\u00e9cran-2020-04-08-\u00e0-11.20.17-1024x679.png\" alt=\"\" class=\"wp-image-30946\" srcset=\"https:\/\/www.szenik.eu\/wp-content\/uploads\/2020\/04\/Capture-d\u2019\u00e9cran-2020-04-08-\u00e0-11.20.17-1024x679.png 1024w, https:\/\/www.szenik.eu\/wp-content\/uploads\/2020\/04\/Capture-d\u2019\u00e9cran-2020-04-08-\u00e0-11.20.17-300x199.png 300w, https:\/\/www.szenik.eu\/wp-content\/uploads\/2020\/04\/Capture-d\u2019\u00e9cran-2020-04-08-\u00e0-11.20.17-768x509.png 768w, https:\/\/www.szenik.eu\/wp-content\/uploads\/2020\/04\/Capture-d\u2019\u00e9cran-2020-04-08-\u00e0-11.20.17-750x497.png 750w, https:\/\/www.szenik.eu\/wp-content\/uploads\/2020\/04\/Capture-d\u2019\u00e9cran-2020-04-08-\u00e0-11.20.17.png 1124w\" sizes=\"(max-width: 1024px) 100vw, 1024px\" \/><\/figure><\/div>\n\n\n\n<div style=\"height:20px\" aria-hidden=\"true\" class=\"wp-block-spacer\"><\/div>\n\n\n\n<p class=\"has-background has-text-align-center has-medium-font-size has-luminous-vivid-amber-background-color\"><strong>Theater Freiburg<\/strong><\/p>\n\n\n\n<p>Das Ensemble des Theater Freiburg ver\u00f6ffentlicht jeden Tag ein Video von und mit seinen Musiker*innen, Schauspieler*innen und Operns\u00e4nger*innen. Sie erz\u00e4hlen Geschichten, putzen Gem\u00fcse, singen Mozart und machen zuhause so richtig Theater. <br>Link: <a rel=\"noreferrer noopener\" aria-label=\"https:\/\/www.youtube.com\/channel\/UCyj_USVEs9JvZ7s_2L3VXRA (opens in a new tab)\" href=\"https:\/\/www.youtube.com\/channel\/UCyj_USVEs9JvZ7s_2L3VXRA\" target=\"_blank\">www.youtube.com<\/a><br><\/p>\n\n\n\n<figure class=\"wp-block-embed-youtube aligncenter wp-block-embed is-type-video is-provider-youtube wp-embed-aspect-16-9 wp-has-aspect-ratio\"><div class=\"wp-block-embed__wrapper\">\n<iframe loading=\"lazy\" title=\"Theater Freiburg Digital Folge 15\" width=\"500\" height=\"281\" src=\"https:\/\/www.youtube.com\/embed\/QrK02CLaP3Q?feature=oembed\" frameborder=\"0\" allow=\"accelerometer; autoplay; encrypted-media; gyroscope; picture-in-picture\" allowfullscreen><\/iframe>\n<\/div><\/figure>\n\n\n\n<div style=\"height:27px\" aria-hidden=\"true\" class=\"wp-block-spacer\"><\/div>\n\n\n\n<p class=\"has-background has-text-align-center has-medium-font-size has-pale-cyan-blue-background-color\"><strong>Philharmonisches Orchester Freiburg<\/strong><\/p>\n\n\n\n<p>In regelm\u00e4\u00dfigen Abst\u00e4nden von 2-3 Wochen stellt das Theater Freiburg Mitschnitte der vergangenen Jahre bis Ende der Theatersaison 2019\/20 zur Verf\u00fcgung. Begleitet werden diese Konzertmitschnitte durch Videoportraits der Musikerinnen und Musiker des Philharmonischen Orchester, Interviews und kurze Konzerteinf\u00fchrungen.<br>Link: <a rel=\"noreferrer noopener\" aria-label=\"https:\/\/theater.freiburg.de\/de_DE\/hoeren (opens in a new tab)\" href=\"https:\/\/theater.freiburg.de\/de_DE\/hoeren\" target=\"_blank\">www.theater.freiburg.de<\/a><\/p>\n\n\n\n<div style=\"height:20px\" aria-hidden=\"true\" class=\"wp-block-spacer\"><\/div>\n\n\n\n<p class=\"has-background has-text-align-center has-medium-font-size has-luminous-vivid-amber-background-color\"><strong>Freiburger Barockorchester<\/strong><\/p>\n\n\n\n<p>1001 Tag mit dem Freiburger Barockorchester: Die Musiker*innen des Freiburger Barockorchester erz\u00e4hlen in diesem Projekt den kleinen Zuh\u00f6rern diverse Geschichten und untermalen diese musikalisch. Machen Sie die Augen zu und h\u00f6ren Sie einfach nur zu. Es war einmal&#8230;<br>Link:&nbsp;<a rel=\"noreferrer noopener\" target=\"_blank\" href=\"https:\/\/www.youtube.com\/watch?v=Wywh6KjIGCI\">www.youtube.com<\/a><br><\/p>\n\n\n\n<div style=\"height:100px\" aria-hidden=\"true\" class=\"wp-block-spacer\"><\/div>\n\n\n\n<h3 class=\"has-text-align-center\"><strong>Saarbr\u00fccken<\/strong><br><\/h3>\n\n\n\n<div class=\"wp-block-image is-style-circle-mask\"><figure class=\"aligncenter size-large\"><img decoding=\"async\" loading=\"lazy\" width=\"1024\" height=\"660\" src=\"https:\/\/www.szenik.eu\/wp-content\/uploads\/2020\/03\/Capture-d\u2019\u00e9cran-2020-03-24-\u00e0-11.31.04-1024x660.png\" alt=\"Saarlandisches Staatstheater_c_Kaufhold_szenik\" class=\"wp-image-30652\" srcset=\"https:\/\/www.szenik.eu\/wp-content\/uploads\/2020\/03\/Capture-d\u2019\u00e9cran-2020-03-24-\u00e0-11.31.04-1024x660.png 1024w, https:\/\/www.szenik.eu\/wp-content\/uploads\/2020\/03\/Capture-d\u2019\u00e9cran-2020-03-24-\u00e0-11.31.04-300x193.png 300w, https:\/\/www.szenik.eu\/wp-content\/uploads\/2020\/03\/Capture-d\u2019\u00e9cran-2020-03-24-\u00e0-11.31.04-768x495.png 768w, https:\/\/www.szenik.eu\/wp-content\/uploads\/2020\/03\/Capture-d\u2019\u00e9cran-2020-03-24-\u00e0-11.31.04-750x483.png 750w, https:\/\/www.szenik.eu\/wp-content\/uploads\/2020\/03\/Capture-d\u2019\u00e9cran-2020-03-24-\u00e0-11.31.04.png 1089w\" sizes=\"(max-width: 1024px) 100vw, 1024px\" \/><\/figure><\/div>\n\n\n\n<div style=\"height:20px\" aria-hidden=\"true\" class=\"wp-block-spacer\"><\/div>\n\n\n\n<p class=\"has-background has-text-align-center has-medium-font-size has-luminous-vivid-amber-background-color\"><strong>Saarl\u00e4ndisches Staatstheater<\/strong><\/p>\n\n\n\n<p>Stay at home:&nbsp;Unter diesem Motto m\u00f6chte das&nbsp;Saarl\u00e4ndische Staatstheater&nbsp;mit Video-Clips kleine Lichtzeichen im \u00bbCoronavirus-Alltag\u00ab setzen und uns digital zu Hause erfreuen. Ab sofort gibt\u00b4s Tag f\u00fcr Tag einen kleinen Clip quer durch alle Sparten \u2026<br>Link:&nbsp;<a rel=\"noreferrer noopener\" target=\"_blank\" href=\"https:\/\/www.youtube.com\/channel\/UC4BaPr9CVNhxoPwDdIQPTRA\">www.youtube.com<\/a><br><\/p>\n\n\n\n<figure class=\"wp-block-embed-youtube aligncenter wp-block-embed is-type-video is-provider-youtube wp-embed-aspect-16-9 wp-has-aspect-ratio\"><div class=\"wp-block-embed__wrapper\">\n<iframe loading=\"lazy\" title=\"Wolfgang Mertes spielt die Sarabande aus der d-Moll-Partita von Johann Sebastien Bach\" width=\"500\" height=\"281\" src=\"https:\/\/www.youtube.com\/embed\/iF8sA8qrCh0?feature=oembed\" frameborder=\"0\" allow=\"accelerometer; autoplay; encrypted-media; gyroscope; picture-in-picture\" allowfullscreen><\/iframe>\n<\/div><\/figure>\n\n\n\n<div style=\"height:100px\" aria-hidden=\"true\" class=\"wp-block-spacer\"><\/div>\n\n\n\n<h3 class=\"has-text-align-center\"><strong>Basel<\/strong><br><\/h3>\n\n\n\n<div class=\"wp-block-image is-style-circle-mask\"><figure class=\"aligncenter size-large is-resized\"><img decoding=\"async\" loading=\"lazy\" src=\"https:\/\/www.szenik.eu\/wp-content\/uploads\/2020\/04\/Capture-d\u2019\u00e9cran-2020-04-08-\u00e0-11.27.19.png\" alt=\"\" class=\"wp-image-30948\" width=\"560\" height=\"420\" srcset=\"https:\/\/www.szenik.eu\/wp-content\/uploads\/2020\/04\/Capture-d\u2019\u00e9cran-2020-04-08-\u00e0-11.27.19.png 794w, https:\/\/www.szenik.eu\/wp-content\/uploads\/2020\/04\/Capture-d\u2019\u00e9cran-2020-04-08-\u00e0-11.27.19-300x225.png 300w, https:\/\/www.szenik.eu\/wp-content\/uploads\/2020\/04\/Capture-d\u2019\u00e9cran-2020-04-08-\u00e0-11.27.19-768x576.png 768w, https:\/\/www.szenik.eu\/wp-content\/uploads\/2020\/04\/Capture-d\u2019\u00e9cran-2020-04-08-\u00e0-11.27.19-750x563.png 750w\" sizes=\"(max-width: 560px) 100vw, 560px\" \/><\/figure><\/div>\n\n\n\n<div style=\"height:20px\" aria-hidden=\"true\" class=\"wp-block-spacer\"><\/div>\n\n\n\n<p class=\"has-background has-text-align-center has-medium-font-size has-luminous-vivid-amber-background-color\"><strong>Sinfonieorchester Basel<\/strong><\/p>\n\n\n\n<p><strong>Stay at Home &#8211; Konzerte<\/strong>: Das Sinonieorchester Basel f\u00fchrt uns musikalisch durch den Lockdown. Ein wahrer Traum f\u00fcr unsere Ohren. <br>Link:&nbsp;<a rel=\"noreferrer noopener\" target=\"_blank\" href=\"https:\/\/www.facebook.com\/sinfonieorchesterbasel\">https:\/\/www.facebook.com\/sinfonieorchesterbasel<\/a><br><\/p>\n\n\n\n<figure class=\"wp-block-embed-vimeo aligncenter wp-block-embed is-type-video is-provider-vimeo wp-embed-aspect-16-9 wp-has-aspect-ratio\"><div class=\"wp-block-embed__wrapper\">\n<div class=\"jeg_video_container jeg_video_content\"><iframe loading=\"lazy\" title=\"Sinfonieorchester Basel At Home - Sendung vom 05.04.2020\" src=\"https:\/\/player.vimeo.com\/video\/404130893?dnt=1&amp;app_id=122963\" width=\"500\" height=\"281\" frameborder=\"0\" allow=\"autoplay; fullscreen\" allowfullscreen><\/iframe><\/div>\n<\/div><\/figure>\n\n\n\n<div style=\"height:20px\" aria-hidden=\"true\" class=\"wp-block-spacer\"><\/div>\n\n\n\n<p class=\"has-background has-text-align-center has-medium-font-size has-luminous-vivid-amber-background-color\"><strong>Kammerorchester Basel<\/strong><\/p>\n\n\n\n<p>Das Kammerorchester Basel pr\u00e4sentiert auf seinem Youtube-Kanal einen Dokumentarfilm \u00fcber das p\u00e4dagogische Projekt \u201cSuite&nbsp;de danses exp\u00e9rimentales\u201d. Die Premiere musste zwar aufgrund des Coronavirus ausfallen, doch dank der schnellen Reaktion des Orchesters kann es auf diese Weise auf unserem Bildschirm weiterleben. <br>Link:&nbsp;<a rel=\"noreferrer noopener\" target=\"_blank\" href=\"https:\/\/youtu.be\/MH32WmLQJBM\">https:\/\/youtu.be\/MH32WmLQJBM<\/a><br><\/p>\n\n\n\n<figure class=\"wp-block-embed-youtube aligncenter wp-block-embed is-type-video is-provider-youtube wp-embed-aspect-16-9 wp-has-aspect-ratio\"><div class=\"wp-block-embed__wrapper\">\n<iframe loading=\"lazy\" title=\"Kammerorchester Basel \u00abSuite de danses exp\u00e9rimentales\u00bb \u2013 Vollst\u00e4ndige Videodokumentation\" width=\"500\" height=\"281\" src=\"https:\/\/www.youtube.com\/embed\/MH32WmLQJBM?feature=oembed\" frameborder=\"0\" allow=\"accelerometer; autoplay; encrypted-media; gyroscope; picture-in-picture\" allowfullscreen><\/iframe>\n<\/div><\/figure>\n\n\n\n<div style=\"height:100px\" aria-hidden=\"true\" class=\"wp-block-spacer\"><\/div>\n\n\n\n<h3 class=\"has-text-align-center\"><strong>Bern<\/strong><br><\/h3>\n\n\n\n<div class=\"wp-block-image is-style-circle-mask\"><figure class=\"aligncenter size-medium is-resized\"><img decoding=\"async\" loading=\"lazy\" src=\"https:\/\/www.szenik.eu\/wp-content\/uploads\/2020\/04\/Capture-d\u2019\u00e9cran-2020-04-08-\u00e0-11.36.38-300x300.png\" alt=\"\" class=\"wp-image-30950\" width=\"367\" height=\"367\" srcset=\"https:\/\/www.szenik.eu\/wp-content\/uploads\/2020\/04\/Capture-d\u2019\u00e9cran-2020-04-08-\u00e0-11.36.38-300x300.png 300w, https:\/\/www.szenik.eu\/wp-content\/uploads\/2020\/04\/Capture-d\u2019\u00e9cran-2020-04-08-\u00e0-11.36.38-150x150.png 150w, https:\/\/www.szenik.eu\/wp-content\/uploads\/2020\/04\/Capture-d\u2019\u00e9cran-2020-04-08-\u00e0-11.36.38-75x75.png 75w, https:\/\/www.szenik.eu\/wp-content\/uploads\/2020\/04\/Capture-d\u2019\u00e9cran-2020-04-08-\u00e0-11.36.38.png 748w\" sizes=\"(max-width: 367px) 100vw, 367px\" \/><\/figure><\/div>\n\n\n\n<div style=\"height:20px\" aria-hidden=\"true\" class=\"wp-block-spacer\"><\/div>\n\n\n\n<p class=\"has-background has-text-align-center has-medium-font-size has-luminous-vivid-amber-background-color\"><strong>Konzert Theater Bern<\/strong><\/p>\n\n\n\n<p>Das Konzert Theater Bern ist war in der Kunstpause; es macht aber reichlich Theater auf seiner Facebookseite. So bietet uns das Ensemble R\u00e4tsel, Wohnzimmerkonzerte, Ausz\u00fcge aus Theaterst\u00fccken &#8211; eine \u00dcberraschung pro Tag. Wie sch\u00f6n! <br>Link: <a rel=\"noreferrer noopener\" aria-label=\"https:\/\/www.facebook.com\/KonzertTheaterBern\/ (opens in a new tab)\" href=\"https:\/\/www.facebook.com\/KonzertTheaterBern\/\" target=\"_blank\">https:\/\/www.facebook.com\/KonzertTheaterBern\/<\/a><br><\/p>\n\n\n\n<figure class=\"wp-block-embed-facebook aligncenter wp-block-embed is-type-video is-provider-facebook\"><div class=\"wp-block-embed__wrapper\">\n<div class=\"fb-video\" data-allowfullscreen=\"true\" data-href=\"https:\/\/www.facebook.com\/KonzertTheaterBern\/videos\/497243384487889\/\"><\/div>\n<\/div><\/figure>\n\n\n\n<div style=\"height:20px\" aria-hidden=\"true\" class=\"wp-block-spacer\"><\/div>\n\n\n\n<p class=\"has-background has-text-align-center has-medium-font-size has-luminous-vivid-amber-background-color\"><strong>Camerata Bern<\/strong><\/p>\n\n\n\n<p>Das Orchester Camerata Bern, unter der Leitung der Violinistin Patricia Kopatchinskaja, taucht in seine Archive und bietet diverse Konzertaufnahmen. Von Dvo\u0159\u00e1k bis hin zu Francisco Coll Garc\u00eda gibt es eine Menge zu entdecken.<br>Link:&nbsp;<a rel=\"noreferrer noopener\" target=\"_blank\" href=\"https:\/\/www.facebook.com\/Cameratabernch\/\">https:\/\/www.facebook.com\/Cameratabernch\/<\/a><br><\/p>\n\n\n\n<figure class=\"wp-block-embed-youtube aligncenter wp-block-embed is-type-video is-provider-youtube wp-embed-aspect-16-9 wp-has-aspect-ratio\"><div class=\"wp-block-embed__wrapper\">\n<iframe loading=\"lazy\" title=\"SCHUBERT Unfinished Symphony 1\/2. CAMERATA BERN\" width=\"500\" height=\"281\" src=\"https:\/\/www.youtube.com\/embed\/xtQ0qjcphYE?feature=oembed\" frameborder=\"0\" allow=\"accelerometer; autoplay; encrypted-media; gyroscope; picture-in-picture\" allowfullscreen><\/iframe>\n<\/div><\/figure>\n\n\n\n<div style=\"height:100px\" aria-hidden=\"true\" class=\"wp-block-spacer\"><\/div>\n\n\n\n<h3 class=\"has-text-align-center\"><strong>Z\u00fcrich<\/strong><br><\/h3>\n\n\n\n<figure class=\"wp-block-image size-large is-style-circle-mask\"><img decoding=\"async\" loading=\"lazy\" width=\"1024\" height=\"688\" src=\"https:\/\/www.szenik.eu\/wp-content\/uploads\/2020\/03\/Capture-d\u2019\u00e9cran-2020-03-09-\u00e0-11.21.02-1024x688.png\" alt=\"OPER_DIE CSARDASFUERSTIN_OPERNHAUS ZURICH_C_DOMINIC BUETTNER_SZENIK\" class=\"wp-image-30267\" srcset=\"https:\/\/www.szenik.eu\/wp-content\/uploads\/2020\/03\/Capture-d\u2019\u00e9cran-2020-03-09-\u00e0-11.21.02-1024x688.png 1024w, https:\/\/www.szenik.eu\/wp-content\/uploads\/2020\/03\/Capture-d\u2019\u00e9cran-2020-03-09-\u00e0-11.21.02-300x202.png 300w, https:\/\/www.szenik.eu\/wp-content\/uploads\/2020\/03\/Capture-d\u2019\u00e9cran-2020-03-09-\u00e0-11.21.02-768x516.png 768w, https:\/\/www.szenik.eu\/wp-content\/uploads\/2020\/03\/Capture-d\u2019\u00e9cran-2020-03-09-\u00e0-11.21.02-750x504.png 750w, https:\/\/www.szenik.eu\/wp-content\/uploads\/2020\/03\/Capture-d\u2019\u00e9cran-2020-03-09-\u00e0-11.21.02.png 1060w\" sizes=\"(max-width: 1024px) 100vw, 1024px\" \/><\/figure>\n\n\n\n<div style=\"height:20px\" aria-hidden=\"true\" class=\"wp-block-spacer\"><\/div>\n\n\n\n<p class=\"has-background has-text-align-center has-medium-font-size has-luminous-vivid-amber-background-color\"><strong>Tonhalle Z\u00fcrich<\/strong><\/p>\n\n\n\n<p>Ein Konzert pro Woche und Portr\u00e4ts der Musiker*innen des Orchesters: Das Tonhalle-Orchester Z\u00fcrich m\u00f6chte auch w\u00e4hrend des Lockdowns mit seinen Zuschauern in Kontakt bleiben und uns (fabelhaft) unterhalten. Diese Rechnung geht auf. <br>Link:&nbsp;<a rel=\"noreferrer noopener\" target=\"_blank\" href=\"https:\/\/tonhalle-orchester.ch\/en\/news\/idagio-streamen-sie-ihre-lieblingsmusik\/\">https:\/\/tonhalle-orchester.ch\/en\/news\/idagio-streamen-sie-ihre-lieblingsmusik\/<\/a><br>Link:&nbsp;<a rel=\"noreferrer noopener\" target=\"_blank\" href=\"https:\/\/www.facebook.com\/tonhalleorchester\/\">https:\/\/www.facebook.com\/tonhalleorchester\/<\/a><\/p>\n\n\n\n<div style=\"height:20px\" aria-hidden=\"true\" class=\"wp-block-spacer\"><\/div>\n\n\n\n<p class=\"has-background has-text-align-center has-medium-font-size has-luminous-vivid-amber-background-color\"><strong>Opernhaus Z\u00fcrich<\/strong><\/p>\n\n\n\n<p><strong>Opernhaus @home<\/strong>: Erleben Sie gro\u00dfartige Produktionen des Z\u00fcrcher Opernhaus auf Ihrem Bildschirm. Auf dem Programm:&nbsp;<em>Der Nussknacker&nbsp;<\/em>von Christian Spuck,&nbsp;<em>Nabucco<\/em>&nbsp;von Andreas Homoki,&nbsp;<em>I&nbsp;Capuleti e i Montec<\/em> von Christof Loy\u2026&nbsp;Hier k\u00f6nnen Sie sich die Augen aussehen. <br>Link:&nbsp;<a rel=\"noreferrer noopener\" target=\"_blank\" href=\"https:\/\/www.opernhaus.ch\/en\/spielplan\/streaming\/\">https:\/\/www.opernhaus.ch\/en\/spielplan\/streaming\/<\/a><\/p>\n\n\n\n<p><strong>Zwischenspiel &#8211; Ein Podcast aus dem Opernhaus Z\u00fcrich<\/strong>: Das Opernhaus Z\u00fcrich bietet zuk\u00fcnftig einen Podcast an, um \u00fcber die Konsequenzen und Herausforderungen der Corona-Krise zu sprechen. Zudem werden K\u00fcnstler*innen zum Gespr\u00e4ch eingeladen und es gibt nat\u00fcrlich Musik. <br>Link: <a rel=\"noreferrer noopener\" aria-label=\"https:\/\/www.opernhaus.ch\/en\/spielplan\/zwischenspiel-ein-podcast-aus-dem-opernhaus-zuerich\/ (opens in a new tab)\" href=\"https:\/\/www.opernhaus.ch\/en\/spielplan\/zwischenspiel-ein-podcast-aus-dem-opernhaus-zuerich\/\" target=\"_blank\">www.opernhaus.ch<\/a><br><\/p>\n\n\n\n<div style=\"height:100px\" aria-hidden=\"true\" class=\"wp-block-spacer\"><\/div>\n\n\n\n<h3 class=\"has-text-align-center\"><strong>Stra\u00dfburg &amp; Mulhouse<\/strong><br><\/h3>\n\n\n\n<div class=\"wp-block-image is-style-circle-mask\"><figure class=\"aligncenter size-large\"><img decoding=\"async\" loading=\"lazy\" width=\"1024\" height=\"617\" src=\"https:\/\/www.szenik.eu\/wp-content\/uploads\/2020\/04\/Capture-d\u2019\u00e9cran-2020-04-07-\u00e0-15.27.20-1024x617.png\" alt=\"\" class=\"wp-image-30924\" srcset=\"https:\/\/www.szenik.eu\/wp-content\/uploads\/2020\/04\/Capture-d\u2019\u00e9cran-2020-04-07-\u00e0-15.27.20-1024x617.png 1024w, https:\/\/www.szenik.eu\/wp-content\/uploads\/2020\/04\/Capture-d\u2019\u00e9cran-2020-04-07-\u00e0-15.27.20-300x181.png 300w, https:\/\/www.szenik.eu\/wp-content\/uploads\/2020\/04\/Capture-d\u2019\u00e9cran-2020-04-07-\u00e0-15.27.20-768x463.png 768w, https:\/\/www.szenik.eu\/wp-content\/uploads\/2020\/04\/Capture-d\u2019\u00e9cran-2020-04-07-\u00e0-15.27.20-750x452.png 750w, https:\/\/www.szenik.eu\/wp-content\/uploads\/2020\/04\/Capture-d\u2019\u00e9cran-2020-04-07-\u00e0-15.27.20.png 1090w\" sizes=\"(max-width: 1024px) 100vw, 1024px\" \/><\/figure><\/div>\n\n\n\n<div style=\"height:20px\" aria-hidden=\"true\" class=\"wp-block-spacer\"><\/div>\n\n\n\n<p class=\"has-text-color has-background has-text-align-center has-medium-font-size has-very-dark-gray-color has-luminous-vivid-amber-background-color\"><strong>Op\u00e9ra national du Rhin<\/strong><\/p>\n\n\n\n<p>Die Op\u00e9ra national du Rhin bietet eine musikalische Minute pro Tag sowie Gesang und Tanz auf Ihrer Facebookseite. Eine gute M\u00f6glichkeit, sich mit den diversen Metiers der Opernwelt vertraut zu machen, einen Yogakurs mit Bruno Bouch\u00e9, dem k\u00fcnstlerischen Leiter des Balletts, zu f\u00fchren, den Fr\u00fchjahrsputz zu Boney M durchzuf\u00fchren oder den Mitschnitt der Kinder-und Jugendtheaterproduktion &#8222;Marl\u00e8ne Baleine&#8220; zu erleben. <br>Link:&nbsp;<a rel=\"noreferrer noopener\" target=\"_blank\" href=\"https:\/\/www.facebook.com\/operanationaldurhin\/\">https:\/\/www.facebook.com\/operanationaldurhin\/<\/a><br><\/p>\n\n\n\n<figure class=\"wp-block-embed-facebook aligncenter wp-block-embed is-type-video is-provider-facebook\"><div class=\"wp-block-embed__wrapper\">\n<div class=\"fb-video\" data-allowfullscreen=\"true\" data-href=\"https:\/\/www.facebook.com\/operanationaldurhin\/videos\/567958187261136\/\"><\/div>\n<\/div><\/figure>\n\n\n\n<div style=\"height:31px\" aria-hidden=\"true\" class=\"wp-block-spacer\"><\/div>\n\n\n\n<p class=\"has-background has-text-align-center has-medium-font-size has-luminous-vivid-amber-background-color\"><strong>Orchestre philharmonique de Strasbourg<\/strong><\/p>\n\n\n\n<p><strong>#OPSchezvous<\/strong>: Das  Orchestre philharmonique de Strasbourg bietet Ausschnitt aus wunderbaren Konzerten der Saison, Konzerte aus dem Wohnzimmer, Konferenzen mit der Musikwissenschaftlerin Sophie Gaillot Miczka sowie Gewinnspiele f\u00fcr die kommende Spielzeit (unter anderem Familien-Abos und Karten f\u00fcr die kommenden Kinderkonzerte).<br>Link:&nbsp;<a rel=\"noreferrer noopener\" target=\"_blank\" href=\"https:\/\/philharmonique.strasbourg.eu\/-\/l-ops-s-invite-chez-vous-\">www.philharmonique.strasbourg.eu<\/a><br><\/p>\n\n\n\n<figure class=\"wp-block-embed-youtube aligncenter wp-block-embed is-type-video is-provider-youtube wp-embed-aspect-16-9 wp-has-aspect-ratio\"><div class=\"wp-block-embed__wrapper\">\n<iframe loading=\"lazy\" title=\"Rom\u00e9o et Juliette - Berlioz [19\/20]\" width=\"500\" height=\"281\" src=\"https:\/\/www.youtube.com\/embed\/cdvZY1pLLO8?feature=oembed\" frameborder=\"0\" allow=\"accelerometer; autoplay; encrypted-media; gyroscope; picture-in-picture\" allowfullscreen><\/iframe>\n<\/div><\/figure>\n\n\n\n<div style=\"height:29px\" aria-hidden=\"true\" class=\"wp-block-spacer\"><\/div>\n\n\n\n<p class=\"has-background has-text-align-center has-medium-font-size has-luminous-vivid-amber-background-color\"><strong>Les Percussions de Strasbourg<\/strong><\/p>\n\n\n\n<p><strong>CoVideo20<\/strong>: Die Musiker des Ensembles es Percussions de Strasbourg verwandeln ihre Wohnungen in Konzerts\u00e4le und trommeln auf jedem zur Verf\u00fcgung stehenden Utensil. Zu h\u00f6ren gibt es John Cage (und das mit feuriger W\u00fcrze). Eine originelle Idee, um Rhythmus in den Alltag zu bringen!<br>Link:&nbsp;<a rel=\"noreferrer noopener\" target=\"_blank\" href=\"https:\/\/www.youtube.com\/watch?v=GXBtoW884t4\">www.youtube.com<\/a><br><\/p>\n\n\n\n<figure class=\"wp-block-embed-youtube aligncenter wp-block-embed is-type-video is-provider-youtube wp-embed-aspect-16-9 wp-has-aspect-ratio\"><div class=\"wp-block-embed__wrapper\">\n<iframe loading=\"lazy\" title=\"Percussions de Strasbourg - CoVideo20 - John CAGE - Living Room Music - 4 - End\" width=\"500\" height=\"281\" src=\"https:\/\/www.youtube.com\/embed\/6B0crpar0oU?feature=oembed\" frameborder=\"0\" allow=\"accelerometer; autoplay; encrypted-media; gyroscope; picture-in-picture\" allowfullscreen><\/iframe>\n<\/div><\/figure>\n\n\n\n<div style=\"height:32px\" aria-hidden=\"true\" class=\"wp-block-spacer\"><\/div>\n\n\n\n<p class=\"has-background has-text-align-center has-medium-font-size has-luminous-vivid-amber-background-color\"><strong>Orchestre symphonique de Mulhouse<\/strong><\/p>\n\n\n\n<p><strong>L\u2019OSM, comme \u00e0 la maison<\/strong>: In Zeiten des Lockdowns laden uns die Musiker*innen des Orchestre symphonique de Mulhouse  zu sich nach Hause ein. Eine Gelegenheit, einmal hinter die K\u00fcnstlerh\u00fcllen zu blicken und mehr \u00fcber die Wahl ihrer Instrumente zu erfahren. <br>Link: <a rel=\"noreferrer noopener\" target=\"_blank\" href=\"https:\/\/www.youtube.com\/channel\/UCIfFwZBol1UsO15NiyY1Qng\">www.youtube.com<\/a><br><\/p>\n\n\n\n<figure class=\"wp-block-embed-youtube aligncenter wp-block-embed is-type-video is-provider-youtube wp-embed-aspect-16-9 wp-has-aspect-ratio\"><div class=\"wp-block-embed__wrapper\">\n<iframe loading=\"lazy\" title=\"L&#039;OSM, COMME \u00c0 LA MAISON #1 &quot;l&#039;alto&quot; - Orchestre Symphonique de Mulhouse OSM\" width=\"500\" height=\"281\" src=\"https:\/\/www.youtube.com\/embed\/f9Iztpj83KQ?feature=oembed\" frameborder=\"0\" allow=\"accelerometer; autoplay; encrypted-media; gyroscope; picture-in-picture\" allowfullscreen><\/iframe>\n<\/div><\/figure>\n\n\n\n<div style=\"height:100px\" aria-hidden=\"true\" class=\"wp-block-spacer\"><\/div>\n\n\n\n<h3 class=\"has-text-align-center\"><strong>Nancy<\/strong><br><\/h3>\n\n\n\n<div class=\"wp-block-image is-style-circle-mask\"><figure class=\"aligncenter size-large\"><img decoding=\"async\" loading=\"lazy\" width=\"993\" height=\"663\" src=\"https:\/\/www.szenik.eu\/wp-content\/uploads\/2020\/04\/Capture-d\u2019\u00e9cran-2020-04-07-\u00e0-15.33.16.png\" alt=\"\" class=\"wp-image-30926\" srcset=\"https:\/\/www.szenik.eu\/wp-content\/uploads\/2020\/04\/Capture-d\u2019\u00e9cran-2020-04-07-\u00e0-15.33.16.png 993w, https:\/\/www.szenik.eu\/wp-content\/uploads\/2020\/04\/Capture-d\u2019\u00e9cran-2020-04-07-\u00e0-15.33.16-300x200.png 300w, https:\/\/www.szenik.eu\/wp-content\/uploads\/2020\/04\/Capture-d\u2019\u00e9cran-2020-04-07-\u00e0-15.33.16-768x513.png 768w, https:\/\/www.szenik.eu\/wp-content\/uploads\/2020\/04\/Capture-d\u2019\u00e9cran-2020-04-07-\u00e0-15.33.16-750x501.png 750w\" sizes=\"(max-width: 993px) 100vw, 993px\" \/><\/figure><\/div>\n\n\n\n<div style=\"height:23px\" aria-hidden=\"true\" class=\"wp-block-spacer\"><\/div>\n\n\n\n<p class=\"has-background has-text-align-center has-medium-font-size has-luminous-vivid-amber-background-color\"><strong>Op\u00e9ra national de Lorraine<\/strong><\/p>\n\n\n\n<p><strong>L\u2019Op\u00e9ra chez vous<\/strong>: Von Mozart bis Rossini &#8211; die Op\u00e9ra national de Lorraine informiert uns \u00fcber im Internet zu findende Opernmitschnitte. <br><em>Neu<\/em> Die Musiker*innen es Opernorchesters rufen Sie an und tragen Ihnen eine Melodie einer bekannten Oper vor. Wenn Verdi zum Mittagessen anruft&#8230;<br>Link:&nbsp;<a rel=\"noreferrer noopener\" target=\"_blank\" href=\"https:\/\/www.facebook.com\/OperaNationalLorraine\">https:\/\/www.facebook.com\/OperaNationalLorraine<\/a><\/p>\n\n\n\n<div style=\"height:100px\" aria-hidden=\"true\" class=\"wp-block-spacer\"><\/div>\n\n\n\n<h3 class=\"has-text-align-center\"><strong>Reims<\/strong><br><\/h3>\n\n\n\n<div class=\"wp-block-image is-style-circle-mask\"><figure class=\"aligncenter size-large\"><img decoding=\"async\" loading=\"lazy\" width=\"840\" height=\"560\" src=\"https:\/\/www.szenik.eu\/wp-content\/uploads\/2020\/04\/Capture-d\u2019\u00e9cran-2020-04-08-\u00e0-10.03.25.png\" alt=\"\" class=\"wp-image-30937\" srcset=\"https:\/\/www.szenik.eu\/wp-content\/uploads\/2020\/04\/Capture-d\u2019\u00e9cran-2020-04-08-\u00e0-10.03.25.png 840w, https:\/\/www.szenik.eu\/wp-content\/uploads\/2020\/04\/Capture-d\u2019\u00e9cran-2020-04-08-\u00e0-10.03.25-300x200.png 300w, https:\/\/www.szenik.eu\/wp-content\/uploads\/2020\/04\/Capture-d\u2019\u00e9cran-2020-04-08-\u00e0-10.03.25-768x512.png 768w, https:\/\/www.szenik.eu\/wp-content\/uploads\/2020\/04\/Capture-d\u2019\u00e9cran-2020-04-08-\u00e0-10.03.25-750x500.png 750w\" sizes=\"(max-width: 840px) 100vw, 840px\" \/><\/figure><\/div>\n\n\n\n<div style=\"height:20px\" aria-hidden=\"true\" class=\"wp-block-spacer\"><\/div>\n\n\n\n<p class=\"has-background has-text-align-center has-medium-font-size has-luminous-vivid-amber-background-color\"><strong>Op\u00e9ra de Reims<\/strong><\/p>\n\n\n\n<p>Die Musiker*innen der Op\u00e9ra de Reims ver\u00f6ffentlichen auf der Facebookseite der Oper Fotos von sich und den Kollegen in den verschiedensten Kost\u00fcmen. In den Kulissen der Reimser Oper muss eine herrliche Stimmung herrschen!<br>Link:&nbsp;<a rel=\"noreferrer noopener\" target=\"_blank\" href=\"https:\/\/www.facebook.com\/opera.dereims\/\">https:\/\/www.facebook.com\/opera.dereims\/<\/a><br><\/p>\n\n\n\n<figure class=\"wp-block-embed-facebook aligncenter wp-block-embed is-type-rich is-provider-facebook\"><div class=\"wp-block-embed__wrapper\">\n<div class=\"fb-post\" data-href=\"https:\/\/www.facebook.com\/opera.dereims\/posts\/2923771047683069\" data-width=\"552\"><\/div>\n<\/div><\/figure>\n\n\n\n<div style=\"height:100px\" aria-hidden=\"true\" class=\"wp-block-spacer\"><\/div>\n\n\n\n<h3 class=\"has-text-align-center\"><strong>Br\u00fcssel<\/strong><br><\/h3>\n\n\n\n<div class=\"wp-block-image is-style-circle-mask\"><figure class=\"aligncenter size-large is-resized\"><img decoding=\"async\" loading=\"lazy\" src=\"https:\/\/www.szenik.eu\/wp-content\/uploads\/2020\/04\/Capture-d\u2019\u00e9cran-2020-04-08-\u00e0-10.10.34.png\" alt=\"\" class=\"wp-image-30939\" width=\"536\" height=\"411\" srcset=\"https:\/\/www.szenik.eu\/wp-content\/uploads\/2020\/04\/Capture-d\u2019\u00e9cran-2020-04-08-\u00e0-10.10.34.png 914w, https:\/\/www.szenik.eu\/wp-content\/uploads\/2020\/04\/Capture-d\u2019\u00e9cran-2020-04-08-\u00e0-10.10.34-300x229.png 300w, https:\/\/www.szenik.eu\/wp-content\/uploads\/2020\/04\/Capture-d\u2019\u00e9cran-2020-04-08-\u00e0-10.10.34-768x587.png 768w, https:\/\/www.szenik.eu\/wp-content\/uploads\/2020\/04\/Capture-d\u2019\u00e9cran-2020-04-08-\u00e0-10.10.34-750x574.png 750w\" sizes=\"(max-width: 536px) 100vw, 536px\" \/><\/figure><\/div>\n\n\n\n<div style=\"height:20px\" aria-hidden=\"true\" class=\"wp-block-spacer\"><\/div>\n\n\n\n<p class=\"has-background has-text-align-center has-medium-font-size has-luminous-vivid-amber-background-color\"><strong>La Monnaie \/ De Munt<\/strong><\/p>\n\n\n\n<p>Erleben Sie die Spielzeit der Br\u00fcsseler Oper auf Ihrem Bildschirm! Ob <em>Aida<\/em> von Giuseppe Verdi \/ Stathis Livathinos , <em>Frankenstein<\/em> von Mark Grey \/ \u00c0lex Oll\u00e9 oder <em>Macbeth Underworld<\/em> von Pascal Dusapin \/ Thomas Jolly &#8211; die belgische B\u00fchne wird Ihr Sofa vor Emotionen aufleben lassen.<br>Link:&nbsp;<a rel=\"noreferrer noopener\" target=\"_blank\" href=\"https:\/\/www.lamonnaie.be\/fr\/sections\/388-mm-channel\">www.lamonnaie.be<\/a><br><\/p>\n\n\n\n<figure class=\"wp-block-embed-youtube aligncenter wp-block-embed is-type-video is-provider-youtube wp-embed-aspect-16-9 wp-has-aspect-ratio\"><div class=\"wp-block-embed__wrapper\">\n<iframe loading=\"lazy\" title=\"Macbeth Underworld | Pascal Dusapin\" width=\"500\" height=\"281\" src=\"https:\/\/www.youtube.com\/embed\/XwCo7VARZlQ?feature=oembed\" frameborder=\"0\" allow=\"accelerometer; autoplay; encrypted-media; gyroscope; picture-in-picture\" allowfullscreen><\/iframe>\n<\/div><\/figure>\n\n\n\n<div style=\"height:20px\" aria-hidden=\"true\" class=\"wp-block-spacer\"><\/div>\n\n\n\n<p class=\"has-background has-text-align-center has-medium-font-size has-luminous-vivid-amber-background-color\"><strong>Brussels Philharmonic<\/strong><\/p>\n\n\n\n<p>Das Orchester der Brussels Philharmonic bietet eine Playliste f\u00fcr die kommenden Wochen (Spotify). Lassen Sie sich die Ohren mit <em>Daphnis&nbsp;et Chlo\u00e9<\/em> von Maurice Ravel oder den verschiedensten Passionen am Osterwochenende verw\u00f6hnen. Hier kann jeder Musikfreund (s)eine Perle finden.<br>Link:&nbsp;<a rel=\"noreferrer noopener\" target=\"_blank\" href=\"https:\/\/open.spotify.com\/user\/xent4t1qimdya8cv60bdkab00?si=ei33KlA0SxyFqqqBAAy4Xg&amp;fbclid=IwAR3BpS_5sH8uIH9WTWy_NZo2a_KJpK5l8hVCwaX0NbU_ZXGoZlc4tQMEAR0\">www.open.spotify.com<\/a><br><\/p>\n\n\n\n<div style=\"height:20px\" aria-hidden=\"true\" class=\"wp-block-spacer\"><\/div>\n\n\n\n<p class=\"has-background has-text-align-center has-medium-font-size has-luminous-vivid-amber-background-color\"><strong>Belgian National Orchestra<\/strong><\/p>\n\n\n\n<p>Etwas Hoffnung&#8230; Das dachten sich auch die Musiker*innen des Belgian National Orchestra und bringen uns mit dieser Sinfonie der Hoffnung zum Schw\u00e4rmen. <br><\/p>\n\n\n\n<figure class=\"wp-block-embed-vimeo wp-block-embed is-type-video is-provider-vimeo wp-embed-aspect-16-9 wp-has-aspect-ratio\"><div class=\"wp-block-embed__wrapper\">\n<div class=\"jeg_video_container jeg_video_content\"><iframe loading=\"lazy\" title=\"BNO_Beethoven_v3\" src=\"https:\/\/player.vimeo.com\/video\/404367774?dnt=1&amp;app_id=122963\" width=\"500\" height=\"281\" frameborder=\"0\" allow=\"autoplay; fullscreen\" allowfullscreen><\/iframe><\/div>\n<\/div><\/figure>\n\n\n\n<div style=\"height:100px\" aria-hidden=\"true\" class=\"wp-block-spacer\"><\/div>\n\n\n\n<h3 class=\"has-text-align-center\"><strong>Li\u00e8ge<\/strong><br><\/h3>\n\n\n\n<div class=\"wp-block-image is-style-circle-mask\"><figure class=\"aligncenter size-large\"><img decoding=\"async\" loading=\"lazy\" width=\"600\" height=\"400\" src=\"https:\/\/www.szenik.eu\/wp-content\/uploads\/2020\/04\/Photo-Salle-1-\u00a9-Op\u00e9ra-Royal-de-Wallonie-Li\u00e8ge_WEB-600x400-1.jpg\" alt=\"\" class=\"wp-image-30941\" srcset=\"https:\/\/www.szenik.eu\/wp-content\/uploads\/2020\/04\/Photo-Salle-1-\u00a9-Op\u00e9ra-Royal-de-Wallonie-Li\u00e8ge_WEB-600x400-1.jpg 600w, https:\/\/www.szenik.eu\/wp-content\/uploads\/2020\/04\/Photo-Salle-1-\u00a9-Op\u00e9ra-Royal-de-Wallonie-Li\u00e8ge_WEB-600x400-1-300x200.jpg 300w\" sizes=\"(max-width: 600px) 100vw, 600px\" \/><\/figure><\/div>\n\n\n\n<div style=\"height:20px\" aria-hidden=\"true\" class=\"wp-block-spacer\"><\/div>\n\n\n\n<p class=\"has-background has-text-align-center has-medium-font-size has-luminous-vivid-amber-background-color\"><strong>Op\u00e9ra Royal de Wallonie-Li\u00e8ge<\/strong><\/p>\n\n\n\n<p><strong>DiscOp\u00e9ra, le podcast<\/strong>: Michel B\u00e9ro pr\u00e4sentiert ein einzigartiges Feuilleton, indem er \u00fcber verschiedene Werke und ihre Entstehungsgeschichte spricht.  Lehrreich und sehr sch\u00f6n anzuh\u00f6ren.<br>Link:&nbsp;<a rel=\"noreferrer noopener\" target=\"_blank\" href=\"https:\/\/www.operaliege.be\/actualites\/discopera-le-podcast-alzira-de-verdi\/\">www.operaliege.be<\/a><br><\/p>\n\n\n\n<p><strong>L\u2019Op\u00e9ra chez soi<\/strong>: Jeden Samstagabend stellt die Op\u00e9ra Royal de Wallonie-Li\u00e8ge Opernmitschnitte f\u00fcr ihr Publikum zur Verf\u00fcgung.<br>Link:&nbsp;<a rel=\"noreferrer noopener\" target=\"_blank\" href=\"https:\/\/www.operaliege.be\/spectacle\/loperachezsoi\/\">www.operaliege.be<\/a><\/p>\n\n\n\n<div style=\"height:20px\" aria-hidden=\"true\" class=\"wp-block-spacer\"><\/div>\n\n\n\n<p class=\"has-background has-text-align-center has-medium-font-size has-luminous-vivid-amber-background-color\"><strong>Orchestre Philharmonique Royal de Li\u00e8ge&nbsp;<\/strong><\/p>\n\n\n\n<p><strong>OPRL Live<\/strong>! Um die Musikverliebten nicht durstend zur\u00fcck zu lassen ver\u00f6ffentlicht das Orchester jede Woche eine integrale Konzertaufnahme. Diese sind auf dem Youtube-Kanal des Orchesters einzusehen. Herrlich! <br>Link:&nbsp;<a rel=\"noreferrer noopener\" target=\"_blank\" href=\"https:\/\/www.youtube.com\/oprllive?fbclid=IwAR0As2ejl52zW1hYmaLptfYzPWRGDzkuXWIEoLtFA5ohW79NsZLyGxrPpVA\">www.youtube.com<\/a><\/p>\n\n\n\n<figure class=\"wp-block-embed-youtube aligncenter wp-block-embed is-type-video is-provider-youtube wp-embed-aspect-16-9 wp-has-aspect-ratio\"><div class=\"wp-block-embed__wrapper\">\n<iframe loading=\"lazy\" title=\"Chostakovitch, la Premi\u00e8re (concert int\u00e9gral film\u00e9 \u00e0 Li\u00e8ge par Mezzo TV, le 04.02.2018)\" width=\"500\" height=\"281\" src=\"https:\/\/www.youtube.com\/embed\/0q5VdZf1SPI?feature=oembed\" frameborder=\"0\" allow=\"accelerometer; autoplay; encrypted-media; gyroscope; picture-in-picture\" allowfullscreen><\/iframe>\n<\/div><\/figure>\n\n\n\n<div style=\"height:100px\" aria-hidden=\"true\" class=\"wp-block-spacer\"><\/div>\n\n\n\n<h3 class=\"has-text-align-center\"><strong>Luxemburg<\/strong><br><\/h3>\n\n\n\n<div class=\"wp-block-image is-style-circle-mask\"><figure class=\"aligncenter size-large is-resized\"><img decoding=\"async\" loading=\"lazy\" src=\"https:\/\/www.szenik.eu\/wp-content\/uploads\/2020\/04\/Capture-d\u2019\u00e9cran-2020-04-08-\u00e0-11.50.22-1024x501.png\" alt=\"\" class=\"wp-image-30952\" width=\"576\" height=\"251\"\/><\/figure><\/div>\n\n\n\n<div style=\"height:20px\" aria-hidden=\"true\" class=\"wp-block-spacer\"><\/div>\n\n\n\n<p class=\"has-background has-text-align-center has-medium-font-size has-luminous-vivid-amber-background-color\"><strong>Philharmonie Luxembourg&nbsp;<\/strong><\/p>\n\n\n\n<p>Die Philharmonie Luxembourg hat ebenfalls so manche Konzertaufnahme in petto und stellt diese auf ihrer Facebook-Seite vor. Die Musiker*innen des Orchesters kommen hier ebenfalls virtuell zusammen und bieten sch\u00f6ne musikalische Momente.<br>Link:&nbsp;<a rel=\"noreferrer noopener\" target=\"_blank\" href=\"https:\/\/www.facebook.com\/philharmonie\">https:\/\/www.facebook.com\/philharmonie<\/a><br><\/p>\n\n\n\n<figure class=\"wp-block-embed-facebook aligncenter wp-block-embed is-type-video is-provider-facebook\"><div class=\"wp-block-embed__wrapper\">\n<div class=\"fb-video\" data-allowfullscreen=\"true\" data-href=\"https:\/\/www.facebook.com\/philharmonie\/videos\/159195785323781\/\"><\/div>\n<\/div><\/figure>\n\n\n\n<div style=\"height:100px\" aria-hidden=\"true\" class=\"wp-block-spacer\"><\/div>\n\n\n\n<h3 class=\"has-vivid-red-color has-text-color has-text-align-center\"><strong>Vielen Dank f\u00fcr diese tollen Initiativen!<\/strong><\/h3>\n\n\n\n<div style=\"height:100px\" aria-hidden=\"true\" class=\"wp-block-spacer\"><\/div>\n\n\n\n<p><em>Fotos: Pressebereiche der Opernh\u00e4user <\/em><\/p>\n\n\n\n<div style=\"height:100px\" aria-hidden=\"true\" class=\"wp-block-spacer\"><\/div>\n","protected":false},"excerpt":{"rendered":"<p>Von Stra\u00dfburg bis nach Z\u00fcrich &#8211; die Opernh\u00e4user und Orchester der grenz\u00fcberschreitenden Region Grand Est unterhalten uns mit Opern- und Konzertaufnahmen sowie partizipativen Projekten. Oh, welch sch\u00f6ne Opernproduktionen bereits in den Startl\u00f6chern standen&#8230;, doch der Lockdown hat ihnen leider ein Ende gesetzt. Nichtsdestotrotz m\u00f6chten die Opernh\u00e4user und Orchester der grenz\u00fcberschreitenden Region Grand Est ihrem Publikum [&hellip;]<\/p>\n","protected":false},"author":1,"featured_media":30956,"comment_status":"open","ping_status":"open","sticky":false,"template":"","format":"standard","meta":{"_monsterinsights_skip_tracking":false,"_monsterinsights_sitenote_active":false,"_monsterinsights_sitenote_note":"","_monsterinsights_sitenote_category":0},"categories":[6439,53],"tags":[6425,6461,6426,6442,6430,6429,6444,6437,4436,2215,6433,6445,6435,6446,2259,3440,6436,6447,4434,3241,3244,3805,5602,6361,2694,6077,6454,2855,2270,4582,6428,2495,6458,6434,6308,6459,6432,2193],"yoast_head":"<!-- This site is optimized with the Yoast SEO plugin v20.5 - https:\/\/yoast.com\/wordpress\/plugins\/seo\/ -->\n<title>Pandemie: Die Opernh\u00e4user der Region Grand Est zuhause I szenik<\/title>\n<meta name=\"description\" content=\"Von Stuttgart bis Br\u00fcssel: Szenik pr\u00e4sentiert Ihnen die verschiedenen Initiativen der Opernh\u00e4user der Region Grand Est in Zeiten der Pandemie.\" \/>\n<meta name=\"robots\" content=\"index, follow, max-snippet:-1, max-image-preview:large, max-video-preview:-1\" \/>\n<link rel=\"canonical\" href=\"https:\/\/www.szenik.eu\/de\/test-propositions-artistiques-30977\" \/>\n<meta property=\"og:locale\" content=\"de_DE\" \/>\n<meta property=\"og:type\" content=\"article\" \/>\n<meta property=\"og:title\" content=\"Pandemie: Die Opernh\u00e4user der Region Grand Est zuhause I szenik\" \/>\n<meta property=\"og:description\" content=\"Von Stuttgart bis Br\u00fcssel: Szenik pr\u00e4sentiert Ihnen die verschiedenen Initiativen der Opernh\u00e4user der Region Grand Est in Zeiten der Pandemie.\" \/>\n<meta property=\"og:url\" content=\"https:\/\/www.szenik.eu\/de\/test-propositions-artistiques-30977\" \/>\n<meta property=\"og:site_name\" content=\"szenik\" \/>\n<meta property=\"article:publisher\" content=\"https:\/\/www.facebook.com\/szenik.eu\/\" \/>\n<meta property=\"article:published_time\" content=\"2020-04-07T14:01:03+00:00\" \/>\n<meta property=\"article:modified_time\" content=\"2020-04-23T09:32:45+00:00\" \/>\n<meta property=\"og:image\" content=\"https:\/\/www.szenik.eu\/wp-content\/uploads\/2020\/04\/Capture-d\u2019\u00e9cran-2020-04-07-\u00e0-15.27.13-1.png\" \/>\n\t<meta property=\"og:image:width\" content=\"1086\" \/>\n\t<meta property=\"og:image:height\" content=\"648\" \/>\n\t<meta property=\"og:image:type\" content=\"image\/png\" \/>\n<meta name=\"author\" content=\"szenik\" \/>\n<meta name=\"twitter:card\" content=\"summary_large_image\" \/>\n<meta name=\"twitter:creator\" content=\"@Szenik\" \/>\n<meta name=\"twitter:site\" content=\"@Szenik\" \/>\n<meta name=\"twitter:label1\" content=\"Verfasst von\" \/>\n\t<meta name=\"twitter:data1\" content=\"szenik\" \/>\n\t<meta name=\"twitter:label2\" content=\"Gesch\u00e4tzte Lesezeit\" \/>\n\t<meta name=\"twitter:data2\" content=\"8\u00a0Minuten\" \/>\n<script type=\"application\/ld+json\" class=\"yoast-schema-graph\">{\"@context\":\"https:\/\/schema.org\",\"@graph\":[{\"@type\":\"Article\",\"@id\":\"https:\/\/www.szenik.eu\/de\/test-propositions-artistiques-30977#article\",\"isPartOf\":{\"@id\":\"https:\/\/www.szenik.eu\/de\/test-propositions-artistiques-30977\"},\"author\":{\"name\":\"szenik\",\"@id\":\"https:\/\/www.szenik.eu\/de\/#\/schema\/person\/15f73f175b41bad194837490339d48fb\"},\"headline\":\"Opernzeit im Wohnzimmer: Die Opern der grenz\u00fcberschreitenden Region Grand Est musizieren gegen den Coronavirus.\",\"datePublished\":\"2020-04-07T14:01:03+00:00\",\"dateModified\":\"2020-04-23T09:32:45+00:00\",\"mainEntityOfPage\":{\"@id\":\"https:\/\/www.szenik.eu\/de\/test-propositions-artistiques-30977\"},\"wordCount\":1621,\"commentCount\":0,\"publisher\":{\"@id\":\"https:\/\/www.szenik.eu\/de\/#organization\"},\"keywords\":[\"#culturecheznous\",\"#kulturonline\",\"#stayathome\",\"Belgian National Orchestra\",\"Belgian National Orchestra\",\"Brussels Philharmonic\",\"Camerata Bern\",\"Camerata Bern\",\"classique\",\"concert\",\"Freiburger Barockorchester\",\"Freiburger Barockorchester\",\"Kammerorchester Basel\",\"Kammerorchester Basel\",\"Klassik\",\"Konzert\",\"Konzert Theater Bern\",\"Konzert Theater Bern\",\"La Monnaie \/ de Munt\",\"Les Percussions de Strasbourg\",\"Oper\",\"op\u00e9ra\",\"Op\u00e9ra de Reims\",\"Op\u00e9ra national de Lorraine\",\"Op\u00e9ra national du Rhin\",\"Op\u00e9ra Royal de Wallonie-Li\u00e8ge\",\"Opernhaus Z\u00fcrich\",\"Opernhaus Z\u00fcrich\",\"Orchestre philharmonique de Strasbourg\",\"Orchestre Philharmonique Royal de Li\u00e8ge\",\"Orchestre symphonique de Mulhouse\",\"philharmonie luxembourg\",\"Sinfonieorchester Basel\",\"Sinfonieorchester Basel\",\"Staatsoper Stuttgart\",\"SWR Symphonieorchester\",\"SWR Symphonieorchester\",\"Theater Freiburg\"],\"articleSection\":[\"DAS B\u00dcHNENLEBEN GEHT WEITER\",\"Magazin\"],\"inLanguage\":\"de\",\"potentialAction\":[{\"@type\":\"CommentAction\",\"name\":\"Comment\",\"target\":[\"https:\/\/www.szenik.eu\/de\/test-propositions-artistiques-30977#respond\"]}]},{\"@type\":\"WebPage\",\"@id\":\"https:\/\/www.szenik.eu\/de\/test-propositions-artistiques-30977\",\"url\":\"https:\/\/www.szenik.eu\/de\/test-propositions-artistiques-30977\",\"name\":\"Pandemie: Die Opernh\u00e4user der Region Grand Est zuhause I szenik\",\"isPartOf\":{\"@id\":\"https:\/\/www.szenik.eu\/de\/#website\"},\"datePublished\":\"2020-04-07T14:01:03+00:00\",\"dateModified\":\"2020-04-23T09:32:45+00:00\",\"description\":\"Von Stuttgart bis Br\u00fcssel: Szenik pr\u00e4sentiert Ihnen die verschiedenen Initiativen der Opernh\u00e4user der Region Grand Est in Zeiten der Pandemie.\",\"breadcrumb\":{\"@id\":\"https:\/\/www.szenik.eu\/de\/test-propositions-artistiques-30977#breadcrumb\"},\"inLanguage\":\"de\",\"potentialAction\":[{\"@type\":\"ReadAction\",\"target\":[\"https:\/\/www.szenik.eu\/de\/test-propositions-artistiques-30977\"]}]},{\"@type\":\"BreadcrumbList\",\"@id\":\"https:\/\/www.szenik.eu\/de\/test-propositions-artistiques-30977#breadcrumb\",\"itemListElement\":[{\"@type\":\"ListItem\",\"position\":1,\"name\":\"Home\",\"item\":\"https:\/\/www.szenik.eu\/de\"},{\"@type\":\"ListItem\",\"position\":2,\"name\":\"Opernzeit im Wohnzimmer: Die Opern der grenz\u00fcberschreitenden Region Grand Est musizieren gegen den Coronavirus.\"}]},{\"@type\":\"WebSite\",\"@id\":\"https:\/\/www.szenik.eu\/de\/#website\",\"url\":\"https:\/\/www.szenik.eu\/de\/\",\"name\":\"szenik\",\"description\":\"Le Meilleur des sc\u00e8nes au coeur de l&#039;Europe\",\"publisher\":{\"@id\":\"https:\/\/www.szenik.eu\/de\/#organization\"},\"potentialAction\":[{\"@type\":\"SearchAction\",\"target\":{\"@type\":\"EntryPoint\",\"urlTemplate\":\"https:\/\/www.szenik.eu\/de\/?s={search_term_string}\"},\"query-input\":\"required name=search_term_string\"}],\"inLanguage\":\"de\"},{\"@type\":\"Organization\",\"@id\":\"https:\/\/www.szenik.eu\/de\/#organization\",\"name\":\"Szenik\",\"url\":\"https:\/\/www.szenik.eu\/de\/\",\"logo\":{\"@type\":\"ImageObject\",\"inLanguage\":\"de\",\"@id\":\"https:\/\/www.szenik.eu\/de\/#\/schema\/logo\/image\/\",\"url\":\"https:\/\/www.szenik.eu\/wp-content\/uploads\/2019\/07\/logo-square.png\",\"contentUrl\":\"https:\/\/www.szenik.eu\/wp-content\/uploads\/2019\/07\/logo-square.png\",\"width\":512,\"height\":512,\"caption\":\"Szenik\"},\"image\":{\"@id\":\"https:\/\/www.szenik.eu\/de\/#\/schema\/logo\/image\/\"},\"sameAs\":[\"https:\/\/www.facebook.com\/szenik.eu\/\",\"https:\/\/twitter.com\/Szenik\",\"https:\/\/www.instagram.com\/szenik_magazine\/\",\"https:\/\/www.youtube.com\/user\/SzenikEU\/\"]},{\"@type\":\"Person\",\"@id\":\"https:\/\/www.szenik.eu\/de\/#\/schema\/person\/15f73f175b41bad194837490339d48fb\",\"name\":\"szenik\",\"image\":{\"@type\":\"ImageObject\",\"inLanguage\":\"de\",\"@id\":\"https:\/\/www.szenik.eu\/de\/#\/schema\/person\/image\/\",\"url\":\"https:\/\/secure.gravatar.com\/avatar\/d1c4f19522a624a4eaa5e6c03e22370b?s=96&d=mm&r=g\",\"contentUrl\":\"https:\/\/secure.gravatar.com\/avatar\/d1c4f19522a624a4eaa5e6c03e22370b?s=96&d=mm&r=g\",\"caption\":\"szenik\"}}]}<\/script>\n<!-- \/ Yoast SEO plugin. -->","yoast_head_json":{"title":"Pandemie: Die Opernh\u00e4user der Region Grand Est zuhause I szenik","description":"Von Stuttgart bis Br\u00fcssel: Szenik pr\u00e4sentiert Ihnen die verschiedenen Initiativen der Opernh\u00e4user der Region Grand Est in Zeiten der Pandemie.","robots":{"index":"index","follow":"follow","max-snippet":"max-snippet:-1","max-image-preview":"max-image-preview:large","max-video-preview":"max-video-preview:-1"},"canonical":"https:\/\/www.szenik.eu\/de\/test-propositions-artistiques-30977","og_locale":"de_DE","og_type":"article","og_title":"Pandemie: Die Opernh\u00e4user der Region Grand Est zuhause I szenik","og_description":"Von Stuttgart bis Br\u00fcssel: Szenik pr\u00e4sentiert Ihnen die verschiedenen Initiativen der Opernh\u00e4user der Region Grand Est in Zeiten der Pandemie.","og_url":"https:\/\/www.szenik.eu\/de\/test-propositions-artistiques-30977","og_site_name":"szenik","article_publisher":"https:\/\/www.facebook.com\/szenik.eu\/","article_published_time":"2020-04-07T14:01:03+00:00","article_modified_time":"2020-04-23T09:32:45+00:00","og_image":[{"width":1086,"height":648,"url":"https:\/\/www.szenik.eu\/wp-content\/uploads\/2020\/04\/Capture-d\u2019\u00e9cran-2020-04-07-\u00e0-15.27.13-1.png","type":"image\/png"}],"author":"szenik","twitter_card":"summary_large_image","twitter_creator":"@Szenik","twitter_site":"@Szenik","twitter_misc":{"Verfasst von":"szenik","Gesch\u00e4tzte Lesezeit":"8\u00a0Minuten"},"schema":{"@context":"https:\/\/schema.org","@graph":[{"@type":"Article","@id":"https:\/\/www.szenik.eu\/de\/test-propositions-artistiques-30977#article","isPartOf":{"@id":"https:\/\/www.szenik.eu\/de\/test-propositions-artistiques-30977"},"author":{"name":"szenik","@id":"https:\/\/www.szenik.eu\/de\/#\/schema\/person\/15f73f175b41bad194837490339d48fb"},"headline":"Opernzeit im Wohnzimmer: Die Opern der grenz\u00fcberschreitenden Region Grand Est musizieren gegen den Coronavirus.","datePublished":"2020-04-07T14:01:03+00:00","dateModified":"2020-04-23T09:32:45+00:00","mainEntityOfPage":{"@id":"https:\/\/www.szenik.eu\/de\/test-propositions-artistiques-30977"},"wordCount":1621,"commentCount":0,"publisher":{"@id":"https:\/\/www.szenik.eu\/de\/#organization"},"keywords":["#culturecheznous","#kulturonline","#stayathome","Belgian National Orchestra","Belgian National Orchestra","Brussels Philharmonic","Camerata Bern","Camerata Bern","classique","concert","Freiburger Barockorchester","Freiburger Barockorchester","Kammerorchester Basel","Kammerorchester Basel","Klassik","Konzert","Konzert Theater Bern","Konzert Theater Bern","La Monnaie \/ de Munt","Les Percussions de Strasbourg","Oper","op\u00e9ra","Op\u00e9ra de Reims","Op\u00e9ra national de Lorraine","Op\u00e9ra national du Rhin","Op\u00e9ra Royal de Wallonie-Li\u00e8ge","Opernhaus Z\u00fcrich","Opernhaus Z\u00fcrich","Orchestre philharmonique de Strasbourg","Orchestre Philharmonique Royal de Li\u00e8ge","Orchestre symphonique de Mulhouse","philharmonie luxembourg","Sinfonieorchester Basel","Sinfonieorchester Basel","Staatsoper Stuttgart","SWR Symphonieorchester","SWR Symphonieorchester","Theater Freiburg"],"articleSection":["DAS B\u00dcHNENLEBEN GEHT WEITER","Magazin"],"inLanguage":"de","potentialAction":[{"@type":"CommentAction","name":"Comment","target":["https:\/\/www.szenik.eu\/de\/test-propositions-artistiques-30977#respond"]}]},{"@type":"WebPage","@id":"https:\/\/www.szenik.eu\/de\/test-propositions-artistiques-30977","url":"https:\/\/www.szenik.eu\/de\/test-propositions-artistiques-30977","name":"Pandemie: Die Opernh\u00e4user der Region Grand Est zuhause I szenik","isPartOf":{"@id":"https:\/\/www.szenik.eu\/de\/#website"},"datePublished":"2020-04-07T14:01:03+00:00","dateModified":"2020-04-23T09:32:45+00:00","description":"Von Stuttgart bis Br\u00fcssel: Szenik pr\u00e4sentiert Ihnen die verschiedenen Initiativen der Opernh\u00e4user der Region Grand Est in Zeiten der Pandemie.","breadcrumb":{"@id":"https:\/\/www.szenik.eu\/de\/test-propositions-artistiques-30977#breadcrumb"},"inLanguage":"de","potentialAction":[{"@type":"ReadAction","target":["https:\/\/www.szenik.eu\/de\/test-propositions-artistiques-30977"]}]},{"@type":"BreadcrumbList","@id":"https:\/\/www.szenik.eu\/de\/test-propositions-artistiques-30977#breadcrumb","itemListElement":[{"@type":"ListItem","position":1,"name":"Home","item":"https:\/\/www.szenik.eu\/de"},{"@type":"ListItem","position":2,"name":"Opernzeit im Wohnzimmer: Die Opern der grenz\u00fcberschreitenden Region Grand Est musizieren gegen den Coronavirus."}]},{"@type":"WebSite","@id":"https:\/\/www.szenik.eu\/de\/#website","url":"https:\/\/www.szenik.eu\/de\/","name":"szenik","description":"Le Meilleur des sc\u00e8nes au coeur de l&#039;Europe","publisher":{"@id":"https:\/\/www.szenik.eu\/de\/#organization"},"potentialAction":[{"@type":"SearchAction","target":{"@type":"EntryPoint","urlTemplate":"https:\/\/www.szenik.eu\/de\/?s={search_term_string}"},"query-input":"required name=search_term_string"}],"inLanguage":"de"},{"@type":"Organization","@id":"https:\/\/www.szenik.eu\/de\/#organization","name":"Szenik","url":"https:\/\/www.szenik.eu\/de\/","logo":{"@type":"ImageObject","inLanguage":"de","@id":"https:\/\/www.szenik.eu\/de\/#\/schema\/logo\/image\/","url":"https:\/\/www.szenik.eu\/wp-content\/uploads\/2019\/07\/logo-square.png","contentUrl":"https:\/\/www.szenik.eu\/wp-content\/uploads\/2019\/07\/logo-square.png","width":512,"height":512,"caption":"Szenik"},"image":{"@id":"https:\/\/www.szenik.eu\/de\/#\/schema\/logo\/image\/"},"sameAs":["https:\/\/www.facebook.com\/szenik.eu\/","https:\/\/twitter.com\/Szenik","https:\/\/www.instagram.com\/szenik_magazine\/","https:\/\/www.youtube.com\/user\/SzenikEU\/"]},{"@type":"Person","@id":"https:\/\/www.szenik.eu\/de\/#\/schema\/person\/15f73f175b41bad194837490339d48fb","name":"szenik","image":{"@type":"ImageObject","inLanguage":"de","@id":"https:\/\/www.szenik.eu\/de\/#\/schema\/person\/image\/","url":"https:\/\/secure.gravatar.com\/avatar\/d1c4f19522a624a4eaa5e6c03e22370b?s=96&d=mm&r=g","contentUrl":"https:\/\/secure.gravatar.com\/avatar\/d1c4f19522a624a4eaa5e6c03e22370b?s=96&d=mm&r=g","caption":"szenik"}}]}},"jetpack_featured_media_url":"https:\/\/www.szenik.eu\/wp-content\/uploads\/2020\/04\/Capture-d\u2019\u00e9cran-2020-04-07-\u00e0-15.27.13-1.png","amp_enabled":true,"_links":{"self":[{"href":"https:\/\/www.szenik.eu\/de\/wp-json\/\/wp\/v2\/posts\/30977"}],"collection":[{"href":"https:\/\/www.szenik.eu\/de\/wp-json\/\/wp\/v2\/posts"}],"about":[{"href":"https:\/\/www.szenik.eu\/de\/wp-json\/\/wp\/v2\/types\/post"}],"author":[{"embeddable":true,"href":"https:\/\/www.szenik.eu\/de\/wp-json\/\/wp\/v2\/users\/1"}],"replies":[{"embeddable":true,"href":"https:\/\/www.szenik.eu\/de\/wp-json\/\/wp\/v2\/comments?post=30977"}],"version-history":[{"count":5,"href":"https:\/\/www.szenik.eu\/de\/wp-json\/\/wp\/v2\/posts\/30977\/revisions"}],"predecessor-version":[{"id":31247,"href":"https:\/\/www.szenik.eu\/de\/wp-json\/\/wp\/v2\/posts\/30977\/revisions\/31247"}],"wp:featuredmedia":[{"embeddable":true,"href":"https:\/\/www.szenik.eu\/de\/wp-json\/\/wp\/v2\/media\/30956"}],"wp:attachment":[{"href":"https:\/\/www.szenik.eu\/de\/wp-json\/\/wp\/v2\/media?parent=30977"}],"wp:term":[{"taxonomy":"category","embeddable":true,"href":"https:\/\/www.szenik.eu\/de\/wp-json\/\/wp\/v2\/categories?post=30977"},{"taxonomy":"post_tag","embeddable":true,"href":"https:\/\/www.szenik.eu\/de\/wp-json\/\/wp\/v2\/tags?post=30977"}],"curies":[{"name":"wp","href":"https:\/\/api.w.org\/{rel}","templated":true}]}}