{"id":30879,"date":"2020-03-31T17:46:58","date_gmt":"2020-03-31T15:46:58","guid":{"rendered":"https:\/\/www.szenik.eu\/jazzdor-a-la-maison-ca-bouge-dans-votre-salon-30879"},"modified":"2020-05-07T13:58:52","modified_gmt":"2020-05-07T11:58:52","slug":"jazzdor-a-la-maison-ca-bouge-dans-votre-salon","status":"publish","type":"post","link":"https:\/\/www.szenik.eu\/de\/jazzdor-a-la-maison-ca-bouge-dans-votre-salon-30879","title":{"rendered":"JAZZ(IN)DOOR : Jazzdor bringt Schwung in Ihr Wohnzimmer!"},"content":{"rendered":"\n<h2>Jazzdor bietet Ihnen zahlreiche Konzertmitschnitte auf seiner Website w\u00e4hrend der Corona-Krise. szenik freut sich, Ihnen diese vorzustellen. <\/h2>\n\n\n\n<div style=\"height:100px\" aria-hidden=\"true\" class=\"wp-block-spacer\"><\/div>\n\n\n\n<p class=\"has-text-align-center has-medium-font-size\"><strong>Lee Konitz &amp; Dan Tepfer<\/strong><br><strong>Festival Jazzdor Strasbourg 2010<\/strong><\/p>\n\n\n\n<figure class=\"wp-block-embed-youtube aligncenter wp-block-embed is-type-video is-provider-youtube wp-embed-aspect-16-9 wp-has-aspect-ratio\"><div class=\"wp-block-embed__wrapper\">\n<iframe loading=\"lazy\" title=\"Lee Konitz &amp; Dan Tepfer - &quot;All the Things You Are&quot; - Live @ festival Jazzdor 2010\" width=\"500\" height=\"281\" src=\"https:\/\/www.youtube.com\/embed\/eIhJdwUNJU8?feature=oembed\" frameborder=\"0\" allow=\"accelerometer; autoplay; encrypted-media; gyroscope; picture-in-picture\" allowfullscreen><\/iframe>\n<\/div><\/figure>\n\n\n\n<p>Jazzdor ehrt den Diskretesten der gro\u00dfen Saxofonisten, welcher im Alter von 92 Jahren dem Coronavirus erlag.<br>Als Sideman von Miles Davis hat uns dieser Meister der Variationen unendliche M\u00f6glichkeiten des Jazz geboten. <\/p>\n\n\n\n<div class=\"wp-block-image\"><figure class=\"aligncenter size-large\"><img decoding=\"async\" loading=\"lazy\" width=\"1024\" height=\"1024\" src=\"https:\/\/www.szenik.eu\/wp-content\/uploads\/2020\/05\/ob_76157c_coverl-konitz-d-tepfer-decade.jpg\" alt=\"\" class=\"wp-image-31435\" srcset=\"https:\/\/www.szenik.eu\/wp-content\/uploads\/2020\/05\/ob_76157c_coverl-konitz-d-tepfer-decade.jpg 1024w, https:\/\/www.szenik.eu\/wp-content\/uploads\/2020\/05\/ob_76157c_coverl-konitz-d-tepfer-decade-300x300.jpg 300w, https:\/\/www.szenik.eu\/wp-content\/uploads\/2020\/05\/ob_76157c_coverl-konitz-d-tepfer-decade-150x150.jpg 150w, https:\/\/www.szenik.eu\/wp-content\/uploads\/2020\/05\/ob_76157c_coverl-konitz-d-tepfer-decade-768x768.jpg 768w, https:\/\/www.szenik.eu\/wp-content\/uploads\/2020\/05\/ob_76157c_coverl-konitz-d-tepfer-decade-75x75.jpg 75w, https:\/\/www.szenik.eu\/wp-content\/uploads\/2020\/05\/ob_76157c_coverl-konitz-d-tepfer-decade-750x750.jpg 750w\" sizes=\"(max-width: 1024px) 100vw, 1024px\" \/><\/figure><\/div>\n\n\n\n<div style=\"height:100px\" aria-hidden=\"true\" class=\"wp-block-spacer\"><\/div>\n\n\n\n<h4 class=\"has-text-align-center\"><strong><em>Eisler Explosion<\/em> <\/strong><br><strong> mit dem Trio Das Kapital und den Sch\u00fcler*innen des L\u2019orchestre d\u2019Harmonie A<\/strong><\/h4>\n\n\n\n<div style=\"height:20px\" aria-hidden=\"true\" class=\"wp-block-spacer\"><\/div>\n\n\n\n<figure class=\"wp-block-embed-vimeo wp-block-embed is-type-video is-provider-vimeo wp-embed-aspect-16-9 wp-has-aspect-ratio\"><div class=\"wp-block-embed__wrapper\">\n<div class=\"jeg_video_container jeg_video_content\"><iframe loading=\"lazy\" title=\"DAS KAPITAL EISLER EXPLOSION - Jazzdor 2018 - 52&#039; - MASTER\" src=\"https:\/\/player.vimeo.com\/video\/349619638?dnt=1&amp;app_id=122963\" width=\"500\" height=\"281\" frameborder=\"0\" allow=\"autoplay; fullscreen\" allowfullscreen><\/iframe><\/div>\n<\/div><figcaption>Aufgenommen im Conservatoire de Strasbourg<\/figcaption><\/figure>\n\n\n\n<p>Als Komponist der DDR-Nationalhymne, Zeitgenosse und Weggef\u00e4hrte von Bertolt Brecht gab <strong>Hanns Eisler<\/strong> seinen Komponistenkollegen folgenden Rat: &#8222;\u00d6ffnen Sie beim Komponieren die Fenster und denken Sie daran, dass das Ger\u00fccht auf der Stra\u00dfe nicht nur L\u00e4rm ist, sondern der L\u00e4rm der Menschen.&#8220; In den 1930er Jahren entstand in Berlin eine quietschende Musik, die die aufkommende Jazz-, Kabarett- und Volkslied-Szene umspannte. <\/p>\n\n\n\n<p>Als Sch\u00fcler Sch\u00f6nbergs dirigiert Eisler Arbeiterch\u00f6re und verwandelt das Lied in ein politisches Instrument. Das Trio <strong>Das Kapital<\/strong> besch\u00e4ftigt sich seit mehr als zehn Jahren mit seiner Musik. Riesig, euphorisch und popul\u00e4r, erweitert <em><strong>Eisler Explosion<\/strong><\/em> die Ausfl\u00fcge in die soziale und revolution\u00e4re Musik von Charlie Hadens Liberation Music Orchestra und Carla Bleys gro\u00dfen Orchestern. <\/p>\n\n\n\n<p>Amateure wie Profis, w\u00fcrdige Erben der sozialistischen Blaskapellen, setzen sich mit ganzem Herzen f\u00fcr Eislers Modernit\u00e4t ein, eine Mischung aus Erfindungsreichtum und popul\u00e4ren Referenzen.<\/p>\n\n\n\n<figure class=\"wp-block-image size-large\"><img decoding=\"async\" loading=\"lazy\" width=\"955\" height=\"711\" src=\"https:\/\/www.szenik.eu\/wp-content\/uploads\/2020\/04\/Capture-d\u2019\u00e9cran-2020-04-06-\u00e0-15.50.51.png\" alt=\"\" class=\"wp-image-30873\" srcset=\"https:\/\/www.szenik.eu\/wp-content\/uploads\/2020\/04\/Capture-d\u2019\u00e9cran-2020-04-06-\u00e0-15.50.51.png 955w, https:\/\/www.szenik.eu\/wp-content\/uploads\/2020\/04\/Capture-d\u2019\u00e9cran-2020-04-06-\u00e0-15.50.51-300x223.png 300w, https:\/\/www.szenik.eu\/wp-content\/uploads\/2020\/04\/Capture-d\u2019\u00e9cran-2020-04-06-\u00e0-15.50.51-768x572.png 768w, https:\/\/www.szenik.eu\/wp-content\/uploads\/2020\/04\/Capture-d\u2019\u00e9cran-2020-04-06-\u00e0-15.50.51-750x558.png 750w\" sizes=\"(max-width: 955px) 100vw, 955px\" \/><figcaption>Das Kapital by Denis-Rouvre <\/figcaption><\/figure>\n\n\n\n<p><strong>LINE-UP:<\/strong><br>Hasse Poulsen, Gitarre<br>Daniel Erdmann, Saxofon<br>Edward Perraud, Schlagzeug<br>60 Musiker*innen des Orchestre d\u2019Harmonie A des Conservatoire de Strasbourg<br>Leitung: Miguel&nbsp;Etchegoncelay<br><br><em>In Zusammenarbeit mit dem Kulturb\u00fcro Offenburg und dem Conservatoire de Strasbourg ;&nbsp;mit der Unterst\u00fctzung des Goethe Institut<\/em><\/p>\n\n\n\n<div style=\"height:100px\" aria-hidden=\"true\" class=\"wp-block-spacer\"><\/div>\n\n\n\n<h4 class=\"has-text-align-center\"><strong>Andy Emler MegaOctet un die Percussions de Strasbourg pr\u00e4sentieren <\/strong><br>&#8220; <strong>Childhood journeys + Obsisens<\/strong> &#8222;<\/h4>\n\n\n\n<div style=\"height:20px\" aria-hidden=\"true\" class=\"wp-block-spacer\"><\/div>\n\n\n\n<figure class=\"wp-block-embed-youtube aligncenter wp-block-embed is-type-video is-provider-youtube wp-embed-aspect-4-3 wp-has-aspect-ratio\"><div class=\"wp-block-embed__wrapper\">\n<iframe loading=\"lazy\" title=\"&quot;Childhood Journeys &amp; Obsisens&quot; by Andy Emler \u2022 Andy Emler MegaOctet + Les Percussions de Strasbourg\" width=\"500\" height=\"375\" src=\"https:\/\/www.youtube.com\/embed\/rOoXq2STUC8?feature=oembed\" frameborder=\"0\" allow=\"accelerometer; autoplay; encrypted-media; gyroscope; picture-in-picture\" allowfullscreen><\/iframe>\n<\/div><figcaption>Konzert pr\u00e4sentiert vom Jazzdor und dem Maillon, Th\u00e9\u00e2tre de Strasbourg anl\u00e4sslich des 50. Bestehens der Percussions de Strasbourg.<\/figcaption><\/figure>\n\n\n\n<div style=\"height:20px\" aria-hidden=\"true\" class=\"wp-block-spacer\"><\/div>\n\n\n\n<p>Das <strong>MegaOctet <\/strong>ist musikalisch nie dort, wo man es erwartet. Seine erste Begegnung mit den <strong>Percussions de Strasbourg<\/strong> f\u00fchrte 2007 zur Schaffung von <strong><em>Childhood Journeys<\/em><\/strong>, einer Einladung zu einer Reise durch die Kindheit, einem Spiel mit Spuren, Inspiration, Atem und Improvisationen. Ein unklassifizierbares Konzert, in dem eine Kombination von Klangfarben und rhythmischen Impromptus aufeinanderprallen. Es ist eine immense musikalische Reise, ein Raum der Freiheit, in dem die Schatten von Strawinsky, Var\u00e8se, Ravel, Miles Davis oder Zappa paradieren. <\/p>\n\n\n\n<p>Als Modelle kollektiven Schaffens hinterfragen die beiden Entit\u00e4ten st\u00e4ndig die zeitgen\u00f6ssische Musiksprache, jede auf ihre eigene Art und Weise, und machen Emotionen zu einer Frage der Intelligenz ebenso wie der Sensibilit\u00e4t. Ihr gemeinsames Abenteuer bekommt heute eine neue Dimension, anl\u00e4sslich des 50. Jahrestages der Percussions de Strasbourg mit einem neuen St\u00fcck, das <strong>Andy Emler <\/strong>speziell f\u00fcr die sechs Schlagzeugvirtuosen komponiert hat.<\/p>\n\n\n\n<div style=\"height:20px\" aria-hidden=\"true\" class=\"wp-block-spacer\"><\/div>\n\n\n\n<figure class=\"wp-block-image size-large\"><img decoding=\"async\" loading=\"lazy\" width=\"622\" height=\"393\" src=\"https:\/\/www.szenik.eu\/wp-content\/uploads\/2020\/03\/JAZZDOR.png\" alt=\"\" class=\"wp-image-30768\" srcset=\"https:\/\/www.szenik.eu\/wp-content\/uploads\/2020\/03\/JAZZDOR.png 622w, https:\/\/www.szenik.eu\/wp-content\/uploads\/2020\/03\/JAZZDOR-300x190.png 300w\" sizes=\"(max-width: 622px) 100vw, 622px\" \/><\/figure>\n\n\n\n<div style=\"height:20px\" aria-hidden=\"true\" class=\"wp-block-spacer\"><\/div>\n\n\n\n<p><strong>LINE-UP<\/strong>:&nbsp;<br>Andy Emler: Piano, Komposition, Leitung<br>Laurent Blondiau: Trompete, Bugle<br>Laurent Dehors: Tenorsaxofone und Klarinette<br>Thomas de Pourquery: Alt-und Sopransaxofon, Gesang<br>Guillaume Orti: Altsaxofon<br>Fran\u00e7ois Thuillier: Tuba<br>Claude Tchamitchian: Kontrabass<br>Eric Echampard: Schlagzeug<br>Fran\u00e7ois Verly: Marimba, Trommeln<br>Vincent Mahey: Toningenieur<br><br>+ <strong>LES PERCUSSIONS DE STRASBOURG<\/strong>:<br>Jean-Paul Bernard: k\u00fcnstlerischer Leiter<br>Bernard Lesage, Claude Ferrier, Fran\u00e7ois Papirer, Keiko Nakamura und Olaf Tzschoppe<\/p>\n\n\n\n<div style=\"height:100px\" aria-hidden=\"true\" class=\"wp-block-spacer\"><\/div>\n\n\n\n<div class=\"wp-block-button aligncenter\"><a class=\"wp-block-button__link has-text-color has-very-dark-gray-color has-background has-luminous-vivid-amber-background-color\" href=\"http:\/\/www.jazzdor.com\/flashback-video\/\" target=\"_blank\" rel=\"noreferrer noopener\">ZU DEN KONZERTEN AUF DER WEBSITE VON JAZZDOR<\/a><\/div>\n\n\n\n<div style=\"height:100px\" aria-hidden=\"true\" class=\"wp-block-spacer\"><\/div>\n\n\n\n<p>Photo : DR<\/p>\n","protected":false},"excerpt":{"rendered":"<p>Jazzdor bietet Ihnen zahlreiche Konzertmitschnitte auf seiner Website w\u00e4hrend der Corona-Krise. szenik freut sich, Ihnen diese vorzustellen. Lee Konitz &amp; Dan TepferFestival Jazzdor Strasbourg 2010 Jazzdor ehrt den Diskretesten der gro\u00dfen Saxofonisten, welcher im Alter von 92 Jahren dem Coronavirus erlag.Als Sideman von Miles Davis hat uns dieser Meister der Variationen unendliche M\u00f6glichkeiten des Jazz [&hellip;]<\/p>\n","protected":false},"author":1,"featured_media":30765,"comment_status":"open","ping_status":"open","sticky":false,"template":"","format":"standard","meta":{"_monsterinsights_skip_tracking":false,"_monsterinsights_sitenote_active":false,"_monsterinsights_sitenote_note":"","_monsterinsights_sitenote_category":0},"categories":[6439,2815,53],"tags":[6414,6382,2215,6415,6411,6642,6416,6410,6409,6417,6418,6412,2197,6381,6420,3440,6641,3241,6421,6422,2656,2883],"yoast_head":"<!-- This site is optimized with the Yoast SEO plugin v20.5 - https:\/\/yoast.com\/wordpress\/plugins\/seo\/ -->\n<title>JAZZ(IN)DOOR: Schwungvolle Jazzkonzerte im Replay I szenik<\/title>\n<meta name=\"description\" content=\"Jazzdor bietet Ihnen zahlreiche Konzertmitschnitte auf seiner Website w\u00e4hrend der Corona-Krise. Mit dem Trio Das Kapital, Andy Elmer...\" \/>\n<meta name=\"robots\" content=\"index, follow, max-snippet:-1, max-image-preview:large, max-video-preview:-1\" \/>\n<link rel=\"canonical\" href=\"https:\/\/www.szenik.eu\/de\/jazzdor-a-la-maison-ca-bouge-dans-votre-salon-30879\" \/>\n<meta property=\"og:locale\" content=\"de_DE\" \/>\n<meta property=\"og:type\" content=\"article\" \/>\n<meta property=\"og:title\" content=\"JAZZ(IN)DOOR: Schwungvolle Jazzkonzerte im Replay I szenik\" \/>\n<meta property=\"og:description\" content=\"Jazzdor bietet Ihnen zahlreiche Konzertmitschnitte auf seiner Website w\u00e4hrend der Corona-Krise. Mit dem Trio Das Kapital, Andy Elmer...\" \/>\n<meta property=\"og:url\" content=\"https:\/\/www.szenik.eu\/de\/jazzdor-a-la-maison-ca-bouge-dans-votre-salon-30879\" \/>\n<meta property=\"og:site_name\" content=\"szenik\" \/>\n<meta property=\"article:publisher\" content=\"https:\/\/www.facebook.com\/szenik.eu\/\" \/>\n<meta property=\"article:published_time\" content=\"2020-03-31T15:46:58+00:00\" \/>\n<meta property=\"article:modified_time\" content=\"2020-05-07T11:58:52+00:00\" \/>\n<meta property=\"og:image\" content=\"https:\/\/www.szenik.eu\/wp-content\/uploads\/2020\/03\/jazzdor-a-la-maison_c_dr.jpg\" \/>\n\t<meta property=\"og:image:width\" content=\"800\" \/>\n\t<meta property=\"og:image:height\" content=\"600\" \/>\n\t<meta property=\"og:image:type\" content=\"image\/jpeg\" \/>\n<meta name=\"author\" content=\"szenik\" \/>\n<meta name=\"twitter:card\" content=\"summary_large_image\" \/>\n<meta name=\"twitter:creator\" content=\"@Szenik\" \/>\n<meta name=\"twitter:site\" content=\"@Szenik\" \/>\n<meta name=\"twitter:label1\" content=\"Verfasst von\" \/>\n\t<meta name=\"twitter:data1\" content=\"szenik\" \/>\n\t<meta name=\"twitter:label2\" content=\"Gesch\u00e4tzte Lesezeit\" \/>\n\t<meta name=\"twitter:data2\" content=\"3\u00a0Minuten\" \/>\n<script type=\"application\/ld+json\" class=\"yoast-schema-graph\">{\"@context\":\"https:\/\/schema.org\",\"@graph\":[{\"@type\":\"Article\",\"@id\":\"https:\/\/www.szenik.eu\/de\/jazzdor-a-la-maison-ca-bouge-dans-votre-salon-30879#article\",\"isPartOf\":{\"@id\":\"https:\/\/www.szenik.eu\/de\/jazzdor-a-la-maison-ca-bouge-dans-votre-salon-30879\"},\"author\":{\"name\":\"szenik\",\"@id\":\"https:\/\/www.szenik.eu\/de\/#\/schema\/person\/15f73f175b41bad194837490339d48fb\"},\"headline\":\"JAZZ(IN)DOOR : Jazzdor bringt Schwung in Ihr Wohnzimmer!\",\"datePublished\":\"2020-03-31T15:46:58+00:00\",\"dateModified\":\"2020-05-07T11:58:52+00:00\",\"mainEntityOfPage\":{\"@id\":\"https:\/\/www.szenik.eu\/de\/jazzdor-a-la-maison-ca-bouge-dans-votre-salon-30879\"},\"wordCount\":546,\"commentCount\":0,\"publisher\":{\"@id\":\"https:\/\/www.szenik.eu\/de\/#organization\"},\"keywords\":[\"Andy Emler\",\"Andy Emler\",\"concert\",\"Conservatoire de Strasbourg\",\"Conservatoire de Strasbourg\",\"Dan Tepfer\",\"Daniel Erdmann\",\"Daniel Erdmann\",\"Das Kapital\",\"Das Kapital\",\"Hanns Eisler\",\"Hanns Eisler\",\"Jazz\",\"Jazzdor\",\"Jazzdor\",\"Konzert\",\"Lee Konitz\",\"Les Percussions de Strasbourg\",\"Les Percussions de Strasbourg\",\"strasbourg\",\"strasbourg\",\"Stra\u00dfburg\"],\"articleSection\":[\"DAS B\u00dcHNENLEBEN GEHT WEITER\",\"Kurz &amp; knackig\",\"Magazin\"],\"inLanguage\":\"de\",\"potentialAction\":[{\"@type\":\"CommentAction\",\"name\":\"Comment\",\"target\":[\"https:\/\/www.szenik.eu\/de\/jazzdor-a-la-maison-ca-bouge-dans-votre-salon-30879#respond\"]}]},{\"@type\":\"WebPage\",\"@id\":\"https:\/\/www.szenik.eu\/de\/jazzdor-a-la-maison-ca-bouge-dans-votre-salon-30879\",\"url\":\"https:\/\/www.szenik.eu\/de\/jazzdor-a-la-maison-ca-bouge-dans-votre-salon-30879\",\"name\":\"JAZZ(IN)DOOR: Schwungvolle Jazzkonzerte im Replay I szenik\",\"isPartOf\":{\"@id\":\"https:\/\/www.szenik.eu\/de\/#website\"},\"datePublished\":\"2020-03-31T15:46:58+00:00\",\"dateModified\":\"2020-05-07T11:58:52+00:00\",\"description\":\"Jazzdor bietet Ihnen zahlreiche Konzertmitschnitte auf seiner Website w\u00e4hrend der Corona-Krise. Mit dem Trio Das Kapital, Andy Elmer...\",\"breadcrumb\":{\"@id\":\"https:\/\/www.szenik.eu\/de\/jazzdor-a-la-maison-ca-bouge-dans-votre-salon-30879#breadcrumb\"},\"inLanguage\":\"de\",\"potentialAction\":[{\"@type\":\"ReadAction\",\"target\":[\"https:\/\/www.szenik.eu\/de\/jazzdor-a-la-maison-ca-bouge-dans-votre-salon-30879\"]}]},{\"@type\":\"BreadcrumbList\",\"@id\":\"https:\/\/www.szenik.eu\/de\/jazzdor-a-la-maison-ca-bouge-dans-votre-salon-30879#breadcrumb\",\"itemListElement\":[{\"@type\":\"ListItem\",\"position\":1,\"name\":\"Home\",\"item\":\"https:\/\/www.szenik.eu\/de\"},{\"@type\":\"ListItem\",\"position\":2,\"name\":\"JAZZ(IN)DOOR : Jazzdor bringt Schwung in Ihr Wohnzimmer!\"}]},{\"@type\":\"WebSite\",\"@id\":\"https:\/\/www.szenik.eu\/de\/#website\",\"url\":\"https:\/\/www.szenik.eu\/de\/\",\"name\":\"szenik\",\"description\":\"Le Meilleur des sc\u00e8nes au coeur de l&#039;Europe\",\"publisher\":{\"@id\":\"https:\/\/www.szenik.eu\/de\/#organization\"},\"potentialAction\":[{\"@type\":\"SearchAction\",\"target\":{\"@type\":\"EntryPoint\",\"urlTemplate\":\"https:\/\/www.szenik.eu\/de\/?s={search_term_string}\"},\"query-input\":\"required name=search_term_string\"}],\"inLanguage\":\"de\"},{\"@type\":\"Organization\",\"@id\":\"https:\/\/www.szenik.eu\/de\/#organization\",\"name\":\"Szenik\",\"url\":\"https:\/\/www.szenik.eu\/de\/\",\"logo\":{\"@type\":\"ImageObject\",\"inLanguage\":\"de\",\"@id\":\"https:\/\/www.szenik.eu\/de\/#\/schema\/logo\/image\/\",\"url\":\"https:\/\/www.szenik.eu\/wp-content\/uploads\/2019\/07\/logo-square.png\",\"contentUrl\":\"https:\/\/www.szenik.eu\/wp-content\/uploads\/2019\/07\/logo-square.png\",\"width\":512,\"height\":512,\"caption\":\"Szenik\"},\"image\":{\"@id\":\"https:\/\/www.szenik.eu\/de\/#\/schema\/logo\/image\/\"},\"sameAs\":[\"https:\/\/www.facebook.com\/szenik.eu\/\",\"https:\/\/twitter.com\/Szenik\",\"https:\/\/www.instagram.com\/szenik_magazine\/\",\"https:\/\/www.youtube.com\/user\/SzenikEU\/\"]},{\"@type\":\"Person\",\"@id\":\"https:\/\/www.szenik.eu\/de\/#\/schema\/person\/15f73f175b41bad194837490339d48fb\",\"name\":\"szenik\",\"image\":{\"@type\":\"ImageObject\",\"inLanguage\":\"de\",\"@id\":\"https:\/\/www.szenik.eu\/de\/#\/schema\/person\/image\/\",\"url\":\"https:\/\/secure.gravatar.com\/avatar\/d1c4f19522a624a4eaa5e6c03e22370b?s=96&d=mm&r=g\",\"contentUrl\":\"https:\/\/secure.gravatar.com\/avatar\/d1c4f19522a624a4eaa5e6c03e22370b?s=96&d=mm&r=g\",\"caption\":\"szenik\"}}]}<\/script>\n<!-- \/ Yoast SEO plugin. -->","yoast_head_json":{"title":"JAZZ(IN)DOOR: Schwungvolle Jazzkonzerte im Replay I szenik","description":"Jazzdor bietet Ihnen zahlreiche Konzertmitschnitte auf seiner Website w\u00e4hrend der Corona-Krise. Mit dem Trio Das Kapital, Andy Elmer...","robots":{"index":"index","follow":"follow","max-snippet":"max-snippet:-1","max-image-preview":"max-image-preview:large","max-video-preview":"max-video-preview:-1"},"canonical":"https:\/\/www.szenik.eu\/de\/jazzdor-a-la-maison-ca-bouge-dans-votre-salon-30879","og_locale":"de_DE","og_type":"article","og_title":"JAZZ(IN)DOOR: Schwungvolle Jazzkonzerte im Replay I szenik","og_description":"Jazzdor bietet Ihnen zahlreiche Konzertmitschnitte auf seiner Website w\u00e4hrend der Corona-Krise. Mit dem Trio Das Kapital, Andy Elmer...","og_url":"https:\/\/www.szenik.eu\/de\/jazzdor-a-la-maison-ca-bouge-dans-votre-salon-30879","og_site_name":"szenik","article_publisher":"https:\/\/www.facebook.com\/szenik.eu\/","article_published_time":"2020-03-31T15:46:58+00:00","article_modified_time":"2020-05-07T11:58:52+00:00","og_image":[{"width":800,"height":600,"url":"https:\/\/www.szenik.eu\/wp-content\/uploads\/2020\/03\/jazzdor-a-la-maison_c_dr.jpg","type":"image\/jpeg"}],"author":"szenik","twitter_card":"summary_large_image","twitter_creator":"@Szenik","twitter_site":"@Szenik","twitter_misc":{"Verfasst von":"szenik","Gesch\u00e4tzte Lesezeit":"3\u00a0Minuten"},"schema":{"@context":"https:\/\/schema.org","@graph":[{"@type":"Article","@id":"https:\/\/www.szenik.eu\/de\/jazzdor-a-la-maison-ca-bouge-dans-votre-salon-30879#article","isPartOf":{"@id":"https:\/\/www.szenik.eu\/de\/jazzdor-a-la-maison-ca-bouge-dans-votre-salon-30879"},"author":{"name":"szenik","@id":"https:\/\/www.szenik.eu\/de\/#\/schema\/person\/15f73f175b41bad194837490339d48fb"},"headline":"JAZZ(IN)DOOR : Jazzdor bringt Schwung in Ihr Wohnzimmer!","datePublished":"2020-03-31T15:46:58+00:00","dateModified":"2020-05-07T11:58:52+00:00","mainEntityOfPage":{"@id":"https:\/\/www.szenik.eu\/de\/jazzdor-a-la-maison-ca-bouge-dans-votre-salon-30879"},"wordCount":546,"commentCount":0,"publisher":{"@id":"https:\/\/www.szenik.eu\/de\/#organization"},"keywords":["Andy Emler","Andy Emler","concert","Conservatoire de Strasbourg","Conservatoire de Strasbourg","Dan Tepfer","Daniel Erdmann","Daniel Erdmann","Das Kapital","Das Kapital","Hanns Eisler","Hanns Eisler","Jazz","Jazzdor","Jazzdor","Konzert","Lee Konitz","Les Percussions de Strasbourg","Les Percussions de Strasbourg","strasbourg","strasbourg","Stra\u00dfburg"],"articleSection":["DAS B\u00dcHNENLEBEN GEHT WEITER","Kurz &amp; knackig","Magazin"],"inLanguage":"de","potentialAction":[{"@type":"CommentAction","name":"Comment","target":["https:\/\/www.szenik.eu\/de\/jazzdor-a-la-maison-ca-bouge-dans-votre-salon-30879#respond"]}]},{"@type":"WebPage","@id":"https:\/\/www.szenik.eu\/de\/jazzdor-a-la-maison-ca-bouge-dans-votre-salon-30879","url":"https:\/\/www.szenik.eu\/de\/jazzdor-a-la-maison-ca-bouge-dans-votre-salon-30879","name":"JAZZ(IN)DOOR: Schwungvolle Jazzkonzerte im Replay I szenik","isPartOf":{"@id":"https:\/\/www.szenik.eu\/de\/#website"},"datePublished":"2020-03-31T15:46:58+00:00","dateModified":"2020-05-07T11:58:52+00:00","description":"Jazzdor bietet Ihnen zahlreiche Konzertmitschnitte auf seiner Website w\u00e4hrend der Corona-Krise. Mit dem Trio Das Kapital, Andy Elmer...","breadcrumb":{"@id":"https:\/\/www.szenik.eu\/de\/jazzdor-a-la-maison-ca-bouge-dans-votre-salon-30879#breadcrumb"},"inLanguage":"de","potentialAction":[{"@type":"ReadAction","target":["https:\/\/www.szenik.eu\/de\/jazzdor-a-la-maison-ca-bouge-dans-votre-salon-30879"]}]},{"@type":"BreadcrumbList","@id":"https:\/\/www.szenik.eu\/de\/jazzdor-a-la-maison-ca-bouge-dans-votre-salon-30879#breadcrumb","itemListElement":[{"@type":"ListItem","position":1,"name":"Home","item":"https:\/\/www.szenik.eu\/de"},{"@type":"ListItem","position":2,"name":"JAZZ(IN)DOOR : Jazzdor bringt Schwung in Ihr Wohnzimmer!"}]},{"@type":"WebSite","@id":"https:\/\/www.szenik.eu\/de\/#website","url":"https:\/\/www.szenik.eu\/de\/","name":"szenik","description":"Le Meilleur des sc\u00e8nes au coeur de l&#039;Europe","publisher":{"@id":"https:\/\/www.szenik.eu\/de\/#organization"},"potentialAction":[{"@type":"SearchAction","target":{"@type":"EntryPoint","urlTemplate":"https:\/\/www.szenik.eu\/de\/?s={search_term_string}"},"query-input":"required name=search_term_string"}],"inLanguage":"de"},{"@type":"Organization","@id":"https:\/\/www.szenik.eu\/de\/#organization","name":"Szenik","url":"https:\/\/www.szenik.eu\/de\/","logo":{"@type":"ImageObject","inLanguage":"de","@id":"https:\/\/www.szenik.eu\/de\/#\/schema\/logo\/image\/","url":"https:\/\/www.szenik.eu\/wp-content\/uploads\/2019\/07\/logo-square.png","contentUrl":"https:\/\/www.szenik.eu\/wp-content\/uploads\/2019\/07\/logo-square.png","width":512,"height":512,"caption":"Szenik"},"image":{"@id":"https:\/\/www.szenik.eu\/de\/#\/schema\/logo\/image\/"},"sameAs":["https:\/\/www.facebook.com\/szenik.eu\/","https:\/\/twitter.com\/Szenik","https:\/\/www.instagram.com\/szenik_magazine\/","https:\/\/www.youtube.com\/user\/SzenikEU\/"]},{"@type":"Person","@id":"https:\/\/www.szenik.eu\/de\/#\/schema\/person\/15f73f175b41bad194837490339d48fb","name":"szenik","image":{"@type":"ImageObject","inLanguage":"de","@id":"https:\/\/www.szenik.eu\/de\/#\/schema\/person\/image\/","url":"https:\/\/secure.gravatar.com\/avatar\/d1c4f19522a624a4eaa5e6c03e22370b?s=96&d=mm&r=g","contentUrl":"https:\/\/secure.gravatar.com\/avatar\/d1c4f19522a624a4eaa5e6c03e22370b?s=96&d=mm&r=g","caption":"szenik"}}]}},"jetpack_featured_media_url":"https:\/\/www.szenik.eu\/wp-content\/uploads\/2020\/03\/jazzdor-a-la-maison_c_dr.jpg","amp_enabled":true,"_links":{"self":[{"href":"https:\/\/www.szenik.eu\/de\/wp-json\/\/wp\/v2\/posts\/30879"}],"collection":[{"href":"https:\/\/www.szenik.eu\/de\/wp-json\/\/wp\/v2\/posts"}],"about":[{"href":"https:\/\/www.szenik.eu\/de\/wp-json\/\/wp\/v2\/types\/post"}],"author":[{"embeddable":true,"href":"https:\/\/www.szenik.eu\/de\/wp-json\/\/wp\/v2\/users\/1"}],"replies":[{"embeddable":true,"href":"https:\/\/www.szenik.eu\/de\/wp-json\/\/wp\/v2\/comments?post=30879"}],"version-history":[{"count":4,"href":"https:\/\/www.szenik.eu\/de\/wp-json\/\/wp\/v2\/posts\/30879\/revisions"}],"predecessor-version":[{"id":31438,"href":"https:\/\/www.szenik.eu\/de\/wp-json\/\/wp\/v2\/posts\/30879\/revisions\/31438"}],"wp:featuredmedia":[{"embeddable":true,"href":"https:\/\/www.szenik.eu\/de\/wp-json\/\/wp\/v2\/media\/30765"}],"wp:attachment":[{"href":"https:\/\/www.szenik.eu\/de\/wp-json\/\/wp\/v2\/media?parent=30879"}],"wp:term":[{"taxonomy":"category","embeddable":true,"href":"https:\/\/www.szenik.eu\/de\/wp-json\/\/wp\/v2\/categories?post=30879"},{"taxonomy":"post_tag","embeddable":true,"href":"https:\/\/www.szenik.eu\/de\/wp-json\/\/wp\/v2\/tags?post=30879"}],"curies":[{"name":"wp","href":"https:\/\/api.w.org\/{rel}","templated":true}]}}