{"id":30570,"date":"2020-03-18T11:13:58","date_gmt":"2020-03-18T10:13:58","guid":{"rendered":"https:\/\/www.szenik.eu\/?p=30570\/"},"modified":"2020-03-18T11:16:52","modified_gmt":"2020-03-18T10:16:52","slug":"maria-de-buenos-aires-eine-tanzproduktion-des-balletts-der-opera-national-du-rhin","status":"publish","type":"post","link":"https:\/\/www.szenik.eu\/de\/maria-de-buenos-aires-eine-tanzproduktion-des-balletts-der-opera-national-du-rhin-30570","title":{"rendered":"&#8222;Maria de Buenos Aires&#8220;, eine Tanzproduktion des Balletts der Op\u00e9ra national du Rhin"},"content":{"rendered":"\n<h2>Diese Tanzproduktion wurde von <strong>Mathias Tripodi<\/strong> inszeniert und choreografiert, der selbst T\u00e4nzer, P\u00e4dagoge und leidenschaftlicher Tango-Experte ist.\u00a0<em><strong>Maria de Buenos Aires<\/strong><\/em>\u00a0war das zweite Highlight des Festivals <em>ARSMONDO Argentinien <\/em>2019 der Op\u00e9ra national du Rhin.<\/h2>\n\n\n\n<div style=\"height:23px\" aria-hidden=\"true\" class=\"wp-block-spacer\"><\/div>\n\n\n\n<p><em>Maria de Buenos Aires<\/em>\u00a0ist die erste Zusammenarbeit des Dichters Horacio Ferrer und des Komponisten Astor Piazzola, zwei ganz au\u00dferordentlichen K\u00fcnstlern, welche die argentinische Kultur tief gepr\u00e4gt haben. Ihre Tango-Oper l\u00e4sst uns in die verschlungenen Seelenpfade der \u201eK\u00f6nigin von La Plata\u201d eintauchen, in deren Zentrum sich die sch\u00f6ne Maria befindet. <\/p>\n\n\n\n<p>Unabh\u00e4ngig und frei gibt sich Maria wie trunken der Stadt, der Poesie, dem Tanz und den M\u00e4nnern hin, sie, die \u2013 wie Ferrer schrieb \u2013 an einem Tag geboren wurde, \u201ean dem Gott stockbesoffen war\u201c. Melancholie, Gewalt und Begehren vermischen sich in den N\u00e4chten von Buenos Aires, dessen Unterwelt H\u00f6lle und Paradies zugleich ist, und wo der Tango stets in den von Musik beseelten K\u00f6rpern brennt.\u00a0<\/p>\n\n\n\n<div style=\"height:20px\" aria-hidden=\"true\" class=\"wp-block-spacer\"><\/div>\n\n\n\n<figure class=\"wp-block-image size-large\"><img decoding=\"async\" loading=\"lazy\" width=\"800\" height=\"550\" src=\"https:\/\/www.szenik.eu\/wp-content\/uploads\/2020\/03\/maria-de-buenos-aires.jpg\" alt=\"Maria de Buenos Aires_Opera national du Rhin_c_Agathe Poupeney_szenik\" class=\"wp-image-30567\" srcset=\"https:\/\/www.szenik.eu\/wp-content\/uploads\/2020\/03\/maria-de-buenos-aires.jpg 800w, https:\/\/www.szenik.eu\/wp-content\/uploads\/2020\/03\/maria-de-buenos-aires-300x206.jpg 300w, https:\/\/www.szenik.eu\/wp-content\/uploads\/2020\/03\/maria-de-buenos-aires-768x528.jpg 768w, https:\/\/www.szenik.eu\/wp-content\/uploads\/2020\/03\/maria-de-buenos-aires-750x516.jpg 750w\" sizes=\"(max-width: 800px) 100vw, 800px\" \/><figcaption>Agathe Poupeney<\/figcaption><\/figure>\n\n\n\n<div style=\"height:20px\" aria-hidden=\"true\" class=\"wp-block-spacer\"><\/div>\n\n\n\n<h4>BESETZUNG<\/h4>\n\n\n\n<p>Choreografie, B\u00fchnenbild <strong>Matias Tripodi<\/strong><br>Musikalische Leitung <strong>Nicolas Agullo<\/strong><br>Assistante \u00e0 la chor\u00e9graphie <strong>Xinqi Huang<\/strong><br>Kost\u00fcme <strong>Xavier Ronze<\/strong><br>Licht <strong>Romain de Lagarde<\/strong><br>Projections sc\u00e9niques (photographies) <strong>Claudio Larrea<\/strong><\/p>\n\n\n\n<p>Maria <strong>Ana Karina Rossi<\/strong><br>T\u00e9nor <strong>Stefan Sbonnik<\/strong><br>El Duende <strong>Alejandro Guyot<\/strong><br><strong>CCN \u2022 Ballet de l&#8217;Op\u00e9ra national du Rhin<\/strong>,\u00a0\u00a0<strong>La Grossa &#8211; Orchestre Tipica de la Maison Argentine<\/strong><br>Violon solo <strong>Federico Sanz<\/strong><br>Bandon\u00e9on solo <strong>Carmela Delgado<\/strong><\/p>\n\n\n\n<div style=\"height:32px\" aria-hidden=\"true\" class=\"wp-block-spacer\"><\/div>\n\n\n\n<div class=\"wp-block-button aligncenter\"><a class=\"wp-block-button__link has-text-color has-very-dark-gray-color has-background has-luminous-vivid-amber-background-color\" href=\"https:\/\/www.youtube.com\/channel\/UCHy7vwrd39eQiSYhJI3xz0A\" target=\"_blank\" rel=\"noreferrer noopener\">Weitere szeniklive auf unserem YouTube Kanal. <\/a><\/div>\n\n\n\n<div style=\"height:93px\" aria-hidden=\"true\" class=\"wp-block-spacer\"><\/div>\n\n\n\n<p>Aufgenommen am 9. und 10. Mai 2019 in der Op\u00e9ra national du Rhin, Stra\u00dfburg<br>OZANGO Productions, TV-Regie: S\u00e9bastien Glas<\/p>\n\n\n\n<div style=\"height:100px\" aria-hidden=\"true\" class=\"wp-block-spacer\"><\/div>\n","protected":false},"excerpt":{"rendered":"<p>Diese Tanzproduktion wurde von Mathias Tripodi inszeniert und choreografiert, der selbst T\u00e4nzer, P\u00e4dagoge und leidenschaftlicher Tango-Experte ist.\u00a0Maria de Buenos Aires\u00a0war das zweite Highlight des Festivals ARSMONDO Argentinien 2019 der Op\u00e9ra national du Rhin. Maria de Buenos Aires\u00a0ist die erste Zusammenarbeit des Dichters Horacio Ferrer und des Komponisten Astor Piazzola, zwei ganz au\u00dferordentlichen K\u00fcnstlern, welche die [&hellip;]<\/p>\n","protected":false},"author":1,"featured_media":30567,"comment_status":"open","ping_status":"open","sticky":false,"template":"","format":"standard","meta":{"_monsterinsights_skip_tracking":false,"_monsterinsights_sitenote_active":false,"_monsterinsights_sitenote_note":"","_monsterinsights_sitenote_category":0},"categories":[2461,9,55,2464],"tags":[2692,2218,2202,6334,2883,2161],"yoast_head":"<!-- This site is optimized with the Yoast SEO plugin v20.5 - https:\/\/yoast.com\/wordpress\/plugins\/seo\/ -->\n<title>Maria de Buenos Aires von Matias Tripodi im Replay auf szenik I szenik<\/title>\n<meta name=\"description\" content=\"Matias Tripodi, T\u00e4nzer und leidenschaftlicher Tango-Experte, schuf &quot;Maria de Buenos Aires&quot;, eine Produktion f\u00fcr das Ballett der Op\u00e9ra national du Rhin.\" \/>\n<meta name=\"robots\" content=\"index, follow, max-snippet:-1, max-image-preview:large, max-video-preview:-1\" \/>\n<link rel=\"canonical\" href=\"https:\/\/www.szenik.eu\/de\/maria-de-buenos-aires-eine-tanzproduktion-des-balletts-der-opera-national-du-rhin-30570\" \/>\n<meta property=\"og:locale\" content=\"de_DE\" \/>\n<meta property=\"og:type\" content=\"article\" \/>\n<meta property=\"og:title\" content=\"Maria de Buenos Aires von Matias Tripodi im Replay auf szenik I szenik\" \/>\n<meta property=\"og:description\" content=\"Matias Tripodi, T\u00e4nzer und leidenschaftlicher Tango-Experte, schuf &quot;Maria de Buenos Aires&quot;, eine Produktion f\u00fcr das Ballett der Op\u00e9ra national du Rhin.\" \/>\n<meta property=\"og:url\" content=\"https:\/\/www.szenik.eu\/de\/maria-de-buenos-aires-eine-tanzproduktion-des-balletts-der-opera-national-du-rhin-30570\" \/>\n<meta property=\"og:site_name\" content=\"szenik\" \/>\n<meta property=\"article:publisher\" content=\"https:\/\/www.facebook.com\/szenik.eu\/\" \/>\n<meta property=\"article:published_time\" content=\"2020-03-18T10:13:58+00:00\" \/>\n<meta property=\"article:modified_time\" content=\"2020-03-18T10:16:52+00:00\" \/>\n<meta property=\"og:image\" content=\"https:\/\/www.szenik.eu\/wp-content\/uploads\/2020\/03\/maria-de-buenos-aires.jpg\" \/>\n\t<meta property=\"og:image:width\" content=\"800\" \/>\n\t<meta property=\"og:image:height\" content=\"550\" \/>\n\t<meta property=\"og:image:type\" content=\"image\/jpeg\" \/>\n<meta name=\"author\" content=\"szenik\" \/>\n<meta name=\"twitter:card\" content=\"summary_large_image\" \/>\n<meta name=\"twitter:creator\" content=\"@Szenik\" \/>\n<meta name=\"twitter:site\" content=\"@Szenik\" \/>\n<meta name=\"twitter:label1\" content=\"Verfasst von\" \/>\n\t<meta name=\"twitter:data1\" content=\"szenik\" \/>\n\t<meta name=\"twitter:label2\" content=\"Gesch\u00e4tzte Lesezeit\" \/>\n\t<meta name=\"twitter:data2\" content=\"1\u00a0Minute\" \/>\n<script type=\"application\/ld+json\" class=\"yoast-schema-graph\">{\"@context\":\"https:\/\/schema.org\",\"@graph\":[{\"@type\":\"Article\",\"@id\":\"https:\/\/www.szenik.eu\/de\/maria-de-buenos-aires-eine-tanzproduktion-des-balletts-der-opera-national-du-rhin-30570#article\",\"isPartOf\":{\"@id\":\"https:\/\/www.szenik.eu\/de\/maria-de-buenos-aires-eine-tanzproduktion-des-balletts-der-opera-national-du-rhin-30570\"},\"author\":{\"name\":\"szenik\",\"@id\":\"https:\/\/www.szenik.eu\/de\/#\/schema\/person\/15f73f175b41bad194837490339d48fb\"},\"headline\":\"&#8222;Maria de Buenos Aires&#8220;, eine Tanzproduktion des Balletts der Op\u00e9ra national du Rhin\",\"datePublished\":\"2020-03-18T10:13:58+00:00\",\"dateModified\":\"2020-03-18T10:16:52+00:00\",\"mainEntityOfPage\":{\"@id\":\"https:\/\/www.szenik.eu\/de\/maria-de-buenos-aires-eine-tanzproduktion-des-balletts-der-opera-national-du-rhin-30570\"},\"wordCount\":270,\"commentCount\":0,\"publisher\":{\"@id\":\"https:\/\/www.szenik.eu\/de\/#organization\"},\"keywords\":[\"Ballet de l'OnR\",\"Ballett\",\"festival\",\"Matias Tripodi\",\"Stra\u00dfburg\",\"Tanz\"],\"articleSection\":[\"Danse\",\"Szenik Live\",\"Szenik Live\",\"Tanz\"],\"inLanguage\":\"de\",\"potentialAction\":[{\"@type\":\"CommentAction\",\"name\":\"Comment\",\"target\":[\"https:\/\/www.szenik.eu\/de\/maria-de-buenos-aires-eine-tanzproduktion-des-balletts-der-opera-national-du-rhin-30570#respond\"]}]},{\"@type\":\"WebPage\",\"@id\":\"https:\/\/www.szenik.eu\/de\/maria-de-buenos-aires-eine-tanzproduktion-des-balletts-der-opera-national-du-rhin-30570\",\"url\":\"https:\/\/www.szenik.eu\/de\/maria-de-buenos-aires-eine-tanzproduktion-des-balletts-der-opera-national-du-rhin-30570\",\"name\":\"Maria de Buenos Aires von Matias Tripodi im Replay auf szenik I szenik\",\"isPartOf\":{\"@id\":\"https:\/\/www.szenik.eu\/de\/#website\"},\"datePublished\":\"2020-03-18T10:13:58+00:00\",\"dateModified\":\"2020-03-18T10:16:52+00:00\",\"description\":\"Matias Tripodi, T\u00e4nzer und leidenschaftlicher Tango-Experte, schuf \\\"Maria de Buenos Aires\\\", eine Produktion f\u00fcr das Ballett der Op\u00e9ra national du Rhin.\",\"breadcrumb\":{\"@id\":\"https:\/\/www.szenik.eu\/de\/maria-de-buenos-aires-eine-tanzproduktion-des-balletts-der-opera-national-du-rhin-30570#breadcrumb\"},\"inLanguage\":\"de\",\"potentialAction\":[{\"@type\":\"ReadAction\",\"target\":[\"https:\/\/www.szenik.eu\/de\/maria-de-buenos-aires-eine-tanzproduktion-des-balletts-der-opera-national-du-rhin-30570\"]}]},{\"@type\":\"BreadcrumbList\",\"@id\":\"https:\/\/www.szenik.eu\/de\/maria-de-buenos-aires-eine-tanzproduktion-des-balletts-der-opera-national-du-rhin-30570#breadcrumb\",\"itemListElement\":[{\"@type\":\"ListItem\",\"position\":1,\"name\":\"Home\",\"item\":\"https:\/\/www.szenik.eu\/de\"},{\"@type\":\"ListItem\",\"position\":2,\"name\":\"&#8222;Maria de Buenos Aires&#8220;, eine Tanzproduktion des Balletts der Op\u00e9ra national du Rhin\"}]},{\"@type\":\"WebSite\",\"@id\":\"https:\/\/www.szenik.eu\/de\/#website\",\"url\":\"https:\/\/www.szenik.eu\/de\/\",\"name\":\"szenik\",\"description\":\"Le Meilleur des sc\u00e8nes au coeur de l&#039;Europe\",\"publisher\":{\"@id\":\"https:\/\/www.szenik.eu\/de\/#organization\"},\"potentialAction\":[{\"@type\":\"SearchAction\",\"target\":{\"@type\":\"EntryPoint\",\"urlTemplate\":\"https:\/\/www.szenik.eu\/de\/?s={search_term_string}\"},\"query-input\":\"required name=search_term_string\"}],\"inLanguage\":\"de\"},{\"@type\":\"Organization\",\"@id\":\"https:\/\/www.szenik.eu\/de\/#organization\",\"name\":\"Szenik\",\"url\":\"https:\/\/www.szenik.eu\/de\/\",\"logo\":{\"@type\":\"ImageObject\",\"inLanguage\":\"de\",\"@id\":\"https:\/\/www.szenik.eu\/de\/#\/schema\/logo\/image\/\",\"url\":\"https:\/\/www.szenik.eu\/wp-content\/uploads\/2019\/07\/logo-square.png\",\"contentUrl\":\"https:\/\/www.szenik.eu\/wp-content\/uploads\/2019\/07\/logo-square.png\",\"width\":512,\"height\":512,\"caption\":\"Szenik\"},\"image\":{\"@id\":\"https:\/\/www.szenik.eu\/de\/#\/schema\/logo\/image\/\"},\"sameAs\":[\"https:\/\/www.facebook.com\/szenik.eu\/\",\"https:\/\/twitter.com\/Szenik\",\"https:\/\/www.instagram.com\/szenik_magazine\/\",\"https:\/\/www.youtube.com\/user\/SzenikEU\/\"]},{\"@type\":\"Person\",\"@id\":\"https:\/\/www.szenik.eu\/de\/#\/schema\/person\/15f73f175b41bad194837490339d48fb\",\"name\":\"szenik\",\"image\":{\"@type\":\"ImageObject\",\"inLanguage\":\"de\",\"@id\":\"https:\/\/www.szenik.eu\/de\/#\/schema\/person\/image\/\",\"url\":\"https:\/\/secure.gravatar.com\/avatar\/d1c4f19522a624a4eaa5e6c03e22370b?s=96&d=mm&r=g\",\"contentUrl\":\"https:\/\/secure.gravatar.com\/avatar\/d1c4f19522a624a4eaa5e6c03e22370b?s=96&d=mm&r=g\",\"caption\":\"szenik\"}}]}<\/script>\n<!-- \/ Yoast SEO plugin. -->","yoast_head_json":{"title":"Maria de Buenos Aires von Matias Tripodi im Replay auf szenik I szenik","description":"Matias Tripodi, T\u00e4nzer und leidenschaftlicher Tango-Experte, schuf \"Maria de Buenos Aires\", eine Produktion f\u00fcr das Ballett der Op\u00e9ra national du Rhin.","robots":{"index":"index","follow":"follow","max-snippet":"max-snippet:-1","max-image-preview":"max-image-preview:large","max-video-preview":"max-video-preview:-1"},"canonical":"https:\/\/www.szenik.eu\/de\/maria-de-buenos-aires-eine-tanzproduktion-des-balletts-der-opera-national-du-rhin-30570","og_locale":"de_DE","og_type":"article","og_title":"Maria de Buenos Aires von Matias Tripodi im Replay auf szenik I szenik","og_description":"Matias Tripodi, T\u00e4nzer und leidenschaftlicher Tango-Experte, schuf \"Maria de Buenos Aires\", eine Produktion f\u00fcr das Ballett der Op\u00e9ra national du Rhin.","og_url":"https:\/\/www.szenik.eu\/de\/maria-de-buenos-aires-eine-tanzproduktion-des-balletts-der-opera-national-du-rhin-30570","og_site_name":"szenik","article_publisher":"https:\/\/www.facebook.com\/szenik.eu\/","article_published_time":"2020-03-18T10:13:58+00:00","article_modified_time":"2020-03-18T10:16:52+00:00","og_image":[{"width":800,"height":550,"url":"https:\/\/www.szenik.eu\/wp-content\/uploads\/2020\/03\/maria-de-buenos-aires.jpg","type":"image\/jpeg"}],"author":"szenik","twitter_card":"summary_large_image","twitter_creator":"@Szenik","twitter_site":"@Szenik","twitter_misc":{"Verfasst von":"szenik","Gesch\u00e4tzte Lesezeit":"1\u00a0Minute"},"schema":{"@context":"https:\/\/schema.org","@graph":[{"@type":"Article","@id":"https:\/\/www.szenik.eu\/de\/maria-de-buenos-aires-eine-tanzproduktion-des-balletts-der-opera-national-du-rhin-30570#article","isPartOf":{"@id":"https:\/\/www.szenik.eu\/de\/maria-de-buenos-aires-eine-tanzproduktion-des-balletts-der-opera-national-du-rhin-30570"},"author":{"name":"szenik","@id":"https:\/\/www.szenik.eu\/de\/#\/schema\/person\/15f73f175b41bad194837490339d48fb"},"headline":"&#8222;Maria de Buenos Aires&#8220;, eine Tanzproduktion des Balletts der Op\u00e9ra national du Rhin","datePublished":"2020-03-18T10:13:58+00:00","dateModified":"2020-03-18T10:16:52+00:00","mainEntityOfPage":{"@id":"https:\/\/www.szenik.eu\/de\/maria-de-buenos-aires-eine-tanzproduktion-des-balletts-der-opera-national-du-rhin-30570"},"wordCount":270,"commentCount":0,"publisher":{"@id":"https:\/\/www.szenik.eu\/de\/#organization"},"keywords":["Ballet de l'OnR","Ballett","festival","Matias Tripodi","Stra\u00dfburg","Tanz"],"articleSection":["Danse","Szenik Live","Szenik Live","Tanz"],"inLanguage":"de","potentialAction":[{"@type":"CommentAction","name":"Comment","target":["https:\/\/www.szenik.eu\/de\/maria-de-buenos-aires-eine-tanzproduktion-des-balletts-der-opera-national-du-rhin-30570#respond"]}]},{"@type":"WebPage","@id":"https:\/\/www.szenik.eu\/de\/maria-de-buenos-aires-eine-tanzproduktion-des-balletts-der-opera-national-du-rhin-30570","url":"https:\/\/www.szenik.eu\/de\/maria-de-buenos-aires-eine-tanzproduktion-des-balletts-der-opera-national-du-rhin-30570","name":"Maria de Buenos Aires von Matias Tripodi im Replay auf szenik I szenik","isPartOf":{"@id":"https:\/\/www.szenik.eu\/de\/#website"},"datePublished":"2020-03-18T10:13:58+00:00","dateModified":"2020-03-18T10:16:52+00:00","description":"Matias Tripodi, T\u00e4nzer und leidenschaftlicher Tango-Experte, schuf \"Maria de Buenos Aires\", eine Produktion f\u00fcr das Ballett der Op\u00e9ra national du Rhin.","breadcrumb":{"@id":"https:\/\/www.szenik.eu\/de\/maria-de-buenos-aires-eine-tanzproduktion-des-balletts-der-opera-national-du-rhin-30570#breadcrumb"},"inLanguage":"de","potentialAction":[{"@type":"ReadAction","target":["https:\/\/www.szenik.eu\/de\/maria-de-buenos-aires-eine-tanzproduktion-des-balletts-der-opera-national-du-rhin-30570"]}]},{"@type":"BreadcrumbList","@id":"https:\/\/www.szenik.eu\/de\/maria-de-buenos-aires-eine-tanzproduktion-des-balletts-der-opera-national-du-rhin-30570#breadcrumb","itemListElement":[{"@type":"ListItem","position":1,"name":"Home","item":"https:\/\/www.szenik.eu\/de"},{"@type":"ListItem","position":2,"name":"&#8222;Maria de Buenos Aires&#8220;, eine Tanzproduktion des Balletts der Op\u00e9ra national du Rhin"}]},{"@type":"WebSite","@id":"https:\/\/www.szenik.eu\/de\/#website","url":"https:\/\/www.szenik.eu\/de\/","name":"szenik","description":"Le Meilleur des sc\u00e8nes au coeur de l&#039;Europe","publisher":{"@id":"https:\/\/www.szenik.eu\/de\/#organization"},"potentialAction":[{"@type":"SearchAction","target":{"@type":"EntryPoint","urlTemplate":"https:\/\/www.szenik.eu\/de\/?s={search_term_string}"},"query-input":"required name=search_term_string"}],"inLanguage":"de"},{"@type":"Organization","@id":"https:\/\/www.szenik.eu\/de\/#organization","name":"Szenik","url":"https:\/\/www.szenik.eu\/de\/","logo":{"@type":"ImageObject","inLanguage":"de","@id":"https:\/\/www.szenik.eu\/de\/#\/schema\/logo\/image\/","url":"https:\/\/www.szenik.eu\/wp-content\/uploads\/2019\/07\/logo-square.png","contentUrl":"https:\/\/www.szenik.eu\/wp-content\/uploads\/2019\/07\/logo-square.png","width":512,"height":512,"caption":"Szenik"},"image":{"@id":"https:\/\/www.szenik.eu\/de\/#\/schema\/logo\/image\/"},"sameAs":["https:\/\/www.facebook.com\/szenik.eu\/","https:\/\/twitter.com\/Szenik","https:\/\/www.instagram.com\/szenik_magazine\/","https:\/\/www.youtube.com\/user\/SzenikEU\/"]},{"@type":"Person","@id":"https:\/\/www.szenik.eu\/de\/#\/schema\/person\/15f73f175b41bad194837490339d48fb","name":"szenik","image":{"@type":"ImageObject","inLanguage":"de","@id":"https:\/\/www.szenik.eu\/de\/#\/schema\/person\/image\/","url":"https:\/\/secure.gravatar.com\/avatar\/d1c4f19522a624a4eaa5e6c03e22370b?s=96&d=mm&r=g","contentUrl":"https:\/\/secure.gravatar.com\/avatar\/d1c4f19522a624a4eaa5e6c03e22370b?s=96&d=mm&r=g","caption":"szenik"}}]}},"jetpack_featured_media_url":"https:\/\/www.szenik.eu\/wp-content\/uploads\/2020\/03\/maria-de-buenos-aires.jpg","amp_enabled":true,"_links":{"self":[{"href":"https:\/\/www.szenik.eu\/de\/wp-json\/\/wp\/v2\/posts\/30570"}],"collection":[{"href":"https:\/\/www.szenik.eu\/de\/wp-json\/\/wp\/v2\/posts"}],"about":[{"href":"https:\/\/www.szenik.eu\/de\/wp-json\/\/wp\/v2\/types\/post"}],"author":[{"embeddable":true,"href":"https:\/\/www.szenik.eu\/de\/wp-json\/\/wp\/v2\/users\/1"}],"replies":[{"embeddable":true,"href":"https:\/\/www.szenik.eu\/de\/wp-json\/\/wp\/v2\/comments?post=30570"}],"version-history":[{"count":2,"href":"https:\/\/www.szenik.eu\/de\/wp-json\/\/wp\/v2\/posts\/30570\/revisions"}],"predecessor-version":[{"id":30572,"href":"https:\/\/www.szenik.eu\/de\/wp-json\/\/wp\/v2\/posts\/30570\/revisions\/30572"}],"wp:featuredmedia":[{"embeddable":true,"href":"https:\/\/www.szenik.eu\/de\/wp-json\/\/wp\/v2\/media\/30567"}],"wp:attachment":[{"href":"https:\/\/www.szenik.eu\/de\/wp-json\/\/wp\/v2\/media?parent=30570"}],"wp:term":[{"taxonomy":"category","embeddable":true,"href":"https:\/\/www.szenik.eu\/de\/wp-json\/\/wp\/v2\/categories?post=30570"},{"taxonomy":"post_tag","embeddable":true,"href":"https:\/\/www.szenik.eu\/de\/wp-json\/\/wp\/v2\/tags?post=30570"}],"curies":[{"name":"wp","href":"https:\/\/api.w.org\/{rel}","templated":true}]}}