{"id":30464,"date":"2020-03-13T15:38:26","date_gmt":"2020-03-13T14:38:26","guid":{"rendered":"https:\/\/www.szenik.eu\/?p=30464\/"},"modified":"2020-04-09T17:55:42","modified_gmt":"2020-04-09T15:55:42","slug":"oper-trotz-corona-die-staatsoper-stuttgart-zeigt-in-der-zeit-des-vorstellungsausfalls-ein-digitales-on-demand-opernprogramm-auf-ihrer-website","status":"publish","type":"post","link":"https:\/\/www.szenik.eu\/de\/oper-trotz-corona-die-staatsoper-stuttgart-zeigt-in-der-zeit-des-vorstellungsausfalls-ein-digitales-on-demand-opernprogramm-auf-ihrer-website-30464","title":{"rendered":"Oper trotz Corona: Die Staatsoper Stuttgart zeigt in der Zeit des Vorstellungsausfalls ein digitales On-Demand-Opernprogramm auf ihrer Website"},"content":{"rendered":"\n<p><\/p>\n\n\n\n<h2>Die Staatsoper Stuttgart stellt gemeinsam mit ihrem Digitalpartner, der LBBW, in dieser Zeit auf ihrer Website kostenlos ein digitales Opernprogramm zur Verf\u00fcgung und ist so weiterhin f\u00fcr ihr Publikum pr\u00e4sent \u2013 nur nicht auf der B\u00fchne, sondern im Web.&nbsp;<\/h2>\n\n\n\n<div style=\"height:100px\" aria-hidden=\"true\" class=\"wp-block-spacer\"><\/div>\n\n\n\n<p>Aufgrund der vom Land Baden-W\u00fcrttemberg verf\u00fcgten Anordnung im Rahmen der Ma\u00dfnahmen zur Eind\u00e4mmung der Infektion mit dem Corona-Virus wurden am Abend des 12. M\u00e4rz 2020 alle Vorstellungen der Staatstheater Stuttgart vom 11. M\u00e4rz bis einschlie\u00dflich 19. April 2020 in allen Spielst\u00e4tten abgesagt. Dennoch werden Opernfans auch in dieser Zeit nicht vollst\u00e4ndig auf Musiktheater verzichten m\u00fcssen. <\/p>\n\n\n\n<p>Bereits am&nbsp;<strong>Samstag, 14.03.2020,<\/strong>&nbsp;wird&nbsp;<strong>ab 17 Uhr<\/strong>&nbsp;statt der f\u00fcr den Vorabend geplanten Vorstellung von&nbsp;<strong>Wolfgang Amadeus<\/strong>&nbsp;<strong>Mozarts&nbsp;<em>Le nozze di Figaro<\/em><\/strong>&nbsp;die Live-Aufzeichnung einer vergangenen Auff\u00fchrung dieser Produktion auf der Website zu sehen sein. Die ungek\u00fcrzte Auff\u00fchrung ist mit deutschen Untertiteln versehen und wird eine Woche lang on demand auf der Website der Staatsoper Stuttgart zur Verf\u00fcgung stehen. Ab 20.3.2020 wird eine andere Produktion des Hauses gezeigt \u2013 danach folgen in w\u00f6chentlichem Wechsel weitere Mitschnitte.<\/p>\n\n\n\n<p>Flankiert wird dieses Programm in der kommenden Woche von weiteren Online-Aktivit\u00e4ten und kleinen zus\u00e4tzlichen \u00dcberraschungs-Videoclips aus dem Opernhaus.<\/p>\n\n\n\n<div style=\"height:20px\" aria-hidden=\"true\" class=\"wp-block-spacer\"><\/div>\n\n\n\n<blockquote class=\"wp-block-quote\"><p>Intendant Viktor Schoner: \u201eWir lassen uns von der zugegebenerma\u00dfen schwierigen Situation nicht entmutigen und wollen mit diesen Aktionen ein Zeichen setzen: Wir sind auch weiterhin f\u00fcr unser Publikum da \u2013 mit Engagement, Spielfreude und Musikalit\u00e4t! Nicht realisieren werden wir so genannte \u201aGeisterauff\u00fchrungen\u2018 ohne Publikum \u2013 die Stimmung einer Opernauff\u00fchrung mit vollem Zuschauerhaus l\u00e4sst sich nicht ersetzen.\u201c<\/p><\/blockquote>\n\n\n\n<div style=\"height:100px\" aria-hidden=\"true\" class=\"wp-block-spacer\"><\/div>\n\n\n\n<p>Stand heute wird der regul\u00e4re Spielbetrieb ab Montag, 20.4.2020, wieder aufgenommen.<\/p>\n\n\n\n<div style=\"height:100px\" aria-hidden=\"true\" class=\"wp-block-spacer\"><\/div>\n\n\n\n<figure class=\"wp-block-embed-youtube wp-block-embed is-type-video is-provider-youtube wp-embed-aspect-16-9 wp-has-aspect-ratio\"><div class=\"wp-block-embed__wrapper\">\n<iframe loading=\"lazy\" title=\"Die Liebe zu drei Orangen | Staatsoper Stuttgart\" width=\"500\" height=\"281\" src=\"https:\/\/www.youtube.com\/embed\/SJicyJtVK-Q?feature=oembed\" frameborder=\"0\" allow=\"accelerometer; autoplay; encrypted-media; gyroscope; picture-in-picture\" allowfullscreen><\/iframe>\n<\/div><figcaption>&#8222;Die Liebe zu drei Orangen&#8220;, bis 27.03.2020<\/figcaption><\/figure>\n\n\n\n<div style=\"height:100px\" aria-hidden=\"true\" class=\"wp-block-spacer\"><\/div>\n\n\n\n<p><strong>Alle Informationen:&nbsp;<a rel=\"noreferrer noopener\" aria-label=\"www.staatsoper-stuttgart.de\/oper-statt-corona (opens in a new tab)\" href=\"http:\/\/www.staatsoper-stuttgart.de\/oper-statt-corona\" target=\"_blank\">www.staatsoper-stuttgart.de\/oper-statt-corona<\/a><\/strong><\/p>\n\n\n\n<div style=\"height:100px\" aria-hidden=\"true\" class=\"wp-block-spacer\"><\/div>\n\n\n\n<p>Foto: Martin Sigmund<\/p>\n","protected":false},"excerpt":{"rendered":"<p>Die Staatsoper Stuttgart stellt gemeinsam mit ihrem Digitalpartner, der LBBW, in dieser Zeit auf ihrer Website kostenlos ein digitales Opernprogramm zur Verf\u00fcgung und ist so weiterhin f\u00fcr ihr Publikum pr\u00e4sent \u2013 nur nicht auf der B\u00fchne, sondern im Web.&nbsp; Aufgrund der vom Land Baden-W\u00fcrttemberg verf\u00fcgten Anordnung im Rahmen der Ma\u00dfnahmen zur Eind\u00e4mmung der Infektion mit [&hellip;]<\/p>\n","protected":false},"author":1,"featured_media":30465,"comment_status":"open","ping_status":"open","sticky":false,"template":"","format":"standard","meta":{"_monsterinsights_skip_tracking":false,"_monsterinsights_sitenote_active":false,"_monsterinsights_sitenote_note":"","_monsterinsights_sitenote_category":0},"categories":[6439,53],"tags":[2259,3244,6309,6308,2770],"yoast_head":"<!-- This site is optimized with the Yoast SEO plugin v20.5 - https:\/\/yoast.com\/wordpress\/plugins\/seo\/ -->\n<title>In der Staatstoper Stuttgart lautet die Devise: Oper trotz Corona I szenik<\/title>\n<meta name=\"description\" content=\"Oper trotz Corona: Die Staatsoper Stuttgart zeigt in der Zeit des Vorstellungsausfalls ein digitales On-Demand-Opernprogramm auf ihrer Website.\" \/>\n<meta name=\"robots\" content=\"index, follow, max-snippet:-1, max-image-preview:large, max-video-preview:-1\" \/>\n<link rel=\"canonical\" href=\"https:\/\/www.szenik.eu\/de\/oper-trotz-corona-die-staatsoper-stuttgart-zeigt-in-der-zeit-des-vorstellungsausfalls-ein-digitales-on-demand-opernprogramm-auf-ihrer-website-30464\" \/>\n<meta property=\"og:locale\" content=\"de_DE\" \/>\n<meta property=\"og:type\" content=\"article\" \/>\n<meta property=\"og:title\" content=\"In der Staatstoper Stuttgart lautet die Devise: Oper trotz Corona I szenik\" \/>\n<meta property=\"og:description\" content=\"Oper trotz Corona: Die Staatsoper Stuttgart zeigt in der Zeit des Vorstellungsausfalls ein digitales On-Demand-Opernprogramm auf ihrer Website.\" \/>\n<meta property=\"og:url\" content=\"https:\/\/www.szenik.eu\/de\/oper-trotz-corona-die-staatsoper-stuttgart-zeigt-in-der-zeit-des-vorstellungsausfalls-ein-digitales-on-demand-opernprogramm-auf-ihrer-website-30464\" \/>\n<meta property=\"og:site_name\" content=\"szenik\" \/>\n<meta property=\"article:publisher\" content=\"https:\/\/www.facebook.com\/szenik.eu\/\" \/>\n<meta property=\"article:published_time\" content=\"2020-03-13T14:38:26+00:00\" \/>\n<meta property=\"article:modified_time\" content=\"2020-04-09T15:55:42+00:00\" \/>\n<meta property=\"og:image\" content=\"https:\/\/www.szenik.eu\/wp-content\/uploads\/2020\/03\/Capture-d\u2019\u00e9cran-2020-03-13-\u00e0-15.32.48.png\" \/>\n\t<meta property=\"og:image:width\" content=\"1193\" \/>\n\t<meta property=\"og:image:height\" content=\"727\" \/>\n\t<meta property=\"og:image:type\" content=\"image\/png\" \/>\n<meta name=\"author\" content=\"szenik\" \/>\n<meta name=\"twitter:card\" content=\"summary_large_image\" \/>\n<meta name=\"twitter:creator\" content=\"@Szenik\" \/>\n<meta name=\"twitter:site\" content=\"@Szenik\" \/>\n<meta name=\"twitter:label1\" content=\"Verfasst von\" \/>\n\t<meta name=\"twitter:data1\" content=\"szenik\" \/>\n\t<meta name=\"twitter:label2\" content=\"Gesch\u00e4tzte Lesezeit\" \/>\n\t<meta name=\"twitter:data2\" content=\"2\u00a0Minuten\" \/>\n<script type=\"application\/ld+json\" class=\"yoast-schema-graph\">{\"@context\":\"https:\/\/schema.org\",\"@graph\":[{\"@type\":\"Article\",\"@id\":\"https:\/\/www.szenik.eu\/de\/oper-trotz-corona-die-staatsoper-stuttgart-zeigt-in-der-zeit-des-vorstellungsausfalls-ein-digitales-on-demand-opernprogramm-auf-ihrer-website-30464#article\",\"isPartOf\":{\"@id\":\"https:\/\/www.szenik.eu\/de\/oper-trotz-corona-die-staatsoper-stuttgart-zeigt-in-der-zeit-des-vorstellungsausfalls-ein-digitales-on-demand-opernprogramm-auf-ihrer-website-30464\"},\"author\":{\"name\":\"szenik\",\"@id\":\"https:\/\/www.szenik.eu\/de\/#\/schema\/person\/15f73f175b41bad194837490339d48fb\"},\"headline\":\"Oper trotz Corona: Die Staatsoper Stuttgart zeigt in der Zeit des Vorstellungsausfalls ein digitales On-Demand-Opernprogramm auf ihrer Website\",\"datePublished\":\"2020-03-13T14:38:26+00:00\",\"dateModified\":\"2020-04-09T15:55:42+00:00\",\"mainEntityOfPage\":{\"@id\":\"https:\/\/www.szenik.eu\/de\/oper-trotz-corona-die-staatsoper-stuttgart-zeigt-in-der-zeit-des-vorstellungsausfalls-ein-digitales-on-demand-opernprogramm-auf-ihrer-website-30464\"},\"wordCount\":319,\"commentCount\":0,\"publisher\":{\"@id\":\"https:\/\/www.szenik.eu\/de\/#organization\"},\"keywords\":[\"Klassik\",\"Oper\",\"Opernhaus Stuttgart\",\"Staatsoper Stuttgart\",\"Stuttgart\"],\"articleSection\":[\"DAS B\u00dcHNENLEBEN GEHT WEITER\",\"Magazin\"],\"inLanguage\":\"de\",\"potentialAction\":[{\"@type\":\"CommentAction\",\"name\":\"Comment\",\"target\":[\"https:\/\/www.szenik.eu\/de\/oper-trotz-corona-die-staatsoper-stuttgart-zeigt-in-der-zeit-des-vorstellungsausfalls-ein-digitales-on-demand-opernprogramm-auf-ihrer-website-30464#respond\"]}]},{\"@type\":\"WebPage\",\"@id\":\"https:\/\/www.szenik.eu\/de\/oper-trotz-corona-die-staatsoper-stuttgart-zeigt-in-der-zeit-des-vorstellungsausfalls-ein-digitales-on-demand-opernprogramm-auf-ihrer-website-30464\",\"url\":\"https:\/\/www.szenik.eu\/de\/oper-trotz-corona-die-staatsoper-stuttgart-zeigt-in-der-zeit-des-vorstellungsausfalls-ein-digitales-on-demand-opernprogramm-auf-ihrer-website-30464\",\"name\":\"In der Staatstoper Stuttgart lautet die Devise: Oper trotz Corona I szenik\",\"isPartOf\":{\"@id\":\"https:\/\/www.szenik.eu\/de\/#website\"},\"datePublished\":\"2020-03-13T14:38:26+00:00\",\"dateModified\":\"2020-04-09T15:55:42+00:00\",\"description\":\"Oper trotz Corona: Die Staatsoper Stuttgart zeigt in der Zeit des Vorstellungsausfalls ein digitales On-Demand-Opernprogramm auf ihrer Website.\",\"breadcrumb\":{\"@id\":\"https:\/\/www.szenik.eu\/de\/oper-trotz-corona-die-staatsoper-stuttgart-zeigt-in-der-zeit-des-vorstellungsausfalls-ein-digitales-on-demand-opernprogramm-auf-ihrer-website-30464#breadcrumb\"},\"inLanguage\":\"de\",\"potentialAction\":[{\"@type\":\"ReadAction\",\"target\":[\"https:\/\/www.szenik.eu\/de\/oper-trotz-corona-die-staatsoper-stuttgart-zeigt-in-der-zeit-des-vorstellungsausfalls-ein-digitales-on-demand-opernprogramm-auf-ihrer-website-30464\"]}]},{\"@type\":\"BreadcrumbList\",\"@id\":\"https:\/\/www.szenik.eu\/de\/oper-trotz-corona-die-staatsoper-stuttgart-zeigt-in-der-zeit-des-vorstellungsausfalls-ein-digitales-on-demand-opernprogramm-auf-ihrer-website-30464#breadcrumb\",\"itemListElement\":[{\"@type\":\"ListItem\",\"position\":1,\"name\":\"Home\",\"item\":\"https:\/\/www.szenik.eu\/de\"},{\"@type\":\"ListItem\",\"position\":2,\"name\":\"Oper trotz Corona: Die Staatsoper Stuttgart zeigt in der Zeit des Vorstellungsausfalls ein digitales On-Demand-Opernprogramm auf ihrer Website\"}]},{\"@type\":\"WebSite\",\"@id\":\"https:\/\/www.szenik.eu\/de\/#website\",\"url\":\"https:\/\/www.szenik.eu\/de\/\",\"name\":\"szenik\",\"description\":\"Le Meilleur des sc\u00e8nes au coeur de l&#039;Europe\",\"publisher\":{\"@id\":\"https:\/\/www.szenik.eu\/de\/#organization\"},\"potentialAction\":[{\"@type\":\"SearchAction\",\"target\":{\"@type\":\"EntryPoint\",\"urlTemplate\":\"https:\/\/www.szenik.eu\/de\/?s={search_term_string}\"},\"query-input\":\"required name=search_term_string\"}],\"inLanguage\":\"de\"},{\"@type\":\"Organization\",\"@id\":\"https:\/\/www.szenik.eu\/de\/#organization\",\"name\":\"Szenik\",\"url\":\"https:\/\/www.szenik.eu\/de\/\",\"logo\":{\"@type\":\"ImageObject\",\"inLanguage\":\"de\",\"@id\":\"https:\/\/www.szenik.eu\/de\/#\/schema\/logo\/image\/\",\"url\":\"https:\/\/www.szenik.eu\/wp-content\/uploads\/2019\/07\/logo-square.png\",\"contentUrl\":\"https:\/\/www.szenik.eu\/wp-content\/uploads\/2019\/07\/logo-square.png\",\"width\":512,\"height\":512,\"caption\":\"Szenik\"},\"image\":{\"@id\":\"https:\/\/www.szenik.eu\/de\/#\/schema\/logo\/image\/\"},\"sameAs\":[\"https:\/\/www.facebook.com\/szenik.eu\/\",\"https:\/\/twitter.com\/Szenik\",\"https:\/\/www.instagram.com\/szenik_magazine\/\",\"https:\/\/www.youtube.com\/user\/SzenikEU\/\"]},{\"@type\":\"Person\",\"@id\":\"https:\/\/www.szenik.eu\/de\/#\/schema\/person\/15f73f175b41bad194837490339d48fb\",\"name\":\"szenik\",\"image\":{\"@type\":\"ImageObject\",\"inLanguage\":\"de\",\"@id\":\"https:\/\/www.szenik.eu\/de\/#\/schema\/person\/image\/\",\"url\":\"https:\/\/secure.gravatar.com\/avatar\/d1c4f19522a624a4eaa5e6c03e22370b?s=96&d=mm&r=g\",\"contentUrl\":\"https:\/\/secure.gravatar.com\/avatar\/d1c4f19522a624a4eaa5e6c03e22370b?s=96&d=mm&r=g\",\"caption\":\"szenik\"}}]}<\/script>\n<!-- \/ Yoast SEO plugin. -->","yoast_head_json":{"title":"In der Staatstoper Stuttgart lautet die Devise: Oper trotz Corona I szenik","description":"Oper trotz Corona: Die Staatsoper Stuttgart zeigt in der Zeit des Vorstellungsausfalls ein digitales On-Demand-Opernprogramm auf ihrer Website.","robots":{"index":"index","follow":"follow","max-snippet":"max-snippet:-1","max-image-preview":"max-image-preview:large","max-video-preview":"max-video-preview:-1"},"canonical":"https:\/\/www.szenik.eu\/de\/oper-trotz-corona-die-staatsoper-stuttgart-zeigt-in-der-zeit-des-vorstellungsausfalls-ein-digitales-on-demand-opernprogramm-auf-ihrer-website-30464","og_locale":"de_DE","og_type":"article","og_title":"In der Staatstoper Stuttgart lautet die Devise: Oper trotz Corona I szenik","og_description":"Oper trotz Corona: Die Staatsoper Stuttgart zeigt in der Zeit des Vorstellungsausfalls ein digitales On-Demand-Opernprogramm auf ihrer Website.","og_url":"https:\/\/www.szenik.eu\/de\/oper-trotz-corona-die-staatsoper-stuttgart-zeigt-in-der-zeit-des-vorstellungsausfalls-ein-digitales-on-demand-opernprogramm-auf-ihrer-website-30464","og_site_name":"szenik","article_publisher":"https:\/\/www.facebook.com\/szenik.eu\/","article_published_time":"2020-03-13T14:38:26+00:00","article_modified_time":"2020-04-09T15:55:42+00:00","og_image":[{"width":1193,"height":727,"url":"https:\/\/www.szenik.eu\/wp-content\/uploads\/2020\/03\/Capture-d\u2019\u00e9cran-2020-03-13-\u00e0-15.32.48.png","type":"image\/png"}],"author":"szenik","twitter_card":"summary_large_image","twitter_creator":"@Szenik","twitter_site":"@Szenik","twitter_misc":{"Verfasst von":"szenik","Gesch\u00e4tzte Lesezeit":"2\u00a0Minuten"},"schema":{"@context":"https:\/\/schema.org","@graph":[{"@type":"Article","@id":"https:\/\/www.szenik.eu\/de\/oper-trotz-corona-die-staatsoper-stuttgart-zeigt-in-der-zeit-des-vorstellungsausfalls-ein-digitales-on-demand-opernprogramm-auf-ihrer-website-30464#article","isPartOf":{"@id":"https:\/\/www.szenik.eu\/de\/oper-trotz-corona-die-staatsoper-stuttgart-zeigt-in-der-zeit-des-vorstellungsausfalls-ein-digitales-on-demand-opernprogramm-auf-ihrer-website-30464"},"author":{"name":"szenik","@id":"https:\/\/www.szenik.eu\/de\/#\/schema\/person\/15f73f175b41bad194837490339d48fb"},"headline":"Oper trotz Corona: Die Staatsoper Stuttgart zeigt in der Zeit des Vorstellungsausfalls ein digitales On-Demand-Opernprogramm auf ihrer Website","datePublished":"2020-03-13T14:38:26+00:00","dateModified":"2020-04-09T15:55:42+00:00","mainEntityOfPage":{"@id":"https:\/\/www.szenik.eu\/de\/oper-trotz-corona-die-staatsoper-stuttgart-zeigt-in-der-zeit-des-vorstellungsausfalls-ein-digitales-on-demand-opernprogramm-auf-ihrer-website-30464"},"wordCount":319,"commentCount":0,"publisher":{"@id":"https:\/\/www.szenik.eu\/de\/#organization"},"keywords":["Klassik","Oper","Opernhaus Stuttgart","Staatsoper Stuttgart","Stuttgart"],"articleSection":["DAS B\u00dcHNENLEBEN GEHT WEITER","Magazin"],"inLanguage":"de","potentialAction":[{"@type":"CommentAction","name":"Comment","target":["https:\/\/www.szenik.eu\/de\/oper-trotz-corona-die-staatsoper-stuttgart-zeigt-in-der-zeit-des-vorstellungsausfalls-ein-digitales-on-demand-opernprogramm-auf-ihrer-website-30464#respond"]}]},{"@type":"WebPage","@id":"https:\/\/www.szenik.eu\/de\/oper-trotz-corona-die-staatsoper-stuttgart-zeigt-in-der-zeit-des-vorstellungsausfalls-ein-digitales-on-demand-opernprogramm-auf-ihrer-website-30464","url":"https:\/\/www.szenik.eu\/de\/oper-trotz-corona-die-staatsoper-stuttgart-zeigt-in-der-zeit-des-vorstellungsausfalls-ein-digitales-on-demand-opernprogramm-auf-ihrer-website-30464","name":"In der Staatstoper Stuttgart lautet die Devise: Oper trotz Corona I szenik","isPartOf":{"@id":"https:\/\/www.szenik.eu\/de\/#website"},"datePublished":"2020-03-13T14:38:26+00:00","dateModified":"2020-04-09T15:55:42+00:00","description":"Oper trotz Corona: Die Staatsoper Stuttgart zeigt in der Zeit des Vorstellungsausfalls ein digitales On-Demand-Opernprogramm auf ihrer Website.","breadcrumb":{"@id":"https:\/\/www.szenik.eu\/de\/oper-trotz-corona-die-staatsoper-stuttgart-zeigt-in-der-zeit-des-vorstellungsausfalls-ein-digitales-on-demand-opernprogramm-auf-ihrer-website-30464#breadcrumb"},"inLanguage":"de","potentialAction":[{"@type":"ReadAction","target":["https:\/\/www.szenik.eu\/de\/oper-trotz-corona-die-staatsoper-stuttgart-zeigt-in-der-zeit-des-vorstellungsausfalls-ein-digitales-on-demand-opernprogramm-auf-ihrer-website-30464"]}]},{"@type":"BreadcrumbList","@id":"https:\/\/www.szenik.eu\/de\/oper-trotz-corona-die-staatsoper-stuttgart-zeigt-in-der-zeit-des-vorstellungsausfalls-ein-digitales-on-demand-opernprogramm-auf-ihrer-website-30464#breadcrumb","itemListElement":[{"@type":"ListItem","position":1,"name":"Home","item":"https:\/\/www.szenik.eu\/de"},{"@type":"ListItem","position":2,"name":"Oper trotz Corona: Die Staatsoper Stuttgart zeigt in der Zeit des Vorstellungsausfalls ein digitales On-Demand-Opernprogramm auf ihrer Website"}]},{"@type":"WebSite","@id":"https:\/\/www.szenik.eu\/de\/#website","url":"https:\/\/www.szenik.eu\/de\/","name":"szenik","description":"Le Meilleur des sc\u00e8nes au coeur de l&#039;Europe","publisher":{"@id":"https:\/\/www.szenik.eu\/de\/#organization"},"potentialAction":[{"@type":"SearchAction","target":{"@type":"EntryPoint","urlTemplate":"https:\/\/www.szenik.eu\/de\/?s={search_term_string}"},"query-input":"required name=search_term_string"}],"inLanguage":"de"},{"@type":"Organization","@id":"https:\/\/www.szenik.eu\/de\/#organization","name":"Szenik","url":"https:\/\/www.szenik.eu\/de\/","logo":{"@type":"ImageObject","inLanguage":"de","@id":"https:\/\/www.szenik.eu\/de\/#\/schema\/logo\/image\/","url":"https:\/\/www.szenik.eu\/wp-content\/uploads\/2019\/07\/logo-square.png","contentUrl":"https:\/\/www.szenik.eu\/wp-content\/uploads\/2019\/07\/logo-square.png","width":512,"height":512,"caption":"Szenik"},"image":{"@id":"https:\/\/www.szenik.eu\/de\/#\/schema\/logo\/image\/"},"sameAs":["https:\/\/www.facebook.com\/szenik.eu\/","https:\/\/twitter.com\/Szenik","https:\/\/www.instagram.com\/szenik_magazine\/","https:\/\/www.youtube.com\/user\/SzenikEU\/"]},{"@type":"Person","@id":"https:\/\/www.szenik.eu\/de\/#\/schema\/person\/15f73f175b41bad194837490339d48fb","name":"szenik","image":{"@type":"ImageObject","inLanguage":"de","@id":"https:\/\/www.szenik.eu\/de\/#\/schema\/person\/image\/","url":"https:\/\/secure.gravatar.com\/avatar\/d1c4f19522a624a4eaa5e6c03e22370b?s=96&d=mm&r=g","contentUrl":"https:\/\/secure.gravatar.com\/avatar\/d1c4f19522a624a4eaa5e6c03e22370b?s=96&d=mm&r=g","caption":"szenik"}}]}},"jetpack_featured_media_url":"https:\/\/www.szenik.eu\/wp-content\/uploads\/2020\/03\/Capture-d\u2019\u00e9cran-2020-03-13-\u00e0-15.32.48.png","amp_enabled":true,"_links":{"self":[{"href":"https:\/\/www.szenik.eu\/de\/wp-json\/\/wp\/v2\/posts\/30464"}],"collection":[{"href":"https:\/\/www.szenik.eu\/de\/wp-json\/\/wp\/v2\/posts"}],"about":[{"href":"https:\/\/www.szenik.eu\/de\/wp-json\/\/wp\/v2\/types\/post"}],"author":[{"embeddable":true,"href":"https:\/\/www.szenik.eu\/de\/wp-json\/\/wp\/v2\/users\/1"}],"replies":[{"embeddable":true,"href":"https:\/\/www.szenik.eu\/de\/wp-json\/\/wp\/v2\/comments?post=30464"}],"version-history":[{"count":4,"href":"https:\/\/www.szenik.eu\/de\/wp-json\/\/wp\/v2\/posts\/30464\/revisions"}],"predecessor-version":[{"id":30613,"href":"https:\/\/www.szenik.eu\/de\/wp-json\/\/wp\/v2\/posts\/30464\/revisions\/30613"}],"wp:featuredmedia":[{"embeddable":true,"href":"https:\/\/www.szenik.eu\/de\/wp-json\/\/wp\/v2\/media\/30465"}],"wp:attachment":[{"href":"https:\/\/www.szenik.eu\/de\/wp-json\/\/wp\/v2\/media?parent=30464"}],"wp:term":[{"taxonomy":"category","embeddable":true,"href":"https:\/\/www.szenik.eu\/de\/wp-json\/\/wp\/v2\/categories?post=30464"},{"taxonomy":"post_tag","embeddable":true,"href":"https:\/\/www.szenik.eu\/de\/wp-json\/\/wp\/v2\/tags?post=30464"}],"curies":[{"name":"wp","href":"https:\/\/api.w.org\/{rel}","templated":true}]}}