{"id":30079,"date":"2020-02-27T14:27:44","date_gmt":"2020-02-27T13:27:44","guid":{"rendered":"https:\/\/www.szenik.eu\/?p=30079\/"},"modified":"2020-02-27T14:28:05","modified_gmt":"2020-02-27T13:28:05","slug":"guido-markowitz-tanz-muss-eine-stimme-haben","status":"publish","type":"post","link":"https:\/\/www.szenik.eu\/de\/guido-markowitz-tanz-muss-eine-stimme-haben-30079","title":{"rendered":"Guido Markowitz: Tanz muss eine Stimme haben"},"content":{"rendered":"\n<h2>Als einer der erfolgreichen Choreografen der j\u00fcngeren Generation in Deutschland war <strong>Guido Markowitz<\/strong>\u2018 \u00a0Weg in die Welt des Tanzes step by step auf Erfolgskurs. Das <em>DANCE FOR YOU MAGAZINE<\/em> hat sich nun mit ihm \u00fcber seinen Werdegang, seine Arbeit im <strong>Theater Pforzheim<\/strong> sowie die Sichtbarkeit des Tanzes.<\/h2>\n\n\n\n<div style=\"height:33px\" aria-hidden=\"true\" class=\"wp-block-spacer\"><\/div>\n\n\n\n<p>Als Quereinsteiger beginnt er seine professionelle Ballettausbildung erst als Jugendlicher und beschreitet seit damals einen neuen Weg zwischen klassischen Tanzstrukturen und der Bewegungssprache des Tanztheaters. Eine mehrj\u00e4hrige Ausbildung an der <strong>Iwanson International School of Dance<\/strong> in M\u00fcnchen bringt ihm den Abschluss als B\u00fchnent\u00e4nzer. Es folgen Engagements an den <strong>St\u00e4dtischen B\u00fchnen M\u00fcnster<\/strong>, als Solist, sp\u00e4ter auch als Choreograf und Regisseur an das Tanztheater von Birgitta Trommler am <strong>Staatstheater Darmstadt<\/strong>, das <strong>Tanzhaus NRW<\/strong> in D\u00fcsseldorf und das <strong>Schauspielhaus Bochum<\/strong>. <\/p>\n\n\n\n<p>Dazwischen lastet viel Arbeit auf den Schultern des \u00d6sterreichers, die ihm aber auch viel Anerkennung bringt: Knapp 50 Neusch\u00f6pfungen f\u00fcr Opern, Ballett-, Schauspiel- und Musicalproduktionen, mehrere davon legen den Schwerpunkt auf die Arbeit mit Jugendlichen und jungen Erwachsenen. Entstanden sind unter anderen auch Werke f\u00fcr das <strong>Shenzhen Ballett<\/strong> in China und das<strong> Saarl\u00e4ndische Staatstheater<\/strong>, mit dessen I Move Company er ein St\u00fcck\u00a0 erarbeitet, das zur Teilnahme am <strong>1. Tanztreffen der Jugend <\/strong>2014 in Berlin delegiert wird und das Festival er\u00f6ffnet. Markowitz\u2018 Arbeit ist sehr vielf\u00e4ltig, er wird als emotionaler, bildstarker K\u00fcnstler beschrieben, der die B\u00fchne beherrscht und hier auch site-specific.<\/p>\n\n\n\n<p>Mit Beginn der Spielzeit 2015\/16 tritt Guido Markowitz die Nachfolge von James Sutherland als Ballettdirektor und Regisseur am <strong>Theater Pforzheim<\/strong> an. Er f\u00fchrt zurzeit eine vierzehnk\u00f6pfige Kompanie, die unter anderen auch vom Land Baden-W\u00fcrttemberg gef\u00f6rdert wird. <\/p>\n\n\n\n<p>Im Gespr\u00e4ch mit Micaela Vieru vom <strong><em><a href=\"https:\/\/www.danceforyou-magazine.com\/2019\/12\/06\/cunningham-ab-19-dezember-im-kino\/\" target=\"_blank\" rel=\"noreferrer noopener\" aria-label=\"DANCEFORYOUMAGAZINE (opens in a new tab)\">DANCEFORYOUMAGAZINE<\/a><\/em><\/strong> stellt sich schnell heraus, dass es ihm nicht nur um neue, klare Arbeitskonzepte und die Wertsch\u00e4tzung und F\u00f6rderung f\u00fcr kleine Theater und die freie Szene geht, sondern viel um den Austausch und kreative Prozesse, die weit \u00fcber die Grenzen Pforzheims \u00fcbertragbar sind. Auf diese Weise und mithilfe einer guten Vernetzung kann er seinen Ideenreichtum gewinnbringend f\u00fcr die Region einsetzen \u2013 auch als Vorstand im \u201eDachverband Tanz Deutschland\u201c und der Tanzszene Baden-W\u00fcrttemberg.\u00a0  <\/p>\n\n\n\n<figure class=\"wp-block-image size-large\"><img decoding=\"async\" loading=\"lazy\" width=\"981\" height=\"707\" src=\"https:\/\/www.szenik.eu\/wp-content\/uploads\/2020\/02\/Capture-d\u2019\u00e9cran-2020-02-27-\u00e0-11.50.16.png\" alt=\"\" class=\"wp-image-30080\" srcset=\"https:\/\/www.szenik.eu\/wp-content\/uploads\/2020\/02\/Capture-d\u2019\u00e9cran-2020-02-27-\u00e0-11.50.16.png 981w, https:\/\/www.szenik.eu\/wp-content\/uploads\/2020\/02\/Capture-d\u2019\u00e9cran-2020-02-27-\u00e0-11.50.16-300x216.png 300w, https:\/\/www.szenik.eu\/wp-content\/uploads\/2020\/02\/Capture-d\u2019\u00e9cran-2020-02-27-\u00e0-11.50.16-768x553.png 768w, https:\/\/www.szenik.eu\/wp-content\/uploads\/2020\/02\/Capture-d\u2019\u00e9cran-2020-02-27-\u00e0-11.50.16-120x86.png 120w, https:\/\/www.szenik.eu\/wp-content\/uploads\/2020\/02\/Capture-d\u2019\u00e9cran-2020-02-27-\u00e0-11.50.16-750x541.png 750w\" sizes=\"(max-width: 981px) 100vw, 981px\" \/><figcaption>Foto: Nora Kirschmeier<\/figcaption><\/figure>\n\n\n\n<h4 class=\"has-pale-pink-color has-text-color\"><strong>Wie sind Sie zum Tanz gekommen?<\/strong><\/h4>\n\n\n\n<p>Tanz hat mich in meiner Jugend einfach ergriffen. Ich wei\u00df nicht wie und auch nicht warum. Ich war damals ungef\u00e4hr 14, sah in meiner \u00f6sterreichischen Heimatstadt Villach das Plakat einer Ballettschule, bin hingegangen und habe dort eine t\u00e4nzerische Vorausbildung absolviert. Als einziger Junge in der Klasse, denn eine t\u00e4nzerische Ausbildung war damals in Villach nicht so selbstverst\u00e4ndlich. Zudem hatte ich gro\u00dfes Gl\u00fcck, auf den vollen R\u00fcckhalt meiner Familie z\u00e4hlen zu k\u00f6nnen.<\/p>\n\n\n\n<div style=\"height:20px\" aria-hidden=\"true\" class=\"wp-block-spacer\"><\/div>\n\n\n\n<h4 class=\"has-pale-pink-color has-text-color\"><strong>Wie man sieht, hat sich das gelohnt, das zeigt die Liebe, die Sie f\u00fcr den Tanz entwickelt haben.<\/strong><\/h4>\n\n\n\n<p>In der Tat, ich bin so dankbar, dass das Schicksal mir den richtigen Weg gezeigt und es mit mir so gut gemeint hat. Seit damals ist Tanz f\u00fcr mich eines der wichtigsten Themen, die mich mein Leben lang begleitet werden.<\/p>\n\n\n\n<div style=\"height:20px\" aria-hidden=\"true\" class=\"wp-block-spacer\"><\/div>\n\n\n\n<h4 class=\"has-pale-pink-color has-text-color\"><strong>Sie sind bereits Vorstand der Tanzszene Baden-W\u00fcrttemberg, und nach drei Jahren als Ballettdirektor wurden Sie 2019 als Vorstandsmitglied im \u201eDachverband Tanz Deutschland\u201c gew\u00e4hlt.<\/strong><\/h4>\n\n\n\n<p>Das war ein absolutes Highlight, als ich letztes Jahr gefragt wurde, ob ich in dem Vorstand t\u00e4tig sein m\u00f6chte. Schon ab dem ersten Moment als Ballettdirektor in Pforzheim war es mir wichtig, auch politisch aktiv zu sein. <strong>Tanz muss sichtbar sein, Tanz muss man wahrnehmen.<\/strong> Die Gesellschaft muss noch viel mehr sehen, was wir alles leisten. Sowohl in den festen H\u00e4usern als auch in der freien Szene. Deswegen fand ich es sehr spannend, im Dachverband pr\u00e4sent zu sein, weil man dadurch etwas mitver\u00e4ndern kann, daf\u00fcr arbeiten kann, um f\u00fcr junge Leute, die n\u00e4chste Generation, den Weg zu bereiten.<\/p>\n\n\n\n<div style=\"height:20px\" aria-hidden=\"true\" class=\"wp-block-spacer\"><\/div>\n\n\n\n<h4 class=\"has-pale-pink-color has-text-color\"><strong>Wie haben Sie es geschafft, seit 2015 Pforzheims Gesicht durch den Tanz zu ver\u00e4ndern?<\/strong><\/h4>\n\n\n\n<p>Ich glaube, der Einstieg war schon der richtige. Wir hatten ein site-specific Projekt in der Stadtkirche, \u201eHeimatwelten\u201c, das war meine erste Produktion und f\u00fcr Pforzheim etwas ganz Neues, eine Tanzpremiere au\u00dferhalb des Theaters zu erleben, zudem auch noch mit neuem Ballettdirektor. Doch das kam beim Publikum sehr gut an, das begeistert reagierte und neugierig wurde. <\/p>\n\n\n\n<p>Wir tun auch sehr viel f\u00fcr unser Publikum, haben Initiativen ergriffen, um ihm unsere Arbeit nah zu bringen. Ich mache Backstage-F\u00fchrungen, um den Leuten zu zeigen, wie eine Choreografie entsteht, wie T\u00e4nzer sind. Ich erkl\u00e4re jedes Mal, wie wichtig T\u00e4nzer sind und auf welche Art wir in der Leitung versuchen, ihnen den Boden zu ebnen, damit sie ihre Kunst auf der B\u00fchne umsetzen k\u00f6nnen. <\/p>\n\n\n\n<p><strong>Die N\u00e4he zum Publikum hat sehr viel ausgemacht.<\/strong> Auch die Tatsache, dass wir rausgegangen sind, \u00fcberregional mit Sportlern zusammengearbeitet haben, mit Museen, mit unterschiedlichen K\u00fcnstlern und Veranstaltern, hat sich schnell herumgesprochen. Das hat uns in k\u00fcrzester Zeit eine gro\u00dfe Anzahl an Fans und Inputs gebracht.<\/p>\n\n\n\n<figure class=\"wp-block-image size-large\"><img decoding=\"async\" loading=\"lazy\" width=\"891\" height=\"701\" src=\"https:\/\/www.szenik.eu\/wp-content\/uploads\/2020\/01\/Capture-d\u2019\u00e9cran-2020-01-06-\u00e0-12.17.41.png\" alt=\"\" class=\"wp-image-28287\" srcset=\"https:\/\/www.szenik.eu\/wp-content\/uploads\/2020\/01\/Capture-d\u2019\u00e9cran-2020-01-06-\u00e0-12.17.41.png 891w, https:\/\/www.szenik.eu\/wp-content\/uploads\/2020\/01\/Capture-d\u2019\u00e9cran-2020-01-06-\u00e0-12.17.41-300x236.png 300w, https:\/\/www.szenik.eu\/wp-content\/uploads\/2020\/01\/Capture-d\u2019\u00e9cran-2020-01-06-\u00e0-12.17.41-768x604.png 768w, https:\/\/www.szenik.eu\/wp-content\/uploads\/2020\/01\/Capture-d\u2019\u00e9cran-2020-01-06-\u00e0-12.17.41-750x590.png 750w\" sizes=\"(max-width: 891px) 100vw, 891px\" \/><figcaption>Die vier Jahreszeiten I Saison 19\/20<\/figcaption><\/figure>\n\n\n\n<h4 class=\"has-pale-pink-color has-text-color\"><strong>Sie setzen die ungew\u00f6hnlichsten Ideen um und suchen die ausgefallensten B\u00fchnen f\u00fcr Ihre Auftritte. \u00dcber die Stadtkirche ins Schmuckmuseum oder ins Gasometer. Jedes Mal vor ausverkauftem Haus. Was ist Ihre Vision dahinter?<\/strong><\/h4>\n\n\n\n<p>Man sollte nicht vergessen, wenn man aus einem Haus rausgeht, macht man die T\u00fcre auf, um neues Publikum zu begr\u00fc\u00dfen. In einem Museum zu spielen bedeutet, dass viele neue Leute uns sehen und Zugang zu Ballett und Tanz finden. Das gleiche in einem Schwimmbad, die Begegnung mit Sportlern, mit Familien und jungen Leuten, die die Schwimmveranstaltungen besuchen und die nie etwas mit Tanz zu tun hatten. Pl\u00f6tzlich sehen sie, wie spannend Tanz sein kann, und kommen zu uns als neues Publikum. Diese N\u00e4he ist sehr wichtig, um die gesamte Fl\u00e4che zu bespielen, um Offenheit f\u00fcr den Tanz zu bekommen. Wir zeigen den Zuschauern, dass wir am Puls der Zeit sind und \u201eihre Sprache\u201c im Tanz umsetzen wollen. Das funktioniert sehr gut, \u00fcber alle Generationen hinweg.<\/p>\n\n\n\n<div style=\"height:20px\" aria-hidden=\"true\" class=\"wp-block-spacer\"><\/div>\n\n\n\n<h4 class=\"has-pale-pink-color has-text-color\"><strong>Wer hilft Ihnen bei den vielen Aufgaben?<\/strong><\/h4>\n\n\n\n<p>Ich habe ein starkes Team, das mir in organisatorischer und auch k\u00fcnstlerischer Hinsicht zur Seite steht. So meine Referentin und Dramaturgin <strong>Alexandra Karabelas<\/strong>, die auch in der\u00a0Pressearbeit und im Marketing mitarbeitet. Was sehr sch\u00f6n ist: Sie ist st\u00e4ndig im Ballettsaal, um die sch\u00f6pferischen Prozesse zu beobachten und zu begleiten, damit sie in die Programmhefte und generell die \u00d6ffentlichkeitsarbeit\u00a0ihre Emotionen und Erlebnisse einflie\u00dfen lassen kann. Der Schweizer <strong>Damian Gm\u00fcr<\/strong>, Choreograf und zugleich Stellvertretender Ballettdirektor, ist ein wahnsinnig guter Trainings- und Probenleiter. Er studiert mit der Kompanie die Choreografien ein und ist derjenige, der die T\u00e4nzer UpToDate h\u00e4lt.<\/p>\n\n\n\n<div style=\"height:20px\" aria-hidden=\"true\" class=\"wp-block-spacer\"><\/div>\n\n\n\n<h4 class=\"has-pale-pink-color has-text-color\"><strong>Wo finden Sie die Inspiration f\u00fcr Ihre Kreationen?<\/strong><\/h4>\n\n\n\n<p>Tanz zu kreieren ist ein st\u00e4ndiger Prozess, und Tanz als Kunst kann von \u00fcberall inspiriert werden. <strong>Aber meistens entsteht Kunst aus dem Leben.<\/strong> Meine Inspiration kommt \u00fcberwiegend von den T\u00e4nzern. Jeder K\u00f6rper ist ein eigenes Instrument, und es ist so spannend zu beobachten, was man mit diesen K\u00f6rpern gestalten kann, wie sie sich entwickeln und wieviel Kreativit\u00e4t in ihnen steckt. Die Themen finde ich meistens durch Zufall, morgens, wenn ich aufwache und fasziniert bin von einem Thema, das ich unbedingt gestalten will. Genau wie das Nachdenken \u00fcber die Spielorte, das alles flicht sich in einem spannenden Prozess zusammen. <\/p>\n\n\n\n<p>Aus diesem, wie ich ihn nenne, \u201eZaubertopf\u201c entnehmen wir, woran am meisten meine Leidenschaft h\u00e4ngt. So war es\u00a0in den letzten Jahren bei dem Abend \u201eVerwandlungen\u201c, in den ich dann\u00a0Stravinskys \u201eFeuervogel\u201c integrierte und gleichzeitig\u00a0\u201eMetamorphosis\u201c auf Musik von Philip Glass kreieren musste. In diesem Jahr haben wir Vivaldis \u201eDie Vier Jahreszeiten\u201c in der Einrichtung von Max Richter.<\/p>\n\n\n\n<figure class=\"wp-block-embed-youtube wp-block-embed is-type-video is-provider-youtube wp-embed-aspect-16-9 wp-has-aspect-ratio\"><div class=\"wp-block-embed__wrapper\">\n<iframe loading=\"lazy\" title=\"Verwandlungen - Der Feuervogel\/ Metamorphosen \u2013 THEATER PFORZHEIM\" width=\"500\" height=\"281\" src=\"https:\/\/www.youtube.com\/embed\/Ms4O7KAKzSE?feature=oembed\" frameborder=\"0\" allow=\"accelerometer; autoplay; encrypted-media; gyroscope; picture-in-picture\" allowfullscreen><\/iframe>\n<\/div><figcaption>Feuervogel \/ Metamorphosis I Saison 18\/19<\/figcaption><\/figure>\n\n\n\n<h4 class=\"has-pale-pink-color has-text-color\"><strong>Bekanntlich interessieren Sie existenzielle Themen des Menschen, der Gesellschaft, der Zeit und der Kunst. K\u00f6nnen Sie mehr dar\u00fcber sagen?<\/strong><\/h4>\n\n\n\n<p>Menschen haben Emotionen, und weil ich sehr lange Tanztheater gemacht habe, in dem die Emotion immer ein entscheidender Faktor war, empfinde ich Tanz als eine M\u00f6glichkeit, Gef\u00fchle herauszulassen. Im Leben gibt es in jeder Situation Momente, die wichtig f\u00fcr einen sind. Und diese Momente zu (er)fassen, emotional im Tanz umzusetzen und auf die B\u00fchne zu bringen, dass das Publikum ber\u00fchrt wird, unsere Leidenschaft versp\u00fcrt und mit den T\u00e4nzern mitfiebern kann, daf\u00fcr schl\u00e4gt mein Herz. Weil ich merke, dass die T\u00e4nzer auch gef\u00fchlsm\u00e4\u00dfig auf dem richtigen Weg sind, die Form mit Emotion f\u00fcllen. Das ist f\u00fcr mich einzigartig!<\/p>\n\n\n\n<div style=\"height:20px\" aria-hidden=\"true\" class=\"wp-block-spacer\"><\/div>\n\n\n\n<h4 class=\"has-pale-pink-color has-text-color\"><strong>Wie w\u00fcrden Sie Ihre k\u00fcnstlerische Vision bezeichnen?<\/strong><\/h4>\n\n\n\n<p>Es gibt nicht nur eine, es gibt viele Visionen, weil ich in vielen \u201eT\u00f6pfen\u201c drin bin, sowohl im \u201eDachverband Tanz\u201c wie hier&nbsp;in Pforzheim&nbsp;als Ballettdirektor. Ich f\u00e4nde es&nbsp;zum Beispiel wichtig, wenn&nbsp;auch&nbsp;Ballettdirektoren&nbsp;Theater-Intendanten werden k\u00f6nnten.&nbsp;Sie haben oft&nbsp;genau die gleiche Qualifikation&nbsp;und sind durch die intensive Arbeit mit T\u00e4nzern sehr geschult, zu f\u00fchren.<\/p>\n\n\n\n<p>F\u00fcr meine Kompanie in Pforzheim\u00a0w\u00e4re\u00a0es\u00a0toll, wenn wir\u00a0auch an einem Stadttheater\u00a0die M\u00f6glichkeit h\u00e4tten, mit mehreren Choreografen zu arbeiten. \u00a0Das Publikum\u00a0k\u00f6nnte\u00a0verschiedene choreografische Handschriften betrachten\u00a0und\u00a0auf diese Weise noch mal anderes Wissen um den Tanz aufbauen.\u00a0<strong>Eine gro\u00dfe Vision\u00a0von mir\u00a0ist\u00a0schlie\u00dflich, dass ein kleines Theater genauso stark werden kann wie ein gro\u00dfes Theater. <\/strong>Mit viel Arbeit, viel Schwei\u00df kann man viel schaffen. Ich finde, dass man nie aufh\u00f6ren sollte, an sich und seine Arbeit zu glauben, und vor allem sollte man nie vergessen, woher man kommt, und dass unser Publikum\u00a0<em>der<\/em>\u00a0ganz wichtige Faktor f\u00fcr unsere kreative Arbeit ist. <\/p>\n\n\n\n<p>Ich w\u00fcnsche mir\u00a0von daher auch, dass die Arbeit mit dem Projekt \u201eTanzland Deutschland\u201c der Bundeskulturstiftung weitergeht, mit neuen Orten, die wir erobern k\u00f6nnen, dass der St\u00e4dteaustausch funktioniert und mehr Partnerst\u00e4dte in Kooperation gehen.\u00a0<\/p>\n\n\n\n<p>Speziell f\u00fcr Pforzheim und Baden-W\u00fcrttemberg tr\u00e4ume ich davon, einen Kristallisationspunkt, einen Kreationsort, schlicht ein Zentrum f\u00fcr Zeitgen\u00f6ssischen Tanz ins Leben zu rufen.\u00a0Man soll eben nie aufh\u00f6ren zu glauben!<\/p>\n\n\n\n<figure class=\"wp-block-image size-large\"><img decoding=\"async\" loading=\"lazy\" width=\"1024\" height=\"658\" src=\"https:\/\/www.szenik.eu\/wp-content\/uploads\/2020\/02\/Capture-d\u2019\u00e9cran-2020-02-27-\u00e0-11.54.37-1024x658.png\" alt=\"\" class=\"wp-image-30082\" srcset=\"https:\/\/www.szenik.eu\/wp-content\/uploads\/2020\/02\/Capture-d\u2019\u00e9cran-2020-02-27-\u00e0-11.54.37-1024x658.png 1024w, https:\/\/www.szenik.eu\/wp-content\/uploads\/2020\/02\/Capture-d\u2019\u00e9cran-2020-02-27-\u00e0-11.54.37-300x193.png 300w, https:\/\/www.szenik.eu\/wp-content\/uploads\/2020\/02\/Capture-d\u2019\u00e9cran-2020-02-27-\u00e0-11.54.37-768x493.png 768w, https:\/\/www.szenik.eu\/wp-content\/uploads\/2020\/02\/Capture-d\u2019\u00e9cran-2020-02-27-\u00e0-11.54.37-750x482.png 750w, https:\/\/www.szenik.eu\/wp-content\/uploads\/2020\/02\/Capture-d\u2019\u00e9cran-2020-02-27-\u00e0-11.54.37.png 1085w\" sizes=\"(max-width: 1024px) 100vw, 1024px\" \/><figcaption>Foto: Theater Pforzheim<\/figcaption><\/figure>\n\n\n\n<div class=\"wp-block-button\"><a class=\"wp-block-button__link has-background has-vivid-cyan-blue-background-color\" href=\"https:\/\/www.theater-pforzheim.de\">Informationen zu den Tanzproduktionen des Theater Pforzheim<\/a><\/div>\n\n\n\n<div style=\"height:100px\" aria-hidden=\"true\" class=\"wp-block-spacer\"><\/div>\n\n\n\n<p><em>\u00a0Interview von Micaela Vieru, in der Ausgabe 01\/2020 des Fachmagazins DANCE FOR YOU MAGAZINE erschienen.<\/em> <em>Vielen Dank! <\/em><\/p>\n","protected":false},"excerpt":{"rendered":"<p>Als einer der erfolgreichen Choreografen der j\u00fcngeren Generation in Deutschland war Guido Markowitz\u2018 \u00a0Weg in die Welt des Tanzes step by step auf Erfolgskurs. Das DANCE FOR YOU MAGAZINE hat sich nun mit ihm \u00fcber seinen Werdegang, seine Arbeit im Theater Pforzheim sowie die Sichtbarkeit des Tanzes. Als Quereinsteiger beginnt er seine professionelle Ballettausbildung erst [&hellip;]<\/p>\n","protected":false},"author":1,"featured_media":30085,"comment_status":"open","ping_status":"open","sticky":false,"template":"","format":"standard","meta":{"_monsterinsights_skip_tracking":false,"_monsterinsights_sitenote_active":false,"_monsterinsights_sitenote_note":"","_monsterinsights_sitenote_category":0},"categories":[53,73],"tags":[5217,5216,2161,2276],"yoast_head":"<!-- This site is optimized with the Yoast SEO plugin v20.5 - https:\/\/yoast.com\/wordpress\/plugins\/seo\/ -->\n<title>Interview mit dem Ballettdirektor Guido Markowitz I szenik<\/title>\n<meta name=\"description\" content=\"Der Ballettdirektor und Choreograf Guido Markowitz spricht \u00fcber seinen Werdegang, seine Arbeit im Theater Pforzheim sowie die Sichtbarkeit des Tanzes.\" \/>\n<meta name=\"robots\" content=\"index, follow, max-snippet:-1, max-image-preview:large, max-video-preview:-1\" \/>\n<link rel=\"canonical\" href=\"https:\/\/www.szenik.eu\/de\/guido-markowitz-tanz-muss-eine-stimme-haben-30079\" \/>\n<meta property=\"og:locale\" content=\"de_DE\" \/>\n<meta property=\"og:type\" content=\"article\" \/>\n<meta property=\"og:title\" content=\"Interview mit dem Ballettdirektor Guido Markowitz I szenik\" \/>\n<meta property=\"og:description\" content=\"Der Ballettdirektor und Choreograf Guido Markowitz spricht \u00fcber seinen Werdegang, seine Arbeit im Theater Pforzheim sowie die Sichtbarkeit des Tanzes.\" \/>\n<meta property=\"og:url\" content=\"https:\/\/www.szenik.eu\/de\/guido-markowitz-tanz-muss-eine-stimme-haben-30079\" \/>\n<meta property=\"og:site_name\" content=\"szenik\" \/>\n<meta property=\"article:publisher\" content=\"https:\/\/www.facebook.com\/szenik.eu\/\" \/>\n<meta property=\"article:published_time\" content=\"2020-02-27T13:27:44+00:00\" \/>\n<meta property=\"article:modified_time\" content=\"2020-02-27T13:28:05+00:00\" \/>\n<meta property=\"og:image\" content=\"https:\/\/www.szenik.eu\/wp-content\/uploads\/2020\/02\/Capture-d\u2019\u00e9cran-2020-02-27-\u00e0-11.54.48.png\" \/>\n\t<meta property=\"og:image:width\" content=\"1075\" \/>\n\t<meta property=\"og:image:height\" content=\"695\" \/>\n\t<meta property=\"og:image:type\" content=\"image\/png\" \/>\n<meta name=\"author\" content=\"szenik\" \/>\n<meta name=\"twitter:card\" content=\"summary_large_image\" \/>\n<meta name=\"twitter:creator\" content=\"@Szenik\" \/>\n<meta name=\"twitter:site\" content=\"@Szenik\" \/>\n<meta name=\"twitter:label1\" content=\"Verfasst von\" \/>\n\t<meta name=\"twitter:data1\" content=\"szenik\" \/>\n\t<meta name=\"twitter:label2\" content=\"Gesch\u00e4tzte Lesezeit\" \/>\n\t<meta name=\"twitter:data2\" content=\"9\u00a0Minuten\" \/>\n<script type=\"application\/ld+json\" class=\"yoast-schema-graph\">{\"@context\":\"https:\/\/schema.org\",\"@graph\":[{\"@type\":\"Article\",\"@id\":\"https:\/\/www.szenik.eu\/de\/guido-markowitz-tanz-muss-eine-stimme-haben-30079#article\",\"isPartOf\":{\"@id\":\"https:\/\/www.szenik.eu\/de\/guido-markowitz-tanz-muss-eine-stimme-haben-30079\"},\"author\":{\"name\":\"szenik\",\"@id\":\"https:\/\/www.szenik.eu\/de\/#\/schema\/person\/15f73f175b41bad194837490339d48fb\"},\"headline\":\"Guido Markowitz: Tanz muss eine Stimme haben\",\"datePublished\":\"2020-02-27T13:27:44+00:00\",\"dateModified\":\"2020-02-27T13:28:05+00:00\",\"mainEntityOfPage\":{\"@id\":\"https:\/\/www.szenik.eu\/de\/guido-markowitz-tanz-muss-eine-stimme-haben-30079\"},\"wordCount\":1731,\"commentCount\":0,\"publisher\":{\"@id\":\"https:\/\/www.szenik.eu\/de\/#organization\"},\"keywords\":[\"Guido Markowitz\",\"Pforzheim\",\"Tanz\",\"Theater Pforzheim\"],\"articleSection\":[\"Magazin\",\"Portr\u00e4ts und Gespr\u00e4che\"],\"inLanguage\":\"de\",\"potentialAction\":[{\"@type\":\"CommentAction\",\"name\":\"Comment\",\"target\":[\"https:\/\/www.szenik.eu\/de\/guido-markowitz-tanz-muss-eine-stimme-haben-30079#respond\"]}]},{\"@type\":\"WebPage\",\"@id\":\"https:\/\/www.szenik.eu\/de\/guido-markowitz-tanz-muss-eine-stimme-haben-30079\",\"url\":\"https:\/\/www.szenik.eu\/de\/guido-markowitz-tanz-muss-eine-stimme-haben-30079\",\"name\":\"Interview mit dem Ballettdirektor Guido Markowitz I szenik\",\"isPartOf\":{\"@id\":\"https:\/\/www.szenik.eu\/de\/#website\"},\"datePublished\":\"2020-02-27T13:27:44+00:00\",\"dateModified\":\"2020-02-27T13:28:05+00:00\",\"description\":\"Der Ballettdirektor und Choreograf Guido Markowitz spricht \u00fcber seinen Werdegang, seine Arbeit im Theater Pforzheim sowie die Sichtbarkeit des Tanzes.\",\"breadcrumb\":{\"@id\":\"https:\/\/www.szenik.eu\/de\/guido-markowitz-tanz-muss-eine-stimme-haben-30079#breadcrumb\"},\"inLanguage\":\"de\",\"potentialAction\":[{\"@type\":\"ReadAction\",\"target\":[\"https:\/\/www.szenik.eu\/de\/guido-markowitz-tanz-muss-eine-stimme-haben-30079\"]}]},{\"@type\":\"BreadcrumbList\",\"@id\":\"https:\/\/www.szenik.eu\/de\/guido-markowitz-tanz-muss-eine-stimme-haben-30079#breadcrumb\",\"itemListElement\":[{\"@type\":\"ListItem\",\"position\":1,\"name\":\"Home\",\"item\":\"https:\/\/www.szenik.eu\/de\"},{\"@type\":\"ListItem\",\"position\":2,\"name\":\"Guido Markowitz: Tanz muss eine Stimme haben\"}]},{\"@type\":\"WebSite\",\"@id\":\"https:\/\/www.szenik.eu\/de\/#website\",\"url\":\"https:\/\/www.szenik.eu\/de\/\",\"name\":\"szenik\",\"description\":\"Le Meilleur des sc\u00e8nes au coeur de l&#039;Europe\",\"publisher\":{\"@id\":\"https:\/\/www.szenik.eu\/de\/#organization\"},\"potentialAction\":[{\"@type\":\"SearchAction\",\"target\":{\"@type\":\"EntryPoint\",\"urlTemplate\":\"https:\/\/www.szenik.eu\/de\/?s={search_term_string}\"},\"query-input\":\"required name=search_term_string\"}],\"inLanguage\":\"de\"},{\"@type\":\"Organization\",\"@id\":\"https:\/\/www.szenik.eu\/de\/#organization\",\"name\":\"Szenik\",\"url\":\"https:\/\/www.szenik.eu\/de\/\",\"logo\":{\"@type\":\"ImageObject\",\"inLanguage\":\"de\",\"@id\":\"https:\/\/www.szenik.eu\/de\/#\/schema\/logo\/image\/\",\"url\":\"https:\/\/www.szenik.eu\/wp-content\/uploads\/2019\/07\/logo-square.png\",\"contentUrl\":\"https:\/\/www.szenik.eu\/wp-content\/uploads\/2019\/07\/logo-square.png\",\"width\":512,\"height\":512,\"caption\":\"Szenik\"},\"image\":{\"@id\":\"https:\/\/www.szenik.eu\/de\/#\/schema\/logo\/image\/\"},\"sameAs\":[\"https:\/\/www.facebook.com\/szenik.eu\/\",\"https:\/\/twitter.com\/Szenik\",\"https:\/\/www.instagram.com\/szenik_magazine\/\",\"https:\/\/www.youtube.com\/user\/SzenikEU\/\"]},{\"@type\":\"Person\",\"@id\":\"https:\/\/www.szenik.eu\/de\/#\/schema\/person\/15f73f175b41bad194837490339d48fb\",\"name\":\"szenik\",\"image\":{\"@type\":\"ImageObject\",\"inLanguage\":\"de\",\"@id\":\"https:\/\/www.szenik.eu\/de\/#\/schema\/person\/image\/\",\"url\":\"https:\/\/secure.gravatar.com\/avatar\/d1c4f19522a624a4eaa5e6c03e22370b?s=96&d=mm&r=g\",\"contentUrl\":\"https:\/\/secure.gravatar.com\/avatar\/d1c4f19522a624a4eaa5e6c03e22370b?s=96&d=mm&r=g\",\"caption\":\"szenik\"}}]}<\/script>\n<!-- \/ Yoast SEO plugin. -->","yoast_head_json":{"title":"Interview mit dem Ballettdirektor Guido Markowitz I szenik","description":"Der Ballettdirektor und Choreograf Guido Markowitz spricht \u00fcber seinen Werdegang, seine Arbeit im Theater Pforzheim sowie die Sichtbarkeit des Tanzes.","robots":{"index":"index","follow":"follow","max-snippet":"max-snippet:-1","max-image-preview":"max-image-preview:large","max-video-preview":"max-video-preview:-1"},"canonical":"https:\/\/www.szenik.eu\/de\/guido-markowitz-tanz-muss-eine-stimme-haben-30079","og_locale":"de_DE","og_type":"article","og_title":"Interview mit dem Ballettdirektor Guido Markowitz I szenik","og_description":"Der Ballettdirektor und Choreograf Guido Markowitz spricht \u00fcber seinen Werdegang, seine Arbeit im Theater Pforzheim sowie die Sichtbarkeit des Tanzes.","og_url":"https:\/\/www.szenik.eu\/de\/guido-markowitz-tanz-muss-eine-stimme-haben-30079","og_site_name":"szenik","article_publisher":"https:\/\/www.facebook.com\/szenik.eu\/","article_published_time":"2020-02-27T13:27:44+00:00","article_modified_time":"2020-02-27T13:28:05+00:00","og_image":[{"width":1075,"height":695,"url":"https:\/\/www.szenik.eu\/wp-content\/uploads\/2020\/02\/Capture-d\u2019\u00e9cran-2020-02-27-\u00e0-11.54.48.png","type":"image\/png"}],"author":"szenik","twitter_card":"summary_large_image","twitter_creator":"@Szenik","twitter_site":"@Szenik","twitter_misc":{"Verfasst von":"szenik","Gesch\u00e4tzte Lesezeit":"9\u00a0Minuten"},"schema":{"@context":"https:\/\/schema.org","@graph":[{"@type":"Article","@id":"https:\/\/www.szenik.eu\/de\/guido-markowitz-tanz-muss-eine-stimme-haben-30079#article","isPartOf":{"@id":"https:\/\/www.szenik.eu\/de\/guido-markowitz-tanz-muss-eine-stimme-haben-30079"},"author":{"name":"szenik","@id":"https:\/\/www.szenik.eu\/de\/#\/schema\/person\/15f73f175b41bad194837490339d48fb"},"headline":"Guido Markowitz: Tanz muss eine Stimme haben","datePublished":"2020-02-27T13:27:44+00:00","dateModified":"2020-02-27T13:28:05+00:00","mainEntityOfPage":{"@id":"https:\/\/www.szenik.eu\/de\/guido-markowitz-tanz-muss-eine-stimme-haben-30079"},"wordCount":1731,"commentCount":0,"publisher":{"@id":"https:\/\/www.szenik.eu\/de\/#organization"},"keywords":["Guido Markowitz","Pforzheim","Tanz","Theater Pforzheim"],"articleSection":["Magazin","Portr\u00e4ts und Gespr\u00e4che"],"inLanguage":"de","potentialAction":[{"@type":"CommentAction","name":"Comment","target":["https:\/\/www.szenik.eu\/de\/guido-markowitz-tanz-muss-eine-stimme-haben-30079#respond"]}]},{"@type":"WebPage","@id":"https:\/\/www.szenik.eu\/de\/guido-markowitz-tanz-muss-eine-stimme-haben-30079","url":"https:\/\/www.szenik.eu\/de\/guido-markowitz-tanz-muss-eine-stimme-haben-30079","name":"Interview mit dem Ballettdirektor Guido Markowitz I szenik","isPartOf":{"@id":"https:\/\/www.szenik.eu\/de\/#website"},"datePublished":"2020-02-27T13:27:44+00:00","dateModified":"2020-02-27T13:28:05+00:00","description":"Der Ballettdirektor und Choreograf Guido Markowitz spricht \u00fcber seinen Werdegang, seine Arbeit im Theater Pforzheim sowie die Sichtbarkeit des Tanzes.","breadcrumb":{"@id":"https:\/\/www.szenik.eu\/de\/guido-markowitz-tanz-muss-eine-stimme-haben-30079#breadcrumb"},"inLanguage":"de","potentialAction":[{"@type":"ReadAction","target":["https:\/\/www.szenik.eu\/de\/guido-markowitz-tanz-muss-eine-stimme-haben-30079"]}]},{"@type":"BreadcrumbList","@id":"https:\/\/www.szenik.eu\/de\/guido-markowitz-tanz-muss-eine-stimme-haben-30079#breadcrumb","itemListElement":[{"@type":"ListItem","position":1,"name":"Home","item":"https:\/\/www.szenik.eu\/de"},{"@type":"ListItem","position":2,"name":"Guido Markowitz: Tanz muss eine Stimme haben"}]},{"@type":"WebSite","@id":"https:\/\/www.szenik.eu\/de\/#website","url":"https:\/\/www.szenik.eu\/de\/","name":"szenik","description":"Le Meilleur des sc\u00e8nes au coeur de l&#039;Europe","publisher":{"@id":"https:\/\/www.szenik.eu\/de\/#organization"},"potentialAction":[{"@type":"SearchAction","target":{"@type":"EntryPoint","urlTemplate":"https:\/\/www.szenik.eu\/de\/?s={search_term_string}"},"query-input":"required name=search_term_string"}],"inLanguage":"de"},{"@type":"Organization","@id":"https:\/\/www.szenik.eu\/de\/#organization","name":"Szenik","url":"https:\/\/www.szenik.eu\/de\/","logo":{"@type":"ImageObject","inLanguage":"de","@id":"https:\/\/www.szenik.eu\/de\/#\/schema\/logo\/image\/","url":"https:\/\/www.szenik.eu\/wp-content\/uploads\/2019\/07\/logo-square.png","contentUrl":"https:\/\/www.szenik.eu\/wp-content\/uploads\/2019\/07\/logo-square.png","width":512,"height":512,"caption":"Szenik"},"image":{"@id":"https:\/\/www.szenik.eu\/de\/#\/schema\/logo\/image\/"},"sameAs":["https:\/\/www.facebook.com\/szenik.eu\/","https:\/\/twitter.com\/Szenik","https:\/\/www.instagram.com\/szenik_magazine\/","https:\/\/www.youtube.com\/user\/SzenikEU\/"]},{"@type":"Person","@id":"https:\/\/www.szenik.eu\/de\/#\/schema\/person\/15f73f175b41bad194837490339d48fb","name":"szenik","image":{"@type":"ImageObject","inLanguage":"de","@id":"https:\/\/www.szenik.eu\/de\/#\/schema\/person\/image\/","url":"https:\/\/secure.gravatar.com\/avatar\/d1c4f19522a624a4eaa5e6c03e22370b?s=96&d=mm&r=g","contentUrl":"https:\/\/secure.gravatar.com\/avatar\/d1c4f19522a624a4eaa5e6c03e22370b?s=96&d=mm&r=g","caption":"szenik"}}]}},"jetpack_featured_media_url":"https:\/\/www.szenik.eu\/wp-content\/uploads\/2020\/02\/Capture-d\u2019\u00e9cran-2020-02-27-\u00e0-11.54.48.png","amp_enabled":true,"_links":{"self":[{"href":"https:\/\/www.szenik.eu\/de\/wp-json\/\/wp\/v2\/posts\/30079"}],"collection":[{"href":"https:\/\/www.szenik.eu\/de\/wp-json\/\/wp\/v2\/posts"}],"about":[{"href":"https:\/\/www.szenik.eu\/de\/wp-json\/\/wp\/v2\/types\/post"}],"author":[{"embeddable":true,"href":"https:\/\/www.szenik.eu\/de\/wp-json\/\/wp\/v2\/users\/1"}],"replies":[{"embeddable":true,"href":"https:\/\/www.szenik.eu\/de\/wp-json\/\/wp\/v2\/comments?post=30079"}],"version-history":[{"count":1,"href":"https:\/\/www.szenik.eu\/de\/wp-json\/\/wp\/v2\/posts\/30079\/revisions"}],"predecessor-version":[{"id":30087,"href":"https:\/\/www.szenik.eu\/de\/wp-json\/\/wp\/v2\/posts\/30079\/revisions\/30087"}],"wp:featuredmedia":[{"embeddable":true,"href":"https:\/\/www.szenik.eu\/de\/wp-json\/\/wp\/v2\/media\/30085"}],"wp:attachment":[{"href":"https:\/\/www.szenik.eu\/de\/wp-json\/\/wp\/v2\/media?parent=30079"}],"wp:term":[{"taxonomy":"category","embeddable":true,"href":"https:\/\/www.szenik.eu\/de\/wp-json\/\/wp\/v2\/categories?post=30079"},{"taxonomy":"post_tag","embeddable":true,"href":"https:\/\/www.szenik.eu\/de\/wp-json\/\/wp\/v2\/tags?post=30079"}],"curies":[{"name":"wp","href":"https:\/\/api.w.org\/{rel}","templated":true}]}}