{"id":29960,"date":"2020-02-25T09:03:56","date_gmt":"2020-02-25T08:03:56","guid":{"rendered":"https:\/\/www.szenik.eu\/?p=29960\/"},"modified":"2020-02-25T09:04:58","modified_gmt":"2020-02-25T08:04:58","slug":"interview-mit-christian-spuck-ueber-das-ballett-nussknacker-und-mausekoenig-i-balletloversblog","status":"publish","type":"post","link":"https:\/\/www.szenik.eu\/de\/interview-mit-christian-spuck-ueber-das-ballett-nussknacker-und-mausekoenig-i-balletloversblog-29960","title":{"rendered":"Interview mit Christian Spuck \u00fcber das Ballett &#8222;Nussknacker und Mausek\u00f6nig&#8220; I balletloversblog"},"content":{"rendered":"\n<h2 class=\"has-text-align-left\">Vor zwei Spielzeiten pr\u00e4sentierte der Choreograf und Ballettdirektor des Ballett Z\u00fcrich, <strong>Christian Spuck<\/strong>, seine Neuinszenierung des weltber\u00fchmten (und geliebten) Werkes <strong><em>Nussknacker und Mausek\u00f6nig<\/em><\/strong>. Ein voller Erfolg, dessen Wiederaufnahmen weiterhin zahlreiche Zuschauer*innen anzieht. <\/h2>\n\n\n\n<figure class=\"wp-block-embed-youtube aligncenter wp-block-embed is-type-video is-provider-youtube wp-embed-aspect-16-9 wp-has-aspect-ratio\"><div class=\"wp-block-embed__wrapper\">\n<iframe loading=\"lazy\" title=\"Trailer - Nussknacker und Mausek\u00f6nig - Ballett Z\u00fcrich\" width=\"500\" height=\"281\" src=\"https:\/\/www.youtube.com\/embed\/yHRkAg53U18?feature=oembed\" frameborder=\"0\" allow=\"accelerometer; autoplay; encrypted-media; gyroscope; picture-in-picture\" allowfullscreen><\/iframe>\n<\/div><\/figure>\n\n\n\n<h4 class=\"has-pale-pink-color has-text-color\"><strong>Der NUSSKNACKER ist DAS weltber\u00fchmteste Weihnachtsballett. Warum braucht es eine Neuinszenierung?<\/strong><\/h4>\n\n\n\n<p>Meine Neuinszenierung basiert auf der&nbsp;<strong>Original-Nouvelle von E.T.A. Hoffmann<\/strong>. Mich faszinierte die Idee, die Geschichte der&nbsp;<strong>Prinzessin Pirlipat<\/strong>&nbsp;wieder in das Ballett zu integrieren. Da lassen sich dann all die schr\u00e4gen Theaterregister mit viel Ironie und Humor ziehen.<\/p>\n\n\n\n<p>Nach Schwanensee war es mein Wunsch, das zweite gro\u00dfe\u00a0<strong>Petipa-Ballett<\/strong>\u00a0ins\u00a0<strong>Repertoire<\/strong>\u00a0des Balletts Z\u00fcrich aufzunehmen \u2013 aber nicht in der zuckers\u00fc\u00dfen weltbekannten Version. Die ist ja stark verk\u00fcrzt und konzentriert sich darauf,\u00a0<strong>virtuoses Ballett<\/strong>\u00a0zeigen zu k\u00f6nnen. Die eigentliche Geschichte bleibt unklar. Viele Zuschauer haben sich schon immer gefragt, was die Charaktere\u00a0<strong>Prinz, Marie, Nussknacker, Mausek\u00f6nig und Drosselmeier<\/strong>\u00a0miteinander zu tun haben. So werden insbesondere im 2. Akt die wundersch\u00f6nen Nationalt\u00e4nze im Zuckerland aneinander gereiht, haben aber eigentlich keine Handlung. Wir wollen die\u00a0<strong>Ursprungsgeschichte<\/strong>\u00a0mit tollen,\u00a0<strong>anspruchsvollem Tanz<\/strong>\u00a0erz\u00e4hlen.<\/p>\n\n\n\n<div style=\"height:20px\" aria-hidden=\"true\" class=\"wp-block-spacer\"><\/div>\n\n\n\n<h4 class=\"has-pale-pink-color has-text-color\"><strong>Stimmt. Warum bekriegt eigentlich der M\u00e4usek\u00f6nig den Nussknacker?<\/strong><\/h4>\n\n\n\n<p>Der Mausek\u00f6nig will den&nbsp;<strong>Tod seiner Mutter<\/strong>&nbsp;r\u00e4chen. Der Prinz t\u00f6tete eher aus Versehen Frau Mauserinks, als er die Prinzessin Pirlipat retten wollte. Die Geschichte ist schon&nbsp;<strong>sehr kompliziert<\/strong>, aber als Ballett kann ich die&nbsp;<strong>Handlung visuell wunderbar darstellen<\/strong>&nbsp;und dann wird der Zuschauer die Handlung gut verstehen.<\/p>\n\n\n\n<p>Mehr m\u00f6chte ich hier noch nicht verraten\u2026\u2026\u2026\u2026ballettloversblog.<\/p>\n\n\n\n<div style=\"height:20px\" aria-hidden=\"true\" class=\"wp-block-spacer\"><\/div>\n\n\n\n<h4 class=\"has-pale-pink-color has-text-color\"><strong>Wie machst Du diese komplizierte Geschichte verst\u00e4ndlicher?<\/strong><\/h4>\n\n\n\n<p>Wir haben einige&nbsp;<strong>Tricks<\/strong>&nbsp;angewendet, um die unterschiedlichen Welten der Geschichte darzustellen. Durch das&nbsp;<strong>B\u00fchnenbild<\/strong>&nbsp;schaffen wir eine B\u00fchne auf der B\u00fchne: eine richtige&nbsp;<strong>Wunderkammer<\/strong>, in der die Welt der Familie Stahlbaum im 19. Jahrhundert, die barocke reale Pirlipat-Welt und die bunte Fantasiewelt des Zuckerlands inszeniert wird.<\/p>\n\n\n\n<p>Der etwas langatmige&nbsp;<strong>Weihnachtsabend<\/strong>&nbsp;im 1. Akt wird von 45 Minuten auf 10 Minuten gek\u00fcrzt, und dann beginnt der s<strong>pannende neue Teil<\/strong>&nbsp;\u00fcber die Prinzessin Pirlipat. Von den T\u00e4nzerinnen und T\u00e4nzer des Balletts Z\u00fcrich fordere ich&nbsp;g<strong>ro\u00dfes darstellerisches Talent<\/strong>, um die Handlung pr\u00e4zise zu erz\u00e4hlen.<\/p>\n\n\n\n<figure class=\"wp-block-image size-large\"><img decoding=\"async\" loading=\"lazy\" width=\"834\" height=\"555\" src=\"https:\/\/www.szenik.eu\/wp-content\/uploads\/2020\/02\/Capture-d\u2019\u00e9cran-2020-02-25-\u00e0-08.32.56.png\" alt=\"\" class=\"wp-image-29962\" srcset=\"https:\/\/www.szenik.eu\/wp-content\/uploads\/2020\/02\/Capture-d\u2019\u00e9cran-2020-02-25-\u00e0-08.32.56.png 834w, https:\/\/www.szenik.eu\/wp-content\/uploads\/2020\/02\/Capture-d\u2019\u00e9cran-2020-02-25-\u00e0-08.32.56-300x200.png 300w, https:\/\/www.szenik.eu\/wp-content\/uploads\/2020\/02\/Capture-d\u2019\u00e9cran-2020-02-25-\u00e0-08.32.56-768x511.png 768w, https:\/\/www.szenik.eu\/wp-content\/uploads\/2020\/02\/Capture-d\u2019\u00e9cran-2020-02-25-\u00e0-08.32.56-750x499.png 750w\" sizes=\"(max-width: 834px) 100vw, 834px\" \/><figcaption>Gregory Batardon<\/figcaption><\/figure>\n\n\n\n<h4 class=\"has-pale-pink-color has-text-color\"><strong>Was passiert mit der wundersch\u00f6nen Nussknacker-Musik?<\/strong><\/h4>\n\n\n\n<p>Die\u00a0<strong>Musik von Tschaikowski<\/strong>\u00a0bleibt nat\u00fcrlich, aber ich musste sie umstellen, da Musik f\u00fcr die Prinzessin\u00a0<strong>Pirlipat-Welt<\/strong>\u00a0nicht vorgesehen war. Ich habe haupts\u00e4chlich die\u00a0<strong>Nationalt\u00e4nze im 2. Akt<\/strong>\u00a0genommen, um das barocke M\u00e4rchen zu erz\u00e4hlen.<\/p>\n\n\n\n<div style=\"height:20px\" aria-hidden=\"true\" class=\"wp-block-spacer\"><\/div>\n\n\n\n<h4 class=\"has-pale-pink-color has-text-color\"><strong>Wird das den Zuschauer nicht verwirren?<\/strong><\/h4>\n\n\n\n<p>Wir haben die Musik nicht beliebig umgestellt, sondern die&nbsp;<strong>Reihenfolge dramaturgisch begr\u00fcndet<\/strong> vorgenommen.<\/p>\n\n\n\n<p>Die Zuschauer, die den klassischen Nussknacker kennen, werden zun\u00e4chst&nbsp;<strong>irritiert sein&nbsp;<\/strong>und sich fragen, warum jetzt diese Musik gespielt wird. Ich hoffe, dass die andere Reihenfolge, dem Zuschauer ein&nbsp;<strong>neues H\u00f6rerlebnis<\/strong> verschafft und der Nussknacker anders wahrgenommen werden kann, weil es einfach&nbsp;<strong>gro\u00dfartige Musik<\/strong>&nbsp;ist.<\/p>\n\n\n\n<p>Ich wei\u00df, dass Zuschauer eine\u00a0<strong>gro\u00dfe emotionale Intelligenz<\/strong>\u00a0haben und hoffe, dass sie den Nussknacker neu und anders erleben werden.<\/p>\n\n\n\n<div style=\"height:20px\" aria-hidden=\"true\" class=\"wp-block-spacer\"><\/div>\n\n\n\n<h4 class=\"has-pale-pink-color has-text-color\"><strong>Ironie ist Dir ganz wichtig wie wir schon in \u201eLeonce und Lena\u201c gesehen haben. Wieso so viel Ironie?<\/strong><\/h4>\n\n\n\n<p>Ironie ist mir sehr wichtig \u2013 Ironie, die den Zuschauer&nbsp;<strong>schmunzeln l\u00e4sst<\/strong>. Da die Geschichte in den&nbsp;<strong>verschiedenen Welten<\/strong>&nbsp;\u201eRealit\u00e4t\u201c und \u201eImagination\u201c spielt, darf sie nicht zu ernst genommen werden. Ohne ein bisschen&nbsp;<strong>Zweideutigkeit<\/strong>&nbsp;verliert das Ganze an&nbsp;<strong>Charme<\/strong>.<\/p>\n\n\n\n<p>Allerdings darf durch die Ironie\u00a0<strong>keine Entzauberung<\/strong> stattfinden. Ich m\u00f6chte nicht auf die\u00a0<strong>Magie d<\/strong>es herk\u00f6mmlichen Nussknackers und die <strong>Weihnachtsathmosph\u00e4re<\/strong>\u00a0verzichten.<\/p>\n\n\n\n<div style=\"height:20px\" aria-hidden=\"true\" class=\"wp-block-spacer\"><\/div>\n\n\n\n<h4 class=\"has-pale-pink-color has-text-color\"><strong>Woher nimmst Du den Mut, einen Klassiker so anders zu erz\u00e4hlen?<\/strong><\/h4>\n\n\n\n<p class=\"has-text-align-left\">Wir wagen ein gro\u00dfes&nbsp;<strong>Experiment.<\/strong>&nbsp;Wenn ich aber nur St\u00fccke mache, wo ich genau wei\u00df, dass alles funktioniert, brauche ich meinen Beruf nicht mehr aus\u00fcben. Mich reizt es, Projekte anders zu machen und&nbsp;<strong>Neues zu entdecken<\/strong>.<\/p>\n\n\n\n<p>Der gr\u00f6\u00dfte&nbsp;<strong>Feind der Kunst<\/strong>&nbsp;ist die Routine. Wenn man Kunst macht und keine&nbsp;<strong>schlaflosen N\u00e4chte<\/strong>&nbsp;hat, wird das Ganze zu Kunsthandwerk, was auch was Tolles ist, aber nicht auf die B\u00fchne geh\u00f6rt.<\/p>\n\n\n\n<figure class=\"wp-block-image size-large\"><img decoding=\"async\" loading=\"lazy\" width=\"1020\" height=\"678\" src=\"https:\/\/www.szenik.eu\/wp-content\/uploads\/2020\/02\/Capture-d\u2019\u00e9cran-2020-02-25-\u00e0-08.32.48.png\" alt=\"\" class=\"wp-image-29963\" srcset=\"https:\/\/www.szenik.eu\/wp-content\/uploads\/2020\/02\/Capture-d\u2019\u00e9cran-2020-02-25-\u00e0-08.32.48.png 1020w, https:\/\/www.szenik.eu\/wp-content\/uploads\/2020\/02\/Capture-d\u2019\u00e9cran-2020-02-25-\u00e0-08.32.48-300x199.png 300w, https:\/\/www.szenik.eu\/wp-content\/uploads\/2020\/02\/Capture-d\u2019\u00e9cran-2020-02-25-\u00e0-08.32.48-768x510.png 768w, https:\/\/www.szenik.eu\/wp-content\/uploads\/2020\/02\/Capture-d\u2019\u00e9cran-2020-02-25-\u00e0-08.32.48-750x499.png 750w\" sizes=\"(max-width: 1020px) 100vw, 1020px\" \/><figcaption>Gregory Batardon<\/figcaption><\/figure>\n\n\n\n<div class=\"wp-block-button\"><a class=\"wp-block-button__link has-background has-pale-pink-background-color\" href=\"https:\/\/www.szenik.eu\/de\/event\/nussknacker-und-mausekonig-1\"><strong>Wiederaufnahme am 29.02.2020 im Opernhaus Z\u00fcrich. Informationen auf szenik.eu<\/strong><\/a><\/div>\n\n\n\n<h4 class=\"has-text-align-center\">***<\/h4>\n\n\n\n<div style=\"height:43px\" aria-hidden=\"true\" class=\"wp-block-spacer\"><\/div>\n\n\n\n<p><em>Interview mit Christian Spuck vor der Premiere seines neuen Balletts NUSSKNACKER UND MAUSEK\u00d6NIG am 12. Oktober 2017, Opernhaus Z\u00fcrich<\/em><\/p>\n\n\n\n<p><em>Foto: Jos Schmid<\/em><\/p>\n","protected":false},"excerpt":{"rendered":"<p>Vor zwei Spielzeiten pr\u00e4sentierte der Choreograf und Ballettdirektor des Ballett Z\u00fcrich, Christian Spuck, seine Neuinszenierung des weltber\u00fchmten (und geliebten) Werkes Nussknacker und Mausek\u00f6nig. Ein voller Erfolg, dessen Wiederaufnahmen weiterhin zahlreiche Zuschauer*innen anzieht. Der NUSSKNACKER ist DAS weltber\u00fchmteste Weihnachtsballett. Warum braucht es eine Neuinszenierung? Meine Neuinszenierung basiert auf der&nbsp;Original-Nouvelle von E.T.A. Hoffmann. Mich faszinierte die Idee, [&hellip;]<\/p>\n","protected":false},"author":1,"featured_media":29967,"comment_status":"open","ping_status":"open","sticky":false,"template":"","format":"standard","meta":{"_monsterinsights_skip_tracking":false,"_monsterinsights_sitenote_active":false,"_monsterinsights_sitenote_note":"","_monsterinsights_sitenote_category":0},"categories":[53,73],"tags":[5609,2218,5611,6064,2855,6065,2856],"yoast_head":"<!-- This site is optimized with the Yoast SEO plugin v20.5 - https:\/\/yoast.com\/wordpress\/plugins\/seo\/ -->\n<title>Gespr\u00e4ch: Christian Spuck \u00fcber den Nussknacker &amp; Mausek\u00f6nig I szenik<\/title>\n<meta name=\"description\" content=\"Der Choreograf Christian Spuck spricht \u00fcber seine Neuinszenierung des weltber\u00fchmten (und geliebten) Werkes &quot;Nussknacker und Mausek\u00f6nig&quot; im Opernhaus Z\u00fcrich.\" \/>\n<meta name=\"robots\" content=\"index, follow, max-snippet:-1, max-image-preview:large, max-video-preview:-1\" \/>\n<link rel=\"canonical\" href=\"https:\/\/www.szenik.eu\/de\/interview-mit-christian-spuck-ueber-das-ballett-nussknacker-und-mausekoenig-i-balletloversblog-29960\" \/>\n<meta property=\"og:locale\" content=\"de_DE\" \/>\n<meta property=\"og:type\" content=\"article\" \/>\n<meta property=\"og:title\" content=\"Gespr\u00e4ch: Christian Spuck \u00fcber den Nussknacker &amp; Mausek\u00f6nig I szenik\" \/>\n<meta property=\"og:description\" content=\"Der Choreograf Christian Spuck spricht \u00fcber seine Neuinszenierung des weltber\u00fchmten (und geliebten) Werkes &quot;Nussknacker und Mausek\u00f6nig&quot; im Opernhaus Z\u00fcrich.\" \/>\n<meta property=\"og:url\" content=\"https:\/\/www.szenik.eu\/de\/interview-mit-christian-spuck-ueber-das-ballett-nussknacker-und-mausekoenig-i-balletloversblog-29960\" \/>\n<meta property=\"og:site_name\" content=\"szenik\" \/>\n<meta property=\"article:publisher\" content=\"https:\/\/www.facebook.com\/szenik.eu\/\" \/>\n<meta property=\"article:published_time\" content=\"2020-02-25T08:03:56+00:00\" \/>\n<meta property=\"article:modified_time\" content=\"2020-02-25T08:04:58+00:00\" \/>\n<meta property=\"og:image\" content=\"https:\/\/www.szenik.eu\/wp-content\/uploads\/2020\/02\/Capture-d\u2019\u00e9cran-2020-02-25-\u00e0-08.09.09.png\" \/>\n\t<meta property=\"og:image:width\" content=\"1058\" \/>\n\t<meta property=\"og:image:height\" content=\"722\" \/>\n\t<meta property=\"og:image:type\" content=\"image\/png\" \/>\n<meta name=\"author\" content=\"szenik\" \/>\n<meta name=\"twitter:card\" content=\"summary_large_image\" \/>\n<meta name=\"twitter:creator\" content=\"@Szenik\" \/>\n<meta name=\"twitter:site\" content=\"@Szenik\" \/>\n<meta name=\"twitter:label1\" content=\"Verfasst von\" \/>\n\t<meta name=\"twitter:data1\" content=\"szenik\" \/>\n\t<meta name=\"twitter:label2\" content=\"Gesch\u00e4tzte Lesezeit\" \/>\n\t<meta name=\"twitter:data2\" content=\"4\u00a0Minuten\" \/>\n<script type=\"application\/ld+json\" class=\"yoast-schema-graph\">{\"@context\":\"https:\/\/schema.org\",\"@graph\":[{\"@type\":\"Article\",\"@id\":\"https:\/\/www.szenik.eu\/de\/interview-mit-christian-spuck-ueber-das-ballett-nussknacker-und-mausekoenig-i-balletloversblog-29960#article\",\"isPartOf\":{\"@id\":\"https:\/\/www.szenik.eu\/de\/interview-mit-christian-spuck-ueber-das-ballett-nussknacker-und-mausekoenig-i-balletloversblog-29960\"},\"author\":{\"name\":\"szenik\",\"@id\":\"https:\/\/www.szenik.eu\/de\/#\/schema\/person\/15f73f175b41bad194837490339d48fb\"},\"headline\":\"Interview mit Christian Spuck \u00fcber das Ballett &#8222;Nussknacker und Mausek\u00f6nig&#8220; I balletloversblog\",\"datePublished\":\"2020-02-25T08:03:56+00:00\",\"dateModified\":\"2020-02-25T08:04:58+00:00\",\"mainEntityOfPage\":{\"@id\":\"https:\/\/www.szenik.eu\/de\/interview-mit-christian-spuck-ueber-das-ballett-nussknacker-und-mausekoenig-i-balletloversblog-29960\"},\"wordCount\":759,\"commentCount\":0,\"publisher\":{\"@id\":\"https:\/\/www.szenik.eu\/de\/#organization\"},\"keywords\":[\"Balletloversblog\",\"Ballett\",\"Ballett Z\u00fcrich\",\"Christian Spuck\",\"Opernhaus Z\u00fcrich\",\"Tschaikowsky\",\"Z\u00fcrich\"],\"articleSection\":[\"Magazin\",\"Portr\u00e4ts und Gespr\u00e4che\"],\"inLanguage\":\"de\",\"potentialAction\":[{\"@type\":\"CommentAction\",\"name\":\"Comment\",\"target\":[\"https:\/\/www.szenik.eu\/de\/interview-mit-christian-spuck-ueber-das-ballett-nussknacker-und-mausekoenig-i-balletloversblog-29960#respond\"]}]},{\"@type\":\"WebPage\",\"@id\":\"https:\/\/www.szenik.eu\/de\/interview-mit-christian-spuck-ueber-das-ballett-nussknacker-und-mausekoenig-i-balletloversblog-29960\",\"url\":\"https:\/\/www.szenik.eu\/de\/interview-mit-christian-spuck-ueber-das-ballett-nussknacker-und-mausekoenig-i-balletloversblog-29960\",\"name\":\"Gespr\u00e4ch: Christian Spuck \u00fcber den Nussknacker & Mausek\u00f6nig I szenik\",\"isPartOf\":{\"@id\":\"https:\/\/www.szenik.eu\/de\/#website\"},\"datePublished\":\"2020-02-25T08:03:56+00:00\",\"dateModified\":\"2020-02-25T08:04:58+00:00\",\"description\":\"Der Choreograf Christian Spuck spricht \u00fcber seine Neuinszenierung des weltber\u00fchmten (und geliebten) Werkes \\\"Nussknacker und Mausek\u00f6nig\\\" im Opernhaus Z\u00fcrich.\",\"breadcrumb\":{\"@id\":\"https:\/\/www.szenik.eu\/de\/interview-mit-christian-spuck-ueber-das-ballett-nussknacker-und-mausekoenig-i-balletloversblog-29960#breadcrumb\"},\"inLanguage\":\"de\",\"potentialAction\":[{\"@type\":\"ReadAction\",\"target\":[\"https:\/\/www.szenik.eu\/de\/interview-mit-christian-spuck-ueber-das-ballett-nussknacker-und-mausekoenig-i-balletloversblog-29960\"]}]},{\"@type\":\"BreadcrumbList\",\"@id\":\"https:\/\/www.szenik.eu\/de\/interview-mit-christian-spuck-ueber-das-ballett-nussknacker-und-mausekoenig-i-balletloversblog-29960#breadcrumb\",\"itemListElement\":[{\"@type\":\"ListItem\",\"position\":1,\"name\":\"Home\",\"item\":\"https:\/\/www.szenik.eu\/de\"},{\"@type\":\"ListItem\",\"position\":2,\"name\":\"Interview mit Christian Spuck \u00fcber das Ballett &#8222;Nussknacker und Mausek\u00f6nig&#8220; I balletloversblog\"}]},{\"@type\":\"WebSite\",\"@id\":\"https:\/\/www.szenik.eu\/de\/#website\",\"url\":\"https:\/\/www.szenik.eu\/de\/\",\"name\":\"szenik\",\"description\":\"Le Meilleur des sc\u00e8nes au coeur de l&#039;Europe\",\"publisher\":{\"@id\":\"https:\/\/www.szenik.eu\/de\/#organization\"},\"potentialAction\":[{\"@type\":\"SearchAction\",\"target\":{\"@type\":\"EntryPoint\",\"urlTemplate\":\"https:\/\/www.szenik.eu\/de\/?s={search_term_string}\"},\"query-input\":\"required name=search_term_string\"}],\"inLanguage\":\"de\"},{\"@type\":\"Organization\",\"@id\":\"https:\/\/www.szenik.eu\/de\/#organization\",\"name\":\"Szenik\",\"url\":\"https:\/\/www.szenik.eu\/de\/\",\"logo\":{\"@type\":\"ImageObject\",\"inLanguage\":\"de\",\"@id\":\"https:\/\/www.szenik.eu\/de\/#\/schema\/logo\/image\/\",\"url\":\"https:\/\/www.szenik.eu\/wp-content\/uploads\/2019\/07\/logo-square.png\",\"contentUrl\":\"https:\/\/www.szenik.eu\/wp-content\/uploads\/2019\/07\/logo-square.png\",\"width\":512,\"height\":512,\"caption\":\"Szenik\"},\"image\":{\"@id\":\"https:\/\/www.szenik.eu\/de\/#\/schema\/logo\/image\/\"},\"sameAs\":[\"https:\/\/www.facebook.com\/szenik.eu\/\",\"https:\/\/twitter.com\/Szenik\",\"https:\/\/www.instagram.com\/szenik_magazine\/\",\"https:\/\/www.youtube.com\/user\/SzenikEU\/\"]},{\"@type\":\"Person\",\"@id\":\"https:\/\/www.szenik.eu\/de\/#\/schema\/person\/15f73f175b41bad194837490339d48fb\",\"name\":\"szenik\",\"image\":{\"@type\":\"ImageObject\",\"inLanguage\":\"de\",\"@id\":\"https:\/\/www.szenik.eu\/de\/#\/schema\/person\/image\/\",\"url\":\"https:\/\/secure.gravatar.com\/avatar\/d1c4f19522a624a4eaa5e6c03e22370b?s=96&d=mm&r=g\",\"contentUrl\":\"https:\/\/secure.gravatar.com\/avatar\/d1c4f19522a624a4eaa5e6c03e22370b?s=96&d=mm&r=g\",\"caption\":\"szenik\"}}]}<\/script>\n<!-- \/ Yoast SEO plugin. -->","yoast_head_json":{"title":"Gespr\u00e4ch: Christian Spuck \u00fcber den Nussknacker & Mausek\u00f6nig I szenik","description":"Der Choreograf Christian Spuck spricht \u00fcber seine Neuinszenierung des weltber\u00fchmten (und geliebten) Werkes \"Nussknacker und Mausek\u00f6nig\" im Opernhaus Z\u00fcrich.","robots":{"index":"index","follow":"follow","max-snippet":"max-snippet:-1","max-image-preview":"max-image-preview:large","max-video-preview":"max-video-preview:-1"},"canonical":"https:\/\/www.szenik.eu\/de\/interview-mit-christian-spuck-ueber-das-ballett-nussknacker-und-mausekoenig-i-balletloversblog-29960","og_locale":"de_DE","og_type":"article","og_title":"Gespr\u00e4ch: Christian Spuck \u00fcber den Nussknacker & Mausek\u00f6nig I szenik","og_description":"Der Choreograf Christian Spuck spricht \u00fcber seine Neuinszenierung des weltber\u00fchmten (und geliebten) Werkes \"Nussknacker und Mausek\u00f6nig\" im Opernhaus Z\u00fcrich.","og_url":"https:\/\/www.szenik.eu\/de\/interview-mit-christian-spuck-ueber-das-ballett-nussknacker-und-mausekoenig-i-balletloversblog-29960","og_site_name":"szenik","article_publisher":"https:\/\/www.facebook.com\/szenik.eu\/","article_published_time":"2020-02-25T08:03:56+00:00","article_modified_time":"2020-02-25T08:04:58+00:00","og_image":[{"width":1058,"height":722,"url":"https:\/\/www.szenik.eu\/wp-content\/uploads\/2020\/02\/Capture-d\u2019\u00e9cran-2020-02-25-\u00e0-08.09.09.png","type":"image\/png"}],"author":"szenik","twitter_card":"summary_large_image","twitter_creator":"@Szenik","twitter_site":"@Szenik","twitter_misc":{"Verfasst von":"szenik","Gesch\u00e4tzte Lesezeit":"4\u00a0Minuten"},"schema":{"@context":"https:\/\/schema.org","@graph":[{"@type":"Article","@id":"https:\/\/www.szenik.eu\/de\/interview-mit-christian-spuck-ueber-das-ballett-nussknacker-und-mausekoenig-i-balletloversblog-29960#article","isPartOf":{"@id":"https:\/\/www.szenik.eu\/de\/interview-mit-christian-spuck-ueber-das-ballett-nussknacker-und-mausekoenig-i-balletloversblog-29960"},"author":{"name":"szenik","@id":"https:\/\/www.szenik.eu\/de\/#\/schema\/person\/15f73f175b41bad194837490339d48fb"},"headline":"Interview mit Christian Spuck \u00fcber das Ballett &#8222;Nussknacker und Mausek\u00f6nig&#8220; I balletloversblog","datePublished":"2020-02-25T08:03:56+00:00","dateModified":"2020-02-25T08:04:58+00:00","mainEntityOfPage":{"@id":"https:\/\/www.szenik.eu\/de\/interview-mit-christian-spuck-ueber-das-ballett-nussknacker-und-mausekoenig-i-balletloversblog-29960"},"wordCount":759,"commentCount":0,"publisher":{"@id":"https:\/\/www.szenik.eu\/de\/#organization"},"keywords":["Balletloversblog","Ballett","Ballett Z\u00fcrich","Christian Spuck","Opernhaus Z\u00fcrich","Tschaikowsky","Z\u00fcrich"],"articleSection":["Magazin","Portr\u00e4ts und Gespr\u00e4che"],"inLanguage":"de","potentialAction":[{"@type":"CommentAction","name":"Comment","target":["https:\/\/www.szenik.eu\/de\/interview-mit-christian-spuck-ueber-das-ballett-nussknacker-und-mausekoenig-i-balletloversblog-29960#respond"]}]},{"@type":"WebPage","@id":"https:\/\/www.szenik.eu\/de\/interview-mit-christian-spuck-ueber-das-ballett-nussknacker-und-mausekoenig-i-balletloversblog-29960","url":"https:\/\/www.szenik.eu\/de\/interview-mit-christian-spuck-ueber-das-ballett-nussknacker-und-mausekoenig-i-balletloversblog-29960","name":"Gespr\u00e4ch: Christian Spuck \u00fcber den Nussknacker & Mausek\u00f6nig I szenik","isPartOf":{"@id":"https:\/\/www.szenik.eu\/de\/#website"},"datePublished":"2020-02-25T08:03:56+00:00","dateModified":"2020-02-25T08:04:58+00:00","description":"Der Choreograf Christian Spuck spricht \u00fcber seine Neuinszenierung des weltber\u00fchmten (und geliebten) Werkes \"Nussknacker und Mausek\u00f6nig\" im Opernhaus Z\u00fcrich.","breadcrumb":{"@id":"https:\/\/www.szenik.eu\/de\/interview-mit-christian-spuck-ueber-das-ballett-nussknacker-und-mausekoenig-i-balletloversblog-29960#breadcrumb"},"inLanguage":"de","potentialAction":[{"@type":"ReadAction","target":["https:\/\/www.szenik.eu\/de\/interview-mit-christian-spuck-ueber-das-ballett-nussknacker-und-mausekoenig-i-balletloversblog-29960"]}]},{"@type":"BreadcrumbList","@id":"https:\/\/www.szenik.eu\/de\/interview-mit-christian-spuck-ueber-das-ballett-nussknacker-und-mausekoenig-i-balletloversblog-29960#breadcrumb","itemListElement":[{"@type":"ListItem","position":1,"name":"Home","item":"https:\/\/www.szenik.eu\/de"},{"@type":"ListItem","position":2,"name":"Interview mit Christian Spuck \u00fcber das Ballett &#8222;Nussknacker und Mausek\u00f6nig&#8220; I balletloversblog"}]},{"@type":"WebSite","@id":"https:\/\/www.szenik.eu\/de\/#website","url":"https:\/\/www.szenik.eu\/de\/","name":"szenik","description":"Le Meilleur des sc\u00e8nes au coeur de l&#039;Europe","publisher":{"@id":"https:\/\/www.szenik.eu\/de\/#organization"},"potentialAction":[{"@type":"SearchAction","target":{"@type":"EntryPoint","urlTemplate":"https:\/\/www.szenik.eu\/de\/?s={search_term_string}"},"query-input":"required name=search_term_string"}],"inLanguage":"de"},{"@type":"Organization","@id":"https:\/\/www.szenik.eu\/de\/#organization","name":"Szenik","url":"https:\/\/www.szenik.eu\/de\/","logo":{"@type":"ImageObject","inLanguage":"de","@id":"https:\/\/www.szenik.eu\/de\/#\/schema\/logo\/image\/","url":"https:\/\/www.szenik.eu\/wp-content\/uploads\/2019\/07\/logo-square.png","contentUrl":"https:\/\/www.szenik.eu\/wp-content\/uploads\/2019\/07\/logo-square.png","width":512,"height":512,"caption":"Szenik"},"image":{"@id":"https:\/\/www.szenik.eu\/de\/#\/schema\/logo\/image\/"},"sameAs":["https:\/\/www.facebook.com\/szenik.eu\/","https:\/\/twitter.com\/Szenik","https:\/\/www.instagram.com\/szenik_magazine\/","https:\/\/www.youtube.com\/user\/SzenikEU\/"]},{"@type":"Person","@id":"https:\/\/www.szenik.eu\/de\/#\/schema\/person\/15f73f175b41bad194837490339d48fb","name":"szenik","image":{"@type":"ImageObject","inLanguage":"de","@id":"https:\/\/www.szenik.eu\/de\/#\/schema\/person\/image\/","url":"https:\/\/secure.gravatar.com\/avatar\/d1c4f19522a624a4eaa5e6c03e22370b?s=96&d=mm&r=g","contentUrl":"https:\/\/secure.gravatar.com\/avatar\/d1c4f19522a624a4eaa5e6c03e22370b?s=96&d=mm&r=g","caption":"szenik"}}]}},"jetpack_featured_media_url":"https:\/\/www.szenik.eu\/wp-content\/uploads\/2020\/02\/Capture-d\u2019\u00e9cran-2020-02-25-\u00e0-08.09.09.png","amp_enabled":true,"_links":{"self":[{"href":"https:\/\/www.szenik.eu\/de\/wp-json\/\/wp\/v2\/posts\/29960"}],"collection":[{"href":"https:\/\/www.szenik.eu\/de\/wp-json\/\/wp\/v2\/posts"}],"about":[{"href":"https:\/\/www.szenik.eu\/de\/wp-json\/\/wp\/v2\/types\/post"}],"author":[{"embeddable":true,"href":"https:\/\/www.szenik.eu\/de\/wp-json\/\/wp\/v2\/users\/1"}],"replies":[{"embeddable":true,"href":"https:\/\/www.szenik.eu\/de\/wp-json\/\/wp\/v2\/comments?post=29960"}],"version-history":[{"count":6,"href":"https:\/\/www.szenik.eu\/de\/wp-json\/\/wp\/v2\/posts\/29960\/revisions"}],"predecessor-version":[{"id":29976,"href":"https:\/\/www.szenik.eu\/de\/wp-json\/\/wp\/v2\/posts\/29960\/revisions\/29976"}],"wp:featuredmedia":[{"embeddable":true,"href":"https:\/\/www.szenik.eu\/de\/wp-json\/\/wp\/v2\/media\/29967"}],"wp:attachment":[{"href":"https:\/\/www.szenik.eu\/de\/wp-json\/\/wp\/v2\/media?parent=29960"}],"wp:term":[{"taxonomy":"category","embeddable":true,"href":"https:\/\/www.szenik.eu\/de\/wp-json\/\/wp\/v2\/categories?post=29960"},{"taxonomy":"post_tag","embeddable":true,"href":"https:\/\/www.szenik.eu\/de\/wp-json\/\/wp\/v2\/tags?post=29960"}],"curies":[{"name":"wp","href":"https:\/\/api.w.org\/{rel}","templated":true}]}}