{"id":28283,"date":"2020-01-06T12:45:59","date_gmt":"2020-01-06T11:45:59","guid":{"rendered":"https:\/\/www.szenik.eu\/?p=28283\/"},"modified":"2020-01-06T12:46:07","modified_gmt":"2020-01-06T11:46:07","slug":"pforzheim-vivaldis-meisterwerk-in-der-gegenwart-interview-mit-dem-choreografen-guido-markowitz","status":"publish","type":"post","link":"https:\/\/www.szenik.eu\/de\/pforzheim-vivaldis-meisterwerk-in-der-gegenwart-interview-mit-dem-choreografen-guido-markowitz-28283","title":{"rendered":"Pforzheim &#8211; Vivaldis Meisterwerk in der Gegenwart: Interview mit dem Choreografen Guido Markowitz"},"content":{"rendered":"\n<h2>Sie sind wohl das bekannteste Werk von <strong>Antonio Vivaldi<\/strong>: <strong><em>Die vier Jahreszeiten<\/em><\/strong> aus dem Jahr 1725 \u00a0\u2013 vier herrliche Violinkonzerte, die grelle Blitze und lauten Donner, sanfte Fr\u00fchlingswinde und l\u00e4hmende Hitze, das poetische Bl\u00e4tterrauschen und das klirrende Frieren des Wassers musikalisch h\u00f6rbar machen. <br>Der Mensch, der lebt, lieb, feiert und vergeht: Auch er ist in Vivaldis barocker Meisterkomposition zutiefst gesehen und ein Grund f\u00fcr <strong>Guido Markowitz<\/strong> nach seinem fulminanten <em>Mozart-Requiem<\/em> im Jahr 2018, mit <strong><em>Die Vier Jahreszeiten<\/em><\/strong> im <strong>Theater Pforzheim<\/strong> erneut nach einem Klassiker zu greifen.<\/h2>\n\n\n\n<figure class=\"wp-block-image size-large\"><img decoding=\"async\" loading=\"lazy\" width=\"1024\" height=\"661\" src=\"https:\/\/www.szenik.eu\/wp-content\/uploads\/2020\/01\/Capture-d\u2019\u00e9cran-2020-01-06-\u00e0-12.17.00-1024x661.png\" alt=\"\" class=\"wp-image-28284\" srcset=\"https:\/\/www.szenik.eu\/wp-content\/uploads\/2020\/01\/Capture-d\u2019\u00e9cran-2020-01-06-\u00e0-12.17.00-1024x661.png 1024w, https:\/\/www.szenik.eu\/wp-content\/uploads\/2020\/01\/Capture-d\u2019\u00e9cran-2020-01-06-\u00e0-12.17.00-300x194.png 300w, https:\/\/www.szenik.eu\/wp-content\/uploads\/2020\/01\/Capture-d\u2019\u00e9cran-2020-01-06-\u00e0-12.17.00-768x496.png 768w, https:\/\/www.szenik.eu\/wp-content\/uploads\/2020\/01\/Capture-d\u2019\u00e9cran-2020-01-06-\u00e0-12.17.00-750x484.png 750w, https:\/\/www.szenik.eu\/wp-content\/uploads\/2020\/01\/Capture-d\u2019\u00e9cran-2020-01-06-\u00e0-12.17.00.png 1087w\" sizes=\"(max-width: 1024px) 100vw, 1024px\" \/><\/figure>\n\n\n\n<p><em>Das Interview f\u00fchrt Alexandra Karabelas-Haacke, Referentin der Ballettdirektion des Theater Pforzheim<\/em>. <\/p>\n\n\n\n<div style=\"height:33px\" aria-hidden=\"true\" class=\"wp-block-spacer\"><\/div>\n\n\n\n<p><strong>Herr Markowitz, warum machen Sie aus <em>Die vier Jahreszeiten<\/em> ein Ballett?<\/strong><\/p>\n\n\n\n<p>G. Markowitz: Mich hat Vivaldis Komposition begeistert. Wie ich dann die Rekomposition von Max Richter aus dem Jahr 2012 geh\u00f6rt habe, empfand ich dessen Musik als derart emotional dass ich diese unbedingt umsetzen wollte, in dem Bewusstsein dass diese starke Musik ebenso starke Bilder braucht. Diese Herausforderung hat mich am meisten gereizt: dass mein neues Ballett bildgewaltig und emotional sein muss.<\/p>\n\n\n\n<p><strong>Auf was darf sich Ihr Publikum einstellen? &nbsp;<\/strong><\/p>\n\n\n\n<p>G. M.: Auf Bilder, die uns die Jahreszeiten nahe bringen, das klar, aber ich reflektiere den Ablauf der Jahreszeiten unter einem ernsten Aspekt. So sieht man oft am Ende eines Jahres, was sich ver\u00e4ndern musste oder was geblieben ist. <\/p>\n\n\n\n<p>Wir sind alle Menschen, die in ihrem Leben schon einmal Orte oder Momente erlebt haben, an denen man gesp\u00fcrt hat, dass man nicht mehr bleiben kann sondern gehen muss weil Dinge, Beziehungen oder Landschaften kaputt und verloren gegangen oder gar zerst\u00f6rt worden sind. <\/p>\n\n\n\n<p>Man steht quasi vor den Bruchst\u00fccken eines Jahres \u2013 seien es Bruchst\u00fccke in Natur und Umwelt oder im Privatleben.\u00a0 Das geht an die Sustanz.<\/p>\n\n\n\n<p><strong>Hat Sie Max Richters Rekomposition von Vivaldis Meisterwerk zu diesem Ansatz inspiriert?<\/strong><\/p>\n\n\n\n<p>G.M.: Max Richter hat Vivaldis Violinkonzerte vorsichtig in unsere Zeit transportiert und sie dadurch in einer Weise verj\u00fcngt dass sie Gef\u00fchle von uns Menschen heute ansprechen. Vivaldis Komposition wurde dadurch noch reicher \u2013 etwa indem Richter \u00a0mit elektronischen Einspielern oder den Tempi gespielt hat, und das hat mich fasziniert. Dadurch haben sich andere Empfindungswelten und damit Kreationsr\u00e4ume ge\u00f6ffnet. Das wird man sehen k\u00f6nnen.<\/p>\n\n\n\n<figure class=\"wp-block-image size-large\"><img decoding=\"async\" loading=\"lazy\" width=\"891\" height=\"701\" src=\"https:\/\/www.szenik.eu\/wp-content\/uploads\/2020\/01\/Capture-d\u2019\u00e9cran-2020-01-06-\u00e0-12.17.41.png\" alt=\"\" class=\"wp-image-28286\" srcset=\"https:\/\/www.szenik.eu\/wp-content\/uploads\/2020\/01\/Capture-d\u2019\u00e9cran-2020-01-06-\u00e0-12.17.41.png 891w, https:\/\/www.szenik.eu\/wp-content\/uploads\/2020\/01\/Capture-d\u2019\u00e9cran-2020-01-06-\u00e0-12.17.41-300x236.png 300w, https:\/\/www.szenik.eu\/wp-content\/uploads\/2020\/01\/Capture-d\u2019\u00e9cran-2020-01-06-\u00e0-12.17.41-768x604.png 768w, https:\/\/www.szenik.eu\/wp-content\/uploads\/2020\/01\/Capture-d\u2019\u00e9cran-2020-01-06-\u00e0-12.17.41-750x590.png 750w\" sizes=\"(max-width: 891px) 100vw, 891px\" \/><\/figure>\n\n\n\n<div style=\"height:20px\" aria-hidden=\"true\" class=\"wp-block-spacer\"><\/div>\n\n\n\n<p><strong><em><a href=\"https:\/\/www.theater-pforzheim.de\/veranstaltungen\/ansicht-veranstaltungen\/event\/d\/s\/eventDetail\/2020-01-25\/1930\/die-vier-jahreszeiten-49748.html\" target=\"_blank\" rel=\"noreferrer noopener\" aria-label=\"Die vier Jahreszeiten (opens in a new tab)\">Die vier Jahreszeiten<\/a><\/em><\/strong><br>Ein Ballett von <strong>Guido Markowitz<\/strong><br>Ab dem <strong>25. Januar 2020<\/strong> im <strong><a href=\"https:\/\/www.theater-pforzheim.de\/veranstaltungen\/ansicht-veranstaltungen\/event\/d\/s\/eventDetail\/2020-01-25\/1930\/die-vier-jahreszeiten-49748.html\" target=\"_blank\" rel=\"noreferrer noopener\" aria-label=\"Theater Pforzheim (opens in a new tab)\">Theater Pforzheim<\/a><\/strong><\/p>\n\n\n\n<p><strong>Mit<\/strong>&nbsp;Mei Chen, Stella Covi, Fabienne Deesker, Alba Valenciano Lopez, Selene Martello, Eleonora Pennacchini, Mariana Filipa Rodrigues Romao, Elias B\u00e4ckebj\u00f6rk, Yannis Brissot, Alex Ferro, Abraham Iglesias Rodriguez, Willer Goncales Rocha, Dario Wilmington, Bae Hyeon Woo<\/p>\n\n\n\n<p><strong>Badische Philharmonie Pforzheim<\/strong><\/p>\n\n\n\n<p><strong>Musikalische Leitung<\/strong>&nbsp;Alexandros Diamantis<br><strong>Choreografie und Inszenierung&nbsp;<\/strong>Guido Markowitz<br><strong>B\u00fchnenbild und&nbsp;Videoinstallation&nbsp;<\/strong>Philipp Contag-Lada<br><strong>Kost\u00fcme&nbsp;<\/strong>Marco Falcioni<br><strong>Dramaturgie<\/strong>&nbsp;Alexandra Karabelas<\/p>\n\n\n\n<div class=\"wp-block-image\"><figure class=\"aligncenter size-large\"><img decoding=\"async\" loading=\"lazy\" width=\"485\" height=\"703\" src=\"https:\/\/www.szenik.eu\/wp-content\/uploads\/2020\/01\/Capture-d\u2019\u00e9cran-2020-01-06-\u00e0-12.17.20.png\" alt=\"\" class=\"wp-image-28288\" srcset=\"https:\/\/www.szenik.eu\/wp-content\/uploads\/2020\/01\/Capture-d\u2019\u00e9cran-2020-01-06-\u00e0-12.17.20.png 485w, https:\/\/www.szenik.eu\/wp-content\/uploads\/2020\/01\/Capture-d\u2019\u00e9cran-2020-01-06-\u00e0-12.17.20-207x300.png 207w\" sizes=\"(max-width: 485px) 100vw, 485px\" \/><\/figure><\/div>\n\n\n\n<div style=\"height:33px\" aria-hidden=\"true\" class=\"wp-block-spacer\"><\/div>\n\n\n\n<div class=\"wp-block-button aligncenter\"><a class=\"wp-block-button__link has-text-color has-very-dark-gray-color has-background has-pale-cyan-blue-background-color\" href=\"https:\/\/www.szenik.eu\/de\/event\/die-vier-jahreszeiten-2\" target=\"_blank\" rel=\"noreferrer noopener\">Informationen zu den Vorstellungen auf www.szenik.eu<\/a><\/div>\n\n\n\n<div style=\"height:73px\" aria-hidden=\"true\" class=\"wp-block-spacer\"><\/div>\n\n\n\n<p>Fotos: S. Haymann, Andrea D&#8217;Aqunio<\/p>\n","protected":false},"excerpt":{"rendered":"<p>Sie sind wohl das bekannteste Werk von Antonio Vivaldi: Die vier Jahreszeiten aus dem Jahr 1725 \u00a0\u2013 vier herrliche Violinkonzerte, die grelle Blitze und lauten Donner, sanfte Fr\u00fchlingswinde und l\u00e4hmende Hitze, das poetische Bl\u00e4tterrauschen und das klirrende Frieren des Wassers musikalisch h\u00f6rbar machen. Der Mensch, der lebt, lieb, feiert und vergeht: Auch er ist in [&hellip;]<\/p>\n","protected":false},"author":1,"featured_media":28290,"comment_status":"open","ping_status":"open","sticky":false,"template":"","format":"standard","meta":{"_monsterinsights_skip_tracking":false,"_monsterinsights_sitenote_active":false,"_monsterinsights_sitenote_note":"","_monsterinsights_sitenote_category":0},"categories":[2815,53],"tags":[3796,2218,5217,5216,2483,2161,2276],"yoast_head":"<!-- This site is optimized with the Yoast SEO plugin v20.5 - https:\/\/yoast.com\/wordpress\/plugins\/seo\/ -->\n<title>Guido Markowitz \u00fcber Die vier Jahreszeiten im Theater Pforzheim I szenik<\/title>\n<meta name=\"description\" content=\"Guido Markowitz greift mit Die vier Jahreszeiten im Theater Pforzheim nach einem fulminanten Klassiker und versetzt dieses Meisterwerk in die Gegenwart.\" \/>\n<meta name=\"robots\" content=\"index, follow, max-snippet:-1, max-image-preview:large, max-video-preview:-1\" \/>\n<link rel=\"canonical\" href=\"https:\/\/www.szenik.eu\/de\/pforzheim-vivaldis-meisterwerk-in-der-gegenwart-interview-mit-dem-choreografen-guido-markowitz-28283\" \/>\n<meta property=\"og:locale\" content=\"de_DE\" \/>\n<meta property=\"og:type\" content=\"article\" \/>\n<meta property=\"og:title\" content=\"Guido Markowitz \u00fcber Die vier Jahreszeiten im Theater Pforzheim I szenik\" \/>\n<meta property=\"og:description\" content=\"Guido Markowitz greift mit Die vier Jahreszeiten im Theater Pforzheim nach einem fulminanten Klassiker und versetzt dieses Meisterwerk in die Gegenwart.\" \/>\n<meta property=\"og:url\" content=\"https:\/\/www.szenik.eu\/de\/pforzheim-vivaldis-meisterwerk-in-der-gegenwart-interview-mit-dem-choreografen-guido-markowitz-28283\" \/>\n<meta property=\"og:site_name\" content=\"szenik\" \/>\n<meta property=\"article:publisher\" content=\"https:\/\/www.facebook.com\/szenik.eu\/\" \/>\n<meta property=\"article:published_time\" content=\"2020-01-06T11:45:59+00:00\" \/>\n<meta property=\"article:modified_time\" content=\"2020-01-06T11:46:07+00:00\" \/>\n<meta property=\"og:image\" content=\"https:\/\/www.szenik.eu\/wp-content\/uploads\/2020\/01\/Capture-d\u2019\u00e9cran-2020-01-06-\u00e0-12.17.10.png\" \/>\n\t<meta property=\"og:image:width\" content=\"1060\" \/>\n\t<meta property=\"og:image:height\" content=\"703\" \/>\n\t<meta property=\"og:image:type\" content=\"image\/png\" \/>\n<meta name=\"author\" content=\"szenik\" \/>\n<meta name=\"twitter:card\" content=\"summary_large_image\" \/>\n<meta name=\"twitter:creator\" content=\"@Szenik\" \/>\n<meta name=\"twitter:site\" content=\"@Szenik\" \/>\n<meta name=\"twitter:label1\" content=\"Verfasst von\" \/>\n\t<meta name=\"twitter:data1\" content=\"szenik\" \/>\n\t<meta name=\"twitter:label2\" content=\"Gesch\u00e4tzte Lesezeit\" \/>\n\t<meta name=\"twitter:data2\" content=\"2\u00a0Minuten\" \/>\n<script type=\"application\/ld+json\" class=\"yoast-schema-graph\">{\"@context\":\"https:\/\/schema.org\",\"@graph\":[{\"@type\":\"Article\",\"@id\":\"https:\/\/www.szenik.eu\/de\/pforzheim-vivaldis-meisterwerk-in-der-gegenwart-interview-mit-dem-choreografen-guido-markowitz-28283#article\",\"isPartOf\":{\"@id\":\"https:\/\/www.szenik.eu\/de\/pforzheim-vivaldis-meisterwerk-in-der-gegenwart-interview-mit-dem-choreografen-guido-markowitz-28283\"},\"author\":{\"name\":\"szenik\",\"@id\":\"https:\/\/www.szenik.eu\/de\/#\/schema\/person\/15f73f175b41bad194837490339d48fb\"},\"headline\":\"Pforzheim &#8211; Vivaldis Meisterwerk in der Gegenwart: Interview mit dem Choreografen Guido Markowitz\",\"datePublished\":\"2020-01-06T11:45:59+00:00\",\"dateModified\":\"2020-01-06T11:46:07+00:00\",\"mainEntityOfPage\":{\"@id\":\"https:\/\/www.szenik.eu\/de\/pforzheim-vivaldis-meisterwerk-in-der-gegenwart-interview-mit-dem-choreografen-guido-markowitz-28283\"},\"wordCount\":479,\"commentCount\":0,\"publisher\":{\"@id\":\"https:\/\/www.szenik.eu\/de\/#organization\"},\"keywords\":[\"Antonio Vivaldi\",\"Ballett\",\"Guido Markowitz\",\"Pforzheim\",\"Premiere\",\"Tanz\",\"Theater Pforzheim\"],\"articleSection\":[\"Kurz &amp; knackig\",\"Magazin\"],\"inLanguage\":\"de\",\"potentialAction\":[{\"@type\":\"CommentAction\",\"name\":\"Comment\",\"target\":[\"https:\/\/www.szenik.eu\/de\/pforzheim-vivaldis-meisterwerk-in-der-gegenwart-interview-mit-dem-choreografen-guido-markowitz-28283#respond\"]}]},{\"@type\":\"WebPage\",\"@id\":\"https:\/\/www.szenik.eu\/de\/pforzheim-vivaldis-meisterwerk-in-der-gegenwart-interview-mit-dem-choreografen-guido-markowitz-28283\",\"url\":\"https:\/\/www.szenik.eu\/de\/pforzheim-vivaldis-meisterwerk-in-der-gegenwart-interview-mit-dem-choreografen-guido-markowitz-28283\",\"name\":\"Guido Markowitz \u00fcber Die vier Jahreszeiten im Theater Pforzheim I szenik\",\"isPartOf\":{\"@id\":\"https:\/\/www.szenik.eu\/de\/#website\"},\"datePublished\":\"2020-01-06T11:45:59+00:00\",\"dateModified\":\"2020-01-06T11:46:07+00:00\",\"description\":\"Guido Markowitz greift mit Die vier Jahreszeiten im Theater Pforzheim nach einem fulminanten Klassiker und versetzt dieses Meisterwerk in die Gegenwart.\",\"breadcrumb\":{\"@id\":\"https:\/\/www.szenik.eu\/de\/pforzheim-vivaldis-meisterwerk-in-der-gegenwart-interview-mit-dem-choreografen-guido-markowitz-28283#breadcrumb\"},\"inLanguage\":\"de\",\"potentialAction\":[{\"@type\":\"ReadAction\",\"target\":[\"https:\/\/www.szenik.eu\/de\/pforzheim-vivaldis-meisterwerk-in-der-gegenwart-interview-mit-dem-choreografen-guido-markowitz-28283\"]}]},{\"@type\":\"BreadcrumbList\",\"@id\":\"https:\/\/www.szenik.eu\/de\/pforzheim-vivaldis-meisterwerk-in-der-gegenwart-interview-mit-dem-choreografen-guido-markowitz-28283#breadcrumb\",\"itemListElement\":[{\"@type\":\"ListItem\",\"position\":1,\"name\":\"Home\",\"item\":\"https:\/\/www.szenik.eu\/de\"},{\"@type\":\"ListItem\",\"position\":2,\"name\":\"Pforzheim &#8211; Vivaldis Meisterwerk in der Gegenwart: Interview mit dem Choreografen Guido Markowitz\"}]},{\"@type\":\"WebSite\",\"@id\":\"https:\/\/www.szenik.eu\/de\/#website\",\"url\":\"https:\/\/www.szenik.eu\/de\/\",\"name\":\"szenik\",\"description\":\"Le Meilleur des sc\u00e8nes au coeur de l&#039;Europe\",\"publisher\":{\"@id\":\"https:\/\/www.szenik.eu\/de\/#organization\"},\"potentialAction\":[{\"@type\":\"SearchAction\",\"target\":{\"@type\":\"EntryPoint\",\"urlTemplate\":\"https:\/\/www.szenik.eu\/de\/?s={search_term_string}\"},\"query-input\":\"required name=search_term_string\"}],\"inLanguage\":\"de\"},{\"@type\":\"Organization\",\"@id\":\"https:\/\/www.szenik.eu\/de\/#organization\",\"name\":\"Szenik\",\"url\":\"https:\/\/www.szenik.eu\/de\/\",\"logo\":{\"@type\":\"ImageObject\",\"inLanguage\":\"de\",\"@id\":\"https:\/\/www.szenik.eu\/de\/#\/schema\/logo\/image\/\",\"url\":\"https:\/\/www.szenik.eu\/wp-content\/uploads\/2019\/07\/logo-square.png\",\"contentUrl\":\"https:\/\/www.szenik.eu\/wp-content\/uploads\/2019\/07\/logo-square.png\",\"width\":512,\"height\":512,\"caption\":\"Szenik\"},\"image\":{\"@id\":\"https:\/\/www.szenik.eu\/de\/#\/schema\/logo\/image\/\"},\"sameAs\":[\"https:\/\/www.facebook.com\/szenik.eu\/\",\"https:\/\/twitter.com\/Szenik\",\"https:\/\/www.instagram.com\/szenik_magazine\/\",\"https:\/\/www.youtube.com\/user\/SzenikEU\/\"]},{\"@type\":\"Person\",\"@id\":\"https:\/\/www.szenik.eu\/de\/#\/schema\/person\/15f73f175b41bad194837490339d48fb\",\"name\":\"szenik\",\"image\":{\"@type\":\"ImageObject\",\"inLanguage\":\"de\",\"@id\":\"https:\/\/www.szenik.eu\/de\/#\/schema\/person\/image\/\",\"url\":\"https:\/\/secure.gravatar.com\/avatar\/d1c4f19522a624a4eaa5e6c03e22370b?s=96&d=mm&r=g\",\"contentUrl\":\"https:\/\/secure.gravatar.com\/avatar\/d1c4f19522a624a4eaa5e6c03e22370b?s=96&d=mm&r=g\",\"caption\":\"szenik\"}}]}<\/script>\n<!-- \/ Yoast SEO plugin. -->","yoast_head_json":{"title":"Guido Markowitz \u00fcber Die vier Jahreszeiten im Theater Pforzheim I szenik","description":"Guido Markowitz greift mit Die vier Jahreszeiten im Theater Pforzheim nach einem fulminanten Klassiker und versetzt dieses Meisterwerk in die Gegenwart.","robots":{"index":"index","follow":"follow","max-snippet":"max-snippet:-1","max-image-preview":"max-image-preview:large","max-video-preview":"max-video-preview:-1"},"canonical":"https:\/\/www.szenik.eu\/de\/pforzheim-vivaldis-meisterwerk-in-der-gegenwart-interview-mit-dem-choreografen-guido-markowitz-28283","og_locale":"de_DE","og_type":"article","og_title":"Guido Markowitz \u00fcber Die vier Jahreszeiten im Theater Pforzheim I szenik","og_description":"Guido Markowitz greift mit Die vier Jahreszeiten im Theater Pforzheim nach einem fulminanten Klassiker und versetzt dieses Meisterwerk in die Gegenwart.","og_url":"https:\/\/www.szenik.eu\/de\/pforzheim-vivaldis-meisterwerk-in-der-gegenwart-interview-mit-dem-choreografen-guido-markowitz-28283","og_site_name":"szenik","article_publisher":"https:\/\/www.facebook.com\/szenik.eu\/","article_published_time":"2020-01-06T11:45:59+00:00","article_modified_time":"2020-01-06T11:46:07+00:00","og_image":[{"width":1060,"height":703,"url":"https:\/\/www.szenik.eu\/wp-content\/uploads\/2020\/01\/Capture-d\u2019\u00e9cran-2020-01-06-\u00e0-12.17.10.png","type":"image\/png"}],"author":"szenik","twitter_card":"summary_large_image","twitter_creator":"@Szenik","twitter_site":"@Szenik","twitter_misc":{"Verfasst von":"szenik","Gesch\u00e4tzte Lesezeit":"2\u00a0Minuten"},"schema":{"@context":"https:\/\/schema.org","@graph":[{"@type":"Article","@id":"https:\/\/www.szenik.eu\/de\/pforzheim-vivaldis-meisterwerk-in-der-gegenwart-interview-mit-dem-choreografen-guido-markowitz-28283#article","isPartOf":{"@id":"https:\/\/www.szenik.eu\/de\/pforzheim-vivaldis-meisterwerk-in-der-gegenwart-interview-mit-dem-choreografen-guido-markowitz-28283"},"author":{"name":"szenik","@id":"https:\/\/www.szenik.eu\/de\/#\/schema\/person\/15f73f175b41bad194837490339d48fb"},"headline":"Pforzheim &#8211; Vivaldis Meisterwerk in der Gegenwart: Interview mit dem Choreografen Guido Markowitz","datePublished":"2020-01-06T11:45:59+00:00","dateModified":"2020-01-06T11:46:07+00:00","mainEntityOfPage":{"@id":"https:\/\/www.szenik.eu\/de\/pforzheim-vivaldis-meisterwerk-in-der-gegenwart-interview-mit-dem-choreografen-guido-markowitz-28283"},"wordCount":479,"commentCount":0,"publisher":{"@id":"https:\/\/www.szenik.eu\/de\/#organization"},"keywords":["Antonio Vivaldi","Ballett","Guido Markowitz","Pforzheim","Premiere","Tanz","Theater Pforzheim"],"articleSection":["Kurz &amp; knackig","Magazin"],"inLanguage":"de","potentialAction":[{"@type":"CommentAction","name":"Comment","target":["https:\/\/www.szenik.eu\/de\/pforzheim-vivaldis-meisterwerk-in-der-gegenwart-interview-mit-dem-choreografen-guido-markowitz-28283#respond"]}]},{"@type":"WebPage","@id":"https:\/\/www.szenik.eu\/de\/pforzheim-vivaldis-meisterwerk-in-der-gegenwart-interview-mit-dem-choreografen-guido-markowitz-28283","url":"https:\/\/www.szenik.eu\/de\/pforzheim-vivaldis-meisterwerk-in-der-gegenwart-interview-mit-dem-choreografen-guido-markowitz-28283","name":"Guido Markowitz \u00fcber Die vier Jahreszeiten im Theater Pforzheim I szenik","isPartOf":{"@id":"https:\/\/www.szenik.eu\/de\/#website"},"datePublished":"2020-01-06T11:45:59+00:00","dateModified":"2020-01-06T11:46:07+00:00","description":"Guido Markowitz greift mit Die vier Jahreszeiten im Theater Pforzheim nach einem fulminanten Klassiker und versetzt dieses Meisterwerk in die Gegenwart.","breadcrumb":{"@id":"https:\/\/www.szenik.eu\/de\/pforzheim-vivaldis-meisterwerk-in-der-gegenwart-interview-mit-dem-choreografen-guido-markowitz-28283#breadcrumb"},"inLanguage":"de","potentialAction":[{"@type":"ReadAction","target":["https:\/\/www.szenik.eu\/de\/pforzheim-vivaldis-meisterwerk-in-der-gegenwart-interview-mit-dem-choreografen-guido-markowitz-28283"]}]},{"@type":"BreadcrumbList","@id":"https:\/\/www.szenik.eu\/de\/pforzheim-vivaldis-meisterwerk-in-der-gegenwart-interview-mit-dem-choreografen-guido-markowitz-28283#breadcrumb","itemListElement":[{"@type":"ListItem","position":1,"name":"Home","item":"https:\/\/www.szenik.eu\/de"},{"@type":"ListItem","position":2,"name":"Pforzheim &#8211; Vivaldis Meisterwerk in der Gegenwart: Interview mit dem Choreografen Guido Markowitz"}]},{"@type":"WebSite","@id":"https:\/\/www.szenik.eu\/de\/#website","url":"https:\/\/www.szenik.eu\/de\/","name":"szenik","description":"Le Meilleur des sc\u00e8nes au coeur de l&#039;Europe","publisher":{"@id":"https:\/\/www.szenik.eu\/de\/#organization"},"potentialAction":[{"@type":"SearchAction","target":{"@type":"EntryPoint","urlTemplate":"https:\/\/www.szenik.eu\/de\/?s={search_term_string}"},"query-input":"required name=search_term_string"}],"inLanguage":"de"},{"@type":"Organization","@id":"https:\/\/www.szenik.eu\/de\/#organization","name":"Szenik","url":"https:\/\/www.szenik.eu\/de\/","logo":{"@type":"ImageObject","inLanguage":"de","@id":"https:\/\/www.szenik.eu\/de\/#\/schema\/logo\/image\/","url":"https:\/\/www.szenik.eu\/wp-content\/uploads\/2019\/07\/logo-square.png","contentUrl":"https:\/\/www.szenik.eu\/wp-content\/uploads\/2019\/07\/logo-square.png","width":512,"height":512,"caption":"Szenik"},"image":{"@id":"https:\/\/www.szenik.eu\/de\/#\/schema\/logo\/image\/"},"sameAs":["https:\/\/www.facebook.com\/szenik.eu\/","https:\/\/twitter.com\/Szenik","https:\/\/www.instagram.com\/szenik_magazine\/","https:\/\/www.youtube.com\/user\/SzenikEU\/"]},{"@type":"Person","@id":"https:\/\/www.szenik.eu\/de\/#\/schema\/person\/15f73f175b41bad194837490339d48fb","name":"szenik","image":{"@type":"ImageObject","inLanguage":"de","@id":"https:\/\/www.szenik.eu\/de\/#\/schema\/person\/image\/","url":"https:\/\/secure.gravatar.com\/avatar\/d1c4f19522a624a4eaa5e6c03e22370b?s=96&d=mm&r=g","contentUrl":"https:\/\/secure.gravatar.com\/avatar\/d1c4f19522a624a4eaa5e6c03e22370b?s=96&d=mm&r=g","caption":"szenik"}}]}},"jetpack_featured_media_url":"https:\/\/www.szenik.eu\/wp-content\/uploads\/2020\/01\/Capture-d\u2019\u00e9cran-2020-01-06-\u00e0-12.17.10.png","amp_enabled":true,"_links":{"self":[{"href":"https:\/\/www.szenik.eu\/de\/wp-json\/\/wp\/v2\/posts\/28283"}],"collection":[{"href":"https:\/\/www.szenik.eu\/de\/wp-json\/\/wp\/v2\/posts"}],"about":[{"href":"https:\/\/www.szenik.eu\/de\/wp-json\/\/wp\/v2\/types\/post"}],"author":[{"embeddable":true,"href":"https:\/\/www.szenik.eu\/de\/wp-json\/\/wp\/v2\/users\/1"}],"replies":[{"embeddable":true,"href":"https:\/\/www.szenik.eu\/de\/wp-json\/\/wp\/v2\/comments?post=28283"}],"version-history":[{"count":2,"href":"https:\/\/www.szenik.eu\/de\/wp-json\/\/wp\/v2\/posts\/28283\/revisions"}],"predecessor-version":[{"id":28293,"href":"https:\/\/www.szenik.eu\/de\/wp-json\/\/wp\/v2\/posts\/28283\/revisions\/28293"}],"wp:featuredmedia":[{"embeddable":true,"href":"https:\/\/www.szenik.eu\/de\/wp-json\/\/wp\/v2\/media\/28290"}],"wp:attachment":[{"href":"https:\/\/www.szenik.eu\/de\/wp-json\/\/wp\/v2\/media?parent=28283"}],"wp:term":[{"taxonomy":"category","embeddable":true,"href":"https:\/\/www.szenik.eu\/de\/wp-json\/\/wp\/v2\/categories?post=28283"},{"taxonomy":"post_tag","embeddable":true,"href":"https:\/\/www.szenik.eu\/de\/wp-json\/\/wp\/v2\/tags?post=28283"}],"curies":[{"name":"wp","href":"https:\/\/api.w.org\/{rel}","templated":true}]}}