{"id":25727,"date":"2019-10-16T10:37:34","date_gmt":"2019-10-16T08:37:34","guid":{"rendered":"https:\/\/www.szenik.eu\/?p=25727\/"},"modified":"2019-12-20T13:59:59","modified_gmt":"2019-12-20T12:59:59","slug":"arsilda-von-antonio-vivaldi-im-slowakischen-nationaltheater","status":"publish","type":"post","link":"https:\/\/www.szenik.eu\/de\/arsilda-von-antonio-vivaldi-im-slowakischen-nationaltheater-25727","title":{"rendered":"ARSILDA VON ANTONIO VIVALDI IM SLOWAKISCHEN NATIONALTHEATER"},"content":{"rendered":"\n<h2>Barockfans aufgepasst! <strong><em>Arsilda, regina di Ponto<\/em><\/strong> von <strong>Antonio Vivaldi <\/strong>bringt uns zuk\u00fcnftig durch die verregneten Herbstabende. Eine Produktion mit dem tschechischen Ensemble <strong>Collegium Vocale 1704<\/strong>. <\/h2>\n\n\n\n<figure class=\"wp-block-image\"><img decoding=\"async\" loading=\"lazy\" width=\"1024\" height=\"684\" src=\"https:\/\/www.szenik.eu\/wp-content\/uploads\/2019\/10\/arsilda_c_-Petra-Hajska-1024x684.jpg\" alt=\"arsilda_Petra Hajska\" class=\"wp-image-25732\" srcset=\"https:\/\/www.szenik.eu\/wp-content\/uploads\/2019\/10\/arsilda_c_-Petra-Hajska-1024x684.jpg 1024w, https:\/\/www.szenik.eu\/wp-content\/uploads\/2019\/10\/arsilda_c_-Petra-Hajska-300x200.jpg 300w, https:\/\/www.szenik.eu\/wp-content\/uploads\/2019\/10\/arsilda_c_-Petra-Hajska-768x513.jpg 768w, https:\/\/www.szenik.eu\/wp-content\/uploads\/2019\/10\/arsilda_c_-Petra-Hajska-750x501.jpg 750w, https:\/\/www.szenik.eu\/wp-content\/uploads\/2019\/10\/arsilda_c_-Petra-Hajska-1140x761.jpg 1140w, https:\/\/www.szenik.eu\/wp-content\/uploads\/2019\/10\/arsilda_c_-Petra-Hajska.jpg 1600w\" sizes=\"(max-width: 1024px) 100vw, 1024px\" \/><figcaption>Petra Hajska<\/figcaption><\/figure>\n\n\n\n<p>Es ist schon eine haarstr\u00e4ubende Verwechslungsgeschichte, die Antonio Vivaldi \u2013 oder besser gesagt: sein Librettist Domenico Lalli \u2013 dem Opernpublikum in&nbsp;<em>Arsilda&nbsp;<\/em>auftischt. Tamese soll K\u00f6nig von Kilikien werden, doch der junge Mann erleidet Schiffbruch und wird f\u00fcr tot gehalten. Seine Zwillingsschwester kommt offiziell nicht f\u00fcr die Thronfolge infrage, weil nur M\u00e4nner das Amt antreten d\u00fcrfen. Also dr\u00e4ngt Antipatra, die Mutter der Zwillinge und seit dem Tod ihres Mannes gesch\u00e4ftsf\u00fchrende K\u00f6nigin, kurzerhand Lisea dazu, sich als Mann zu verkleiden und als ihren Bruder auszugeben. Was auch bedeutet, dass Lisea nun mit der pontischen K\u00f6nigstochter Arsilda verlobt ist. Bis der echte Tamese, der das Ungl\u00fcck in Wirklichkeit \u00fcberlebt hat, wieder zur\u00fcckkehrt und alles mit einer Doppelhochzeit endet, ergeben sich zahlreiche Verwicklungen.<\/p>\n\n\n\n<p>Antonio Vivaldis 1716 erstmals aufgef\u00fchrte Oper steht stellvertretend f\u00fcr einen Epochenwechsel in der Kulturszene Venedigs, beg\u00fcnstigt durch den Fortgang Francesco Gasparinis 1713 nach Rom und der Schlie\u00dfung des Theaters San Cassiano. Der in Rom lebende Autor und Dramaturg Pier Jacopo Martello hatte mit seiner Forderung nach einer Abkehr der Oper vom klassischen aristotelischen Drama und der Hinwendung zu mehr unterhaltenden Elementen die theoretischen Grundlagen f\u00fcr einen solchen Wandel gelegt.<\/p>\n\n\n\n<p>Die Auff\u00fchrung steht unter der musikalischen Leitung von <strong>Vacl\u00e1v Luks<\/strong>, dem Gr\u00fcnder des Prager Barockorchesters <strong>Collegium 1704<\/strong>, dessen Auff\u00fchrung von Josef Myslive\u010deks Oper&nbsp;<em>L\u02bcOlimpiade&nbsp;<\/em>bereits in Luxemburg zu erleben war. Luks hat&nbsp;<em>Arsilda<\/em>, die seit der Zeit Vivaldis nicht mehr aufgef\u00fchrt worden war, wiederentdeckt und dem Vergessen entrissen.<\/p>\n\n\n\n<p><\/p>\n\n\n\n<h4>BESETZUNG<\/h4>\n\n\n\n<p>Regie&nbsp;<strong>David Radok<\/strong><br>Musikalische&nbsp;Leitung<strong> V\u00e1clav Luks<\/strong><br>B\u00fchnenbild&nbsp;<strong>Ivan Theimer<\/strong><\/p>\n\n\n\n<p>Kost\u00fcme&nbsp;<strong>Zuzana Je\u017ekov\u00e1<\/strong><br>Licht&nbsp;<strong>P\u0159emysl Janda<\/strong><br>Choreografie&nbsp;<strong>Andrea Miltnerov\u00e1<\/strong><\/p>\n\n\n\n<p>Lisea&nbsp;<strong>Lucile Richardot<\/strong><br>Arsilda&nbsp;<strong>Olivia Vermeulen<\/strong><br>Barzane&nbsp;<strong>Kangmin Justin Kim<\/strong><\/p>\n\n\n\n<p>Tamese&nbsp;<strong>Fernando Guimar\u00e3es&nbsp;&nbsp;<\/strong><br>Cisardo <strong>Lisandro Abadie<\/strong><br>Mirinda&nbsp;<strong>Lenka M\u00e1\u010dikov\u00e1<\/strong>&nbsp;&nbsp;&nbsp;&nbsp;&nbsp;&nbsp;&nbsp;&nbsp;&nbsp;&nbsp;&nbsp;&nbsp;&nbsp;&nbsp;&nbsp;&nbsp;&nbsp;&nbsp;&nbsp;&nbsp;&nbsp;&nbsp;&nbsp;&nbsp;&nbsp;&nbsp;&nbsp;&nbsp;&nbsp;&nbsp;&nbsp;&nbsp;&nbsp;&nbsp;&nbsp;&nbsp;&nbsp;&nbsp;&nbsp;&nbsp;&nbsp;&nbsp;&nbsp;&nbsp;&nbsp;&nbsp;&nbsp;&nbsp;&nbsp;&nbsp;&nbsp;&nbsp;&nbsp;&nbsp;&nbsp;&nbsp;&nbsp;&nbsp;&nbsp;&nbsp;&nbsp;&nbsp;&nbsp;&nbsp;&nbsp;&nbsp;&nbsp;&nbsp;&nbsp;&nbsp;&nbsp;&nbsp;&nbsp;&nbsp;&nbsp;&nbsp;&nbsp;&nbsp;&nbsp;&nbsp;&nbsp;&nbsp;&nbsp;&nbsp;&nbsp;&nbsp;&nbsp;&nbsp;&nbsp;&nbsp;&nbsp;&nbsp;&nbsp;&nbsp;&nbsp;&nbsp;&nbsp;&nbsp;&nbsp;&nbsp;&nbsp;&nbsp;&nbsp;&nbsp;&nbsp;&nbsp;&nbsp;&nbsp;&nbsp;&nbsp;&nbsp;&nbsp;<\/p>\n\n\n\n<p><strong>Collegium Vocale 1704 <\/strong><br>Orchester <strong>Collegium 1704<\/strong><\/p>\n\n\n\n<p>Produktion: <strong>Nationaltheater Bratislava<\/strong><br>Koproduktion: <strong><a href=\"http:\/\/www.theatres.lu\" target=\"_blank\" rel=\"noreferrer noopener\" aria-label=\"Les Th\u00e9\u00e2tres de la Ville de Luxembourg (opens in a new tab)\">Les Th\u00e9\u00e2tres de la Ville de Luxembourg<\/a>, Th\u00e9\u00e2tre de Caen, Op\u00e9ra de Lille, Ch\u00e2teau de Versailles Spectacles, <a rel=\"noreferrer noopener\" aria-label=\"Collegium Vocale 1704 (opens in a new tab)\" href=\"http:\/\/www.collegium1704.com\/en\/about-us\/collegium-vocale-1704\" target=\"_blank\">Collegium Vocale 1704<\/a><\/strong><\/p>\n\n\n\n<div class=\"wp-block-button\"><a class=\"wp-block-button__link has-background has-luminous-vivid-amber-background-color\" href=\"https:\/\/www.youtube.com\/channel\/UCHy7vwrd39eQiSYhJI3xz0A?sub_confirmation=1\">SZENIK LIVE AUF YOUTUBE: ABONNIEREN SIE SICH!<\/a><\/div>\n\n\n\n<p><\/p>\n\n\n\n<p>Foto: Petra Hajska<\/p>\n","protected":false},"excerpt":{"rendered":"<p>Barockfans aufgepasst! Arsilda, regina di Ponto von Antonio Vivaldi bringt uns zuk\u00fcnftig durch die verregneten Herbstabende. Eine Produktion mit dem tschechischen Ensemble Collegium Vocale 1704. Es ist schon eine haarstr\u00e4ubende Verwechslungsgeschichte, die Antonio Vivaldi \u2013 oder besser gesagt: sein Librettist Domenico Lalli \u2013 dem Opernpublikum in&nbsp;Arsilda&nbsp;auftischt. Tamese soll K\u00f6nig von Kilikien werden, doch der junge [&hellip;]<\/p>\n","protected":false},"author":1,"featured_media":25732,"comment_status":"open","ping_status":"open","sticky":false,"template":"","format":"standard","meta":{"_monsterinsights_skip_tracking":false,"_monsterinsights_sitenote_active":false,"_monsterinsights_sitenote_note":"","_monsterinsights_sitenote_category":0},"categories":[2466,55],"tags":[3796,3797,3798,3244,2921,3799],"yoast_head":"<!-- This site is optimized with the Yoast SEO plugin v20.5 - https:\/\/yoast.com\/wordpress\/plugins\/seo\/ -->\n<title>szenik Live: Arsilda von Vivaldi mit dem Collegium Vocale 1704 I szenik<\/title>\n<meta name=\"description\" content=\"David Radok &amp; das tschechische Ensemble Collegium Vocale 1704 laden uns zu Vivaldis Oper Arsilda, regina di Ponto, ein. In voller L\u00e4nge auf szenik zu sehen!\" \/>\n<meta name=\"robots\" content=\"index, follow, max-snippet:-1, max-image-preview:large, max-video-preview:-1\" \/>\n<link rel=\"canonical\" href=\"https:\/\/www.szenik.eu\/de\/arsilda-von-antonio-vivaldi-im-slowakischen-nationaltheater-25727\" \/>\n<meta property=\"og:locale\" content=\"de_DE\" \/>\n<meta property=\"og:type\" content=\"article\" \/>\n<meta property=\"og:title\" content=\"szenik Live: Arsilda von Vivaldi mit dem Collegium Vocale 1704 I szenik\" \/>\n<meta property=\"og:description\" content=\"David Radok &amp; das tschechische Ensemble Collegium Vocale 1704 laden uns zu Vivaldis Oper Arsilda, regina di Ponto, ein. In voller L\u00e4nge auf szenik zu sehen!\" \/>\n<meta property=\"og:url\" content=\"https:\/\/www.szenik.eu\/de\/arsilda-von-antonio-vivaldi-im-slowakischen-nationaltheater-25727\" \/>\n<meta property=\"og:site_name\" content=\"szenik\" \/>\n<meta property=\"article:publisher\" content=\"https:\/\/www.facebook.com\/szenik.eu\/\" \/>\n<meta property=\"article:published_time\" content=\"2019-10-16T08:37:34+00:00\" \/>\n<meta property=\"article:modified_time\" content=\"2019-12-20T12:59:59+00:00\" \/>\n<meta property=\"og:image\" content=\"https:\/\/www.szenik.eu\/wp-content\/uploads\/2019\/10\/arsilda_c_-Petra-Hajska.jpg\" \/>\n\t<meta property=\"og:image:width\" content=\"1600\" \/>\n\t<meta property=\"og:image:height\" content=\"1068\" \/>\n\t<meta property=\"og:image:type\" content=\"image\/jpeg\" \/>\n<meta name=\"author\" content=\"szenik\" \/>\n<meta name=\"twitter:card\" content=\"summary_large_image\" \/>\n<meta name=\"twitter:creator\" content=\"@Szenik\" \/>\n<meta name=\"twitter:site\" content=\"@Szenik\" \/>\n<meta name=\"twitter:label1\" content=\"Verfasst von\" \/>\n\t<meta name=\"twitter:data1\" content=\"szenik\" \/>\n\t<meta name=\"twitter:label2\" content=\"Gesch\u00e4tzte Lesezeit\" \/>\n\t<meta name=\"twitter:data2\" content=\"2\u00a0Minuten\" \/>\n<script type=\"application\/ld+json\" class=\"yoast-schema-graph\">{\"@context\":\"https:\/\/schema.org\",\"@graph\":[{\"@type\":\"Article\",\"@id\":\"https:\/\/www.szenik.eu\/de\/arsilda-von-antonio-vivaldi-im-slowakischen-nationaltheater-25727#article\",\"isPartOf\":{\"@id\":\"https:\/\/www.szenik.eu\/de\/arsilda-von-antonio-vivaldi-im-slowakischen-nationaltheater-25727\"},\"author\":{\"name\":\"szenik\",\"@id\":\"https:\/\/www.szenik.eu\/de\/#\/schema\/person\/15f73f175b41bad194837490339d48fb\"},\"headline\":\"ARSILDA VON ANTONIO VIVALDI IM SLOWAKISCHEN NATIONALTHEATER\",\"datePublished\":\"2019-10-16T08:37:34+00:00\",\"dateModified\":\"2019-12-20T12:59:59+00:00\",\"mainEntityOfPage\":{\"@id\":\"https:\/\/www.szenik.eu\/de\/arsilda-von-antonio-vivaldi-im-slowakischen-nationaltheater-25727\"},\"wordCount\":508,\"commentCount\":0,\"publisher\":{\"@id\":\"https:\/\/www.szenik.eu\/de\/#organization\"},\"keywords\":[\"Antonio Vivaldi\",\"Collegium Vocale 1704\",\"David Radok\",\"Oper\",\"szenik live\",\"V\u00e1clav Luks\"],\"articleSection\":[\"Oper\",\"Szenik Live\"],\"inLanguage\":\"de\",\"potentialAction\":[{\"@type\":\"CommentAction\",\"name\":\"Comment\",\"target\":[\"https:\/\/www.szenik.eu\/de\/arsilda-von-antonio-vivaldi-im-slowakischen-nationaltheater-25727#respond\"]}]},{\"@type\":\"WebPage\",\"@id\":\"https:\/\/www.szenik.eu\/de\/arsilda-von-antonio-vivaldi-im-slowakischen-nationaltheater-25727\",\"url\":\"https:\/\/www.szenik.eu\/de\/arsilda-von-antonio-vivaldi-im-slowakischen-nationaltheater-25727\",\"name\":\"szenik Live: Arsilda von Vivaldi mit dem Collegium Vocale 1704 I szenik\",\"isPartOf\":{\"@id\":\"https:\/\/www.szenik.eu\/de\/#website\"},\"datePublished\":\"2019-10-16T08:37:34+00:00\",\"dateModified\":\"2019-12-20T12:59:59+00:00\",\"description\":\"David Radok & das tschechische Ensemble Collegium Vocale 1704 laden uns zu Vivaldis Oper Arsilda, regina di Ponto, ein. In voller L\u00e4nge auf szenik zu sehen!\",\"breadcrumb\":{\"@id\":\"https:\/\/www.szenik.eu\/de\/arsilda-von-antonio-vivaldi-im-slowakischen-nationaltheater-25727#breadcrumb\"},\"inLanguage\":\"de\",\"potentialAction\":[{\"@type\":\"ReadAction\",\"target\":[\"https:\/\/www.szenik.eu\/de\/arsilda-von-antonio-vivaldi-im-slowakischen-nationaltheater-25727\"]}]},{\"@type\":\"BreadcrumbList\",\"@id\":\"https:\/\/www.szenik.eu\/de\/arsilda-von-antonio-vivaldi-im-slowakischen-nationaltheater-25727#breadcrumb\",\"itemListElement\":[{\"@type\":\"ListItem\",\"position\":1,\"name\":\"Home\",\"item\":\"https:\/\/www.szenik.eu\/de\"},{\"@type\":\"ListItem\",\"position\":2,\"name\":\"ARSILDA VON ANTONIO VIVALDI IM SLOWAKISCHEN NATIONALTHEATER\"}]},{\"@type\":\"WebSite\",\"@id\":\"https:\/\/www.szenik.eu\/de\/#website\",\"url\":\"https:\/\/www.szenik.eu\/de\/\",\"name\":\"szenik\",\"description\":\"Le Meilleur des sc\u00e8nes au coeur de l&#039;Europe\",\"publisher\":{\"@id\":\"https:\/\/www.szenik.eu\/de\/#organization\"},\"potentialAction\":[{\"@type\":\"SearchAction\",\"target\":{\"@type\":\"EntryPoint\",\"urlTemplate\":\"https:\/\/www.szenik.eu\/de\/?s={search_term_string}\"},\"query-input\":\"required name=search_term_string\"}],\"inLanguage\":\"de\"},{\"@type\":\"Organization\",\"@id\":\"https:\/\/www.szenik.eu\/de\/#organization\",\"name\":\"Szenik\",\"url\":\"https:\/\/www.szenik.eu\/de\/\",\"logo\":{\"@type\":\"ImageObject\",\"inLanguage\":\"de\",\"@id\":\"https:\/\/www.szenik.eu\/de\/#\/schema\/logo\/image\/\",\"url\":\"https:\/\/www.szenik.eu\/wp-content\/uploads\/2019\/07\/logo-square.png\",\"contentUrl\":\"https:\/\/www.szenik.eu\/wp-content\/uploads\/2019\/07\/logo-square.png\",\"width\":512,\"height\":512,\"caption\":\"Szenik\"},\"image\":{\"@id\":\"https:\/\/www.szenik.eu\/de\/#\/schema\/logo\/image\/\"},\"sameAs\":[\"https:\/\/www.facebook.com\/szenik.eu\/\",\"https:\/\/twitter.com\/Szenik\",\"https:\/\/www.instagram.com\/szenik_magazine\/\",\"https:\/\/www.youtube.com\/user\/SzenikEU\/\"]},{\"@type\":\"Person\",\"@id\":\"https:\/\/www.szenik.eu\/de\/#\/schema\/person\/15f73f175b41bad194837490339d48fb\",\"name\":\"szenik\",\"image\":{\"@type\":\"ImageObject\",\"inLanguage\":\"de\",\"@id\":\"https:\/\/www.szenik.eu\/de\/#\/schema\/person\/image\/\",\"url\":\"https:\/\/secure.gravatar.com\/avatar\/d1c4f19522a624a4eaa5e6c03e22370b?s=96&d=mm&r=g\",\"contentUrl\":\"https:\/\/secure.gravatar.com\/avatar\/d1c4f19522a624a4eaa5e6c03e22370b?s=96&d=mm&r=g\",\"caption\":\"szenik\"}}]}<\/script>\n<!-- \/ Yoast SEO plugin. -->","yoast_head_json":{"title":"szenik Live: Arsilda von Vivaldi mit dem Collegium Vocale 1704 I szenik","description":"David Radok & das tschechische Ensemble Collegium Vocale 1704 laden uns zu Vivaldis Oper Arsilda, regina di Ponto, ein. In voller L\u00e4nge auf szenik zu sehen!","robots":{"index":"index","follow":"follow","max-snippet":"max-snippet:-1","max-image-preview":"max-image-preview:large","max-video-preview":"max-video-preview:-1"},"canonical":"https:\/\/www.szenik.eu\/de\/arsilda-von-antonio-vivaldi-im-slowakischen-nationaltheater-25727","og_locale":"de_DE","og_type":"article","og_title":"szenik Live: Arsilda von Vivaldi mit dem Collegium Vocale 1704 I szenik","og_description":"David Radok & das tschechische Ensemble Collegium Vocale 1704 laden uns zu Vivaldis Oper Arsilda, regina di Ponto, ein. In voller L\u00e4nge auf szenik zu sehen!","og_url":"https:\/\/www.szenik.eu\/de\/arsilda-von-antonio-vivaldi-im-slowakischen-nationaltheater-25727","og_site_name":"szenik","article_publisher":"https:\/\/www.facebook.com\/szenik.eu\/","article_published_time":"2019-10-16T08:37:34+00:00","article_modified_time":"2019-12-20T12:59:59+00:00","og_image":[{"width":1600,"height":1068,"url":"https:\/\/www.szenik.eu\/wp-content\/uploads\/2019\/10\/arsilda_c_-Petra-Hajska.jpg","type":"image\/jpeg"}],"author":"szenik","twitter_card":"summary_large_image","twitter_creator":"@Szenik","twitter_site":"@Szenik","twitter_misc":{"Verfasst von":"szenik","Gesch\u00e4tzte Lesezeit":"2\u00a0Minuten"},"schema":{"@context":"https:\/\/schema.org","@graph":[{"@type":"Article","@id":"https:\/\/www.szenik.eu\/de\/arsilda-von-antonio-vivaldi-im-slowakischen-nationaltheater-25727#article","isPartOf":{"@id":"https:\/\/www.szenik.eu\/de\/arsilda-von-antonio-vivaldi-im-slowakischen-nationaltheater-25727"},"author":{"name":"szenik","@id":"https:\/\/www.szenik.eu\/de\/#\/schema\/person\/15f73f175b41bad194837490339d48fb"},"headline":"ARSILDA VON ANTONIO VIVALDI IM SLOWAKISCHEN NATIONALTHEATER","datePublished":"2019-10-16T08:37:34+00:00","dateModified":"2019-12-20T12:59:59+00:00","mainEntityOfPage":{"@id":"https:\/\/www.szenik.eu\/de\/arsilda-von-antonio-vivaldi-im-slowakischen-nationaltheater-25727"},"wordCount":508,"commentCount":0,"publisher":{"@id":"https:\/\/www.szenik.eu\/de\/#organization"},"keywords":["Antonio Vivaldi","Collegium Vocale 1704","David Radok","Oper","szenik live","V\u00e1clav Luks"],"articleSection":["Oper","Szenik Live"],"inLanguage":"de","potentialAction":[{"@type":"CommentAction","name":"Comment","target":["https:\/\/www.szenik.eu\/de\/arsilda-von-antonio-vivaldi-im-slowakischen-nationaltheater-25727#respond"]}]},{"@type":"WebPage","@id":"https:\/\/www.szenik.eu\/de\/arsilda-von-antonio-vivaldi-im-slowakischen-nationaltheater-25727","url":"https:\/\/www.szenik.eu\/de\/arsilda-von-antonio-vivaldi-im-slowakischen-nationaltheater-25727","name":"szenik Live: Arsilda von Vivaldi mit dem Collegium Vocale 1704 I szenik","isPartOf":{"@id":"https:\/\/www.szenik.eu\/de\/#website"},"datePublished":"2019-10-16T08:37:34+00:00","dateModified":"2019-12-20T12:59:59+00:00","description":"David Radok & das tschechische Ensemble Collegium Vocale 1704 laden uns zu Vivaldis Oper Arsilda, regina di Ponto, ein. In voller L\u00e4nge auf szenik zu sehen!","breadcrumb":{"@id":"https:\/\/www.szenik.eu\/de\/arsilda-von-antonio-vivaldi-im-slowakischen-nationaltheater-25727#breadcrumb"},"inLanguage":"de","potentialAction":[{"@type":"ReadAction","target":["https:\/\/www.szenik.eu\/de\/arsilda-von-antonio-vivaldi-im-slowakischen-nationaltheater-25727"]}]},{"@type":"BreadcrumbList","@id":"https:\/\/www.szenik.eu\/de\/arsilda-von-antonio-vivaldi-im-slowakischen-nationaltheater-25727#breadcrumb","itemListElement":[{"@type":"ListItem","position":1,"name":"Home","item":"https:\/\/www.szenik.eu\/de"},{"@type":"ListItem","position":2,"name":"ARSILDA VON ANTONIO VIVALDI IM SLOWAKISCHEN NATIONALTHEATER"}]},{"@type":"WebSite","@id":"https:\/\/www.szenik.eu\/de\/#website","url":"https:\/\/www.szenik.eu\/de\/","name":"szenik","description":"Le Meilleur des sc\u00e8nes au coeur de l&#039;Europe","publisher":{"@id":"https:\/\/www.szenik.eu\/de\/#organization"},"potentialAction":[{"@type":"SearchAction","target":{"@type":"EntryPoint","urlTemplate":"https:\/\/www.szenik.eu\/de\/?s={search_term_string}"},"query-input":"required name=search_term_string"}],"inLanguage":"de"},{"@type":"Organization","@id":"https:\/\/www.szenik.eu\/de\/#organization","name":"Szenik","url":"https:\/\/www.szenik.eu\/de\/","logo":{"@type":"ImageObject","inLanguage":"de","@id":"https:\/\/www.szenik.eu\/de\/#\/schema\/logo\/image\/","url":"https:\/\/www.szenik.eu\/wp-content\/uploads\/2019\/07\/logo-square.png","contentUrl":"https:\/\/www.szenik.eu\/wp-content\/uploads\/2019\/07\/logo-square.png","width":512,"height":512,"caption":"Szenik"},"image":{"@id":"https:\/\/www.szenik.eu\/de\/#\/schema\/logo\/image\/"},"sameAs":["https:\/\/www.facebook.com\/szenik.eu\/","https:\/\/twitter.com\/Szenik","https:\/\/www.instagram.com\/szenik_magazine\/","https:\/\/www.youtube.com\/user\/SzenikEU\/"]},{"@type":"Person","@id":"https:\/\/www.szenik.eu\/de\/#\/schema\/person\/15f73f175b41bad194837490339d48fb","name":"szenik","image":{"@type":"ImageObject","inLanguage":"de","@id":"https:\/\/www.szenik.eu\/de\/#\/schema\/person\/image\/","url":"https:\/\/secure.gravatar.com\/avatar\/d1c4f19522a624a4eaa5e6c03e22370b?s=96&d=mm&r=g","contentUrl":"https:\/\/secure.gravatar.com\/avatar\/d1c4f19522a624a4eaa5e6c03e22370b?s=96&d=mm&r=g","caption":"szenik"}}]}},"jetpack_featured_media_url":"https:\/\/www.szenik.eu\/wp-content\/uploads\/2019\/10\/arsilda_c_-Petra-Hajska.jpg","amp_enabled":true,"_links":{"self":[{"href":"https:\/\/www.szenik.eu\/de\/wp-json\/\/wp\/v2\/posts\/25727"}],"collection":[{"href":"https:\/\/www.szenik.eu\/de\/wp-json\/\/wp\/v2\/posts"}],"about":[{"href":"https:\/\/www.szenik.eu\/de\/wp-json\/\/wp\/v2\/types\/post"}],"author":[{"embeddable":true,"href":"https:\/\/www.szenik.eu\/de\/wp-json\/\/wp\/v2\/users\/1"}],"replies":[{"embeddable":true,"href":"https:\/\/www.szenik.eu\/de\/wp-json\/\/wp\/v2\/comments?post=25727"}],"version-history":[{"count":8,"href":"https:\/\/www.szenik.eu\/de\/wp-json\/\/wp\/v2\/posts\/25727\/revisions"}],"predecessor-version":[{"id":28029,"href":"https:\/\/www.szenik.eu\/de\/wp-json\/\/wp\/v2\/posts\/25727\/revisions\/28029"}],"wp:featuredmedia":[{"embeddable":true,"href":"https:\/\/www.szenik.eu\/de\/wp-json\/\/wp\/v2\/media\/25732"}],"wp:attachment":[{"href":"https:\/\/www.szenik.eu\/de\/wp-json\/\/wp\/v2\/media?parent=25727"}],"wp:term":[{"taxonomy":"category","embeddable":true,"href":"https:\/\/www.szenik.eu\/de\/wp-json\/\/wp\/v2\/categories?post=25727"},{"taxonomy":"post_tag","embeddable":true,"href":"https:\/\/www.szenik.eu\/de\/wp-json\/\/wp\/v2\/tags?post=25727"}],"curies":[{"name":"wp","href":"https:\/\/api.w.org\/{rel}","templated":true}]}}