{"id":24430,"date":"2019-09-16T15:06:21","date_gmt":"2019-09-16T13:06:21","guid":{"rendered":"https:\/\/www.szenik.eu\/?p=24430\/"},"modified":"2019-09-16T16:29:11","modified_gmt":"2019-09-16T14:29:11","slug":"kuehe-golf-magie-kuchen-das-theaterfest-des-theater-basel","status":"publish","type":"post","link":"https:\/\/www.szenik.eu\/de\/kuehe-golf-magie-kuchen-das-theaterfest-des-theater-basel-24430","title":{"rendered":"K\u00fche, Golf, Magie &#038; Kuchen: Das Theaterfest des Theater Basel"},"content":{"rendered":"\n<h2>Zum Auftakt der Saison 19\/20 lud das <strong>Theater Basel<\/strong> zu seinem famosen Theaterfest ein! Hier konnten Klein und Gro\u00df einen Einblick in die Kulissen des Hauses bekommen, basteln, K\u00fche melken, Golf spielen und Schauspieler sehen, denen die Worte fehlen. <\/h2>\n\n\n\n<p><\/p>\n\n\n\n<p><\/p>\n\n\n\n<p><\/p>\n\n\n\n<p>Mit der Sonne im besten Festtagsgewand starteten Zuschauer, neugierige Passanten und das Ensemble des <strong>Theater Base<\/strong>l beim diesj\u00e4hrigen Theaterfest in die Saison. <br><br>Das umfangreiche Programm, bestehend aus Tanz, Gesang, Schauspiel und zahlreichen Vergn\u00fcgunsaktivit\u00e4ten, brachte das Haus zum Brodeln. Ob Klein oder Gro\u00df, jeder sp\u00fcrte die Lebendigkeit des Theaters; lachte dabei herzlich und verbrachte den Nachmittag mit k\u00fcnstlerischer Energie. <\/p>\n\n\n\n<p><em>#szenikmag<\/em> schwirrte ebenfalls durch die Angebote und schnatterte sich durch das Fest! <\/p>\n\n\n\n<p>Hier ein R\u00fcckblick: <\/p>\n\n\n\n<figure class=\"wp-block-embed-facebook wp-block-embed is-type-video is-provider-facebook\"><div class=\"wp-block-embed__wrapper\">\n<div class=\"fb-video\" data-allowfullscreen=\"true\" data-href=\"https:\/\/www.facebook.com\/szenik.eu\/videos\/736608430105057\/\"><\/div>\n<\/div><\/figure>\n\n\n\n<p><\/p>\n\n\n\n<p><br><\/p>\n\n\n\n<p>Zudem lernte #szenikmag an diesem Tag <strong>Kristiina Poska<\/strong>, Dirigentin &amp; neue Musikdirektorin des Theater Basel kennen! <br><br>Zusammen unterhielten wir uns \u00fcber ihre Liebe zu Basel, den Herausforderungen des Dirigierens und \u00fcber die Tr\u00e4nen, die beim letzten Takt der Oper <em>La Boh\u00e8me<\/em> auch im Orchestergraben rollen.&nbsp;Ein musikalisch-magisches Gespr\u00e4ch!<\/p>\n\n\n\n<figure class=\"wp-block-embed-facebook wp-block-embed is-type-video is-provider-facebook\"><div class=\"wp-block-embed__wrapper\">\n<div class=\"fb-video\" data-allowfullscreen=\"true\" data-href=\"https:\/\/www.facebook.com\/szenik.eu\/videos\/477512146137108\/\"><\/div>\n<\/div><\/figure>\n\n\n\n<p><br><\/p>\n\n\n\n<p>Das Theaterfest bot zudem die Gelegenheit, den <strong>Theaterverein Basel<\/strong> kennenzulernen! <br><br>Aus \u00fcber tausend enthusiastischen Mitgliedern bestehend, setzt er sich f\u00fcr das Ensemble ein und versucht mit seinen vielf\u00e4ltigen Angeboten, neue Generationen und Zuschauer zu gewinnen. In diesem Jahr zum Beispiel mit der Unterst\u00fctzung der Kinderoper <strong><em>Schellen-Ursli<\/em><\/strong>. <br><br>#szenikmag sprach dar\u00fcber im Genauen mit <strong>Beat Sch\u00f6nenberger<\/strong>, dem Pr\u00e4sidenten des Theatervereins. <\/p>\n\n\n\n<figure class=\"wp-block-embed-youtube wp-block-embed is-type-video is-provider-youtube wp-embed-aspect-16-9 wp-has-aspect-ratio\"><div class=\"wp-block-embed__wrapper\">\n<iframe loading=\"lazy\" title=\"ITW THEATERVEREIN SZENIKMAG I BEAT SCHOENENBERGER I THEATER BASEL I 2019   HD 1080p\" width=\"500\" height=\"281\" src=\"https:\/\/www.youtube.com\/embed\/m0_fh-jGtks?feature=oembed\" frameborder=\"0\" allow=\"accelerometer; autoplay; encrypted-media; gyroscope; picture-in-picture\" allowfullscreen><\/iframe>\n<\/div><\/figure>\n\n\n\n<p><br>Und, weil das alles so viel Spa\u00df gemacht hat, gibt es hier noch weitere Eindr\u00fccke: <\/p>\n\n\n\n<ul class=\"is-layout-flex wp-block-gallery-1 wp-block-gallery columns-3 is-cropped\"><li class=\"blocks-gallery-item\"><figure><img decoding=\"async\" loading=\"lazy\" width=\"1024\" height=\"662\" src=\"https:\/\/www.szenik.eu\/wp-content\/uploads\/2019\/09\/Capture-d\u2019\u00e9cran-2019-09-16-\u00e0-14.01.17-1024x662.png\" alt=\"\" data-id=\"24434\" data-link=\"https:\/\/www.szenik.eu\/de\/capture-decran-2019-09-16-a-14-01-17\" class=\"wp-image-24434\" srcset=\"https:\/\/www.szenik.eu\/wp-content\/uploads\/2019\/09\/Capture-d\u2019\u00e9cran-2019-09-16-\u00e0-14.01.17-1024x662.png 1024w, https:\/\/www.szenik.eu\/wp-content\/uploads\/2019\/09\/Capture-d\u2019\u00e9cran-2019-09-16-\u00e0-14.01.17-300x194.png 300w, https:\/\/www.szenik.eu\/wp-content\/uploads\/2019\/09\/Capture-d\u2019\u00e9cran-2019-09-16-\u00e0-14.01.17-768x496.png 768w, https:\/\/www.szenik.eu\/wp-content\/uploads\/2019\/09\/Capture-d\u2019\u00e9cran-2019-09-16-\u00e0-14.01.17-750x485.png 750w, https:\/\/www.szenik.eu\/wp-content\/uploads\/2019\/09\/Capture-d\u2019\u00e9cran-2019-09-16-\u00e0-14.01.17.png 1100w\" sizes=\"(max-width: 1024px) 100vw, 1024px\" \/><\/figure><\/li><li class=\"blocks-gallery-item\"><figure><img decoding=\"async\" loading=\"lazy\" width=\"1024\" height=\"663\" src=\"https:\/\/www.szenik.eu\/wp-content\/uploads\/2019\/09\/Capture-d\u2019\u00e9cran-2019-09-16-\u00e0-14.01.35-1024x663.png\" alt=\"\" data-id=\"24436\" data-link=\"https:\/\/www.szenik.eu\/de\/capture-decran-2019-09-16-a-14-01-35\" class=\"wp-image-24436\" srcset=\"https:\/\/www.szenik.eu\/wp-content\/uploads\/2019\/09\/Capture-d\u2019\u00e9cran-2019-09-16-\u00e0-14.01.35-1024x663.png 1024w, https:\/\/www.szenik.eu\/wp-content\/uploads\/2019\/09\/Capture-d\u2019\u00e9cran-2019-09-16-\u00e0-14.01.35-300x194.png 300w, https:\/\/www.szenik.eu\/wp-content\/uploads\/2019\/09\/Capture-d\u2019\u00e9cran-2019-09-16-\u00e0-14.01.35-768x497.png 768w, https:\/\/www.szenik.eu\/wp-content\/uploads\/2019\/09\/Capture-d\u2019\u00e9cran-2019-09-16-\u00e0-14.01.35-750x485.png 750w, https:\/\/www.szenik.eu\/wp-content\/uploads\/2019\/09\/Capture-d\u2019\u00e9cran-2019-09-16-\u00e0-14.01.35.png 1100w\" sizes=\"(max-width: 1024px) 100vw, 1024px\" \/><\/figure><\/li><li class=\"blocks-gallery-item\"><figure><img decoding=\"async\" loading=\"lazy\" width=\"2592\" height=\"1456\" src=\"https:\/\/www.szenik.eu\/wp-content\/uploads\/2019\/09\/5-1024x575.jpg\" alt=\"\" data-id=\"24440\" data-link=\"https:\/\/www.szenik.eu\/de\/5\" class=\"wp-image-24440\" srcset=\"https:\/\/www.szenik.eu\/wp-content\/uploads\/2019\/09\/5-1024x575.jpg 1024w, https:\/\/www.szenik.eu\/wp-content\/uploads\/2019\/09\/5-300x169.jpg 300w, https:\/\/www.szenik.eu\/wp-content\/uploads\/2019\/09\/5-768x431.jpg 768w, https:\/\/www.szenik.eu\/wp-content\/uploads\/2019\/09\/5-750x421.jpg 750w, https:\/\/www.szenik.eu\/wp-content\/uploads\/2019\/09\/5-1140x640.jpg 1140w\" sizes=\"(max-width: 2592px) 100vw, 2592px\" \/><\/figure><\/li><li class=\"blocks-gallery-item\"><figure><img decoding=\"async\" loading=\"lazy\" width=\"1024\" height=\"683\" src=\"https:\/\/www.szenik.eu\/wp-content\/uploads\/2019\/09\/12-1024x683.jpg\" alt=\"\" data-id=\"24444\" data-link=\"https:\/\/www.szenik.eu\/de\/12\" class=\"wp-image-24444\" srcset=\"https:\/\/www.szenik.eu\/wp-content\/uploads\/2019\/09\/12-1024x683.jpg 1024w, https:\/\/www.szenik.eu\/wp-content\/uploads\/2019\/09\/12-300x200.jpg 300w, https:\/\/www.szenik.eu\/wp-content\/uploads\/2019\/09\/12-768x512.jpg 768w, https:\/\/www.szenik.eu\/wp-content\/uploads\/2019\/09\/12-750x500.jpg 750w, https:\/\/www.szenik.eu\/wp-content\/uploads\/2019\/09\/12-1140x760.jpg 1140w\" sizes=\"(max-width: 1024px) 100vw, 1024px\" \/><\/figure><\/li><li class=\"blocks-gallery-item\"><figure><img decoding=\"async\" loading=\"lazy\" width=\"1024\" height=\"683\" src=\"https:\/\/www.szenik.eu\/wp-content\/uploads\/2019\/09\/16-1024x683.jpg\" alt=\"\" data-id=\"24448\" data-link=\"https:\/\/www.szenik.eu\/de\/16-3\" class=\"wp-image-24448\" srcset=\"https:\/\/www.szenik.eu\/wp-content\/uploads\/2019\/09\/16-1024x683.jpg 1024w, https:\/\/www.szenik.eu\/wp-content\/uploads\/2019\/09\/16-300x200.jpg 300w, https:\/\/www.szenik.eu\/wp-content\/uploads\/2019\/09\/16-768x512.jpg 768w, https:\/\/www.szenik.eu\/wp-content\/uploads\/2019\/09\/16-750x500.jpg 750w, https:\/\/www.szenik.eu\/wp-content\/uploads\/2019\/09\/16-1140x760.jpg 1140w\" sizes=\"(max-width: 1024px) 100vw, 1024px\" \/><\/figure><\/li><li class=\"blocks-gallery-item\"><figure><img decoding=\"async\" loading=\"lazy\" width=\"1024\" height=\"575\" src=\"https:\/\/www.szenik.eu\/wp-content\/uploads\/2019\/09\/13-1024x575.jpg\" alt=\"\" data-id=\"24452\" data-link=\"https:\/\/www.szenik.eu\/de\/13\" class=\"wp-image-24452\" srcset=\"https:\/\/www.szenik.eu\/wp-content\/uploads\/2019\/09\/13-1024x575.jpg 1024w, https:\/\/www.szenik.eu\/wp-content\/uploads\/2019\/09\/13-300x169.jpg 300w, https:\/\/www.szenik.eu\/wp-content\/uploads\/2019\/09\/13-768x431.jpg 768w, https:\/\/www.szenik.eu\/wp-content\/uploads\/2019\/09\/13-750x421.jpg 750w, https:\/\/www.szenik.eu\/wp-content\/uploads\/2019\/09\/13-1140x640.jpg 1140w\" sizes=\"(max-width: 1024px) 100vw, 1024px\" \/><\/figure><\/li><li class=\"blocks-gallery-item\"><figure><img decoding=\"async\" loading=\"lazy\" width=\"1024\" height=\"575\" src=\"https:\/\/www.szenik.eu\/wp-content\/uploads\/2019\/09\/9-1024x575.jpg\" alt=\"\" data-id=\"24456\" data-link=\"https:\/\/www.szenik.eu\/de\/9\" class=\"wp-image-24456\" srcset=\"https:\/\/www.szenik.eu\/wp-content\/uploads\/2019\/09\/9-1024x575.jpg 1024w, https:\/\/www.szenik.eu\/wp-content\/uploads\/2019\/09\/9-300x169.jpg 300w, https:\/\/www.szenik.eu\/wp-content\/uploads\/2019\/09\/9-768x431.jpg 768w, https:\/\/www.szenik.eu\/wp-content\/uploads\/2019\/09\/9-750x421.jpg 750w, https:\/\/www.szenik.eu\/wp-content\/uploads\/2019\/09\/9-1140x640.jpg 1140w\" sizes=\"(max-width: 1024px) 100vw, 1024px\" \/><\/figure><\/li><li class=\"blocks-gallery-item\"><figure><img decoding=\"async\" loading=\"lazy\" width=\"1024\" height=\"664\" src=\"https:\/\/www.szenik.eu\/wp-content\/uploads\/2019\/09\/Capture-d\u2019\u00e9cran-2019-09-16-\u00e0-14.55.22-1024x664.png\" alt=\"\" data-id=\"24459\" data-link=\"https:\/\/www.szenik.eu\/de\/capture-decran-2019-09-16-a-14-55-22\" class=\"wp-image-24459\" srcset=\"https:\/\/www.szenik.eu\/wp-content\/uploads\/2019\/09\/Capture-d\u2019\u00e9cran-2019-09-16-\u00e0-14.55.22-1024x664.png 1024w, https:\/\/www.szenik.eu\/wp-content\/uploads\/2019\/09\/Capture-d\u2019\u00e9cran-2019-09-16-\u00e0-14.55.22-300x194.png 300w, https:\/\/www.szenik.eu\/wp-content\/uploads\/2019\/09\/Capture-d\u2019\u00e9cran-2019-09-16-\u00e0-14.55.22-768x498.png 768w, https:\/\/www.szenik.eu\/wp-content\/uploads\/2019\/09\/Capture-d\u2019\u00e9cran-2019-09-16-\u00e0-14.55.22-750x486.png 750w, https:\/\/www.szenik.eu\/wp-content\/uploads\/2019\/09\/Capture-d\u2019\u00e9cran-2019-09-16-\u00e0-14.55.22.png 1091w\" sizes=\"(max-width: 1024px) 100vw, 1024px\" \/><\/figure><\/li><li class=\"blocks-gallery-item\"><figure><img decoding=\"async\" loading=\"lazy\" width=\"1024\" height=\"660\" src=\"https:\/\/www.szenik.eu\/wp-content\/uploads\/2019\/09\/Capture-d\u2019\u00e9cran-2019-09-16-\u00e0-14.54.59-1024x660.png\" alt=\"\" data-id=\"24463\" data-link=\"https:\/\/www.szenik.eu\/de\/capture-decran-2019-09-16-a-14-54-59\" class=\"wp-image-24463\" srcset=\"https:\/\/www.szenik.eu\/wp-content\/uploads\/2019\/09\/Capture-d\u2019\u00e9cran-2019-09-16-\u00e0-14.54.59-1024x660.png 1024w, https:\/\/www.szenik.eu\/wp-content\/uploads\/2019\/09\/Capture-d\u2019\u00e9cran-2019-09-16-\u00e0-14.54.59-300x193.png 300w, https:\/\/www.szenik.eu\/wp-content\/uploads\/2019\/09\/Capture-d\u2019\u00e9cran-2019-09-16-\u00e0-14.54.59-768x495.png 768w, https:\/\/www.szenik.eu\/wp-content\/uploads\/2019\/09\/Capture-d\u2019\u00e9cran-2019-09-16-\u00e0-14.54.59-750x483.png 750w, https:\/\/www.szenik.eu\/wp-content\/uploads\/2019\/09\/Capture-d\u2019\u00e9cran-2019-09-16-\u00e0-14.54.59.png 1093w\" sizes=\"(max-width: 1024px) 100vw, 1024px\" \/><\/figure><\/li><li class=\"blocks-gallery-item\"><figure><img decoding=\"async\" loading=\"lazy\" width=\"1024\" height=\"575\" src=\"https:\/\/www.szenik.eu\/wp-content\/uploads\/2019\/09\/10-1024x575.jpg\" alt=\"\" data-id=\"24465\" data-link=\"https:\/\/www.szenik.eu\/de\/10\" class=\"wp-image-24465\" srcset=\"https:\/\/www.szenik.eu\/wp-content\/uploads\/2019\/09\/10-1024x575.jpg 1024w, https:\/\/www.szenik.eu\/wp-content\/uploads\/2019\/09\/10-300x169.jpg 300w, https:\/\/www.szenik.eu\/wp-content\/uploads\/2019\/09\/10-768x431.jpg 768w, https:\/\/www.szenik.eu\/wp-content\/uploads\/2019\/09\/10-750x421.jpg 750w, https:\/\/www.szenik.eu\/wp-content\/uploads\/2019\/09\/10-1140x640.jpg 1140w\" sizes=\"(max-width: 1024px) 100vw, 1024px\" \/><\/figure><\/li><li class=\"blocks-gallery-item\"><figure><img decoding=\"async\" loading=\"lazy\" width=\"1024\" height=\"683\" src=\"https:\/\/www.szenik.eu\/wp-content\/uploads\/2019\/09\/16-1-1024x683.jpg\" alt=\"\" data-id=\"24467\" data-link=\"https:\/\/www.szenik.eu\/de\/16-1\" class=\"wp-image-24467\" srcset=\"https:\/\/www.szenik.eu\/wp-content\/uploads\/2019\/09\/16-1-1024x683.jpg 1024w, https:\/\/www.szenik.eu\/wp-content\/uploads\/2019\/09\/16-1-300x200.jpg 300w, https:\/\/www.szenik.eu\/wp-content\/uploads\/2019\/09\/16-1-768x512.jpg 768w, https:\/\/www.szenik.eu\/wp-content\/uploads\/2019\/09\/16-1-750x500.jpg 750w, https:\/\/www.szenik.eu\/wp-content\/uploads\/2019\/09\/16-1-1140x760.jpg 1140w\" sizes=\"(max-width: 1024px) 100vw, 1024px\" \/><\/figure><\/li><li class=\"blocks-gallery-item\"><figure><img decoding=\"async\" loading=\"lazy\" width=\"1024\" height=\"662\" src=\"https:\/\/www.szenik.eu\/wp-content\/uploads\/2019\/09\/Capture-d\u2019\u00e9cran-2019-09-16-\u00e0-14.55.09-1-1024x662.png\" alt=\"\" data-id=\"24471\" data-link=\"https:\/\/www.szenik.eu\/de\/capture-decran-2019-09-16-a-14-55-09-1\" class=\"wp-image-24471\" srcset=\"https:\/\/www.szenik.eu\/wp-content\/uploads\/2019\/09\/Capture-d\u2019\u00e9cran-2019-09-16-\u00e0-14.55.09-1-1024x662.png 1024w, https:\/\/www.szenik.eu\/wp-content\/uploads\/2019\/09\/Capture-d\u2019\u00e9cran-2019-09-16-\u00e0-14.55.09-1-300x194.png 300w, https:\/\/www.szenik.eu\/wp-content\/uploads\/2019\/09\/Capture-d\u2019\u00e9cran-2019-09-16-\u00e0-14.55.09-1-768x497.png 768w, https:\/\/www.szenik.eu\/wp-content\/uploads\/2019\/09\/Capture-d\u2019\u00e9cran-2019-09-16-\u00e0-14.55.09-1-750x485.png 750w, https:\/\/www.szenik.eu\/wp-content\/uploads\/2019\/09\/Capture-d\u2019\u00e9cran-2019-09-16-\u00e0-14.55.09-1.png 1090w\" sizes=\"(max-width: 1024px) 100vw, 1024px\" \/><\/figure><\/li><li class=\"blocks-gallery-item\"><figure><img decoding=\"async\" loading=\"lazy\" width=\"1024\" height=\"575\" src=\"https:\/\/www.szenik.eu\/wp-content\/uploads\/2019\/09\/11-1-1024x575.jpg\" alt=\"\" data-id=\"24473\" data-link=\"https:\/\/www.szenik.eu\/de\/11-1\" class=\"wp-image-24473\" srcset=\"https:\/\/www.szenik.eu\/wp-content\/uploads\/2019\/09\/11-1-1024x575.jpg 1024w, https:\/\/www.szenik.eu\/wp-content\/uploads\/2019\/09\/11-1-300x169.jpg 300w, https:\/\/www.szenik.eu\/wp-content\/uploads\/2019\/09\/11-1-768x431.jpg 768w, https:\/\/www.szenik.eu\/wp-content\/uploads\/2019\/09\/11-1-750x421.jpg 750w, https:\/\/www.szenik.eu\/wp-content\/uploads\/2019\/09\/11-1-1140x640.jpg 1140w\" sizes=\"(max-width: 1024px) 100vw, 1024px\" \/><\/figure><\/li><\/ul>\n\n\n\n<p class=\"has-background has-medium-font-size has-luminous-vivid-amber-background-color\">Nun auf in die Saison 19\/20 und ab ins Theater Basel! <br>Informationen zum Programm auf der Webseite des Theaters: <strong><em><a href=\"https:\/\/www.theater-basel.ch\" target=\"_blank\" rel=\"noreferrer noopener\" aria-label=\"www.theater-basel.ch (opens in a new tab)\">www.theater-basel.ch<\/a><\/em><\/strong><\/p>\n","protected":false},"excerpt":{"rendered":"<p>Zum Auftakt der Saison 19\/20 lud das Theater Basel zu seinem famosen Theaterfest ein! Hier konnten Klein und Gro\u00df einen Einblick in die Kulissen des Hauses bekommen, basteln, K\u00fche melken, Golf spielen und Schauspieler sehen, denen die Worte fehlen. Mit der Sonne im besten Festtagsgewand starteten Zuschauer, neugierige Passanten und das Ensemble des Theater Basel [&hellip;]<\/p>\n","protected":false},"author":5,"featured_media":24476,"comment_status":"open","ping_status":"open","sticky":false,"template":"","format":"standard","meta":{"_monsterinsights_skip_tracking":false,"_monsterinsights_sitenote_active":false,"_monsterinsights_sitenote_note":"","_monsterinsights_sitenote_category":0},"categories":[2814],"tags":[2278,3243,3244,2161,2208,2251],"yoast_head":"<!-- This site is optimized with the Yoast SEO plugin v20.5 - https:\/\/yoast.com\/wordpress\/plugins\/seo\/ -->\n<title>R\u00fcckblick auf das Theaterfest im Theater Basel I szenik<\/title>\n<meta name=\"description\" content=\"Zum Auftakt der Saison 19\/20 lud das Theater Basel zu seinem famosen Theaterfest ein! #szenik war mit dabei und schnatterte sich durch das Fest!\" \/>\n<meta name=\"robots\" content=\"index, follow, max-snippet:-1, max-image-preview:large, max-video-preview:-1\" \/>\n<link rel=\"canonical\" href=\"https:\/\/www.szenik.eu\/de\/kuehe-golf-magie-kuchen-das-theaterfest-des-theater-basel-24430\" \/>\n<meta property=\"og:locale\" content=\"de_DE\" \/>\n<meta property=\"og:type\" content=\"article\" \/>\n<meta property=\"og:title\" content=\"R\u00fcckblick auf das Theaterfest im Theater Basel I szenik\" \/>\n<meta property=\"og:description\" content=\"Zum Auftakt der Saison 19\/20 lud das Theater Basel zu seinem famosen Theaterfest ein! #szenik war mit dabei und schnatterte sich durch das Fest!\" \/>\n<meta property=\"og:url\" content=\"https:\/\/www.szenik.eu\/de\/kuehe-golf-magie-kuchen-das-theaterfest-des-theater-basel-24430\" \/>\n<meta property=\"og:site_name\" content=\"szenik\" \/>\n<meta property=\"article:publisher\" content=\"https:\/\/www.facebook.com\/szenik.eu\/\" \/>\n<meta property=\"article:published_time\" content=\"2019-09-16T13:06:21+00:00\" \/>\n<meta property=\"article:modified_time\" content=\"2019-09-16T14:29:11+00:00\" \/>\n<meta property=\"og:image\" content=\"https:\/\/www.szenik.eu\/wp-content\/uploads\/2019\/09\/cropped-10-1.jpg\" \/>\n\t<meta property=\"og:image:width\" content=\"2586\" \/>\n\t<meta property=\"og:image:height\" content=\"1456\" \/>\n\t<meta property=\"og:image:type\" content=\"image\/jpeg\" \/>\n<meta name=\"author\" content=\"Jenny Lippmann\" \/>\n<meta name=\"twitter:card\" content=\"summary_large_image\" \/>\n<meta name=\"twitter:creator\" content=\"@Szenik\" \/>\n<meta name=\"twitter:site\" content=\"@Szenik\" \/>\n<meta name=\"twitter:label1\" content=\"Verfasst von\" \/>\n\t<meta name=\"twitter:data1\" content=\"Jenny Lippmann\" \/>\n\t<meta name=\"twitter:label2\" content=\"Gesch\u00e4tzte Lesezeit\" \/>\n\t<meta name=\"twitter:data2\" content=\"1\u00a0Minute\" \/>\n<script type=\"application\/ld+json\" class=\"yoast-schema-graph\">{\"@context\":\"https:\/\/schema.org\",\"@graph\":[{\"@type\":\"Article\",\"@id\":\"https:\/\/www.szenik.eu\/de\/kuehe-golf-magie-kuchen-das-theaterfest-des-theater-basel-24430#article\",\"isPartOf\":{\"@id\":\"https:\/\/www.szenik.eu\/de\/kuehe-golf-magie-kuchen-das-theaterfest-des-theater-basel-24430\"},\"author\":{\"name\":\"Jenny Lippmann\",\"@id\":\"https:\/\/www.szenik.eu\/de\/#\/schema\/person\/425e4f17ab5b4f361ed1a0c194180c43\"},\"headline\":\"K\u00fche, Golf, Magie &#038; Kuchen: Das Theaterfest des Theater Basel\",\"datePublished\":\"2019-09-16T13:06:21+00:00\",\"dateModified\":\"2019-09-16T14:29:11+00:00\",\"mainEntityOfPage\":{\"@id\":\"https:\/\/www.szenik.eu\/de\/kuehe-golf-magie-kuchen-das-theaterfest-des-theater-basel-24430\"},\"wordCount\":300,\"commentCount\":0,\"publisher\":{\"@id\":\"https:\/\/www.szenik.eu\/de\/#organization\"},\"keywords\":[\"Basel\",\"Junges Theater\",\"Oper\",\"Tanz\",\"Theater\",\"Theater Basel\"],\"articleSection\":[\"Fokus I Blick zur\u00fcck\"],\"inLanguage\":\"de\",\"potentialAction\":[{\"@type\":\"CommentAction\",\"name\":\"Comment\",\"target\":[\"https:\/\/www.szenik.eu\/de\/kuehe-golf-magie-kuchen-das-theaterfest-des-theater-basel-24430#respond\"]}]},{\"@type\":\"WebPage\",\"@id\":\"https:\/\/www.szenik.eu\/de\/kuehe-golf-magie-kuchen-das-theaterfest-des-theater-basel-24430\",\"url\":\"https:\/\/www.szenik.eu\/de\/kuehe-golf-magie-kuchen-das-theaterfest-des-theater-basel-24430\",\"name\":\"R\u00fcckblick auf das Theaterfest im Theater Basel I szenik\",\"isPartOf\":{\"@id\":\"https:\/\/www.szenik.eu\/de\/#website\"},\"datePublished\":\"2019-09-16T13:06:21+00:00\",\"dateModified\":\"2019-09-16T14:29:11+00:00\",\"description\":\"Zum Auftakt der Saison 19\/20 lud das Theater Basel zu seinem famosen Theaterfest ein! #szenik war mit dabei und schnatterte sich durch das Fest!\",\"breadcrumb\":{\"@id\":\"https:\/\/www.szenik.eu\/de\/kuehe-golf-magie-kuchen-das-theaterfest-des-theater-basel-24430#breadcrumb\"},\"inLanguage\":\"de\",\"potentialAction\":[{\"@type\":\"ReadAction\",\"target\":[\"https:\/\/www.szenik.eu\/de\/kuehe-golf-magie-kuchen-das-theaterfest-des-theater-basel-24430\"]}]},{\"@type\":\"BreadcrumbList\",\"@id\":\"https:\/\/www.szenik.eu\/de\/kuehe-golf-magie-kuchen-das-theaterfest-des-theater-basel-24430#breadcrumb\",\"itemListElement\":[{\"@type\":\"ListItem\",\"position\":1,\"name\":\"Home\",\"item\":\"https:\/\/www.szenik.eu\/de\"},{\"@type\":\"ListItem\",\"position\":2,\"name\":\"K\u00fche, Golf, Magie &#038; Kuchen: Das Theaterfest des Theater Basel\"}]},{\"@type\":\"WebSite\",\"@id\":\"https:\/\/www.szenik.eu\/de\/#website\",\"url\":\"https:\/\/www.szenik.eu\/de\/\",\"name\":\"szenik\",\"description\":\"Le Meilleur des sc\u00e8nes au coeur de l&#039;Europe\",\"publisher\":{\"@id\":\"https:\/\/www.szenik.eu\/de\/#organization\"},\"potentialAction\":[{\"@type\":\"SearchAction\",\"target\":{\"@type\":\"EntryPoint\",\"urlTemplate\":\"https:\/\/www.szenik.eu\/de\/?s={search_term_string}\"},\"query-input\":\"required name=search_term_string\"}],\"inLanguage\":\"de\"},{\"@type\":\"Organization\",\"@id\":\"https:\/\/www.szenik.eu\/de\/#organization\",\"name\":\"Szenik\",\"url\":\"https:\/\/www.szenik.eu\/de\/\",\"logo\":{\"@type\":\"ImageObject\",\"inLanguage\":\"de\",\"@id\":\"https:\/\/www.szenik.eu\/de\/#\/schema\/logo\/image\/\",\"url\":\"https:\/\/www.szenik.eu\/wp-content\/uploads\/2019\/07\/logo-square.png\",\"contentUrl\":\"https:\/\/www.szenik.eu\/wp-content\/uploads\/2019\/07\/logo-square.png\",\"width\":512,\"height\":512,\"caption\":\"Szenik\"},\"image\":{\"@id\":\"https:\/\/www.szenik.eu\/de\/#\/schema\/logo\/image\/\"},\"sameAs\":[\"https:\/\/www.facebook.com\/szenik.eu\/\",\"https:\/\/twitter.com\/Szenik\",\"https:\/\/www.instagram.com\/szenik_magazine\/\",\"https:\/\/www.youtube.com\/user\/SzenikEU\/\"]},{\"@type\":\"Person\",\"@id\":\"https:\/\/www.szenik.eu\/de\/#\/schema\/person\/425e4f17ab5b4f361ed1a0c194180c43\",\"name\":\"Jenny Lippmann\",\"image\":{\"@type\":\"ImageObject\",\"inLanguage\":\"de\",\"@id\":\"https:\/\/www.szenik.eu\/de\/#\/schema\/person\/image\/\",\"url\":\"https:\/\/secure.gravatar.com\/avatar\/1cf2c6ce8b5e3cab7b86a97931c9f97e?s=96&d=mm&r=g\",\"contentUrl\":\"https:\/\/secure.gravatar.com\/avatar\/1cf2c6ce8b5e3cab7b86a97931c9f97e?s=96&d=mm&r=g\",\"caption\":\"Jenny Lippmann\"}}]}<\/script>\n<!-- \/ Yoast SEO plugin. -->","yoast_head_json":{"title":"R\u00fcckblick auf das Theaterfest im Theater Basel I szenik","description":"Zum Auftakt der Saison 19\/20 lud das Theater Basel zu seinem famosen Theaterfest ein! #szenik war mit dabei und schnatterte sich durch das Fest!","robots":{"index":"index","follow":"follow","max-snippet":"max-snippet:-1","max-image-preview":"max-image-preview:large","max-video-preview":"max-video-preview:-1"},"canonical":"https:\/\/www.szenik.eu\/de\/kuehe-golf-magie-kuchen-das-theaterfest-des-theater-basel-24430","og_locale":"de_DE","og_type":"article","og_title":"R\u00fcckblick auf das Theaterfest im Theater Basel I szenik","og_description":"Zum Auftakt der Saison 19\/20 lud das Theater Basel zu seinem famosen Theaterfest ein! #szenik war mit dabei und schnatterte sich durch das Fest!","og_url":"https:\/\/www.szenik.eu\/de\/kuehe-golf-magie-kuchen-das-theaterfest-des-theater-basel-24430","og_site_name":"szenik","article_publisher":"https:\/\/www.facebook.com\/szenik.eu\/","article_published_time":"2019-09-16T13:06:21+00:00","article_modified_time":"2019-09-16T14:29:11+00:00","og_image":[{"width":2586,"height":1456,"url":"https:\/\/www.szenik.eu\/wp-content\/uploads\/2019\/09\/cropped-10-1.jpg","type":"image\/jpeg"}],"author":"Jenny Lippmann","twitter_card":"summary_large_image","twitter_creator":"@Szenik","twitter_site":"@Szenik","twitter_misc":{"Verfasst von":"Jenny Lippmann","Gesch\u00e4tzte Lesezeit":"1\u00a0Minute"},"schema":{"@context":"https:\/\/schema.org","@graph":[{"@type":"Article","@id":"https:\/\/www.szenik.eu\/de\/kuehe-golf-magie-kuchen-das-theaterfest-des-theater-basel-24430#article","isPartOf":{"@id":"https:\/\/www.szenik.eu\/de\/kuehe-golf-magie-kuchen-das-theaterfest-des-theater-basel-24430"},"author":{"name":"Jenny Lippmann","@id":"https:\/\/www.szenik.eu\/de\/#\/schema\/person\/425e4f17ab5b4f361ed1a0c194180c43"},"headline":"K\u00fche, Golf, Magie &#038; Kuchen: Das Theaterfest des Theater Basel","datePublished":"2019-09-16T13:06:21+00:00","dateModified":"2019-09-16T14:29:11+00:00","mainEntityOfPage":{"@id":"https:\/\/www.szenik.eu\/de\/kuehe-golf-magie-kuchen-das-theaterfest-des-theater-basel-24430"},"wordCount":300,"commentCount":0,"publisher":{"@id":"https:\/\/www.szenik.eu\/de\/#organization"},"keywords":["Basel","Junges Theater","Oper","Tanz","Theater","Theater Basel"],"articleSection":["Fokus I Blick zur\u00fcck"],"inLanguage":"de","potentialAction":[{"@type":"CommentAction","name":"Comment","target":["https:\/\/www.szenik.eu\/de\/kuehe-golf-magie-kuchen-das-theaterfest-des-theater-basel-24430#respond"]}]},{"@type":"WebPage","@id":"https:\/\/www.szenik.eu\/de\/kuehe-golf-magie-kuchen-das-theaterfest-des-theater-basel-24430","url":"https:\/\/www.szenik.eu\/de\/kuehe-golf-magie-kuchen-das-theaterfest-des-theater-basel-24430","name":"R\u00fcckblick auf das Theaterfest im Theater Basel I szenik","isPartOf":{"@id":"https:\/\/www.szenik.eu\/de\/#website"},"datePublished":"2019-09-16T13:06:21+00:00","dateModified":"2019-09-16T14:29:11+00:00","description":"Zum Auftakt der Saison 19\/20 lud das Theater Basel zu seinem famosen Theaterfest ein! #szenik war mit dabei und schnatterte sich durch das Fest!","breadcrumb":{"@id":"https:\/\/www.szenik.eu\/de\/kuehe-golf-magie-kuchen-das-theaterfest-des-theater-basel-24430#breadcrumb"},"inLanguage":"de","potentialAction":[{"@type":"ReadAction","target":["https:\/\/www.szenik.eu\/de\/kuehe-golf-magie-kuchen-das-theaterfest-des-theater-basel-24430"]}]},{"@type":"BreadcrumbList","@id":"https:\/\/www.szenik.eu\/de\/kuehe-golf-magie-kuchen-das-theaterfest-des-theater-basel-24430#breadcrumb","itemListElement":[{"@type":"ListItem","position":1,"name":"Home","item":"https:\/\/www.szenik.eu\/de"},{"@type":"ListItem","position":2,"name":"K\u00fche, Golf, Magie &#038; Kuchen: Das Theaterfest des Theater Basel"}]},{"@type":"WebSite","@id":"https:\/\/www.szenik.eu\/de\/#website","url":"https:\/\/www.szenik.eu\/de\/","name":"szenik","description":"Le Meilleur des sc\u00e8nes au coeur de l&#039;Europe","publisher":{"@id":"https:\/\/www.szenik.eu\/de\/#organization"},"potentialAction":[{"@type":"SearchAction","target":{"@type":"EntryPoint","urlTemplate":"https:\/\/www.szenik.eu\/de\/?s={search_term_string}"},"query-input":"required name=search_term_string"}],"inLanguage":"de"},{"@type":"Organization","@id":"https:\/\/www.szenik.eu\/de\/#organization","name":"Szenik","url":"https:\/\/www.szenik.eu\/de\/","logo":{"@type":"ImageObject","inLanguage":"de","@id":"https:\/\/www.szenik.eu\/de\/#\/schema\/logo\/image\/","url":"https:\/\/www.szenik.eu\/wp-content\/uploads\/2019\/07\/logo-square.png","contentUrl":"https:\/\/www.szenik.eu\/wp-content\/uploads\/2019\/07\/logo-square.png","width":512,"height":512,"caption":"Szenik"},"image":{"@id":"https:\/\/www.szenik.eu\/de\/#\/schema\/logo\/image\/"},"sameAs":["https:\/\/www.facebook.com\/szenik.eu\/","https:\/\/twitter.com\/Szenik","https:\/\/www.instagram.com\/szenik_magazine\/","https:\/\/www.youtube.com\/user\/SzenikEU\/"]},{"@type":"Person","@id":"https:\/\/www.szenik.eu\/de\/#\/schema\/person\/425e4f17ab5b4f361ed1a0c194180c43","name":"Jenny Lippmann","image":{"@type":"ImageObject","inLanguage":"de","@id":"https:\/\/www.szenik.eu\/de\/#\/schema\/person\/image\/","url":"https:\/\/secure.gravatar.com\/avatar\/1cf2c6ce8b5e3cab7b86a97931c9f97e?s=96&d=mm&r=g","contentUrl":"https:\/\/secure.gravatar.com\/avatar\/1cf2c6ce8b5e3cab7b86a97931c9f97e?s=96&d=mm&r=g","caption":"Jenny Lippmann"}}]}},"jetpack_featured_media_url":"https:\/\/www.szenik.eu\/wp-content\/uploads\/2019\/09\/cropped-10-1.jpg","amp_enabled":true,"_links":{"self":[{"href":"https:\/\/www.szenik.eu\/de\/wp-json\/\/wp\/v2\/posts\/24430"}],"collection":[{"href":"https:\/\/www.szenik.eu\/de\/wp-json\/\/wp\/v2\/posts"}],"about":[{"href":"https:\/\/www.szenik.eu\/de\/wp-json\/\/wp\/v2\/types\/post"}],"author":[{"embeddable":true,"href":"https:\/\/www.szenik.eu\/de\/wp-json\/\/wp\/v2\/users\/5"}],"replies":[{"embeddable":true,"href":"https:\/\/www.szenik.eu\/de\/wp-json\/\/wp\/v2\/comments?post=24430"}],"version-history":[{"count":4,"href":"https:\/\/www.szenik.eu\/de\/wp-json\/\/wp\/v2\/posts\/24430\/revisions"}],"predecessor-version":[{"id":24482,"href":"https:\/\/www.szenik.eu\/de\/wp-json\/\/wp\/v2\/posts\/24430\/revisions\/24482"}],"wp:featuredmedia":[{"embeddable":true,"href":"https:\/\/www.szenik.eu\/de\/wp-json\/\/wp\/v2\/media\/24476"}],"wp:attachment":[{"href":"https:\/\/www.szenik.eu\/de\/wp-json\/\/wp\/v2\/media?parent=24430"}],"wp:term":[{"taxonomy":"category","embeddable":true,"href":"https:\/\/www.szenik.eu\/de\/wp-json\/\/wp\/v2\/categories?post=24430"},{"taxonomy":"post_tag","embeddable":true,"href":"https:\/\/www.szenik.eu\/de\/wp-json\/\/wp\/v2\/tags?post=24430"}],"curies":[{"name":"wp","href":"https:\/\/api.w.org\/{rel}","templated":true}]}}