{"id":22672,"date":"2019-08-01T14:21:19","date_gmt":"2019-08-01T12:21:19","guid":{"rendered":"https:\/\/www.szenik.eu\/?p=22672\/"},"modified":"2019-08-20T11:22:44","modified_gmt":"2019-08-20T09:22:44","slug":"theater-freiburg-sucht-leitung-der-geschaeftsstelle-theaterfreunde-freiburg-e-v-w-m-d","status":"publish","type":"post","link":"https:\/\/www.szenik.eu\/de\/theater-freiburg-sucht-leitung-der-geschaeftsstelle-theaterfreunde-freiburg-e-v-w-m-d-22672","title":{"rendered":"Theater Freiburg sucht: Leitung der Gesch\u00e4ftsstelle Theaterfreunde Freiburg E. V. (W\/M\/D)"},"content":{"rendered":"\n<p><strong>Freiburg, Deutschland<br>Angebot ver\u00f6ffentlicht: Sommer 2019<br>Anfangsdatum: September 2019<\/strong><\/p>\n\n\n\n<p>Der&nbsp;<strong>TheaterFreunde Freiburg e. V.<\/strong>&nbsp;ist mit \u00fcber 1.400 Mitgliedern einer der gro\u00dfen kulturellen F\u00f6rdervereine in der Stadt Freiburg mit dem Ziel, das Theater Freiburg ideell und materiell zu unterst\u00fctzen. Wir f\u00f6rdern Produktionen, vergeben Stipendien oder investieren in die Infrastruktur des Theaters in enger Zusammenarbeit mit der Theaterleitung.<br><br>Da die derzeitige Stelleninhaberin in den Ruhestand geht, suchen wir ab September 2019 eine<br><br><strong>Leitung der Gesch\u00e4ftsstelle TheaterFreunde Freiburg e. V. (w\/m\/d)<\/strong><br><br>Ihre Aufgaben:<br><br>Sie informieren und beraten unsere Mitglieder, verwalten und bearbeiten Mitgliederdaten, wirken beim Einzug der Mitgliederbeitr\u00e4ge mit, versenden Newsletter und aktualisieren die Homepage. Sie organisieren Veranstaltungen und Aktionen. Sie arbeiten eng mit dem Vorstand, einer erfahrenen Mitarbeiterin der Gesch\u00e4ftsstelle sowie mit verschiedenen Abteilungen des Theaters zusammen.<br><br>Ihr Profil:<\/p>\n\n\n\n<ul><li>Grundlegende EDV- und Internetkenntnisse sowie m\u00fchelose Beherrschung der \u00fcblichen Office-Programme<\/li><li>Hohe Sorgfalt, Organisationstalent und Belastbarkeit<\/li><li>Sprachliche Kompetenz und Kommunikationsf\u00e4higkeiten<\/li><li>F\u00e4higkeit zu selbst\u00e4ndigem und teamorientiertem Arbeiten<\/li><li>Begeisterung f\u00fcr die \u201eWelt des Theaters\u201c<\/li><\/ul>\n\n\n\n<p>Ihr Arbeitsplatz befindet sich im Theater Freiburg, Bertoldstra\u00dfe 46, 79098 Freiburg. Besch\u00e4ftigungsumfang: 10 Stunden pro Woche (450-Euro-Minijob).<br><br>Bitte richten Sie Ihre Bewerbung mit den \u00fcblichen Unterlagen \u2013 vorzugsweise in elektronischer Form in einer pdf-Datei \u2013 an unseren stellvertretenden Vorsitzenden, Herrn Gernot Hugo, an die Mailadresse&nbsp;<a href=\"mailto:vorstand@theaterfreunde.de\">vorstand@theaterfreunde.de<\/a>.<br><br>Schriftliche Bewerbungen richten Sie bitte ggfs. direkt an die Gesch\u00e4ftsstelle des<br>TheaterFreunde Freiburg e. V., Bertoldstra\u00dfe 46, 79098 Freiburg.<br><br>Bitte beachten Sie beim Einreichen schriftlicher Unterlagen, dass wir diese nicht zur\u00fccksenden, sondern nach Abschluss des Auswahlverfahrens vernichten. Bitte senden Sie daher ausschlie\u00dflich Kopien Ihrer Zeugnisse und \u00e4hnlicher Unterlagen an uns und verzichten Sie auf Bewerbungsmappen und Schutzfolien.<br><br>Erste Ausk\u00fcnfte erhalten Sie ebenfalls unter&nbsp;<a href=\"mailto:vorstand@theaterfreunde.de\">vorstand@theaterfreunde.de<\/a>, nach Vereinbarung auch telefonisch.<br>Informationen zu unserem Verein finden Sie auch auf&nbsp;<a href=\"http:\/\/www.theaterfreunde.de\/\">www.theaterfreunde.de<\/a><\/p>\n","protected":false},"excerpt":{"rendered":"<p>Freiburg, DeutschlandAngebot ver\u00f6ffentlicht: Sommer 2019Anfangsdatum: September 2019 Der&nbsp;TheaterFreunde Freiburg e. V.&nbsp;ist mit \u00fcber 1.400 Mitgliedern einer der gro\u00dfen kulturellen F\u00f6rdervereine in der Stadt Freiburg mit dem Ziel, das Theater Freiburg ideell und materiell zu unterst\u00fctzen. Wir f\u00f6rdern Produktionen, vergeben Stipendien oder investieren in die Infrastruktur des Theaters in enger Zusammenarbeit mit der Theaterleitung. Da die [&hellip;]<\/p>\n","protected":false},"author":1,"featured_media":22673,"comment_status":"open","ping_status":"open","sticky":false,"template":"","format":"standard","meta":{"_monsterinsights_skip_tracking":false,"_monsterinsights_sitenote_active":false,"_monsterinsights_sitenote_note":"","_monsterinsights_sitenote_category":0},"categories":[2816],"tags":[2688,2820,2819],"yoast_head":"<!-- This site is optimized with the Yoast SEO plugin v20.5 - https:\/\/yoast.com\/wordpress\/plugins\/seo\/ -->\n<title>Theater Freiburg sucht: Leitung Der Gesch\u00e4ftsstelle Theaterfreunde<\/title>\n<meta name=\"description\" content=\"Stellenangebot: Theater Freiburg sucht Leitung Der Gesch\u00e4ftsstelle Theaterfreunde Freiburg E. V. (W\/M\/D). Ab September 2019.\" \/>\n<meta name=\"robots\" content=\"index, follow, max-snippet:-1, max-image-preview:large, max-video-preview:-1\" \/>\n<link rel=\"canonical\" href=\"https:\/\/www.szenik.eu\/de\/theater-freiburg-sucht-leitung-der-geschaeftsstelle-theaterfreunde-freiburg-e-v-w-m-d-22672\" \/>\n<meta property=\"og:locale\" content=\"de_DE\" \/>\n<meta property=\"og:type\" content=\"article\" \/>\n<meta property=\"og:title\" content=\"Theater Freiburg sucht: Leitung Der Gesch\u00e4ftsstelle Theaterfreunde\" \/>\n<meta property=\"og:description\" content=\"Stellenangebot: Theater Freiburg sucht Leitung Der Gesch\u00e4ftsstelle Theaterfreunde Freiburg E. V. (W\/M\/D). Ab September 2019.\" \/>\n<meta property=\"og:url\" content=\"https:\/\/www.szenik.eu\/de\/theater-freiburg-sucht-leitung-der-geschaeftsstelle-theaterfreunde-freiburg-e-v-w-m-d-22672\" \/>\n<meta property=\"og:site_name\" content=\"szenik\" \/>\n<meta property=\"article:publisher\" content=\"https:\/\/www.facebook.com\/szenik.eu\/\" \/>\n<meta property=\"article:published_time\" content=\"2019-08-01T12:21:19+00:00\" \/>\n<meta property=\"article:modified_time\" content=\"2019-08-20T09:22:44+00:00\" \/>\n<meta property=\"og:image\" content=\"https:\/\/www.szenik.eu\/wp-content\/uploads\/2019\/07\/cropped-theaterfreiburg-szenik-wiki.jpg\" \/>\n\t<meta property=\"og:image:width\" content=\"1280\" \/>\n\t<meta property=\"og:image:height\" content=\"719\" \/>\n\t<meta property=\"og:image:type\" content=\"image\/jpeg\" \/>\n<meta name=\"author\" content=\"szenik\" \/>\n<meta name=\"twitter:card\" content=\"summary_large_image\" \/>\n<meta name=\"twitter:creator\" content=\"@Szenik\" \/>\n<meta name=\"twitter:site\" content=\"@Szenik\" \/>\n<meta name=\"twitter:label1\" content=\"Verfasst von\" \/>\n\t<meta name=\"twitter:data1\" content=\"szenik\" \/>\n\t<meta name=\"twitter:label2\" content=\"Gesch\u00e4tzte Lesezeit\" \/>\n\t<meta name=\"twitter:data2\" content=\"1\u00a0Minute\" \/>\n<script type=\"application\/ld+json\" class=\"yoast-schema-graph\">{\"@context\":\"https:\/\/schema.org\",\"@graph\":[{\"@type\":\"Article\",\"@id\":\"https:\/\/www.szenik.eu\/de\/theater-freiburg-sucht-leitung-der-geschaeftsstelle-theaterfreunde-freiburg-e-v-w-m-d-22672#article\",\"isPartOf\":{\"@id\":\"https:\/\/www.szenik.eu\/de\/theater-freiburg-sucht-leitung-der-geschaeftsstelle-theaterfreunde-freiburg-e-v-w-m-d-22672\"},\"author\":{\"name\":\"szenik\",\"@id\":\"https:\/\/www.szenik.eu\/de\/#\/schema\/person\/15f73f175b41bad194837490339d48fb\"},\"headline\":\"Theater Freiburg sucht: Leitung der Gesch\u00e4ftsstelle Theaterfreunde Freiburg E. V. (W\/M\/D)\",\"datePublished\":\"2019-08-01T12:21:19+00:00\",\"dateModified\":\"2019-08-20T09:22:44+00:00\",\"mainEntityOfPage\":{\"@id\":\"https:\/\/www.szenik.eu\/de\/theater-freiburg-sucht-leitung-der-geschaeftsstelle-theaterfreunde-freiburg-e-v-w-m-d-22672\"},\"wordCount\":316,\"commentCount\":0,\"publisher\":{\"@id\":\"https:\/\/www.szenik.eu\/de\/#organization\"},\"keywords\":[\"Freiburg\",\"Stellenangebot\",\"Theaterfreunde Freiburg\"],\"articleSection\":[\"Praktikums- und Stellenb\u00f6rse\"],\"inLanguage\":\"de\",\"potentialAction\":[{\"@type\":\"CommentAction\",\"name\":\"Comment\",\"target\":[\"https:\/\/www.szenik.eu\/de\/theater-freiburg-sucht-leitung-der-geschaeftsstelle-theaterfreunde-freiburg-e-v-w-m-d-22672#respond\"]}]},{\"@type\":\"WebPage\",\"@id\":\"https:\/\/www.szenik.eu\/de\/theater-freiburg-sucht-leitung-der-geschaeftsstelle-theaterfreunde-freiburg-e-v-w-m-d-22672\",\"url\":\"https:\/\/www.szenik.eu\/de\/theater-freiburg-sucht-leitung-der-geschaeftsstelle-theaterfreunde-freiburg-e-v-w-m-d-22672\",\"name\":\"Theater Freiburg sucht: Leitung Der Gesch\u00e4ftsstelle Theaterfreunde\",\"isPartOf\":{\"@id\":\"https:\/\/www.szenik.eu\/de\/#website\"},\"datePublished\":\"2019-08-01T12:21:19+00:00\",\"dateModified\":\"2019-08-20T09:22:44+00:00\",\"description\":\"Stellenangebot: Theater Freiburg sucht Leitung Der Gesch\u00e4ftsstelle Theaterfreunde Freiburg E. V. (W\/M\/D). Ab September 2019.\",\"breadcrumb\":{\"@id\":\"https:\/\/www.szenik.eu\/de\/theater-freiburg-sucht-leitung-der-geschaeftsstelle-theaterfreunde-freiburg-e-v-w-m-d-22672#breadcrumb\"},\"inLanguage\":\"de\",\"potentialAction\":[{\"@type\":\"ReadAction\",\"target\":[\"https:\/\/www.szenik.eu\/de\/theater-freiburg-sucht-leitung-der-geschaeftsstelle-theaterfreunde-freiburg-e-v-w-m-d-22672\"]}]},{\"@type\":\"BreadcrumbList\",\"@id\":\"https:\/\/www.szenik.eu\/de\/theater-freiburg-sucht-leitung-der-geschaeftsstelle-theaterfreunde-freiburg-e-v-w-m-d-22672#breadcrumb\",\"itemListElement\":[{\"@type\":\"ListItem\",\"position\":1,\"name\":\"Home\",\"item\":\"https:\/\/www.szenik.eu\/de\"},{\"@type\":\"ListItem\",\"position\":2,\"name\":\"Theater Freiburg sucht: Leitung der Gesch\u00e4ftsstelle Theaterfreunde Freiburg E. V. (W\/M\/D)\"}]},{\"@type\":\"WebSite\",\"@id\":\"https:\/\/www.szenik.eu\/de\/#website\",\"url\":\"https:\/\/www.szenik.eu\/de\/\",\"name\":\"szenik\",\"description\":\"Le Meilleur des sc\u00e8nes au coeur de l&#039;Europe\",\"publisher\":{\"@id\":\"https:\/\/www.szenik.eu\/de\/#organization\"},\"potentialAction\":[{\"@type\":\"SearchAction\",\"target\":{\"@type\":\"EntryPoint\",\"urlTemplate\":\"https:\/\/www.szenik.eu\/de\/?s={search_term_string}\"},\"query-input\":\"required name=search_term_string\"}],\"inLanguage\":\"de\"},{\"@type\":\"Organization\",\"@id\":\"https:\/\/www.szenik.eu\/de\/#organization\",\"name\":\"Szenik\",\"url\":\"https:\/\/www.szenik.eu\/de\/\",\"logo\":{\"@type\":\"ImageObject\",\"inLanguage\":\"de\",\"@id\":\"https:\/\/www.szenik.eu\/de\/#\/schema\/logo\/image\/\",\"url\":\"https:\/\/www.szenik.eu\/wp-content\/uploads\/2019\/07\/logo-square.png\",\"contentUrl\":\"https:\/\/www.szenik.eu\/wp-content\/uploads\/2019\/07\/logo-square.png\",\"width\":512,\"height\":512,\"caption\":\"Szenik\"},\"image\":{\"@id\":\"https:\/\/www.szenik.eu\/de\/#\/schema\/logo\/image\/\"},\"sameAs\":[\"https:\/\/www.facebook.com\/szenik.eu\/\",\"https:\/\/twitter.com\/Szenik\",\"https:\/\/www.instagram.com\/szenik_magazine\/\",\"https:\/\/www.youtube.com\/user\/SzenikEU\/\"]},{\"@type\":\"Person\",\"@id\":\"https:\/\/www.szenik.eu\/de\/#\/schema\/person\/15f73f175b41bad194837490339d48fb\",\"name\":\"szenik\",\"image\":{\"@type\":\"ImageObject\",\"inLanguage\":\"de\",\"@id\":\"https:\/\/www.szenik.eu\/de\/#\/schema\/person\/image\/\",\"url\":\"https:\/\/secure.gravatar.com\/avatar\/d1c4f19522a624a4eaa5e6c03e22370b?s=96&d=mm&r=g\",\"contentUrl\":\"https:\/\/secure.gravatar.com\/avatar\/d1c4f19522a624a4eaa5e6c03e22370b?s=96&d=mm&r=g\",\"caption\":\"szenik\"}}]}<\/script>\n<!-- \/ Yoast SEO plugin. -->","yoast_head_json":{"title":"Theater Freiburg sucht: Leitung Der Gesch\u00e4ftsstelle Theaterfreunde","description":"Stellenangebot: Theater Freiburg sucht Leitung Der Gesch\u00e4ftsstelle Theaterfreunde Freiburg E. V. (W\/M\/D). Ab September 2019.","robots":{"index":"index","follow":"follow","max-snippet":"max-snippet:-1","max-image-preview":"max-image-preview:large","max-video-preview":"max-video-preview:-1"},"canonical":"https:\/\/www.szenik.eu\/de\/theater-freiburg-sucht-leitung-der-geschaeftsstelle-theaterfreunde-freiburg-e-v-w-m-d-22672","og_locale":"de_DE","og_type":"article","og_title":"Theater Freiburg sucht: Leitung Der Gesch\u00e4ftsstelle Theaterfreunde","og_description":"Stellenangebot: Theater Freiburg sucht Leitung Der Gesch\u00e4ftsstelle Theaterfreunde Freiburg E. V. (W\/M\/D). Ab September 2019.","og_url":"https:\/\/www.szenik.eu\/de\/theater-freiburg-sucht-leitung-der-geschaeftsstelle-theaterfreunde-freiburg-e-v-w-m-d-22672","og_site_name":"szenik","article_publisher":"https:\/\/www.facebook.com\/szenik.eu\/","article_published_time":"2019-08-01T12:21:19+00:00","article_modified_time":"2019-08-20T09:22:44+00:00","og_image":[{"width":1280,"height":719,"url":"https:\/\/www.szenik.eu\/wp-content\/uploads\/2019\/07\/cropped-theaterfreiburg-szenik-wiki.jpg","type":"image\/jpeg"}],"author":"szenik","twitter_card":"summary_large_image","twitter_creator":"@Szenik","twitter_site":"@Szenik","twitter_misc":{"Verfasst von":"szenik","Gesch\u00e4tzte Lesezeit":"1\u00a0Minute"},"schema":{"@context":"https:\/\/schema.org","@graph":[{"@type":"Article","@id":"https:\/\/www.szenik.eu\/de\/theater-freiburg-sucht-leitung-der-geschaeftsstelle-theaterfreunde-freiburg-e-v-w-m-d-22672#article","isPartOf":{"@id":"https:\/\/www.szenik.eu\/de\/theater-freiburg-sucht-leitung-der-geschaeftsstelle-theaterfreunde-freiburg-e-v-w-m-d-22672"},"author":{"name":"szenik","@id":"https:\/\/www.szenik.eu\/de\/#\/schema\/person\/15f73f175b41bad194837490339d48fb"},"headline":"Theater Freiburg sucht: Leitung der Gesch\u00e4ftsstelle Theaterfreunde Freiburg E. V. (W\/M\/D)","datePublished":"2019-08-01T12:21:19+00:00","dateModified":"2019-08-20T09:22:44+00:00","mainEntityOfPage":{"@id":"https:\/\/www.szenik.eu\/de\/theater-freiburg-sucht-leitung-der-geschaeftsstelle-theaterfreunde-freiburg-e-v-w-m-d-22672"},"wordCount":316,"commentCount":0,"publisher":{"@id":"https:\/\/www.szenik.eu\/de\/#organization"},"keywords":["Freiburg","Stellenangebot","Theaterfreunde Freiburg"],"articleSection":["Praktikums- und Stellenb\u00f6rse"],"inLanguage":"de","potentialAction":[{"@type":"CommentAction","name":"Comment","target":["https:\/\/www.szenik.eu\/de\/theater-freiburg-sucht-leitung-der-geschaeftsstelle-theaterfreunde-freiburg-e-v-w-m-d-22672#respond"]}]},{"@type":"WebPage","@id":"https:\/\/www.szenik.eu\/de\/theater-freiburg-sucht-leitung-der-geschaeftsstelle-theaterfreunde-freiburg-e-v-w-m-d-22672","url":"https:\/\/www.szenik.eu\/de\/theater-freiburg-sucht-leitung-der-geschaeftsstelle-theaterfreunde-freiburg-e-v-w-m-d-22672","name":"Theater Freiburg sucht: Leitung Der Gesch\u00e4ftsstelle Theaterfreunde","isPartOf":{"@id":"https:\/\/www.szenik.eu\/de\/#website"},"datePublished":"2019-08-01T12:21:19+00:00","dateModified":"2019-08-20T09:22:44+00:00","description":"Stellenangebot: Theater Freiburg sucht Leitung Der Gesch\u00e4ftsstelle Theaterfreunde Freiburg E. V. (W\/M\/D). Ab September 2019.","breadcrumb":{"@id":"https:\/\/www.szenik.eu\/de\/theater-freiburg-sucht-leitung-der-geschaeftsstelle-theaterfreunde-freiburg-e-v-w-m-d-22672#breadcrumb"},"inLanguage":"de","potentialAction":[{"@type":"ReadAction","target":["https:\/\/www.szenik.eu\/de\/theater-freiburg-sucht-leitung-der-geschaeftsstelle-theaterfreunde-freiburg-e-v-w-m-d-22672"]}]},{"@type":"BreadcrumbList","@id":"https:\/\/www.szenik.eu\/de\/theater-freiburg-sucht-leitung-der-geschaeftsstelle-theaterfreunde-freiburg-e-v-w-m-d-22672#breadcrumb","itemListElement":[{"@type":"ListItem","position":1,"name":"Home","item":"https:\/\/www.szenik.eu\/de"},{"@type":"ListItem","position":2,"name":"Theater Freiburg sucht: Leitung der Gesch\u00e4ftsstelle Theaterfreunde Freiburg E. V. (W\/M\/D)"}]},{"@type":"WebSite","@id":"https:\/\/www.szenik.eu\/de\/#website","url":"https:\/\/www.szenik.eu\/de\/","name":"szenik","description":"Le Meilleur des sc\u00e8nes au coeur de l&#039;Europe","publisher":{"@id":"https:\/\/www.szenik.eu\/de\/#organization"},"potentialAction":[{"@type":"SearchAction","target":{"@type":"EntryPoint","urlTemplate":"https:\/\/www.szenik.eu\/de\/?s={search_term_string}"},"query-input":"required name=search_term_string"}],"inLanguage":"de"},{"@type":"Organization","@id":"https:\/\/www.szenik.eu\/de\/#organization","name":"Szenik","url":"https:\/\/www.szenik.eu\/de\/","logo":{"@type":"ImageObject","inLanguage":"de","@id":"https:\/\/www.szenik.eu\/de\/#\/schema\/logo\/image\/","url":"https:\/\/www.szenik.eu\/wp-content\/uploads\/2019\/07\/logo-square.png","contentUrl":"https:\/\/www.szenik.eu\/wp-content\/uploads\/2019\/07\/logo-square.png","width":512,"height":512,"caption":"Szenik"},"image":{"@id":"https:\/\/www.szenik.eu\/de\/#\/schema\/logo\/image\/"},"sameAs":["https:\/\/www.facebook.com\/szenik.eu\/","https:\/\/twitter.com\/Szenik","https:\/\/www.instagram.com\/szenik_magazine\/","https:\/\/www.youtube.com\/user\/SzenikEU\/"]},{"@type":"Person","@id":"https:\/\/www.szenik.eu\/de\/#\/schema\/person\/15f73f175b41bad194837490339d48fb","name":"szenik","image":{"@type":"ImageObject","inLanguage":"de","@id":"https:\/\/www.szenik.eu\/de\/#\/schema\/person\/image\/","url":"https:\/\/secure.gravatar.com\/avatar\/d1c4f19522a624a4eaa5e6c03e22370b?s=96&d=mm&r=g","contentUrl":"https:\/\/secure.gravatar.com\/avatar\/d1c4f19522a624a4eaa5e6c03e22370b?s=96&d=mm&r=g","caption":"szenik"}}]}},"jetpack_featured_media_url":"https:\/\/www.szenik.eu\/wp-content\/uploads\/2019\/07\/cropped-theaterfreiburg-szenik-wiki.jpg","amp_enabled":true,"_links":{"self":[{"href":"https:\/\/www.szenik.eu\/de\/wp-json\/\/wp\/v2\/posts\/22672"}],"collection":[{"href":"https:\/\/www.szenik.eu\/de\/wp-json\/\/wp\/v2\/posts"}],"about":[{"href":"https:\/\/www.szenik.eu\/de\/wp-json\/\/wp\/v2\/types\/post"}],"author":[{"embeddable":true,"href":"https:\/\/www.szenik.eu\/de\/wp-json\/\/wp\/v2\/users\/1"}],"replies":[{"embeddable":true,"href":"https:\/\/www.szenik.eu\/de\/wp-json\/\/wp\/v2\/comments?post=22672"}],"version-history":[{"count":3,"href":"https:\/\/www.szenik.eu\/de\/wp-json\/\/wp\/v2\/posts\/22672\/revisions"}],"predecessor-version":[{"id":22946,"href":"https:\/\/www.szenik.eu\/de\/wp-json\/\/wp\/v2\/posts\/22672\/revisions\/22946"}],"wp:featuredmedia":[{"embeddable":true,"href":"https:\/\/www.szenik.eu\/de\/wp-json\/\/wp\/v2\/media\/22673"}],"wp:attachment":[{"href":"https:\/\/www.szenik.eu\/de\/wp-json\/\/wp\/v2\/media?parent=22672"}],"wp:term":[{"taxonomy":"category","embeddable":true,"href":"https:\/\/www.szenik.eu\/de\/wp-json\/\/wp\/v2\/categories?post=22672"},{"taxonomy":"post_tag","embeddable":true,"href":"https:\/\/www.szenik.eu\/de\/wp-json\/\/wp\/v2\/tags?post=22672"}],"curies":[{"name":"wp","href":"https:\/\/api.w.org\/{rel}","templated":true}]}}