{"id":21746,"date":"2019-07-25T11:31:06","date_gmt":"2019-07-25T09:31:06","guid":{"rendered":"https:\/\/www.szenik.eu\/benjamin-alard-bach-e-la-maniera-italiana-vivaldi-day-au-festival-oudemuziek-utrecht-21746"},"modified":"2019-08-03T00:24:09","modified_gmt":"2019-08-02T22:24:09","slug":"benjamin-alard-bach-e-la-maniera-italiana-vivaldi-day-au-festival-oudemuziek-utrecht","status":"publish","type":"post","link":"https:\/\/www.szenik.eu\/de\/benjamin-alard-bach-e-la-maniera-italiana-vivaldi-day-au-festival-oudemuziek-utrecht-21746","title":{"rendered":"Benjamin Alard : Bach e la maniera italiana | Vivaldi Day im Festival Oudemuziek Utrecht"},"content":{"rendered":"\n<h4><strong>Recital am Cembalo von Benjamin Alard, aufgenommen beim Oudemuziek Utrecht Festival.<\/strong><\/h4>\n\n\n\n<p>Das <strong>Oudemuziek Utrecht \/ Utrecht Festival f\u00fcr Alte Musik<\/strong> ist eines der wichtigsten Ereignisse der Barockmusik in Europa. Nach mehrj\u00e4hriger Jahre, die Johann Sebastian Bach gewidmet ist, haben die Organisatoren beschlossen, Vivaldi f\u00fcr ihren Thementag im Januar 2017 zu ehren.<\/p>\n\n\n\n<figure class=\"wp-block-image\"><a href=\"https:\/\/www.benjaminalard.net\"><img decoding=\"async\" loading=\"lazy\" width=\"967\" height=\"300\" src=\"https:\/\/www.szenik.eu\/wp-content\/uploads\/2019\/07\/benjamin-alard.jpg\" alt=\"benjaminalard-szeniklive-bach-vivaldiday\" class=\"wp-image-21736\" srcset=\"https:\/\/www.szenik.eu\/wp-content\/uploads\/2019\/07\/benjamin-alard.jpg 967w, https:\/\/www.szenik.eu\/wp-content\/uploads\/2019\/07\/benjamin-alard-300x93.jpg 300w, https:\/\/www.szenik.eu\/wp-content\/uploads\/2019\/07\/benjamin-alard-768x238.jpg 768w, https:\/\/www.szenik.eu\/wp-content\/uploads\/2019\/07\/benjamin-alard-750x233.jpg 750w\" sizes=\"(max-width: 967px) 100vw, 967px\" \/><\/a><\/figure>\n\n\n\n<h4>Biografie<\/h4>\n\n\n\n<p><strong>Benjamin Alards<\/strong> Werk ist das Universum der Musik von Johann Sebastian Bach, und f\u00fcr diese musikalische Mitwirkung hat ihm die Jury des Internationalen Cembalowettbewerbs von Br\u00fcgge 2004 den ersten Preis verliehen.<\/p>\n\n\n\n<p>Sehr jung, angezogen von den Geheimnissen der Orgel, waren seine ersten Lehrer Louis Thiry und Fran\u00e7ois M\u00e9nissier an den Konservatorien Dieppe und Rouen.<\/p>\n\n\n\n<p>Elisabeth Joy\u00e9, mit der er in Paris studierte, ist es zu verdanken, dass er das Repertoire f\u00fcr Cembalo entdeckte. Seit 2003 arbeitet er an der Schola Cantorum in Basel mit J\u00f6rg-Andreas B\u00f6tticher, Jean-Claude Zehnder und Andrea Marcon zusammen.<\/p>\n\n\n\n<p>Benjamin Alard, seit 2005 Inhaber der Bernard-Aubertin-Orgel in der Pariser Kirche Saint-Louis-en-l&#8217;\u00cele, gibt regelm\u00e4\u00dfig Konzerte rund um Bachs Musik.<\/p>\n\n\n\n<p>Sowohl am Cembalo als auch an der Orgel verteilt er seine Zeit auf Recitals und Kammermusik (zwei Cembali mit Elisabeth Joy\u00e9, Sonate mit dem Geiger Fran\u00e7ois Fernandez, Trio oder Quartett mit den Gebr\u00fcdern Barthold, Sigiswald und Wieland Kuijken) und ist jede Saison Gast in den wichtigsten Zentren f\u00fcr Alte Musik auf der ganzen Welt.<\/p>\n\n\n\n<p>Seit 2005 ist er Mitglied der La Petite Bande, einer 1973 von Gustav Leonhardt und Sigiswald Kuijken gegr\u00fcndeten Gruppe. Seit 2013 dirigiert er es regelm\u00e4\u00dfig vom Keyboard aus f\u00fcr Konzerte rund um Konzerte f\u00fcr Cembalo und Streicher (H\u00e4ndel, \u2026.).<\/p>\n\n\n\n<p>Benjamin Alard hat f\u00fcr <strong><a rel=\"noreferrer noopener\" aria-label=\"Hortus (opens in a new tab)\" href=\"https:\/\/www.editionshortus.com\/catalogue_fiche.php?prod_id=70\" target=\"_blank\">Hortus<\/a><\/strong> das <em><strong><a href=\"https:\/\/www.editionshortus.com\/catalogue_fiche.php?prod_id=70\" target=\"_blank\" rel=\"noreferrer noopener\" aria-label=\"Andreas Bach Buch (opens in a new tab)\">Andreas Bach Buch<\/a><\/strong><\/em>, Transkriptionen, das Bauyn Manuskript und eine CD mit franz\u00f6sischer Musik des 17. und 18. Jahrhunderts aufgenommen, aber auch J. S. Bachs Trio-Orgelsonaten und Alphas Clavier \u00dcbung I und II. Diese Aufnahmen wurden von der Musikpresse regelm\u00e4\u00dfig belohnt.<\/p>\n\n\n\n<p>Benjamin Alard begann bei <strong><a href=\"http:\/\/www.harmoniamundi.com\/#!\/artists\/2845\" target=\"_blank\" rel=\"noreferrer noopener\" aria-label=\"Harmonia Mundi (opens in a new tab)\">Harmonia Mundi<\/a><\/strong> mit der Aufnahme des Gesamtwerks f\u00fcr Cembalo und Orgel von Johann Sebastian Bach. Diese Arbeit von ungew\u00f6hnlicher Bedeutung wird sich \u00fcber mehrere Jahre erstrecken.<\/p>\n\n\n\n<div class=\"wp-block-button\"><a class=\"wp-block-button__link has-text-color has-very-light-gray-color has-background\" href=\"https:\/\/www.benjaminalard.net\" style=\"background-color:#f36068\">K\u00fcnstler-Webseite<\/a><\/div>\n\n\n\n<p>Ein Konzert, aufgenommen im Januar 2017 in der Tivoly Vredenburg in Utrecht.<\/p>\n","protected":false},"excerpt":{"rendered":"<p>Recital am Cembalo von Benjamin Alard, aufgenommen beim Oudemuziek Utrecht Festival. Das Oudemuziek Utrecht \/ Utrecht Festival f\u00fcr Alte Musik ist eines der wichtigsten Ereignisse der Barockmusik in Europa. Nach mehrj\u00e4hriger Jahre, die Johann Sebastian Bach gewidmet ist, haben die Organisatoren beschlossen, Vivaldi f\u00fcr ihren Thementag im Januar 2017 zu ehren. Biografie Benjamin Alards Werk [&hellip;]<\/p>\n","protected":false},"author":1,"featured_media":21727,"comment_status":"open","ping_status":"open","sticky":false,"template":"","format":"standard","meta":{"_monsterinsights_skip_tracking":false,"_monsterinsights_sitenote_active":false,"_monsterinsights_sitenote_note":"","_monsterinsights_sitenote_category":0},"categories":[2463,55],"tags":[2520,2521,2522,2519],"yoast_head":"<!-- This site is optimized with the Yoast SEO plugin v20.5 - https:\/\/yoast.com\/wordpress\/plugins\/seo\/ -->\n<title>Benjamin Alard : Bach e la maniera italiana Festival Oudemuziek | szenik<\/title>\n<meta name=\"description\" content=\"szenik live : Konzert von Benjamin Alard &quot;Bach e la maniera italiana&quot; aufgenommen w\u00e4hrend dem Vivaldi Day beim Oudemuziek Utrecht Festival.\" \/>\n<meta name=\"robots\" content=\"index, follow, max-snippet:-1, max-image-preview:large, max-video-preview:-1\" \/>\n<link rel=\"canonical\" href=\"https:\/\/www.szenik.eu\/de\/benjamin-alard-bach-e-la-maniera-italiana-vivaldi-day-au-festival-oudemuziek-utrecht-21746\" \/>\n<meta property=\"og:locale\" content=\"de_DE\" \/>\n<meta property=\"og:type\" content=\"article\" \/>\n<meta property=\"og:title\" content=\"Benjamin Alard : Bach e la maniera italiana Festival Oudemuziek | szenik\" \/>\n<meta property=\"og:description\" content=\"szenik live : Konzert von Benjamin Alard &quot;Bach e la maniera italiana&quot; aufgenommen w\u00e4hrend dem Vivaldi Day beim Oudemuziek Utrecht Festival.\" \/>\n<meta property=\"og:url\" content=\"https:\/\/www.szenik.eu\/de\/benjamin-alard-bach-e-la-maniera-italiana-vivaldi-day-au-festival-oudemuziek-utrecht-21746\" \/>\n<meta property=\"og:site_name\" content=\"szenik\" \/>\n<meta property=\"article:publisher\" content=\"https:\/\/www.facebook.com\/szenik.eu\/\" \/>\n<meta property=\"article:published_time\" content=\"2019-07-25T09:31:06+00:00\" \/>\n<meta property=\"article:modified_time\" content=\"2019-08-02T22:24:09+00:00\" \/>\n<meta property=\"og:image\" content=\"https:\/\/www.szenik.eu\/wp-content\/uploads\/2019\/07\/cropped-benjaminalard-szeniklive-bach-vivaldiday.jpg\" \/>\n\t<meta property=\"og:image:width\" content=\"1920\" \/>\n\t<meta property=\"og:image:height\" content=\"1080\" \/>\n\t<meta property=\"og:image:type\" content=\"image\/jpeg\" \/>\n<meta name=\"author\" content=\"szenik\" \/>\n<meta name=\"twitter:card\" content=\"summary_large_image\" \/>\n<meta name=\"twitter:creator\" content=\"@Szenik\" \/>\n<meta name=\"twitter:site\" content=\"@Szenik\" \/>\n<meta name=\"twitter:label1\" content=\"Verfasst von\" \/>\n\t<meta name=\"twitter:data1\" content=\"szenik\" \/>\n\t<meta name=\"twitter:label2\" content=\"Gesch\u00e4tzte Lesezeit\" \/>\n\t<meta name=\"twitter:data2\" content=\"2\u00a0Minuten\" \/>\n<script type=\"application\/ld+json\" class=\"yoast-schema-graph\">{\"@context\":\"https:\/\/schema.org\",\"@graph\":[{\"@type\":\"Article\",\"@id\":\"https:\/\/www.szenik.eu\/de\/benjamin-alard-bach-e-la-maniera-italiana-vivaldi-day-au-festival-oudemuziek-utrecht-21746#article\",\"isPartOf\":{\"@id\":\"https:\/\/www.szenik.eu\/de\/benjamin-alard-bach-e-la-maniera-italiana-vivaldi-day-au-festival-oudemuziek-utrecht-21746\"},\"author\":{\"name\":\"szenik\",\"@id\":\"https:\/\/www.szenik.eu\/de\/#\/schema\/person\/15f73f175b41bad194837490339d48fb\"},\"headline\":\"Benjamin Alard : Bach e la maniera italiana | Vivaldi Day im Festival Oudemuziek Utrecht\",\"datePublished\":\"2019-07-25T09:31:06+00:00\",\"dateModified\":\"2019-08-02T22:24:09+00:00\",\"mainEntityOfPage\":{\"@id\":\"https:\/\/www.szenik.eu\/de\/benjamin-alard-bach-e-la-maniera-italiana-vivaldi-day-au-festival-oudemuziek-utrecht-21746\"},\"wordCount\":372,\"commentCount\":0,\"publisher\":{\"@id\":\"https:\/\/www.szenik.eu\/de\/#organization\"},\"keywords\":[\"Festival Oudemuziek Utrecht\",\"Festival Oudemuziek Utrecht\",\"Jean-Sebastien Bach\",\"Jean-Sebastien Bach\"],\"articleSection\":[\"Klassik\",\"Szenik Live\"],\"inLanguage\":\"de\",\"potentialAction\":[{\"@type\":\"CommentAction\",\"name\":\"Comment\",\"target\":[\"https:\/\/www.szenik.eu\/de\/benjamin-alard-bach-e-la-maniera-italiana-vivaldi-day-au-festival-oudemuziek-utrecht-21746#respond\"]}]},{\"@type\":\"WebPage\",\"@id\":\"https:\/\/www.szenik.eu\/de\/benjamin-alard-bach-e-la-maniera-italiana-vivaldi-day-au-festival-oudemuziek-utrecht-21746\",\"url\":\"https:\/\/www.szenik.eu\/de\/benjamin-alard-bach-e-la-maniera-italiana-vivaldi-day-au-festival-oudemuziek-utrecht-21746\",\"name\":\"Benjamin Alard : Bach e la maniera italiana Festival Oudemuziek | szenik\",\"isPartOf\":{\"@id\":\"https:\/\/www.szenik.eu\/de\/#website\"},\"datePublished\":\"2019-07-25T09:31:06+00:00\",\"dateModified\":\"2019-08-02T22:24:09+00:00\",\"description\":\"szenik live : Konzert von Benjamin Alard \\\"Bach e la maniera italiana\\\" aufgenommen w\u00e4hrend dem Vivaldi Day beim Oudemuziek Utrecht Festival.\",\"breadcrumb\":{\"@id\":\"https:\/\/www.szenik.eu\/de\/benjamin-alard-bach-e-la-maniera-italiana-vivaldi-day-au-festival-oudemuziek-utrecht-21746#breadcrumb\"},\"inLanguage\":\"de\",\"potentialAction\":[{\"@type\":\"ReadAction\",\"target\":[\"https:\/\/www.szenik.eu\/de\/benjamin-alard-bach-e-la-maniera-italiana-vivaldi-day-au-festival-oudemuziek-utrecht-21746\"]}]},{\"@type\":\"BreadcrumbList\",\"@id\":\"https:\/\/www.szenik.eu\/de\/benjamin-alard-bach-e-la-maniera-italiana-vivaldi-day-au-festival-oudemuziek-utrecht-21746#breadcrumb\",\"itemListElement\":[{\"@type\":\"ListItem\",\"position\":1,\"name\":\"Home\",\"item\":\"https:\/\/www.szenik.eu\/de\"},{\"@type\":\"ListItem\",\"position\":2,\"name\":\"Benjamin Alard : Bach e la maniera italiana | Vivaldi Day im Festival Oudemuziek Utrecht\"}]},{\"@type\":\"WebSite\",\"@id\":\"https:\/\/www.szenik.eu\/de\/#website\",\"url\":\"https:\/\/www.szenik.eu\/de\/\",\"name\":\"szenik\",\"description\":\"Le Meilleur des sc\u00e8nes au coeur de l&#039;Europe\",\"publisher\":{\"@id\":\"https:\/\/www.szenik.eu\/de\/#organization\"},\"potentialAction\":[{\"@type\":\"SearchAction\",\"target\":{\"@type\":\"EntryPoint\",\"urlTemplate\":\"https:\/\/www.szenik.eu\/de\/?s={search_term_string}\"},\"query-input\":\"required name=search_term_string\"}],\"inLanguage\":\"de\"},{\"@type\":\"Organization\",\"@id\":\"https:\/\/www.szenik.eu\/de\/#organization\",\"name\":\"Szenik\",\"url\":\"https:\/\/www.szenik.eu\/de\/\",\"logo\":{\"@type\":\"ImageObject\",\"inLanguage\":\"de\",\"@id\":\"https:\/\/www.szenik.eu\/de\/#\/schema\/logo\/image\/\",\"url\":\"https:\/\/www.szenik.eu\/wp-content\/uploads\/2019\/07\/logo-square.png\",\"contentUrl\":\"https:\/\/www.szenik.eu\/wp-content\/uploads\/2019\/07\/logo-square.png\",\"width\":512,\"height\":512,\"caption\":\"Szenik\"},\"image\":{\"@id\":\"https:\/\/www.szenik.eu\/de\/#\/schema\/logo\/image\/\"},\"sameAs\":[\"https:\/\/www.facebook.com\/szenik.eu\/\",\"https:\/\/twitter.com\/Szenik\",\"https:\/\/www.instagram.com\/szenik_magazine\/\",\"https:\/\/www.youtube.com\/user\/SzenikEU\/\"]},{\"@type\":\"Person\",\"@id\":\"https:\/\/www.szenik.eu\/de\/#\/schema\/person\/15f73f175b41bad194837490339d48fb\",\"name\":\"szenik\",\"image\":{\"@type\":\"ImageObject\",\"inLanguage\":\"de\",\"@id\":\"https:\/\/www.szenik.eu\/de\/#\/schema\/person\/image\/\",\"url\":\"https:\/\/secure.gravatar.com\/avatar\/d1c4f19522a624a4eaa5e6c03e22370b?s=96&d=mm&r=g\",\"contentUrl\":\"https:\/\/secure.gravatar.com\/avatar\/d1c4f19522a624a4eaa5e6c03e22370b?s=96&d=mm&r=g\",\"caption\":\"szenik\"}}]}<\/script>\n<!-- \/ Yoast SEO plugin. -->","yoast_head_json":{"title":"Benjamin Alard : Bach e la maniera italiana Festival Oudemuziek | szenik","description":"szenik live : Konzert von Benjamin Alard \"Bach e la maniera italiana\" aufgenommen w\u00e4hrend dem Vivaldi Day beim Oudemuziek Utrecht Festival.","robots":{"index":"index","follow":"follow","max-snippet":"max-snippet:-1","max-image-preview":"max-image-preview:large","max-video-preview":"max-video-preview:-1"},"canonical":"https:\/\/www.szenik.eu\/de\/benjamin-alard-bach-e-la-maniera-italiana-vivaldi-day-au-festival-oudemuziek-utrecht-21746","og_locale":"de_DE","og_type":"article","og_title":"Benjamin Alard : Bach e la maniera italiana Festival Oudemuziek | szenik","og_description":"szenik live : Konzert von Benjamin Alard \"Bach e la maniera italiana\" aufgenommen w\u00e4hrend dem Vivaldi Day beim Oudemuziek Utrecht Festival.","og_url":"https:\/\/www.szenik.eu\/de\/benjamin-alard-bach-e-la-maniera-italiana-vivaldi-day-au-festival-oudemuziek-utrecht-21746","og_site_name":"szenik","article_publisher":"https:\/\/www.facebook.com\/szenik.eu\/","article_published_time":"2019-07-25T09:31:06+00:00","article_modified_time":"2019-08-02T22:24:09+00:00","og_image":[{"width":1920,"height":1080,"url":"https:\/\/www.szenik.eu\/wp-content\/uploads\/2019\/07\/cropped-benjaminalard-szeniklive-bach-vivaldiday.jpg","type":"image\/jpeg"}],"author":"szenik","twitter_card":"summary_large_image","twitter_creator":"@Szenik","twitter_site":"@Szenik","twitter_misc":{"Verfasst von":"szenik","Gesch\u00e4tzte Lesezeit":"2\u00a0Minuten"},"schema":{"@context":"https:\/\/schema.org","@graph":[{"@type":"Article","@id":"https:\/\/www.szenik.eu\/de\/benjamin-alard-bach-e-la-maniera-italiana-vivaldi-day-au-festival-oudemuziek-utrecht-21746#article","isPartOf":{"@id":"https:\/\/www.szenik.eu\/de\/benjamin-alard-bach-e-la-maniera-italiana-vivaldi-day-au-festival-oudemuziek-utrecht-21746"},"author":{"name":"szenik","@id":"https:\/\/www.szenik.eu\/de\/#\/schema\/person\/15f73f175b41bad194837490339d48fb"},"headline":"Benjamin Alard : Bach e la maniera italiana | Vivaldi Day im Festival Oudemuziek Utrecht","datePublished":"2019-07-25T09:31:06+00:00","dateModified":"2019-08-02T22:24:09+00:00","mainEntityOfPage":{"@id":"https:\/\/www.szenik.eu\/de\/benjamin-alard-bach-e-la-maniera-italiana-vivaldi-day-au-festival-oudemuziek-utrecht-21746"},"wordCount":372,"commentCount":0,"publisher":{"@id":"https:\/\/www.szenik.eu\/de\/#organization"},"keywords":["Festival Oudemuziek Utrecht","Festival Oudemuziek Utrecht","Jean-Sebastien Bach","Jean-Sebastien Bach"],"articleSection":["Klassik","Szenik Live"],"inLanguage":"de","potentialAction":[{"@type":"CommentAction","name":"Comment","target":["https:\/\/www.szenik.eu\/de\/benjamin-alard-bach-e-la-maniera-italiana-vivaldi-day-au-festival-oudemuziek-utrecht-21746#respond"]}]},{"@type":"WebPage","@id":"https:\/\/www.szenik.eu\/de\/benjamin-alard-bach-e-la-maniera-italiana-vivaldi-day-au-festival-oudemuziek-utrecht-21746","url":"https:\/\/www.szenik.eu\/de\/benjamin-alard-bach-e-la-maniera-italiana-vivaldi-day-au-festival-oudemuziek-utrecht-21746","name":"Benjamin Alard : Bach e la maniera italiana Festival Oudemuziek | szenik","isPartOf":{"@id":"https:\/\/www.szenik.eu\/de\/#website"},"datePublished":"2019-07-25T09:31:06+00:00","dateModified":"2019-08-02T22:24:09+00:00","description":"szenik live : Konzert von Benjamin Alard \"Bach e la maniera italiana\" aufgenommen w\u00e4hrend dem Vivaldi Day beim Oudemuziek Utrecht Festival.","breadcrumb":{"@id":"https:\/\/www.szenik.eu\/de\/benjamin-alard-bach-e-la-maniera-italiana-vivaldi-day-au-festival-oudemuziek-utrecht-21746#breadcrumb"},"inLanguage":"de","potentialAction":[{"@type":"ReadAction","target":["https:\/\/www.szenik.eu\/de\/benjamin-alard-bach-e-la-maniera-italiana-vivaldi-day-au-festival-oudemuziek-utrecht-21746"]}]},{"@type":"BreadcrumbList","@id":"https:\/\/www.szenik.eu\/de\/benjamin-alard-bach-e-la-maniera-italiana-vivaldi-day-au-festival-oudemuziek-utrecht-21746#breadcrumb","itemListElement":[{"@type":"ListItem","position":1,"name":"Home","item":"https:\/\/www.szenik.eu\/de"},{"@type":"ListItem","position":2,"name":"Benjamin Alard : Bach e la maniera italiana | Vivaldi Day im Festival Oudemuziek Utrecht"}]},{"@type":"WebSite","@id":"https:\/\/www.szenik.eu\/de\/#website","url":"https:\/\/www.szenik.eu\/de\/","name":"szenik","description":"Le Meilleur des sc\u00e8nes au coeur de l&#039;Europe","publisher":{"@id":"https:\/\/www.szenik.eu\/de\/#organization"},"potentialAction":[{"@type":"SearchAction","target":{"@type":"EntryPoint","urlTemplate":"https:\/\/www.szenik.eu\/de\/?s={search_term_string}"},"query-input":"required name=search_term_string"}],"inLanguage":"de"},{"@type":"Organization","@id":"https:\/\/www.szenik.eu\/de\/#organization","name":"Szenik","url":"https:\/\/www.szenik.eu\/de\/","logo":{"@type":"ImageObject","inLanguage":"de","@id":"https:\/\/www.szenik.eu\/de\/#\/schema\/logo\/image\/","url":"https:\/\/www.szenik.eu\/wp-content\/uploads\/2019\/07\/logo-square.png","contentUrl":"https:\/\/www.szenik.eu\/wp-content\/uploads\/2019\/07\/logo-square.png","width":512,"height":512,"caption":"Szenik"},"image":{"@id":"https:\/\/www.szenik.eu\/de\/#\/schema\/logo\/image\/"},"sameAs":["https:\/\/www.facebook.com\/szenik.eu\/","https:\/\/twitter.com\/Szenik","https:\/\/www.instagram.com\/szenik_magazine\/","https:\/\/www.youtube.com\/user\/SzenikEU\/"]},{"@type":"Person","@id":"https:\/\/www.szenik.eu\/de\/#\/schema\/person\/15f73f175b41bad194837490339d48fb","name":"szenik","image":{"@type":"ImageObject","inLanguage":"de","@id":"https:\/\/www.szenik.eu\/de\/#\/schema\/person\/image\/","url":"https:\/\/secure.gravatar.com\/avatar\/d1c4f19522a624a4eaa5e6c03e22370b?s=96&d=mm&r=g","contentUrl":"https:\/\/secure.gravatar.com\/avatar\/d1c4f19522a624a4eaa5e6c03e22370b?s=96&d=mm&r=g","caption":"szenik"}}]}},"jetpack_featured_media_url":"https:\/\/www.szenik.eu\/wp-content\/uploads\/2019\/07\/cropped-benjaminalard-szeniklive-bach-vivaldiday.jpg","amp_enabled":true,"_links":{"self":[{"href":"https:\/\/www.szenik.eu\/de\/wp-json\/\/wp\/v2\/posts\/21746"}],"collection":[{"href":"https:\/\/www.szenik.eu\/de\/wp-json\/\/wp\/v2\/posts"}],"about":[{"href":"https:\/\/www.szenik.eu\/de\/wp-json\/\/wp\/v2\/types\/post"}],"author":[{"embeddable":true,"href":"https:\/\/www.szenik.eu\/de\/wp-json\/\/wp\/v2\/users\/1"}],"replies":[{"embeddable":true,"href":"https:\/\/www.szenik.eu\/de\/wp-json\/\/wp\/v2\/comments?post=21746"}],"version-history":[{"count":2,"href":"https:\/\/www.szenik.eu\/de\/wp-json\/\/wp\/v2\/posts\/21746\/revisions"}],"predecessor-version":[{"id":22179,"href":"https:\/\/www.szenik.eu\/de\/wp-json\/\/wp\/v2\/posts\/21746\/revisions\/22179"}],"wp:featuredmedia":[{"embeddable":true,"href":"https:\/\/www.szenik.eu\/de\/wp-json\/\/wp\/v2\/media\/21727"}],"wp:attachment":[{"href":"https:\/\/www.szenik.eu\/de\/wp-json\/\/wp\/v2\/media?parent=21746"}],"wp:term":[{"taxonomy":"category","embeddable":true,"href":"https:\/\/www.szenik.eu\/de\/wp-json\/\/wp\/v2\/categories?post=21746"},{"taxonomy":"post_tag","embeddable":true,"href":"https:\/\/www.szenik.eu\/de\/wp-json\/\/wp\/v2\/tags?post=21746"}],"curies":[{"name":"wp","href":"https:\/\/api.w.org\/{rel}","templated":true}]}}