{"id":21697,"date":"2019-07-24T12:06:12","date_gmt":"2019-07-24T10:06:12","guid":{"rendered":"https:\/\/www.szenik.eu\/callas-de-reinhild-hoffmann-ballet-du-grand-theatre-de-geneve-21697"},"modified":"2020-04-22T08:57:28","modified_gmt":"2020-04-22T06:57:28","slug":"callas-de-reinhild-hoffmann-ballet-du-grand-theatre-de-geneve","status":"publish","type":"post","link":"https:\/\/www.szenik.eu\/de\/callas-de-reinhild-hoffmann-ballet-du-grand-theatre-de-geneve-21697","title":{"rendered":"&#8222;Callas&#8220; von Reinhild Hoffmann | Ballet du Grand Th\u00e9\u00e2tre de Gen\u00e8ve"},"content":{"rendered":"\n<p>Ein choreografisches Ereignis. Reinhild Hoffmann, eine emblematische Figur des Tanztheaters, kehrt mit dem Ballet du Grand Th\u00e9\u00e2tre zur\u00fcck, einem 1983 geschaffenen St\u00fcck. <\/p>\n\n\n\n<p>Maria Callas interpretierte und markierte alle Heldinnen mit ihrem G\u00fctesiegel. <\/p>\n\n\n\n<p>Eine Choreographie zu Ehren einer Frau, die sowohl Muse als auch Pionierin war.<\/p>\n\n\n\n<p><strong>Callas, ein Ballett von Reinhild Hoffmann <br>Mit dem Ballet du Grand Th\u00e9\u00e2tre de Gen\u00e8ve<br>Leitung: Philippe Cohen.<\/strong><br><strong>B\u00fchnenbild<\/strong> Johannes Sch\u00fctz<br><strong>Kost\u00fcme<\/strong> Joachim Herzog<br><strong>Beleuchtung<\/strong> Alexander Koppelmann<\/p>\n\n\n\n<figure class=\"wp-block-embed-youtube aligncenter wp-block-embed is-type-video is-provider-youtube wp-embed-aspect-16-9 wp-has-aspect-ratio\"><div class=\"wp-block-embed__wrapper\">\n<iframe loading=\"lazy\" title=\"Callas - Ballet du Grand Th\u00e9\u00e2tre de Gen\u00e8ve (Trailer)\" width=\"500\" height=\"281\" src=\"https:\/\/www.youtube.com\/embed\/6tA0DHZ4auQ?feature=oembed\" frameborder=\"0\" allow=\"accelerometer; autoplay; encrypted-media; gyroscope; picture-in-picture\" allowfullscreen><\/iframe>\n<\/div><figcaption><em>Callas &#8211; Interview mit Reinhild Hoffmann und Philippe Cohen<\/em><\/figcaption><\/figure>\n\n\n\n<h4>Programm\u00fcbersicht<\/h4>\n\n\n\n<p>1. In der Oper (\u00e0 l\u2019op\u00e9ra) \u00ab O\u00f9 va la jeune Hindoue \u00bb (Lakm\u00e9, L\u00e9o Delibes) \u00ab Je veux vivre dans ce r\u00eave \u00bb (Rom\u00e9o et Juliette, Charles Gounod) <br>2. Zwei weisse Frauen (deux femmes en blanc) \u00ab Nel di della vittoria \u2013 Vieni ! T\u2019affretta \u00bb (Macbeth, Giuseppe Verdi) \u00ab Una macchia \u00e8 qui tuttora ! \u00bb (Macbeth, Giuseppe Verdi) <br>3. Dressur (dressage) \u00ab \u00c0 vos jeux, mes amis permettez-moi de gr\u00e2ce, de prendre part \u00bb (Hamlet, Ambroise Thomas) <br>4. Fl\u00fcgel (ailes) \u00ab Caro nome \u00bb (Rigoletto, Giuseppe Verdi)  <br>5. Puppe und Spiegel (poup\u00e9e et miroir) \u00ab L\u2019amour est un oiseau rebelle \u00bb (Carmen, George Bizet) \u00ab Pr\u00e8s des remparts de S\u00e9ville \u00bb (Carmen, George Bizet) \u00ab Il dolce suono \u2013 Ardon gl\u2019incensi \u2013 Spargi d\u2019amaro pianto \u00bb (Lucia di Lamermoor, Gaetano Donizetti)  <br>6. Tisch (table) \u00ab Divinit\u00e9s du Styx \u00bb (Alceste, Christoph Willibald Gluck) \u00ab J\u2019ai perdu mon Eurydice \u00bb (Orfeo ed Euridice, Christoph Willibald Gluck) <br>7. In der Bar (dans le bar) \u00ab O\u00f9 va la jeune Hindoue \u00bb (Lakm\u00e9, L\u00e9o Delibes) chant\u00e9 par Florence Foster Jenkins <br>8. Schaukel (balan\u00e7oire) \u00ab Tacea la notte placida \u2013 Di tale amor \u00bb (Il trovatore, Giuseppe Verdi)<\/p>\n\n\n\n<p><em>Aufgenommene Performance an der Op\u00e9ra des Nations, Genf, Oktober 2017.<\/em><\/p>\n","protected":false},"excerpt":{"rendered":"<p>Ein choreografisches Ereignis. Reinhild Hoffmann, eine emblematische Figur des Tanztheaters, kehrt mit dem Ballet du Grand Th\u00e9\u00e2tre zur\u00fcck, einem 1983 geschaffenen St\u00fcck. Maria Callas interpretierte und markierte alle Heldinnen mit ihrem G\u00fctesiegel. Eine Choreographie zu Ehren einer Frau, die sowohl Muse als auch Pionierin war. Callas, ein Ballett von Reinhild Hoffmann Mit dem Ballet du [&hellip;]<\/p>\n","protected":false},"author":1,"featured_media":21691,"comment_status":"open","ping_status":"open","sticky":false,"template":"","format":"standard","meta":{"_monsterinsights_skip_tracking":false,"_monsterinsights_sitenote_active":false,"_monsterinsights_sitenote_note":"","_monsterinsights_sitenote_category":0},"categories":[2464],"tags":[2513,2511,2817],"yoast_head":"<!-- This site is optimized with the Yoast SEO plugin v20.5 - https:\/\/yoast.com\/wordpress\/plugins\/seo\/ -->\n<title>&quot;Callas&quot; von Reinhild Hoffmann | Ballet du Grand Th\u00e9\u00e2tre Gen\u00e8ve | szenik<\/title>\n<meta name=\"description\" content=\"szenik live: &quot;Callas&quot; von Reinhild Hoffmann vom Ballet du Grand Th\u00e9\u00e2tre Gen\u00e8ve, aufgenommen an der Op\u00e9ra des Nations in Genf.\" \/>\n<meta name=\"robots\" content=\"index, follow, max-snippet:-1, max-image-preview:large, max-video-preview:-1\" \/>\n<link rel=\"canonical\" href=\"https:\/\/www.szenik.eu\/de\/callas-de-reinhild-hoffmann-ballet-du-grand-theatre-de-geneve-21697\" \/>\n<meta property=\"og:locale\" content=\"de_DE\" \/>\n<meta property=\"og:type\" content=\"article\" \/>\n<meta property=\"og:title\" content=\"&quot;Callas&quot; von Reinhild Hoffmann | Ballet du Grand Th\u00e9\u00e2tre Gen\u00e8ve | szenik\" \/>\n<meta property=\"og:description\" content=\"szenik live: &quot;Callas&quot; von Reinhild Hoffmann vom Ballet du Grand Th\u00e9\u00e2tre Gen\u00e8ve, aufgenommen an der Op\u00e9ra des Nations in Genf.\" \/>\n<meta property=\"og:url\" content=\"https:\/\/www.szenik.eu\/de\/callas-de-reinhild-hoffmann-ballet-du-grand-theatre-de-geneve-21697\" \/>\n<meta property=\"og:site_name\" content=\"szenik\" \/>\n<meta property=\"article:publisher\" content=\"https:\/\/www.facebook.com\/szenik.eu\/\" \/>\n<meta property=\"article:published_time\" content=\"2019-07-24T10:06:12+00:00\" \/>\n<meta property=\"article:modified_time\" content=\"2020-04-22T06:57:28+00:00\" \/>\n<meta property=\"og:image\" content=\"https:\/\/www.szenik.eu\/wp-content\/uploads\/2019\/07\/cropped-CallasReinhildHoffmann-balletduGrandTheatredeGeneve-szeniklive-03.png\" \/>\n\t<meta property=\"og:image:width\" content=\"1696\" \/>\n\t<meta property=\"og:image:height\" content=\"955\" \/>\n\t<meta property=\"og:image:type\" content=\"image\/png\" \/>\n<meta name=\"author\" content=\"szenik\" \/>\n<meta name=\"twitter:card\" content=\"summary_large_image\" \/>\n<meta name=\"twitter:creator\" content=\"@Szenik\" \/>\n<meta name=\"twitter:site\" content=\"@Szenik\" \/>\n<meta name=\"twitter:label1\" content=\"Verfasst von\" \/>\n\t<meta name=\"twitter:data1\" content=\"szenik\" \/>\n\t<meta name=\"twitter:label2\" content=\"Gesch\u00e4tzte Lesezeit\" \/>\n\t<meta name=\"twitter:data2\" content=\"1\u00a0Minute\" \/>\n<script type=\"application\/ld+json\" class=\"yoast-schema-graph\">{\"@context\":\"https:\/\/schema.org\",\"@graph\":[{\"@type\":\"Article\",\"@id\":\"https:\/\/www.szenik.eu\/de\/callas-de-reinhild-hoffmann-ballet-du-grand-theatre-de-geneve-21697#article\",\"isPartOf\":{\"@id\":\"https:\/\/www.szenik.eu\/de\/callas-de-reinhild-hoffmann-ballet-du-grand-theatre-de-geneve-21697\"},\"author\":{\"name\":\"szenik\",\"@id\":\"https:\/\/www.szenik.eu\/de\/#\/schema\/person\/15f73f175b41bad194837490339d48fb\"},\"headline\":\"&#8222;Callas&#8220; von Reinhild Hoffmann | Ballet du Grand Th\u00e9\u00e2tre de Gen\u00e8ve\",\"datePublished\":\"2019-07-24T10:06:12+00:00\",\"dateModified\":\"2020-04-22T06:57:28+00:00\",\"mainEntityOfPage\":{\"@id\":\"https:\/\/www.szenik.eu\/de\/callas-de-reinhild-hoffmann-ballet-du-grand-theatre-de-geneve-21697\"},\"wordCount\":289,\"commentCount\":0,\"publisher\":{\"@id\":\"https:\/\/www.szenik.eu\/de\/#organization\"},\"keywords\":[\"Ballet du Grand Th\u00e9\u00e2tre de Gen\u00e8ve\",\"Callas\",\"Reinhild Hoffmann\"],\"articleSection\":[\"Tanz\"],\"inLanguage\":\"de\",\"potentialAction\":[{\"@type\":\"CommentAction\",\"name\":\"Comment\",\"target\":[\"https:\/\/www.szenik.eu\/de\/callas-de-reinhild-hoffmann-ballet-du-grand-theatre-de-geneve-21697#respond\"]}]},{\"@type\":\"WebPage\",\"@id\":\"https:\/\/www.szenik.eu\/de\/callas-de-reinhild-hoffmann-ballet-du-grand-theatre-de-geneve-21697\",\"url\":\"https:\/\/www.szenik.eu\/de\/callas-de-reinhild-hoffmann-ballet-du-grand-theatre-de-geneve-21697\",\"name\":\"\\\"Callas\\\" von Reinhild Hoffmann | Ballet du Grand Th\u00e9\u00e2tre Gen\u00e8ve | szenik\",\"isPartOf\":{\"@id\":\"https:\/\/www.szenik.eu\/de\/#website\"},\"datePublished\":\"2019-07-24T10:06:12+00:00\",\"dateModified\":\"2020-04-22T06:57:28+00:00\",\"description\":\"szenik live: \\\"Callas\\\" von Reinhild Hoffmann vom Ballet du Grand Th\u00e9\u00e2tre Gen\u00e8ve, aufgenommen an der Op\u00e9ra des Nations in Genf.\",\"breadcrumb\":{\"@id\":\"https:\/\/www.szenik.eu\/de\/callas-de-reinhild-hoffmann-ballet-du-grand-theatre-de-geneve-21697#breadcrumb\"},\"inLanguage\":\"de\",\"potentialAction\":[{\"@type\":\"ReadAction\",\"target\":[\"https:\/\/www.szenik.eu\/de\/callas-de-reinhild-hoffmann-ballet-du-grand-theatre-de-geneve-21697\"]}]},{\"@type\":\"BreadcrumbList\",\"@id\":\"https:\/\/www.szenik.eu\/de\/callas-de-reinhild-hoffmann-ballet-du-grand-theatre-de-geneve-21697#breadcrumb\",\"itemListElement\":[{\"@type\":\"ListItem\",\"position\":1,\"name\":\"Home\",\"item\":\"https:\/\/www.szenik.eu\/de\"},{\"@type\":\"ListItem\",\"position\":2,\"name\":\"&#8222;Callas&#8220; von Reinhild Hoffmann | Ballet du Grand Th\u00e9\u00e2tre de Gen\u00e8ve\"}]},{\"@type\":\"WebSite\",\"@id\":\"https:\/\/www.szenik.eu\/de\/#website\",\"url\":\"https:\/\/www.szenik.eu\/de\/\",\"name\":\"szenik\",\"description\":\"Le Meilleur des sc\u00e8nes au coeur de l&#039;Europe\",\"publisher\":{\"@id\":\"https:\/\/www.szenik.eu\/de\/#organization\"},\"potentialAction\":[{\"@type\":\"SearchAction\",\"target\":{\"@type\":\"EntryPoint\",\"urlTemplate\":\"https:\/\/www.szenik.eu\/de\/?s={search_term_string}\"},\"query-input\":\"required name=search_term_string\"}],\"inLanguage\":\"de\"},{\"@type\":\"Organization\",\"@id\":\"https:\/\/www.szenik.eu\/de\/#organization\",\"name\":\"Szenik\",\"url\":\"https:\/\/www.szenik.eu\/de\/\",\"logo\":{\"@type\":\"ImageObject\",\"inLanguage\":\"de\",\"@id\":\"https:\/\/www.szenik.eu\/de\/#\/schema\/logo\/image\/\",\"url\":\"https:\/\/www.szenik.eu\/wp-content\/uploads\/2019\/07\/logo-square.png\",\"contentUrl\":\"https:\/\/www.szenik.eu\/wp-content\/uploads\/2019\/07\/logo-square.png\",\"width\":512,\"height\":512,\"caption\":\"Szenik\"},\"image\":{\"@id\":\"https:\/\/www.szenik.eu\/de\/#\/schema\/logo\/image\/\"},\"sameAs\":[\"https:\/\/www.facebook.com\/szenik.eu\/\",\"https:\/\/twitter.com\/Szenik\",\"https:\/\/www.instagram.com\/szenik_magazine\/\",\"https:\/\/www.youtube.com\/user\/SzenikEU\/\"]},{\"@type\":\"Person\",\"@id\":\"https:\/\/www.szenik.eu\/de\/#\/schema\/person\/15f73f175b41bad194837490339d48fb\",\"name\":\"szenik\",\"image\":{\"@type\":\"ImageObject\",\"inLanguage\":\"de\",\"@id\":\"https:\/\/www.szenik.eu\/de\/#\/schema\/person\/image\/\",\"url\":\"https:\/\/secure.gravatar.com\/avatar\/d1c4f19522a624a4eaa5e6c03e22370b?s=96&d=mm&r=g\",\"contentUrl\":\"https:\/\/secure.gravatar.com\/avatar\/d1c4f19522a624a4eaa5e6c03e22370b?s=96&d=mm&r=g\",\"caption\":\"szenik\"}}]}<\/script>\n<!-- \/ Yoast SEO plugin. -->","yoast_head_json":{"title":"\"Callas\" von Reinhild Hoffmann | Ballet du Grand Th\u00e9\u00e2tre Gen\u00e8ve | szenik","description":"szenik live: \"Callas\" von Reinhild Hoffmann vom Ballet du Grand Th\u00e9\u00e2tre Gen\u00e8ve, aufgenommen an der Op\u00e9ra des Nations in Genf.","robots":{"index":"index","follow":"follow","max-snippet":"max-snippet:-1","max-image-preview":"max-image-preview:large","max-video-preview":"max-video-preview:-1"},"canonical":"https:\/\/www.szenik.eu\/de\/callas-de-reinhild-hoffmann-ballet-du-grand-theatre-de-geneve-21697","og_locale":"de_DE","og_type":"article","og_title":"\"Callas\" von Reinhild Hoffmann | Ballet du Grand Th\u00e9\u00e2tre Gen\u00e8ve | szenik","og_description":"szenik live: \"Callas\" von Reinhild Hoffmann vom Ballet du Grand Th\u00e9\u00e2tre Gen\u00e8ve, aufgenommen an der Op\u00e9ra des Nations in Genf.","og_url":"https:\/\/www.szenik.eu\/de\/callas-de-reinhild-hoffmann-ballet-du-grand-theatre-de-geneve-21697","og_site_name":"szenik","article_publisher":"https:\/\/www.facebook.com\/szenik.eu\/","article_published_time":"2019-07-24T10:06:12+00:00","article_modified_time":"2020-04-22T06:57:28+00:00","og_image":[{"width":1696,"height":955,"url":"https:\/\/www.szenik.eu\/wp-content\/uploads\/2019\/07\/cropped-CallasReinhildHoffmann-balletduGrandTheatredeGeneve-szeniklive-03.png","type":"image\/png"}],"author":"szenik","twitter_card":"summary_large_image","twitter_creator":"@Szenik","twitter_site":"@Szenik","twitter_misc":{"Verfasst von":"szenik","Gesch\u00e4tzte Lesezeit":"1\u00a0Minute"},"schema":{"@context":"https:\/\/schema.org","@graph":[{"@type":"Article","@id":"https:\/\/www.szenik.eu\/de\/callas-de-reinhild-hoffmann-ballet-du-grand-theatre-de-geneve-21697#article","isPartOf":{"@id":"https:\/\/www.szenik.eu\/de\/callas-de-reinhild-hoffmann-ballet-du-grand-theatre-de-geneve-21697"},"author":{"name":"szenik","@id":"https:\/\/www.szenik.eu\/de\/#\/schema\/person\/15f73f175b41bad194837490339d48fb"},"headline":"&#8222;Callas&#8220; von Reinhild Hoffmann | Ballet du Grand Th\u00e9\u00e2tre de Gen\u00e8ve","datePublished":"2019-07-24T10:06:12+00:00","dateModified":"2020-04-22T06:57:28+00:00","mainEntityOfPage":{"@id":"https:\/\/www.szenik.eu\/de\/callas-de-reinhild-hoffmann-ballet-du-grand-theatre-de-geneve-21697"},"wordCount":289,"commentCount":0,"publisher":{"@id":"https:\/\/www.szenik.eu\/de\/#organization"},"keywords":["Ballet du Grand Th\u00e9\u00e2tre de Gen\u00e8ve","Callas","Reinhild Hoffmann"],"articleSection":["Tanz"],"inLanguage":"de","potentialAction":[{"@type":"CommentAction","name":"Comment","target":["https:\/\/www.szenik.eu\/de\/callas-de-reinhild-hoffmann-ballet-du-grand-theatre-de-geneve-21697#respond"]}]},{"@type":"WebPage","@id":"https:\/\/www.szenik.eu\/de\/callas-de-reinhild-hoffmann-ballet-du-grand-theatre-de-geneve-21697","url":"https:\/\/www.szenik.eu\/de\/callas-de-reinhild-hoffmann-ballet-du-grand-theatre-de-geneve-21697","name":"\"Callas\" von Reinhild Hoffmann | Ballet du Grand Th\u00e9\u00e2tre Gen\u00e8ve | szenik","isPartOf":{"@id":"https:\/\/www.szenik.eu\/de\/#website"},"datePublished":"2019-07-24T10:06:12+00:00","dateModified":"2020-04-22T06:57:28+00:00","description":"szenik live: \"Callas\" von Reinhild Hoffmann vom Ballet du Grand Th\u00e9\u00e2tre Gen\u00e8ve, aufgenommen an der Op\u00e9ra des Nations in Genf.","breadcrumb":{"@id":"https:\/\/www.szenik.eu\/de\/callas-de-reinhild-hoffmann-ballet-du-grand-theatre-de-geneve-21697#breadcrumb"},"inLanguage":"de","potentialAction":[{"@type":"ReadAction","target":["https:\/\/www.szenik.eu\/de\/callas-de-reinhild-hoffmann-ballet-du-grand-theatre-de-geneve-21697"]}]},{"@type":"BreadcrumbList","@id":"https:\/\/www.szenik.eu\/de\/callas-de-reinhild-hoffmann-ballet-du-grand-theatre-de-geneve-21697#breadcrumb","itemListElement":[{"@type":"ListItem","position":1,"name":"Home","item":"https:\/\/www.szenik.eu\/de"},{"@type":"ListItem","position":2,"name":"&#8222;Callas&#8220; von Reinhild Hoffmann | Ballet du Grand Th\u00e9\u00e2tre de Gen\u00e8ve"}]},{"@type":"WebSite","@id":"https:\/\/www.szenik.eu\/de\/#website","url":"https:\/\/www.szenik.eu\/de\/","name":"szenik","description":"Le Meilleur des sc\u00e8nes au coeur de l&#039;Europe","publisher":{"@id":"https:\/\/www.szenik.eu\/de\/#organization"},"potentialAction":[{"@type":"SearchAction","target":{"@type":"EntryPoint","urlTemplate":"https:\/\/www.szenik.eu\/de\/?s={search_term_string}"},"query-input":"required name=search_term_string"}],"inLanguage":"de"},{"@type":"Organization","@id":"https:\/\/www.szenik.eu\/de\/#organization","name":"Szenik","url":"https:\/\/www.szenik.eu\/de\/","logo":{"@type":"ImageObject","inLanguage":"de","@id":"https:\/\/www.szenik.eu\/de\/#\/schema\/logo\/image\/","url":"https:\/\/www.szenik.eu\/wp-content\/uploads\/2019\/07\/logo-square.png","contentUrl":"https:\/\/www.szenik.eu\/wp-content\/uploads\/2019\/07\/logo-square.png","width":512,"height":512,"caption":"Szenik"},"image":{"@id":"https:\/\/www.szenik.eu\/de\/#\/schema\/logo\/image\/"},"sameAs":["https:\/\/www.facebook.com\/szenik.eu\/","https:\/\/twitter.com\/Szenik","https:\/\/www.instagram.com\/szenik_magazine\/","https:\/\/www.youtube.com\/user\/SzenikEU\/"]},{"@type":"Person","@id":"https:\/\/www.szenik.eu\/de\/#\/schema\/person\/15f73f175b41bad194837490339d48fb","name":"szenik","image":{"@type":"ImageObject","inLanguage":"de","@id":"https:\/\/www.szenik.eu\/de\/#\/schema\/person\/image\/","url":"https:\/\/secure.gravatar.com\/avatar\/d1c4f19522a624a4eaa5e6c03e22370b?s=96&d=mm&r=g","contentUrl":"https:\/\/secure.gravatar.com\/avatar\/d1c4f19522a624a4eaa5e6c03e22370b?s=96&d=mm&r=g","caption":"szenik"}}]}},"jetpack_featured_media_url":"https:\/\/www.szenik.eu\/wp-content\/uploads\/2019\/07\/cropped-CallasReinhildHoffmann-balletduGrandTheatredeGeneve-szeniklive-03.png","amp_enabled":true,"_links":{"self":[{"href":"https:\/\/www.szenik.eu\/de\/wp-json\/\/wp\/v2\/posts\/21697"}],"collection":[{"href":"https:\/\/www.szenik.eu\/de\/wp-json\/\/wp\/v2\/posts"}],"about":[{"href":"https:\/\/www.szenik.eu\/de\/wp-json\/\/wp\/v2\/types\/post"}],"author":[{"embeddable":true,"href":"https:\/\/www.szenik.eu\/de\/wp-json\/\/wp\/v2\/users\/1"}],"replies":[{"embeddable":true,"href":"https:\/\/www.szenik.eu\/de\/wp-json\/\/wp\/v2\/comments?post=21697"}],"version-history":[{"count":2,"href":"https:\/\/www.szenik.eu\/de\/wp-json\/\/wp\/v2\/posts\/21697\/revisions"}],"predecessor-version":[{"id":31229,"href":"https:\/\/www.szenik.eu\/de\/wp-json\/\/wp\/v2\/posts\/21697\/revisions\/31229"}],"wp:featuredmedia":[{"embeddable":true,"href":"https:\/\/www.szenik.eu\/de\/wp-json\/\/wp\/v2\/media\/21691"}],"wp:attachment":[{"href":"https:\/\/www.szenik.eu\/de\/wp-json\/\/wp\/v2\/media?parent=21697"}],"wp:term":[{"taxonomy":"category","embeddable":true,"href":"https:\/\/www.szenik.eu\/de\/wp-json\/\/wp\/v2\/categories?post=21697"},{"taxonomy":"post_tag","embeddable":true,"href":"https:\/\/www.szenik.eu\/de\/wp-json\/\/wp\/v2\/tags?post=21697"}],"curies":[{"name":"wp","href":"https:\/\/api.w.org\/{rel}","templated":true}]}}