{"id":21618,"date":"2019-07-23T14:14:43","date_gmt":"2019-07-23T12:14:43","guid":{"rendered":"https:\/\/www.szenik.eu\/?p=21618\/"},"modified":"2019-10-25T16:20:31","modified_gmt":"2019-10-25T14:20:31","slug":"rossini-wilhelm-tell-saarlaendisches-staatstheater-2","status":"publish","type":"post","link":"https:\/\/www.szenik.eu\/de\/rossini-wilhelm-tell-saarlaendisches-staatstheater-2-21618","title":{"rendered":"Rossini: Wilhelm Tell | Saarl\u00e4ndisches Staatstheater"},"content":{"rendered":"\n<h4>Oper von Gioachino Rossini<br>Libretto von Joseph Etienne de Jouy und Hippolyte Louis Florent Bis; nach einem Drama von Friedrich Schiller<\/h4>\n\n\n\n<p>\u201eWer klug ist, lerne schweigen und gehorchen!\u201c Diese Worte legte Friedrich Schiller seinem Landvogt Gessler in den Mund. Dessen Hut steht f\u00fcr Willk\u00fcr und Despotismus \u2013 zwei Begriffe, die noch immer miteinander daherkommen, wenn die Unfreiheit regiert.<\/p>\n\n\n\n<p>Rossini machte 1829 wie so oft die schwere Kost leicht vertr\u00e4glich \u2013 so wie es sonst nur Spitzenk\u00f6che k\u00f6nnen. Apfelschuss und Tyrannenmord rasen im Galopp vorbei \u2013 und doch bewegt uns auch dies fein Gew\u00fcrzte zu Tr\u00e4nen, denn wir wissen, dass die Gesslers noch unter uns sind, nur andere Namen und oft auch keine H\u00fcte mehr tragen.<\/p>\n\n\n\n<h4>Selber denken<\/h4>\n\n\n\n<p>Beginnen wir also die Saison und ein neues Saarbr\u00fccker Theaterkapitel mit allem, was Recht ist: der Freiheit, dem Widerstand gegen die Willk\u00fcr und der Heldentat \u2013 und sei es die meisterhafte Kreation dieses Sternekochs unter den Komponisten! <\/p>\n\n\n\n<p>Rossini wurde zum Europ\u00e4er \u2013 nicht ganz freiwillig \u2013, aber letztlich mit gro\u00dfer Lust. Und wenn er dem Freiheitsk\u00e4mpfer eine Stimme gab, dann bewies die Oper, dass sie mehr sein kann als nur ein klingendes Museum. Was klug ist, sagen uns der Dichter und der Komponist nicht. Sie lassen uns f\u00fchlen, warum wir selber denken und handeln m\u00fcssen. <\/p>\n\n\n\n<div class=\"wp-block-image\"><figure class=\"aligncenter\"><img decoding=\"async\" loading=\"lazy\" width=\"1024\" height=\"683\" src=\"https:\/\/www.szenik.eu\/wp-content\/uploads\/2019\/07\/rossini-guillaumetell-saarlandischesstaatstheater-szeniklive-2-1024x683.jpg\" alt=\"\" class=\"wp-image-21624\" srcset=\"https:\/\/www.szenik.eu\/wp-content\/uploads\/2019\/07\/rossini-guillaumetell-saarlandischesstaatstheater-szeniklive-2-1024x683.jpg 1024w, https:\/\/www.szenik.eu\/wp-content\/uploads\/2019\/07\/rossini-guillaumetell-saarlandischesstaatstheater-szeniklive-2-300x200.jpg 300w, https:\/\/www.szenik.eu\/wp-content\/uploads\/2019\/07\/rossini-guillaumetell-saarlandischesstaatstheater-szeniklive-2-768x512.jpg 768w, https:\/\/www.szenik.eu\/wp-content\/uploads\/2019\/07\/rossini-guillaumetell-saarlandischesstaatstheater-szeniklive-2-750x500.jpg 750w, https:\/\/www.szenik.eu\/wp-content\/uploads\/2019\/07\/rossini-guillaumetell-saarlandischesstaatstheater-szeniklive-2-1140x760.jpg 1140w, https:\/\/www.szenik.eu\/wp-content\/uploads\/2019\/07\/rossini-guillaumetell-saarlandischesstaatstheater-szeniklive-2.jpg 1200w\" sizes=\"(max-width: 1024px) 100vw, 1024px\" \/><\/figure><\/div>\n\n\n\n<h4>Besetzung<\/h4>\n\n\n\n<p>Musikalische Leitung <a href=\"https:\/\/www.staatstheater.saarland\/nc\/menschen\/hinter-der-buehne\/backstage\/sebastien-rouland\/\">S\u00e9bastien Rouland<\/a><br>Inszenierung <a href=\"https:\/\/www.staatstheater.saarland\/nc\/menschen\/hinter-der-buehne\/backstage\/roland-schwab\/\">Roland Schwab<\/a><br>B\u00fchnenbild <a href=\"https:\/\/www.staatstheater.saarland\/nc\/menschen\/hinter-der-buehne\/backstage\/piero-vinciguerra\/\">Piero Vinciguerra<\/a><br>Kost\u00fcme <a href=\"https:\/\/www.staatstheater.saarland\/nc\/menschen\/hinter-der-buehne\/backstage\/gabriele-rupprecht\/\">Gabriele Rupprecht<\/a><br>Licht <a href=\"https:\/\/www.staatstheater.saarland\/nc\/menschen\/hinter-der-buehne\/backstage\/andre-fischer\/\">Andr\u00e9 Fischer<\/a><br>Dramaturgie <a href=\"https:\/\/www.staatstheater.saarland\/nc\/menschen\/hinter-der-buehne\/backstage\/frederike-krueger\/\">Frederike Kr\u00fcger<\/a><br>Einstudierung Chor <a href=\"https:\/\/www.staatstheater.saarland\/nc\/menschen\/hinter-der-buehne\/backstage\/jaume-miranda\/\">Jaume Miranda<\/a><\/p>\n\n\n\n<p>Hedwige <a href=\"https:\/\/www.staatstheater.saarland\/fr\/nc\/lequipe\/sur-scene\/detail-sur-scene\/judith-braun\/\">Judith Braun<\/a><br>Guillaume Tell Davide Damiani<br>Arnold Melcthal <a href=\"https:\/\/www.staatstheater.saarland\/fr\/nc\/lequipe\/sur-scene\/detail-sur-scene\/sungmin-song\/\">Sungmin Song<\/a><br>Walter Furst <a href=\"https:\/\/www.staatstheater.saarland\/fr\/nc\/lequipe\/sur-scene\/detail-sur-scene\/guillaume-antoine\/\">Guillaume Antoine<\/a><br>Melcthal <a href=\"https:\/\/www.staatstheater.saarland\/fr\/nc\/lequipe\/sur-scene\/detail-sur-scene\/markus-jaursch\/\">Markus Jaursch<\/a><br>Jemmy <a href=\"https:\/\/www.staatstheater.saarland\/fr\/nc\/lequipe\/sur-scene\/detail-sur-scene\/herdis-anna-jonasdottir\/\">Herd\u00eds Anna J\u00f3nasd\u00f2ttir<\/a><br>Gesler <a href=\"https:\/\/www.staatstheater.saarland\/fr\/nc\/lequipe\/sur-scene\/detail-sur-scene\/hiroshi-matsui\/\">Hiroshi Matsui<\/a><br>Rodolphe <a href=\"https:\/\/www.staatstheater.saarland\/fr\/nc\/lequipe\/sur-scene\/detail-sur-scene\/angelos-samartzis\/\">Angelos Samartzis<\/a><br>Ruodi <a href=\"https:\/\/www.staatstheater.saarland\/fr\/nc\/lequipe\/sur-scene\/detail-sur-scene\/algirdas-drevinskas\/\">Algirdas Drevinskas<\/a><br>Leuthold <a href=\"https:\/\/www.staatstheater.saarland\/fr\/nc\/lequipe\/sur-scene\/detail-sur-scene\/stefan-roettig\/\">Stefan R\u00f6ttig<\/a><br>Mathilde Anieska Hauser<\/p>\n","protected":false},"excerpt":{"rendered":"<p>Oper von Gioachino RossiniLibretto von Joseph Etienne de Jouy und Hippolyte Louis Florent Bis; nach einem Drama von Friedrich Schiller \u201eWer klug ist, lerne schweigen und gehorchen!\u201c Diese Worte legte Friedrich Schiller seinem Landvogt Gessler in den Mund. Dessen Hut steht f\u00fcr Willk\u00fcr und Despotismus \u2013 zwei Begriffe, die noch immer miteinander daherkommen, wenn die [&hellip;]<\/p>\n","protected":false},"author":1,"featured_media":21619,"comment_status":"open","ping_status":"open","sticky":false,"template":"","format":"standard","meta":{"_monsterinsights_skip_tracking":false,"_monsterinsights_sitenote_active":false,"_monsterinsights_sitenote_note":"","_monsterinsights_sitenote_category":0},"categories":[2466],"tags":[2496,2258,2501],"yoast_head":"<!-- This site is optimized with the Yoast SEO plugin v20.5 - https:\/\/yoast.com\/wordpress\/plugins\/seo\/ -->\n<title>Rossini: Wilhelm Tell | Saarl\u00e4ndisches Staatstheater | szenik<\/title>\n<meta name=\"description\" content=\"szenik live : &quot;Wilhelm Tell&quot; eine Oper von Gioachino Rossini (S\u00e9bastien Rouland, Roland Schwab), nach Schiller. Aufgenommen am Saarl\u00e4ndisches Staatstheater\" \/>\n<meta name=\"robots\" content=\"index, follow, max-snippet:-1, max-image-preview:large, max-video-preview:-1\" \/>\n<link rel=\"canonical\" href=\"https:\/\/www.szenik.eu\/de\/rossini-wilhelm-tell-saarlaendisches-staatstheater-2-21618\" \/>\n<meta property=\"og:locale\" content=\"de_DE\" \/>\n<meta property=\"og:type\" content=\"article\" \/>\n<meta property=\"og:title\" content=\"Rossini: Wilhelm Tell | Saarl\u00e4ndisches Staatstheater | szenik\" \/>\n<meta property=\"og:description\" content=\"szenik live : &quot;Wilhelm Tell&quot; eine Oper von Gioachino Rossini (S\u00e9bastien Rouland, Roland Schwab), nach Schiller. Aufgenommen am Saarl\u00e4ndisches Staatstheater\" \/>\n<meta property=\"og:url\" content=\"https:\/\/www.szenik.eu\/de\/rossini-wilhelm-tell-saarlaendisches-staatstheater-2-21618\" \/>\n<meta property=\"og:site_name\" content=\"szenik\" \/>\n<meta property=\"article:publisher\" content=\"https:\/\/www.facebook.com\/szenik.eu\/\" \/>\n<meta property=\"article:published_time\" content=\"2019-07-23T12:14:43+00:00\" \/>\n<meta property=\"article:modified_time\" content=\"2019-10-25T14:20:31+00:00\" \/>\n<meta property=\"og:image\" content=\"https:\/\/www.szenik.eu\/wp-content\/uploads\/2019\/07\/cropped-rossini-guillaumetell-saarlandischesstaatstheater-szeniklive-2.png\" \/>\n\t<meta property=\"og:image:width\" content=\"1696\" \/>\n\t<meta property=\"og:image:height\" content=\"955\" \/>\n\t<meta property=\"og:image:type\" content=\"image\/png\" \/>\n<meta name=\"author\" content=\"szenik\" \/>\n<meta name=\"twitter:card\" content=\"summary_large_image\" \/>\n<meta name=\"twitter:creator\" content=\"@Szenik\" \/>\n<meta name=\"twitter:site\" content=\"@Szenik\" \/>\n<meta name=\"twitter:label1\" content=\"Verfasst von\" \/>\n\t<meta name=\"twitter:data1\" content=\"szenik\" \/>\n\t<meta name=\"twitter:label2\" content=\"Gesch\u00e4tzte Lesezeit\" \/>\n\t<meta name=\"twitter:data2\" content=\"1\u00a0Minute\" \/>\n<script type=\"application\/ld+json\" class=\"yoast-schema-graph\">{\"@context\":\"https:\/\/schema.org\",\"@graph\":[{\"@type\":\"Article\",\"@id\":\"https:\/\/www.szenik.eu\/de\/rossini-wilhelm-tell-saarlaendisches-staatstheater-2-21618#article\",\"isPartOf\":{\"@id\":\"https:\/\/www.szenik.eu\/de\/rossini-wilhelm-tell-saarlaendisches-staatstheater-2-21618\"},\"author\":{\"name\":\"szenik\",\"@id\":\"https:\/\/www.szenik.eu\/de\/#\/schema\/person\/15f73f175b41bad194837490339d48fb\"},\"headline\":\"Rossini: Wilhelm Tell | Saarl\u00e4ndisches Staatstheater\",\"datePublished\":\"2019-07-23T12:14:43+00:00\",\"dateModified\":\"2019-10-25T14:20:31+00:00\",\"mainEntityOfPage\":{\"@id\":\"https:\/\/www.szenik.eu\/de\/rossini-wilhelm-tell-saarlaendisches-staatstheater-2-21618\"},\"wordCount\":293,\"commentCount\":0,\"publisher\":{\"@id\":\"https:\/\/www.szenik.eu\/de\/#organization\"},\"keywords\":[\"Gioachino Rossini\",\"Saarl\u00e4ndisches Staatstheater Saarbr\u00fccken\",\"Wilhelm Tell\"],\"articleSection\":[\"Oper\"],\"inLanguage\":\"de\",\"potentialAction\":[{\"@type\":\"CommentAction\",\"name\":\"Comment\",\"target\":[\"https:\/\/www.szenik.eu\/de\/rossini-wilhelm-tell-saarlaendisches-staatstheater-2-21618#respond\"]}]},{\"@type\":\"WebPage\",\"@id\":\"https:\/\/www.szenik.eu\/de\/rossini-wilhelm-tell-saarlaendisches-staatstheater-2-21618\",\"url\":\"https:\/\/www.szenik.eu\/de\/rossini-wilhelm-tell-saarlaendisches-staatstheater-2-21618\",\"name\":\"Rossini: Wilhelm Tell | Saarl\u00e4ndisches Staatstheater | szenik\",\"isPartOf\":{\"@id\":\"https:\/\/www.szenik.eu\/de\/#website\"},\"datePublished\":\"2019-07-23T12:14:43+00:00\",\"dateModified\":\"2019-10-25T14:20:31+00:00\",\"description\":\"szenik live : \\\"Wilhelm Tell\\\" eine Oper von Gioachino Rossini (S\u00e9bastien Rouland, Roland Schwab), nach Schiller. Aufgenommen am Saarl\u00e4ndisches Staatstheater\",\"breadcrumb\":{\"@id\":\"https:\/\/www.szenik.eu\/de\/rossini-wilhelm-tell-saarlaendisches-staatstheater-2-21618#breadcrumb\"},\"inLanguage\":\"de\",\"potentialAction\":[{\"@type\":\"ReadAction\",\"target\":[\"https:\/\/www.szenik.eu\/de\/rossini-wilhelm-tell-saarlaendisches-staatstheater-2-21618\"]}]},{\"@type\":\"BreadcrumbList\",\"@id\":\"https:\/\/www.szenik.eu\/de\/rossini-wilhelm-tell-saarlaendisches-staatstheater-2-21618#breadcrumb\",\"itemListElement\":[{\"@type\":\"ListItem\",\"position\":1,\"name\":\"Home\",\"item\":\"https:\/\/www.szenik.eu\/de\"},{\"@type\":\"ListItem\",\"position\":2,\"name\":\"Rossini: Wilhelm Tell | Saarl\u00e4ndisches Staatstheater\"}]},{\"@type\":\"WebSite\",\"@id\":\"https:\/\/www.szenik.eu\/de\/#website\",\"url\":\"https:\/\/www.szenik.eu\/de\/\",\"name\":\"szenik\",\"description\":\"Le Meilleur des sc\u00e8nes au coeur de l&#039;Europe\",\"publisher\":{\"@id\":\"https:\/\/www.szenik.eu\/de\/#organization\"},\"potentialAction\":[{\"@type\":\"SearchAction\",\"target\":{\"@type\":\"EntryPoint\",\"urlTemplate\":\"https:\/\/www.szenik.eu\/de\/?s={search_term_string}\"},\"query-input\":\"required name=search_term_string\"}],\"inLanguage\":\"de\"},{\"@type\":\"Organization\",\"@id\":\"https:\/\/www.szenik.eu\/de\/#organization\",\"name\":\"Szenik\",\"url\":\"https:\/\/www.szenik.eu\/de\/\",\"logo\":{\"@type\":\"ImageObject\",\"inLanguage\":\"de\",\"@id\":\"https:\/\/www.szenik.eu\/de\/#\/schema\/logo\/image\/\",\"url\":\"https:\/\/www.szenik.eu\/wp-content\/uploads\/2019\/07\/logo-square.png\",\"contentUrl\":\"https:\/\/www.szenik.eu\/wp-content\/uploads\/2019\/07\/logo-square.png\",\"width\":512,\"height\":512,\"caption\":\"Szenik\"},\"image\":{\"@id\":\"https:\/\/www.szenik.eu\/de\/#\/schema\/logo\/image\/\"},\"sameAs\":[\"https:\/\/www.facebook.com\/szenik.eu\/\",\"https:\/\/twitter.com\/Szenik\",\"https:\/\/www.instagram.com\/szenik_magazine\/\",\"https:\/\/www.youtube.com\/user\/SzenikEU\/\"]},{\"@type\":\"Person\",\"@id\":\"https:\/\/www.szenik.eu\/de\/#\/schema\/person\/15f73f175b41bad194837490339d48fb\",\"name\":\"szenik\",\"image\":{\"@type\":\"ImageObject\",\"inLanguage\":\"de\",\"@id\":\"https:\/\/www.szenik.eu\/de\/#\/schema\/person\/image\/\",\"url\":\"https:\/\/secure.gravatar.com\/avatar\/d1c4f19522a624a4eaa5e6c03e22370b?s=96&d=mm&r=g\",\"contentUrl\":\"https:\/\/secure.gravatar.com\/avatar\/d1c4f19522a624a4eaa5e6c03e22370b?s=96&d=mm&r=g\",\"caption\":\"szenik\"}}]}<\/script>\n<!-- \/ Yoast SEO plugin. -->","yoast_head_json":{"title":"Rossini: Wilhelm Tell | Saarl\u00e4ndisches Staatstheater | szenik","description":"szenik live : \"Wilhelm Tell\" eine Oper von Gioachino Rossini (S\u00e9bastien Rouland, Roland Schwab), nach Schiller. Aufgenommen am Saarl\u00e4ndisches Staatstheater","robots":{"index":"index","follow":"follow","max-snippet":"max-snippet:-1","max-image-preview":"max-image-preview:large","max-video-preview":"max-video-preview:-1"},"canonical":"https:\/\/www.szenik.eu\/de\/rossini-wilhelm-tell-saarlaendisches-staatstheater-2-21618","og_locale":"de_DE","og_type":"article","og_title":"Rossini: Wilhelm Tell | Saarl\u00e4ndisches Staatstheater | szenik","og_description":"szenik live : \"Wilhelm Tell\" eine Oper von Gioachino Rossini (S\u00e9bastien Rouland, Roland Schwab), nach Schiller. Aufgenommen am Saarl\u00e4ndisches Staatstheater","og_url":"https:\/\/www.szenik.eu\/de\/rossini-wilhelm-tell-saarlaendisches-staatstheater-2-21618","og_site_name":"szenik","article_publisher":"https:\/\/www.facebook.com\/szenik.eu\/","article_published_time":"2019-07-23T12:14:43+00:00","article_modified_time":"2019-10-25T14:20:31+00:00","og_image":[{"width":1696,"height":955,"url":"https:\/\/www.szenik.eu\/wp-content\/uploads\/2019\/07\/cropped-rossini-guillaumetell-saarlandischesstaatstheater-szeniklive-2.png","type":"image\/png"}],"author":"szenik","twitter_card":"summary_large_image","twitter_creator":"@Szenik","twitter_site":"@Szenik","twitter_misc":{"Verfasst von":"szenik","Gesch\u00e4tzte Lesezeit":"1\u00a0Minute"},"schema":{"@context":"https:\/\/schema.org","@graph":[{"@type":"Article","@id":"https:\/\/www.szenik.eu\/de\/rossini-wilhelm-tell-saarlaendisches-staatstheater-2-21618#article","isPartOf":{"@id":"https:\/\/www.szenik.eu\/de\/rossini-wilhelm-tell-saarlaendisches-staatstheater-2-21618"},"author":{"name":"szenik","@id":"https:\/\/www.szenik.eu\/de\/#\/schema\/person\/15f73f175b41bad194837490339d48fb"},"headline":"Rossini: Wilhelm Tell | Saarl\u00e4ndisches Staatstheater","datePublished":"2019-07-23T12:14:43+00:00","dateModified":"2019-10-25T14:20:31+00:00","mainEntityOfPage":{"@id":"https:\/\/www.szenik.eu\/de\/rossini-wilhelm-tell-saarlaendisches-staatstheater-2-21618"},"wordCount":293,"commentCount":0,"publisher":{"@id":"https:\/\/www.szenik.eu\/de\/#organization"},"keywords":["Gioachino Rossini","Saarl\u00e4ndisches Staatstheater Saarbr\u00fccken","Wilhelm Tell"],"articleSection":["Oper"],"inLanguage":"de","potentialAction":[{"@type":"CommentAction","name":"Comment","target":["https:\/\/www.szenik.eu\/de\/rossini-wilhelm-tell-saarlaendisches-staatstheater-2-21618#respond"]}]},{"@type":"WebPage","@id":"https:\/\/www.szenik.eu\/de\/rossini-wilhelm-tell-saarlaendisches-staatstheater-2-21618","url":"https:\/\/www.szenik.eu\/de\/rossini-wilhelm-tell-saarlaendisches-staatstheater-2-21618","name":"Rossini: Wilhelm Tell | Saarl\u00e4ndisches Staatstheater | szenik","isPartOf":{"@id":"https:\/\/www.szenik.eu\/de\/#website"},"datePublished":"2019-07-23T12:14:43+00:00","dateModified":"2019-10-25T14:20:31+00:00","description":"szenik live : \"Wilhelm Tell\" eine Oper von Gioachino Rossini (S\u00e9bastien Rouland, Roland Schwab), nach Schiller. Aufgenommen am Saarl\u00e4ndisches Staatstheater","breadcrumb":{"@id":"https:\/\/www.szenik.eu\/de\/rossini-wilhelm-tell-saarlaendisches-staatstheater-2-21618#breadcrumb"},"inLanguage":"de","potentialAction":[{"@type":"ReadAction","target":["https:\/\/www.szenik.eu\/de\/rossini-wilhelm-tell-saarlaendisches-staatstheater-2-21618"]}]},{"@type":"BreadcrumbList","@id":"https:\/\/www.szenik.eu\/de\/rossini-wilhelm-tell-saarlaendisches-staatstheater-2-21618#breadcrumb","itemListElement":[{"@type":"ListItem","position":1,"name":"Home","item":"https:\/\/www.szenik.eu\/de"},{"@type":"ListItem","position":2,"name":"Rossini: Wilhelm Tell | Saarl\u00e4ndisches Staatstheater"}]},{"@type":"WebSite","@id":"https:\/\/www.szenik.eu\/de\/#website","url":"https:\/\/www.szenik.eu\/de\/","name":"szenik","description":"Le Meilleur des sc\u00e8nes au coeur de l&#039;Europe","publisher":{"@id":"https:\/\/www.szenik.eu\/de\/#organization"},"potentialAction":[{"@type":"SearchAction","target":{"@type":"EntryPoint","urlTemplate":"https:\/\/www.szenik.eu\/de\/?s={search_term_string}"},"query-input":"required name=search_term_string"}],"inLanguage":"de"},{"@type":"Organization","@id":"https:\/\/www.szenik.eu\/de\/#organization","name":"Szenik","url":"https:\/\/www.szenik.eu\/de\/","logo":{"@type":"ImageObject","inLanguage":"de","@id":"https:\/\/www.szenik.eu\/de\/#\/schema\/logo\/image\/","url":"https:\/\/www.szenik.eu\/wp-content\/uploads\/2019\/07\/logo-square.png","contentUrl":"https:\/\/www.szenik.eu\/wp-content\/uploads\/2019\/07\/logo-square.png","width":512,"height":512,"caption":"Szenik"},"image":{"@id":"https:\/\/www.szenik.eu\/de\/#\/schema\/logo\/image\/"},"sameAs":["https:\/\/www.facebook.com\/szenik.eu\/","https:\/\/twitter.com\/Szenik","https:\/\/www.instagram.com\/szenik_magazine\/","https:\/\/www.youtube.com\/user\/SzenikEU\/"]},{"@type":"Person","@id":"https:\/\/www.szenik.eu\/de\/#\/schema\/person\/15f73f175b41bad194837490339d48fb","name":"szenik","image":{"@type":"ImageObject","inLanguage":"de","@id":"https:\/\/www.szenik.eu\/de\/#\/schema\/person\/image\/","url":"https:\/\/secure.gravatar.com\/avatar\/d1c4f19522a624a4eaa5e6c03e22370b?s=96&d=mm&r=g","contentUrl":"https:\/\/secure.gravatar.com\/avatar\/d1c4f19522a624a4eaa5e6c03e22370b?s=96&d=mm&r=g","caption":"szenik"}}]}},"jetpack_featured_media_url":"https:\/\/www.szenik.eu\/wp-content\/uploads\/2019\/07\/cropped-rossini-guillaumetell-saarlandischesstaatstheater-szeniklive-2.png","amp_enabled":true,"_links":{"self":[{"href":"https:\/\/www.szenik.eu\/de\/wp-json\/\/wp\/v2\/posts\/21618"}],"collection":[{"href":"https:\/\/www.szenik.eu\/de\/wp-json\/\/wp\/v2\/posts"}],"about":[{"href":"https:\/\/www.szenik.eu\/de\/wp-json\/\/wp\/v2\/types\/post"}],"author":[{"embeddable":true,"href":"https:\/\/www.szenik.eu\/de\/wp-json\/\/wp\/v2\/users\/1"}],"replies":[{"embeddable":true,"href":"https:\/\/www.szenik.eu\/de\/wp-json\/\/wp\/v2\/comments?post=21618"}],"version-history":[{"count":3,"href":"https:\/\/www.szenik.eu\/de\/wp-json\/\/wp\/v2\/posts\/21618\/revisions"}],"predecessor-version":[{"id":26250,"href":"https:\/\/www.szenik.eu\/de\/wp-json\/\/wp\/v2\/posts\/21618\/revisions\/26250"}],"wp:featuredmedia":[{"embeddable":true,"href":"https:\/\/www.szenik.eu\/de\/wp-json\/\/wp\/v2\/media\/21619"}],"wp:attachment":[{"href":"https:\/\/www.szenik.eu\/de\/wp-json\/\/wp\/v2\/media?parent=21618"}],"wp:term":[{"taxonomy":"category","embeddable":true,"href":"https:\/\/www.szenik.eu\/de\/wp-json\/\/wp\/v2\/categories?post=21618"},{"taxonomy":"post_tag","embeddable":true,"href":"https:\/\/www.szenik.eu\/de\/wp-json\/\/wp\/v2\/tags?post=21618"}],"curies":[{"name":"wp","href":"https:\/\/api.w.org\/{rel}","templated":true}]}}