{"id":16305,"date":"2019-04-25T13:05:29","date_gmt":"2019-04-25T11:05:29","guid":{"rendered":"http:\/\/localhost:8080\/?p=16305"},"modified":"2019-08-13T15:04:01","modified_gmt":"2019-08-13T13:04:01","slug":"tanz-pur-4-interview-mit-damian-gmur-im-rahmen-seiner-neuen-choreografie-im-theater-pforzheim","status":"publish","type":"post","link":"https:\/\/www.szenik.eu\/de\/tanz-pur-4-interview-mit-damian-gmur-im-rahmen-seiner-neuen-choreografie-im-theater-pforzheim-16305","title":{"rendered":"TANZ PUR 4 &#8211; Interview mit Damian Gm\u00fcr im Rahmen seiner neuen Choreografie im Theater Pforzheim"},"content":{"rendered":"<p>&nbsp;<\/p>\n<p><span style=\"font-size: large;\"><strong>IN SORGE UM DIE WELT<\/strong><\/span><\/p>\n<p><span style=\"font-size: medium;\"><strong><em>Damian Gm\u00fcr<\/em> schafft derzeit ein neues Werk f\u00fcr das <em>Theater Pforzheim<\/em>. Der Choreograf sorgt sich&nbsp;dabei um den Zustand der Welt und umkreist mit seiner Neusch\u00f6pfung Verlusterfahrungen, aber auch das Potenzial einer Neubesinnung. Gm\u00fcrs Tanzst\u00fcck \u201eWolken die uns nicht tragen\u201c kommt am 10. Mai 2019 im Rahmen von <em>TANZ PUR<\/em> im Gasometer auf die B\u00fchne kommt. Alexandra Karabelas hat sich mit ihm unterhalten.<\/strong><\/span><\/p>\n<p>&nbsp;<\/p>\n<p><span style=\"font-size: medium;\"><em>Herr Gm\u00fcr, in was f\u00fcr einer Zeit leben wir?<\/em><\/span><\/p>\n<p><span style=\"font-size: medium;\">Ich nehme war, dass die Menschen zur Zeit eine gewisse Entwurzelung besch\u00e4ftigt, als ob sie den Halt verlieren weil sich vieles aufl\u00f6st.<\/span><\/p>\n<p><span style=\"font-size: medium;\">&nbsp;<\/span><\/p>\n<p><span style=\"font-size: medium;\"><em>Wie meinen Sie das?<\/em><\/span><\/p>\n<p><span style=\"font-size: medium;\">Die Kommunikationskan\u00e4le haben sich vervielf\u00e4ltigt. Man spricht \u00fcber soziale Medien gleichzeitig mit vielen Leuten. Viele um einen leben in digitalen Paralleluniversen. Sie sind physisch pr\u00e4sent, aber mental abgedriftet. Das l\u00f6st, zusammen mit der Globalisierung, eine Urangst aus, die man aber schwer fassen kann, empfinde ich.<\/span><\/p>\n<p><span style=\"font-size: medium;\">&nbsp;<\/span><\/p>\n<p><span style=\"font-size: medium;\"><em>\u00c4u\u00dfere Zeichen sind ein stark gewordener Nationalismus. Bisher geltende Werte m\u00fcssen wieder neu verhandelt werden. Wie nehmen Sie als K\u00fcnstler Verantwortung wahr?&nbsp;<\/em><\/span><\/p>\n<p><span style=\"font-size: medium;\">Indem ich ehrlich mit mir selbst bin, am Leben teilhabe und diese Entwicklungen mitverfolge. Ich kann ihre Dynamik und ihren Spirit sp\u00fcren und lasse das in meine Arbeit einflie\u00dfen, um es zu verstehen \u2013 als Choreograf und Trainingsleiter am Theater Pforzheim.<\/span><\/p>\n<p><span style=\"font-size: medium;\">&nbsp;<\/span><\/p>\n<p><span style=\"font-size: medium;\"><em>Welches Potenzial hat denn hier der Tanz?<\/em><\/span><\/p>\n<p><span style=\"font-size: medium;\">Tanzen ist ein Ventil. Es erm\u00f6glicht, mit tieferen Schichten im eigenen Wesen in Kontakt zu kommen. Man erf\u00e4hrt sich im Tanz umfassender \u2013 egal ob ich selbst tanze, choreographiere oder mir Tanz ansehe. Tanzen ist eine ganzheitliche Kunst. Man ist mit dem K\u00f6rper, dem Geist und den Emotionen dabei und kann sich tief mit sich und der Welt auseinandersetzen. Tanz kann Dinge beschreiben, die man schwer in Worten fassen kann. Er kann Urgef\u00fchle hervorbrechen lassen und gut transportieren.&nbsp; Er spiegelt uns.<\/span><\/p>\n<p><span style=\"font-size: medium;\">&nbsp;<\/span><\/p>\n<p><span style=\"font-size: medium;\"><em>Was macht Ihr neues St\u00fcck \u201eWolken die uns nicht tragen\u201c notwendig?<\/em><\/span><\/p>\n<p><span style=\"font-size: medium;\">Es gibt den ber\u00fchmten \u201ePoint of No Return\u201c, d.h. wenn eine Entwicklung, ein Prozess, egal wo einmal begonnen hat, ist er nicht mehr aufzuhalten \u2013 im Guten wie im B\u00f6sen. Wir erleben das mit der Zerst\u00f6rung unserer Umwelt, aber auch in politischen, zwischenmenschlichen und k\u00f6rperlichen Prozessen.&nbsp; Was auf die Welt kommen will, wird geboren werden. Davon erz\u00e4hlt mein neues St\u00fcck.<\/span><\/p>\n<p><span style=\"font-size: medium;\">&nbsp;<\/span><\/p>\n<p><span style=\"font-size: medium;\"><em>Welche Perspektive war f\u00fcr Sie am Wichtigsten?<\/em><\/span><\/p>\n<p><span style=\"font-size: medium;\">Der Tanz zeigt mir, wie Gef\u00fchle und Energien funktionieren, und indem ich eingeladen und herausgefordert bin zu bestimmen, wie sich Dinge f\u00fcr mich anf\u00fchlen, gewinne ich Autonomie zur\u00fcck. Mich interessiert mit den T\u00e4nzern von daher vor allem wie sich die einzelnen Bewegungen anf\u00fchlen und nicht wie sie aussehen. Das ist eine v\u00f6llig andere Perspektive als wenn ich von au\u00dfen diktiert bekomme, wie etwas auszusehen hat, was wann h\u00fcbsch oder h\u00e4sslich sein, wertvoll oder \u00fcberfl\u00fcssig. Diese Zur\u00fcckgewinnung einer Autonomie \u00fcber sich selbst dar\u00fcber, wer man ist und wie man zu sein und&nbsp; auszusehen hat, das ist eine Befreiung gegen\u00fcber aktuellen Entwicklungen.<\/span><\/p>\n<p>&nbsp;<\/p>\n<p><span style=\"font-size: small;\">Das Interview f\u00fchrte Alexandra Karabelas.&nbsp;<\/span><\/p>\n<p><span style=\"font-size: x-small;\">Foto: Johannes Blattner<\/span><\/p>\n<p>&nbsp;<\/p>\n<p><span style=\"font-size: x-small;\"><img decoding=\"async\" loading=\"lazy\" style=\"display: block; margin-left: auto; margin-right: auto;\" src=\"\/wp-content\/uploads\/older\/190510_tanz_tanz_pur_4_theater_pforzheim__photo_tschulze_c_asisi_szenik.jpg\" alt=\"\" width=\"622\" height=\"414\"><\/span><\/p>\n<p style=\"text-align: center;\"><span style=\"font-size: x-small;\">FOTO: T. SCHULZE<\/span><\/p>\n<p style=\"text-align: center;\">&nbsp;<\/p>\n<p style=\"text-align: center;\"><span style=\"font-size: medium;\"><em><strong>TANZ PUR 4<\/strong><\/em> findet vom 10. Mai bis 2. Juni 2019 im Pforzheimer Gasometer mit den T\u00e4nzer*innen des Theaters Pforzheim statt.&nbsp;<\/span><\/p>\n<p style=\"text-align: center;\"><span style=\"text-decoration: underline;\"><strong><span style=\"font-size: medium;\">Auf dem Programm:&nbsp;<\/span><\/strong><\/span><\/p>\n<ul>\n<li style=\"text-align: center;\"><span style=\"font-size: medium;\">DAMIAN GM\u00dcR:&nbsp;<em><strong>WOLKEN DIE UNS NICHT TRAGEN &#8211; LOST GROUND WE STEP ON<\/strong><\/em><\/span><\/li>\n<li style=\"text-align: center;\"><span style=\"font-size: medium;\">KOLLEKTIV LINK\u00d6PING:&nbsp;<em><strong>INZWISCHEN &#8211; MEANWHILE<\/strong><\/em><\/span><\/li>\n<li style=\"text-align: center;\"><span style=\"font-size: medium;\">EDAN GORLICKI:&nbsp;<em><strong>DIVING THE YONGALA<\/strong><\/em><\/span><\/li>\n<\/ul>\n<p>&nbsp;<\/p>\n<p style=\"text-align: center;\"><span style=\"text-decoration: underline;\"><strong><span style=\"font-size: medium;\">Weitere Informationen auf:&nbsp;<\/span><\/strong><\/span><\/p>\n<ul>\n<li style=\"text-align: center;\"><a href=\"https:\/\/www.theater-pforzheim.de\/veranstaltungen\/ansicht-veranstaltungen\/event\/d\/s\/eventDetail\/0\/tanz-pur-4-8889.html\" target=\"_blank\" rel=\"noopener noreferrer\"><span style=\"font-size: medium;\">der Webseite des Theaters Pforzheim<\/span><\/a><\/li>\n<li style=\"text-align: center;\"><a href=\"\/de\/Tanz\/Tanz-Pur-4-Ein-fantastischer-Ballettabend!-5047\" target=\"_blank\" rel=\"noopener noreferrer\"><span style=\"font-size: medium;\">szenik.eu&nbsp;<\/span><\/a><\/li>\n<\/ul>\n","protected":false},"excerpt":{"rendered":"<p>&nbsp;<\/p>\n<p><span style=\"font-size: large;\"><strong>IN SORGE UM DIE WELT<\/strong><\/span><\/p>\n<p><span style=\"font-size: medium;\"><strong><em>Damian Gm&uuml;r<\/em> schafft derzeit ein neues Werk f&uuml;r das <em>Theater Pforzheim<\/em>. Der Choreograf sorgt sich&nbsp;dabei um den Zustand der Welt und umkreist mit seiner Neusch&ouml;pfung Verlusterfahrungen, aber auch das Potenzial einer Neubesinnung. Gm&uuml;rs Tanzst&uuml;ck &bdquo;Wolken die uns nicht tragen&ldquo; kommt am 10. Mai 2019 im Rahmen von <em>TANZ PUR<\/em> im Gasometer auf die B&uuml;hne kommt. Alexandra Karabelas hat sich mit ihm unterhalten.<\/strong><\/span><\/p>\n","protected":false},"author":5,"featured_media":16306,"comment_status":"open","ping_status":"closed","sticky":false,"template":"","format":"standard","meta":{"_monsterinsights_skip_tracking":false,"_monsterinsights_sitenote_active":false,"_monsterinsights_sitenote_note":"","_monsterinsights_sitenote_category":0},"categories":[73],"tags":[2825,2161,2826,2276],"yoast_head":"<!-- This site is optimized with the Yoast SEO plugin v20.5 - https:\/\/yoast.com\/wordpress\/plugins\/seo\/ -->\n<title>szenikmag: Interview mit Damian Gm\u00fcr im Rahmen seiner neuen Choreografie im Theater Pforzheim l szenik<\/title>\n<meta name=\"description\" content=\"(Infos &amp; Video) Der Choreograf Damian Gm\u00fcr spricht \u00fcber unsere aktuelle Welt und dem Tanz als Ventil.\" \/>\n<meta name=\"robots\" content=\"index, follow, max-snippet:-1, max-image-preview:large, max-video-preview:-1\" \/>\n<link rel=\"canonical\" href=\"https:\/\/www.szenik.eu\/de\/tanz-pur-4-interview-mit-damian-gmur-im-rahmen-seiner-neuen-choreografie-im-theater-pforzheim-16305\" \/>\n<meta property=\"og:locale\" content=\"de_DE\" \/>\n<meta property=\"og:type\" content=\"article\" \/>\n<meta property=\"og:title\" content=\"szenikmag: Interview mit Damian Gm\u00fcr im Rahmen seiner neuen Choreografie im Theater Pforzheim l szenik\" \/>\n<meta property=\"og:description\" content=\"(Infos &amp; Video) Der Choreograf Damian Gm\u00fcr spricht \u00fcber unsere aktuelle Welt und dem Tanz als Ventil.\" \/>\n<meta property=\"og:url\" content=\"https:\/\/www.szenik.eu\/de\/tanz-pur-4-interview-mit-damian-gmur-im-rahmen-seiner-neuen-choreografie-im-theater-pforzheim-16305\" \/>\n<meta property=\"og:site_name\" content=\"szenik\" \/>\n<meta property=\"article:publisher\" content=\"https:\/\/www.facebook.com\/szenik.eu\/\" \/>\n<meta property=\"article:published_time\" content=\"2019-04-25T11:05:29+00:00\" \/>\n<meta property=\"article:modified_time\" content=\"2019-08-13T13:04:01+00:00\" \/>\n<meta property=\"og:image\" content=\"https:\/\/www.szenik.eu\/wp-content\/uploads\/2019\/07\/logo-square.png\" \/>\n\t<meta property=\"og:image:width\" content=\"512\" \/>\n\t<meta property=\"og:image:height\" content=\"512\" \/>\n\t<meta property=\"og:image:type\" content=\"image\/png\" \/>\n<meta name=\"author\" content=\"Jenny Lippmann\" \/>\n<meta name=\"twitter:card\" content=\"summary_large_image\" \/>\n<meta name=\"twitter:creator\" content=\"@Szenik\" \/>\n<meta name=\"twitter:site\" content=\"@Szenik\" \/>\n<meta name=\"twitter:label1\" content=\"Verfasst von\" \/>\n\t<meta name=\"twitter:data1\" content=\"Jenny Lippmann\" \/>\n\t<meta name=\"twitter:label2\" content=\"Gesch\u00e4tzte Lesezeit\" \/>\n\t<meta name=\"twitter:data2\" content=\"3\u00a0Minuten\" \/>\n<script type=\"application\/ld+json\" class=\"yoast-schema-graph\">{\"@context\":\"https:\/\/schema.org\",\"@graph\":[{\"@type\":\"Article\",\"@id\":\"https:\/\/www.szenik.eu\/de\/tanz-pur-4-interview-mit-damian-gmur-im-rahmen-seiner-neuen-choreografie-im-theater-pforzheim-16305#article\",\"isPartOf\":{\"@id\":\"https:\/\/www.szenik.eu\/de\/tanz-pur-4-interview-mit-damian-gmur-im-rahmen-seiner-neuen-choreografie-im-theater-pforzheim-16305\"},\"author\":{\"name\":\"Jenny Lippmann\",\"@id\":\"https:\/\/www.szenik.eu\/de\/#\/schema\/person\/425e4f17ab5b4f361ed1a0c194180c43\"},\"headline\":\"TANZ PUR 4 &#8211; Interview mit Damian Gm\u00fcr im Rahmen seiner neuen Choreografie im Theater Pforzheim\",\"datePublished\":\"2019-04-25T11:05:29+00:00\",\"dateModified\":\"2019-08-13T13:04:01+00:00\",\"mainEntityOfPage\":{\"@id\":\"https:\/\/www.szenik.eu\/de\/tanz-pur-4-interview-mit-damian-gmur-im-rahmen-seiner-neuen-choreografie-im-theater-pforzheim-16305\"},\"wordCount\":627,\"commentCount\":0,\"publisher\":{\"@id\":\"https:\/\/www.szenik.eu\/de\/#organization\"},\"keywords\":[\"Damian Gm\u00fcr\",\"Tanz\",\"TANZ PUR 4\",\"Theater Pforzheim\"],\"articleSection\":[\"Portr\u00e4ts und Gespr\u00e4che\"],\"inLanguage\":\"de\",\"potentialAction\":[{\"@type\":\"CommentAction\",\"name\":\"Comment\",\"target\":[\"https:\/\/www.szenik.eu\/de\/tanz-pur-4-interview-mit-damian-gmur-im-rahmen-seiner-neuen-choreografie-im-theater-pforzheim-16305#respond\"]}]},{\"@type\":\"WebPage\",\"@id\":\"https:\/\/www.szenik.eu\/de\/tanz-pur-4-interview-mit-damian-gmur-im-rahmen-seiner-neuen-choreografie-im-theater-pforzheim-16305\",\"url\":\"https:\/\/www.szenik.eu\/de\/tanz-pur-4-interview-mit-damian-gmur-im-rahmen-seiner-neuen-choreografie-im-theater-pforzheim-16305\",\"name\":\"szenikmag: Interview mit Damian Gm\u00fcr im Rahmen seiner neuen Choreografie im Theater Pforzheim l szenik\",\"isPartOf\":{\"@id\":\"https:\/\/www.szenik.eu\/de\/#website\"},\"datePublished\":\"2019-04-25T11:05:29+00:00\",\"dateModified\":\"2019-08-13T13:04:01+00:00\",\"description\":\"(Infos & Video) Der Choreograf Damian Gm\u00fcr spricht \u00fcber unsere aktuelle Welt und dem Tanz als Ventil.\",\"breadcrumb\":{\"@id\":\"https:\/\/www.szenik.eu\/de\/tanz-pur-4-interview-mit-damian-gmur-im-rahmen-seiner-neuen-choreografie-im-theater-pforzheim-16305#breadcrumb\"},\"inLanguage\":\"de\",\"potentialAction\":[{\"@type\":\"ReadAction\",\"target\":[\"https:\/\/www.szenik.eu\/de\/tanz-pur-4-interview-mit-damian-gmur-im-rahmen-seiner-neuen-choreografie-im-theater-pforzheim-16305\"]}]},{\"@type\":\"BreadcrumbList\",\"@id\":\"https:\/\/www.szenik.eu\/de\/tanz-pur-4-interview-mit-damian-gmur-im-rahmen-seiner-neuen-choreografie-im-theater-pforzheim-16305#breadcrumb\",\"itemListElement\":[{\"@type\":\"ListItem\",\"position\":1,\"name\":\"Home\",\"item\":\"https:\/\/www.szenik.eu\/de\"},{\"@type\":\"ListItem\",\"position\":2,\"name\":\"TANZ PUR 4 &#8211; Interview mit Damian Gm\u00fcr im Rahmen seiner neuen Choreografie im Theater Pforzheim\"}]},{\"@type\":\"WebSite\",\"@id\":\"https:\/\/www.szenik.eu\/de\/#website\",\"url\":\"https:\/\/www.szenik.eu\/de\/\",\"name\":\"szenik\",\"description\":\"Le Meilleur des sc\u00e8nes au coeur de l&#039;Europe\",\"publisher\":{\"@id\":\"https:\/\/www.szenik.eu\/de\/#organization\"},\"potentialAction\":[{\"@type\":\"SearchAction\",\"target\":{\"@type\":\"EntryPoint\",\"urlTemplate\":\"https:\/\/www.szenik.eu\/de\/?s={search_term_string}\"},\"query-input\":\"required name=search_term_string\"}],\"inLanguage\":\"de\"},{\"@type\":\"Organization\",\"@id\":\"https:\/\/www.szenik.eu\/de\/#organization\",\"name\":\"Szenik\",\"url\":\"https:\/\/www.szenik.eu\/de\/\",\"logo\":{\"@type\":\"ImageObject\",\"inLanguage\":\"de\",\"@id\":\"https:\/\/www.szenik.eu\/de\/#\/schema\/logo\/image\/\",\"url\":\"https:\/\/www.szenik.eu\/wp-content\/uploads\/2019\/07\/logo-square.png\",\"contentUrl\":\"https:\/\/www.szenik.eu\/wp-content\/uploads\/2019\/07\/logo-square.png\",\"width\":512,\"height\":512,\"caption\":\"Szenik\"},\"image\":{\"@id\":\"https:\/\/www.szenik.eu\/de\/#\/schema\/logo\/image\/\"},\"sameAs\":[\"https:\/\/www.facebook.com\/szenik.eu\/\",\"https:\/\/twitter.com\/Szenik\",\"https:\/\/www.instagram.com\/szenik_magazine\/\",\"https:\/\/www.youtube.com\/user\/SzenikEU\/\"]},{\"@type\":\"Person\",\"@id\":\"https:\/\/www.szenik.eu\/de\/#\/schema\/person\/425e4f17ab5b4f361ed1a0c194180c43\",\"name\":\"Jenny Lippmann\",\"image\":{\"@type\":\"ImageObject\",\"inLanguage\":\"de\",\"@id\":\"https:\/\/www.szenik.eu\/de\/#\/schema\/person\/image\/\",\"url\":\"https:\/\/secure.gravatar.com\/avatar\/1cf2c6ce8b5e3cab7b86a97931c9f97e?s=96&d=mm&r=g\",\"contentUrl\":\"https:\/\/secure.gravatar.com\/avatar\/1cf2c6ce8b5e3cab7b86a97931c9f97e?s=96&d=mm&r=g\",\"caption\":\"Jenny Lippmann\"}}]}<\/script>\n<!-- \/ Yoast SEO plugin. -->","yoast_head_json":{"title":"szenikmag: Interview mit Damian Gm\u00fcr im Rahmen seiner neuen Choreografie im Theater Pforzheim l szenik","description":"(Infos & Video) Der Choreograf Damian Gm\u00fcr spricht \u00fcber unsere aktuelle Welt und dem Tanz als Ventil.","robots":{"index":"index","follow":"follow","max-snippet":"max-snippet:-1","max-image-preview":"max-image-preview:large","max-video-preview":"max-video-preview:-1"},"canonical":"https:\/\/www.szenik.eu\/de\/tanz-pur-4-interview-mit-damian-gmur-im-rahmen-seiner-neuen-choreografie-im-theater-pforzheim-16305","og_locale":"de_DE","og_type":"article","og_title":"szenikmag: Interview mit Damian Gm\u00fcr im Rahmen seiner neuen Choreografie im Theater Pforzheim l szenik","og_description":"(Infos & Video) Der Choreograf Damian Gm\u00fcr spricht \u00fcber unsere aktuelle Welt und dem Tanz als Ventil.","og_url":"https:\/\/www.szenik.eu\/de\/tanz-pur-4-interview-mit-damian-gmur-im-rahmen-seiner-neuen-choreografie-im-theater-pforzheim-16305","og_site_name":"szenik","article_publisher":"https:\/\/www.facebook.com\/szenik.eu\/","article_published_time":"2019-04-25T11:05:29+00:00","article_modified_time":"2019-08-13T13:04:01+00:00","og_image":[{"width":512,"height":512,"url":"https:\/\/www.szenik.eu\/wp-content\/uploads\/2019\/07\/logo-square.png","type":"image\/png"}],"author":"Jenny Lippmann","twitter_card":"summary_large_image","twitter_creator":"@Szenik","twitter_site":"@Szenik","twitter_misc":{"Verfasst von":"Jenny Lippmann","Gesch\u00e4tzte Lesezeit":"3\u00a0Minuten"},"schema":{"@context":"https:\/\/schema.org","@graph":[{"@type":"Article","@id":"https:\/\/www.szenik.eu\/de\/tanz-pur-4-interview-mit-damian-gmur-im-rahmen-seiner-neuen-choreografie-im-theater-pforzheim-16305#article","isPartOf":{"@id":"https:\/\/www.szenik.eu\/de\/tanz-pur-4-interview-mit-damian-gmur-im-rahmen-seiner-neuen-choreografie-im-theater-pforzheim-16305"},"author":{"name":"Jenny Lippmann","@id":"https:\/\/www.szenik.eu\/de\/#\/schema\/person\/425e4f17ab5b4f361ed1a0c194180c43"},"headline":"TANZ PUR 4 &#8211; Interview mit Damian Gm\u00fcr im Rahmen seiner neuen Choreografie im Theater Pforzheim","datePublished":"2019-04-25T11:05:29+00:00","dateModified":"2019-08-13T13:04:01+00:00","mainEntityOfPage":{"@id":"https:\/\/www.szenik.eu\/de\/tanz-pur-4-interview-mit-damian-gmur-im-rahmen-seiner-neuen-choreografie-im-theater-pforzheim-16305"},"wordCount":627,"commentCount":0,"publisher":{"@id":"https:\/\/www.szenik.eu\/de\/#organization"},"keywords":["Damian Gm\u00fcr","Tanz","TANZ PUR 4","Theater Pforzheim"],"articleSection":["Portr\u00e4ts und Gespr\u00e4che"],"inLanguage":"de","potentialAction":[{"@type":"CommentAction","name":"Comment","target":["https:\/\/www.szenik.eu\/de\/tanz-pur-4-interview-mit-damian-gmur-im-rahmen-seiner-neuen-choreografie-im-theater-pforzheim-16305#respond"]}]},{"@type":"WebPage","@id":"https:\/\/www.szenik.eu\/de\/tanz-pur-4-interview-mit-damian-gmur-im-rahmen-seiner-neuen-choreografie-im-theater-pforzheim-16305","url":"https:\/\/www.szenik.eu\/de\/tanz-pur-4-interview-mit-damian-gmur-im-rahmen-seiner-neuen-choreografie-im-theater-pforzheim-16305","name":"szenikmag: Interview mit Damian Gm\u00fcr im Rahmen seiner neuen Choreografie im Theater Pforzheim l szenik","isPartOf":{"@id":"https:\/\/www.szenik.eu\/de\/#website"},"datePublished":"2019-04-25T11:05:29+00:00","dateModified":"2019-08-13T13:04:01+00:00","description":"(Infos & Video) Der Choreograf Damian Gm\u00fcr spricht \u00fcber unsere aktuelle Welt und dem Tanz als Ventil.","breadcrumb":{"@id":"https:\/\/www.szenik.eu\/de\/tanz-pur-4-interview-mit-damian-gmur-im-rahmen-seiner-neuen-choreografie-im-theater-pforzheim-16305#breadcrumb"},"inLanguage":"de","potentialAction":[{"@type":"ReadAction","target":["https:\/\/www.szenik.eu\/de\/tanz-pur-4-interview-mit-damian-gmur-im-rahmen-seiner-neuen-choreografie-im-theater-pforzheim-16305"]}]},{"@type":"BreadcrumbList","@id":"https:\/\/www.szenik.eu\/de\/tanz-pur-4-interview-mit-damian-gmur-im-rahmen-seiner-neuen-choreografie-im-theater-pforzheim-16305#breadcrumb","itemListElement":[{"@type":"ListItem","position":1,"name":"Home","item":"https:\/\/www.szenik.eu\/de"},{"@type":"ListItem","position":2,"name":"TANZ PUR 4 &#8211; Interview mit Damian Gm\u00fcr im Rahmen seiner neuen Choreografie im Theater Pforzheim"}]},{"@type":"WebSite","@id":"https:\/\/www.szenik.eu\/de\/#website","url":"https:\/\/www.szenik.eu\/de\/","name":"szenik","description":"Le Meilleur des sc\u00e8nes au coeur de l&#039;Europe","publisher":{"@id":"https:\/\/www.szenik.eu\/de\/#organization"},"potentialAction":[{"@type":"SearchAction","target":{"@type":"EntryPoint","urlTemplate":"https:\/\/www.szenik.eu\/de\/?s={search_term_string}"},"query-input":"required name=search_term_string"}],"inLanguage":"de"},{"@type":"Organization","@id":"https:\/\/www.szenik.eu\/de\/#organization","name":"Szenik","url":"https:\/\/www.szenik.eu\/de\/","logo":{"@type":"ImageObject","inLanguage":"de","@id":"https:\/\/www.szenik.eu\/de\/#\/schema\/logo\/image\/","url":"https:\/\/www.szenik.eu\/wp-content\/uploads\/2019\/07\/logo-square.png","contentUrl":"https:\/\/www.szenik.eu\/wp-content\/uploads\/2019\/07\/logo-square.png","width":512,"height":512,"caption":"Szenik"},"image":{"@id":"https:\/\/www.szenik.eu\/de\/#\/schema\/logo\/image\/"},"sameAs":["https:\/\/www.facebook.com\/szenik.eu\/","https:\/\/twitter.com\/Szenik","https:\/\/www.instagram.com\/szenik_magazine\/","https:\/\/www.youtube.com\/user\/SzenikEU\/"]},{"@type":"Person","@id":"https:\/\/www.szenik.eu\/de\/#\/schema\/person\/425e4f17ab5b4f361ed1a0c194180c43","name":"Jenny Lippmann","image":{"@type":"ImageObject","inLanguage":"de","@id":"https:\/\/www.szenik.eu\/de\/#\/schema\/person\/image\/","url":"https:\/\/secure.gravatar.com\/avatar\/1cf2c6ce8b5e3cab7b86a97931c9f97e?s=96&d=mm&r=g","contentUrl":"https:\/\/secure.gravatar.com\/avatar\/1cf2c6ce8b5e3cab7b86a97931c9f97e?s=96&d=mm&r=g","caption":"Jenny Lippmann"}}]}},"jetpack_featured_media_url":"https:\/\/www.szenik.eu\/wp-content\/uploads\/older\/cac_\/szenikmag_tanz_pur_interview_mit_damian_gmuer_foto_johannes_blattner_szenik!_670x375!_1!_0x0!_0!_FFFFFF.jpg","amp_enabled":true,"_links":{"self":[{"href":"https:\/\/www.szenik.eu\/de\/wp-json\/\/wp\/v2\/posts\/16305"}],"collection":[{"href":"https:\/\/www.szenik.eu\/de\/wp-json\/\/wp\/v2\/posts"}],"about":[{"href":"https:\/\/www.szenik.eu\/de\/wp-json\/\/wp\/v2\/types\/post"}],"author":[{"embeddable":true,"href":"https:\/\/www.szenik.eu\/de\/wp-json\/\/wp\/v2\/users\/5"}],"replies":[{"embeddable":true,"href":"https:\/\/www.szenik.eu\/de\/wp-json\/\/wp\/v2\/comments?post=16305"}],"version-history":[{"count":1,"href":"https:\/\/www.szenik.eu\/de\/wp-json\/\/wp\/v2\/posts\/16305\/revisions"}],"predecessor-version":[{"id":21428,"href":"https:\/\/www.szenik.eu\/de\/wp-json\/\/wp\/v2\/posts\/16305\/revisions\/21428"}],"wp:featuredmedia":[{"embeddable":true,"href":"https:\/\/www.szenik.eu\/de\/wp-json\/\/wp\/v2\/media\/16306"}],"wp:attachment":[{"href":"https:\/\/www.szenik.eu\/de\/wp-json\/\/wp\/v2\/media?parent=16305"}],"wp:term":[{"taxonomy":"category","embeddable":true,"href":"https:\/\/www.szenik.eu\/de\/wp-json\/\/wp\/v2\/categories?post=16305"},{"taxonomy":"post_tag","embeddable":true,"href":"https:\/\/www.szenik.eu\/de\/wp-json\/\/wp\/v2\/tags?post=16305"}],"curies":[{"name":"wp","href":"https:\/\/api.w.org\/{rel}","templated":true}]}}