{"id":16265,"date":"2018-11-12T17:07:50","date_gmt":"2018-11-12T16:07:50","guid":{"rendered":"http:\/\/localhost:8080\/?p=16265"},"modified":"2019-08-13T15:08:33","modified_gmt":"2019-08-13T13:08:33","slug":"gesprach-mit-der-tanzkompanie-bo-komplex-und-dem-schweizer-kollektiv-t42dance-uber-ihr-interdisziplinares-tanzprojekt-fright-fight-flight","status":"publish","type":"post","link":"https:\/\/www.szenik.eu\/de\/gesprach-mit-der-tanzkompanie-bo-komplex-und-dem-schweizer-kollektiv-t42dance-uber-ihr-interdisziplinares-tanzprojekt-fright-fight-flight-16265","title":{"rendered":"Gespr\u00e4ch mit der Tanzkompanie bo komplex und dem Schweizer Kollektiv\u00a0T42dance \u00fcber ihr interdisziplin\u00e4res Tanzprojekt FRIGHT FIGHT FLIGHT."},"content":{"rendered":"<p><span style=\"font-size: medium;\">Eine Tanzperformance, sparten&uuml;bergreifend und interdisziplin&auml;r, entstand am 03. November 2018 im <em>K&uuml;nstlerforum Bonn<\/em>. Die Tanzkompanie <strong>bo komplex<\/strong> und das Schweizer Kollektiv <strong>T42dance<\/strong> haben sich mit der Videok&uuml;nstlerin <strong>Lieve Vanderschaeve<\/strong> und der Komponistin <strong>Dyane Donck<\/strong> f&uuml;r ein vielseitiges Projekt zusammengeschlossen. <em>szenikmag<\/em> hat sich anl&auml;sslich der Premiere mit&nbsp;<strong>B&auml;rbel Stenzenberger<\/strong> &amp; <strong>Olaf Reinecke<\/strong> (<strong>bo komplex<\/strong>) und <strong>F&eacute;lix Dum&eacute;ril<\/strong> (<strong>T42dance<\/strong>) unterhalten.<\/span><\/p>\n<p>&nbsp;<\/p>\n<p><span style=\"font-size: medium;\">FRIGHT FIGHT FLIGHT ist ein Projekt aus Tanztheater, visueller und akustischer Kunst. Aus verschiedenen Perspektiven beleuchten sie Fluchtgr&uuml;nde sowie Flucht jeglicher Art. Warum fl&uuml;chten wir? Wohin fl&uuml;chten wir &ndash; in ein anderes Land, in Traumwelten, Drogen oder unter die Bettdecke? Und welche Fluchtm&ouml;glichkeiten gibt es? Ausgestattet mit Kopfh&ouml;rern bewegen sich die Zuschauer*innen zusammen mit den T&auml;nzer*innen durch den Raum oder die R&auml;ume. &Uuml;ber 3D Animationen, Videoprojektionen und transportablen Objekten entwirft sich ein stetig &auml;nderndes Vorstellungsszenario. <\/span><\/p>\n<p>&nbsp;<\/p>\n<p><iframe loading=\"lazy\" src=\"https:\/\/www.youtube.com\/embed\/U6WAB0-pOCU\" frameborder=\"0\" width=\"560\" height=\"315\"><\/iframe><\/p>\n<p>&nbsp;<\/p>\n<p><span style=\"font-size: medium;\">Weitere Informationen finden Sie auf der Homepage von<\/span><\/p>\n<ul>\n<li><span style=\"font-size: medium;\"><a href=\"http:\/\/www.tanzkompaniebo-komplex.de\/%20\" target=\"_blank\" rel=\"noopener noreferrer\">bo komplex<\/a><\/span><\/li>\n<li><span style=\"font-size: medium;\"><a href=\"https:\/\/www.t42dance.ch\/2018-fright-fight-flight\/\" target=\"_blank\" rel=\"noopener noreferrer\">T42dance<\/a><\/span><\/li>\n<\/ul>\n<p><span style=\"font-size: medium;\">&nbsp;<\/span><\/p>\n<p><span style=\"font-size: medium;\">Weitere Tourtermine:<\/span><\/p>\n<p><span style=\"font-size: medium;\"><a href=\"http:\/\/www.tanzfaktur.eu\/\" target=\"_blank\" rel=\"noopener noreferrer\">Tanzfaktur&nbsp;K&ouml;ln<\/a> \/ D, &nbsp; 30. &#8211; 31. M&auml;rz 2019<\/span><\/p>\n<p><span style=\"font-size: medium;\"><a href=\"https:\/\/www.aqb.hu\/\" target=\"_blank\" rel=\"noopener noreferrer\">Art Quartier&nbsp;Budapest<\/a> \/ HU, &nbsp; 12. &#8211; 19. Mai 2019<\/span><\/p>\n<p><span style=\"font-size: medium;\"><a href=\"http:\/\/www.grossehalle.ch\/reitschule\/grossehalle\/\" target=\"_blank\" rel=\"noopener noreferrer\">Grosse Halle&nbsp;Bern<\/a> \/ CH, &nbsp; 21. &#8211; 26. Mai 2019<\/span><\/p>\n<p><span style=\"font-size: medium;\"><a href=\"http:\/\/www.chollerhalle.ch\/\" target=\"_blank\" rel=\"noopener noreferrer\">Choller Halle&nbsp;Zug<\/a> \/ CH, &nbsp; 29. Mai 2019 &#8211; 01. Juni 2019<\/span><\/p>\n<p><span style=\"font-size: medium;\"><a href=\"http:\/\/h95.ch\/veranstaltungen\/2019-06-07-fright-fight-flight\" target=\"_blank\" rel=\"noopener noreferrer\">H95 Raum f&uuml;r Kultur&nbsp;Basel<\/a> \/ CH, &nbsp; 6. &#8211; 9. Juni 2019<\/span><\/p>\n<p>&nbsp;<\/p>\n<p><span style=\"font-size: medium;\">Tickets erhalten Sie unter:<\/span><br \/><span style=\"font-size: medium;\"><a href=\"https:\/\/fright-fight-flight.tickettoaster.de\/?fbclid=IwAR2U1CtBhqhR6fwS7Cv3kBQvFS3YjCaur8j8Lq9ox_rWrZmkamIbu1EP5cU\" rel=\"nofollow noopener noreferrer\" target=\"_blank\" data-lynx-mode=\"hover\" data-lynx-uri=\"https:\/\/l.facebook.com\/l.php?u=https%3A%2F%2Ffright-fight-flight.tickettoaster.de%2F%3Ffbclid%3DIwAR2U1CtBhqhR6fwS7Cv3kBQvFS3YjCaur8j8Lq9ox_rWrZmkamIbu1EP5cU&amp;h=AT0BK0lPip5RBC7xfcDwRaSeLc0mdNis-gli84rRtKGgfiyVwnW95JMdOdkOkX2rVYuAoOnbqGX2MswpV8CZ--3HpCvv6Cv0-PYqhm2-T4BcJIoJYbG_DLJy_BYU1xso3nHfuWk\">https:\/\/fright-fight-flight.tickettoaster.de<\/a><\/span><\/p>\n<p><span style=\"font-size: medium;\"><a href=\"http:\/\/www.tanzkompaniebo-komplex.de\/?fbclid=IwAR0HTiR-bIesSwJ9gSk5uz4mUZ_S_u1ylR3D-gEqaZSW14wZqqLQteQz8JY\" rel=\"nofollow noopener noreferrer\" target=\"_blank\" data-lynx-mode=\"hover\" data-lynx-uri=\"https:\/\/l.facebook.com\/l.php?u=http%3A%2F%2Fwww.tanzkompaniebo-komplex.de%2F%3Ffbclid%3DIwAR0HTiR-bIesSwJ9gSk5uz4mUZ_S_u1ylR3D-gEqaZSW14wZqqLQteQz8JY&amp;h=AT1WTKMunfGZgLgYewONlIjFZ1GhJwEVlRKM-SH0WE1i7ZVYeArmaIgzbxUKfZFRmttr4L3IkzFXB9vkW1pdIlsA_Cy8XVC9d-kjwLKDpiY_wnLz3MaSBWV4lWUY85PKMOzzn04\">www.tanzkompaniebo-komplex.de<\/a><\/span><br \/><span style=\"font-size: medium;\"><a href=\"http:\/\/www.t42dance.ch\/?fbclid=IwAR2Tx8IY2xOoI5IofmlBH82XWWAG991aUWIRA-Fz-yhG5EmGTr8PwhXai7w\" rel=\"nofollow noopener noreferrer\" target=\"_blank\" data-lynx-mode=\"hover\" data-lynx-uri=\"https:\/\/l.facebook.com\/l.php?u=http%3A%2F%2Fwww.t42dance.ch%2F%3Ffbclid%3DIwAR2Tx8IY2xOoI5IofmlBH82XWWAG991aUWIRA-Fz-yhG5EmGTr8PwhXai7w&amp;h=AT0CNQF1Umcem0E_MxI_o8LyT_I_A8Lx-E-g8_F4sKNcry2F1X5AQj1tFIJb9oHFuZC2suq10srWM_W1dhLKt1ARBim_M0j7dW_1clYt-lonBHFg1f0T4FrRPICFN7RSMz-E5zU\">www.t42dance.ch<\/a><\/span><\/p>\n<p><span style=\"font-size: medium;\">&nbsp;<\/span><\/p>\n<p><span style=\"font-size: medium;\">_______________________________________________________<\/span><\/p>\n<p><span style=\"font-size: x-small;\">Das Interview f&uuml;hrte Dominique Suhr.&nbsp;<\/span><\/p>\n<p><span style=\"font-size: x-small;\">Foto:&nbsp;Thomas K&ouml;lsch<\/span><\/p>\n","protected":false},"excerpt":{"rendered":"<p><span style=\"font-size: medium;\">Eine Tanzperformance, sparten&uuml;bergreifend und interdisziplin&auml;r, entstand am 03. November 2018 im <em>K&uuml;nstlerforum Bonn<\/em>. Die Tanzkompanie <strong>bo komplex<\/strong> und das Schweizer Kollektiv <strong>T42dance<\/strong> haben sich mit der Videok&uuml;nstlerin <strong>Lieve Vanderschaeve<\/strong> und der Komponistin <strong>Dyane Donck<\/strong> f&uuml;r ein vielseitiges Projekt zusammengeschlossen. <em>szenikmag<\/em> hat sich anl&auml;sslich der Premiere mit&nbsp;<strong>B&auml;rbel Stenzenberger<\/strong> &amp; <strong>Olaf Reinecke<\/strong> (<strong>bo komplex<\/strong>) und <strong>F&eacute;lix Dum&eacute;ril<\/strong> (<strong>T42dance<\/strong>) unterhalten.<\/span><\/p>\n<p>&nbsp;<\/p>\n","protected":false},"author":1,"featured_media":16266,"comment_status":"open","ping_status":"closed","sticky":false,"template":"","format":"standard","meta":{"_monsterinsights_skip_tracking":false,"_monsterinsights_sitenote_active":false,"_monsterinsights_sitenote_note":"","_monsterinsights_sitenote_category":0},"categories":[73],"tags":[2841,2845,2843,2842,2844,2161],"yoast_head":"<!-- This site is optimized with the Yoast SEO plugin v20.5 - https:\/\/yoast.com\/wordpress\/plugins\/seo\/ -->\n<title>szenikmag: Gespr\u00e4ch mit der Tanzkompanie bo komplex und dem Schweizer Kollektiv\u00a0T42dance<\/title>\n<meta name=\"description\" content=\"(Infos &amp; Video) szenikmag im Gespr\u00e4ch mit der Tanzkompanie bo komplex und dem Schweizer Kollektiv\u00a0T42dance anl\u00e4sslich der Premiere ihrer neuen Performance.\" \/>\n<meta name=\"robots\" content=\"index, follow, max-snippet:-1, max-image-preview:large, max-video-preview:-1\" \/>\n<link rel=\"canonical\" href=\"https:\/\/www.szenik.eu\/de\/gesprach-mit-der-tanzkompanie-bo-komplex-und-dem-schweizer-kollektiv-t42dance-uber-ihr-interdisziplinares-tanzprojekt-fright-fight-flight-16265\" \/>\n<meta property=\"og:locale\" content=\"de_DE\" \/>\n<meta property=\"og:type\" content=\"article\" \/>\n<meta property=\"og:title\" content=\"szenikmag: Gespr\u00e4ch mit der Tanzkompanie bo komplex und dem Schweizer Kollektiv\u00a0T42dance\" \/>\n<meta property=\"og:description\" content=\"(Infos &amp; Video) szenikmag im Gespr\u00e4ch mit der Tanzkompanie bo komplex und dem Schweizer Kollektiv\u00a0T42dance anl\u00e4sslich der Premiere ihrer neuen Performance.\" \/>\n<meta property=\"og:url\" content=\"https:\/\/www.szenik.eu\/de\/gesprach-mit-der-tanzkompanie-bo-komplex-und-dem-schweizer-kollektiv-t42dance-uber-ihr-interdisziplinares-tanzprojekt-fright-fight-flight-16265\" \/>\n<meta property=\"og:site_name\" content=\"szenik\" \/>\n<meta property=\"article:publisher\" content=\"https:\/\/www.facebook.com\/szenik.eu\/\" \/>\n<meta property=\"article:published_time\" content=\"2018-11-12T16:07:50+00:00\" \/>\n<meta property=\"article:modified_time\" content=\"2019-08-13T13:08:33+00:00\" \/>\n<meta property=\"og:image\" content=\"https:\/\/www.szenik.eu\/wp-content\/uploads\/2019\/07\/logo-square.png\" \/>\n\t<meta property=\"og:image:width\" content=\"512\" \/>\n\t<meta property=\"og:image:height\" content=\"512\" \/>\n\t<meta property=\"og:image:type\" content=\"image\/png\" \/>\n<meta name=\"author\" content=\"szenik\" \/>\n<meta name=\"twitter:card\" content=\"summary_large_image\" \/>\n<meta name=\"twitter:creator\" content=\"@Szenik\" \/>\n<meta name=\"twitter:site\" content=\"@Szenik\" \/>\n<meta name=\"twitter:label1\" content=\"Verfasst von\" \/>\n\t<meta name=\"twitter:data1\" content=\"szenik\" \/>\n\t<meta name=\"twitter:label2\" content=\"Gesch\u00e4tzte Lesezeit\" \/>\n\t<meta name=\"twitter:data2\" content=\"1\u00a0Minute\" \/>\n<script type=\"application\/ld+json\" class=\"yoast-schema-graph\">{\"@context\":\"https:\/\/schema.org\",\"@graph\":[{\"@type\":\"Article\",\"@id\":\"https:\/\/www.szenik.eu\/de\/gesprach-mit-der-tanzkompanie-bo-komplex-und-dem-schweizer-kollektiv-t42dance-uber-ihr-interdisziplinares-tanzprojekt-fright-fight-flight-16265#article\",\"isPartOf\":{\"@id\":\"https:\/\/www.szenik.eu\/de\/gesprach-mit-der-tanzkompanie-bo-komplex-und-dem-schweizer-kollektiv-t42dance-uber-ihr-interdisziplinares-tanzprojekt-fright-fight-flight-16265\"},\"author\":{\"name\":\"szenik\",\"@id\":\"https:\/\/www.szenik.eu\/de\/#\/schema\/person\/15f73f175b41bad194837490339d48fb\"},\"headline\":\"Gespr\u00e4ch mit der Tanzkompanie bo komplex und dem Schweizer Kollektiv\u00a0T42dance \u00fcber ihr interdisziplin\u00e4res Tanzprojekt FRIGHT FIGHT FLIGHT.\",\"datePublished\":\"2018-11-12T16:07:50+00:00\",\"dateModified\":\"2019-08-13T13:08:33+00:00\",\"mainEntityOfPage\":{\"@id\":\"https:\/\/www.szenik.eu\/de\/gesprach-mit-der-tanzkompanie-bo-komplex-und-dem-schweizer-kollektiv-t42dance-uber-ihr-interdisziplinares-tanzprojekt-fright-fight-flight-16265\"},\"wordCount\":288,\"commentCount\":0,\"publisher\":{\"@id\":\"https:\/\/www.szenik.eu\/de\/#organization\"},\"keywords\":[\"bo komplex\",\"Bonn\",\"FRIGHT FIGHT FLIGHT.\",\"Kollektiv\u00a0T42dance\",\"K\u00fcnstlerforum Bonn\",\"Tanz\"],\"articleSection\":[\"Portr\u00e4ts und Gespr\u00e4che\"],\"inLanguage\":\"de\",\"potentialAction\":[{\"@type\":\"CommentAction\",\"name\":\"Comment\",\"target\":[\"https:\/\/www.szenik.eu\/de\/gesprach-mit-der-tanzkompanie-bo-komplex-und-dem-schweizer-kollektiv-t42dance-uber-ihr-interdisziplinares-tanzprojekt-fright-fight-flight-16265#respond\"]}]},{\"@type\":\"WebPage\",\"@id\":\"https:\/\/www.szenik.eu\/de\/gesprach-mit-der-tanzkompanie-bo-komplex-und-dem-schweizer-kollektiv-t42dance-uber-ihr-interdisziplinares-tanzprojekt-fright-fight-flight-16265\",\"url\":\"https:\/\/www.szenik.eu\/de\/gesprach-mit-der-tanzkompanie-bo-komplex-und-dem-schweizer-kollektiv-t42dance-uber-ihr-interdisziplinares-tanzprojekt-fright-fight-flight-16265\",\"name\":\"szenikmag: Gespr\u00e4ch mit der Tanzkompanie bo komplex und dem Schweizer Kollektiv\u00a0T42dance\",\"isPartOf\":{\"@id\":\"https:\/\/www.szenik.eu\/de\/#website\"},\"datePublished\":\"2018-11-12T16:07:50+00:00\",\"dateModified\":\"2019-08-13T13:08:33+00:00\",\"description\":\"(Infos & Video) szenikmag im Gespr\u00e4ch mit der Tanzkompanie bo komplex und dem Schweizer Kollektiv\u00a0T42dance anl\u00e4sslich der Premiere ihrer neuen Performance.\",\"breadcrumb\":{\"@id\":\"https:\/\/www.szenik.eu\/de\/gesprach-mit-der-tanzkompanie-bo-komplex-und-dem-schweizer-kollektiv-t42dance-uber-ihr-interdisziplinares-tanzprojekt-fright-fight-flight-16265#breadcrumb\"},\"inLanguage\":\"de\",\"potentialAction\":[{\"@type\":\"ReadAction\",\"target\":[\"https:\/\/www.szenik.eu\/de\/gesprach-mit-der-tanzkompanie-bo-komplex-und-dem-schweizer-kollektiv-t42dance-uber-ihr-interdisziplinares-tanzprojekt-fright-fight-flight-16265\"]}]},{\"@type\":\"BreadcrumbList\",\"@id\":\"https:\/\/www.szenik.eu\/de\/gesprach-mit-der-tanzkompanie-bo-komplex-und-dem-schweizer-kollektiv-t42dance-uber-ihr-interdisziplinares-tanzprojekt-fright-fight-flight-16265#breadcrumb\",\"itemListElement\":[{\"@type\":\"ListItem\",\"position\":1,\"name\":\"Home\",\"item\":\"https:\/\/www.szenik.eu\/de\"},{\"@type\":\"ListItem\",\"position\":2,\"name\":\"Gespr\u00e4ch mit der Tanzkompanie bo komplex und dem Schweizer Kollektiv\u00a0T42dance \u00fcber ihr interdisziplin\u00e4res Tanzprojekt FRIGHT FIGHT FLIGHT.\"}]},{\"@type\":\"WebSite\",\"@id\":\"https:\/\/www.szenik.eu\/de\/#website\",\"url\":\"https:\/\/www.szenik.eu\/de\/\",\"name\":\"szenik\",\"description\":\"Le Meilleur des sc\u00e8nes au coeur de l&#039;Europe\",\"publisher\":{\"@id\":\"https:\/\/www.szenik.eu\/de\/#organization\"},\"potentialAction\":[{\"@type\":\"SearchAction\",\"target\":{\"@type\":\"EntryPoint\",\"urlTemplate\":\"https:\/\/www.szenik.eu\/de\/?s={search_term_string}\"},\"query-input\":\"required name=search_term_string\"}],\"inLanguage\":\"de\"},{\"@type\":\"Organization\",\"@id\":\"https:\/\/www.szenik.eu\/de\/#organization\",\"name\":\"Szenik\",\"url\":\"https:\/\/www.szenik.eu\/de\/\",\"logo\":{\"@type\":\"ImageObject\",\"inLanguage\":\"de\",\"@id\":\"https:\/\/www.szenik.eu\/de\/#\/schema\/logo\/image\/\",\"url\":\"https:\/\/www.szenik.eu\/wp-content\/uploads\/2019\/07\/logo-square.png\",\"contentUrl\":\"https:\/\/www.szenik.eu\/wp-content\/uploads\/2019\/07\/logo-square.png\",\"width\":512,\"height\":512,\"caption\":\"Szenik\"},\"image\":{\"@id\":\"https:\/\/www.szenik.eu\/de\/#\/schema\/logo\/image\/\"},\"sameAs\":[\"https:\/\/www.facebook.com\/szenik.eu\/\",\"https:\/\/twitter.com\/Szenik\",\"https:\/\/www.instagram.com\/szenik_magazine\/\",\"https:\/\/www.youtube.com\/user\/SzenikEU\/\"]},{\"@type\":\"Person\",\"@id\":\"https:\/\/www.szenik.eu\/de\/#\/schema\/person\/15f73f175b41bad194837490339d48fb\",\"name\":\"szenik\",\"image\":{\"@type\":\"ImageObject\",\"inLanguage\":\"de\",\"@id\":\"https:\/\/www.szenik.eu\/de\/#\/schema\/person\/image\/\",\"url\":\"https:\/\/secure.gravatar.com\/avatar\/d1c4f19522a624a4eaa5e6c03e22370b?s=96&d=mm&r=g\",\"contentUrl\":\"https:\/\/secure.gravatar.com\/avatar\/d1c4f19522a624a4eaa5e6c03e22370b?s=96&d=mm&r=g\",\"caption\":\"szenik\"}}]}<\/script>\n<!-- \/ Yoast SEO plugin. -->","yoast_head_json":{"title":"szenikmag: Gespr\u00e4ch mit der Tanzkompanie bo komplex und dem Schweizer Kollektiv\u00a0T42dance","description":"(Infos & Video) szenikmag im Gespr\u00e4ch mit der Tanzkompanie bo komplex und dem Schweizer Kollektiv\u00a0T42dance anl\u00e4sslich der Premiere ihrer neuen Performance.","robots":{"index":"index","follow":"follow","max-snippet":"max-snippet:-1","max-image-preview":"max-image-preview:large","max-video-preview":"max-video-preview:-1"},"canonical":"https:\/\/www.szenik.eu\/de\/gesprach-mit-der-tanzkompanie-bo-komplex-und-dem-schweizer-kollektiv-t42dance-uber-ihr-interdisziplinares-tanzprojekt-fright-fight-flight-16265","og_locale":"de_DE","og_type":"article","og_title":"szenikmag: Gespr\u00e4ch mit der Tanzkompanie bo komplex und dem Schweizer Kollektiv\u00a0T42dance","og_description":"(Infos & Video) szenikmag im Gespr\u00e4ch mit der Tanzkompanie bo komplex und dem Schweizer Kollektiv\u00a0T42dance anl\u00e4sslich der Premiere ihrer neuen Performance.","og_url":"https:\/\/www.szenik.eu\/de\/gesprach-mit-der-tanzkompanie-bo-komplex-und-dem-schweizer-kollektiv-t42dance-uber-ihr-interdisziplinares-tanzprojekt-fright-fight-flight-16265","og_site_name":"szenik","article_publisher":"https:\/\/www.facebook.com\/szenik.eu\/","article_published_time":"2018-11-12T16:07:50+00:00","article_modified_time":"2019-08-13T13:08:33+00:00","og_image":[{"width":512,"height":512,"url":"https:\/\/www.szenik.eu\/wp-content\/uploads\/2019\/07\/logo-square.png","type":"image\/png"}],"author":"szenik","twitter_card":"summary_large_image","twitter_creator":"@Szenik","twitter_site":"@Szenik","twitter_misc":{"Verfasst von":"szenik","Gesch\u00e4tzte Lesezeit":"1\u00a0Minute"},"schema":{"@context":"https:\/\/schema.org","@graph":[{"@type":"Article","@id":"https:\/\/www.szenik.eu\/de\/gesprach-mit-der-tanzkompanie-bo-komplex-und-dem-schweizer-kollektiv-t42dance-uber-ihr-interdisziplinares-tanzprojekt-fright-fight-flight-16265#article","isPartOf":{"@id":"https:\/\/www.szenik.eu\/de\/gesprach-mit-der-tanzkompanie-bo-komplex-und-dem-schweizer-kollektiv-t42dance-uber-ihr-interdisziplinares-tanzprojekt-fright-fight-flight-16265"},"author":{"name":"szenik","@id":"https:\/\/www.szenik.eu\/de\/#\/schema\/person\/15f73f175b41bad194837490339d48fb"},"headline":"Gespr\u00e4ch mit der Tanzkompanie bo komplex und dem Schweizer Kollektiv\u00a0T42dance \u00fcber ihr interdisziplin\u00e4res Tanzprojekt FRIGHT FIGHT FLIGHT.","datePublished":"2018-11-12T16:07:50+00:00","dateModified":"2019-08-13T13:08:33+00:00","mainEntityOfPage":{"@id":"https:\/\/www.szenik.eu\/de\/gesprach-mit-der-tanzkompanie-bo-komplex-und-dem-schweizer-kollektiv-t42dance-uber-ihr-interdisziplinares-tanzprojekt-fright-fight-flight-16265"},"wordCount":288,"commentCount":0,"publisher":{"@id":"https:\/\/www.szenik.eu\/de\/#organization"},"keywords":["bo komplex","Bonn","FRIGHT FIGHT FLIGHT.","Kollektiv\u00a0T42dance","K\u00fcnstlerforum Bonn","Tanz"],"articleSection":["Portr\u00e4ts und Gespr\u00e4che"],"inLanguage":"de","potentialAction":[{"@type":"CommentAction","name":"Comment","target":["https:\/\/www.szenik.eu\/de\/gesprach-mit-der-tanzkompanie-bo-komplex-und-dem-schweizer-kollektiv-t42dance-uber-ihr-interdisziplinares-tanzprojekt-fright-fight-flight-16265#respond"]}]},{"@type":"WebPage","@id":"https:\/\/www.szenik.eu\/de\/gesprach-mit-der-tanzkompanie-bo-komplex-und-dem-schweizer-kollektiv-t42dance-uber-ihr-interdisziplinares-tanzprojekt-fright-fight-flight-16265","url":"https:\/\/www.szenik.eu\/de\/gesprach-mit-der-tanzkompanie-bo-komplex-und-dem-schweizer-kollektiv-t42dance-uber-ihr-interdisziplinares-tanzprojekt-fright-fight-flight-16265","name":"szenikmag: Gespr\u00e4ch mit der Tanzkompanie bo komplex und dem Schweizer Kollektiv\u00a0T42dance","isPartOf":{"@id":"https:\/\/www.szenik.eu\/de\/#website"},"datePublished":"2018-11-12T16:07:50+00:00","dateModified":"2019-08-13T13:08:33+00:00","description":"(Infos & Video) szenikmag im Gespr\u00e4ch mit der Tanzkompanie bo komplex und dem Schweizer Kollektiv\u00a0T42dance anl\u00e4sslich der Premiere ihrer neuen Performance.","breadcrumb":{"@id":"https:\/\/www.szenik.eu\/de\/gesprach-mit-der-tanzkompanie-bo-komplex-und-dem-schweizer-kollektiv-t42dance-uber-ihr-interdisziplinares-tanzprojekt-fright-fight-flight-16265#breadcrumb"},"inLanguage":"de","potentialAction":[{"@type":"ReadAction","target":["https:\/\/www.szenik.eu\/de\/gesprach-mit-der-tanzkompanie-bo-komplex-und-dem-schweizer-kollektiv-t42dance-uber-ihr-interdisziplinares-tanzprojekt-fright-fight-flight-16265"]}]},{"@type":"BreadcrumbList","@id":"https:\/\/www.szenik.eu\/de\/gesprach-mit-der-tanzkompanie-bo-komplex-und-dem-schweizer-kollektiv-t42dance-uber-ihr-interdisziplinares-tanzprojekt-fright-fight-flight-16265#breadcrumb","itemListElement":[{"@type":"ListItem","position":1,"name":"Home","item":"https:\/\/www.szenik.eu\/de"},{"@type":"ListItem","position":2,"name":"Gespr\u00e4ch mit der Tanzkompanie bo komplex und dem Schweizer Kollektiv\u00a0T42dance \u00fcber ihr interdisziplin\u00e4res Tanzprojekt FRIGHT FIGHT FLIGHT."}]},{"@type":"WebSite","@id":"https:\/\/www.szenik.eu\/de\/#website","url":"https:\/\/www.szenik.eu\/de\/","name":"szenik","description":"Le Meilleur des sc\u00e8nes au coeur de l&#039;Europe","publisher":{"@id":"https:\/\/www.szenik.eu\/de\/#organization"},"potentialAction":[{"@type":"SearchAction","target":{"@type":"EntryPoint","urlTemplate":"https:\/\/www.szenik.eu\/de\/?s={search_term_string}"},"query-input":"required name=search_term_string"}],"inLanguage":"de"},{"@type":"Organization","@id":"https:\/\/www.szenik.eu\/de\/#organization","name":"Szenik","url":"https:\/\/www.szenik.eu\/de\/","logo":{"@type":"ImageObject","inLanguage":"de","@id":"https:\/\/www.szenik.eu\/de\/#\/schema\/logo\/image\/","url":"https:\/\/www.szenik.eu\/wp-content\/uploads\/2019\/07\/logo-square.png","contentUrl":"https:\/\/www.szenik.eu\/wp-content\/uploads\/2019\/07\/logo-square.png","width":512,"height":512,"caption":"Szenik"},"image":{"@id":"https:\/\/www.szenik.eu\/de\/#\/schema\/logo\/image\/"},"sameAs":["https:\/\/www.facebook.com\/szenik.eu\/","https:\/\/twitter.com\/Szenik","https:\/\/www.instagram.com\/szenik_magazine\/","https:\/\/www.youtube.com\/user\/SzenikEU\/"]},{"@type":"Person","@id":"https:\/\/www.szenik.eu\/de\/#\/schema\/person\/15f73f175b41bad194837490339d48fb","name":"szenik","image":{"@type":"ImageObject","inLanguage":"de","@id":"https:\/\/www.szenik.eu\/de\/#\/schema\/person\/image\/","url":"https:\/\/secure.gravatar.com\/avatar\/d1c4f19522a624a4eaa5e6c03e22370b?s=96&d=mm&r=g","contentUrl":"https:\/\/secure.gravatar.com\/avatar\/d1c4f19522a624a4eaa5e6c03e22370b?s=96&d=mm&r=g","caption":"szenik"}}]}},"jetpack_featured_media_url":"https:\/\/www.szenik.eu\/wp-content\/uploads\/older\/cac_\/fright_fight_flight_ii!_670x375!_1!_0x0!_0!_FFFFFF.jpg","amp_enabled":true,"_links":{"self":[{"href":"https:\/\/www.szenik.eu\/de\/wp-json\/\/wp\/v2\/posts\/16265"}],"collection":[{"href":"https:\/\/www.szenik.eu\/de\/wp-json\/\/wp\/v2\/posts"}],"about":[{"href":"https:\/\/www.szenik.eu\/de\/wp-json\/\/wp\/v2\/types\/post"}],"author":[{"embeddable":true,"href":"https:\/\/www.szenik.eu\/de\/wp-json\/\/wp\/v2\/users\/1"}],"replies":[{"embeddable":true,"href":"https:\/\/www.szenik.eu\/de\/wp-json\/\/wp\/v2\/comments?post=16265"}],"version-history":[{"count":1,"href":"https:\/\/www.szenik.eu\/de\/wp-json\/\/wp\/v2\/posts\/16265\/revisions"}],"predecessor-version":[{"id":22684,"href":"https:\/\/www.szenik.eu\/de\/wp-json\/\/wp\/v2\/posts\/16265\/revisions\/22684"}],"wp:featuredmedia":[{"embeddable":true,"href":"https:\/\/www.szenik.eu\/de\/wp-json\/\/wp\/v2\/media\/16266"}],"wp:attachment":[{"href":"https:\/\/www.szenik.eu\/de\/wp-json\/\/wp\/v2\/media?parent=16265"}],"wp:term":[{"taxonomy":"category","embeddable":true,"href":"https:\/\/www.szenik.eu\/de\/wp-json\/\/wp\/v2\/categories?post=16265"},{"taxonomy":"post_tag","embeddable":true,"href":"https:\/\/www.szenik.eu\/de\/wp-json\/\/wp\/v2\/tags?post=16265"}],"curies":[{"name":"wp","href":"https:\/\/api.w.org\/{rel}","templated":true}]}}