{"id":16241,"date":"2018-09-10T14:40:11","date_gmt":"2018-09-10T12:40:11","guid":{"rendered":"http:\/\/localhost:8080\/?p=16241"},"modified":"2019-08-13T15:15:23","modified_gmt":"2019-08-13T13:15:23","slug":"interview-mit-axel-preu-dem-neuen-intendanten-der-schauspielbuhnen-in-stuttgart","status":"publish","type":"post","link":"https:\/\/www.szenik.eu\/de\/interview-mit-axel-preu-dem-neuen-intendanten-der-schauspielbuhnen-in-stuttgart-16241","title":{"rendered":"Interview mit Axel Preu\u00df, dem neuen Intendanten der Schauspielb\u00fchnen in Stuttgart"},"content":{"rendered":"<p><span style=\"font-size: medium;\">Durch ihre K&ouml;rper flie&szlig;t die Liebe zur B&uuml;hnenkunst; sie werden von zahlreichen Ideen und unaufhaltsamem Enthusiasmus angetrieben. Seit einigen Jahren im kulturellen Bereich aktiv, haben sie in dieser Saison die Leitung einer kulturellen Institution (oder einer Sparte) &uuml;bernommen und machen es sich zur Aufgabe, zahlreiche Zuschauer anzulocken und sie mit spannenden, &uuml;berraschenden und neuen Spektakeln in Staunen zu versetzen. Von wem wir sprechen? Von den neuen Intendanten und Intendantinnen, Direktoren und Direktorinnen bekannter Einrichtungen unserer Region! Nat&uuml;rlich sind wir neugierig und m&ouml;chten schon jetzt mehr &uuml;ber ihren Werdegang, ihre Pl&auml;ne und liebsten Gewohnheiten erfahren. Geht es Ihnen genauso? Dann freuen wir uns sagen zu d&uuml;rfen: Vorhang auf f&uuml;r&#8230; <strong>Axel Preu&szlig;<\/strong>, dem neuen Intendanten der <strong>Schauspielb&uuml;hnen<\/strong> in <strong>Stuttgart<\/strong>!&nbsp;<\/span><\/p>\n<p>&nbsp;<\/p>\n<p>&nbsp;<\/p>\n<p><strong><span style=\"font-size: medium;\">POSTEN <\/span><\/strong><\/p>\n<p><span style=\"font-size: medium;\">Intendant Schauspielb&uuml;hnen in Stuttgart<\/span><\/p>\n<p><span style=\"font-size: medium;\">&nbsp;<\/span><\/p>\n<p><strong><span style=\"font-size: medium;\">LAUFBAHN&nbsp; <\/span><\/strong><\/p>\n<p><span style=\"font-size: medium;\">W&auml;hrend meines Studiums arbeitete ich zun&auml;chst in der freien Szene Berlins. Dann bekam ich eine Regieassistenz am Deutschen Theater angeboten. Anschlie&szlig;end arbeitete ich als Dramaturg am Volkstheater Rostock, als Chefdramaturg am Landestheater T&uuml;bingen und am Staatstheater Braunschweig sowie als Schauspieldirektor am Theater Heidelberg und am Badischen Staatstheater Karlsruhe. <\/span><\/p>\n<p><span style=\"font-size: medium;\">Seit dem 1.8.2018 bin ich Intendant an den Schauspielb&uuml;hnen in Stuttgart. Die Schauspielb&uuml;hnen liegen im Herzen der Stadt und haben zwei B&uuml;hnen: das sch&ouml;ne <span style=\"color: #cd515d;\">Alte Schauspielhaus<\/span>, 1909 erbaut im Jugendstil, und die <span style=\"color: #cd515d;\">Kom&ouml;die im Marquardt<\/span>, die in den 1950er Jahren im Festsaal des vormaligen Hotels &laquo;Marquardt&raquo; eingerichtet wurde.&nbsp;<\/span><\/p>\n<p><span style=\"font-size: medium;\">&nbsp;<\/span><\/p>\n<p><strong><span style=\"font-size: medium;\">DER ERSTE THEATER\/TANZ\/OPERNBESUCH? <\/span><\/strong><\/p>\n<p><span style=\"font-size: medium;\">Erst im Schwarzwei&szlig;fernsehen und sp&auml;ter live und in Farbe: Das <em>Ohnsorg Theater<\/em> in Hamburg. Das ist ein Volkstheater, wo bis heute Unterhaltungsst&uuml;cke in Mundart gespielt werden. Da standen tolle Volksschauspieler auf der B&uuml;hne, die &uuml;berzeugend Menschen mit all ihren Schw&auml;chen und Spleens darstellten, und zugleich eine lustige Komplizenschaft mit dem Publikum pflegten.&nbsp;<\/span><\/p>\n<p><span style=\"font-size: medium;\">&nbsp;<\/span><\/p>\n<p><strong><span style=\"font-size: medium;\">EIN THEATER\/TANZ\/OPERNABEND, DER IHNEN BESONDERS IN ERINNERUNG GEBLIEBEN IST?&nbsp; <\/span><\/strong><\/p>\n<p><span style=\"font-size: medium;\">Die Urauff&uuml;hrung von <em><span style=\"color: #cd515d;\">Festung<\/span> <\/em>Anfang der 90er Jahre am Deutsches Schauspielhaus in Hamburg. Der Intendant Frank Baumbauer hatte ein fabelhaftes Ensemble, Hannelore Hoger zum Beispiel spielte darin eine Obdachlose. Das war gro&szlig;artig und es war mutig, weil die Theatertexte von Rainald Goetz nicht nur reine k&uuml;nstlerische Herausforderung sind, sondern weil Baumbauer das St&uuml;ck im riesigen Schauspielhaus auff&uuml;hren lie&szlig;. Genial! Habe ich mir etliche Male angesehen. Genauso wie <span style=\"color: #cd515d;\"><em>Ghetto<\/em> <\/span>von Joshua Sobol, ebenfalls am Hamburger Schauspielhaus, mit dem damals noch ganz jungen Ulrich Tukur als ebenso musikalischer wie m&ouml;rderischer Offizier Kittel.<\/span><\/p>\n<p><span style=\"font-size: medium;\">&nbsp;<\/span><\/p>\n<p><span style=\"font-size: medium;\"><strong>WORAUF FREUEN SIE SICH IN DIESER SAISON?<\/strong> <\/span><\/p>\n<p><span style=\"font-size: medium;\">Auf die Schauspieler*innen, die wir f&uuml;r beide B&uuml;hnen gewinnen konnten, auf das Stuttgarter Publikum, das ich als sehr treu und interessiert wahrnehme, und auf die Zusammenarbeit mit dem tollen Team der Schauspielb&uuml;hnen. Es geht hier sehr famili&auml;r zu. Alle kennen alle. Und viele Kolleg*innen sind schon sehr lange am Haus. Das mag ich sehr.&nbsp;<\/span><\/p>\n<p><span style=\"font-size: medium;\">&nbsp;<\/span><\/p>\n<p><strong><span style=\"font-size: medium;\">EINE(N) REGISSEUR\/IN, CHOREOGRAF\/IN, S&Auml;NGER\/IN ODER SCHAUSPIELER\/IN, DEN\/DIE SIE LIEBEND GERN EINMAL IN IHREM HAUS WILLKOMMEN HEISSEN M&Ouml;CHTEN? <\/span><\/strong><\/p>\n<p><span style=\"font-size: medium;\">Es arbeiten viele tolle K&uuml;nstler*innen in dieser Spielzeit bei uns. Theater lebt von der richtigen Dosierung von Kontinuit&auml;t und Wandel. Jetzt starten wir erst einmal fr&ouml;hlich und voller Tatendrang in die erste Spielzeit. Und dann lassen wir uns &uuml;berraschen, welche neuen K&uuml;nstler*innen in 2019\/2020 unser Theater bereichern.<\/span><\/p>\n<p><span style=\"font-size: medium;\">&nbsp;<\/span><\/p>\n<p><strong><span style=\"font-size: medium;\">WIE IST IHR NEUES B&Uuml;RO? <\/span><\/strong><\/p>\n<p><span style=\"font-size: medium;\">Sehr sch&ouml;n, direkt unter dem Dach gelegen und verwinkelt. Zugleich gro&szlig; genug f&uuml;r t&auml;gliche Gespr&auml;chsrunden mit dem Team. Derzeit aber noch unaufger&auml;umt vom frischen Einzug.&nbsp;<\/span><\/p>\n<p><span style=\"font-size: medium;\">&nbsp;<\/span><\/p>\n<p><strong><span style=\"font-size: medium;\">WAS SEHEN SIE VON IHREM FENSTER AUS? <\/span><\/strong><\/p>\n<p><span style=\"font-size: medium;\">Stuttgarter Hinterh&ouml;fe mit vielen Fenstern und vereinzelten Balkonen, zu viele Tauben und zwischen zwei H&auml;usern die T&uuml;binger Stra&szlig;e, wo permanent Passanten und sogar recht h&auml;ufig Demonstrationen durchziehen. Alles sehr urban. Super!<\/span><\/p>\n<p><span style=\"font-size: medium;\">&nbsp;<\/span><\/p>\n<p><strong><span style=\"font-size: medium;\">HABEN SIE SCHON EINEN LIEBLINGSPLATZ IM GEB&Auml;UDE?<\/span><\/strong><\/p>\n<p><span style=\"font-size: medium;\">Ja, im Parkett des Alten Schauspielhauses: Reihe 9, Platz 167. Von dort sehe ich die Proben zu unserer Er&ouml;ffnungspremiere von Schillers <em><span style=\"color: #cd515d;\">Maria Stuart<\/span><\/em>. Wir fiebern der Er&ouml;ffnung am 14.9.18 entgegen. Die Schauspieler*innen sind toll&nbsp;! ich bin sehr gl&uuml;cklich und beeindruckt, wie Alina Rank als Maria Stuart und Franziska Beyer als K&ouml;nigin Elisabeth die Figuren zu ganz heutigen Menschen machen, die mir nahe gehen und mich ber&uuml;hren, obwohl wir ausschlie&szlig;lich mit Schillers literarischer Sprache umgehen, die &uuml;ber 200 Jahre alt ist.&nbsp;<\/span><\/p>\n<p><span style=\"font-size: medium;\">&nbsp;<\/span><\/p>\n<p><strong><span style=\"font-size: medium;\">KAFFEE-ODER TEEPAUSE? <\/span><\/strong><\/p>\n<p><span style=\"font-size: medium;\">Kaffee! Gerne! Viel!&nbsp;<\/span><\/p>\n<p><span style=\"font-size: medium;\">&nbsp;<\/span><\/p>\n<p><strong><span style=\"font-size: medium;\">WO VERBRINGEN SIE IHRE MITTAGSPAUSE? <\/span><\/strong><\/p>\n<p><span style=\"font-size: medium;\">Es gibt einen sehr guten Asia-Imbiss, keine 50 Meter vom Theater entfernt. Der Betreiber bereitet jedes Essen frisch zu. Gleich daneben ist ein weiteres kleines Imbisslokal, das ein t&auml;glich wechselndes Gericht anbietet mit selbst gemachter Pasta. Und wenn ich Lust auf was andres habe, gehe ich zum Imbiss gleich daneben, da gibt es Schawarma.<\/span><\/p>\n<p><span style=\"font-size: medium;\">&nbsp;<\/span><\/p>\n<p><strong><span style=\"font-size: medium;\">BUCH ODER SERIE AM ABEND&nbsp;(UND WELCHE(S) IST ES MOMENTAN)?<\/span><\/strong><\/p>\n<p><span style=\"font-size: medium;\">Derzeit lese ich t&auml;glich Theaterst&uuml;cke f&uuml;r die Spielzeit 19\/20. Serien gucke ich seit <span style=\"color: #cd515d;\">Twin Peaks<\/span> nicht mehr. Die erfordern regelm&auml;&szlig;ig Zeit, die ich nicht habe. Ich gucke gern 90-Min&uuml;ter: Spielfilme oder Fu&szlig;ball &ndash; am besten im Kino bzw. im Stadion.<\/span><\/p>\n<p><span style=\"font-size: medium;\">&nbsp;<\/span><\/p>\n<p><span style=\"font-size: medium;\"><strong>WELCHE MUSIK TREIBT SIE AN?<\/strong> <\/span><\/p>\n<p><span style=\"font-size: medium;\">Ich liebe vieles, je nach Stimmung und Tageszeit&nbsp;: einzigartige Stimmen wie Hildegard Knef und Janis Joplin, klassische Musik von Bach, Mozart und Chopin, unsterbliche Easy Listening-Arrangeure wie James Last oder Bert Kaempfert, Rock&acute;n&acute;Roll-V&ouml;gel wie die Faces, die sp&auml;ter auch Rod Stewarts erste Soloplatten einspielten, die zeitlosen Doors, dazu Musiker*innen von heute wie C&auml;the, Jan Delay oder Mary J. Blige. Und Udo Lindenberg, der immer einen Platz in meinem Herzen haben wird, obwohl ich ihn gar nicht so oft h&ouml;re.<\/span><\/p>\n<p><span style=\"font-size: medium;\">&nbsp;<\/span><\/p>\n<p><strong><span style=\"font-size: medium;\">WAS MACHEN SIE NACH EINEM LANGEN ARBEITSTAG? <\/span><\/strong><\/p>\n<p><span style=\"font-size: medium;\">Nachhause radeln, Nachrichten gucken, lesen.<\/span><\/p>\n<p><span style=\"font-size: medium;\">&nbsp;<\/span><\/p>\n<p><strong><span style=\"font-size: medium;\">EINE THEATER\/TANZ\/OPERNFIGUR, DIE IHNEN &Auml;HNELT?&nbsp;<\/span><\/strong><\/p>\n<p><span style=\"font-size: medium;\">Die Demokratie und unsere Zivilgesellschaft sind gro&szlig;artige historische Errungenschaften, aber sie stellen uns B&uuml;rger*innen auch vor gro&szlig;e Herausforderungen. Lutz H&uuml;bner und Sarah Nemitz schreiben dar&uuml;ber sehr erfolgreiche St&uuml;cke. In den Figuren einer Kom&ouml;die wie <span style=\"color: #cd515d;\"><em>Willkommen<\/em><\/span> f&uuml;hle ich mich mitunter sehr gut beschrieben.<\/span><\/p>\n<p>&nbsp;<\/p>\n<p>&nbsp;<\/p>\n<p><span style=\"font-size: medium;\">____________________________________________________________________<\/span><\/p>\n<p><span style=\"font-size: medium;\">Die <a href=\"https:\/\/schauspielbuehnen.de\" target=\"_blank\" rel=\"noopener noreferrer\">Homepage<\/a> der <strong>Schauspielb&uuml;hnen Stuttgart<br \/><\/strong><\/span><\/p>\n<p><span style=\"font-size: medium;\">Weitere Informationen zu den Auff&uuml;hrungen von Maria Stuart auf <a href=\"https:\/\/schauspielbuehnen.de\/programm\/maria-stuart\" target=\"_blank\" rel=\"noopener noreferrer\">der Seite der Schauspielb&uuml;hnen Stuttgart<\/a><\/span><\/p>\n<p><em>&nbsp;<\/em><\/p>\n<p>&nbsp;<\/p>\n<p>Foto: Volker Beinhorn<\/p>\n","protected":false},"excerpt":{"rendered":"<p><span style=\"font-size: medium;\">Durch ihre K&ouml;rper flie&szlig;t die Liebe zur B&uuml;hnenkunst; sie werden von zahlreichen Ideen und unaufhaltsamem Enthusiasmus angetrieben. Seit einigen Jahren im kulturellen Bereich aktiv, haben sie in dieser Saison die Leitung einer kulturellen Institution (oder einer Sparte) &uuml;bernommen und machen es sich zur Aufgabe, zahlreiche Zuschauer anzulocken und sie mit spannenden, &uuml;berraschenden und neuen Spektakeln in Staunen zu versetzen. Von wem wir sprechen? Von den neuen Intendanten und Intendantinnen, Direktoren und Direktorinnen bekannter Einrichtungen unserer Region! Nat&uuml;rlich sind wir neugierig und m&ouml;chten schon jetzt mehr &uuml;ber ihren Werdegang, ihre Pl&auml;ne und liebsten Gewohnheiten erfahren. Geht es Ihnen genauso? Dann freuen wir uns sagen zu d&uuml;rfen: Vorhang auf f&uuml;r&#8230; <strong>Axel Preu&szlig;<\/strong>, dem neuen Intendanten der <strong>Schauspielb&uuml;hnen<\/strong> in <strong>Stuttgart<\/strong>!&nbsp;<\/span><\/p>\n","protected":false},"author":5,"featured_media":16242,"comment_status":"open","ping_status":"closed","sticky":false,"template":"","format":"standard","meta":{"_monsterinsights_skip_tracking":false,"_monsterinsights_sitenote_active":false,"_monsterinsights_sitenote_note":"","_monsterinsights_sitenote_category":0},"categories":[53],"tags":[2851,2287,2770],"yoast_head":"<!-- This site is optimized with the Yoast SEO plugin v20.5 - https:\/\/yoast.com\/wordpress\/plugins\/seo\/ -->\n<title>Vorhang auf f\u00fcr... Axel Preu\u00df<\/title>\n<meta name=\"description\" content=\"(Infos &amp; Video) Interview mit Axel Preu\u00df, dem neuen Intendanten der Schauspielb\u00fchnen Stuttgart.\" \/>\n<meta name=\"robots\" content=\"index, follow, max-snippet:-1, max-image-preview:large, max-video-preview:-1\" \/>\n<link rel=\"canonical\" href=\"https:\/\/www.szenik.eu\/de\/interview-mit-axel-preu-dem-neuen-intendanten-der-schauspielbuhnen-in-stuttgart-16241\" \/>\n<meta property=\"og:locale\" content=\"de_DE\" \/>\n<meta property=\"og:type\" content=\"article\" \/>\n<meta property=\"og:title\" content=\"Vorhang auf f\u00fcr... Axel Preu\u00df\" \/>\n<meta property=\"og:description\" content=\"(Infos &amp; Video) Interview mit Axel Preu\u00df, dem neuen Intendanten der Schauspielb\u00fchnen Stuttgart.\" \/>\n<meta property=\"og:url\" content=\"https:\/\/www.szenik.eu\/de\/interview-mit-axel-preu-dem-neuen-intendanten-der-schauspielbuhnen-in-stuttgart-16241\" \/>\n<meta property=\"og:site_name\" content=\"szenik\" \/>\n<meta property=\"article:publisher\" content=\"https:\/\/www.facebook.com\/szenik.eu\/\" \/>\n<meta property=\"article:published_time\" content=\"2018-09-10T12:40:11+00:00\" \/>\n<meta property=\"article:modified_time\" content=\"2019-08-13T13:15:23+00:00\" \/>\n<meta property=\"og:image\" content=\"https:\/\/www.szenik.eu\/wp-content\/uploads\/2019\/07\/logo-square.png\" \/>\n\t<meta property=\"og:image:width\" content=\"512\" \/>\n\t<meta property=\"og:image:height\" content=\"512\" \/>\n\t<meta property=\"og:image:type\" content=\"image\/png\" \/>\n<meta name=\"author\" content=\"Jenny Lippmann\" \/>\n<meta name=\"twitter:card\" content=\"summary_large_image\" \/>\n<meta name=\"twitter:creator\" content=\"@Szenik\" \/>\n<meta name=\"twitter:site\" content=\"@Szenik\" \/>\n<meta name=\"twitter:label1\" content=\"Verfasst von\" \/>\n\t<meta name=\"twitter:data1\" content=\"Jenny Lippmann\" \/>\n\t<meta name=\"twitter:label2\" content=\"Gesch\u00e4tzte Lesezeit\" \/>\n\t<meta name=\"twitter:data2\" content=\"6\u00a0Minuten\" \/>\n<script type=\"application\/ld+json\" class=\"yoast-schema-graph\">{\"@context\":\"https:\/\/schema.org\",\"@graph\":[{\"@type\":\"Article\",\"@id\":\"https:\/\/www.szenik.eu\/de\/interview-mit-axel-preu-dem-neuen-intendanten-der-schauspielbuhnen-in-stuttgart-16241#article\",\"isPartOf\":{\"@id\":\"https:\/\/www.szenik.eu\/de\/interview-mit-axel-preu-dem-neuen-intendanten-der-schauspielbuhnen-in-stuttgart-16241\"},\"author\":{\"name\":\"Jenny Lippmann\",\"@id\":\"https:\/\/www.szenik.eu\/de\/#\/schema\/person\/425e4f17ab5b4f361ed1a0c194180c43\"},\"headline\":\"Interview mit Axel Preu\u00df, dem neuen Intendanten der Schauspielb\u00fchnen in Stuttgart\",\"datePublished\":\"2018-09-10T12:40:11+00:00\",\"dateModified\":\"2019-08-13T13:15:23+00:00\",\"mainEntityOfPage\":{\"@id\":\"https:\/\/www.szenik.eu\/de\/interview-mit-axel-preu-dem-neuen-intendanten-der-schauspielbuhnen-in-stuttgart-16241\"},\"wordCount\":1165,\"commentCount\":0,\"publisher\":{\"@id\":\"https:\/\/www.szenik.eu\/de\/#organization\"},\"keywords\":[\"Axel Preu\u00df\",\"Schauspielb\u00fchnen Stuttgart\",\"Stuttgart\"],\"articleSection\":[\"Magazin\"],\"inLanguage\":\"de\",\"potentialAction\":[{\"@type\":\"CommentAction\",\"name\":\"Comment\",\"target\":[\"https:\/\/www.szenik.eu\/de\/interview-mit-axel-preu-dem-neuen-intendanten-der-schauspielbuhnen-in-stuttgart-16241#respond\"]}]},{\"@type\":\"WebPage\",\"@id\":\"https:\/\/www.szenik.eu\/de\/interview-mit-axel-preu-dem-neuen-intendanten-der-schauspielbuhnen-in-stuttgart-16241\",\"url\":\"https:\/\/www.szenik.eu\/de\/interview-mit-axel-preu-dem-neuen-intendanten-der-schauspielbuhnen-in-stuttgart-16241\",\"name\":\"Vorhang auf f\u00fcr... Axel Preu\u00df\",\"isPartOf\":{\"@id\":\"https:\/\/www.szenik.eu\/de\/#website\"},\"datePublished\":\"2018-09-10T12:40:11+00:00\",\"dateModified\":\"2019-08-13T13:15:23+00:00\",\"description\":\"(Infos & Video) Interview mit Axel Preu\u00df, dem neuen Intendanten der Schauspielb\u00fchnen Stuttgart.\",\"breadcrumb\":{\"@id\":\"https:\/\/www.szenik.eu\/de\/interview-mit-axel-preu-dem-neuen-intendanten-der-schauspielbuhnen-in-stuttgart-16241#breadcrumb\"},\"inLanguage\":\"de\",\"potentialAction\":[{\"@type\":\"ReadAction\",\"target\":[\"https:\/\/www.szenik.eu\/de\/interview-mit-axel-preu-dem-neuen-intendanten-der-schauspielbuhnen-in-stuttgart-16241\"]}]},{\"@type\":\"BreadcrumbList\",\"@id\":\"https:\/\/www.szenik.eu\/de\/interview-mit-axel-preu-dem-neuen-intendanten-der-schauspielbuhnen-in-stuttgart-16241#breadcrumb\",\"itemListElement\":[{\"@type\":\"ListItem\",\"position\":1,\"name\":\"Home\",\"item\":\"https:\/\/www.szenik.eu\/de\"},{\"@type\":\"ListItem\",\"position\":2,\"name\":\"Interview mit Axel Preu\u00df, dem neuen Intendanten der Schauspielb\u00fchnen in Stuttgart\"}]},{\"@type\":\"WebSite\",\"@id\":\"https:\/\/www.szenik.eu\/de\/#website\",\"url\":\"https:\/\/www.szenik.eu\/de\/\",\"name\":\"szenik\",\"description\":\"Le Meilleur des sc\u00e8nes au coeur de l&#039;Europe\",\"publisher\":{\"@id\":\"https:\/\/www.szenik.eu\/de\/#organization\"},\"potentialAction\":[{\"@type\":\"SearchAction\",\"target\":{\"@type\":\"EntryPoint\",\"urlTemplate\":\"https:\/\/www.szenik.eu\/de\/?s={search_term_string}\"},\"query-input\":\"required name=search_term_string\"}],\"inLanguage\":\"de\"},{\"@type\":\"Organization\",\"@id\":\"https:\/\/www.szenik.eu\/de\/#organization\",\"name\":\"Szenik\",\"url\":\"https:\/\/www.szenik.eu\/de\/\",\"logo\":{\"@type\":\"ImageObject\",\"inLanguage\":\"de\",\"@id\":\"https:\/\/www.szenik.eu\/de\/#\/schema\/logo\/image\/\",\"url\":\"https:\/\/www.szenik.eu\/wp-content\/uploads\/2019\/07\/logo-square.png\",\"contentUrl\":\"https:\/\/www.szenik.eu\/wp-content\/uploads\/2019\/07\/logo-square.png\",\"width\":512,\"height\":512,\"caption\":\"Szenik\"},\"image\":{\"@id\":\"https:\/\/www.szenik.eu\/de\/#\/schema\/logo\/image\/\"},\"sameAs\":[\"https:\/\/www.facebook.com\/szenik.eu\/\",\"https:\/\/twitter.com\/Szenik\",\"https:\/\/www.instagram.com\/szenik_magazine\/\",\"https:\/\/www.youtube.com\/user\/SzenikEU\/\"]},{\"@type\":\"Person\",\"@id\":\"https:\/\/www.szenik.eu\/de\/#\/schema\/person\/425e4f17ab5b4f361ed1a0c194180c43\",\"name\":\"Jenny Lippmann\",\"image\":{\"@type\":\"ImageObject\",\"inLanguage\":\"de\",\"@id\":\"https:\/\/www.szenik.eu\/de\/#\/schema\/person\/image\/\",\"url\":\"https:\/\/secure.gravatar.com\/avatar\/1cf2c6ce8b5e3cab7b86a97931c9f97e?s=96&d=mm&r=g\",\"contentUrl\":\"https:\/\/secure.gravatar.com\/avatar\/1cf2c6ce8b5e3cab7b86a97931c9f97e?s=96&d=mm&r=g\",\"caption\":\"Jenny Lippmann\"}}]}<\/script>\n<!-- \/ Yoast SEO plugin. -->","yoast_head_json":{"title":"Vorhang auf f\u00fcr... Axel Preu\u00df","description":"(Infos & Video) Interview mit Axel Preu\u00df, dem neuen Intendanten der Schauspielb\u00fchnen Stuttgart.","robots":{"index":"index","follow":"follow","max-snippet":"max-snippet:-1","max-image-preview":"max-image-preview:large","max-video-preview":"max-video-preview:-1"},"canonical":"https:\/\/www.szenik.eu\/de\/interview-mit-axel-preu-dem-neuen-intendanten-der-schauspielbuhnen-in-stuttgart-16241","og_locale":"de_DE","og_type":"article","og_title":"Vorhang auf f\u00fcr... Axel Preu\u00df","og_description":"(Infos & Video) Interview mit Axel Preu\u00df, dem neuen Intendanten der Schauspielb\u00fchnen Stuttgart.","og_url":"https:\/\/www.szenik.eu\/de\/interview-mit-axel-preu-dem-neuen-intendanten-der-schauspielbuhnen-in-stuttgart-16241","og_site_name":"szenik","article_publisher":"https:\/\/www.facebook.com\/szenik.eu\/","article_published_time":"2018-09-10T12:40:11+00:00","article_modified_time":"2019-08-13T13:15:23+00:00","og_image":[{"width":512,"height":512,"url":"https:\/\/www.szenik.eu\/wp-content\/uploads\/2019\/07\/logo-square.png","type":"image\/png"}],"author":"Jenny Lippmann","twitter_card":"summary_large_image","twitter_creator":"@Szenik","twitter_site":"@Szenik","twitter_misc":{"Verfasst von":"Jenny Lippmann","Gesch\u00e4tzte Lesezeit":"6\u00a0Minuten"},"schema":{"@context":"https:\/\/schema.org","@graph":[{"@type":"Article","@id":"https:\/\/www.szenik.eu\/de\/interview-mit-axel-preu-dem-neuen-intendanten-der-schauspielbuhnen-in-stuttgart-16241#article","isPartOf":{"@id":"https:\/\/www.szenik.eu\/de\/interview-mit-axel-preu-dem-neuen-intendanten-der-schauspielbuhnen-in-stuttgart-16241"},"author":{"name":"Jenny Lippmann","@id":"https:\/\/www.szenik.eu\/de\/#\/schema\/person\/425e4f17ab5b4f361ed1a0c194180c43"},"headline":"Interview mit Axel Preu\u00df, dem neuen Intendanten der Schauspielb\u00fchnen in Stuttgart","datePublished":"2018-09-10T12:40:11+00:00","dateModified":"2019-08-13T13:15:23+00:00","mainEntityOfPage":{"@id":"https:\/\/www.szenik.eu\/de\/interview-mit-axel-preu-dem-neuen-intendanten-der-schauspielbuhnen-in-stuttgart-16241"},"wordCount":1165,"commentCount":0,"publisher":{"@id":"https:\/\/www.szenik.eu\/de\/#organization"},"keywords":["Axel Preu\u00df","Schauspielb\u00fchnen Stuttgart","Stuttgart"],"articleSection":["Magazin"],"inLanguage":"de","potentialAction":[{"@type":"CommentAction","name":"Comment","target":["https:\/\/www.szenik.eu\/de\/interview-mit-axel-preu-dem-neuen-intendanten-der-schauspielbuhnen-in-stuttgart-16241#respond"]}]},{"@type":"WebPage","@id":"https:\/\/www.szenik.eu\/de\/interview-mit-axel-preu-dem-neuen-intendanten-der-schauspielbuhnen-in-stuttgart-16241","url":"https:\/\/www.szenik.eu\/de\/interview-mit-axel-preu-dem-neuen-intendanten-der-schauspielbuhnen-in-stuttgart-16241","name":"Vorhang auf f\u00fcr... Axel Preu\u00df","isPartOf":{"@id":"https:\/\/www.szenik.eu\/de\/#website"},"datePublished":"2018-09-10T12:40:11+00:00","dateModified":"2019-08-13T13:15:23+00:00","description":"(Infos & Video) Interview mit Axel Preu\u00df, dem neuen Intendanten der Schauspielb\u00fchnen Stuttgart.","breadcrumb":{"@id":"https:\/\/www.szenik.eu\/de\/interview-mit-axel-preu-dem-neuen-intendanten-der-schauspielbuhnen-in-stuttgart-16241#breadcrumb"},"inLanguage":"de","potentialAction":[{"@type":"ReadAction","target":["https:\/\/www.szenik.eu\/de\/interview-mit-axel-preu-dem-neuen-intendanten-der-schauspielbuhnen-in-stuttgart-16241"]}]},{"@type":"BreadcrumbList","@id":"https:\/\/www.szenik.eu\/de\/interview-mit-axel-preu-dem-neuen-intendanten-der-schauspielbuhnen-in-stuttgart-16241#breadcrumb","itemListElement":[{"@type":"ListItem","position":1,"name":"Home","item":"https:\/\/www.szenik.eu\/de"},{"@type":"ListItem","position":2,"name":"Interview mit Axel Preu\u00df, dem neuen Intendanten der Schauspielb\u00fchnen in Stuttgart"}]},{"@type":"WebSite","@id":"https:\/\/www.szenik.eu\/de\/#website","url":"https:\/\/www.szenik.eu\/de\/","name":"szenik","description":"Le Meilleur des sc\u00e8nes au coeur de l&#039;Europe","publisher":{"@id":"https:\/\/www.szenik.eu\/de\/#organization"},"potentialAction":[{"@type":"SearchAction","target":{"@type":"EntryPoint","urlTemplate":"https:\/\/www.szenik.eu\/de\/?s={search_term_string}"},"query-input":"required name=search_term_string"}],"inLanguage":"de"},{"@type":"Organization","@id":"https:\/\/www.szenik.eu\/de\/#organization","name":"Szenik","url":"https:\/\/www.szenik.eu\/de\/","logo":{"@type":"ImageObject","inLanguage":"de","@id":"https:\/\/www.szenik.eu\/de\/#\/schema\/logo\/image\/","url":"https:\/\/www.szenik.eu\/wp-content\/uploads\/2019\/07\/logo-square.png","contentUrl":"https:\/\/www.szenik.eu\/wp-content\/uploads\/2019\/07\/logo-square.png","width":512,"height":512,"caption":"Szenik"},"image":{"@id":"https:\/\/www.szenik.eu\/de\/#\/schema\/logo\/image\/"},"sameAs":["https:\/\/www.facebook.com\/szenik.eu\/","https:\/\/twitter.com\/Szenik","https:\/\/www.instagram.com\/szenik_magazine\/","https:\/\/www.youtube.com\/user\/SzenikEU\/"]},{"@type":"Person","@id":"https:\/\/www.szenik.eu\/de\/#\/schema\/person\/425e4f17ab5b4f361ed1a0c194180c43","name":"Jenny Lippmann","image":{"@type":"ImageObject","inLanguage":"de","@id":"https:\/\/www.szenik.eu\/de\/#\/schema\/person\/image\/","url":"https:\/\/secure.gravatar.com\/avatar\/1cf2c6ce8b5e3cab7b86a97931c9f97e?s=96&d=mm&r=g","contentUrl":"https:\/\/secure.gravatar.com\/avatar\/1cf2c6ce8b5e3cab7b86a97931c9f97e?s=96&d=mm&r=g","caption":"Jenny Lippmann"}}]}},"jetpack_featured_media_url":"https:\/\/www.szenik.eu\/wp-content\/uploads\/older\/cac_\/preusz_axel_volker_beinhorn!_670x375!_1!_0x192!_708x397!_FFFFFF.jpg","amp_enabled":true,"_links":{"self":[{"href":"https:\/\/www.szenik.eu\/de\/wp-json\/\/wp\/v2\/posts\/16241"}],"collection":[{"href":"https:\/\/www.szenik.eu\/de\/wp-json\/\/wp\/v2\/posts"}],"about":[{"href":"https:\/\/www.szenik.eu\/de\/wp-json\/\/wp\/v2\/types\/post"}],"author":[{"embeddable":true,"href":"https:\/\/www.szenik.eu\/de\/wp-json\/\/wp\/v2\/users\/5"}],"replies":[{"embeddable":true,"href":"https:\/\/www.szenik.eu\/de\/wp-json\/\/wp\/v2\/comments?post=16241"}],"version-history":[{"count":1,"href":"https:\/\/www.szenik.eu\/de\/wp-json\/\/wp\/v2\/posts\/16241\/revisions"}],"predecessor-version":[{"id":22689,"href":"https:\/\/www.szenik.eu\/de\/wp-json\/\/wp\/v2\/posts\/16241\/revisions\/22689"}],"wp:featuredmedia":[{"embeddable":true,"href":"https:\/\/www.szenik.eu\/de\/wp-json\/\/wp\/v2\/media\/16242"}],"wp:attachment":[{"href":"https:\/\/www.szenik.eu\/de\/wp-json\/\/wp\/v2\/media?parent=16241"}],"wp:term":[{"taxonomy":"category","embeddable":true,"href":"https:\/\/www.szenik.eu\/de\/wp-json\/\/wp\/v2\/categories?post=16241"},{"taxonomy":"post_tag","embeddable":true,"href":"https:\/\/www.szenik.eu\/de\/wp-json\/\/wp\/v2\/tags?post=16241"}],"curies":[{"name":"wp","href":"https:\/\/api.w.org\/{rel}","templated":true}]}}