{"id":16179,"date":"2017-10-17T15:29:32","date_gmt":"2017-10-17T13:29:32","guid":{"rendered":"http:\/\/localhost:8080\/?p=16179"},"modified":"2019-08-13T15:21:57","modified_gmt":"2019-08-13T13:21:57","slug":"das-salonfestival-in-karlsruhe-szenik-plaudert-mit-der-festivalleiterin-yoreme-waltz","status":"publish","type":"post","link":"https:\/\/www.szenik.eu\/de\/das-salonfestival-in-karlsruhe-szenik-plaudert-mit-der-festivalleiterin-yoreme-waltz-16179","title":{"rendered":"Das Salonfestival in Karlsruhe &#8211; szenik plaudert mit der Festivalleiterin Yoreme Waltz"},"content":{"rendered":"<p>&nbsp;<\/p>\n<p><span style=\"font-size: medium;\">Das Salonfestival in Karlsruhe startet in eine neue Ausgabe. Mit vielen, jungen K&uuml;nstlern m&ouml;chten die Organisatoren Kunst und Kultur in die eigenen vier W&auml;nde bringen. In kleinen Zuschauergruppen, an unbekannten Orten oder im eigenen Wohnzimmer ist es m&ouml;glich, mit Musikern, Schriftstellern, T&auml;nzern ins Gespr&auml;ch zu kommen, sowie seine Nachbarn n&auml;her kennenzulernen.&nbsp;<\/span><\/p>\n<p><span style=\"font-size: medium;\">szenik sprach mit der Festival-und Programmleiterin f&uuml;r Musik und Tanz, Yoreme Waltz, &uuml;ber diese Initiative, ihren Zweck und in Erinnerung gebliebene Momente. Es zeigt uns, wie darstellende Kunst und Musik v&ouml;llig unbekannte Menschen zusammenf&uuml;hren kann und wie wichtig solche Projekte f&uuml;r unsere Gesellschaft sind. Lernen Sie nun, mit Freude, ein interessantes Festival kennen, und vielleicht haben Sie daraufhin Lust, ebenfalls Ihre T&uuml;ren zu &ouml;ffnen.&nbsp;<\/span><\/p>\n<p>&nbsp;<\/p>\n<p><strong><span style=\"font-size: medium;\">Was ist das Konzept des Salonfestivals?<\/span><\/strong><\/p>\n<p><span style=\"font-size: medium;\">Eine andere Form der Begegnung schaffen &ndash; f&uuml;r Kunst und Kultur und gesellschaftliches Zusammenleben. Fern von den Massen, aktiv in kleinen R&auml;umen, in Lebens- und in Arbeitsr&auml;umen. Dabei mitgestaltend &ndash; hinter den Salons stehen private Gastgeber, Menschen, die T&uuml;ren &ouml;ffnen.<\/span><\/p>\n<p><span style=\"font-size: medium;\">&nbsp;<\/span><\/p>\n<p><strong><span style=\"font-size: medium;\">Wie viele Personen arbeiten an der Organisation des Festivals?<\/span><\/strong><\/p>\n<p><span style=\"font-size: medium;\">Bundesweit sind wir ein 24k&ouml;pfiges Team. Unser Redaktionsb&uuml;ro ist in K&ouml;ln, aber in den St&auml;dten arbeiten wir eigenst&auml;ndig, auch entsprechend dem Rhythmus der St&auml;dte. &nbsp;Das Programm wird von einem Programmleitungsteam &uuml;bergeordnet kuratiert. Ich mache z.B. zus&auml;tzlich zu meiner Festivalleitung in Karlsruhe die Programmleitung Musik und Tanz.<\/span><\/p>\n<p><span style=\"font-size: medium;\">&nbsp;<\/span><\/p>\n<p><strong><span style=\"font-size: medium;\">Wie finanziert sich ein solches Projekt?<\/span><\/strong><\/p>\n<p><span style=\"font-size: medium;\">Das Festival wird rein privat, ausschlie&szlig;lich &uuml;ber Spenden unserer F&ouml;rderer und Gastgeber finanziert. Es ist eine bewusste Entscheidung auf &ouml;ffentliche Gelder vollst&auml;ndig zu verzichten.<\/span><\/p>\n<p><span style=\"font-size: medium;\"><img decoding=\"async\" loading=\"lazy\" style=\"margin: 10px;\" src=\"\/wp-content\/uploads\/older\/pulsar_trio__druck.jpeg\" alt=\"\" width=\"615\" height=\"305\" \/>&nbsp;<\/span><\/p>\n<p><strong><span style=\"font-size: medium;\">Wie gestalten Sie das Programm?<\/span><\/strong><\/p>\n<p><span style=\"font-size: medium;\">Das Programm entsteht in enger Absprache mit unseren Gastgebern und richtet sich auch wesentlich nach den R&auml;umen, in denen die Veranstaltungen stattfinden. Wir haben im Musikbereich nat&uuml;rlich einen Pool von Bands und Musikern, mit denen wir zusammenarbeiten und die wir den Gastgebern vorstellen. Aber wir nehmen auch laufend neue K&uuml;nstler dazu, wenn uns beispielsweise ein Gastgeber einen bestimmten Vorschlag macht, oder ein ganz spezifisches Interesse an einer Musikrichtung hat.<\/span><\/p>\n<p><span style=\"font-size: medium;\">&nbsp;<\/span><\/p>\n<p><strong><span style=\"font-size: medium;\">Austausch und Kennenlernen &ndash; sind dies die Pfeiler des Festivals?<\/span><\/strong><\/p>\n<p><span style=\"font-size: medium;\">Der Kontakt und Austausch mit den Musikern oder Autoren\/ Vortragenden und den Menschen, die die Veranstaltung besuchen, ist das wichtigste Element des Salons.&nbsp; Es ist ein sehr intimes nachhaltiges Erlebnis, das die eigenen R&auml;ume nie wieder verl&auml;&szlig;t.<\/span><\/p>\n<p><span style=\"font-size: medium;\">Aber es gibt auch noch einen weiteren Aspekt, den jeder kennt, der ein Konzert besucht. Die Sehnsucht nach &bdquo;analoger&ldquo; Erfahrung. Obwohl wir so viel Musik etc. wie noch nie vorher st&auml;ndig greifbar haben, bleibt das konkrete Erlebnis eines Konzertes eine au&szlig;erordentlich bewegende Erfahrung. Dies wird in unseren Salons durch die intime N&auml;he noch einmal entschieden potenziert.<\/span><\/p>\n<p><span style=\"font-size: medium;\">&nbsp;<\/span><\/p>\n<p><strong><span style=\"font-size: medium;\">Wie hat sich das Festival seit 2014 entwickelt?<\/span><\/strong><\/p>\n<p><span style=\"font-size: medium;\">&bdquo;das salonfestival&ldquo; wurde 2014 in K&ouml;ln gegr&uuml;ndet mit dem Ziel die Idee bundesweit zu entwickeln. Bis Ende 2017 sind wir mit 500 Salons in 14 St&auml;dten.&nbsp; Und es kommen st&auml;ndig neue St&auml;dte, neue Gastgeber dazu. Zu Anfang lag der Schwerpunkt bei musikalischen und literarischen Salons, inzwischen machen wir sehr viele Wissenssalons, Gespr&auml;che mit Experten, die f&uuml;r alle Beteiligten extrem aufregend und anregend sind.<\/span><\/p>\n<p><span style=\"font-size: medium;\"><img decoding=\"async\" loading=\"lazy\" style=\"margin: 10px auto; display: block;\" src=\"\/wp-content\/uploads\/older\/antoine_boyersamuelito_presse1_lauridon.jpeg\" alt=\"\" width=\"596\" height=\"448\" \/><\/span><\/p>\n<p>&nbsp;<\/p>\n<p><strong><span style=\"font-size: medium;\">Finden auch Veranstaltungen in Privatwohnungen statt und wie ist es, in der K&uuml;che oder im Wohnzimmer, einer unbekannten Person zu sitzen?<\/span><\/strong><\/p>\n<p><span style=\"font-size: medium;\">Ja, nat&uuml;rlich. Das private Wohnzimmer ist der Ursprung des Salons. Es ist wundervoll einen Salon im Privathaus mitzuerleben. Man lernt nicht nur einen neuen Ort kennen, in der eigenen Stadt, man entdeckt ein ganzes Universum. Das Universum der Gastgeber, die anderen G&auml;ste. Nach der Veranstaltung wird noch lange bei einem Glas Wein gesprochen und besprochen, was man erlebt hat. Das sind sehr intensive Abende, die lange in einem leben.<\/span><\/p>\n<p>&nbsp;<\/p>\n<p><strong><span style=\"font-size: medium;\">Was war bisher der au&szlig;ergew&ouml;hnlichste Ort, an dem eine Veranstaltung stattfand?<\/span><\/strong><\/p>\n<p><span style=\"font-size: medium;\">Ich denke, die Orte sind alle irgendwie einzigartig und au&szlig;ergew&ouml;hnlich. Aber um einen herauszugreifen: wir hatten letzten Monat ein Konzert in Hamburg auf einem Ponton auf der Elbe. Das war schon sehr besonders f&uuml;r alle Beteiligten.<\/span><\/p>\n<p><span style=\"font-size: medium;\">&nbsp;<\/span><\/p>\n<p><strong><span style=\"font-size: medium;\">Gibt es eine Anekdote, die Ihnen in Erinnerung geblieben ist?<\/span><\/strong><\/p>\n<p><span style=\"font-size: medium;\">Letztes Jahr waren zwei Absolventen der Karlsruher Musikhochschule im Festival in Karlsruhe. Im anschlie&szlig;enden Gespr&auml;ch erfuhr ich, dass sie nach M&uuml;nchen umziehen, da der Geiger direkt eine Stelle bei den M&uuml;nchner Philharmonikern bekommen hatte. In so einer Situation freut man sich nat&uuml;rlich besonders, dass man diese K&uuml;nstler im Festival dabei haben durfte.<\/span><\/p>\n<p><span style=\"font-size: medium;\">&nbsp;<\/span><\/p>\n<p><strong><span style=\"font-size: medium;\">Was ist Ihr Lieblingsmoment w&auml;hrend des Festivals?<\/span><\/strong><\/p>\n<p><span style=\"font-size: medium;\">Wenn das Licht ausgeht und das Konzert beginnt&#8230;<\/span><\/p>\n<p><span style=\"font-size: medium;\">&nbsp;<\/span><\/p>\n<p><strong><span style=\"font-size: medium;\">Gibt es einen K&uuml;nstler, den Sie gerne einmal einladen w&uuml;rden?<\/span><\/strong><\/p>\n<p><span style=\"font-size: medium;\">Ja, nat&uuml;rlich. Viele! Aber ich muss dazu sagen, wir laden ja sehr viele ganz junge K&uuml;nstler ein. Und die zu entdecken und ein St&uuml;ck des Weges zu begleiten, das ist eigentlich das gr&ouml;&szlig;te Vergn&uuml;gen.<\/span><\/p>\n<p><span style=\"font-size: medium;\">&nbsp;<\/span><\/p>\n<p><strong><span style=\"font-size: medium;\">Was erwartet uns in Karlsruhe?<\/span><\/strong><\/p>\n<p><span style=\"font-size: medium;\">Uns erwarten neun wundervolle Orte und neun gro&szlig;artige ganz unterschiedliche musikalische Acts. Klassik, Jazz, Chanson, Worldmusic, Funk, Flamenco.<\/span><\/p>\n<p><span style=\"font-size: medium;\">Zum Auftakt am 27.10. ist das wunderbare <span style=\"color: #009966;\">Pulsar Trio<\/span> in der Villa Gellertstra&szlig;e bei <em>Haus &amp; Grund<\/em> zu Gast. Die Location ist eine echte Entdeckung in unserer Stadt. Oder am 5.11. spielen zwei brillante junge Gitarristen aus Paris, <span style=\"color: #009966;\">Antoine Boyer &amp; Samuelito<\/span>, in einem Privathaus in Durlach.<\/span><\/p>\n<p><span style=\"font-size: medium;\">&nbsp;<\/span><\/p>\n<p><strong><span style=\"font-size: medium;\">Was w&uuml;nschen Sie Ihrem Festival?<\/span><\/strong><\/p>\n<p><span style=\"font-size: medium;\">Viel Aufmerksamkeit, interessierte G&auml;ste und frohe Gastgeber!<\/span><\/p>\n<p>&nbsp;<\/p>\n<p><strong><span style=\"font-size: medium;\">Nun das w&uuml;nschen wir Ihnen, Ihren Zuschauern und K&uuml;nstlern ebenfalls. Auf ein gelungenes Festival!&nbsp;<\/span><\/strong><\/p>\n<p>&nbsp;<\/p>\n<p><span style=\"font-size: medium;\">____________________________<\/span><\/p>\n<p>&nbsp;<\/p>\n<p><span style=\"font-size: medium;\">Weitere Informationen zum Programm und den Veranstaltungsorten finden Sie auf der <a href=\"https:\/\/www.salonfestival.de\" target=\"_blank\" rel=\"noopener noreferrer\">Festivalseite<\/a>!<\/span><\/p>\n<p>&nbsp;<\/p>\n<p><span style=\"font-size: x-small;\">Foto: Claudia Ast<\/span><\/p>\n","protected":false},"excerpt":{"rendered":"<p>&nbsp;<\/p>\n<p><span style=\"font-size: medium;\">Das Salonfestival in Karlsruhe startet in eine neue Ausgabe. Mit vielen, jungen K&uuml;nstlern m&ouml;chten die Organisatoren Kunst und Kultur in die eigenen vier W&auml;nde bringen. In kleinen Zuschauergruppen, an unbekannten Orten oder im eigenen Wohnzimmer ist es m&ouml;glich, mit Musikern, Schriftstellern, T&auml;nzern ins Gespr&auml;ch zu kommen, sowie seine Nachbarn n&auml;her kennenzulernen.&nbsp;<\/span><\/p>\n<p><span style=\"font-size: medium;\">szenik sprach mit der Festival-und Programmleiterin f&uuml;r Musik und Tanz, Yoreme Waltz, &uuml;ber diese Initiative, ihren Zweck und in Erinnerung gebliebene Momente. Es zeigt uns, wie darstellende Kunst und Musik v&ouml;llig unbekannte Menschen zusammenf&uuml;hren kann und wie wichtig solche Projekte f&uuml;r unsere Gesellschaft sind. Lernen Sie nun, mit Freude, ein interessantes Festival kennen, und vielleicht haben Sie daraufhin Lust, ebenfalls Ihre T&uuml;ren zu &ouml;ffnen.&nbsp;<\/span><\/p>\n","protected":false},"author":5,"featured_media":16180,"comment_status":"open","ping_status":"closed","sticky":false,"template":"","format":"standard","meta":{"_monsterinsights_skip_tracking":false,"_monsterinsights_sitenote_active":false,"_monsterinsights_sitenote_note":"","_monsterinsights_sitenote_category":0},"categories":[73],"tags":[2225,2207,2224,2211,2223,2161,2208],"yoast_head":"<!-- This site is optimized with the Yoast SEO plugin v20.5 - https:\/\/yoast.com\/wordpress\/plugins\/seo\/ -->\n<title>Interview: szenik spricht mit Yoreme Waltz \u00fcber das Salonfestival I szenik<\/title>\n<meta name=\"description\" content=\"szenik Magazine sprach mit der Festivalleiterin Yoreme Waltz \u00fcber das Konzept und das Programm des Salonfestivals in Karlsruhe. Eine Initiative, die zum Kennenlernen einl\u00e4dt und zur Kreativit\u00e4t anregt.\" \/>\n<meta name=\"robots\" content=\"index, follow, max-snippet:-1, max-image-preview:large, max-video-preview:-1\" \/>\n<link rel=\"canonical\" href=\"https:\/\/www.szenik.eu\/de\/das-salonfestival-in-karlsruhe-szenik-plaudert-mit-der-festivalleiterin-yoreme-waltz-16179\" \/>\n<meta property=\"og:locale\" content=\"de_DE\" \/>\n<meta property=\"og:type\" content=\"article\" \/>\n<meta property=\"og:title\" content=\"Interview: szenik spricht mit Yoreme Waltz \u00fcber das Salonfestival I szenik\" \/>\n<meta property=\"og:description\" content=\"szenik Magazine sprach mit der Festivalleiterin Yoreme Waltz \u00fcber das Konzept und das Programm des Salonfestivals in Karlsruhe. Eine Initiative, die zum Kennenlernen einl\u00e4dt und zur Kreativit\u00e4t anregt.\" \/>\n<meta property=\"og:url\" content=\"https:\/\/www.szenik.eu\/de\/das-salonfestival-in-karlsruhe-szenik-plaudert-mit-der-festivalleiterin-yoreme-waltz-16179\" \/>\n<meta property=\"og:site_name\" content=\"szenik\" \/>\n<meta property=\"article:publisher\" content=\"https:\/\/www.facebook.com\/szenik.eu\/\" \/>\n<meta property=\"article:published_time\" content=\"2017-10-17T13:29:32+00:00\" \/>\n<meta property=\"article:modified_time\" content=\"2019-08-13T13:21:57+00:00\" \/>\n<meta property=\"og:image\" content=\"https:\/\/www.szenik.eu\/wp-content\/uploads\/older\/cac_\/antoine_boyersamuelito_presse1_lauridon!_670x375!_1!_0x0!_0!_FFFFFF.jpeg\" \/>\n\t<meta property=\"og:image:width\" content=\"1\" \/>\n\t<meta property=\"og:image:height\" content=\"1\" \/>\n\t<meta property=\"og:image:type\" content=\"image\/jpeg\" \/>\n<meta name=\"author\" content=\"Jenny Lippmann\" \/>\n<meta name=\"twitter:card\" content=\"summary_large_image\" \/>\n<meta name=\"twitter:creator\" content=\"@Szenik\" \/>\n<meta name=\"twitter:site\" content=\"@Szenik\" \/>\n<meta name=\"twitter:label1\" content=\"Verfasst von\" \/>\n\t<meta name=\"twitter:data1\" content=\"Jenny Lippmann\" \/>\n\t<meta name=\"twitter:label2\" content=\"Gesch\u00e4tzte Lesezeit\" \/>\n\t<meta name=\"twitter:data2\" content=\"5\u00a0Minuten\" \/>\n<script type=\"application\/ld+json\" class=\"yoast-schema-graph\">{\"@context\":\"https:\/\/schema.org\",\"@graph\":[{\"@type\":\"Article\",\"@id\":\"https:\/\/www.szenik.eu\/de\/das-salonfestival-in-karlsruhe-szenik-plaudert-mit-der-festivalleiterin-yoreme-waltz-16179#article\",\"isPartOf\":{\"@id\":\"https:\/\/www.szenik.eu\/de\/das-salonfestival-in-karlsruhe-szenik-plaudert-mit-der-festivalleiterin-yoreme-waltz-16179\"},\"author\":{\"name\":\"Jenny Lippmann\",\"@id\":\"https:\/\/www.szenik.eu\/de\/#\/schema\/person\/425e4f17ab5b4f361ed1a0c194180c43\"},\"headline\":\"Das Salonfestival in Karlsruhe &#8211; szenik plaudert mit der Festivalleiterin Yoreme Waltz\",\"datePublished\":\"2017-10-17T13:29:32+00:00\",\"dateModified\":\"2019-08-13T13:21:57+00:00\",\"mainEntityOfPage\":{\"@id\":\"https:\/\/www.szenik.eu\/de\/das-salonfestival-in-karlsruhe-szenik-plaudert-mit-der-festivalleiterin-yoreme-waltz-16179\"},\"wordCount\":1043,\"commentCount\":0,\"publisher\":{\"@id\":\"https:\/\/www.szenik.eu\/de\/#organization\"},\"keywords\":[\"Austausch\",\"Festival\",\"Karlsruhe\",\"Musik\",\"Salonfestival\",\"Tanz\",\"Theater\"],\"articleSection\":[\"Portr\u00e4ts und Gespr\u00e4che\"],\"inLanguage\":\"de\",\"potentialAction\":[{\"@type\":\"CommentAction\",\"name\":\"Comment\",\"target\":[\"https:\/\/www.szenik.eu\/de\/das-salonfestival-in-karlsruhe-szenik-plaudert-mit-der-festivalleiterin-yoreme-waltz-16179#respond\"]}]},{\"@type\":\"WebPage\",\"@id\":\"https:\/\/www.szenik.eu\/de\/das-salonfestival-in-karlsruhe-szenik-plaudert-mit-der-festivalleiterin-yoreme-waltz-16179\",\"url\":\"https:\/\/www.szenik.eu\/de\/das-salonfestival-in-karlsruhe-szenik-plaudert-mit-der-festivalleiterin-yoreme-waltz-16179\",\"name\":\"Interview: szenik spricht mit Yoreme Waltz \u00fcber das Salonfestival I szenik\",\"isPartOf\":{\"@id\":\"https:\/\/www.szenik.eu\/de\/#website\"},\"datePublished\":\"2017-10-17T13:29:32+00:00\",\"dateModified\":\"2019-08-13T13:21:57+00:00\",\"description\":\"szenik Magazine sprach mit der Festivalleiterin Yoreme Waltz \u00fcber das Konzept und das Programm des Salonfestivals in Karlsruhe. Eine Initiative, die zum Kennenlernen einl\u00e4dt und zur Kreativit\u00e4t anregt.\",\"breadcrumb\":{\"@id\":\"https:\/\/www.szenik.eu\/de\/das-salonfestival-in-karlsruhe-szenik-plaudert-mit-der-festivalleiterin-yoreme-waltz-16179#breadcrumb\"},\"inLanguage\":\"de\",\"potentialAction\":[{\"@type\":\"ReadAction\",\"target\":[\"https:\/\/www.szenik.eu\/de\/das-salonfestival-in-karlsruhe-szenik-plaudert-mit-der-festivalleiterin-yoreme-waltz-16179\"]}]},{\"@type\":\"BreadcrumbList\",\"@id\":\"https:\/\/www.szenik.eu\/de\/das-salonfestival-in-karlsruhe-szenik-plaudert-mit-der-festivalleiterin-yoreme-waltz-16179#breadcrumb\",\"itemListElement\":[{\"@type\":\"ListItem\",\"position\":1,\"name\":\"Home\",\"item\":\"https:\/\/www.szenik.eu\/de\"},{\"@type\":\"ListItem\",\"position\":2,\"name\":\"Das Salonfestival in Karlsruhe &#8211; szenik plaudert mit der Festivalleiterin Yoreme Waltz\"}]},{\"@type\":\"WebSite\",\"@id\":\"https:\/\/www.szenik.eu\/de\/#website\",\"url\":\"https:\/\/www.szenik.eu\/de\/\",\"name\":\"szenik\",\"description\":\"Le Meilleur des sc\u00e8nes au coeur de l&#039;Europe\",\"publisher\":{\"@id\":\"https:\/\/www.szenik.eu\/de\/#organization\"},\"potentialAction\":[{\"@type\":\"SearchAction\",\"target\":{\"@type\":\"EntryPoint\",\"urlTemplate\":\"https:\/\/www.szenik.eu\/de\/?s={search_term_string}\"},\"query-input\":\"required name=search_term_string\"}],\"inLanguage\":\"de\"},{\"@type\":\"Organization\",\"@id\":\"https:\/\/www.szenik.eu\/de\/#organization\",\"name\":\"Szenik\",\"url\":\"https:\/\/www.szenik.eu\/de\/\",\"logo\":{\"@type\":\"ImageObject\",\"inLanguage\":\"de\",\"@id\":\"https:\/\/www.szenik.eu\/de\/#\/schema\/logo\/image\/\",\"url\":\"https:\/\/www.szenik.eu\/wp-content\/uploads\/2019\/07\/logo-square.png\",\"contentUrl\":\"https:\/\/www.szenik.eu\/wp-content\/uploads\/2019\/07\/logo-square.png\",\"width\":512,\"height\":512,\"caption\":\"Szenik\"},\"image\":{\"@id\":\"https:\/\/www.szenik.eu\/de\/#\/schema\/logo\/image\/\"},\"sameAs\":[\"https:\/\/www.facebook.com\/szenik.eu\/\",\"https:\/\/twitter.com\/Szenik\",\"https:\/\/www.instagram.com\/szenik_magazine\/\",\"https:\/\/www.youtube.com\/user\/SzenikEU\/\"]},{\"@type\":\"Person\",\"@id\":\"https:\/\/www.szenik.eu\/de\/#\/schema\/person\/425e4f17ab5b4f361ed1a0c194180c43\",\"name\":\"Jenny Lippmann\",\"image\":{\"@type\":\"ImageObject\",\"inLanguage\":\"de\",\"@id\":\"https:\/\/www.szenik.eu\/de\/#\/schema\/person\/image\/\",\"url\":\"https:\/\/secure.gravatar.com\/avatar\/1cf2c6ce8b5e3cab7b86a97931c9f97e?s=96&d=mm&r=g\",\"contentUrl\":\"https:\/\/secure.gravatar.com\/avatar\/1cf2c6ce8b5e3cab7b86a97931c9f97e?s=96&d=mm&r=g\",\"caption\":\"Jenny Lippmann\"}}]}<\/script>\n<!-- \/ Yoast SEO plugin. -->","yoast_head_json":{"title":"Interview: szenik spricht mit Yoreme Waltz \u00fcber das Salonfestival I szenik","description":"szenik Magazine sprach mit der Festivalleiterin Yoreme Waltz \u00fcber das Konzept und das Programm des Salonfestivals in Karlsruhe. Eine Initiative, die zum Kennenlernen einl\u00e4dt und zur Kreativit\u00e4t anregt.","robots":{"index":"index","follow":"follow","max-snippet":"max-snippet:-1","max-image-preview":"max-image-preview:large","max-video-preview":"max-video-preview:-1"},"canonical":"https:\/\/www.szenik.eu\/de\/das-salonfestival-in-karlsruhe-szenik-plaudert-mit-der-festivalleiterin-yoreme-waltz-16179","og_locale":"de_DE","og_type":"article","og_title":"Interview: szenik spricht mit Yoreme Waltz \u00fcber das Salonfestival I szenik","og_description":"szenik Magazine sprach mit der Festivalleiterin Yoreme Waltz \u00fcber das Konzept und das Programm des Salonfestivals in Karlsruhe. Eine Initiative, die zum Kennenlernen einl\u00e4dt und zur Kreativit\u00e4t anregt.","og_url":"https:\/\/www.szenik.eu\/de\/das-salonfestival-in-karlsruhe-szenik-plaudert-mit-der-festivalleiterin-yoreme-waltz-16179","og_site_name":"szenik","article_publisher":"https:\/\/www.facebook.com\/szenik.eu\/","article_published_time":"2017-10-17T13:29:32+00:00","article_modified_time":"2019-08-13T13:21:57+00:00","og_image":[{"url":"https:\/\/www.szenik.eu\/wp-content\/uploads\/older\/cac_\/antoine_boyersamuelito_presse1_lauridon!_670x375!_1!_0x0!_0!_FFFFFF.jpeg","width":1,"height":1,"type":"image\/jpeg"}],"author":"Jenny Lippmann","twitter_card":"summary_large_image","twitter_creator":"@Szenik","twitter_site":"@Szenik","twitter_misc":{"Verfasst von":"Jenny Lippmann","Gesch\u00e4tzte Lesezeit":"5\u00a0Minuten"},"schema":{"@context":"https:\/\/schema.org","@graph":[{"@type":"Article","@id":"https:\/\/www.szenik.eu\/de\/das-salonfestival-in-karlsruhe-szenik-plaudert-mit-der-festivalleiterin-yoreme-waltz-16179#article","isPartOf":{"@id":"https:\/\/www.szenik.eu\/de\/das-salonfestival-in-karlsruhe-szenik-plaudert-mit-der-festivalleiterin-yoreme-waltz-16179"},"author":{"name":"Jenny Lippmann","@id":"https:\/\/www.szenik.eu\/de\/#\/schema\/person\/425e4f17ab5b4f361ed1a0c194180c43"},"headline":"Das Salonfestival in Karlsruhe &#8211; szenik plaudert mit der Festivalleiterin Yoreme Waltz","datePublished":"2017-10-17T13:29:32+00:00","dateModified":"2019-08-13T13:21:57+00:00","mainEntityOfPage":{"@id":"https:\/\/www.szenik.eu\/de\/das-salonfestival-in-karlsruhe-szenik-plaudert-mit-der-festivalleiterin-yoreme-waltz-16179"},"wordCount":1043,"commentCount":0,"publisher":{"@id":"https:\/\/www.szenik.eu\/de\/#organization"},"keywords":["Austausch","Festival","Karlsruhe","Musik","Salonfestival","Tanz","Theater"],"articleSection":["Portr\u00e4ts und Gespr\u00e4che"],"inLanguage":"de","potentialAction":[{"@type":"CommentAction","name":"Comment","target":["https:\/\/www.szenik.eu\/de\/das-salonfestival-in-karlsruhe-szenik-plaudert-mit-der-festivalleiterin-yoreme-waltz-16179#respond"]}]},{"@type":"WebPage","@id":"https:\/\/www.szenik.eu\/de\/das-salonfestival-in-karlsruhe-szenik-plaudert-mit-der-festivalleiterin-yoreme-waltz-16179","url":"https:\/\/www.szenik.eu\/de\/das-salonfestival-in-karlsruhe-szenik-plaudert-mit-der-festivalleiterin-yoreme-waltz-16179","name":"Interview: szenik spricht mit Yoreme Waltz \u00fcber das Salonfestival I szenik","isPartOf":{"@id":"https:\/\/www.szenik.eu\/de\/#website"},"datePublished":"2017-10-17T13:29:32+00:00","dateModified":"2019-08-13T13:21:57+00:00","description":"szenik Magazine sprach mit der Festivalleiterin Yoreme Waltz \u00fcber das Konzept und das Programm des Salonfestivals in Karlsruhe. Eine Initiative, die zum Kennenlernen einl\u00e4dt und zur Kreativit\u00e4t anregt.","breadcrumb":{"@id":"https:\/\/www.szenik.eu\/de\/das-salonfestival-in-karlsruhe-szenik-plaudert-mit-der-festivalleiterin-yoreme-waltz-16179#breadcrumb"},"inLanguage":"de","potentialAction":[{"@type":"ReadAction","target":["https:\/\/www.szenik.eu\/de\/das-salonfestival-in-karlsruhe-szenik-plaudert-mit-der-festivalleiterin-yoreme-waltz-16179"]}]},{"@type":"BreadcrumbList","@id":"https:\/\/www.szenik.eu\/de\/das-salonfestival-in-karlsruhe-szenik-plaudert-mit-der-festivalleiterin-yoreme-waltz-16179#breadcrumb","itemListElement":[{"@type":"ListItem","position":1,"name":"Home","item":"https:\/\/www.szenik.eu\/de"},{"@type":"ListItem","position":2,"name":"Das Salonfestival in Karlsruhe &#8211; szenik plaudert mit der Festivalleiterin Yoreme Waltz"}]},{"@type":"WebSite","@id":"https:\/\/www.szenik.eu\/de\/#website","url":"https:\/\/www.szenik.eu\/de\/","name":"szenik","description":"Le Meilleur des sc\u00e8nes au coeur de l&#039;Europe","publisher":{"@id":"https:\/\/www.szenik.eu\/de\/#organization"},"potentialAction":[{"@type":"SearchAction","target":{"@type":"EntryPoint","urlTemplate":"https:\/\/www.szenik.eu\/de\/?s={search_term_string}"},"query-input":"required name=search_term_string"}],"inLanguage":"de"},{"@type":"Organization","@id":"https:\/\/www.szenik.eu\/de\/#organization","name":"Szenik","url":"https:\/\/www.szenik.eu\/de\/","logo":{"@type":"ImageObject","inLanguage":"de","@id":"https:\/\/www.szenik.eu\/de\/#\/schema\/logo\/image\/","url":"https:\/\/www.szenik.eu\/wp-content\/uploads\/2019\/07\/logo-square.png","contentUrl":"https:\/\/www.szenik.eu\/wp-content\/uploads\/2019\/07\/logo-square.png","width":512,"height":512,"caption":"Szenik"},"image":{"@id":"https:\/\/www.szenik.eu\/de\/#\/schema\/logo\/image\/"},"sameAs":["https:\/\/www.facebook.com\/szenik.eu\/","https:\/\/twitter.com\/Szenik","https:\/\/www.instagram.com\/szenik_magazine\/","https:\/\/www.youtube.com\/user\/SzenikEU\/"]},{"@type":"Person","@id":"https:\/\/www.szenik.eu\/de\/#\/schema\/person\/425e4f17ab5b4f361ed1a0c194180c43","name":"Jenny Lippmann","image":{"@type":"ImageObject","inLanguage":"de","@id":"https:\/\/www.szenik.eu\/de\/#\/schema\/person\/image\/","url":"https:\/\/secure.gravatar.com\/avatar\/1cf2c6ce8b5e3cab7b86a97931c9f97e?s=96&d=mm&r=g","contentUrl":"https:\/\/secure.gravatar.com\/avatar\/1cf2c6ce8b5e3cab7b86a97931c9f97e?s=96&d=mm&r=g","caption":"Jenny Lippmann"}}]}},"jetpack_featured_media_url":"https:\/\/www.szenik.eu\/wp-content\/uploads\/older\/cac_\/antoine_boyersamuelito_presse1_lauridon!_670x375!_1!_0x0!_0!_FFFFFF.jpeg","amp_enabled":true,"_links":{"self":[{"href":"https:\/\/www.szenik.eu\/de\/wp-json\/\/wp\/v2\/posts\/16179"}],"collection":[{"href":"https:\/\/www.szenik.eu\/de\/wp-json\/\/wp\/v2\/posts"}],"about":[{"href":"https:\/\/www.szenik.eu\/de\/wp-json\/\/wp\/v2\/types\/post"}],"author":[{"embeddable":true,"href":"https:\/\/www.szenik.eu\/de\/wp-json\/\/wp\/v2\/users\/5"}],"replies":[{"embeddable":true,"href":"https:\/\/www.szenik.eu\/de\/wp-json\/\/wp\/v2\/comments?post=16179"}],"version-history":[{"count":1,"href":"https:\/\/www.szenik.eu\/de\/wp-json\/\/wp\/v2\/posts\/16179\/revisions"}],"predecessor-version":[{"id":22696,"href":"https:\/\/www.szenik.eu\/de\/wp-json\/\/wp\/v2\/posts\/16179\/revisions\/22696"}],"wp:featuredmedia":[{"embeddable":true,"href":"https:\/\/www.szenik.eu\/de\/wp-json\/\/wp\/v2\/media\/16180"}],"wp:attachment":[{"href":"https:\/\/www.szenik.eu\/de\/wp-json\/\/wp\/v2\/media?parent=16179"}],"wp:term":[{"taxonomy":"category","embeddable":true,"href":"https:\/\/www.szenik.eu\/de\/wp-json\/\/wp\/v2\/categories?post=16179"},{"taxonomy":"post_tag","embeddable":true,"href":"https:\/\/www.szenik.eu\/de\/wp-json\/\/wp\/v2\/tags?post=16179"}],"curies":[{"name":"wp","href":"https:\/\/api.w.org\/{rel}","templated":true}]}}