{"id":16147,"date":"2017-05-10T14:49:09","date_gmt":"2017-05-10T12:49:09","guid":{"rendered":"http:\/\/localhost:8080\/?p=16147"},"modified":"2019-08-13T15:31:07","modified_gmt":"2019-08-13T13:31:07","slug":"szenik-inmitten-einer-wunderbaren-gesellschaft","status":"publish","type":"post","link":"https:\/\/www.szenik.eu\/de\/szenik-inmitten-einer-wunderbaren-gesellschaft-16147","title":{"rendered":"szenik inmitten einer wunderbaren Gesellschaft"},"content":{"rendered":"<p>Zum ersten Mal findet in Reims das Festival <strong>La magnifique Society<\/strong> statt. Die eingeladenen K&uuml;nstler, das Rahmenprogramm und der Veranstaltungsort werden die Pflaster der gem&uuml;tlichen Stadt zum Tanzen bringen. Sechs Tage lang Musik und eine Stimmung auf h&ouml;chstem Niveau! Klingt das nicht besser als jeder Maibaumtanz? Szenik sprach vorab mit <strong>C&eacute;dric Ch&eacute;minaud<\/strong>, dem k&uuml;nsterlischen Leiter und Veranstalter der Cartonnerie, &uuml;ber die Entstehung und Intentionen des Festivals. See you in Reims!&nbsp;<\/p>\n<p><strong>C&eacute;dric, wie ist das Festival entstanden?<\/strong><br \/>Die Idee zum Festival kam uns durch Elektricity, ein von Yuksek im Jahre 2003 gegr&uuml;ndetes Festival, das die Cartonnerie zehn Jahre lang organisiert hat. Es handelte sich dabei um eine Veranstaltung zu Saisonbeginn in Reims. Vor drei Jahren hat das neue Team der Cartonnerie begonnen, die vergangenen Ausgaben des Festivals zu analysieren. Dabei haben wir uns gefragt: <strong>Wie k&ouml;nnen wir das Festival weiterentwickeln?<\/strong> Wir sahen uns mit mehreren Problematiken konfrontiert, wie zum Beispiel dem Austragungsort (der Platz vor der Kathedrale), der geringen Anzahl an Gruppen, der begrenzten Zuschauerkapazit&auml;t&#8230; Also beschlossen wir das Festival auszubauen und es mehr an unsere Arbeit in der Cartonnerie anzupassen. Durch die zeitliche Vorverlegung in den Mai und den Ortswechsel in einen Park, einem wesentlich gemeinschaftlicheren Ort, konnten wir am Publikumsempfang arbeiten und ein &uuml;ppigeres Programm kreieren.<\/p>\n<p><strong>Warum wurde das Festival ausgerechnet in den Mai verlegt?<\/strong><br \/>Das Festival im Mai auszurichten, erlaubt uns unter den ersten Freiluftveranstaltungen des Jahres zu sein. Mit Elektricity befanden wir uns schon im Oktober; meist haben die Leute da mit anderen Dingen zu tun, Schulanf&auml;nge oder Steuererkl&auml;rungen. Die Monate Mai und Juni sind viel offener, gemeinschaftlicher und eignen sich perfekt f&uuml;r ein solches Festival.<\/p>\n<p><strong>Wie sind Sie auf die Idee zu &bdquo;La magnifique society&ldquo; gekommen?<\/strong><br \/>Der Name ist im Team entstanden, denn so funktionieren wir hier. Alle hier ausgef&uuml;hrten Projekte entstehen durch eine enge Zusammenarbeit. Wir brauchten ungef&auml;hr sechs bis acht Monate, um diesen Titel zu finden; viele Ideen haben wir wieder fallen lassen! Doch der rote Faden, n&auml;mlich das Zusammensein und das Ausleben einer gemeinschaftlichen Erfahrung, war stets vorhanden. Wir dachten stets an die Schlagw&ouml;rter Gesellschaft, social club und den Ort, den Parc de Champagne. Das ist wirklich ein fantastischer Park! Auf der Suche nach Austragungsorten haben wir uns buchst&auml;blich in den Park verliebt. Der Name steht f&uuml;r all das: f&uuml;r die Werte, die wir verteidigen und w&auml;hrend des Festivals ausleben wollen und diesen herrlichen Parc de Champagne.<\/p>\n<p><strong>Prima Idee, das Festival nach der Abgabe der Steuererkl&auml;rung zu veranstalten; da kann man die &Auml;ngste gleich absch&uuml;tteln und sich den Kopf frei tanzen.<\/strong><br \/>Und genau das ist die Idee! Mit Elektricity befanden wir uns in einer Periode, in der alle ihr Portemonnaie f&uuml;r die Steuern z&uuml;cken m&uuml;ssen. Heute machen wir unsere Steuererkl&auml;rung und danach gehen wir uns am&uuml;sieren!<\/p>\n<p><strong>Wie wird das Festival genau vorbereitet? Wieviel Personen sind daran beteiligt?<\/strong><br \/>Also, es handelt sich im Alltag um circa 30 Personen, das hei&szlig;t das Team der Cartonnerie, sowie zus&auml;tzliche Personen f&uuml;r die Kommunikation und das Marketing. Wir haben ebenso ein Dekorationsteam, denn der Publikumsempfang ist uns wirklich wichtig. <strong>Wir wollen die Besonderheiten des Ortes hervorheben und die Zuschauer auf wundervolle Weise empfangen<\/strong>. Unser Dekorationsteam arbeitet also an der Ausstattung der Bars, Verpflegungsm&ouml;glichkeiten, Ruhepl&auml;tzen und dem Japanbereich.<\/p>\n<p><strong>Wie haben Sie das Programm zusammengestellt?<\/strong><br \/>Wir arbeiten zu zweit an dem Programm, das hei&szlig;t Christan Alex, der ebenfalls das Programm f&uuml;r die Eurock&eacute;ennes de Belfort und des Cabaret Vert zusammenstellt, und ich als k&uuml;nstlerischer Leiter. So arbeiten wir auch in der Cartonnerie: wir erstellen das Programm. Wir haben einen Leitfaden gestrickt, der eine Geschichte erz&auml;hlt. Auf diese Weise versuchen wir unsere Intentionen und Gedanken zum Festival dem Publikum zu vermitteln. Wir wollten uns nicht nur auf einer Elektro- oder Popschiene wiederfinden, sondern eine kompakte K&uuml;nstlerliste erstellen, welche den Eklektizismus, der &uuml;ber der Cartonnerie schwebt, widerspiegelt. <strong>Wir m&ouml;chten, dass unser Programm die Aufgeschlossenheit und die vielen sozialen Unterschiede wiedergibt<\/strong>. Deshalb gehen wir vom Jazz zum Elektro &uuml;ber den Pop und enden beim Rap. Internationale und nationale Stars stehen hier zusammen mit neuen Talenten und unseren Favoriten auf der B&uuml;hne. Hinzu kam die Idee, eine wahre Show zu erschaffen. Das hei&szlig;t, K&uuml;nstler zu finden und einzuladen, die f&uuml;r ihren eigenwilligen Stil und ihre szenischen Kreationen bekannt sind.<\/p>\n<p><strong>Welchen Herausforderungen mussten Sie sich stellen?<\/strong><br \/>Oh, die Erstellung des Programmes war nicht einfach. Wenn man von Eklektizismus spricht, dann kommt der Gedanke alles hineinnehmen zu k&ouml;nnen, und das ist gef&auml;hrlich. Wir haben intensiv an der klaren Struktur gearbeitet, damit nicht der Eindruck entstehe, wir h&auml;tten einfach nur ber&uuml;hmte Namen, wie Camille oder Jamie Cullum, aneinandergeklebt. Die Herausforderung war es also an der Koh&auml;renz zu arbeiten.<\/p>\n<p><strong>Auf welche K&uuml;nstler freuen Sie sich besonders?<\/strong><br \/>Ah, das ist doch eine Falle! <strong>In diesem Programm finden sich K&uuml;nstler wieder, an die wir glauben, die wir bereits gesehen haben und die wir verteidigen.<\/strong> Unter meinen Favoriten befinden sich Sleaford Mods, ein englisches, schwer zu definierendes Duo. Von ihnen geht eine gewisse Punkenergie aus, obwohl es stark an der Rap-Musik anlehnt; ihre leicht elektronischen Produktionen sind sehr n&uuml;chtern. Es ist eine Gruppe, deren B&uuml;hnenpr&auml;senz regelrecht einschl&auml;gt. Zudem freue ich mich, die neuen Produktionen von Camille zu erleben. Sie wird ihre neue B&uuml;hnenshow, ihr neues Album vorstellen. Camille ist f&uuml;r ihre B&uuml;hnenpr&auml;senz, die immer sehr reich an Kreationen ist, bekannt. Au&szlig;erdem ist es uns eine Ehre, K&uuml;nstler wie Her oder Moderat zu empfangen, die in ihrem Genre Kultstatus haben.<\/p>\n<p><strong>Sprechen wir doch noch kurz von dem Rahmenprogramm: Ton-Installationen und eine Pr&auml;sentation der japanischen Kultur.<\/strong><br \/>Die Ton-Installationen basieren auf einem Projekt mit dem C&eacute;sar&eacute;, Centre national de cr&eacute;ation musicale (<em>nationales Zentrum der musikalischen Kreation<\/em>), dass es bereits schon zu Zeiten von Elektricity gab. Es ist sozusagen die DNA des letzten Festivals. In diesem Jahr werden die Ergebnisse dieser Zusammenarbeit drei Tage vor dem Festival pr&auml;sentiert; wir nennen es die Avant-Garde. Die Idee zu dem Japanbereich entstand w&auml;hrend einer Reise nach Tokyo. Christian Alex war zur International Music Market eingeladen und nahm uns mit. Vor Ort trafen wir auf eine wirklich interessante, japanische Szene, die unter dem Einfluss der Elektromusik steht und gleichzeitig versucht, sich davon zu emanzipieren. Also kam uns die Idee, dieses doch sehr urbane Milieu in unseren gr&uuml;nen, blumigen Park einzuladen. Die japanische Popkultur bildet ein energisches &Auml;quivalent zum idyllischen Parc de Champagne. In Tokyo haben wir faszinierende K&uuml;nstler kennengelernt und zudem die junge S&auml;ngerin Fishbach begleitet, mit welcher wir schon seit Jahren zusammenarbeiten. Wir haben ihre Musik einem japanischen Publikum in einem Club vorgestellt. Daraus entstand ein Austausch, der es franz&ouml;sischen K&uuml;nstlern erlaubt, nach Tokyo zu reisen und japanischen Musikern die M&ouml;glichkeit bietet, ihr Talent in Frankreich zu beweisen.<\/p>\n<p><strong>Wie hat das japanische Publikum auf Fishbach reagiert?<\/strong><br \/>Es war wirklich sehr interessant, da ihre Musik an die franz&ouml;sische Musikszene der 80er Jahre erinnert, die sehr bekannt ist in Japan. Ihr Stil erinnert an Rita Mitsouko und gleichzeitig ist es doch sehr aktuell. Sie konnte nach dem Konzert wichtige Kontakte kn&uuml;pfen und Pl&auml;ne f&uuml;r die Zukunft schmieden. Alles in allem also ein Erfolg!<\/p>\n<p><strong>Das ist ja fabelhaft f&uuml;r sie!<\/strong><br \/>Oh ja! Wir verfolgen Fishbachs Aufstieg nun schon seit langer Zeit hier in der Cartonnerie. Es ist sch&ouml;n zu sehen, dass ein solches Talent sich einen Namen machen kann und dabei Erfolg hat!<\/p>\n<p><strong>Ein Blick auf das Publikum: Wen erwarten Sie?<\/strong><br \/>Aufgrund der &Auml;nderung der Festivalstruktur und des Programmes hoffen wir auch au&szlig;erhalb Reims Zuschauer anzuziehen und mit K&uuml;nstlern wie Jamie Cullum, Agnes Obel, HER oder Gregory Porter, die man nicht oft auf franz&ouml;sischen Festivals sieht, &uuml;berregional auf uns aufmerksam zu machen. Wir arbeiten auch mit dem Tourismusb&uuml;ro zusammen und bieten Festivalp&auml;sse und Unterk&uuml;nfte an, damit sich wirklich jeder, aus allen Ecken des Landes, eingeladen f&uuml;hlt. Aber, klar, ein gro&szlig;er Teil des Publikums wird vermutlich aus Reims und der Umgebung kommen. Wir versuchen jedoch, auch Zuschauer aus Lille, Metz, Nancy, Paris und dar&uuml;ber hinaus anzulocken.<\/p>\n<p><strong>Was w&uuml;nschen Sie dieser Festivalausgabe?<\/strong><br \/>Zum einen hoffe ich, dass es ein Erfolg wird, dass das Wetter mitspielt, dass die Zuschauer in Scharen kommen, dass sich unser Name &bdquo;La Magnifique Society&ldquo; bewahrheitet. Zum anderen w&uuml;nsche ich uns sechs Tage mit wundervollen Augenblicken, musikalischen Entdeckungen und Begegnungen, denn das ist es, was wir ausleben wollen.<\/p>\n<p><strong>Vielen Dank C&eacute;dric! Wir glauben fest an einen Erfolg und w&uuml;nschen euch gro&szlig;artige Momente!<\/strong><\/p>\n<p><strong>F&uuml;r alle, die mehr &uuml;ber das Festival wissen m&ouml;chten, geht es <a href=\"\/de\/Festivals\/La_magnifique_Society__die_wunderbare_Gesellschaft-00265\" target=\"_blank\" rel=\"noopener noreferrer\">hier<\/a> zu unserem Artikel&nbsp;<\/strong><\/p>\n<p>&nbsp;<\/p>\n<p>Interview gef&uuml;hrt von Jenny Lippmann&nbsp;<\/p>\n<p><span style=\"font-size: x-small;\">Foto &copy; Benjamin Segura<\/span><\/p>\n","protected":false},"excerpt":{"rendered":"<p>Zum ersten Mal findet in Reims das Festival <strong>La magnifique Society<\/strong> statt. Die eingeladenen K&uuml;nstler, das Rahmenprogramm und der Veranstaltungsort werden die Pflaster der gem&uuml;tlichen Stadt zum Tanzen bringen. Sechs Tage lang Musik und eine Stimmung auf h&ouml;chstem Niveau! Klingt das nicht besser als jeder Maibaumtanz? Szenik sprach vorab mit <strong>C&eacute;dric Ch&eacute;minaud<\/strong>, dem k&uuml;nsterlischen Leiter und Veranstalter der Cartonnerie, &uuml;ber die Entstehung und Intentionen des Festivals. See you in Reims!&nbsp;<\/p>\n","protected":false},"author":5,"featured_media":16148,"comment_status":"open","ping_status":"closed","sticky":false,"template":"","format":"standard","meta":{"_monsterinsights_skip_tracking":false,"_monsterinsights_sitenote_active":false,"_monsterinsights_sitenote_note":"","_monsterinsights_sitenote_category":0},"categories":[73],"tags":[2878,2207,2745,2264],"yoast_head":"<!-- This site is optimized with the Yoast SEO plugin v20.5 - https:\/\/yoast.com\/wordpress\/plugins\/seo\/ -->\n<title>Festival: Rock, Pop, Jazz \u2013 Reims hat sie alle! I szenik<\/title>\n<meta name=\"description\" content=\"Zum ersten Mal findet in Reims das Festival La magnifique Society statt. Die eingeladenen K\u00fcnstler, das Rahmenprogramm und der Veranstaltungsort werden die Pflaster der gem\u00fctlichen Stadt zum Tanzen bringen.\" \/>\n<meta name=\"robots\" content=\"index, follow, max-snippet:-1, max-image-preview:large, max-video-preview:-1\" \/>\n<link rel=\"canonical\" href=\"https:\/\/www.szenik.eu\/de\/szenik-inmitten-einer-wunderbaren-gesellschaft-16147\" \/>\n<meta property=\"og:locale\" content=\"de_DE\" \/>\n<meta property=\"og:type\" content=\"article\" \/>\n<meta property=\"og:title\" content=\"Festival: Rock, Pop, Jazz \u2013 Reims hat sie alle! I szenik\" \/>\n<meta property=\"og:description\" content=\"Zum ersten Mal findet in Reims das Festival La magnifique Society statt. Die eingeladenen K\u00fcnstler, das Rahmenprogramm und der Veranstaltungsort werden die Pflaster der gem\u00fctlichen Stadt zum Tanzen bringen.\" \/>\n<meta property=\"og:url\" content=\"https:\/\/www.szenik.eu\/de\/szenik-inmitten-einer-wunderbaren-gesellschaft-16147\" \/>\n<meta property=\"og:site_name\" content=\"szenik\" \/>\n<meta property=\"article:publisher\" content=\"https:\/\/www.facebook.com\/szenik.eu\/\" \/>\n<meta property=\"article:published_time\" content=\"2017-05-10T12:49:09+00:00\" \/>\n<meta property=\"article:modified_time\" content=\"2019-08-13T13:31:07+00:00\" \/>\n<meta property=\"og:image\" content=\"https:\/\/www.szenik.eu\/wp-content\/uploads\/2019\/07\/logo-square.png\" \/>\n\t<meta property=\"og:image:width\" content=\"512\" \/>\n\t<meta property=\"og:image:height\" content=\"512\" \/>\n\t<meta property=\"og:image:type\" content=\"image\/png\" \/>\n<meta name=\"author\" content=\"Jenny Lippmann\" \/>\n<meta name=\"twitter:card\" content=\"summary_large_image\" \/>\n<meta name=\"twitter:creator\" content=\"@Szenik\" \/>\n<meta name=\"twitter:site\" content=\"@Szenik\" \/>\n<meta name=\"twitter:label1\" content=\"Verfasst von\" \/>\n\t<meta name=\"twitter:data1\" content=\"Jenny Lippmann\" \/>\n\t<meta name=\"twitter:label2\" content=\"Gesch\u00e4tzte Lesezeit\" \/>\n\t<meta name=\"twitter:data2\" content=\"8\u00a0Minuten\" \/>\n<script type=\"application\/ld+json\" class=\"yoast-schema-graph\">{\"@context\":\"https:\/\/schema.org\",\"@graph\":[{\"@type\":\"Article\",\"@id\":\"https:\/\/www.szenik.eu\/de\/szenik-inmitten-einer-wunderbaren-gesellschaft-16147#article\",\"isPartOf\":{\"@id\":\"https:\/\/www.szenik.eu\/de\/szenik-inmitten-einer-wunderbaren-gesellschaft-16147\"},\"author\":{\"name\":\"Jenny Lippmann\",\"@id\":\"https:\/\/www.szenik.eu\/de\/#\/schema\/person\/425e4f17ab5b4f361ed1a0c194180c43\"},\"headline\":\"szenik inmitten einer wunderbaren Gesellschaft\",\"datePublished\":\"2017-05-10T12:49:09+00:00\",\"dateModified\":\"2019-08-13T13:31:07+00:00\",\"mainEntityOfPage\":{\"@id\":\"https:\/\/www.szenik.eu\/de\/szenik-inmitten-einer-wunderbaren-gesellschaft-16147\"},\"wordCount\":1597,\"commentCount\":0,\"publisher\":{\"@id\":\"https:\/\/www.szenik.eu\/de\/#organization\"},\"keywords\":[\"C\u00e9dric Ch\u00e9minaud\",\"Festival\",\"la magnifique society\",\"Reims\"],\"articleSection\":[\"Portr\u00e4ts und Gespr\u00e4che\"],\"inLanguage\":\"de\",\"potentialAction\":[{\"@type\":\"CommentAction\",\"name\":\"Comment\",\"target\":[\"https:\/\/www.szenik.eu\/de\/szenik-inmitten-einer-wunderbaren-gesellschaft-16147#respond\"]}]},{\"@type\":\"WebPage\",\"@id\":\"https:\/\/www.szenik.eu\/de\/szenik-inmitten-einer-wunderbaren-gesellschaft-16147\",\"url\":\"https:\/\/www.szenik.eu\/de\/szenik-inmitten-einer-wunderbaren-gesellschaft-16147\",\"name\":\"Festival: Rock, Pop, Jazz \u2013 Reims hat sie alle! I szenik\",\"isPartOf\":{\"@id\":\"https:\/\/www.szenik.eu\/de\/#website\"},\"datePublished\":\"2017-05-10T12:49:09+00:00\",\"dateModified\":\"2019-08-13T13:31:07+00:00\",\"description\":\"Zum ersten Mal findet in Reims das Festival La magnifique Society statt. Die eingeladenen K\u00fcnstler, das Rahmenprogramm und der Veranstaltungsort werden die Pflaster der gem\u00fctlichen Stadt zum Tanzen bringen.\",\"breadcrumb\":{\"@id\":\"https:\/\/www.szenik.eu\/de\/szenik-inmitten-einer-wunderbaren-gesellschaft-16147#breadcrumb\"},\"inLanguage\":\"de\",\"potentialAction\":[{\"@type\":\"ReadAction\",\"target\":[\"https:\/\/www.szenik.eu\/de\/szenik-inmitten-einer-wunderbaren-gesellschaft-16147\"]}]},{\"@type\":\"BreadcrumbList\",\"@id\":\"https:\/\/www.szenik.eu\/de\/szenik-inmitten-einer-wunderbaren-gesellschaft-16147#breadcrumb\",\"itemListElement\":[{\"@type\":\"ListItem\",\"position\":1,\"name\":\"Home\",\"item\":\"https:\/\/www.szenik.eu\/de\"},{\"@type\":\"ListItem\",\"position\":2,\"name\":\"szenik inmitten einer wunderbaren Gesellschaft\"}]},{\"@type\":\"WebSite\",\"@id\":\"https:\/\/www.szenik.eu\/de\/#website\",\"url\":\"https:\/\/www.szenik.eu\/de\/\",\"name\":\"szenik\",\"description\":\"Le Meilleur des sc\u00e8nes au coeur de l&#039;Europe\",\"publisher\":{\"@id\":\"https:\/\/www.szenik.eu\/de\/#organization\"},\"potentialAction\":[{\"@type\":\"SearchAction\",\"target\":{\"@type\":\"EntryPoint\",\"urlTemplate\":\"https:\/\/www.szenik.eu\/de\/?s={search_term_string}\"},\"query-input\":\"required name=search_term_string\"}],\"inLanguage\":\"de\"},{\"@type\":\"Organization\",\"@id\":\"https:\/\/www.szenik.eu\/de\/#organization\",\"name\":\"Szenik\",\"url\":\"https:\/\/www.szenik.eu\/de\/\",\"logo\":{\"@type\":\"ImageObject\",\"inLanguage\":\"de\",\"@id\":\"https:\/\/www.szenik.eu\/de\/#\/schema\/logo\/image\/\",\"url\":\"https:\/\/www.szenik.eu\/wp-content\/uploads\/2019\/07\/logo-square.png\",\"contentUrl\":\"https:\/\/www.szenik.eu\/wp-content\/uploads\/2019\/07\/logo-square.png\",\"width\":512,\"height\":512,\"caption\":\"Szenik\"},\"image\":{\"@id\":\"https:\/\/www.szenik.eu\/de\/#\/schema\/logo\/image\/\"},\"sameAs\":[\"https:\/\/www.facebook.com\/szenik.eu\/\",\"https:\/\/twitter.com\/Szenik\",\"https:\/\/www.instagram.com\/szenik_magazine\/\",\"https:\/\/www.youtube.com\/user\/SzenikEU\/\"]},{\"@type\":\"Person\",\"@id\":\"https:\/\/www.szenik.eu\/de\/#\/schema\/person\/425e4f17ab5b4f361ed1a0c194180c43\",\"name\":\"Jenny Lippmann\",\"image\":{\"@type\":\"ImageObject\",\"inLanguage\":\"de\",\"@id\":\"https:\/\/www.szenik.eu\/de\/#\/schema\/person\/image\/\",\"url\":\"https:\/\/secure.gravatar.com\/avatar\/1cf2c6ce8b5e3cab7b86a97931c9f97e?s=96&d=mm&r=g\",\"contentUrl\":\"https:\/\/secure.gravatar.com\/avatar\/1cf2c6ce8b5e3cab7b86a97931c9f97e?s=96&d=mm&r=g\",\"caption\":\"Jenny Lippmann\"}}]}<\/script>\n<!-- \/ Yoast SEO plugin. -->","yoast_head_json":{"title":"Festival: Rock, Pop, Jazz \u2013 Reims hat sie alle! I szenik","description":"Zum ersten Mal findet in Reims das Festival La magnifique Society statt. Die eingeladenen K\u00fcnstler, das Rahmenprogramm und der Veranstaltungsort werden die Pflaster der gem\u00fctlichen Stadt zum Tanzen bringen.","robots":{"index":"index","follow":"follow","max-snippet":"max-snippet:-1","max-image-preview":"max-image-preview:large","max-video-preview":"max-video-preview:-1"},"canonical":"https:\/\/www.szenik.eu\/de\/szenik-inmitten-einer-wunderbaren-gesellschaft-16147","og_locale":"de_DE","og_type":"article","og_title":"Festival: Rock, Pop, Jazz \u2013 Reims hat sie alle! I szenik","og_description":"Zum ersten Mal findet in Reims das Festival La magnifique Society statt. Die eingeladenen K\u00fcnstler, das Rahmenprogramm und der Veranstaltungsort werden die Pflaster der gem\u00fctlichen Stadt zum Tanzen bringen.","og_url":"https:\/\/www.szenik.eu\/de\/szenik-inmitten-einer-wunderbaren-gesellschaft-16147","og_site_name":"szenik","article_publisher":"https:\/\/www.facebook.com\/szenik.eu\/","article_published_time":"2017-05-10T12:49:09+00:00","article_modified_time":"2019-08-13T13:31:07+00:00","og_image":[{"width":512,"height":512,"url":"https:\/\/www.szenik.eu\/wp-content\/uploads\/2019\/07\/logo-square.png","type":"image\/png"}],"author":"Jenny Lippmann","twitter_card":"summary_large_image","twitter_creator":"@Szenik","twitter_site":"@Szenik","twitter_misc":{"Verfasst von":"Jenny Lippmann","Gesch\u00e4tzte Lesezeit":"8\u00a0Minuten"},"schema":{"@context":"https:\/\/schema.org","@graph":[{"@type":"Article","@id":"https:\/\/www.szenik.eu\/de\/szenik-inmitten-einer-wunderbaren-gesellschaft-16147#article","isPartOf":{"@id":"https:\/\/www.szenik.eu\/de\/szenik-inmitten-einer-wunderbaren-gesellschaft-16147"},"author":{"name":"Jenny Lippmann","@id":"https:\/\/www.szenik.eu\/de\/#\/schema\/person\/425e4f17ab5b4f361ed1a0c194180c43"},"headline":"szenik inmitten einer wunderbaren Gesellschaft","datePublished":"2017-05-10T12:49:09+00:00","dateModified":"2019-08-13T13:31:07+00:00","mainEntityOfPage":{"@id":"https:\/\/www.szenik.eu\/de\/szenik-inmitten-einer-wunderbaren-gesellschaft-16147"},"wordCount":1597,"commentCount":0,"publisher":{"@id":"https:\/\/www.szenik.eu\/de\/#organization"},"keywords":["C\u00e9dric Ch\u00e9minaud","Festival","la magnifique society","Reims"],"articleSection":["Portr\u00e4ts und Gespr\u00e4che"],"inLanguage":"de","potentialAction":[{"@type":"CommentAction","name":"Comment","target":["https:\/\/www.szenik.eu\/de\/szenik-inmitten-einer-wunderbaren-gesellschaft-16147#respond"]}]},{"@type":"WebPage","@id":"https:\/\/www.szenik.eu\/de\/szenik-inmitten-einer-wunderbaren-gesellschaft-16147","url":"https:\/\/www.szenik.eu\/de\/szenik-inmitten-einer-wunderbaren-gesellschaft-16147","name":"Festival: Rock, Pop, Jazz \u2013 Reims hat sie alle! I szenik","isPartOf":{"@id":"https:\/\/www.szenik.eu\/de\/#website"},"datePublished":"2017-05-10T12:49:09+00:00","dateModified":"2019-08-13T13:31:07+00:00","description":"Zum ersten Mal findet in Reims das Festival La magnifique Society statt. Die eingeladenen K\u00fcnstler, das Rahmenprogramm und der Veranstaltungsort werden die Pflaster der gem\u00fctlichen Stadt zum Tanzen bringen.","breadcrumb":{"@id":"https:\/\/www.szenik.eu\/de\/szenik-inmitten-einer-wunderbaren-gesellschaft-16147#breadcrumb"},"inLanguage":"de","potentialAction":[{"@type":"ReadAction","target":["https:\/\/www.szenik.eu\/de\/szenik-inmitten-einer-wunderbaren-gesellschaft-16147"]}]},{"@type":"BreadcrumbList","@id":"https:\/\/www.szenik.eu\/de\/szenik-inmitten-einer-wunderbaren-gesellschaft-16147#breadcrumb","itemListElement":[{"@type":"ListItem","position":1,"name":"Home","item":"https:\/\/www.szenik.eu\/de"},{"@type":"ListItem","position":2,"name":"szenik inmitten einer wunderbaren Gesellschaft"}]},{"@type":"WebSite","@id":"https:\/\/www.szenik.eu\/de\/#website","url":"https:\/\/www.szenik.eu\/de\/","name":"szenik","description":"Le Meilleur des sc\u00e8nes au coeur de l&#039;Europe","publisher":{"@id":"https:\/\/www.szenik.eu\/de\/#organization"},"potentialAction":[{"@type":"SearchAction","target":{"@type":"EntryPoint","urlTemplate":"https:\/\/www.szenik.eu\/de\/?s={search_term_string}"},"query-input":"required name=search_term_string"}],"inLanguage":"de"},{"@type":"Organization","@id":"https:\/\/www.szenik.eu\/de\/#organization","name":"Szenik","url":"https:\/\/www.szenik.eu\/de\/","logo":{"@type":"ImageObject","inLanguage":"de","@id":"https:\/\/www.szenik.eu\/de\/#\/schema\/logo\/image\/","url":"https:\/\/www.szenik.eu\/wp-content\/uploads\/2019\/07\/logo-square.png","contentUrl":"https:\/\/www.szenik.eu\/wp-content\/uploads\/2019\/07\/logo-square.png","width":512,"height":512,"caption":"Szenik"},"image":{"@id":"https:\/\/www.szenik.eu\/de\/#\/schema\/logo\/image\/"},"sameAs":["https:\/\/www.facebook.com\/szenik.eu\/","https:\/\/twitter.com\/Szenik","https:\/\/www.instagram.com\/szenik_magazine\/","https:\/\/www.youtube.com\/user\/SzenikEU\/"]},{"@type":"Person","@id":"https:\/\/www.szenik.eu\/de\/#\/schema\/person\/425e4f17ab5b4f361ed1a0c194180c43","name":"Jenny Lippmann","image":{"@type":"ImageObject","inLanguage":"de","@id":"https:\/\/www.szenik.eu\/de\/#\/schema\/person\/image\/","url":"https:\/\/secure.gravatar.com\/avatar\/1cf2c6ce8b5e3cab7b86a97931c9f97e?s=96&d=mm&r=g","contentUrl":"https:\/\/secure.gravatar.com\/avatar\/1cf2c6ce8b5e3cab7b86a97931c9f97e?s=96&d=mm&r=g","caption":"Jenny Lippmann"}}]}},"jetpack_featured_media_url":"https:\/\/www.szenik.eu\/wp-content\/uploads\/older\/magazine\/cac_\/010benjamin_segura_cedric_dsf0403!_670x375!_1!_162x366!_828x462!_FFFFFF.jpg","amp_enabled":true,"_links":{"self":[{"href":"https:\/\/www.szenik.eu\/de\/wp-json\/\/wp\/v2\/posts\/16147"}],"collection":[{"href":"https:\/\/www.szenik.eu\/de\/wp-json\/\/wp\/v2\/posts"}],"about":[{"href":"https:\/\/www.szenik.eu\/de\/wp-json\/\/wp\/v2\/types\/post"}],"author":[{"embeddable":true,"href":"https:\/\/www.szenik.eu\/de\/wp-json\/\/wp\/v2\/users\/5"}],"replies":[{"embeddable":true,"href":"https:\/\/www.szenik.eu\/de\/wp-json\/\/wp\/v2\/comments?post=16147"}],"version-history":[{"count":1,"href":"https:\/\/www.szenik.eu\/de\/wp-json\/\/wp\/v2\/posts\/16147\/revisions"}],"predecessor-version":[{"id":22705,"href":"https:\/\/www.szenik.eu\/de\/wp-json\/\/wp\/v2\/posts\/16147\/revisions\/22705"}],"wp:featuredmedia":[{"embeddable":true,"href":"https:\/\/www.szenik.eu\/de\/wp-json\/\/wp\/v2\/media\/16148"}],"wp:attachment":[{"href":"https:\/\/www.szenik.eu\/de\/wp-json\/\/wp\/v2\/media?parent=16147"}],"wp:term":[{"taxonomy":"category","embeddable":true,"href":"https:\/\/www.szenik.eu\/de\/wp-json\/\/wp\/v2\/categories?post=16147"},{"taxonomy":"post_tag","embeddable":true,"href":"https:\/\/www.szenik.eu\/de\/wp-json\/\/wp\/v2\/tags?post=16147"}],"curies":[{"name":"wp","href":"https:\/\/api.w.org\/{rel}","templated":true}]}}