{"id":16139,"date":"2017-03-29T16:22:14","date_gmt":"2017-03-29T14:22:14","guid":{"rendered":"http:\/\/localhost:8080\/?p=16139"},"modified":"2019-08-13T15:33:03","modified_gmt":"2019-08-13T13:33:03","slug":"inmitten-des-tanzes-interview-mit-radhouane-el-meddeb","status":"publish","type":"post","link":"https:\/\/www.szenik.eu\/de\/inmitten-des-tanzes-interview-mit-radhouane-el-meddeb-16139","title":{"rendered":"Inmitten des Tanzes: Interview mit Radhouane El Meddeb"},"content":{"rendered":"<p>Auf den B&uuml;hnen an den Ufern des Mittelmeers wird Radhouane El Meddeb es nicht m&uuml;de im engsten Kreis oder im Kollektiv zu tanzen oder Menschen tanzen zu lassen.<\/p>\n<p>Nach seinem ergreifenden Solo <a href=\"\/de\/Tanz\/mon-pere-une-derniere-danse-un-premier-baiser-Letzte-Hommage-3072\" target=\"_blank\" rel=\"noopener noreferrer\"><em>&Agrave; mon p&egrave;re, une derni&egrave;re danse et un premier baiser<\/em><\/a>, das er vor zwei Wochen im P&ocirc;le Sud pr&auml;sentierte, kommt der Choreograph zur&uuml;ck ins Maillon nach Stra&szlig;burg, um <em>Heroes<\/em> vorzustellen.<\/p>\n<p>Er hat dieses St&uuml;ck konzipiert, indem er junge Interpreten auf dem Vorplatz des CENTQUATRE in Paris beobachtet hat. Break-Dancer, Vogueurs, Hip-Hopper, inspirierten ihn mit ihrem Lebenstrieb, ihren lebhaften Bewegungen und ihren prononcierten W&uuml;nschen. Er versucht, zu verstehen, was sich auf dieser Asphaltb&uuml;hne abspielt, die seinem poetischen Universum fremd ist, in diesem improvisierten Kreis, in den sie sich werfen, zerbrechlich, manchmal verloren, auf der Suche nach dem anderen. Indem er die Details dieser Vitalit&auml;t bekr&auml;ftigt, die seine Vision von Tanz ver&auml;ndert hat, kreiert er ein Spektakel mit neun dieser fantastischen Helden des urbanen Tanzes.<\/p>\n<p>Wir hatten bei der Pr&auml;sentation von <em>Heroes &ndash; fragment campus<\/em>, einer Performance von vier T&auml;nzern (Brice Rouchet, Kim Evin, Arnaud Duprat und William Delahaye) auf dem Universit&auml;tscampus in Stra&szlig;burg, die Gelegenheit, den Choreographen zu treffen. Wir konnten mit ihm an den Ort der Weitergabe seiner choreographischen Arbeit zur&uuml;ckkehren, zur Dringlichkeit des Tanzes, und was ihn dazu gebracht hat, am Projekt <em>Heroes<\/em> zu arbeiten, mit T&auml;nzern und T&auml;nzerinnen aus dem urbanen Tanz, mit denen er lange in Kontakt stand, die er beobachtet hat, um herauszufinden, was sie voneinander entfernen, aber vor allem sie einander ann&auml;hern k&ouml;nnte.<iframe loading=\"lazy\" src=\"https:\/\/www.youtube.com\/embed\/A16Kcxycy3E\" frameborder=\"0\" width=\"670\" height=\"377\"><\/iframe><\/p>\n<p style=\"text-align: right;\"><em>Interview f&uuml;r szenik von Alain Walther<em>n in franz&ouml;sischer Sprache<\/em>, am Dienstag, dem 28.M&auml;rz 2017, auf dem Campus der Universit&auml;t Stra&szlig;burg. <\/em><em>In der Fr&uuml;hlingssonne und mit St&ouml;rungen durch den Wind im M&eacute;takiosque, einer Skulptur von S&eacute;verine Hubard.<\/em><\/p>\n<p>&nbsp;<\/p>\n<p><em>Heroes&nbsp;<\/em>von Radhouane El Meddeb<\/p>\n<p>La compagnie de SOI<br \/>Interpreten: Aston Bonaparte, William&nbsp;Delahaye, Annabelle Kabemba, Smail&nbsp;Kanoute, Brice&nbsp;Rouchet, Kim&nbsp;Evin, Arnaud Duprat, Sandra&nbsp;Sainte Rose, Dimitri Vandal.<\/p>\n<p><a href=\"\/de\/Tanz\/Heroes-Beschrankung-und-Zusammenarbeit-3129\" target=\"_blank\" rel=\"noopener noreferrer\"><strong>29. bis 31. M&auml;rz 2017 im Maillon in Stra&szlig;burg&nbsp;<\/strong><\/a><\/p>\n<p><a href=\"\/de\/Tanz\/Heroes-Beschrankung-und-Zusammenarbeit-3129\" target=\"_blank\" rel=\"noopener noreferrer\"><strong>Unser Artikel:&nbsp;Heroes&nbsp;<\/strong><\/a><\/p>\n<p><a href=\"\/de\/Tanz\/Heroes-Beschrankung-und-Zusammenarbeit-3129\" target=\"_blank\" rel=\"noopener noreferrer\"><strong><img decoding=\"async\" loading=\"lazy\" src=\"\/wp-content\/uploads\/older\/danse\/170329_danse_heroes_maillon.jpg\" alt=\"\" width=\"150\" height=\"84\" \/><\/strong><\/a><\/p>\n<p class=\"title-block bg-colored\">Weitere Informationen<\/p>\n<ul>\n<li><a href=\"http:\/\/www.maillon.eu\/spectacle\/166\/heroes\" target=\"_blank\" rel=\"noopener noreferrer\"><strong>&nbsp;Das Schauspiel auf der Homepage des Maillon<\/strong><\/a><\/li>\n<li><strong><a href=\"http:\/\/www.lacompagniedesoi.com\/radhouane-el-meddeb\/\" target=\"_blank\" rel=\"noopener noreferrer\">Die Homepage der Compagnie de Soi<\/a>&nbsp;<\/strong><\/li>\n<li><a href=\"https:\/\/www.facebook.com\/szenik.eu\/videos\/1386208328110334\/\" target=\"_blank\" rel=\"noopener noreferrer\"><strong>Die Aufnahme von szenik im Facebook live von&nbsp;<em>Heroes &#8211; fragment campus&nbsp;<\/em>im Patio der Universit&auml;t Stra&szlig;burg<\/strong><\/a><\/li>\n<\/ul>\n","protected":false},"excerpt":{"rendered":"<p>Auf den B&uuml;hnen an den Ufern des Mittelmeers wird Radhouane El Meddeb es nicht m&uuml;de im engsten Kreis oder im Kollektiv zu tanzen oder Menschen tanzen zu lassen.<\/p>\n","protected":false},"author":2,"featured_media":16140,"comment_status":"open","ping_status":"closed","sticky":false,"template":"","format":"standard","meta":{"_monsterinsights_skip_tracking":false,"_monsterinsights_sitenote_active":false,"_monsterinsights_sitenote_note":"","_monsterinsights_sitenote_category":0},"categories":[73],"tags":[2882,2749,2883,2161],"yoast_head":"<!-- This site is optimized with the Yoast SEO plugin v20.5 - https:\/\/yoast.com\/wordpress\/plugins\/seo\/ -->\n<title>Inmitten des Tanzes: Interview mit Radhouane El Meddeb<\/title>\n<meta name=\"description\" content=\"Auf den B\u00fchnen an den Ufern des Mittelmeers wird Radhouane El Meddeb es nicht m\u00fcde im engsten Kreis oder im Kollektiv zu tanzen oder Menschen tanzen zu lassen.\" \/>\n<meta name=\"robots\" content=\"index, follow, max-snippet:-1, max-image-preview:large, max-video-preview:-1\" \/>\n<link rel=\"canonical\" href=\"https:\/\/www.szenik.eu\/de\/inmitten-des-tanzes-interview-mit-radhouane-el-meddeb-16139\" \/>\n<meta property=\"og:locale\" content=\"de_DE\" \/>\n<meta property=\"og:type\" content=\"article\" \/>\n<meta property=\"og:title\" content=\"Inmitten des Tanzes: Interview mit Radhouane El Meddeb\" \/>\n<meta property=\"og:description\" content=\"Auf den B\u00fchnen an den Ufern des Mittelmeers wird Radhouane El Meddeb es nicht m\u00fcde im engsten Kreis oder im Kollektiv zu tanzen oder Menschen tanzen zu lassen.\" \/>\n<meta property=\"og:url\" content=\"https:\/\/www.szenik.eu\/de\/inmitten-des-tanzes-interview-mit-radhouane-el-meddeb-16139\" \/>\n<meta property=\"og:site_name\" content=\"szenik\" \/>\n<meta property=\"article:publisher\" content=\"https:\/\/www.facebook.com\/szenik.eu\/\" \/>\n<meta property=\"article:published_time\" content=\"2017-03-29T14:22:14+00:00\" \/>\n<meta property=\"article:modified_time\" content=\"2019-08-13T13:33:03+00:00\" \/>\n<meta property=\"og:image\" content=\"https:\/\/www.szenik.eu\/wp-content\/uploads\/older\/magazine\/cac_\/170329_radhouaneelmeddeb!_670x375!_1!_0x0!_0!_FFFFFF.jpeg\" \/>\n\t<meta property=\"og:image:width\" content=\"1\" \/>\n\t<meta property=\"og:image:height\" content=\"1\" \/>\n\t<meta property=\"og:image:type\" content=\"image\/jpeg\" \/>\n<meta name=\"author\" content=\"Alain Walther\" \/>\n<meta name=\"twitter:card\" content=\"summary_large_image\" \/>\n<meta name=\"twitter:creator\" content=\"@Szenik\" \/>\n<meta name=\"twitter:site\" content=\"@Szenik\" \/>\n<meta name=\"twitter:label1\" content=\"Verfasst von\" \/>\n\t<meta name=\"twitter:data1\" content=\"Alain Walther\" \/>\n\t<meta name=\"twitter:label2\" content=\"Gesch\u00e4tzte Lesezeit\" \/>\n\t<meta name=\"twitter:data2\" content=\"2\u00a0Minuten\" \/>\n<script type=\"application\/ld+json\" class=\"yoast-schema-graph\">{\"@context\":\"https:\/\/schema.org\",\"@graph\":[{\"@type\":\"Article\",\"@id\":\"https:\/\/www.szenik.eu\/de\/inmitten-des-tanzes-interview-mit-radhouane-el-meddeb-16139#article\",\"isPartOf\":{\"@id\":\"https:\/\/www.szenik.eu\/de\/inmitten-des-tanzes-interview-mit-radhouane-el-meddeb-16139\"},\"author\":{\"name\":\"Alain Walther\",\"@id\":\"https:\/\/www.szenik.eu\/de\/#\/schema\/person\/221d3baa595b8eca2dba9ed4b3465249\"},\"headline\":\"Inmitten des Tanzes: Interview mit Radhouane El Meddeb\",\"datePublished\":\"2017-03-29T14:22:14+00:00\",\"dateModified\":\"2019-08-13T13:33:03+00:00\",\"mainEntityOfPage\":{\"@id\":\"https:\/\/www.szenik.eu\/de\/inmitten-des-tanzes-interview-mit-radhouane-el-meddeb-16139\"},\"wordCount\":448,\"commentCount\":0,\"publisher\":{\"@id\":\"https:\/\/www.szenik.eu\/de\/#organization\"},\"keywords\":[\"Heroes\",\"Radhouane El Meddeb\",\"Stra\u00dfburg\",\"Tanz\"],\"articleSection\":[\"Portr\u00e4ts und Gespr\u00e4che\"],\"inLanguage\":\"de\",\"potentialAction\":[{\"@type\":\"CommentAction\",\"name\":\"Comment\",\"target\":[\"https:\/\/www.szenik.eu\/de\/inmitten-des-tanzes-interview-mit-radhouane-el-meddeb-16139#respond\"]}]},{\"@type\":\"WebPage\",\"@id\":\"https:\/\/www.szenik.eu\/de\/inmitten-des-tanzes-interview-mit-radhouane-el-meddeb-16139\",\"url\":\"https:\/\/www.szenik.eu\/de\/inmitten-des-tanzes-interview-mit-radhouane-el-meddeb-16139\",\"name\":\"Inmitten des Tanzes: Interview mit Radhouane El Meddeb\",\"isPartOf\":{\"@id\":\"https:\/\/www.szenik.eu\/de\/#website\"},\"datePublished\":\"2017-03-29T14:22:14+00:00\",\"dateModified\":\"2019-08-13T13:33:03+00:00\",\"description\":\"Auf den B\u00fchnen an den Ufern des Mittelmeers wird Radhouane El Meddeb es nicht m\u00fcde im engsten Kreis oder im Kollektiv zu tanzen oder Menschen tanzen zu lassen.\",\"breadcrumb\":{\"@id\":\"https:\/\/www.szenik.eu\/de\/inmitten-des-tanzes-interview-mit-radhouane-el-meddeb-16139#breadcrumb\"},\"inLanguage\":\"de\",\"potentialAction\":[{\"@type\":\"ReadAction\",\"target\":[\"https:\/\/www.szenik.eu\/de\/inmitten-des-tanzes-interview-mit-radhouane-el-meddeb-16139\"]}]},{\"@type\":\"BreadcrumbList\",\"@id\":\"https:\/\/www.szenik.eu\/de\/inmitten-des-tanzes-interview-mit-radhouane-el-meddeb-16139#breadcrumb\",\"itemListElement\":[{\"@type\":\"ListItem\",\"position\":1,\"name\":\"Home\",\"item\":\"https:\/\/www.szenik.eu\/de\"},{\"@type\":\"ListItem\",\"position\":2,\"name\":\"Inmitten des Tanzes: Interview mit Radhouane El Meddeb\"}]},{\"@type\":\"WebSite\",\"@id\":\"https:\/\/www.szenik.eu\/de\/#website\",\"url\":\"https:\/\/www.szenik.eu\/de\/\",\"name\":\"szenik\",\"description\":\"Le Meilleur des sc\u00e8nes au coeur de l&#039;Europe\",\"publisher\":{\"@id\":\"https:\/\/www.szenik.eu\/de\/#organization\"},\"potentialAction\":[{\"@type\":\"SearchAction\",\"target\":{\"@type\":\"EntryPoint\",\"urlTemplate\":\"https:\/\/www.szenik.eu\/de\/?s={search_term_string}\"},\"query-input\":\"required name=search_term_string\"}],\"inLanguage\":\"de\"},{\"@type\":\"Organization\",\"@id\":\"https:\/\/www.szenik.eu\/de\/#organization\",\"name\":\"Szenik\",\"url\":\"https:\/\/www.szenik.eu\/de\/\",\"logo\":{\"@type\":\"ImageObject\",\"inLanguage\":\"de\",\"@id\":\"https:\/\/www.szenik.eu\/de\/#\/schema\/logo\/image\/\",\"url\":\"https:\/\/www.szenik.eu\/wp-content\/uploads\/2019\/07\/logo-square.png\",\"contentUrl\":\"https:\/\/www.szenik.eu\/wp-content\/uploads\/2019\/07\/logo-square.png\",\"width\":512,\"height\":512,\"caption\":\"Szenik\"},\"image\":{\"@id\":\"https:\/\/www.szenik.eu\/de\/#\/schema\/logo\/image\/\"},\"sameAs\":[\"https:\/\/www.facebook.com\/szenik.eu\/\",\"https:\/\/twitter.com\/Szenik\",\"https:\/\/www.instagram.com\/szenik_magazine\/\",\"https:\/\/www.youtube.com\/user\/SzenikEU\/\"]},{\"@type\":\"Person\",\"@id\":\"https:\/\/www.szenik.eu\/de\/#\/schema\/person\/221d3baa595b8eca2dba9ed4b3465249\",\"name\":\"Alain Walther\",\"image\":{\"@type\":\"ImageObject\",\"inLanguage\":\"de\",\"@id\":\"https:\/\/www.szenik.eu\/de\/#\/schema\/person\/image\/\",\"url\":\"https:\/\/secure.gravatar.com\/avatar\/b253649c17cab57dea30d0b5804fadfb?s=96&d=mm&r=g\",\"contentUrl\":\"https:\/\/secure.gravatar.com\/avatar\/b253649c17cab57dea30d0b5804fadfb?s=96&d=mm&r=g\",\"caption\":\"Alain Walther\"}}]}<\/script>\n<!-- \/ Yoast SEO plugin. -->","yoast_head_json":{"title":"Inmitten des Tanzes: Interview mit Radhouane El Meddeb","description":"Auf den B\u00fchnen an den Ufern des Mittelmeers wird Radhouane El Meddeb es nicht m\u00fcde im engsten Kreis oder im Kollektiv zu tanzen oder Menschen tanzen zu lassen.","robots":{"index":"index","follow":"follow","max-snippet":"max-snippet:-1","max-image-preview":"max-image-preview:large","max-video-preview":"max-video-preview:-1"},"canonical":"https:\/\/www.szenik.eu\/de\/inmitten-des-tanzes-interview-mit-radhouane-el-meddeb-16139","og_locale":"de_DE","og_type":"article","og_title":"Inmitten des Tanzes: Interview mit Radhouane El Meddeb","og_description":"Auf den B\u00fchnen an den Ufern des Mittelmeers wird Radhouane El Meddeb es nicht m\u00fcde im engsten Kreis oder im Kollektiv zu tanzen oder Menschen tanzen zu lassen.","og_url":"https:\/\/www.szenik.eu\/de\/inmitten-des-tanzes-interview-mit-radhouane-el-meddeb-16139","og_site_name":"szenik","article_publisher":"https:\/\/www.facebook.com\/szenik.eu\/","article_published_time":"2017-03-29T14:22:14+00:00","article_modified_time":"2019-08-13T13:33:03+00:00","og_image":[{"url":"https:\/\/www.szenik.eu\/wp-content\/uploads\/older\/magazine\/cac_\/170329_radhouaneelmeddeb!_670x375!_1!_0x0!_0!_FFFFFF.jpeg","width":1,"height":1,"type":"image\/jpeg"}],"author":"Alain Walther","twitter_card":"summary_large_image","twitter_creator":"@Szenik","twitter_site":"@Szenik","twitter_misc":{"Verfasst von":"Alain Walther","Gesch\u00e4tzte Lesezeit":"2\u00a0Minuten"},"schema":{"@context":"https:\/\/schema.org","@graph":[{"@type":"Article","@id":"https:\/\/www.szenik.eu\/de\/inmitten-des-tanzes-interview-mit-radhouane-el-meddeb-16139#article","isPartOf":{"@id":"https:\/\/www.szenik.eu\/de\/inmitten-des-tanzes-interview-mit-radhouane-el-meddeb-16139"},"author":{"name":"Alain Walther","@id":"https:\/\/www.szenik.eu\/de\/#\/schema\/person\/221d3baa595b8eca2dba9ed4b3465249"},"headline":"Inmitten des Tanzes: Interview mit Radhouane El Meddeb","datePublished":"2017-03-29T14:22:14+00:00","dateModified":"2019-08-13T13:33:03+00:00","mainEntityOfPage":{"@id":"https:\/\/www.szenik.eu\/de\/inmitten-des-tanzes-interview-mit-radhouane-el-meddeb-16139"},"wordCount":448,"commentCount":0,"publisher":{"@id":"https:\/\/www.szenik.eu\/de\/#organization"},"keywords":["Heroes","Radhouane El Meddeb","Stra\u00dfburg","Tanz"],"articleSection":["Portr\u00e4ts und Gespr\u00e4che"],"inLanguage":"de","potentialAction":[{"@type":"CommentAction","name":"Comment","target":["https:\/\/www.szenik.eu\/de\/inmitten-des-tanzes-interview-mit-radhouane-el-meddeb-16139#respond"]}]},{"@type":"WebPage","@id":"https:\/\/www.szenik.eu\/de\/inmitten-des-tanzes-interview-mit-radhouane-el-meddeb-16139","url":"https:\/\/www.szenik.eu\/de\/inmitten-des-tanzes-interview-mit-radhouane-el-meddeb-16139","name":"Inmitten des Tanzes: Interview mit Radhouane El Meddeb","isPartOf":{"@id":"https:\/\/www.szenik.eu\/de\/#website"},"datePublished":"2017-03-29T14:22:14+00:00","dateModified":"2019-08-13T13:33:03+00:00","description":"Auf den B\u00fchnen an den Ufern des Mittelmeers wird Radhouane El Meddeb es nicht m\u00fcde im engsten Kreis oder im Kollektiv zu tanzen oder Menschen tanzen zu lassen.","breadcrumb":{"@id":"https:\/\/www.szenik.eu\/de\/inmitten-des-tanzes-interview-mit-radhouane-el-meddeb-16139#breadcrumb"},"inLanguage":"de","potentialAction":[{"@type":"ReadAction","target":["https:\/\/www.szenik.eu\/de\/inmitten-des-tanzes-interview-mit-radhouane-el-meddeb-16139"]}]},{"@type":"BreadcrumbList","@id":"https:\/\/www.szenik.eu\/de\/inmitten-des-tanzes-interview-mit-radhouane-el-meddeb-16139#breadcrumb","itemListElement":[{"@type":"ListItem","position":1,"name":"Home","item":"https:\/\/www.szenik.eu\/de"},{"@type":"ListItem","position":2,"name":"Inmitten des Tanzes: Interview mit Radhouane El Meddeb"}]},{"@type":"WebSite","@id":"https:\/\/www.szenik.eu\/de\/#website","url":"https:\/\/www.szenik.eu\/de\/","name":"szenik","description":"Le Meilleur des sc\u00e8nes au coeur de l&#039;Europe","publisher":{"@id":"https:\/\/www.szenik.eu\/de\/#organization"},"potentialAction":[{"@type":"SearchAction","target":{"@type":"EntryPoint","urlTemplate":"https:\/\/www.szenik.eu\/de\/?s={search_term_string}"},"query-input":"required name=search_term_string"}],"inLanguage":"de"},{"@type":"Organization","@id":"https:\/\/www.szenik.eu\/de\/#organization","name":"Szenik","url":"https:\/\/www.szenik.eu\/de\/","logo":{"@type":"ImageObject","inLanguage":"de","@id":"https:\/\/www.szenik.eu\/de\/#\/schema\/logo\/image\/","url":"https:\/\/www.szenik.eu\/wp-content\/uploads\/2019\/07\/logo-square.png","contentUrl":"https:\/\/www.szenik.eu\/wp-content\/uploads\/2019\/07\/logo-square.png","width":512,"height":512,"caption":"Szenik"},"image":{"@id":"https:\/\/www.szenik.eu\/de\/#\/schema\/logo\/image\/"},"sameAs":["https:\/\/www.facebook.com\/szenik.eu\/","https:\/\/twitter.com\/Szenik","https:\/\/www.instagram.com\/szenik_magazine\/","https:\/\/www.youtube.com\/user\/SzenikEU\/"]},{"@type":"Person","@id":"https:\/\/www.szenik.eu\/de\/#\/schema\/person\/221d3baa595b8eca2dba9ed4b3465249","name":"Alain Walther","image":{"@type":"ImageObject","inLanguage":"de","@id":"https:\/\/www.szenik.eu\/de\/#\/schema\/person\/image\/","url":"https:\/\/secure.gravatar.com\/avatar\/b253649c17cab57dea30d0b5804fadfb?s=96&d=mm&r=g","contentUrl":"https:\/\/secure.gravatar.com\/avatar\/b253649c17cab57dea30d0b5804fadfb?s=96&d=mm&r=g","caption":"Alain Walther"}}]}},"jetpack_featured_media_url":"https:\/\/www.szenik.eu\/wp-content\/uploads\/older\/magazine\/cac_\/170329_radhouaneelmeddeb!_670x375!_1!_0x0!_0!_FFFFFF.jpeg","amp_enabled":true,"_links":{"self":[{"href":"https:\/\/www.szenik.eu\/de\/wp-json\/\/wp\/v2\/posts\/16139"}],"collection":[{"href":"https:\/\/www.szenik.eu\/de\/wp-json\/\/wp\/v2\/posts"}],"about":[{"href":"https:\/\/www.szenik.eu\/de\/wp-json\/\/wp\/v2\/types\/post"}],"author":[{"embeddable":true,"href":"https:\/\/www.szenik.eu\/de\/wp-json\/\/wp\/v2\/users\/2"}],"replies":[{"embeddable":true,"href":"https:\/\/www.szenik.eu\/de\/wp-json\/\/wp\/v2\/comments?post=16139"}],"version-history":[{"count":1,"href":"https:\/\/www.szenik.eu\/de\/wp-json\/\/wp\/v2\/posts\/16139\/revisions"}],"predecessor-version":[{"id":22708,"href":"https:\/\/www.szenik.eu\/de\/wp-json\/\/wp\/v2\/posts\/16139\/revisions\/22708"}],"wp:featuredmedia":[{"embeddable":true,"href":"https:\/\/www.szenik.eu\/de\/wp-json\/\/wp\/v2\/media\/16140"}],"wp:attachment":[{"href":"https:\/\/www.szenik.eu\/de\/wp-json\/\/wp\/v2\/media?parent=16139"}],"wp:term":[{"taxonomy":"category","embeddable":true,"href":"https:\/\/www.szenik.eu\/de\/wp-json\/\/wp\/v2\/categories?post=16139"},{"taxonomy":"post_tag","embeddable":true,"href":"https:\/\/www.szenik.eu\/de\/wp-json\/\/wp\/v2\/tags?post=16139"}],"curies":[{"name":"wp","href":"https:\/\/api.w.org\/{rel}","templated":true}]}}